{"id":8595,"date":"2019-11-20T12:01:27","date_gmt":"2019-11-20T11:01:27","guid":{"rendered":"https:\/\/www.organisator.ch\/?p=6055"},"modified":"2019-11-20T12:01:27","modified_gmt":"2019-11-20T11:01:27","slug":"verrechnungssteuergesetz-bundesgericht-schuetzt-steuerzahler","status":"publish","type":"post","link":"https:\/\/www.organisator.ch\/fr\/management\/finanzen_recht\/2019-11-20\/verrechnungssteuergesetz-bundesgericht-schuetzt-steuerzahler\/","title":{"rendered":"Loi sur l'imp\u00f4t anticip\u00e9 : le Tribunal f\u00e9d\u00e9ral prot\u00e8ge les contribuables"},"content":{"rendered":"<figure id=\"attachment_6056\" aria-describedby=\"caption-attachment-6056\" style=\"width: 680px\" class=\"wp-caption alignnone\"><img loading=\"lazy\" decoding=\"async\" class=\"size-medium wp-image-6056\" src=\"https:\/\/www.organisator.ch\/wp-content\/uploads\/2019\/11\/Neues-Verrechnungssteuergesetz-Bundesgericht-schuetzt-Steuerzahler_Organisator.jpg\" alt=\"\" width=\"680\" height=\"401\" \/><figcaption id=\"caption-attachment-6056\" class=\"wp-caption-text\">La nouvelle loi sur l'imp\u00f4t anticip\u00e9 permet aux contribuables de r\u00e9clamer l'imp\u00f4t anticip\u00e9 sur les avoirs non d\u00e9clar\u00e9s par inadvertance, m\u00eame apr\u00e8s coup. R\u00e9cemment, le Tribunal f\u00e9d\u00e9ral a d\u00e9j\u00e0 statu\u00e9 \u00e0 plusieurs reprises en faveur des contribuables. (Image : Pixabay.com)<\/figcaption><\/figure>\n<p>Ces derni\u00e8res ann\u00e9es, l'imp\u00f4t anticip\u00e9 \u00e9tait devenu un v\u00e9ritable imp\u00f4t punitif. Les contribuables \u00e9taient d\u00e9j\u00e0 punis de mani\u00e8re exag\u00e9r\u00e9ment s\u00e9v\u00e8re pour des omissions dues \u00e0 la n\u00e9gligence. Pour rem\u00e9dier \u00e0 cette situation, la conseill\u00e8re nationale Daniela Schneeberger, \u00e9galement pr\u00e9sidente de l'association professionnelle Fiduciaire Suisse, a d\u00e9pos\u00e9 en 2016 la motion \"Pas de p\u00e9remption pour l'imp\u00f4t anticip\u00e9\". Ses exigences ont \u00e9t\u00e9 reprises pour la r\u00e9vision de la loi.<\/p>\n<h2>L'imp\u00f4t anticip\u00e9 peut \u00eatre r\u00e9cup\u00e9r\u00e9 plus longtemps<\/h2>\n<p>La nouvelle loi sur l'imp\u00f4t anticip\u00e9 est en vigueur depuis le 1er janvier 2019. Depuis lors, les contribuables peuvent demander le remboursement de l'imp\u00f4t anticip\u00e9 m\u00eame apr\u00e8s coup, \u00e0 condition que les revenus ou la fortune n'aient pas \u00e9t\u00e9 dissimul\u00e9s intentionnellement. La nouvelle r\u00e9glementation s'applique r\u00e9troactivement aux droits n\u00e9s depuis le 1er janvier 2014, pour autant qu'une d\u00e9cision d\u00e9finitive n'ait pas encore \u00e9t\u00e9 rendue \u00e0 ce sujet. Celui qui, en raison d'une erreur, a manqu\u00e9 le d\u00e9lai de remboursement de l'imp\u00f4t anticip\u00e9 peut donc respirer.<\/p>\n<h2>Premiers arr\u00eats du Tribunal f\u00e9d\u00e9ral en faveur des contribuables<\/h2>\n<p>Au cours de cette ann\u00e9e, les premiers arr\u00eats du Tribunal f\u00e9d\u00e9ral ont \u00e9t\u00e9 rendus en faveur des contribuables. Le Tribunal f\u00e9d\u00e9ral constate que l'imp\u00f4t anticip\u00e9 peut \u00eatre r\u00e9clam\u00e9 m\u00eame si les contribuables ont enfreint une obligation de proc\u00e9dure, mais que l'on ne peut reprocher au contribuable ni intention ni n\u00e9gligence. \"Il peut arriver \u00e0 chacun d'entre nous d'oublier de r\u00e9clamer le remboursement de l'imp\u00f4t anticip\u00e9\", sait Daniela Schneeberger. \"Pour les PME en particulier, il peut arriver qu'une 'erreur' se glisse dans la d\u00e9claration parce que l'autorit\u00e9 fiscale n'a corrig\u00e9 l'\u00e9valuation des valeurs de l'entreprise qu'apr\u00e8s coup\". Perdre un tiers des revenus de la fortune \u00e0 cause d'une telle omission serait une sanction totalement inappropri\u00e9e. \"La nouvelle disposition du projet de loi est juste et rel\u00e8ve du bon sens\", confirme Daniela Schneeberger.<\/p>\n<p><em>Source : <a href=\"http:\/\/www.treuhandsuisse.ch\">Fiduciaire Suisse<\/a><\/em><\/p>","protected":false},"excerpt":{"rendered":"<p>In den letzten Jahren war die Verrechnungssteuer zu einer eigentlichen Strafsteuer geworden. Steuerzahler wurden bereits f\u00fcr fahrl\u00e4ssige Vers\u00e4umnisse \u00fcbertrieben hart bestraft. Um den Missstand zu beheben, hat Nationalr\u00e4tin Daniela Schneeberger, gleichzeitig Pr\u00e4sidentin des Branchenverbands Treuhand Suisse, im Jahr 2016 die Motion \u00abKeine Verwirkung bei der Verrechnungssteuer\u00bb eingereicht. Ihre Forderungen wurden f\u00fcr die Gesetzesrevision aufgenommen. Verrechnungssteuer [&hellip;]<\/p>\n","protected":false},"author":4,"featured_media":8507,"comment_status":"closed","ping_status":"closed","sticky":false,"template":"","format":"standard","meta":{"_acf_changed":false,"_yoast_wpseo_focuskw":"Verrechnungssteuergesetz","_yoast_wpseo_metadesc":"Anfang des Jahres 2019 ist das Verrechnungssteuergesetz in Kraft getreten, das deutliche Verbesserungen f\u00fcr Steuerzahlerinnen und -zahler enth\u00e4lt.","articlekey":"","footnotes":""},"categories":[24],"tags":[99,202,241,454],"class_list":["post-8595","post","type-post","status-publish","format-standard","has-post-thumbnail","hentry","category-finanzen_recht","tag-bundesgericht","tag-finanzenrecht","tag-gesetzgebung","tag-steuern"],"acf":[],"yoast_head":"<!-- This site is optimized with the Yoast SEO plugin v27.5 - https:\/\/yoast.com\/product\/yoast-seo-wordpress\/ -->\n<title>Verrechnungssteuergesetz: Bundesgericht sch\u00fctzt Steuerzahler - Organisator<\/title>\n<meta name=\"description\" content=\"Anfang des Jahres 2019 ist das Verrechnungssteuergesetz in Kraft getreten, das deutliche Verbesserungen f\u00fcr Steuerzahlerinnen und -zahler enth\u00e4lt.\" \/>\n<meta name=\"robots\" content=\"index, follow, max-snippet:-1, max-image-preview:large, max-video-preview:-1\" \/>\n<link rel=\"canonical\" href=\"https:\/\/www.organisator.ch\/fr\/gestion-2\/finanzen_recht\/2019-11-20\/verrechnungssteuergesetz-bundesgericht-schuetzt-steuerzahler\/\" \/>\n<meta property=\"og:locale\" content=\"fr_FR\" \/>\n<meta property=\"og:type\" content=\"article\" \/>\n<meta property=\"og:title\" content=\"Verrechnungssteuergesetz: Bundesgericht sch\u00fctzt Steuerzahler\" \/>\n<meta property=\"og:description\" content=\"Anfang des Jahres 2019 ist das Verrechnungssteuergesetz in Kraft getreten, das deutliche Verbesserungen f\u00fcr Steuerzahlerinnen und -zahler enth\u00e4lt.\" \/>\n<meta property=\"og:url\" content=\"https:\/\/www.organisator.ch\/fr\/gestion-2\/finanzen_recht\/2019-11-20\/verrechnungssteuergesetz-bundesgericht-schuetzt-steuerzahler\/\" \/>\n<meta property=\"og:site_name\" content=\"Organisator\" \/>\n<meta property=\"article:publisher\" content=\"https:\/\/www.facebook.com\/OrganisatorFachmagazin\" \/>\n<meta property=\"article:published_time\" content=\"2019-11-20T11:01:27+00:00\" \/>\n<meta property=\"og:image\" content=\"https:\/\/www.organisator.ch\/wp-content\/uploads\/2021\/07\/organisator_2014_11.png\" \/>\n\t<meta property=\"og:image:width\" content=\"654\" \/>\n\t<meta property=\"og:image:height\" content=\"370\" \/>\n\t<meta property=\"og:image:type\" content=\"image\/png\" \/>\n<meta name=\"author\" content=\"thomas.berner\" \/>\n<meta name=\"twitter:card\" content=\"summary_large_image\" \/>\n<meta name=\"twitter:title\" content=\"Verrechnungssteuergesetz: Bundesgericht sch\u00fctzt Steuerzahler\" \/>\n<meta name=\"twitter:description\" content=\"Anfang des Jahres 2019 ist das Verrechnungssteuergesetz in Kraft getreten, das deutliche Verbesserungen f\u00fcr Steuerzahlerinnen und -zahler enth\u00e4lt.\" \/>\n<meta name=\"twitter:image\" content=\"https:\/\/www.organisator.ch\/wp-content\/uploads\/2021\/07\/organisator_2014_11.png\" \/>\n<script type=\"application\/ld+json\" class=\"yoast-schema-graph\">{\"@context\":\"https:\\\/\\\/schema.org\",\"@graph\":[{\"@type\":\"Article\",\"@id\":\"https:\\\/\\\/www.organisator.ch\\\/management\\\/finanzen_recht\\\/2019-11-20\\\/verrechnungssteuergesetz-bundesgericht-schuetzt-steuerzahler\\\/#article\",\"isPartOf\":{\"@id\":\"https:\\\/\\\/www.organisator.ch\\\/management\\\/finanzen_recht\\\/2019-11-20\\\/verrechnungssteuergesetz-bundesgericht-schuetzt-steuerzahler\\\/\"},\"author\":{\"name\":\"thomas.berner\",\"@id\":\"https:\\\/\\\/www.organisator.ch\\\/#\\\/schema\\\/person\\\/6f650f90b2842cd4c0cc334b4e36f67e\"},\"headline\":\"Verrechnungssteuergesetz: Bundesgericht sch\u00fctzt Steuerzahler\",\"datePublished\":\"2019-11-20T11:01:27+00:00\",\"mainEntityOfPage\":{\"@id\":\"https:\\\/\\\/www.organisator.ch\\\/management\\\/finanzen_recht\\\/2019-11-20\\\/verrechnungssteuergesetz-bundesgericht-schuetzt-steuerzahler\\\/\"},\"wordCount\":320,\"publisher\":{\"@id\":\"https:\\\/\\\/www.organisator.ch\\\/#organization\"},\"image\":{\"@id\":\"https:\\\/\\\/www.organisator.ch\\\/management\\\/finanzen_recht\\\/2019-11-20\\\/verrechnungssteuergesetz-bundesgericht-schuetzt-steuerzahler\\\/#primaryimage\"},\"thumbnailUrl\":\"https:\\\/\\\/www.organisator.ch\\\/wp-content\\\/uploads\\\/2019\\\/11\\\/Neues-Verrechnungssteuergesetz-Bundesgericht-schuetzt-Steuerzahler_Organisator.jpg\",\"keywords\":[\"Bundesgericht\",\"Finanzen\\\/Recht\",\"Gesetzgebung\",\"Steuern\"],\"articleSection\":[\"FINANZEN\\\/RECHT\"],\"inLanguage\":\"fr-FR\"},{\"@type\":\"WebPage\",\"@id\":\"https:\\\/\\\/www.organisator.ch\\\/management\\\/finanzen_recht\\\/2019-11-20\\\/verrechnungssteuergesetz-bundesgericht-schuetzt-steuerzahler\\\/\",\"url\":\"https:\\\/\\\/www.organisator.ch\\\/management\\\/finanzen_recht\\\/2019-11-20\\\/verrechnungssteuergesetz-bundesgericht-schuetzt-steuerzahler\\\/\",\"name\":\"Verrechnungssteuergesetz: Bundesgericht sch\u00fctzt Steuerzahler - Organisator\",\"isPartOf\":{\"@id\":\"https:\\\/\\\/www.organisator.ch\\\/#website\"},\"primaryImageOfPage\":{\"@id\":\"https:\\\/\\\/www.organisator.ch\\\/management\\\/finanzen_recht\\\/2019-11-20\\\/verrechnungssteuergesetz-bundesgericht-schuetzt-steuerzahler\\\/#primaryimage\"},\"image\":{\"@id\":\"https:\\\/\\\/www.organisator.ch\\\/management\\\/finanzen_recht\\\/2019-11-20\\\/verrechnungssteuergesetz-bundesgericht-schuetzt-steuerzahler\\\/#primaryimage\"},\"thumbnailUrl\":\"https:\\\/\\\/www.organisator.ch\\\/wp-content\\\/uploads\\\/2019\\\/11\\\/Neues-Verrechnungssteuergesetz-Bundesgericht-schuetzt-Steuerzahler_Organisator.jpg\",\"datePublished\":\"2019-11-20T11:01:27+00:00\",\"description\":\"Anfang des Jahres 2019 ist das Verrechnungssteuergesetz in Kraft getreten, das deutliche Verbesserungen f\u00fcr Steuerzahlerinnen und -zahler enth\u00e4lt.\",\"breadcrumb\":{\"@id\":\"https:\\\/\\\/www.organisator.ch\\\/management\\\/finanzen_recht\\\/2019-11-20\\\/verrechnungssteuergesetz-bundesgericht-schuetzt-steuerzahler\\\/#breadcrumb\"},\"inLanguage\":\"fr-FR\",\"potentialAction\":[{\"@type\":\"ReadAction\",\"target\":[\"https:\\\/\\\/www.organisator.ch\\\/management\\\/finanzen_recht\\\/2019-11-20\\\/verrechnungssteuergesetz-bundesgericht-schuetzt-steuerzahler\\\/\"]}]},{\"@type\":\"ImageObject\",\"inLanguage\":\"fr-FR\",\"@id\":\"https:\\\/\\\/www.organisator.ch\\\/management\\\/finanzen_recht\\\/2019-11-20\\\/verrechnungssteuergesetz-bundesgericht-schuetzt-steuerzahler\\\/#primaryimage\",\"url\":\"https:\\\/\\\/www.organisator.ch\\\/wp-content\\\/uploads\\\/2019\\\/11\\\/Neues-Verrechnungssteuergesetz-Bundesgericht-schuetzt-Steuerzahler_Organisator.jpg\",\"contentUrl\":\"https:\\\/\\\/www.organisator.ch\\\/wp-content\\\/uploads\\\/2019\\\/11\\\/Neues-Verrechnungssteuergesetz-Bundesgericht-schuetzt-Steuerzahler_Organisator.jpg\",\"width\":680,\"height\":401,\"caption\":\"Das neue Verrechnungssteuergesetz erm\u00f6glicht es Steuerzahlern, die Verrechnungsteuer auf unabsichtlich nicht deklarierte Verm\u00f6gen auch nachtr\u00e4glich noch einzufordern. (Bild: Pixabay.com)\"},{\"@type\":\"BreadcrumbList\",\"@id\":\"https:\\\/\\\/www.organisator.ch\\\/management\\\/finanzen_recht\\\/2019-11-20\\\/verrechnungssteuergesetz-bundesgericht-schuetzt-steuerzahler\\\/#breadcrumb\",\"itemListElement\":[{\"@type\":\"ListItem\",\"position\":1,\"name\":\"Home\",\"item\":\"https:\\\/\\\/www.organisator.ch\\\/\"},{\"@type\":\"ListItem\",\"position\":2,\"name\":\"Verrechnungssteuergesetz: Bundesgericht sch\u00fctzt Steuerzahler\"}]},{\"@type\":\"WebSite\",\"@id\":\"https:\\\/\\\/www.organisator.ch\\\/#website\",\"url\":\"https:\\\/\\\/www.organisator.ch\\\/\",\"name\":\"Organisator\",\"description\":\"Kompetent. Praxisnah. Der ORGANISATOR bereitet in 10 Ausgaben pro Jahr die wesentlichen Themen f\u00fcr F\u00fchrungskr\u00e4fte von KMU auf.\",\"publisher\":{\"@id\":\"https:\\\/\\\/www.organisator.ch\\\/#organization\"},\"potentialAction\":[{\"@type\":\"SearchAction\",\"target\":{\"@type\":\"EntryPoint\",\"urlTemplate\":\"https:\\\/\\\/www.organisator.ch\\\/?s={search_term_string}\"},\"query-input\":{\"@type\":\"PropertyValueSpecification\",\"valueRequired\":true,\"valueName\":\"search_term_string\"}}],\"inLanguage\":\"fr-FR\"},{\"@type\":\"Organization\",\"@id\":\"https:\\\/\\\/www.organisator.ch\\\/#organization\",\"name\":\"Organisator\",\"url\":\"https:\\\/\\\/www.organisator.ch\\\/\",\"logo\":{\"@type\":\"ImageObject\",\"inLanguage\":\"fr-FR\",\"@id\":\"https:\\\/\\\/www.organisator.ch\\\/#\\\/schema\\\/logo\\\/image\\\/\",\"url\":\"https:\\\/\\\/www.organisator.ch\\\/wp-content\\\/uploads\\\/2022\\\/01\\\/Logo_Organisator_Website.png\",\"contentUrl\":\"https:\\\/\\\/www.organisator.ch\\\/wp-content\\\/uploads\\\/2022\\\/01\\\/Logo_Organisator_Website.png\",\"width\":800,\"height\":77,\"caption\":\"Organisator\"},\"image\":{\"@id\":\"https:\\\/\\\/www.organisator.ch\\\/#\\\/schema\\\/logo\\\/image\\\/\"},\"sameAs\":[\"https:\\\/\\\/www.facebook.com\\\/OrganisatorFachmagazin\",\"https:\\\/\\\/www.linkedin.com\\\/showcase\\\/organisator-das-magazin-fr-kmu\",\"https:\\\/\\\/www.xing.com\\\/news\\\/pages\\\/organisator-ch-695\",\"https:\\\/\\\/www.youtube.com\\\/channel\\\/UCGP2Sq0iWaZwT3BdIAQFYpw\"]},{\"@type\":\"Person\",\"@id\":\"https:\\\/\\\/www.organisator.ch\\\/#\\\/schema\\\/person\\\/6f650f90b2842cd4c0cc334b4e36f67e\",\"name\":\"thomas.berner\",\"image\":{\"@type\":\"ImageObject\",\"inLanguage\":\"fr-FR\",\"@id\":\"https:\\\/\\\/secure.gravatar.com\\\/avatar\\\/ac5001d2a36cb6c6cd3e50789007ffca834b477b74a2144564522e944eabff61?s=96&d=mm&r=g\",\"url\":\"https:\\\/\\\/secure.gravatar.com\\\/avatar\\\/ac5001d2a36cb6c6cd3e50789007ffca834b477b74a2144564522e944eabff61?s=96&d=mm&r=g\",\"contentUrl\":\"https:\\\/\\\/secure.gravatar.com\\\/avatar\\\/ac5001d2a36cb6c6cd3e50789007ffca834b477b74a2144564522e944eabff61?s=96&d=mm&r=g\",\"caption\":\"thomas.berner\"},\"url\":\"https:\\\/\\\/www.organisator.ch\\\/fr\\\/author\\\/thomas-berner\\\/\"}]}<\/script>\n<!-- \/ Yoast SEO plugin. -->","yoast_head_json":{"title":"Loi sur l'imp\u00f4t anticip\u00e9 : le Tribunal f\u00e9d\u00e9ral prot\u00e8ge les contribuables - Organisateur","description":"La loi sur l'imp\u00f4t anticip\u00e9 est entr\u00e9e en vigueur au d\u00e9but de l'ann\u00e9e 2019 et contient des am\u00e9liorations significatives pour les contribuables.","robots":{"index":"index","follow":"follow","max-snippet":"max-snippet:-1","max-image-preview":"max-image-preview:large","max-video-preview":"max-video-preview:-1"},"canonical":"https:\/\/www.organisator.ch\/fr\/gestion-2\/finanzen_recht\/2019-11-20\/verrechnungssteuergesetz-bundesgericht-schuetzt-steuerzahler\/","og_locale":"fr_FR","og_type":"article","og_title":"Verrechnungssteuergesetz: Bundesgericht sch\u00fctzt Steuerzahler","og_description":"Anfang des Jahres 2019 ist das Verrechnungssteuergesetz in Kraft getreten, das deutliche Verbesserungen f\u00fcr Steuerzahlerinnen und -zahler enth\u00e4lt.","og_url":"https:\/\/www.organisator.ch\/fr\/gestion-2\/finanzen_recht\/2019-11-20\/verrechnungssteuergesetz-bundesgericht-schuetzt-steuerzahler\/","og_site_name":"Organisator","article_publisher":"https:\/\/www.facebook.com\/OrganisatorFachmagazin","article_published_time":"2019-11-20T11:01:27+00:00","og_image":[{"width":654,"height":370,"url":"https:\/\/www.organisator.ch\/wp-content\/uploads\/2021\/07\/organisator_2014_11.png","type":"image\/png"}],"author":"thomas.berner","twitter_card":"summary_large_image","twitter_title":"Verrechnungssteuergesetz: Bundesgericht sch\u00fctzt Steuerzahler","twitter_description":"Anfang des Jahres 2019 ist das Verrechnungssteuergesetz in Kraft getreten, das deutliche Verbesserungen f\u00fcr Steuerzahlerinnen und -zahler enth\u00e4lt.","twitter_image":"https:\/\/www.organisator.ch\/wp-content\/uploads\/2021\/07\/organisator_2014_11.png","schema":{"@context":"https:\/\/schema.org","@graph":[{"@type":"Article","@id":"https:\/\/www.organisator.ch\/management\/finanzen_recht\/2019-11-20\/verrechnungssteuergesetz-bundesgericht-schuetzt-steuerzahler\/#article","isPartOf":{"@id":"https:\/\/www.organisator.ch\/management\/finanzen_recht\/2019-11-20\/verrechnungssteuergesetz-bundesgericht-schuetzt-steuerzahler\/"},"author":{"name":"thomas.berner","@id":"https:\/\/www.organisator.ch\/#\/schema\/person\/6f650f90b2842cd4c0cc334b4e36f67e"},"headline":"Verrechnungssteuergesetz: Bundesgericht sch\u00fctzt Steuerzahler","datePublished":"2019-11-20T11:01:27+00:00","mainEntityOfPage":{"@id":"https:\/\/www.organisator.ch\/management\/finanzen_recht\/2019-11-20\/verrechnungssteuergesetz-bundesgericht-schuetzt-steuerzahler\/"},"wordCount":320,"publisher":{"@id":"https:\/\/www.organisator.ch\/#organization"},"image":{"@id":"https:\/\/www.organisator.ch\/management\/finanzen_recht\/2019-11-20\/verrechnungssteuergesetz-bundesgericht-schuetzt-steuerzahler\/#primaryimage"},"thumbnailUrl":"https:\/\/www.organisator.ch\/wp-content\/uploads\/2019\/11\/Neues-Verrechnungssteuergesetz-Bundesgericht-schuetzt-Steuerzahler_Organisator.jpg","keywords":["Bundesgericht","Finanzen\/Recht","Gesetzgebung","Steuern"],"articleSection":["FINANZEN\/RECHT"],"inLanguage":"fr-FR"},{"@type":"WebPage","@id":"https:\/\/www.organisator.ch\/management\/finanzen_recht\/2019-11-20\/verrechnungssteuergesetz-bundesgericht-schuetzt-steuerzahler\/","url":"https:\/\/www.organisator.ch\/management\/finanzen_recht\/2019-11-20\/verrechnungssteuergesetz-bundesgericht-schuetzt-steuerzahler\/","name":"Loi sur l'imp\u00f4t anticip\u00e9 : le Tribunal f\u00e9d\u00e9ral prot\u00e8ge les contribuables - Organisateur","isPartOf":{"@id":"https:\/\/www.organisator.ch\/#website"},"primaryImageOfPage":{"@id":"https:\/\/www.organisator.ch\/management\/finanzen_recht\/2019-11-20\/verrechnungssteuergesetz-bundesgericht-schuetzt-steuerzahler\/#primaryimage"},"image":{"@id":"https:\/\/www.organisator.ch\/management\/finanzen_recht\/2019-11-20\/verrechnungssteuergesetz-bundesgericht-schuetzt-steuerzahler\/#primaryimage"},"thumbnailUrl":"https:\/\/www.organisator.ch\/wp-content\/uploads\/2019\/11\/Neues-Verrechnungssteuergesetz-Bundesgericht-schuetzt-Steuerzahler_Organisator.jpg","datePublished":"2019-11-20T11:01:27+00:00","description":"La loi sur l'imp\u00f4t anticip\u00e9 est entr\u00e9e en vigueur au d\u00e9but de l'ann\u00e9e 2019 et contient des am\u00e9liorations significatives pour les contribuables.","breadcrumb":{"@id":"https:\/\/www.organisator.ch\/management\/finanzen_recht\/2019-11-20\/verrechnungssteuergesetz-bundesgericht-schuetzt-steuerzahler\/#breadcrumb"},"inLanguage":"fr-FR","potentialAction":[{"@type":"ReadAction","target":["https:\/\/www.organisator.ch\/management\/finanzen_recht\/2019-11-20\/verrechnungssteuergesetz-bundesgericht-schuetzt-steuerzahler\/"]}]},{"@type":"ImageObject","inLanguage":"fr-FR","@id":"https:\/\/www.organisator.ch\/management\/finanzen_recht\/2019-11-20\/verrechnungssteuergesetz-bundesgericht-schuetzt-steuerzahler\/#primaryimage","url":"https:\/\/www.organisator.ch\/wp-content\/uploads\/2019\/11\/Neues-Verrechnungssteuergesetz-Bundesgericht-schuetzt-Steuerzahler_Organisator.jpg","contentUrl":"https:\/\/www.organisator.ch\/wp-content\/uploads\/2019\/11\/Neues-Verrechnungssteuergesetz-Bundesgericht-schuetzt-Steuerzahler_Organisator.jpg","width":680,"height":401,"caption":"Das neue Verrechnungssteuergesetz erm\u00f6glicht es Steuerzahlern, die Verrechnungsteuer auf unabsichtlich nicht deklarierte Verm\u00f6gen auch nachtr\u00e4glich noch einzufordern. (Bild: Pixabay.com)"},{"@type":"BreadcrumbList","@id":"https:\/\/www.organisator.ch\/management\/finanzen_recht\/2019-11-20\/verrechnungssteuergesetz-bundesgericht-schuetzt-steuerzahler\/#breadcrumb","itemListElement":[{"@type":"ListItem","position":1,"name":"Home","item":"https:\/\/www.organisator.ch\/"},{"@type":"ListItem","position":2,"name":"Verrechnungssteuergesetz: Bundesgericht sch\u00fctzt Steuerzahler"}]},{"@type":"WebSite","@id":"https:\/\/www.organisator.ch\/#website","url":"https:\/\/www.organisator.ch\/","name":"Organisateur","description":"Comp\u00e9tence et comp\u00e9tence. Proches de la pratique. L'ORGANISATEUR pr\u00e9pare 10 num\u00e9ros par an sur les th\u00e8mes essentiels pour les dirigeants de PME.","publisher":{"@id":"https:\/\/www.organisator.ch\/#organization"},"potentialAction":[{"@type":"SearchAction","target":{"@type":"EntryPoint","urlTemplate":"https:\/\/www.organisator.ch\/?s={search_term_string}"},"query-input":{"@type":"PropertyValueSpecification","valueRequired":true,"valueName":"search_term_string"}}],"inLanguage":"fr-FR"},{"@type":"Organization","@id":"https:\/\/www.organisator.ch\/#organization","name":"Organisateur","url":"https:\/\/www.organisator.ch\/","logo":{"@type":"ImageObject","inLanguage":"fr-FR","@id":"https:\/\/www.organisator.ch\/#\/schema\/logo\/image\/","url":"https:\/\/www.organisator.ch\/wp-content\/uploads\/2022\/01\/Logo_Organisator_Website.png","contentUrl":"https:\/\/www.organisator.ch\/wp-content\/uploads\/2022\/01\/Logo_Organisator_Website.png","width":800,"height":77,"caption":"Organisator"},"image":{"@id":"https:\/\/www.organisator.ch\/#\/schema\/logo\/image\/"},"sameAs":["https:\/\/www.facebook.com\/OrganisatorFachmagazin","https:\/\/www.linkedin.com\/showcase\/organisator-das-magazin-fr-kmu","https:\/\/www.xing.com\/news\/pages\/organisator-ch-695","https:\/\/www.youtube.com\/channel\/UCGP2Sq0iWaZwT3BdIAQFYpw"]},{"@type":"Person","@id":"https:\/\/www.organisator.ch\/#\/schema\/person\/6f650f90b2842cd4c0cc334b4e36f67e","name":"thomas.berner","image":{"@type":"ImageObject","inLanguage":"fr-FR","@id":"https:\/\/secure.gravatar.com\/avatar\/ac5001d2a36cb6c6cd3e50789007ffca834b477b74a2144564522e944eabff61?s=96&d=mm&r=g","url":"https:\/\/secure.gravatar.com\/avatar\/ac5001d2a36cb6c6cd3e50789007ffca834b477b74a2144564522e944eabff61?s=96&d=mm&r=g","contentUrl":"https:\/\/secure.gravatar.com\/avatar\/ac5001d2a36cb6c6cd3e50789007ffca834b477b74a2144564522e944eabff61?s=96&d=mm&r=g","caption":"thomas.berner"},"url":"https:\/\/www.organisator.ch\/fr\/author\/thomas-berner\/"}]}},"_links":{"self":[{"href":"https:\/\/www.organisator.ch\/fr\/wp-json\/wp\/v2\/posts\/8595","targetHints":{"allow":["GET"]}}],"collection":[{"href":"https:\/\/www.organisator.ch\/fr\/wp-json\/wp\/v2\/posts"}],"about":[{"href":"https:\/\/www.organisator.ch\/fr\/wp-json\/wp\/v2\/types\/post"}],"author":[{"embeddable":true,"href":"https:\/\/www.organisator.ch\/fr\/wp-json\/wp\/v2\/users\/4"}],"replies":[{"embeddable":true,"href":"https:\/\/www.organisator.ch\/fr\/wp-json\/wp\/v2\/comments?post=8595"}],"version-history":[{"count":0,"href":"https:\/\/www.organisator.ch\/fr\/wp-json\/wp\/v2\/posts\/8595\/revisions"}],"wp:featuredmedia":[{"embeddable":true,"href":"https:\/\/www.organisator.ch\/fr\/wp-json\/wp\/v2\/media\/8507"}],"wp:attachment":[{"href":"https:\/\/www.organisator.ch\/fr\/wp-json\/wp\/v2\/media?parent=8595"}],"wp:term":[{"taxonomy":"category","embeddable":true,"href":"https:\/\/www.organisator.ch\/fr\/wp-json\/wp\/v2\/categories?post=8595"},{"taxonomy":"post_tag","embeddable":true,"href":"https:\/\/www.organisator.ch\/fr\/wp-json\/wp\/v2\/tags?post=8595"}],"curies":[{"name":"wp","href":"https:\/\/api.w.org\/{rel}","templated":true}]}}