{"id":8597,"date":"2019-11-25T08:22:28","date_gmt":"2019-11-25T07:22:28","guid":{"rendered":"https:\/\/www.organisator.ch\/?p=6062"},"modified":"2019-11-25T08:22:28","modified_gmt":"2019-11-25T07:22:28","slug":"swiss-sales-forum-2019-aufruf-zu-stetiger-lern-und-veraenderungsbereitschaft","status":"publish","type":"post","link":"https:\/\/www.organisator.ch\/fr\/marketing\/2019-11-25\/swiss-sales-forum-2019-aufruf-zu-stetiger-lern-und-veraenderungsbereitschaft\/","title":{"rendered":"Swiss Sales Forum 2019 : Appel \u00e0 une volont\u00e9 d'apprendre et de changer en permanence"},"content":{"rendered":"<figure id=\"attachment_6063\" aria-describedby=\"caption-attachment-6063\" style=\"width: 680px\" class=\"wp-caption alignnone\"><img loading=\"lazy\" decoding=\"async\" class=\"size-medium wp-image-6063\" src=\"https:\/\/www.organisator.ch\/wp-content\/uploads\/2019\/11\/Swiss-Sales-Forum-2019-Aufruf-zu-stetiger-Lern-und-Veraenderungsbereitschaft_Organisator.jpg\" alt=\"\" width=\"680\" height=\"405\" \/><figcaption id=\"caption-attachment-6063\" class=\"wp-caption-text\">Le speaker du TOP 100 Daniel Enz s'est exprim\u00e9 lors du Swiss Sales Forum. (Image : zVg \/ Vente Suisse)<\/figcaption><\/figure>\n<p>Le Swiss Sales Forum a \u00e9t\u00e9 organis\u00e9 par Vente Suisse, l'association professionnelle des sp\u00e9cialistes de la vente dans le service interne et externe ainsi que des agents et des entreprises. Le congr\u00e8s a \u00e9t\u00e9 ouvert par l'animatrice Joana Hahn. Elle a invit\u00e9 \u00e0 \u00eatre ouvert au changement et \u00e0 l'innovation, car rien n'a jamais \u00e9t\u00e9 possible sans cela et rien ne le sera non plus \u00e0 l'avenir.<\/p>\n<h2>Repenser le recrutement - m\u00eame dans la vente<\/h2>\n<p>La matin\u00e9e a \u00e9t\u00e9 consacr\u00e9e aux expos\u00e9s sur les th\u00e8mes de la comp\u00e9tence de vente (Andreas Mollet), du marketing pour la g\u00e9n\u00e9ration Z (Benjamin Kr\u00f6ni) et du recrutement (Nilg\u00fcn Aygen). La table ronde autour de l'\"Excellence de la vente pour le succ\u00e8s de votre entreprise\", avec Dirk Reznik, CEO de Vorwerk, Thermomix, Gerth Vogel, Top-Management Consultant et Michael Gilgen, pr\u00e9sident de Vente Suisse, a suscit\u00e9 la r\u00e9flexion. Il est vite apparu que certaines choses allaient et devaient changer \u00e0 l'avenir. Pour les entreprises, cela signifie : analyser habilement et trouver ce dont elles ont besoin pour leur propre entreprise, puis prendre un bon d\u00e9part. L'experte en distribution Nilg\u00fcn Aygen a montr\u00e9, avec son keynote \"Recrutement repens\u00e9\", peu avant midi, combien il est important, dans ce domaine aussi, de se tenir au courant, de changer d'avis si n\u00e9cessaire et de faire preuve de flexibilit\u00e9. \"Avec un pipeline de talents bien rempli, vous avez la barre en main\".<\/p>\n<h2>TOP 100 des intervenants au Swiss Sales Forum<\/h2>\n<p>La pause de midi a permis d'entretenir les contacts existants et d'en nouer de nouveaux. Parall\u00e8lement, Baschi Sale a transmis aux participants des conseils et astuces importants lors de la session de r\u00e9seautage LinkedIn. L'apr\u00e8s-midi a \u00e9t\u00e9 consacr\u00e9 aux th\u00e8mes du r\u00f4le de mod\u00e8le en tant que chef (Marcel Schulz), de l'attention port\u00e9e aux autres ou du moment o\u00f9 les gens t'\u00e9coutent vraiment (Christian Busenhart), du courage, de la motivation et de la joie dans la vente. Le TOP 100 Speaker &amp; formateur en vente, Daniel Enz, a cl\u00f4tur\u00e9 la journ\u00e9e en beaut\u00e9. \"Vendre n'est pas tout, mais sans vendre, tout n'est rien\", a-t-il lanc\u00e9 aux entrepreneuses et aux entreprises. 2,5 heures marqu\u00e9es par l'authenticit\u00e9, une grande expertise, le savoir-faire et la garantie typique du sourire \u00e0 la fin.<\/p>\n<p><a href=\"http:\/\/www.swisssalesforum.ch\"><em>www.swisssalesforum.ch<\/em><\/a><\/p>","protected":false},"excerpt":{"rendered":"<p>Das Swiss Sales Forum wurde veranstaltet von Verkauf Schweiz, dem Berufsverband f\u00fcr Verkaufsfachleute im Innen- und Aussendienst sowie Agenten und Firmen. Er\u00f6ffnet wurde die Tagung durch\u00a0Moderatorin Joana Hahn. Sie forderte dazu auf, offen f\u00fcr Ver\u00e4nderung und Innovationen zu sein, denn ohne ging es noch nie und wird es auch in Zukunft nicht gehen. Rekrutierung neu [&hellip;]<\/p>\n","protected":false},"author":4,"featured_media":8509,"comment_status":"closed","ping_status":"closed","sticky":false,"template":"","format":"standard","meta":{"_acf_changed":false,"_yoast_wpseo_focuskw":"Swiss Sales Forum","_yoast_wpseo_metadesc":"Der Verband Verkauf Schweiz lud auch dieses Jahr zum j\u00e4hrlichen Swiss Sales Forum ein. Der Anlass fand erstmals im Kultur- und Kongresshaus in Aarau statt.","articlekey":"","footnotes":""},"categories":[29],"tags":[193,339,503,505],"class_list":["post-8597","post","type-post","status-publish","format-standard","has-post-thumbnail","hentry","category-marketing","tag-fachkongressfachmesse","tag-marketing","tag-verbaende","tag-verkauf"],"acf":[],"yoast_head":"<!-- This site is optimized with the Yoast SEO plugin v27.4 - https:\/\/yoast.com\/product\/yoast-seo-wordpress\/ -->\n<title>Swiss Sales Forum 2019: Aufruf zu stetiger Lern- und Ver\u00e4nderungsbereitschaft - Organisator<\/title>\n<meta name=\"description\" content=\"Der Verband Verkauf Schweiz lud auch dieses Jahr zum j\u00e4hrlichen Swiss Sales Forum ein. Der Anlass fand erstmals im Kultur- und Kongresshaus in Aarau statt.\" \/>\n<meta name=\"robots\" content=\"index, follow, max-snippet:-1, max-image-preview:large, max-video-preview:-1\" \/>\n<link rel=\"canonical\" href=\"https:\/\/www.organisator.ch\/fr\/marketing\/2019-11-25\/swiss-sales-forum-2019-aufruf-zu-stetiger-lern-und-veraenderungsbereitschaft\/\" \/>\n<meta property=\"og:locale\" content=\"fr_FR\" \/>\n<meta property=\"og:type\" content=\"article\" \/>\n<meta property=\"og:title\" content=\"Swiss Sales Forum 2019: Aufruf zu stetiger Lern- und Ver\u00e4nderungsbereitschaft\" \/>\n<meta property=\"og:description\" content=\"Der Verband Verkauf Schweiz lud auch dieses Jahr zum j\u00e4hrlichen Swiss Sales Forum ein. Der Anlass fand erstmals im Kultur- und Kongresshaus in Aarau statt.\" \/>\n<meta property=\"og:url\" content=\"https:\/\/www.organisator.ch\/fr\/marketing\/2019-11-25\/swiss-sales-forum-2019-aufruf-zu-stetiger-lern-und-veraenderungsbereitschaft\/\" \/>\n<meta property=\"og:site_name\" content=\"Organisator\" \/>\n<meta property=\"article:publisher\" content=\"https:\/\/www.facebook.com\/OrganisatorFachmagazin\" \/>\n<meta property=\"article:published_time\" content=\"2019-11-25T07:22:28+00:00\" \/>\n<meta property=\"og:image\" content=\"https:\/\/www.organisator.ch\/wp-content\/uploads\/2021\/07\/organisator_2015_9.png\" \/>\n\t<meta property=\"og:image:width\" content=\"654\" \/>\n\t<meta property=\"og:image:height\" content=\"370\" \/>\n\t<meta property=\"og:image:type\" content=\"image\/png\" \/>\n<meta name=\"author\" content=\"thomas.berner\" \/>\n<meta name=\"twitter:card\" content=\"summary_large_image\" \/>\n<meta name=\"twitter:title\" content=\"#SwissSalesForum 2019: Aufruf zu stetiger Lern- und #Ver\u00e4nderungsbereitschaft\" \/>\n<meta name=\"twitter:description\" content=\"Der Verband Verkauf Schweiz lud auch dieses Jahr zum j\u00e4hrlichen #SwissSalesForum ein. Der Anlass fand erstmals im Kultur- und Kongresshaus in Aarau statt.\" \/>\n<meta name=\"twitter:image\" content=\"https:\/\/www.organisator.ch\/wp-content\/uploads\/2021\/07\/organisator_2015_9.png\" \/>\n<script type=\"application\/ld+json\" class=\"yoast-schema-graph\">{\"@context\":\"https:\\\/\\\/schema.org\",\"@graph\":[{\"@type\":\"Article\",\"@id\":\"https:\\\/\\\/www.organisator.ch\\\/marketing\\\/2019-11-25\\\/swiss-sales-forum-2019-aufruf-zu-stetiger-lern-und-veraenderungsbereitschaft\\\/#article\",\"isPartOf\":{\"@id\":\"https:\\\/\\\/www.organisator.ch\\\/marketing\\\/2019-11-25\\\/swiss-sales-forum-2019-aufruf-zu-stetiger-lern-und-veraenderungsbereitschaft\\\/\"},\"author\":{\"name\":\"thomas.berner\",\"@id\":\"https:\\\/\\\/www.organisator.ch\\\/#\\\/schema\\\/person\\\/6f650f90b2842cd4c0cc334b4e36f67e\"},\"headline\":\"Swiss Sales Forum 2019: Aufruf zu stetiger Lern- und Ver\u00e4nderungsbereitschaft\",\"datePublished\":\"2019-11-25T07:22:28+00:00\",\"mainEntityOfPage\":{\"@id\":\"https:\\\/\\\/www.organisator.ch\\\/marketing\\\/2019-11-25\\\/swiss-sales-forum-2019-aufruf-zu-stetiger-lern-und-veraenderungsbereitschaft\\\/\"},\"wordCount\":363,\"publisher\":{\"@id\":\"https:\\\/\\\/www.organisator.ch\\\/#organization\"},\"image\":{\"@id\":\"https:\\\/\\\/www.organisator.ch\\\/marketing\\\/2019-11-25\\\/swiss-sales-forum-2019-aufruf-zu-stetiger-lern-und-veraenderungsbereitschaft\\\/#primaryimage\"},\"thumbnailUrl\":\"https:\\\/\\\/www.organisator.ch\\\/wp-content\\\/uploads\\\/2019\\\/11\\\/Swiss-Sales-Forum-2019-Aufruf-zu-stetiger-Lern-und-Veraenderungsbereitschaft_Organisator.jpg\",\"keywords\":[\"Fachkongress\\\/Fachmesse\",\"Marketing\",\"Verb\u00e4nde\",\"Verkauf\"],\"articleSection\":[\"MARKETING\"],\"inLanguage\":\"fr-FR\"},{\"@type\":\"WebPage\",\"@id\":\"https:\\\/\\\/www.organisator.ch\\\/marketing\\\/2019-11-25\\\/swiss-sales-forum-2019-aufruf-zu-stetiger-lern-und-veraenderungsbereitschaft\\\/\",\"url\":\"https:\\\/\\\/www.organisator.ch\\\/marketing\\\/2019-11-25\\\/swiss-sales-forum-2019-aufruf-zu-stetiger-lern-und-veraenderungsbereitschaft\\\/\",\"name\":\"Swiss Sales Forum 2019: Aufruf zu stetiger Lern- und Ver\u00e4nderungsbereitschaft - Organisator\",\"isPartOf\":{\"@id\":\"https:\\\/\\\/www.organisator.ch\\\/#website\"},\"primaryImageOfPage\":{\"@id\":\"https:\\\/\\\/www.organisator.ch\\\/marketing\\\/2019-11-25\\\/swiss-sales-forum-2019-aufruf-zu-stetiger-lern-und-veraenderungsbereitschaft\\\/#primaryimage\"},\"image\":{\"@id\":\"https:\\\/\\\/www.organisator.ch\\\/marketing\\\/2019-11-25\\\/swiss-sales-forum-2019-aufruf-zu-stetiger-lern-und-veraenderungsbereitschaft\\\/#primaryimage\"},\"thumbnailUrl\":\"https:\\\/\\\/www.organisator.ch\\\/wp-content\\\/uploads\\\/2019\\\/11\\\/Swiss-Sales-Forum-2019-Aufruf-zu-stetiger-Lern-und-Veraenderungsbereitschaft_Organisator.jpg\",\"datePublished\":\"2019-11-25T07:22:28+00:00\",\"description\":\"Der Verband Verkauf Schweiz lud auch dieses Jahr zum j\u00e4hrlichen Swiss Sales Forum ein. Der Anlass fand erstmals im Kultur- und Kongresshaus in Aarau statt.\",\"breadcrumb\":{\"@id\":\"https:\\\/\\\/www.organisator.ch\\\/marketing\\\/2019-11-25\\\/swiss-sales-forum-2019-aufruf-zu-stetiger-lern-und-veraenderungsbereitschaft\\\/#breadcrumb\"},\"inLanguage\":\"fr-FR\",\"potentialAction\":[{\"@type\":\"ReadAction\",\"target\":[\"https:\\\/\\\/www.organisator.ch\\\/marketing\\\/2019-11-25\\\/swiss-sales-forum-2019-aufruf-zu-stetiger-lern-und-veraenderungsbereitschaft\\\/\"]}]},{\"@type\":\"ImageObject\",\"inLanguage\":\"fr-FR\",\"@id\":\"https:\\\/\\\/www.organisator.ch\\\/marketing\\\/2019-11-25\\\/swiss-sales-forum-2019-aufruf-zu-stetiger-lern-und-veraenderungsbereitschaft\\\/#primaryimage\",\"url\":\"https:\\\/\\\/www.organisator.ch\\\/wp-content\\\/uploads\\\/2019\\\/11\\\/Swiss-Sales-Forum-2019-Aufruf-zu-stetiger-Lern-und-Veraenderungsbereitschaft_Organisator.jpg\",\"contentUrl\":\"https:\\\/\\\/www.organisator.ch\\\/wp-content\\\/uploads\\\/2019\\\/11\\\/Swiss-Sales-Forum-2019-Aufruf-zu-stetiger-Lern-und-Veraenderungsbereitschaft_Organisator.jpg\",\"width\":680,\"height\":405,\"caption\":\"Der TOP 100 Speaker Daniel Enz sprach am Swiss Sales Forum. (Bild: zVg \\\/ Verkauf Schweiz)\"},{\"@type\":\"BreadcrumbList\",\"@id\":\"https:\\\/\\\/www.organisator.ch\\\/marketing\\\/2019-11-25\\\/swiss-sales-forum-2019-aufruf-zu-stetiger-lern-und-veraenderungsbereitschaft\\\/#breadcrumb\",\"itemListElement\":[{\"@type\":\"ListItem\",\"position\":1,\"name\":\"Home\",\"item\":\"https:\\\/\\\/www.organisator.ch\\\/\"},{\"@type\":\"ListItem\",\"position\":2,\"name\":\"Swiss Sales Forum 2019: Aufruf zu stetiger Lern- und Ver\u00e4nderungsbereitschaft\"}]},{\"@type\":\"WebSite\",\"@id\":\"https:\\\/\\\/www.organisator.ch\\\/#website\",\"url\":\"https:\\\/\\\/www.organisator.ch\\\/\",\"name\":\"Organisator\",\"description\":\"Kompetent. Praxisnah. Der ORGANISATOR bereitet in 10 Ausgaben pro Jahr die wesentlichen Themen f\u00fcr F\u00fchrungskr\u00e4fte von KMU auf.\",\"publisher\":{\"@id\":\"https:\\\/\\\/www.organisator.ch\\\/#organization\"},\"potentialAction\":[{\"@type\":\"SearchAction\",\"target\":{\"@type\":\"EntryPoint\",\"urlTemplate\":\"https:\\\/\\\/www.organisator.ch\\\/?s={search_term_string}\"},\"query-input\":{\"@type\":\"PropertyValueSpecification\",\"valueRequired\":true,\"valueName\":\"search_term_string\"}}],\"inLanguage\":\"fr-FR\"},{\"@type\":\"Organization\",\"@id\":\"https:\\\/\\\/www.organisator.ch\\\/#organization\",\"name\":\"Organisator\",\"url\":\"https:\\\/\\\/www.organisator.ch\\\/\",\"logo\":{\"@type\":\"ImageObject\",\"inLanguage\":\"fr-FR\",\"@id\":\"https:\\\/\\\/www.organisator.ch\\\/#\\\/schema\\\/logo\\\/image\\\/\",\"url\":\"https:\\\/\\\/www.organisator.ch\\\/wp-content\\\/uploads\\\/2022\\\/01\\\/Logo_Organisator_Website.png\",\"contentUrl\":\"https:\\\/\\\/www.organisator.ch\\\/wp-content\\\/uploads\\\/2022\\\/01\\\/Logo_Organisator_Website.png\",\"width\":800,\"height\":77,\"caption\":\"Organisator\"},\"image\":{\"@id\":\"https:\\\/\\\/www.organisator.ch\\\/#\\\/schema\\\/logo\\\/image\\\/\"},\"sameAs\":[\"https:\\\/\\\/www.facebook.com\\\/OrganisatorFachmagazin\",\"https:\\\/\\\/www.linkedin.com\\\/showcase\\\/organisator-das-magazin-fr-kmu\",\"https:\\\/\\\/www.xing.com\\\/news\\\/pages\\\/organisator-ch-695\",\"https:\\\/\\\/www.youtube.com\\\/channel\\\/UCGP2Sq0iWaZwT3BdIAQFYpw\"]},{\"@type\":\"Person\",\"@id\":\"https:\\\/\\\/www.organisator.ch\\\/#\\\/schema\\\/person\\\/6f650f90b2842cd4c0cc334b4e36f67e\",\"name\":\"thomas.berner\",\"image\":{\"@type\":\"ImageObject\",\"inLanguage\":\"fr-FR\",\"@id\":\"https:\\\/\\\/secure.gravatar.com\\\/avatar\\\/ac5001d2a36cb6c6cd3e50789007ffca834b477b74a2144564522e944eabff61?s=96&d=mm&r=g\",\"url\":\"https:\\\/\\\/secure.gravatar.com\\\/avatar\\\/ac5001d2a36cb6c6cd3e50789007ffca834b477b74a2144564522e944eabff61?s=96&d=mm&r=g\",\"contentUrl\":\"https:\\\/\\\/secure.gravatar.com\\\/avatar\\\/ac5001d2a36cb6c6cd3e50789007ffca834b477b74a2144564522e944eabff61?s=96&d=mm&r=g\",\"caption\":\"thomas.berner\"},\"url\":\"https:\\\/\\\/www.organisator.ch\\\/fr\\\/author\\\/thomas-berner\\\/\"}]}<\/script>\n<!-- \/ Yoast SEO plugin. -->","yoast_head_json":{"title":"Swiss Sales Forum 2019 : Appel \u00e0 une volont\u00e9 constante d'apprendre et de changer - Organisateur","description":"Cette ann\u00e9e encore, l'association Vente Suisse a invit\u00e9 les participants au Swiss Sales Forum annuel. L'\u00e9v\u00e9nement s'est d\u00e9roul\u00e9 pour la premi\u00e8re fois au Kultur- und Kongresshaus d'Aarau.","robots":{"index":"index","follow":"follow","max-snippet":"max-snippet:-1","max-image-preview":"max-image-preview:large","max-video-preview":"max-video-preview:-1"},"canonical":"https:\/\/www.organisator.ch\/fr\/marketing\/2019-11-25\/swiss-sales-forum-2019-aufruf-zu-stetiger-lern-und-veraenderungsbereitschaft\/","og_locale":"fr_FR","og_type":"article","og_title":"Swiss Sales Forum 2019: Aufruf zu stetiger Lern- und Ver\u00e4nderungsbereitschaft","og_description":"Der Verband Verkauf Schweiz lud auch dieses Jahr zum j\u00e4hrlichen Swiss Sales Forum ein. Der Anlass fand erstmals im Kultur- und Kongresshaus in Aarau statt.","og_url":"https:\/\/www.organisator.ch\/fr\/marketing\/2019-11-25\/swiss-sales-forum-2019-aufruf-zu-stetiger-lern-und-veraenderungsbereitschaft\/","og_site_name":"Organisator","article_publisher":"https:\/\/www.facebook.com\/OrganisatorFachmagazin","article_published_time":"2019-11-25T07:22:28+00:00","og_image":[{"width":654,"height":370,"url":"https:\/\/www.organisator.ch\/wp-content\/uploads\/2021\/07\/organisator_2015_9.png","type":"image\/png"}],"author":"thomas.berner","twitter_card":"summary_large_image","twitter_title":"#SwissSalesForum 2019: Aufruf zu stetiger Lern- und #Ver\u00e4nderungsbereitschaft","twitter_description":"Der Verband Verkauf Schweiz lud auch dieses Jahr zum j\u00e4hrlichen #SwissSalesForum ein. Der Anlass fand erstmals im Kultur- und Kongresshaus in Aarau statt.","twitter_image":"https:\/\/www.organisator.ch\/wp-content\/uploads\/2021\/07\/organisator_2015_9.png","schema":{"@context":"https:\/\/schema.org","@graph":[{"@type":"Article","@id":"https:\/\/www.organisator.ch\/marketing\/2019-11-25\/swiss-sales-forum-2019-aufruf-zu-stetiger-lern-und-veraenderungsbereitschaft\/#article","isPartOf":{"@id":"https:\/\/www.organisator.ch\/marketing\/2019-11-25\/swiss-sales-forum-2019-aufruf-zu-stetiger-lern-und-veraenderungsbereitschaft\/"},"author":{"name":"thomas.berner","@id":"https:\/\/www.organisator.ch\/#\/schema\/person\/6f650f90b2842cd4c0cc334b4e36f67e"},"headline":"Swiss Sales Forum 2019: Aufruf zu stetiger Lern- und Ver\u00e4nderungsbereitschaft","datePublished":"2019-11-25T07:22:28+00:00","mainEntityOfPage":{"@id":"https:\/\/www.organisator.ch\/marketing\/2019-11-25\/swiss-sales-forum-2019-aufruf-zu-stetiger-lern-und-veraenderungsbereitschaft\/"},"wordCount":363,"publisher":{"@id":"https:\/\/www.organisator.ch\/#organization"},"image":{"@id":"https:\/\/www.organisator.ch\/marketing\/2019-11-25\/swiss-sales-forum-2019-aufruf-zu-stetiger-lern-und-veraenderungsbereitschaft\/#primaryimage"},"thumbnailUrl":"https:\/\/www.organisator.ch\/wp-content\/uploads\/2019\/11\/Swiss-Sales-Forum-2019-Aufruf-zu-stetiger-Lern-und-Veraenderungsbereitschaft_Organisator.jpg","keywords":["Fachkongress\/Fachmesse","Marketing","Verb\u00e4nde","Verkauf"],"articleSection":["MARKETING"],"inLanguage":"fr-FR"},{"@type":"WebPage","@id":"https:\/\/www.organisator.ch\/marketing\/2019-11-25\/swiss-sales-forum-2019-aufruf-zu-stetiger-lern-und-veraenderungsbereitschaft\/","url":"https:\/\/www.organisator.ch\/marketing\/2019-11-25\/swiss-sales-forum-2019-aufruf-zu-stetiger-lern-und-veraenderungsbereitschaft\/","name":"Swiss Sales Forum 2019 : Appel \u00e0 une volont\u00e9 constante d'apprendre et de changer - Organisateur","isPartOf":{"@id":"https:\/\/www.organisator.ch\/#website"},"primaryImageOfPage":{"@id":"https:\/\/www.organisator.ch\/marketing\/2019-11-25\/swiss-sales-forum-2019-aufruf-zu-stetiger-lern-und-veraenderungsbereitschaft\/#primaryimage"},"image":{"@id":"https:\/\/www.organisator.ch\/marketing\/2019-11-25\/swiss-sales-forum-2019-aufruf-zu-stetiger-lern-und-veraenderungsbereitschaft\/#primaryimage"},"thumbnailUrl":"https:\/\/www.organisator.ch\/wp-content\/uploads\/2019\/11\/Swiss-Sales-Forum-2019-Aufruf-zu-stetiger-Lern-und-Veraenderungsbereitschaft_Organisator.jpg","datePublished":"2019-11-25T07:22:28+00:00","description":"Cette ann\u00e9e encore, l'association Vente Suisse a invit\u00e9 les participants au Swiss Sales Forum annuel. L'\u00e9v\u00e9nement s'est d\u00e9roul\u00e9 pour la premi\u00e8re fois au Kultur- und Kongresshaus d'Aarau.","breadcrumb":{"@id":"https:\/\/www.organisator.ch\/marketing\/2019-11-25\/swiss-sales-forum-2019-aufruf-zu-stetiger-lern-und-veraenderungsbereitschaft\/#breadcrumb"},"inLanguage":"fr-FR","potentialAction":[{"@type":"ReadAction","target":["https:\/\/www.organisator.ch\/marketing\/2019-11-25\/swiss-sales-forum-2019-aufruf-zu-stetiger-lern-und-veraenderungsbereitschaft\/"]}]},{"@type":"ImageObject","inLanguage":"fr-FR","@id":"https:\/\/www.organisator.ch\/marketing\/2019-11-25\/swiss-sales-forum-2019-aufruf-zu-stetiger-lern-und-veraenderungsbereitschaft\/#primaryimage","url":"https:\/\/www.organisator.ch\/wp-content\/uploads\/2019\/11\/Swiss-Sales-Forum-2019-Aufruf-zu-stetiger-Lern-und-Veraenderungsbereitschaft_Organisator.jpg","contentUrl":"https:\/\/www.organisator.ch\/wp-content\/uploads\/2019\/11\/Swiss-Sales-Forum-2019-Aufruf-zu-stetiger-Lern-und-Veraenderungsbereitschaft_Organisator.jpg","width":680,"height":405,"caption":"Der TOP 100 Speaker Daniel Enz sprach am Swiss Sales Forum. (Bild: zVg \/ Verkauf Schweiz)"},{"@type":"BreadcrumbList","@id":"https:\/\/www.organisator.ch\/marketing\/2019-11-25\/swiss-sales-forum-2019-aufruf-zu-stetiger-lern-und-veraenderungsbereitschaft\/#breadcrumb","itemListElement":[{"@type":"ListItem","position":1,"name":"Home","item":"https:\/\/www.organisator.ch\/"},{"@type":"ListItem","position":2,"name":"Swiss Sales Forum 2019: Aufruf zu stetiger Lern- und Ver\u00e4nderungsbereitschaft"}]},{"@type":"WebSite","@id":"https:\/\/www.organisator.ch\/#website","url":"https:\/\/www.organisator.ch\/","name":"Organisateur","description":"Comp\u00e9tence et comp\u00e9tence. Proches de la pratique. L'ORGANISATEUR pr\u00e9pare 10 num\u00e9ros par an sur les th\u00e8mes essentiels pour les dirigeants de PME.","publisher":{"@id":"https:\/\/www.organisator.ch\/#organization"},"potentialAction":[{"@type":"SearchAction","target":{"@type":"EntryPoint","urlTemplate":"https:\/\/www.organisator.ch\/?s={search_term_string}"},"query-input":{"@type":"PropertyValueSpecification","valueRequired":true,"valueName":"search_term_string"}}],"inLanguage":"fr-FR"},{"@type":"Organization","@id":"https:\/\/www.organisator.ch\/#organization","name":"Organisateur","url":"https:\/\/www.organisator.ch\/","logo":{"@type":"ImageObject","inLanguage":"fr-FR","@id":"https:\/\/www.organisator.ch\/#\/schema\/logo\/image\/","url":"https:\/\/www.organisator.ch\/wp-content\/uploads\/2022\/01\/Logo_Organisator_Website.png","contentUrl":"https:\/\/www.organisator.ch\/wp-content\/uploads\/2022\/01\/Logo_Organisator_Website.png","width":800,"height":77,"caption":"Organisator"},"image":{"@id":"https:\/\/www.organisator.ch\/#\/schema\/logo\/image\/"},"sameAs":["https:\/\/www.facebook.com\/OrganisatorFachmagazin","https:\/\/www.linkedin.com\/showcase\/organisator-das-magazin-fr-kmu","https:\/\/www.xing.com\/news\/pages\/organisator-ch-695","https:\/\/www.youtube.com\/channel\/UCGP2Sq0iWaZwT3BdIAQFYpw"]},{"@type":"Person","@id":"https:\/\/www.organisator.ch\/#\/schema\/person\/6f650f90b2842cd4c0cc334b4e36f67e","name":"thomas.berner","image":{"@type":"ImageObject","inLanguage":"fr-FR","@id":"https:\/\/secure.gravatar.com\/avatar\/ac5001d2a36cb6c6cd3e50789007ffca834b477b74a2144564522e944eabff61?s=96&d=mm&r=g","url":"https:\/\/secure.gravatar.com\/avatar\/ac5001d2a36cb6c6cd3e50789007ffca834b477b74a2144564522e944eabff61?s=96&d=mm&r=g","contentUrl":"https:\/\/secure.gravatar.com\/avatar\/ac5001d2a36cb6c6cd3e50789007ffca834b477b74a2144564522e944eabff61?s=96&d=mm&r=g","caption":"thomas.berner"},"url":"https:\/\/www.organisator.ch\/fr\/author\/thomas-berner\/"}]}},"_links":{"self":[{"href":"https:\/\/www.organisator.ch\/fr\/wp-json\/wp\/v2\/posts\/8597","targetHints":{"allow":["GET"]}}],"collection":[{"href":"https:\/\/www.organisator.ch\/fr\/wp-json\/wp\/v2\/posts"}],"about":[{"href":"https:\/\/www.organisator.ch\/fr\/wp-json\/wp\/v2\/types\/post"}],"author":[{"embeddable":true,"href":"https:\/\/www.organisator.ch\/fr\/wp-json\/wp\/v2\/users\/4"}],"replies":[{"embeddable":true,"href":"https:\/\/www.organisator.ch\/fr\/wp-json\/wp\/v2\/comments?post=8597"}],"version-history":[{"count":0,"href":"https:\/\/www.organisator.ch\/fr\/wp-json\/wp\/v2\/posts\/8597\/revisions"}],"wp:featuredmedia":[{"embeddable":true,"href":"https:\/\/www.organisator.ch\/fr\/wp-json\/wp\/v2\/media\/8509"}],"wp:attachment":[{"href":"https:\/\/www.organisator.ch\/fr\/wp-json\/wp\/v2\/media?parent=8597"}],"wp:term":[{"taxonomy":"category","embeddable":true,"href":"https:\/\/www.organisator.ch\/fr\/wp-json\/wp\/v2\/categories?post=8597"},{"taxonomy":"post_tag","embeddable":true,"href":"https:\/\/www.organisator.ch\/fr\/wp-json\/wp\/v2\/tags?post=8597"}],"curies":[{"name":"wp","href":"https:\/\/api.w.org\/{rel}","templated":true}]}}