{"id":8610,"date":"2019-12-09T16:00:06","date_gmt":"2019-12-09T15:00:06","guid":{"rendered":"https:\/\/www.organisator.ch\/?p=6117"},"modified":"2019-12-09T16:00:06","modified_gmt":"2019-12-09T15:00:06","slug":"ehre-wem-ehre-gebuehrt-auch-klein-und-kleinstunternehmen-sind-preiswuerdig","status":"publish","type":"post","link":"https:\/\/www.organisator.ch\/fr\/management\/2019-12-09\/ehre-wem-ehre-gebuehrt-auch-klein-und-kleinstunternehmen-sind-preiswuerdig\/","title":{"rendered":"\u00c0 tout seigneur tout honneur : Les petites et micro-entreprises m\u00e9ritent aussi des prix"},"content":{"rendered":"<figure id=\"attachment_6120\" aria-describedby=\"caption-attachment-6120\" style=\"width: 680px\" class=\"wp-caption alignnone\"><img loading=\"lazy\" decoding=\"async\" class=\"size-medium wp-image-6120\" src=\"https:\/\/www.organisator.ch\/wp-content\/uploads\/2019\/12\/Ehre-wem-Ehre-gebuehrt-Auch-Klein-und-Kleinstunternehmen-sind-preiswuerdig-1_Organisator.jpg\" alt=\"\" width=\"680\" height=\"520\" \/><figcaption id=\"caption-attachment-6120\" class=\"wp-caption-text\">Les petites et micro-entreprises \u00e9taient au centre de la premi\u00e8re Business Expo : de gauche \u00e0 droite, Riccarda Mecklenburg (membre du jury), Mich\u00e8le Buschor-Frei (gagnante de l'Entrepreneur Award) et Sandra Liliana Schmid, fondatrice et organisatrice de la Business Expo. (Photo : Thomas Berner)<\/figcaption><\/figure>\n<p>Certains vendent des accessoires de mode au design personnalis\u00e9, d'autres conseillent leurs clients en mati\u00e8re d'autogestion, de style ou de sant\u00e9, et d'autres encore gagnent de l'argent avec une boutique en ligne de vins s\u00e9lectionn\u00e9s. Ce ne sont l\u00e0 que quelques exemples de la diversit\u00e9 des domaines d'activit\u00e9 des petites entreprises. De ce point de vue, la quarantaine d'exposants pr\u00e9sents \u00e0 la Business Expo, qui s'est tenue le 7 d\u00e9cembre \u00e0 Zurich, ont donn\u00e9 une image presque repr\u00e9sentative de la \"sc\u00e8ne\" des petites entreprises. En fait, parler de \"sc\u00e8ne\" est presque un peu tir\u00e9 par les cheveux. Car le fait est que les micro-entrepreneurs et les petites entreprises repr\u00e9sentent la plus grande partie des PME (98 pour cent), mais qu'ils n'ont gu\u00e8re de lobby.<\/p>\n<h2><strong>Peu de reconnaissance pour les petites et micro-entreprises<\/strong><\/h2>\n<p>Sandra Liliana Schmid le sait aussi par exp\u00e9rience. L'entrepreneuse a d\u00e9j\u00e0 cr\u00e9\u00e9 plusieurs entreprises (par exemple l'entreprise de construction de son p\u00e8re \u00e0 l'\u00e2ge de 17 ans) et conseille principalement les PME en tant que d\u00e9veloppeuse organisationnelle et conseill\u00e8re d'entreprise depuis 2013. Elle conna\u00eet donc les d\u00e9fis auxquels les micro-entreprises sont confront\u00e9es dans leur quotidien \u00e9conomique - et aussi la frustration qui peut parfois na\u00eetre d'un manque de reconnaissance. C'est pourquoi Sandra Liliana Schmid a cr\u00e9\u00e9 Business Expo afin de mieux mettre en r\u00e9seau les entrepreneurs et de les positionner plus fortement sur le march\u00e9. En l'espace de six mois, elle a organis\u00e9 l'\u00e9v\u00e9nement, cherch\u00e9 et trouv\u00e9 des sponsors et cr\u00e9\u00e9 un Entrepreneur Award.<\/p>\n<h2><strong>Pr\u00e9sentation des produits et transmission des connaissances au m\u00eame endroit<\/strong><\/h2>\n<p>\"L'\u00e9v\u00e9nement et le prix doivent r\u00e9unir des entrepreneuses, des entrepreneurs et un large public\", explique Sandra Liliana Schmid pour expliquer son objectif. Le concept de la manifestation a \u00e9t\u00e9 mis en \u0153uvre en cons\u00e9quence : les visiteurs de la Business Expo ont pu se laisser convaincre par l'offre des petites entreprises les plus diverses. D'autre part, des informations concr\u00e8tes et pratiques, pr\u00e9sent\u00e9es par des experts, ont pu \u00eatre obtenues dans le cadre d'ateliers : Comment faire du marketing via Whatsapp ? Comment cr\u00e9er un film d'entreprise avec un smartphone ? Comment organiser les finances dans un contexte de taux d'int\u00e9r\u00eat bas ? Et deux sessions de speed networking ont permis aux participants d'entrer en contact avec des personnes partageant les m\u00eames int\u00e9r\u00eats.<\/p>\n<figure id=\"attachment_6121\" aria-describedby=\"caption-attachment-6121\" style=\"width: 680px\" class=\"wp-caption alignnone\"><img loading=\"lazy\" decoding=\"async\" class=\"size-medium wp-image-6121\" src=\"https:\/\/www.organisator.ch\/wp-content\/uploads\/2019\/12\/Ehre-wem-Ehre-gebuehrt-Auch-Klein-und-Kleinstunternehmen-sind-preiswuerdig-2_Organisator.jpg\" alt=\"\" width=\"680\" height=\"497\" \/><figcaption id=\"caption-attachment-6121\" class=\"wp-caption-text\">Sandra Liliana Schmid veut donner plus d'attention aux petites et micro-entreprises. (Image : Thomas Berner)<\/figcaption><\/figure>\n<h2><strong>Un prix par et pour les petites et micro-entreprises<\/strong><\/h2>\n<p>\u00catre un petit entrepreneur* est un travail \u00e0 plein temps. Mais les prestations fournies par de telles entreprises sont rarement reconnues \u00e0 leur juste valeur. C'est pourquoi Sandra Liliana Schmid a lanc\u00e9 l'Entrepreneur Award. \"L'Award doit permettre \u00e0 ces entrepreneurs et entrepreneuses de recevoir gloire, honneur et reconnaissance pour leurs grandes prestations et leur travail infatigable\", explique Schmid. Et il doit s'agir d'un prix d'entreprise pour les entreprises : Tous les entrepreneurs* qui dirigent une entreprise de 49 employ\u00e9s au maximum pouvaient \u00eatre nomin\u00e9s. Tous les nomin\u00e9s ont pu recueillir les votes de la communaut\u00e9 jusqu'au 15 novembre. Au total, 7 473 personnes ont particip\u00e9 \u00e0 ce vote en ligne, ce qui a permis d'\u00e9tablir la premi\u00e8re liste du top 10. Le jury ind\u00e9pendant, compos\u00e9 de quatre personnes, a \u00e9galement analys\u00e9 les entreprises nomin\u00e9es et a \u00e9tabli \u00e0 son tour une liste du top 10. Ces listes ont \u00e9t\u00e9 fusionn\u00e9es pour donner la liste finale des 10 meilleures entreprises. Le 7 d\u00e9cembre, les visiteurs et le jury ont pu \u00e9lire l'entrepreneur de l'ann\u00e9e parmi les 10 finalistes.<\/p>\n<h2><strong>Entrepreneur Award pour un label de mode \u00e0 vocation sociale<\/strong><\/h2>\n<p>La premi\u00e8re gagnante a \u00e9t\u00e9 Mich\u00e8le Buschor-Frei avec son entreprise Caramba Beneficial GmbH. Son id\u00e9e commerciale : elle vend sous le label CARAMBA des tricots de qualit\u00e9 sup\u00e9rieure fabriqu\u00e9s par des femmes d'Alto Trujillo, une localit\u00e9 situ\u00e9e dans l'une des r\u00e9gions les plus pauvres du P\u00e9rou. Le produit des ventes en Suisse permet \u00e0 ces \"mamitas\" de sortir de la pauvret\u00e9 et de s'assurer un revenu. L'entreprise de Mich\u00e8le Buschor-Frei, qui est ainsi sur le march\u00e9 depuis dix ans, peut donc \u00eatre cit\u00e9e comme un exemple r\u00e9ussi d'entrepreneuriat social. Mich\u00e8le Buschor se r\u00e9jouit donc de ce prix : \"Pour moi, c'est formidable d'avoir gagn\u00e9 ce prix. Il n'est pas du tout \u00e9vident que notre marque soit aussi professionnelle aujourd'hui. Le prix appartient donc aussi \u00e0 toutes les personnes qui m'ont soutenue et qui continuent \u00e0 me soutenir\".<\/p>\n<h2><strong>Il y aura \u00e0 nouveau une Business Expo en 2020<\/strong><\/h2>\n<p>Sandra Liliana Schmid tire un bilan globalement positif. \"J'ai d\u00e9j\u00e0 re\u00e7u les premi\u00e8res promesses d'exposants qui souhaitent revenir l'ann\u00e9e prochaine\", dit-elle. Elle cherche maintenant des partenaires suppl\u00e9mentaires qui souhaitent soutenir son id\u00e9e de Business Expo. L'\u00e9v\u00e9nement devrait \u00e0 nouveau avoir lieu la premi\u00e8re semaine de d\u00e9cembre 2020.<\/p>\n<p><a href=\"http:\/\/www.business-expo.ch\"><em>www.business-expo.ch<\/em><\/a><\/p>\n<h2><strong>\"Ne jamais cesser de croire en une vision\"<\/strong><\/h2>\n<figure id=\"attachment_6122\" aria-describedby=\"caption-attachment-6122\" style=\"width: 680px\" class=\"wp-caption alignnone\"><img loading=\"lazy\" decoding=\"async\" class=\"size-medium wp-image-6122\" src=\"https:\/\/www.organisator.ch\/wp-content\/uploads\/2019\/12\/Ehre-wem-Ehre-gebuehrt-Auch-Klein-und-Kleinstunternehmen-sind-preiswuerdig-3_Organisator.jpg\" alt=\"\" width=\"680\" height=\"447\" \/><figcaption id=\"caption-attachment-6122\" class=\"wp-caption-text\">Se r\u00e9jouit d'avoir remport\u00e9 l'Entrepreneur Award : Mich\u00e8le Buschor-Frei (\u00e0 gauche) et son label de mode CARAMBA. (Photo : Thomas Berner)<\/figcaption><\/figure>\n<p>Entretien avec Mich\u00e8le Buschor-Frei, fondatrice et g\u00e9rante du label CARAMBA.<\/p>\n<p><em>Madame Buschor, f\u00e9licitations pour avoir remport\u00e9 l'Entrepreneur Award. Que signifie ce prix pour vous ?<br \/>\n<\/em>Mich\u00e8le Buschor : L'Entrepreneur Award est pour nous une grande chance d'attirer encore plus l'attention sur notre label. J'esp\u00e8re ainsi trouver d'autres personnes qui soutiendront notre marque et la feront conna\u00eetre encore davantage. Mon r\u00eave est aussi de d\u00e9velopper encore plus nos activit\u00e9s au P\u00e9rou.<\/p>\n<p><em>Y a-t-il d\u00e9j\u00e0 des projets concrets \u00e0 ce sujet ?<br \/>\n<\/em>Oui. Au premier trimestre 2020, nous formerons 20 femmes suppl\u00e9mentaires au P\u00e9rou afin qu'elles puissent produire pour nous.<\/p>\n<p><em>Le label CARAMBA est pr\u00e9sent sur le march\u00e9 depuis dix ans. Que pouvez-vous transmettre \u00e0 d'autres entrepreneurs \u00e0 partir de votre exp\u00e9rience ?<br \/>\n<\/em>La chose la plus importante : Ne jamais cesser de croire en une vision. Moi aussi, j'ai d\u00e9j\u00e0 mis beaucoup de choses en place sans jamais savoir \u00e0 l'avance si elles allaient aboutir. Je suis une femme d'action et je commence simplement. Avec le soutien des bonnes personnes, on peut atteindre n'importe quel objectif.<\/p>\n<p><em><a href=\"http:\/\/www.caramba-benefiz.ch\/de\/#caramba\">www.caramba-benefiz.ch<\/a><\/em><\/p>","protected":false},"excerpt":{"rendered":"<p>Die einen verkaufen Mode-Accessoires in individuellem Design, andere beraten Kundinnen und Kunden in Sachen Selbstmanagement, Stil oder Gesundheit, und wiederum andere verdienen Geld mit einen Online-Shop f\u00fcr ausgesuchte Weine. Dies sind nur einige Beispiele, wie unterschiedlich die Gesch\u00e4ftsfelder von Kleinunternehmen sind. So gesehen zeigten die rund 40 Aussteller an der Business Expo, die am 7. [&hellip;]<\/p>\n","protected":false},"author":4,"featured_media":8529,"comment_status":"closed","ping_status":"closed","sticky":false,"template":"","format":"standard","meta":{"_acf_changed":false,"_yoast_wpseo_focuskw":"Klein- und Kleinstunternehmen","_yoast_wpseo_metadesc":"F\u00fcr Klein- und Kleinstunternehmen wurde in Z\u00fcrich am 7. Dezember im Rahmen der Business Expo erstmals ein Entrepreneur Award verliehen.","articlekey":"","footnotes":""},"categories":[28],"tags":[66,193,299,492],"class_list":["post-8610","post","type-post","status-publish","format-standard","has-post-thumbnail","hentry","category-management","tag-awards","tag-fachkongressfachmesse","tag-kleinunternehmen","tag-unternehmen"],"acf":[],"yoast_head":"<!-- This site is optimized with the Yoast SEO plugin v27.4 - https:\/\/yoast.com\/product\/yoast-seo-wordpress\/ -->\n<title>Ehre wem Ehre geb\u00fchrt: Auch Klein- und Kleinstunternehmen sind preisw\u00fcrdig - Organisator<\/title>\n<meta name=\"description\" content=\"F\u00fcr Klein- und Kleinstunternehmen wurde in Z\u00fcrich am 7. Dezember im Rahmen der Business Expo erstmals ein Entrepreneur Award verliehen.\" \/>\n<meta name=\"robots\" content=\"index, follow, max-snippet:-1, max-image-preview:large, max-video-preview:-1\" \/>\n<link rel=\"canonical\" href=\"https:\/\/www.organisator.ch\/fr\/gestion-2\/2019-12-09\/ehre-wem-ehre-gebuehrt-auch-klein-und-kleinstunternehmen-sind-preiswuerdig\/\" \/>\n<meta property=\"og:locale\" content=\"fr_FR\" \/>\n<meta property=\"og:type\" content=\"article\" \/>\n<meta property=\"og:title\" content=\"Ehre wem Ehre geb\u00fchrt: Auch Klein- und Kleinstunternehmen sind preisw\u00fcrdig\" \/>\n<meta property=\"og:description\" content=\"F\u00fcr Klein- und Kleinstunternehmen wurde in Z\u00fcrich am 7. Dezember im Rahmen der Business Expo erstmals ein Entrepreneur Award verliehen.\" \/>\n<meta property=\"og:url\" content=\"https:\/\/www.organisator.ch\/fr\/gestion-2\/2019-12-09\/ehre-wem-ehre-gebuehrt-auch-klein-und-kleinstunternehmen-sind-preiswuerdig\/\" \/>\n<meta property=\"og:site_name\" content=\"Organisator\" \/>\n<meta property=\"article:publisher\" content=\"https:\/\/www.facebook.com\/OrganisatorFachmagazin\" \/>\n<meta property=\"article:published_time\" content=\"2019-12-09T15:00:06+00:00\" \/>\n<meta property=\"og:image\" content=\"https:\/\/www.organisator.ch\/wp-content\/uploads\/2021\/07\/organisator_2010_KMU-Monitor_.png\" \/>\n\t<meta property=\"og:image:width\" content=\"654\" \/>\n\t<meta property=\"og:image:height\" content=\"370\" \/>\n\t<meta property=\"og:image:type\" content=\"image\/png\" \/>\n<meta name=\"author\" content=\"thomas.berner\" \/>\n<meta name=\"twitter:card\" content=\"summary_large_image\" \/>\n<meta name=\"twitter:title\" content=\"Ehre wem Ehre geb\u00fchrt: Auch Klein- und #Kleinstunternehmen sind preisw\u00fcrdig\" \/>\n<meta name=\"twitter:description\" content=\"F\u00fcr Klein- und #Kleinstunternehmen wurde in Z\u00fcrich am 7. Dezember im Rahmen der #BusinessExpo erstmals ein #Entrepreneur Award verliehen.\" \/>\n<meta name=\"twitter:image\" content=\"https:\/\/www.organisator.ch\/wp-content\/uploads\/2021\/07\/organisator_2010_KMU-Monitor_.png\" \/>\n<script type=\"application\/ld+json\" class=\"yoast-schema-graph\">{\"@context\":\"https:\\\/\\\/schema.org\",\"@graph\":[{\"@type\":\"Article\",\"@id\":\"https:\\\/\\\/www.organisator.ch\\\/management\\\/2019-12-09\\\/ehre-wem-ehre-gebuehrt-auch-klein-und-kleinstunternehmen-sind-preiswuerdig\\\/#article\",\"isPartOf\":{\"@id\":\"https:\\\/\\\/www.organisator.ch\\\/management\\\/2019-12-09\\\/ehre-wem-ehre-gebuehrt-auch-klein-und-kleinstunternehmen-sind-preiswuerdig\\\/\"},\"author\":{\"name\":\"thomas.berner\",\"@id\":\"https:\\\/\\\/www.organisator.ch\\\/#\\\/schema\\\/person\\\/6f650f90b2842cd4c0cc334b4e36f67e\"},\"headline\":\"Ehre wem Ehre geb\u00fchrt: Auch Klein- und Kleinstunternehmen sind preisw\u00fcrdig\",\"datePublished\":\"2019-12-09T15:00:06+00:00\",\"mainEntityOfPage\":{\"@id\":\"https:\\\/\\\/www.organisator.ch\\\/management\\\/2019-12-09\\\/ehre-wem-ehre-gebuehrt-auch-klein-und-kleinstunternehmen-sind-preiswuerdig\\\/\"},\"wordCount\":977,\"publisher\":{\"@id\":\"https:\\\/\\\/www.organisator.ch\\\/#organization\"},\"image\":{\"@id\":\"https:\\\/\\\/www.organisator.ch\\\/management\\\/2019-12-09\\\/ehre-wem-ehre-gebuehrt-auch-klein-und-kleinstunternehmen-sind-preiswuerdig\\\/#primaryimage\"},\"thumbnailUrl\":\"https:\\\/\\\/www.organisator.ch\\\/wp-content\\\/uploads\\\/2019\\\/12\\\/Ehre-wem-Ehre-gebuehrt-Auch-Klein-und-Kleinstunternehmen-sind-preiswuerdig-1_Organisator.jpg\",\"keywords\":[\"Awards\",\"Fachkongress\\\/Fachmesse\",\"Kleinunternehmen\",\"Unternehmen\"],\"articleSection\":[\"MANAGEMENT\"],\"inLanguage\":\"fr-FR\"},{\"@type\":\"WebPage\",\"@id\":\"https:\\\/\\\/www.organisator.ch\\\/management\\\/2019-12-09\\\/ehre-wem-ehre-gebuehrt-auch-klein-und-kleinstunternehmen-sind-preiswuerdig\\\/\",\"url\":\"https:\\\/\\\/www.organisator.ch\\\/management\\\/2019-12-09\\\/ehre-wem-ehre-gebuehrt-auch-klein-und-kleinstunternehmen-sind-preiswuerdig\\\/\",\"name\":\"Ehre wem Ehre geb\u00fchrt: Auch Klein- und Kleinstunternehmen sind preisw\u00fcrdig - Organisator\",\"isPartOf\":{\"@id\":\"https:\\\/\\\/www.organisator.ch\\\/#website\"},\"primaryImageOfPage\":{\"@id\":\"https:\\\/\\\/www.organisator.ch\\\/management\\\/2019-12-09\\\/ehre-wem-ehre-gebuehrt-auch-klein-und-kleinstunternehmen-sind-preiswuerdig\\\/#primaryimage\"},\"image\":{\"@id\":\"https:\\\/\\\/www.organisator.ch\\\/management\\\/2019-12-09\\\/ehre-wem-ehre-gebuehrt-auch-klein-und-kleinstunternehmen-sind-preiswuerdig\\\/#primaryimage\"},\"thumbnailUrl\":\"https:\\\/\\\/www.organisator.ch\\\/wp-content\\\/uploads\\\/2019\\\/12\\\/Ehre-wem-Ehre-gebuehrt-Auch-Klein-und-Kleinstunternehmen-sind-preiswuerdig-1_Organisator.jpg\",\"datePublished\":\"2019-12-09T15:00:06+00:00\",\"description\":\"F\u00fcr Klein- und Kleinstunternehmen wurde in Z\u00fcrich am 7. Dezember im Rahmen der Business Expo erstmals ein Entrepreneur Award verliehen.\",\"breadcrumb\":{\"@id\":\"https:\\\/\\\/www.organisator.ch\\\/management\\\/2019-12-09\\\/ehre-wem-ehre-gebuehrt-auch-klein-und-kleinstunternehmen-sind-preiswuerdig\\\/#breadcrumb\"},\"inLanguage\":\"fr-FR\",\"potentialAction\":[{\"@type\":\"ReadAction\",\"target\":[\"https:\\\/\\\/www.organisator.ch\\\/management\\\/2019-12-09\\\/ehre-wem-ehre-gebuehrt-auch-klein-und-kleinstunternehmen-sind-preiswuerdig\\\/\"]}]},{\"@type\":\"ImageObject\",\"inLanguage\":\"fr-FR\",\"@id\":\"https:\\\/\\\/www.organisator.ch\\\/management\\\/2019-12-09\\\/ehre-wem-ehre-gebuehrt-auch-klein-und-kleinstunternehmen-sind-preiswuerdig\\\/#primaryimage\",\"url\":\"https:\\\/\\\/www.organisator.ch\\\/wp-content\\\/uploads\\\/2019\\\/12\\\/Ehre-wem-Ehre-gebuehrt-Auch-Klein-und-Kleinstunternehmen-sind-preiswuerdig-1_Organisator.jpg\",\"contentUrl\":\"https:\\\/\\\/www.organisator.ch\\\/wp-content\\\/uploads\\\/2019\\\/12\\\/Ehre-wem-Ehre-gebuehrt-Auch-Klein-und-Kleinstunternehmen-sind-preiswuerdig-1_Organisator.jpg\",\"width\":680,\"height\":520,\"caption\":\"Klein- und Kleinstunternehmen standen an der ersten Business Expo im Mittelpunkt: Riccarda Mecklenburg (Jury-Mitglied), Mich\u00e8le Buschor-Frei (Gewinnerin Entrepreneur Award) und Sandra Liliana Schmid, Gr\u00fcnderin und Veranstalterin der Business Expo. (Bild: Thomas Berner)\"},{\"@type\":\"BreadcrumbList\",\"@id\":\"https:\\\/\\\/www.organisator.ch\\\/management\\\/2019-12-09\\\/ehre-wem-ehre-gebuehrt-auch-klein-und-kleinstunternehmen-sind-preiswuerdig\\\/#breadcrumb\",\"itemListElement\":[{\"@type\":\"ListItem\",\"position\":1,\"name\":\"Home\",\"item\":\"https:\\\/\\\/www.organisator.ch\\\/\"},{\"@type\":\"ListItem\",\"position\":2,\"name\":\"Ehre wem Ehre geb\u00fchrt: Auch Klein- und Kleinstunternehmen sind preisw\u00fcrdig\"}]},{\"@type\":\"WebSite\",\"@id\":\"https:\\\/\\\/www.organisator.ch\\\/#website\",\"url\":\"https:\\\/\\\/www.organisator.ch\\\/\",\"name\":\"Organisator\",\"description\":\"Kompetent. Praxisnah. Der ORGANISATOR bereitet in 10 Ausgaben pro Jahr die wesentlichen Themen f\u00fcr F\u00fchrungskr\u00e4fte von KMU auf.\",\"publisher\":{\"@id\":\"https:\\\/\\\/www.organisator.ch\\\/#organization\"},\"potentialAction\":[{\"@type\":\"SearchAction\",\"target\":{\"@type\":\"EntryPoint\",\"urlTemplate\":\"https:\\\/\\\/www.organisator.ch\\\/?s={search_term_string}\"},\"query-input\":{\"@type\":\"PropertyValueSpecification\",\"valueRequired\":true,\"valueName\":\"search_term_string\"}}],\"inLanguage\":\"fr-FR\"},{\"@type\":\"Organization\",\"@id\":\"https:\\\/\\\/www.organisator.ch\\\/#organization\",\"name\":\"Organisator\",\"url\":\"https:\\\/\\\/www.organisator.ch\\\/\",\"logo\":{\"@type\":\"ImageObject\",\"inLanguage\":\"fr-FR\",\"@id\":\"https:\\\/\\\/www.organisator.ch\\\/#\\\/schema\\\/logo\\\/image\\\/\",\"url\":\"https:\\\/\\\/www.organisator.ch\\\/wp-content\\\/uploads\\\/2022\\\/01\\\/Logo_Organisator_Website.png\",\"contentUrl\":\"https:\\\/\\\/www.organisator.ch\\\/wp-content\\\/uploads\\\/2022\\\/01\\\/Logo_Organisator_Website.png\",\"width\":800,\"height\":77,\"caption\":\"Organisator\"},\"image\":{\"@id\":\"https:\\\/\\\/www.organisator.ch\\\/#\\\/schema\\\/logo\\\/image\\\/\"},\"sameAs\":[\"https:\\\/\\\/www.facebook.com\\\/OrganisatorFachmagazin\",\"https:\\\/\\\/www.linkedin.com\\\/showcase\\\/organisator-das-magazin-fr-kmu\",\"https:\\\/\\\/www.xing.com\\\/news\\\/pages\\\/organisator-ch-695\",\"https:\\\/\\\/www.youtube.com\\\/channel\\\/UCGP2Sq0iWaZwT3BdIAQFYpw\"]},{\"@type\":\"Person\",\"@id\":\"https:\\\/\\\/www.organisator.ch\\\/#\\\/schema\\\/person\\\/6f650f90b2842cd4c0cc334b4e36f67e\",\"name\":\"thomas.berner\",\"image\":{\"@type\":\"ImageObject\",\"inLanguage\":\"fr-FR\",\"@id\":\"https:\\\/\\\/secure.gravatar.com\\\/avatar\\\/ac5001d2a36cb6c6cd3e50789007ffca834b477b74a2144564522e944eabff61?s=96&d=mm&r=g\",\"url\":\"https:\\\/\\\/secure.gravatar.com\\\/avatar\\\/ac5001d2a36cb6c6cd3e50789007ffca834b477b74a2144564522e944eabff61?s=96&d=mm&r=g\",\"contentUrl\":\"https:\\\/\\\/secure.gravatar.com\\\/avatar\\\/ac5001d2a36cb6c6cd3e50789007ffca834b477b74a2144564522e944eabff61?s=96&d=mm&r=g\",\"caption\":\"thomas.berner\"},\"url\":\"https:\\\/\\\/www.organisator.ch\\\/fr\\\/author\\\/thomas-berner\\\/\"}]}<\/script>\n<!-- \/ Yoast SEO plugin. -->","yoast_head_json":{"title":"\u00c0 tout seigneur tout honneur : Les petites et micro-entreprises m\u00e9ritent aussi d'\u00eatre r\u00e9compens\u00e9es - Organisateur","description":"Pour les petites et micro-entreprises, un Entrepreneur Award a \u00e9t\u00e9 d\u00e9cern\u00e9 pour la premi\u00e8re fois \u00e0 Zurich le 7 d\u00e9cembre dans le cadre de la Business Expo.","robots":{"index":"index","follow":"follow","max-snippet":"max-snippet:-1","max-image-preview":"max-image-preview:large","max-video-preview":"max-video-preview:-1"},"canonical":"https:\/\/www.organisator.ch\/fr\/gestion-2\/2019-12-09\/ehre-wem-ehre-gebuehrt-auch-klein-und-kleinstunternehmen-sind-preiswuerdig\/","og_locale":"fr_FR","og_type":"article","og_title":"Ehre wem Ehre geb\u00fchrt: Auch Klein- und Kleinstunternehmen sind preisw\u00fcrdig","og_description":"F\u00fcr Klein- und Kleinstunternehmen wurde in Z\u00fcrich am 7. Dezember im Rahmen der Business Expo erstmals ein Entrepreneur Award verliehen.","og_url":"https:\/\/www.organisator.ch\/fr\/gestion-2\/2019-12-09\/ehre-wem-ehre-gebuehrt-auch-klein-und-kleinstunternehmen-sind-preiswuerdig\/","og_site_name":"Organisator","article_publisher":"https:\/\/www.facebook.com\/OrganisatorFachmagazin","article_published_time":"2019-12-09T15:00:06+00:00","og_image":[{"width":654,"height":370,"url":"https:\/\/www.organisator.ch\/wp-content\/uploads\/2021\/07\/organisator_2010_KMU-Monitor_.png","type":"image\/png"}],"author":"thomas.berner","twitter_card":"summary_large_image","twitter_title":"Ehre wem Ehre geb\u00fchrt: Auch Klein- und #Kleinstunternehmen sind preisw\u00fcrdig","twitter_description":"F\u00fcr Klein- und #Kleinstunternehmen wurde in Z\u00fcrich am 7. Dezember im Rahmen der #BusinessExpo erstmals ein #Entrepreneur Award verliehen.","twitter_image":"https:\/\/www.organisator.ch\/wp-content\/uploads\/2021\/07\/organisator_2010_KMU-Monitor_.png","schema":{"@context":"https:\/\/schema.org","@graph":[{"@type":"Article","@id":"https:\/\/www.organisator.ch\/management\/2019-12-09\/ehre-wem-ehre-gebuehrt-auch-klein-und-kleinstunternehmen-sind-preiswuerdig\/#article","isPartOf":{"@id":"https:\/\/www.organisator.ch\/management\/2019-12-09\/ehre-wem-ehre-gebuehrt-auch-klein-und-kleinstunternehmen-sind-preiswuerdig\/"},"author":{"name":"thomas.berner","@id":"https:\/\/www.organisator.ch\/#\/schema\/person\/6f650f90b2842cd4c0cc334b4e36f67e"},"headline":"Ehre wem Ehre geb\u00fchrt: Auch Klein- und Kleinstunternehmen sind preisw\u00fcrdig","datePublished":"2019-12-09T15:00:06+00:00","mainEntityOfPage":{"@id":"https:\/\/www.organisator.ch\/management\/2019-12-09\/ehre-wem-ehre-gebuehrt-auch-klein-und-kleinstunternehmen-sind-preiswuerdig\/"},"wordCount":977,"publisher":{"@id":"https:\/\/www.organisator.ch\/#organization"},"image":{"@id":"https:\/\/www.organisator.ch\/management\/2019-12-09\/ehre-wem-ehre-gebuehrt-auch-klein-und-kleinstunternehmen-sind-preiswuerdig\/#primaryimage"},"thumbnailUrl":"https:\/\/www.organisator.ch\/wp-content\/uploads\/2019\/12\/Ehre-wem-Ehre-gebuehrt-Auch-Klein-und-Kleinstunternehmen-sind-preiswuerdig-1_Organisator.jpg","keywords":["Awards","Fachkongress\/Fachmesse","Kleinunternehmen","Unternehmen"],"articleSection":["MANAGEMENT"],"inLanguage":"fr-FR"},{"@type":"WebPage","@id":"https:\/\/www.organisator.ch\/management\/2019-12-09\/ehre-wem-ehre-gebuehrt-auch-klein-und-kleinstunternehmen-sind-preiswuerdig\/","url":"https:\/\/www.organisator.ch\/management\/2019-12-09\/ehre-wem-ehre-gebuehrt-auch-klein-und-kleinstunternehmen-sind-preiswuerdig\/","name":"\u00c0 tout seigneur tout honneur : Les petites et micro-entreprises m\u00e9ritent aussi d'\u00eatre r\u00e9compens\u00e9es - Organisateur","isPartOf":{"@id":"https:\/\/www.organisator.ch\/#website"},"primaryImageOfPage":{"@id":"https:\/\/www.organisator.ch\/management\/2019-12-09\/ehre-wem-ehre-gebuehrt-auch-klein-und-kleinstunternehmen-sind-preiswuerdig\/#primaryimage"},"image":{"@id":"https:\/\/www.organisator.ch\/management\/2019-12-09\/ehre-wem-ehre-gebuehrt-auch-klein-und-kleinstunternehmen-sind-preiswuerdig\/#primaryimage"},"thumbnailUrl":"https:\/\/www.organisator.ch\/wp-content\/uploads\/2019\/12\/Ehre-wem-Ehre-gebuehrt-Auch-Klein-und-Kleinstunternehmen-sind-preiswuerdig-1_Organisator.jpg","datePublished":"2019-12-09T15:00:06+00:00","description":"Pour les petites et micro-entreprises, un Entrepreneur Award a \u00e9t\u00e9 d\u00e9cern\u00e9 pour la premi\u00e8re fois \u00e0 Zurich le 7 d\u00e9cembre dans le cadre de la Business Expo.","breadcrumb":{"@id":"https:\/\/www.organisator.ch\/management\/2019-12-09\/ehre-wem-ehre-gebuehrt-auch-klein-und-kleinstunternehmen-sind-preiswuerdig\/#breadcrumb"},"inLanguage":"fr-FR","potentialAction":[{"@type":"ReadAction","target":["https:\/\/www.organisator.ch\/management\/2019-12-09\/ehre-wem-ehre-gebuehrt-auch-klein-und-kleinstunternehmen-sind-preiswuerdig\/"]}]},{"@type":"ImageObject","inLanguage":"fr-FR","@id":"https:\/\/www.organisator.ch\/management\/2019-12-09\/ehre-wem-ehre-gebuehrt-auch-klein-und-kleinstunternehmen-sind-preiswuerdig\/#primaryimage","url":"https:\/\/www.organisator.ch\/wp-content\/uploads\/2019\/12\/Ehre-wem-Ehre-gebuehrt-Auch-Klein-und-Kleinstunternehmen-sind-preiswuerdig-1_Organisator.jpg","contentUrl":"https:\/\/www.organisator.ch\/wp-content\/uploads\/2019\/12\/Ehre-wem-Ehre-gebuehrt-Auch-Klein-und-Kleinstunternehmen-sind-preiswuerdig-1_Organisator.jpg","width":680,"height":520,"caption":"Klein- und Kleinstunternehmen standen an der ersten Business Expo im Mittelpunkt: Riccarda Mecklenburg (Jury-Mitglied), Mich\u00e8le Buschor-Frei (Gewinnerin Entrepreneur Award) und Sandra Liliana Schmid, Gr\u00fcnderin und Veranstalterin der Business Expo. (Bild: Thomas Berner)"},{"@type":"BreadcrumbList","@id":"https:\/\/www.organisator.ch\/management\/2019-12-09\/ehre-wem-ehre-gebuehrt-auch-klein-und-kleinstunternehmen-sind-preiswuerdig\/#breadcrumb","itemListElement":[{"@type":"ListItem","position":1,"name":"Home","item":"https:\/\/www.organisator.ch\/"},{"@type":"ListItem","position":2,"name":"Ehre wem Ehre geb\u00fchrt: Auch Klein- und Kleinstunternehmen sind preisw\u00fcrdig"}]},{"@type":"WebSite","@id":"https:\/\/www.organisator.ch\/#website","url":"https:\/\/www.organisator.ch\/","name":"Organisateur","description":"Comp\u00e9tence et comp\u00e9tence. Proches de la pratique. L'ORGANISATEUR pr\u00e9pare 10 num\u00e9ros par an sur les th\u00e8mes essentiels pour les dirigeants de PME.","publisher":{"@id":"https:\/\/www.organisator.ch\/#organization"},"potentialAction":[{"@type":"SearchAction","target":{"@type":"EntryPoint","urlTemplate":"https:\/\/www.organisator.ch\/?s={search_term_string}"},"query-input":{"@type":"PropertyValueSpecification","valueRequired":true,"valueName":"search_term_string"}}],"inLanguage":"fr-FR"},{"@type":"Organization","@id":"https:\/\/www.organisator.ch\/#organization","name":"Organisateur","url":"https:\/\/www.organisator.ch\/","logo":{"@type":"ImageObject","inLanguage":"fr-FR","@id":"https:\/\/www.organisator.ch\/#\/schema\/logo\/image\/","url":"https:\/\/www.organisator.ch\/wp-content\/uploads\/2022\/01\/Logo_Organisator_Website.png","contentUrl":"https:\/\/www.organisator.ch\/wp-content\/uploads\/2022\/01\/Logo_Organisator_Website.png","width":800,"height":77,"caption":"Organisator"},"image":{"@id":"https:\/\/www.organisator.ch\/#\/schema\/logo\/image\/"},"sameAs":["https:\/\/www.facebook.com\/OrganisatorFachmagazin","https:\/\/www.linkedin.com\/showcase\/organisator-das-magazin-fr-kmu","https:\/\/www.xing.com\/news\/pages\/organisator-ch-695","https:\/\/www.youtube.com\/channel\/UCGP2Sq0iWaZwT3BdIAQFYpw"]},{"@type":"Person","@id":"https:\/\/www.organisator.ch\/#\/schema\/person\/6f650f90b2842cd4c0cc334b4e36f67e","name":"thomas.berner","image":{"@type":"ImageObject","inLanguage":"fr-FR","@id":"https:\/\/secure.gravatar.com\/avatar\/ac5001d2a36cb6c6cd3e50789007ffca834b477b74a2144564522e944eabff61?s=96&d=mm&r=g","url":"https:\/\/secure.gravatar.com\/avatar\/ac5001d2a36cb6c6cd3e50789007ffca834b477b74a2144564522e944eabff61?s=96&d=mm&r=g","contentUrl":"https:\/\/secure.gravatar.com\/avatar\/ac5001d2a36cb6c6cd3e50789007ffca834b477b74a2144564522e944eabff61?s=96&d=mm&r=g","caption":"thomas.berner"},"url":"https:\/\/www.organisator.ch\/fr\/author\/thomas-berner\/"}]}},"_links":{"self":[{"href":"https:\/\/www.organisator.ch\/fr\/wp-json\/wp\/v2\/posts\/8610","targetHints":{"allow":["GET"]}}],"collection":[{"href":"https:\/\/www.organisator.ch\/fr\/wp-json\/wp\/v2\/posts"}],"about":[{"href":"https:\/\/www.organisator.ch\/fr\/wp-json\/wp\/v2\/types\/post"}],"author":[{"embeddable":true,"href":"https:\/\/www.organisator.ch\/fr\/wp-json\/wp\/v2\/users\/4"}],"replies":[{"embeddable":true,"href":"https:\/\/www.organisator.ch\/fr\/wp-json\/wp\/v2\/comments?post=8610"}],"version-history":[{"count":0,"href":"https:\/\/www.organisator.ch\/fr\/wp-json\/wp\/v2\/posts\/8610\/revisions"}],"wp:featuredmedia":[{"embeddable":true,"href":"https:\/\/www.organisator.ch\/fr\/wp-json\/wp\/v2\/media\/8529"}],"wp:attachment":[{"href":"https:\/\/www.organisator.ch\/fr\/wp-json\/wp\/v2\/media?parent=8610"}],"wp:term":[{"taxonomy":"category","embeddable":true,"href":"https:\/\/www.organisator.ch\/fr\/wp-json\/wp\/v2\/categories?post=8610"},{"taxonomy":"post_tag","embeddable":true,"href":"https:\/\/www.organisator.ch\/fr\/wp-json\/wp\/v2\/tags?post=8610"}],"curies":[{"name":"wp","href":"https:\/\/api.w.org\/{rel}","templated":true}]}}