{"id":8611,"date":"2019-12-10T16:57:35","date_gmt":"2019-12-10T15:57:35","guid":{"rendered":"https:\/\/www.organisator.ch\/?p=6132"},"modified":"2019-12-10T16:57:35","modified_gmt":"2019-12-10T15:57:35","slug":"schweizer-maschinenbauer-sehen-laengerfristig-schwarz","status":"publish","type":"post","link":"https:\/\/www.organisator.ch\/fr\/management\/2019-12-10\/schweizer-maschinenbauer-sehen-laengerfristig-schwarz\/","title":{"rendered":"Les constructeurs suisses de machines voient tout en noir \u00e0 long terme"},"content":{"rendered":"<figure id=\"attachment_6133\" aria-describedby=\"caption-attachment-6133\" style=\"width: 680px\" class=\"wp-caption alignnone\"><img loading=\"lazy\" decoding=\"async\" class=\"size-medium wp-image-6133\" src=\"https:\/\/www.organisator.ch\/wp-content\/uploads\/2019\/12\/Schweizer-Maschinenbauer-sehen-laengerfristig-schwarz_Organisator.jpg\" alt=\"\" width=\"680\" height=\"454\" \/><figcaption id=\"caption-attachment-6133\" class=\"wp-caption-text\">Les constructeurs de machines suisses envoient de plus en plus de signaux de crise. (Image : Shutterstock)<\/figcaption><\/figure>\n<p>Avec 77.800 employ\u00e9s, l'industrie m\u00e9canique est un facteur important de l'industrie suisse. Selon la nouvelle \u00e9tude \"A.T. Kearney Restructuring Score\", ce secteur est menac\u00e9 par l'adversit\u00e9. \"Un bon 60 pour cent des 207 entreprises examin\u00e9es en Allemagne, en Autriche et en Suisse pr\u00e9sentent des sympt\u00f4mes de crise. L'industrie m\u00e9canique est particuli\u00e8rement touch\u00e9e. Au total, 14 pour cent de tous les fabricants de machines sont confront\u00e9s \u00e0 de s\u00e9rieux sympt\u00f4mes de crise. Une entreprise de construction m\u00e9canique sur cinq s'est retrouv\u00e9e dans une situation critique au cours des derniers mois\", pr\u00e9vient Nils Kuhlwein, partenaire et directeur g\u00e9n\u00e9ral de A.T. Kearney Restructuring GmbH.<\/p>\n<h2>100 000 emplois perdus<\/h2>\n<p>En effet, les constructeurs de machines suisses n'ont gu\u00e8re ri ces derniers temps. Ce que l'on appelle le choc du franc du 15 janvier 2015, avec l'abolition du taux plancher fixe de 1,20 CHF par rapport \u00e0 l'euro, a de fait r\u00e9duit \u00e0 n\u00e9ant tous les plans des fabricants de machines orient\u00e9s vers l'exportation. \"Les membres de Swissmechanic \u00e9taient en col\u00e8re !\", se souvient-on aujourd'hui, pas tout \u00e0 fait cinq ans plus tard. Car : l'abolition du cours plancher n'a pas seulement \u00e9t\u00e9 un coup dur pour les PME de l'industrie MEM, mais aussi une menace s\u00e9rieuse pour l'ensemble de la place industrielle suisse. Comme le calcule Swissmechanic, plus de 100 000 emplois ont \u00e9t\u00e9 perdus au cours des dix derni\u00e8res ann\u00e9es en raison de la force du franc suisse.<\/p>\n<h2>Les constructeurs de machines suisses se mettent en forme<\/h2>\n<p>D'un autre c\u00f4t\u00e9, la nouvelle situation a oblig\u00e9 de nombreuses entreprises industrielles \u00e0 changer de mentalit\u00e9. Elles ont relev\u00e9 le d\u00e9fi et s'accommodent d\u00e9sormais tr\u00e8s bien de la situation mon\u00e9taire. Selon Swissmechanic, la croissance \u00e9conomique a de nouveau augment\u00e9 entre 2015 et 2018 - mais avec une forte pression sur les marges. Mais apr\u00e8s l'\u00e9volution positive de ces derni\u00e8res ann\u00e9es, l'industrie MEM suisse perd \u00e0 nouveau de l'\u00e9lan cette ann\u00e9e. Selon le barom\u00e8tre \u00e9conomique Swissmechanic, plus de 70% des entreprises MEM estiment que la situation actuelle est tendue. Et selon A.T. Kearney, parmi les constructeurs de machines, la part des entreprises pr\u00e9sentant des sympt\u00f4mes de crise \u00e9vidents est pass\u00e9e de 9 \u00e0 14%. Elles sont \u00e9galement jug\u00e9es nettement plus faibles par rapport \u00e0 d'autres domaines du secteur automobile, des biens industriels et des services. \"En revanche, l'image n'est pas encore aussi homog\u00e8ne chez les sous-traitants automobiles. Le score de restructuration a certes pu s'am\u00e9liorer jusqu'en juillet 2019, passant de 2,42 \u00e0 2,14, mais il s'est \u00e0 nouveau d\u00e9grad\u00e9 depuis. D'une part, pr\u00e8s de la moiti\u00e9 de tous les sous-traitants automobiles analys\u00e9s pr\u00e9sentent des caract\u00e9ristiques de crise, d'autre part, l'autre moiti\u00e9 peut toujours \u00eatre consid\u00e9r\u00e9e comme saine\", explique Kuhlwein.<\/p>\n<h2>Un volume de commandes encore consid\u00e9rable<\/h2>\n<p>De nombreux constructeurs de machines suisses, mais aussi des sous-traitants pour l'industrie automobile par exemple, profitent encore de commandes pass\u00e9es au cours des ann\u00e9es pr\u00e9c\u00e9dentes et peuvent donc compenser les d\u00e9t\u00e9riorations de leurs donn\u00e9es financi\u00e8res. N\u00e9anmoins, le secteur est plus vuln\u00e9rable que la moyenne aux changements conjoncturels r\u00e9gionaux et mondiaux, comme le Brexit ou le conflit commercial entre les \u00c9tats-Unis et la Chine. Les discussions sur le climat, qui ne cessent de s'intensifier, ont \u00e9galement un impact n\u00e9gatif sur les ventes automobiles. Pour pouvoir contrecarrer cette tendance, des adaptations du mod\u00e8le commercial de tous les fournisseurs automobiles r\u00e9gionaux sont n\u00e9cessaires afin d'am\u00e9liorer la comp\u00e9titivit\u00e9 (financi\u00e8re), selon les conclusions d'A.T. Kearney de l'\u00e9tude.<\/p>\n<h2>La Banque nationale \"fait du bon travail<\/h2>\n<p>Nils Kuhlwein d'A.T. Kearney reconna\u00eet qu'il faut consid\u00e9rer les r\u00e9sultats de mani\u00e8re diff\u00e9renci\u00e9e selon les secteurs. \"Certains sc\u00e9narios catastrophes m\u00e9diatiques semblent encore exag\u00e9r\u00e9s actuellement, car la situation ne se refl\u00e8te pas (encore) enti\u00e8rement dans les donn\u00e9es du march\u00e9 des capitaux. On peut donc dire : oui aux signes de crise - non \u00e0 la r\u00e9cession\". Swissmechanic n'est pas non plus d'humeur alarmiste. \"Gr\u00e2ce \u00e0 la politique mon\u00e9taire clairement communiqu\u00e9e et constante de la Banque nationale sous la direction de Thomas Jordan, le calme est revenu sur le front mon\u00e9taire pour la branche MEM. La branche dispose d'une base solide pour une planification efficace\", a fait savoir l'association professionnelle cette semaine via un communiqu\u00e9 de presse. M\u00eame si le franc fort continue de faire extr\u00eamement mal \u00e0 l'\u00e9conomie et de peser sur les marges, Swissmechanic est r\u00e9solument d'avis que la Banque nationale, sous la direction de Thomas Jordan, fait ce qu'il faut en menant une politique mon\u00e9taire qui ne permet pas au franc de se renforcer encore. \"La BNS fait un tr\u00e8s bon travail pour nos entreprises\", \u00e9crit Swissmechanic.<\/p>\n<p><em>Sources : <a href=\"http:\/\/www.swissmechanic.ch\">Swissmechanic<\/a>, <a href=\"http:\/\/www.atkearney.ch\">A.T. Kearney<\/a><\/em><\/p>","protected":false},"excerpt":{"rendered":"<p>Mit 77.800 Mitarbeiterinnen ist der Maschinenbau ein wichtiger Faktor der Schweizer Industrie. Laut der neuen Studie \u00abA.T. Kearney Restructuring Score\u00bb droht diesem Sektor Ungemach. \u00abGut 60 Prozent aller 207 untersuchten Unternehmen in Deutschland, \u00d6sterreich und der Schweiz weisen Krisensymptome auf. Besonders betroffen ist die Maschinenbauindustrie. Insgesamt haben 14 Prozent aller Maschinenhersteller mit ernsthaften Krisensymptomen zu [&hellip;]<\/p>\n","protected":false},"author":4,"featured_media":8533,"comment_status":"closed","ping_status":"closed","sticky":false,"template":"","format":"standard","meta":{"_acf_changed":false,"_yoast_wpseo_focuskw":"Schweizer Maschinenbauer","_yoast_wpseo_metadesc":"Jeder f\u00fcnfte Schweizer Maschinenbauer hat sich \u00fcber die letzten Monate in eine kritische Lage gebracht. Dies zeigt eine neue Studie.","articlekey":"","footnotes":""},"categories":[28],"tags":[310,335,459,531],"class_list":["post-8611","post","type-post","status-publish","format-standard","has-post-thumbnail","hentry","category-management","tag-konjunktur","tag-management-und-unternehmensfuehrung","tag-studie","tag-wirtschaftspolitik"],"acf":[],"yoast_head":"<!-- This site is optimized with the Yoast SEO plugin v27.5 - https:\/\/yoast.com\/product\/yoast-seo-wordpress\/ -->\n<title>Schweizer Maschinenbauer sehen l\u00e4ngerfristig schwarz - Organisator<\/title>\n<meta name=\"description\" content=\"Jeder f\u00fcnfte Schweizer Maschinenbauer hat sich \u00fcber die letzten Monate in eine kritische Lage gebracht. Dies zeigt eine neue Studie.\" \/>\n<meta name=\"robots\" content=\"index, follow, max-snippet:-1, max-image-preview:large, max-video-preview:-1\" \/>\n<link rel=\"canonical\" href=\"https:\/\/www.organisator.ch\/fr\/gestion-2\/2019-12-10\/schweizer-maschinenbauer-sehen-laengerfristig-schwarz\/\" \/>\n<meta property=\"og:locale\" content=\"fr_FR\" \/>\n<meta property=\"og:type\" content=\"article\" \/>\n<meta property=\"og:title\" content=\"Schweizer Maschinenbauer sehen l\u00e4ngerfristig schwarz\" \/>\n<meta property=\"og:description\" content=\"Jeder f\u00fcnfte Schweizer Maschinenbauer hat sich \u00fcber die letzten Monate in eine kritische Lage gebracht. Dies zeigt eine neue Studie.\" \/>\n<meta property=\"og:url\" content=\"https:\/\/www.organisator.ch\/fr\/gestion-2\/2019-12-10\/schweizer-maschinenbauer-sehen-laengerfristig-schwarz\/\" \/>\n<meta property=\"og:site_name\" content=\"Organisator\" \/>\n<meta property=\"article:publisher\" content=\"https:\/\/www.facebook.com\/OrganisatorFachmagazin\" \/>\n<meta property=\"article:published_time\" content=\"2019-12-10T15:57:35+00:00\" \/>\n<meta name=\"author\" content=\"thomas.berner\" \/>\n<meta name=\"twitter:card\" content=\"summary_large_image\" \/>\n<meta name=\"twitter:title\" content=\"Schweizer #Maschinenbauer sehen l\u00e4ngerfristig schwarz\" \/>\n<meta name=\"twitter:description\" content=\"Jeder f\u00fcnfte Schweizer #Maschinenbauer hat sich \u00fcber die letzten Monate in eine kritische Lage gebracht. Dies zeigt eine neue Studie.\" \/>\n<script type=\"application\/ld+json\" class=\"yoast-schema-graph\">{\"@context\":\"https:\\\/\\\/schema.org\",\"@graph\":[{\"@type\":\"Article\",\"@id\":\"https:\\\/\\\/www.organisator.ch\\\/management\\\/2019-12-10\\\/schweizer-maschinenbauer-sehen-laengerfristig-schwarz\\\/#article\",\"isPartOf\":{\"@id\":\"https:\\\/\\\/www.organisator.ch\\\/management\\\/2019-12-10\\\/schweizer-maschinenbauer-sehen-laengerfristig-schwarz\\\/\"},\"author\":{\"name\":\"thomas.berner\",\"@id\":\"https:\\\/\\\/www.organisator.ch\\\/#\\\/schema\\\/person\\\/6f650f90b2842cd4c0cc334b4e36f67e\"},\"headline\":\"Schweizer Maschinenbauer sehen l\u00e4ngerfristig schwarz\",\"datePublished\":\"2019-12-10T15:57:35+00:00\",\"mainEntityOfPage\":{\"@id\":\"https:\\\/\\\/www.organisator.ch\\\/management\\\/2019-12-10\\\/schweizer-maschinenbauer-sehen-laengerfristig-schwarz\\\/\"},\"wordCount\":678,\"publisher\":{\"@id\":\"https:\\\/\\\/www.organisator.ch\\\/#organization\"},\"image\":{\"@id\":\"https:\\\/\\\/www.organisator.ch\\\/management\\\/2019-12-10\\\/schweizer-maschinenbauer-sehen-laengerfristig-schwarz\\\/#primaryimage\"},\"thumbnailUrl\":\"https:\\\/\\\/www.organisator.ch\\\/wp-content\\\/uploads\\\/2019\\\/12\\\/Schweizer-Maschinenbauer-sehen-laengerfristig-schwarz_Organisator.jpg\",\"keywords\":[\"Konjunktur\",\"Management und Unternehmensf\u00fchrung\",\"Studie\",\"Wirtschaftspolitik\"],\"articleSection\":[\"MANAGEMENT\"],\"inLanguage\":\"fr-FR\"},{\"@type\":\"WebPage\",\"@id\":\"https:\\\/\\\/www.organisator.ch\\\/management\\\/2019-12-10\\\/schweizer-maschinenbauer-sehen-laengerfristig-schwarz\\\/\",\"url\":\"https:\\\/\\\/www.organisator.ch\\\/management\\\/2019-12-10\\\/schweizer-maschinenbauer-sehen-laengerfristig-schwarz\\\/\",\"name\":\"Schweizer Maschinenbauer sehen l\u00e4ngerfristig schwarz - Organisator\",\"isPartOf\":{\"@id\":\"https:\\\/\\\/www.organisator.ch\\\/#website\"},\"primaryImageOfPage\":{\"@id\":\"https:\\\/\\\/www.organisator.ch\\\/management\\\/2019-12-10\\\/schweizer-maschinenbauer-sehen-laengerfristig-schwarz\\\/#primaryimage\"},\"image\":{\"@id\":\"https:\\\/\\\/www.organisator.ch\\\/management\\\/2019-12-10\\\/schweizer-maschinenbauer-sehen-laengerfristig-schwarz\\\/#primaryimage\"},\"thumbnailUrl\":\"https:\\\/\\\/www.organisator.ch\\\/wp-content\\\/uploads\\\/2019\\\/12\\\/Schweizer-Maschinenbauer-sehen-laengerfristig-schwarz_Organisator.jpg\",\"datePublished\":\"2019-12-10T15:57:35+00:00\",\"description\":\"Jeder f\u00fcnfte Schweizer Maschinenbauer hat sich \u00fcber die letzten Monate in eine kritische Lage gebracht. Dies zeigt eine neue Studie.\",\"breadcrumb\":{\"@id\":\"https:\\\/\\\/www.organisator.ch\\\/management\\\/2019-12-10\\\/schweizer-maschinenbauer-sehen-laengerfristig-schwarz\\\/#breadcrumb\"},\"inLanguage\":\"fr-FR\",\"potentialAction\":[{\"@type\":\"ReadAction\",\"target\":[\"https:\\\/\\\/www.organisator.ch\\\/management\\\/2019-12-10\\\/schweizer-maschinenbauer-sehen-laengerfristig-schwarz\\\/\"]}]},{\"@type\":\"ImageObject\",\"inLanguage\":\"fr-FR\",\"@id\":\"https:\\\/\\\/www.organisator.ch\\\/management\\\/2019-12-10\\\/schweizer-maschinenbauer-sehen-laengerfristig-schwarz\\\/#primaryimage\",\"url\":\"https:\\\/\\\/www.organisator.ch\\\/wp-content\\\/uploads\\\/2019\\\/12\\\/Schweizer-Maschinenbauer-sehen-laengerfristig-schwarz_Organisator.jpg\",\"contentUrl\":\"https:\\\/\\\/www.organisator.ch\\\/wp-content\\\/uploads\\\/2019\\\/12\\\/Schweizer-Maschinenbauer-sehen-laengerfristig-schwarz_Organisator.jpg\",\"width\":680,\"height\":454,\"caption\":\"Schweizer Maschinenbauer senden verst\u00e4rkt Krisensignale aus. (Bild: Shutterstock)\"},{\"@type\":\"BreadcrumbList\",\"@id\":\"https:\\\/\\\/www.organisator.ch\\\/management\\\/2019-12-10\\\/schweizer-maschinenbauer-sehen-laengerfristig-schwarz\\\/#breadcrumb\",\"itemListElement\":[{\"@type\":\"ListItem\",\"position\":1,\"name\":\"Home\",\"item\":\"https:\\\/\\\/www.organisator.ch\\\/\"},{\"@type\":\"ListItem\",\"position\":2,\"name\":\"Schweizer Maschinenbauer sehen l\u00e4ngerfristig schwarz\"}]},{\"@type\":\"WebSite\",\"@id\":\"https:\\\/\\\/www.organisator.ch\\\/#website\",\"url\":\"https:\\\/\\\/www.organisator.ch\\\/\",\"name\":\"Organisator\",\"description\":\"Kompetent. Praxisnah. Der ORGANISATOR bereitet in 10 Ausgaben pro Jahr die wesentlichen Themen f\u00fcr F\u00fchrungskr\u00e4fte von KMU auf.\",\"publisher\":{\"@id\":\"https:\\\/\\\/www.organisator.ch\\\/#organization\"},\"potentialAction\":[{\"@type\":\"SearchAction\",\"target\":{\"@type\":\"EntryPoint\",\"urlTemplate\":\"https:\\\/\\\/www.organisator.ch\\\/?s={search_term_string}\"},\"query-input\":{\"@type\":\"PropertyValueSpecification\",\"valueRequired\":true,\"valueName\":\"search_term_string\"}}],\"inLanguage\":\"fr-FR\"},{\"@type\":\"Organization\",\"@id\":\"https:\\\/\\\/www.organisator.ch\\\/#organization\",\"name\":\"Organisator\",\"url\":\"https:\\\/\\\/www.organisator.ch\\\/\",\"logo\":{\"@type\":\"ImageObject\",\"inLanguage\":\"fr-FR\",\"@id\":\"https:\\\/\\\/www.organisator.ch\\\/#\\\/schema\\\/logo\\\/image\\\/\",\"url\":\"https:\\\/\\\/www.organisator.ch\\\/wp-content\\\/uploads\\\/2022\\\/01\\\/Logo_Organisator_Website.png\",\"contentUrl\":\"https:\\\/\\\/www.organisator.ch\\\/wp-content\\\/uploads\\\/2022\\\/01\\\/Logo_Organisator_Website.png\",\"width\":800,\"height\":77,\"caption\":\"Organisator\"},\"image\":{\"@id\":\"https:\\\/\\\/www.organisator.ch\\\/#\\\/schema\\\/logo\\\/image\\\/\"},\"sameAs\":[\"https:\\\/\\\/www.facebook.com\\\/OrganisatorFachmagazin\",\"https:\\\/\\\/www.linkedin.com\\\/showcase\\\/organisator-das-magazin-fr-kmu\",\"https:\\\/\\\/www.xing.com\\\/news\\\/pages\\\/organisator-ch-695\",\"https:\\\/\\\/www.youtube.com\\\/channel\\\/UCGP2Sq0iWaZwT3BdIAQFYpw\"]},{\"@type\":\"Person\",\"@id\":\"https:\\\/\\\/www.organisator.ch\\\/#\\\/schema\\\/person\\\/6f650f90b2842cd4c0cc334b4e36f67e\",\"name\":\"thomas.berner\",\"image\":{\"@type\":\"ImageObject\",\"inLanguage\":\"fr-FR\",\"@id\":\"https:\\\/\\\/secure.gravatar.com\\\/avatar\\\/ac5001d2a36cb6c6cd3e50789007ffca834b477b74a2144564522e944eabff61?s=96&d=mm&r=g\",\"url\":\"https:\\\/\\\/secure.gravatar.com\\\/avatar\\\/ac5001d2a36cb6c6cd3e50789007ffca834b477b74a2144564522e944eabff61?s=96&d=mm&r=g\",\"contentUrl\":\"https:\\\/\\\/secure.gravatar.com\\\/avatar\\\/ac5001d2a36cb6c6cd3e50789007ffca834b477b74a2144564522e944eabff61?s=96&d=mm&r=g\",\"caption\":\"thomas.berner\"},\"url\":\"https:\\\/\\\/www.organisator.ch\\\/fr\\\/author\\\/thomas-berner\\\/\"}]}<\/script>\n<!-- \/ Yoast SEO plugin. -->","yoast_head_json":{"title":"Les constructeurs suisses de machines voient tout en noir \u00e0 long terme - Organisateur","description":"Un constructeur de machines suisse sur cinq s'est retrouv\u00e9 dans une situation critique au cours des derniers mois. C'est ce que r\u00e9v\u00e8le une nouvelle \u00e9tude.","robots":{"index":"index","follow":"follow","max-snippet":"max-snippet:-1","max-image-preview":"max-image-preview:large","max-video-preview":"max-video-preview:-1"},"canonical":"https:\/\/www.organisator.ch\/fr\/gestion-2\/2019-12-10\/schweizer-maschinenbauer-sehen-laengerfristig-schwarz\/","og_locale":"fr_FR","og_type":"article","og_title":"Schweizer Maschinenbauer sehen l\u00e4ngerfristig schwarz","og_description":"Jeder f\u00fcnfte Schweizer Maschinenbauer hat sich \u00fcber die letzten Monate in eine kritische Lage gebracht. Dies zeigt eine neue Studie.","og_url":"https:\/\/www.organisator.ch\/fr\/gestion-2\/2019-12-10\/schweizer-maschinenbauer-sehen-laengerfristig-schwarz\/","og_site_name":"Organisator","article_publisher":"https:\/\/www.facebook.com\/OrganisatorFachmagazin","article_published_time":"2019-12-10T15:57:35+00:00","author":"thomas.berner","twitter_card":"summary_large_image","twitter_title":"Schweizer #Maschinenbauer sehen l\u00e4ngerfristig schwarz","twitter_description":"Jeder f\u00fcnfte Schweizer #Maschinenbauer hat sich \u00fcber die letzten Monate in eine kritische Lage gebracht. Dies zeigt eine neue Studie.","schema":{"@context":"https:\/\/schema.org","@graph":[{"@type":"Article","@id":"https:\/\/www.organisator.ch\/management\/2019-12-10\/schweizer-maschinenbauer-sehen-laengerfristig-schwarz\/#article","isPartOf":{"@id":"https:\/\/www.organisator.ch\/management\/2019-12-10\/schweizer-maschinenbauer-sehen-laengerfristig-schwarz\/"},"author":{"name":"thomas.berner","@id":"https:\/\/www.organisator.ch\/#\/schema\/person\/6f650f90b2842cd4c0cc334b4e36f67e"},"headline":"Schweizer Maschinenbauer sehen l\u00e4ngerfristig schwarz","datePublished":"2019-12-10T15:57:35+00:00","mainEntityOfPage":{"@id":"https:\/\/www.organisator.ch\/management\/2019-12-10\/schweizer-maschinenbauer-sehen-laengerfristig-schwarz\/"},"wordCount":678,"publisher":{"@id":"https:\/\/www.organisator.ch\/#organization"},"image":{"@id":"https:\/\/www.organisator.ch\/management\/2019-12-10\/schweizer-maschinenbauer-sehen-laengerfristig-schwarz\/#primaryimage"},"thumbnailUrl":"https:\/\/www.organisator.ch\/wp-content\/uploads\/2019\/12\/Schweizer-Maschinenbauer-sehen-laengerfristig-schwarz_Organisator.jpg","keywords":["Konjunktur","Management und Unternehmensf\u00fchrung","Studie","Wirtschaftspolitik"],"articleSection":["MANAGEMENT"],"inLanguage":"fr-FR"},{"@type":"WebPage","@id":"https:\/\/www.organisator.ch\/management\/2019-12-10\/schweizer-maschinenbauer-sehen-laengerfristig-schwarz\/","url":"https:\/\/www.organisator.ch\/management\/2019-12-10\/schweizer-maschinenbauer-sehen-laengerfristig-schwarz\/","name":"Les constructeurs suisses de machines voient tout en noir \u00e0 long terme - Organisateur","isPartOf":{"@id":"https:\/\/www.organisator.ch\/#website"},"primaryImageOfPage":{"@id":"https:\/\/www.organisator.ch\/management\/2019-12-10\/schweizer-maschinenbauer-sehen-laengerfristig-schwarz\/#primaryimage"},"image":{"@id":"https:\/\/www.organisator.ch\/management\/2019-12-10\/schweizer-maschinenbauer-sehen-laengerfristig-schwarz\/#primaryimage"},"thumbnailUrl":"https:\/\/www.organisator.ch\/wp-content\/uploads\/2019\/12\/Schweizer-Maschinenbauer-sehen-laengerfristig-schwarz_Organisator.jpg","datePublished":"2019-12-10T15:57:35+00:00","description":"Un constructeur de machines suisse sur cinq s'est retrouv\u00e9 dans une situation critique au cours des derniers mois. C'est ce que r\u00e9v\u00e8le une nouvelle \u00e9tude.","breadcrumb":{"@id":"https:\/\/www.organisator.ch\/management\/2019-12-10\/schweizer-maschinenbauer-sehen-laengerfristig-schwarz\/#breadcrumb"},"inLanguage":"fr-FR","potentialAction":[{"@type":"ReadAction","target":["https:\/\/www.organisator.ch\/management\/2019-12-10\/schweizer-maschinenbauer-sehen-laengerfristig-schwarz\/"]}]},{"@type":"ImageObject","inLanguage":"fr-FR","@id":"https:\/\/www.organisator.ch\/management\/2019-12-10\/schweizer-maschinenbauer-sehen-laengerfristig-schwarz\/#primaryimage","url":"https:\/\/www.organisator.ch\/wp-content\/uploads\/2019\/12\/Schweizer-Maschinenbauer-sehen-laengerfristig-schwarz_Organisator.jpg","contentUrl":"https:\/\/www.organisator.ch\/wp-content\/uploads\/2019\/12\/Schweizer-Maschinenbauer-sehen-laengerfristig-schwarz_Organisator.jpg","width":680,"height":454,"caption":"Schweizer Maschinenbauer senden verst\u00e4rkt Krisensignale aus. (Bild: Shutterstock)"},{"@type":"BreadcrumbList","@id":"https:\/\/www.organisator.ch\/management\/2019-12-10\/schweizer-maschinenbauer-sehen-laengerfristig-schwarz\/#breadcrumb","itemListElement":[{"@type":"ListItem","position":1,"name":"Home","item":"https:\/\/www.organisator.ch\/"},{"@type":"ListItem","position":2,"name":"Schweizer Maschinenbauer sehen l\u00e4ngerfristig schwarz"}]},{"@type":"WebSite","@id":"https:\/\/www.organisator.ch\/#website","url":"https:\/\/www.organisator.ch\/","name":"Organisateur","description":"Comp\u00e9tence et comp\u00e9tence. Proches de la pratique. L'ORGANISATEUR pr\u00e9pare 10 num\u00e9ros par an sur les th\u00e8mes essentiels pour les dirigeants de PME.","publisher":{"@id":"https:\/\/www.organisator.ch\/#organization"},"potentialAction":[{"@type":"SearchAction","target":{"@type":"EntryPoint","urlTemplate":"https:\/\/www.organisator.ch\/?s={search_term_string}"},"query-input":{"@type":"PropertyValueSpecification","valueRequired":true,"valueName":"search_term_string"}}],"inLanguage":"fr-FR"},{"@type":"Organization","@id":"https:\/\/www.organisator.ch\/#organization","name":"Organisateur","url":"https:\/\/www.organisator.ch\/","logo":{"@type":"ImageObject","inLanguage":"fr-FR","@id":"https:\/\/www.organisator.ch\/#\/schema\/logo\/image\/","url":"https:\/\/www.organisator.ch\/wp-content\/uploads\/2022\/01\/Logo_Organisator_Website.png","contentUrl":"https:\/\/www.organisator.ch\/wp-content\/uploads\/2022\/01\/Logo_Organisator_Website.png","width":800,"height":77,"caption":"Organisator"},"image":{"@id":"https:\/\/www.organisator.ch\/#\/schema\/logo\/image\/"},"sameAs":["https:\/\/www.facebook.com\/OrganisatorFachmagazin","https:\/\/www.linkedin.com\/showcase\/organisator-das-magazin-fr-kmu","https:\/\/www.xing.com\/news\/pages\/organisator-ch-695","https:\/\/www.youtube.com\/channel\/UCGP2Sq0iWaZwT3BdIAQFYpw"]},{"@type":"Person","@id":"https:\/\/www.organisator.ch\/#\/schema\/person\/6f650f90b2842cd4c0cc334b4e36f67e","name":"thomas.berner","image":{"@type":"ImageObject","inLanguage":"fr-FR","@id":"https:\/\/secure.gravatar.com\/avatar\/ac5001d2a36cb6c6cd3e50789007ffca834b477b74a2144564522e944eabff61?s=96&d=mm&r=g","url":"https:\/\/secure.gravatar.com\/avatar\/ac5001d2a36cb6c6cd3e50789007ffca834b477b74a2144564522e944eabff61?s=96&d=mm&r=g","contentUrl":"https:\/\/secure.gravatar.com\/avatar\/ac5001d2a36cb6c6cd3e50789007ffca834b477b74a2144564522e944eabff61?s=96&d=mm&r=g","caption":"thomas.berner"},"url":"https:\/\/www.organisator.ch\/fr\/author\/thomas-berner\/"}]}},"_links":{"self":[{"href":"https:\/\/www.organisator.ch\/fr\/wp-json\/wp\/v2\/posts\/8611","targetHints":{"allow":["GET"]}}],"collection":[{"href":"https:\/\/www.organisator.ch\/fr\/wp-json\/wp\/v2\/posts"}],"about":[{"href":"https:\/\/www.organisator.ch\/fr\/wp-json\/wp\/v2\/types\/post"}],"author":[{"embeddable":true,"href":"https:\/\/www.organisator.ch\/fr\/wp-json\/wp\/v2\/users\/4"}],"replies":[{"embeddable":true,"href":"https:\/\/www.organisator.ch\/fr\/wp-json\/wp\/v2\/comments?post=8611"}],"version-history":[{"count":0,"href":"https:\/\/www.organisator.ch\/fr\/wp-json\/wp\/v2\/posts\/8611\/revisions"}],"wp:featuredmedia":[{"embeddable":true,"href":"https:\/\/www.organisator.ch\/fr\/wp-json\/wp\/v2\/media\/8533"}],"wp:attachment":[{"href":"https:\/\/www.organisator.ch\/fr\/wp-json\/wp\/v2\/media?parent=8611"}],"wp:term":[{"taxonomy":"category","embeddable":true,"href":"https:\/\/www.organisator.ch\/fr\/wp-json\/wp\/v2\/categories?post=8611"},{"taxonomy":"post_tag","embeddable":true,"href":"https:\/\/www.organisator.ch\/fr\/wp-json\/wp\/v2\/tags?post=8611"}],"curies":[{"name":"wp","href":"https:\/\/api.w.org\/{rel}","templated":true}]}}