{"id":8616,"date":"2019-12-12T10:58:11","date_gmt":"2019-12-12T09:58:11","guid":{"rendered":"https:\/\/www.organisator.ch\/?p=6155"},"modified":"2019-12-12T10:58:11","modified_gmt":"2019-12-12T09:58:11","slug":"neu-formierte-schweizer-industriegruppe-mit-fokus-medtech","status":"publish","type":"post","link":"https:\/\/www.organisator.ch\/fr\/management\/2019-12-12\/neu-formierte-schweizer-industriegruppe-mit-fokus-medtech\/","title":{"rendered":"Un nouveau groupe industriel suisse ax\u00e9 sur les technologies m\u00e9dicales"},"content":{"rendered":"<p><img loading=\"lazy\" decoding=\"async\" class=\"alignnone size-medium wp-image-6156\" src=\"https:\/\/www.organisator.ch\/wp-content\/uploads\/2019\/12\/Neu-formierte-Schweizer-Industriegruppe-mit-Fokus-MedTech_Organisator.jpg\" alt=\"\" width=\"680\" height=\"76\" \/><\/p>\n<p>Avec Br\u00fctsch Elektronik AG, Jossi AG se place d\u00e9sormais sous l'\u00e9gide du groupe Inovu, qui se concentre sur les technologies m\u00e9dicales : ce groupe d'entreprises, avec ses filiales Br\u00fctsch Elektronik et Jossi, r\u00e9unit d\u00e9sormais 250 collaborateurs et r\u00e9alise un chiffre d'affaires de 75 millions de CHF. Inovu, dirig\u00e9 par la soci\u00e9t\u00e9 de participation Kontivia, est d\u00e9tenu majoritairement par diff\u00e9rentes familles d'entrepreneurs suisses. Oliver Br\u00fctsch, le plus grand actionnaire individuel, ainsi que les \u00e9quipes de direction de Br\u00fctsch Elektronik et de Jossi y participent \u00e9galement.<\/p>\n<h2>Focus sur les technologies m\u00e9dicales<\/h2>\n<p>Jossi d\u00e9veloppe et fabrique sur commande des appareils de pr\u00e9cision pour des applications dans le domaine de la technique m\u00e9dicale et de laboratoire ainsi que pour d'autres domaines exigeants. L'entreprise est active sur les sites d'Islikon et de W\u00e4ngi (TG) ainsi qu'avec une filiale \u00e0 Jihlawa (R\u00e9publique tch\u00e8que). Jossi est dirig\u00e9e par Philip Howis, directeur g\u00e9n\u00e9ral depuis de nombreuses ann\u00e9es, avec Cuno Weisser, responsable de la cha\u00eene d'approvisionnement.<\/p>\n<p>Br\u00fctsch Elektronik soutient les principaux fabricants de technique m\u00e9dicale dans le d\u00e9veloppement et la fabrication de leurs produits. En tant que partenaire strat\u00e9gique d'externalisation, l'entreprise accompagne ses clients tout au long du cycle de vie du produit. En outre, l'entreprise est active en tant que partenaire d'ing\u00e9nierie dans le secteur de l'automatisation. Avec 130 collaborateurs, l'entreprise r\u00e9alise un chiffre d'affaires de 45 millions de CHF. Le CEO de longue date Markus Simmen transmettra la direction op\u00e9rationnelle de l'entreprise \u00e0 Oliver Br\u00fctsch au d\u00e9but de l'ann\u00e9e prochaine.<\/p>\n<h2>Compl\u00e9mentarit\u00e9 le long de la cha\u00eene de valeur<\/h2>\n<p>Le nouveau groupe industriel suisse se consacre essentiellement \u00e0 l'activit\u00e9 de partenaire OEM (Original Equipment Manufacturer), en mettant l'accent sur la technique m\u00e9dicale. Les expertises des deux entreprises se compl\u00e8tent id\u00e9alement tout au long de la cha\u00eene de cr\u00e9ation de valeur, qui comprend le d\u00e9veloppement, l'industrialisation, la production et le service ou le suivi des applications des produits tout au long de leur cycle de vie. Les comp\u00e9tences cl\u00e9s compl\u00e9mentaires de Br\u00fctsch Elektronik (d\u00e9veloppement de logiciels, \u00e9lectronique et m\u00e9catronique), ax\u00e9es sur l'innovation\/ing\u00e9nierie, et de Jossi (m\u00e9canique, technique d'entra\u00eenement et de refroidissement), ax\u00e9es sur l'industrialisation, permettent au groupe Inovu de proposer \u00e0 ses clients une large gamme de prestations d'un seul tenant. La transaction sera finalis\u00e9e dans les prochaines semaines.<\/p>\n<h2>Un r\u00e8glement solide de la succession \u00e0 long terme avec une solution industrielle suisse<\/h2>\n<p>Armin Jossi : \"Au cours des derni\u00e8res ann\u00e9es, Jossi AG s'est profil\u00e9 comme un constructeur de syst\u00e8mes comp\u00e9tent dans l'industrie de la technologie m\u00e9dicale. Pour renforcer cette position et poursuivre la croissance qui en d\u00e9coule, des investissements substantiels sont n\u00e9cessaires. Sous le toit solide du groupe Inovu, je vois pour cela d'excellentes conditions et perspectives de d\u00e9veloppement. Avec la future soci\u00e9t\u00e9 s\u0153ur Br\u00fctsch Elektronik, il y aura des synergies int\u00e9ressantes et des avantages suppl\u00e9mentaires pour nos clients. Je suis heureux que cette solution, qui s'appuie sur notre strat\u00e9gie actuelle, permette de r\u00e9soudre de mani\u00e8re convaincante la question de la succession pour notre entreprise familiale. Elle permettra notamment de garantir \u00e0 long terme nos emplois dans la r\u00e9gion de Frauenfeld\".<\/p>\n<p>Alexander Krebs, pr\u00e9sident du CA de l'acqu\u00e9reur : \"Les fondations du nouveau groupe d'entreprises sont constitu\u00e9es de deux entreprises familiales suisses prosp\u00e8res avec un mod\u00e8le d'affaires similaire et des comp\u00e9tences cl\u00e9s compl\u00e9mentaires, qui peuvent se positionner plus largement en unissant leurs forces pour se d\u00e9velopper avec succ\u00e8s. Nous nous r\u00e9jouissons beaucoup du nouveau partenariat avec Jossi AG, qui continuera d'exister en tant qu'entreprise ind\u00e9pendante\".<\/p>\n<p><em>Source et informations compl\u00e9mentaires : <a href=\"http:\/\/www.jossi.ch\">www.jossi.ch<\/a>, <a href=\"http:\/\/www.brel.ch\">www.brel.ch<\/a>, <a href=\"http:\/\/www.kontivia.com\">www.kontivia.com<\/a><\/em><\/p>","protected":false},"excerpt":{"rendered":"<p>Die Jossi AG begibt sich neu mit Br\u00fctsch Elektronik AG unter das Dach der Inovu Gruppe mit Fokus MedTech: Diese Firmengruppe mit den Tochtergesellschaften Br\u00fctsch Elektronik und Jossi vereint nun 250 Mitarbeitende und einen Umsatz von CHF 75 Mio. Inovu ist unter F\u00fchrung der Beteiligungsgesellschaft Kontivia im Mehrheitsbesitz verschiedener Schweizer Unternehmerfamilien. Oliver Br\u00fctsch als gr\u00f6sster [&hellip;]<\/p>\n","protected":false},"author":4,"featured_media":8539,"comment_status":"closed","ping_status":"closed","sticky":false,"template":"","format":"standard","meta":{"_acf_changed":false,"_yoast_wpseo_focuskw":"Fokus MedTech","_yoast_wpseo_metadesc":"Die Jossi AG mit Sitz in Islikon (TG) regelt die Nachfolge: Die Eigent\u00fcmer verkaufen ihr Unternehmen an die Inovu Gruppe mit dem Fokus MedTech.","articlekey":"","footnotes":""},"categories":[28],"tags":[207,335,492],"class_list":["post-8616","post","type-post","status-publish","format-standard","has-post-thumbnail","hentry","category-management","tag-firmennachfolge","tag-management-und-unternehmensfuehrung","tag-unternehmen"],"acf":[],"yoast_head":"<!-- This site is optimized with the Yoast SEO plugin v27.5 - https:\/\/yoast.com\/product\/yoast-seo-wordpress\/ -->\n<title>Neu formierte Schweizer Industriegruppe mit Fokus MedTech - Organisator<\/title>\n<meta name=\"description\" content=\"Die Jossi AG mit Sitz in Islikon (TG) regelt die Nachfolge: Die Eigent\u00fcmer verkaufen ihr Unternehmen an die Inovu Gruppe mit dem Fokus MedTech.\" \/>\n<meta name=\"robots\" content=\"index, follow, max-snippet:-1, max-image-preview:large, max-video-preview:-1\" \/>\n<link rel=\"canonical\" href=\"https:\/\/www.organisator.ch\/fr\/gestion-2\/2019-12-12\/neu-formierte-schweizer-industriegruppe-mit-fokus-medtech\/\" \/>\n<meta property=\"og:locale\" content=\"fr_FR\" \/>\n<meta property=\"og:type\" content=\"article\" \/>\n<meta property=\"og:title\" content=\"Neu formierte Schweizer Industriegruppe mit Fokus MedTech\" \/>\n<meta property=\"og:description\" content=\"Die Jossi AG mit Sitz in Islikon (TG) regelt die Nachfolge: Die Eigent\u00fcmer verkaufen ihr Unternehmen an die Inovu Gruppe mit dem Fokus MedTech.\" \/>\n<meta property=\"og:url\" content=\"https:\/\/www.organisator.ch\/fr\/gestion-2\/2019-12-12\/neu-formierte-schweizer-industriegruppe-mit-fokus-medtech\/\" \/>\n<meta property=\"og:site_name\" content=\"Organisator\" \/>\n<meta property=\"article:publisher\" content=\"https:\/\/www.facebook.com\/OrganisatorFachmagazin\" \/>\n<meta property=\"article:published_time\" content=\"2019-12-12T09:58:11+00:00\" \/>\n<meta name=\"author\" content=\"thomas.berner\" \/>\n<meta name=\"twitter:card\" content=\"summary_large_image\" \/>\n<meta name=\"twitter:title\" content=\"Neu formierte Schweizer #Industriegruppe mit Fokus #MedTech\" \/>\n<meta name=\"twitter:description\" content=\"Die Jossi AG mit Sitz in Islikon (TG) regelt die Nachfolge: Die Eigent\u00fcmer verkaufen ihr Unternehmen an die Inovu Gruppe mit dem Fokus #MedTech.\" \/>\n<script type=\"application\/ld+json\" class=\"yoast-schema-graph\">{\"@context\":\"https:\\\/\\\/schema.org\",\"@graph\":[{\"@type\":\"Article\",\"@id\":\"https:\\\/\\\/www.organisator.ch\\\/management\\\/2019-12-12\\\/neu-formierte-schweizer-industriegruppe-mit-fokus-medtech\\\/#article\",\"isPartOf\":{\"@id\":\"https:\\\/\\\/www.organisator.ch\\\/management\\\/2019-12-12\\\/neu-formierte-schweizer-industriegruppe-mit-fokus-medtech\\\/\"},\"author\":{\"name\":\"thomas.berner\",\"@id\":\"https:\\\/\\\/www.organisator.ch\\\/#\\\/schema\\\/person\\\/6f650f90b2842cd4c0cc334b4e36f67e\"},\"headline\":\"Neu formierte Schweizer Industriegruppe mit Fokus MedTech\",\"datePublished\":\"2019-12-12T09:58:11+00:00\",\"mainEntityOfPage\":{\"@id\":\"https:\\\/\\\/www.organisator.ch\\\/management\\\/2019-12-12\\\/neu-formierte-schweizer-industriegruppe-mit-fokus-medtech\\\/\"},\"wordCount\":517,\"publisher\":{\"@id\":\"https:\\\/\\\/www.organisator.ch\\\/#organization\"},\"image\":{\"@id\":\"https:\\\/\\\/www.organisator.ch\\\/management\\\/2019-12-12\\\/neu-formierte-schweizer-industriegruppe-mit-fokus-medtech\\\/#primaryimage\"},\"thumbnailUrl\":\"https:\\\/\\\/www.organisator.ch\\\/wp-content\\\/uploads\\\/2019\\\/12\\\/Neu-formierte-Schweizer-Industriegruppe-mit-Fokus-MedTech_Organisator.jpg\",\"keywords\":[\"Firmennachfolge\",\"Management und Unternehmensf\u00fchrung\",\"Unternehmen\"],\"articleSection\":[\"MANAGEMENT\"],\"inLanguage\":\"fr-FR\"},{\"@type\":\"WebPage\",\"@id\":\"https:\\\/\\\/www.organisator.ch\\\/management\\\/2019-12-12\\\/neu-formierte-schweizer-industriegruppe-mit-fokus-medtech\\\/\",\"url\":\"https:\\\/\\\/www.organisator.ch\\\/management\\\/2019-12-12\\\/neu-formierte-schweizer-industriegruppe-mit-fokus-medtech\\\/\",\"name\":\"Neu formierte Schweizer Industriegruppe mit Fokus MedTech - Organisator\",\"isPartOf\":{\"@id\":\"https:\\\/\\\/www.organisator.ch\\\/#website\"},\"primaryImageOfPage\":{\"@id\":\"https:\\\/\\\/www.organisator.ch\\\/management\\\/2019-12-12\\\/neu-formierte-schweizer-industriegruppe-mit-fokus-medtech\\\/#primaryimage\"},\"image\":{\"@id\":\"https:\\\/\\\/www.organisator.ch\\\/management\\\/2019-12-12\\\/neu-formierte-schweizer-industriegruppe-mit-fokus-medtech\\\/#primaryimage\"},\"thumbnailUrl\":\"https:\\\/\\\/www.organisator.ch\\\/wp-content\\\/uploads\\\/2019\\\/12\\\/Neu-formierte-Schweizer-Industriegruppe-mit-Fokus-MedTech_Organisator.jpg\",\"datePublished\":\"2019-12-12T09:58:11+00:00\",\"description\":\"Die Jossi AG mit Sitz in Islikon (TG) regelt die Nachfolge: Die Eigent\u00fcmer verkaufen ihr Unternehmen an die Inovu Gruppe mit dem Fokus MedTech.\",\"breadcrumb\":{\"@id\":\"https:\\\/\\\/www.organisator.ch\\\/management\\\/2019-12-12\\\/neu-formierte-schweizer-industriegruppe-mit-fokus-medtech\\\/#breadcrumb\"},\"inLanguage\":\"fr-FR\",\"potentialAction\":[{\"@type\":\"ReadAction\",\"target\":[\"https:\\\/\\\/www.organisator.ch\\\/management\\\/2019-12-12\\\/neu-formierte-schweizer-industriegruppe-mit-fokus-medtech\\\/\"]}]},{\"@type\":\"ImageObject\",\"inLanguage\":\"fr-FR\",\"@id\":\"https:\\\/\\\/www.organisator.ch\\\/management\\\/2019-12-12\\\/neu-formierte-schweizer-industriegruppe-mit-fokus-medtech\\\/#primaryimage\",\"url\":\"https:\\\/\\\/www.organisator.ch\\\/wp-content\\\/uploads\\\/2019\\\/12\\\/Neu-formierte-Schweizer-Industriegruppe-mit-Fokus-MedTech_Organisator.jpg\",\"contentUrl\":\"https:\\\/\\\/www.organisator.ch\\\/wp-content\\\/uploads\\\/2019\\\/12\\\/Neu-formierte-Schweizer-Industriegruppe-mit-Fokus-MedTech_Organisator.jpg\",\"width\":680,\"height\":76},{\"@type\":\"BreadcrumbList\",\"@id\":\"https:\\\/\\\/www.organisator.ch\\\/management\\\/2019-12-12\\\/neu-formierte-schweizer-industriegruppe-mit-fokus-medtech\\\/#breadcrumb\",\"itemListElement\":[{\"@type\":\"ListItem\",\"position\":1,\"name\":\"Home\",\"item\":\"https:\\\/\\\/www.organisator.ch\\\/\"},{\"@type\":\"ListItem\",\"position\":2,\"name\":\"Neu formierte Schweizer Industriegruppe mit Fokus MedTech\"}]},{\"@type\":\"WebSite\",\"@id\":\"https:\\\/\\\/www.organisator.ch\\\/#website\",\"url\":\"https:\\\/\\\/www.organisator.ch\\\/\",\"name\":\"Organisator\",\"description\":\"Kompetent. Praxisnah. Der ORGANISATOR bereitet in 10 Ausgaben pro Jahr die wesentlichen Themen f\u00fcr F\u00fchrungskr\u00e4fte von KMU auf.\",\"publisher\":{\"@id\":\"https:\\\/\\\/www.organisator.ch\\\/#organization\"},\"potentialAction\":[{\"@type\":\"SearchAction\",\"target\":{\"@type\":\"EntryPoint\",\"urlTemplate\":\"https:\\\/\\\/www.organisator.ch\\\/?s={search_term_string}\"},\"query-input\":{\"@type\":\"PropertyValueSpecification\",\"valueRequired\":true,\"valueName\":\"search_term_string\"}}],\"inLanguage\":\"fr-FR\"},{\"@type\":\"Organization\",\"@id\":\"https:\\\/\\\/www.organisator.ch\\\/#organization\",\"name\":\"Organisator\",\"url\":\"https:\\\/\\\/www.organisator.ch\\\/\",\"logo\":{\"@type\":\"ImageObject\",\"inLanguage\":\"fr-FR\",\"@id\":\"https:\\\/\\\/www.organisator.ch\\\/#\\\/schema\\\/logo\\\/image\\\/\",\"url\":\"https:\\\/\\\/www.organisator.ch\\\/wp-content\\\/uploads\\\/2022\\\/01\\\/Logo_Organisator_Website.png\",\"contentUrl\":\"https:\\\/\\\/www.organisator.ch\\\/wp-content\\\/uploads\\\/2022\\\/01\\\/Logo_Organisator_Website.png\",\"width\":800,\"height\":77,\"caption\":\"Organisator\"},\"image\":{\"@id\":\"https:\\\/\\\/www.organisator.ch\\\/#\\\/schema\\\/logo\\\/image\\\/\"},\"sameAs\":[\"https:\\\/\\\/www.facebook.com\\\/OrganisatorFachmagazin\",\"https:\\\/\\\/www.linkedin.com\\\/showcase\\\/organisator-das-magazin-fr-kmu\",\"https:\\\/\\\/www.xing.com\\\/news\\\/pages\\\/organisator-ch-695\",\"https:\\\/\\\/www.youtube.com\\\/channel\\\/UCGP2Sq0iWaZwT3BdIAQFYpw\"]},{\"@type\":\"Person\",\"@id\":\"https:\\\/\\\/www.organisator.ch\\\/#\\\/schema\\\/person\\\/6f650f90b2842cd4c0cc334b4e36f67e\",\"name\":\"thomas.berner\",\"image\":{\"@type\":\"ImageObject\",\"inLanguage\":\"fr-FR\",\"@id\":\"https:\\\/\\\/secure.gravatar.com\\\/avatar\\\/ac5001d2a36cb6c6cd3e50789007ffca834b477b74a2144564522e944eabff61?s=96&d=mm&r=g\",\"url\":\"https:\\\/\\\/secure.gravatar.com\\\/avatar\\\/ac5001d2a36cb6c6cd3e50789007ffca834b477b74a2144564522e944eabff61?s=96&d=mm&r=g\",\"contentUrl\":\"https:\\\/\\\/secure.gravatar.com\\\/avatar\\\/ac5001d2a36cb6c6cd3e50789007ffca834b477b74a2144564522e944eabff61?s=96&d=mm&r=g\",\"caption\":\"thomas.berner\"},\"url\":\"https:\\\/\\\/www.organisator.ch\\\/fr\\\/author\\\/thomas-berner\\\/\"}]}<\/script>\n<!-- \/ Yoast SEO plugin. -->","yoast_head_json":{"title":"Groupe industriel suisse nouvellement form\u00e9, ax\u00e9 sur les technologies m\u00e9dicales - Organisateur","description":"La soci\u00e9t\u00e9 Jossi AG, dont le si\u00e8ge est \u00e0 Islikon (TG), r\u00e8gle sa succession : les propri\u00e9taires vendent leur entreprise au groupe Inovu, sp\u00e9cialis\u00e9 dans les technologies m\u00e9dicales.","robots":{"index":"index","follow":"follow","max-snippet":"max-snippet:-1","max-image-preview":"max-image-preview:large","max-video-preview":"max-video-preview:-1"},"canonical":"https:\/\/www.organisator.ch\/fr\/gestion-2\/2019-12-12\/neu-formierte-schweizer-industriegruppe-mit-fokus-medtech\/","og_locale":"fr_FR","og_type":"article","og_title":"Neu formierte Schweizer Industriegruppe mit Fokus MedTech","og_description":"Die Jossi AG mit Sitz in Islikon (TG) regelt die Nachfolge: Die Eigent\u00fcmer verkaufen ihr Unternehmen an die Inovu Gruppe mit dem Fokus MedTech.","og_url":"https:\/\/www.organisator.ch\/fr\/gestion-2\/2019-12-12\/neu-formierte-schweizer-industriegruppe-mit-fokus-medtech\/","og_site_name":"Organisator","article_publisher":"https:\/\/www.facebook.com\/OrganisatorFachmagazin","article_published_time":"2019-12-12T09:58:11+00:00","author":"thomas.berner","twitter_card":"summary_large_image","twitter_title":"Neu formierte Schweizer #Industriegruppe mit Fokus #MedTech","twitter_description":"Die Jossi AG mit Sitz in Islikon (TG) regelt die Nachfolge: Die Eigent\u00fcmer verkaufen ihr Unternehmen an die Inovu Gruppe mit dem Fokus #MedTech.","schema":{"@context":"https:\/\/schema.org","@graph":[{"@type":"Article","@id":"https:\/\/www.organisator.ch\/management\/2019-12-12\/neu-formierte-schweizer-industriegruppe-mit-fokus-medtech\/#article","isPartOf":{"@id":"https:\/\/www.organisator.ch\/management\/2019-12-12\/neu-formierte-schweizer-industriegruppe-mit-fokus-medtech\/"},"author":{"name":"thomas.berner","@id":"https:\/\/www.organisator.ch\/#\/schema\/person\/6f650f90b2842cd4c0cc334b4e36f67e"},"headline":"Neu formierte Schweizer Industriegruppe mit Fokus MedTech","datePublished":"2019-12-12T09:58:11+00:00","mainEntityOfPage":{"@id":"https:\/\/www.organisator.ch\/management\/2019-12-12\/neu-formierte-schweizer-industriegruppe-mit-fokus-medtech\/"},"wordCount":517,"publisher":{"@id":"https:\/\/www.organisator.ch\/#organization"},"image":{"@id":"https:\/\/www.organisator.ch\/management\/2019-12-12\/neu-formierte-schweizer-industriegruppe-mit-fokus-medtech\/#primaryimage"},"thumbnailUrl":"https:\/\/www.organisator.ch\/wp-content\/uploads\/2019\/12\/Neu-formierte-Schweizer-Industriegruppe-mit-Fokus-MedTech_Organisator.jpg","keywords":["Firmennachfolge","Management und Unternehmensf\u00fchrung","Unternehmen"],"articleSection":["MANAGEMENT"],"inLanguage":"fr-FR"},{"@type":"WebPage","@id":"https:\/\/www.organisator.ch\/management\/2019-12-12\/neu-formierte-schweizer-industriegruppe-mit-fokus-medtech\/","url":"https:\/\/www.organisator.ch\/management\/2019-12-12\/neu-formierte-schweizer-industriegruppe-mit-fokus-medtech\/","name":"Groupe industriel suisse nouvellement form\u00e9, ax\u00e9 sur les technologies m\u00e9dicales - Organisateur","isPartOf":{"@id":"https:\/\/www.organisator.ch\/#website"},"primaryImageOfPage":{"@id":"https:\/\/www.organisator.ch\/management\/2019-12-12\/neu-formierte-schweizer-industriegruppe-mit-fokus-medtech\/#primaryimage"},"image":{"@id":"https:\/\/www.organisator.ch\/management\/2019-12-12\/neu-formierte-schweizer-industriegruppe-mit-fokus-medtech\/#primaryimage"},"thumbnailUrl":"https:\/\/www.organisator.ch\/wp-content\/uploads\/2019\/12\/Neu-formierte-Schweizer-Industriegruppe-mit-Fokus-MedTech_Organisator.jpg","datePublished":"2019-12-12T09:58:11+00:00","description":"La soci\u00e9t\u00e9 Jossi AG, dont le si\u00e8ge est \u00e0 Islikon (TG), r\u00e8gle sa succession : les propri\u00e9taires vendent leur entreprise au groupe Inovu, sp\u00e9cialis\u00e9 dans les technologies m\u00e9dicales.","breadcrumb":{"@id":"https:\/\/www.organisator.ch\/management\/2019-12-12\/neu-formierte-schweizer-industriegruppe-mit-fokus-medtech\/#breadcrumb"},"inLanguage":"fr-FR","potentialAction":[{"@type":"ReadAction","target":["https:\/\/www.organisator.ch\/management\/2019-12-12\/neu-formierte-schweizer-industriegruppe-mit-fokus-medtech\/"]}]},{"@type":"ImageObject","inLanguage":"fr-FR","@id":"https:\/\/www.organisator.ch\/management\/2019-12-12\/neu-formierte-schweizer-industriegruppe-mit-fokus-medtech\/#primaryimage","url":"https:\/\/www.organisator.ch\/wp-content\/uploads\/2019\/12\/Neu-formierte-Schweizer-Industriegruppe-mit-Fokus-MedTech_Organisator.jpg","contentUrl":"https:\/\/www.organisator.ch\/wp-content\/uploads\/2019\/12\/Neu-formierte-Schweizer-Industriegruppe-mit-Fokus-MedTech_Organisator.jpg","width":680,"height":76},{"@type":"BreadcrumbList","@id":"https:\/\/www.organisator.ch\/management\/2019-12-12\/neu-formierte-schweizer-industriegruppe-mit-fokus-medtech\/#breadcrumb","itemListElement":[{"@type":"ListItem","position":1,"name":"Home","item":"https:\/\/www.organisator.ch\/"},{"@type":"ListItem","position":2,"name":"Neu formierte Schweizer Industriegruppe mit Fokus MedTech"}]},{"@type":"WebSite","@id":"https:\/\/www.organisator.ch\/#website","url":"https:\/\/www.organisator.ch\/","name":"Organisateur","description":"Comp\u00e9tence et comp\u00e9tence. Proches de la pratique. L'ORGANISATEUR pr\u00e9pare 10 num\u00e9ros par an sur les th\u00e8mes essentiels pour les dirigeants de PME.","publisher":{"@id":"https:\/\/www.organisator.ch\/#organization"},"potentialAction":[{"@type":"SearchAction","target":{"@type":"EntryPoint","urlTemplate":"https:\/\/www.organisator.ch\/?s={search_term_string}"},"query-input":{"@type":"PropertyValueSpecification","valueRequired":true,"valueName":"search_term_string"}}],"inLanguage":"fr-FR"},{"@type":"Organization","@id":"https:\/\/www.organisator.ch\/#organization","name":"Organisateur","url":"https:\/\/www.organisator.ch\/","logo":{"@type":"ImageObject","inLanguage":"fr-FR","@id":"https:\/\/www.organisator.ch\/#\/schema\/logo\/image\/","url":"https:\/\/www.organisator.ch\/wp-content\/uploads\/2022\/01\/Logo_Organisator_Website.png","contentUrl":"https:\/\/www.organisator.ch\/wp-content\/uploads\/2022\/01\/Logo_Organisator_Website.png","width":800,"height":77,"caption":"Organisator"},"image":{"@id":"https:\/\/www.organisator.ch\/#\/schema\/logo\/image\/"},"sameAs":["https:\/\/www.facebook.com\/OrganisatorFachmagazin","https:\/\/www.linkedin.com\/showcase\/organisator-das-magazin-fr-kmu","https:\/\/www.xing.com\/news\/pages\/organisator-ch-695","https:\/\/www.youtube.com\/channel\/UCGP2Sq0iWaZwT3BdIAQFYpw"]},{"@type":"Person","@id":"https:\/\/www.organisator.ch\/#\/schema\/person\/6f650f90b2842cd4c0cc334b4e36f67e","name":"thomas.berner","image":{"@type":"ImageObject","inLanguage":"fr-FR","@id":"https:\/\/secure.gravatar.com\/avatar\/ac5001d2a36cb6c6cd3e50789007ffca834b477b74a2144564522e944eabff61?s=96&d=mm&r=g","url":"https:\/\/secure.gravatar.com\/avatar\/ac5001d2a36cb6c6cd3e50789007ffca834b477b74a2144564522e944eabff61?s=96&d=mm&r=g","contentUrl":"https:\/\/secure.gravatar.com\/avatar\/ac5001d2a36cb6c6cd3e50789007ffca834b477b74a2144564522e944eabff61?s=96&d=mm&r=g","caption":"thomas.berner"},"url":"https:\/\/www.organisator.ch\/fr\/author\/thomas-berner\/"}]}},"_links":{"self":[{"href":"https:\/\/www.organisator.ch\/fr\/wp-json\/wp\/v2\/posts\/8616","targetHints":{"allow":["GET"]}}],"collection":[{"href":"https:\/\/www.organisator.ch\/fr\/wp-json\/wp\/v2\/posts"}],"about":[{"href":"https:\/\/www.organisator.ch\/fr\/wp-json\/wp\/v2\/types\/post"}],"author":[{"embeddable":true,"href":"https:\/\/www.organisator.ch\/fr\/wp-json\/wp\/v2\/users\/4"}],"replies":[{"embeddable":true,"href":"https:\/\/www.organisator.ch\/fr\/wp-json\/wp\/v2\/comments?post=8616"}],"version-history":[{"count":0,"href":"https:\/\/www.organisator.ch\/fr\/wp-json\/wp\/v2\/posts\/8616\/revisions"}],"wp:featuredmedia":[{"embeddable":true,"href":"https:\/\/www.organisator.ch\/fr\/wp-json\/wp\/v2\/media\/8539"}],"wp:attachment":[{"href":"https:\/\/www.organisator.ch\/fr\/wp-json\/wp\/v2\/media?parent=8616"}],"wp:term":[{"taxonomy":"category","embeddable":true,"href":"https:\/\/www.organisator.ch\/fr\/wp-json\/wp\/v2\/categories?post=8616"},{"taxonomy":"post_tag","embeddable":true,"href":"https:\/\/www.organisator.ch\/fr\/wp-json\/wp\/v2\/tags?post=8616"}],"curies":[{"name":"wp","href":"https:\/\/api.w.org\/{rel}","templated":true}]}}