{"id":8620,"date":"2019-12-18T16:05:31","date_gmt":"2019-12-18T15:05:31","guid":{"rendered":"https:\/\/www.organisator.ch\/?p=6172"},"modified":"2019-12-18T16:05:31","modified_gmt":"2019-12-18T15:05:31","slug":"bueroadministration-swiss21-org-wird-um-ein-crm-erweitert","status":"publish","type":"post","link":"https:\/\/www.organisator.ch\/fr\/management\/it\/2019-12-18\/bueroadministration-swiss21-org-wird-um-ein-crm-erweitert\/","title":{"rendered":"Administration de bureau : Swiss21.org s'enrichit d'un CRM"},"content":{"rendered":"<figure id=\"attachment_6173\" aria-describedby=\"caption-attachment-6173\" style=\"width: 680px\" class=\"wp-caption alignnone\"><img loading=\"lazy\" decoding=\"async\" class=\"size-medium wp-image-6173\" src=\"https:\/\/www.organisator.ch\/wp-content\/uploads\/2019\/12\/Bueroadministration-Swiss21org-wird-um-ein-CRM-erweitert_Organisator.jpg\" alt=\"\" width=\"680\" height=\"213\" \/><figcaption id=\"caption-attachment-6173\" class=\"wp-caption-text\">Administration de bureau avec gestion des offres et de la comptabilit\u00e9, comptabilit\u00e9 automatis\u00e9e, boutique en ligne et autres fonctions : Swiss21 s'enrichit d\u00e9sormais d'un CRM. (Image symbolique : Pixabay.com)<\/figcaption><\/figure>\n<p>La solution d'administration de bureau de Swiss21.org compte aujourd'hui 19 000 comptes. Ces utilisateurs peuvent d\u00e9sormais num\u00e9riser et automatiser les processus de marketing et de vente.<\/p>\n<h2>Encore plus de possibilit\u00e9s avec le CRM<\/h2>\n<p>Jusqu'\u00e0 pr\u00e9sent, les entreprises disposaient d\u00e9j\u00e0, avec Swiss21 et les fonctions de factures et d'offres, de comptabilit\u00e9, de connexion bancaire, de boutique en ligne et de caisse en ligne, de possibilit\u00e9s \u00e9tendues pour organiser efficacement leur travail de bureau quotidien et gagner beaucoup de temps. Maintenant, avec le CRM, qui est \u00e9galement enti\u00e8rement int\u00e9gr\u00e9 dans l'\u00e9cosyst\u00e8me, les entreprises ont la possibilit\u00e9 de s'orienter efficacement et de mani\u00e8re cibl\u00e9e vers le march\u00e9 et les clients. Le CRM provient de CAS Software AG, le leader allemand du march\u00e9 du CRM &amp; xRM pour les moyennes entreprises. Swiss21 s'enrichit ainsi d'un concentr\u00e9 de savoir-faire et d'exp\u00e9rience. \"D\u00e8s le d\u00e9but, nous avons trouv\u00e9 le projet Swiss21.org passionnant et r\u00e9volutionnaire\", explique Martin Hubschneider, membre du directoire de CAS Software AG, \"Nous sommes tr\u00e8s heureux que notre solution CRM SmartWe compl\u00e8te d\u00e8s \u00e0 pr\u00e9sent la solution cloud gratuite et int\u00e9gr\u00e9e Swiss21.org\".<\/p>\n<h2>V\u00e9ritable utilit\u00e9 dans la pratique quotidienne de l'administration de bureau<\/h2>\n<p>\"Swiss21.org propose d\u00e9sormais, gr\u00e2ce \u00e0 la collaboration du leader du march\u00e9 ERP Abacus, du fournisseur leader de CRM CAS Software SA et de Glarotech GmbH, une offre gratuite qui n'a encore jamais exist\u00e9 sous cette forme en Suisse\", d\u00e9clare avec conviction Walter Regli, directeur de Swiss21.org. Dans la pratique, cela signifie un gain d'efficacit\u00e9, plus de transparence et l'\u00e9tablissement de processus centr\u00e9s sur le client. \"De nombreuses start-up et petites entreprises \u00e9chouent parce qu'elles perdent la vue d'ensemble de leurs finances ou parce qu'elles ne sont pas assez proches du march\u00e9. Swiss21 propose un logiciel complet pour y rem\u00e9dier. Le fait que nous puissions en plus mettre gratuitement sur le march\u00e9 un outil aussi puissant est unique et n'est possible que gr\u00e2ce \u00e0 nos partenaires. Les nombreux retours positifs de nos clients nous r\u00e9jouissent et nous montrent que nous sommes sur la bonne voie\", ajoute Walter Regli.<\/p>\n<h2>Durable et gratuit<\/h2>\n<p>Jusqu'\u00e0 2'100 documents\/an, 2'100 articles dans la boutique et 2'100 contacts, l'offre est gratuite pour l'entreprise. Cela permet de garantir l'absence de co\u00fbts \u00e0 long terme dans une phase de d\u00e9marrage ou pour les petites organisations. Les entreprises informatiques participantes se sont engag\u00e9es \u00e0 maintenir la gratuit\u00e9 \u00e0 plus long terme. Si un utilisateur d\u00e9passe ces limites, il sera factur\u00e9 21 CHF\/mois jusqu'\u00e0 5'000 documents\/an, 5'000 articles ou 5'000 contacts. Il est possible de passer \u00e0 tout moment \u00e0 un autre syst\u00e8me et d'exporter les donn\u00e9es.<\/p>\n<p><em>Source et informations : <a href=\"https:\/\/swiss21.org\/\">https:\/\/swiss21.org\/<\/a><\/em><\/p>","protected":false},"excerpt":{"rendered":"<p>Gut 19&#8217;000 Accounts z\u00e4hlt die L\u00f6sung f\u00fcr B\u00fcroadministration von Swiss21.org heute. Diese Nutzer k\u00f6nnen nun auch Marketing- und Verkaufsprozesse digitalisieren und automatisieren. Noch mehr M\u00f6glichkeiten mit dem CRM Schon bisher hatten Unternehmen mit Swiss21 und den Funktionen Rechnungen und Offerten, Buchhaltung, Bankanbindung, Online Shop und der Online Kasse umfassende M\u00f6glichkeiten, ihren B\u00fcroalltag effizient zu gestalten [&hellip;]<\/p>\n","protected":false},"author":4,"featured_media":8544,"comment_status":"closed","ping_status":"closed","sticky":false,"template":"","format":"standard","meta":{"_acf_changed":false,"_yoast_wpseo_focuskw":"B\u00fcroadministration","_yoast_wpseo_metadesc":"F\u00fcr Kleinunternehmen bietet swiss21.org seit November 2018 eine kostenlose Komplettl\u00f6sung f\u00fcr die B\u00fcroadministration. Neu umfasst diese auch ein CRM.","articlekey":"","footnotes":""},"categories":[27],"tags":[286,288,339,393],"class_list":["post-8620","post","type-post","status-publish","format-standard","has-post-thumbnail","hentry","category-it","tag-it","tag-it-business-software","tag-marketing","tag-produkte"],"acf":[],"yoast_head":"<!-- This site is optimized with the Yoast SEO plugin v27.5 - https:\/\/yoast.com\/product\/yoast-seo-wordpress\/ -->\n<title>B\u00fcroadministration: Swiss21.org wird um ein CRM erweitert - Organisator<\/title>\n<meta name=\"description\" content=\"F\u00fcr Kleinunternehmen bietet swiss21.org seit November 2018 eine kostenlose Komplettl\u00f6sung f\u00fcr die B\u00fcroadministration. Neu umfasst diese auch ein CRM.\" \/>\n<meta name=\"robots\" content=\"index, follow, max-snippet:-1, max-image-preview:large, max-video-preview:-1\" \/>\n<link rel=\"canonical\" href=\"https:\/\/www.organisator.ch\/fr\/gestion-2\/it\/2019-12-18\/bueroadministration-swiss21-org-wird-um-ein-crm-erweitert\/\" \/>\n<meta property=\"og:locale\" content=\"fr_FR\" \/>\n<meta property=\"og:type\" content=\"article\" \/>\n<meta property=\"og:title\" content=\"B\u00fcroadministration: Swiss21.org wird um ein CRM erweitert\" \/>\n<meta property=\"og:description\" content=\"F\u00fcr Kleinunternehmen bietet swiss21.org seit November 2018 eine kostenlose Komplettl\u00f6sung f\u00fcr die B\u00fcroadministration. Neu umfasst diese auch ein CRM.\" \/>\n<meta property=\"og:url\" content=\"https:\/\/www.organisator.ch\/fr\/gestion-2\/it\/2019-12-18\/bueroadministration-swiss21-org-wird-um-ein-crm-erweitert\/\" \/>\n<meta property=\"og:site_name\" content=\"Organisator\" \/>\n<meta property=\"article:publisher\" content=\"https:\/\/www.facebook.com\/OrganisatorFachmagazin\" \/>\n<meta property=\"article:published_time\" content=\"2019-12-18T15:05:31+00:00\" \/>\n<meta property=\"og:image\" content=\"https:\/\/www.organisator.ch\/wp-content\/uploads\/2021\/07\/organisator_2013_3.png\" \/>\n\t<meta property=\"og:image:width\" content=\"654\" \/>\n\t<meta property=\"og:image:height\" content=\"370\" \/>\n\t<meta property=\"og:image:type\" content=\"image\/png\" \/>\n<meta name=\"author\" content=\"thomas.berner\" \/>\n<meta name=\"twitter:card\" content=\"summary_large_image\" \/>\n<meta name=\"twitter:title\" content=\"#B\u00fcroadministration: #Swiss21.org wird um ein #CRM erweitert\" \/>\n<meta name=\"twitter:description\" content=\"F\u00fcr #Kleinunternehmen bietet #swiss21.org seit November 2018 eine kostenlose Komplettl\u00f6sung f\u00fcr die #B\u00fcroadministration. Neu umfasst diese auch ein #CRM.\" \/>\n<meta name=\"twitter:image\" content=\"https:\/\/www.organisator.ch\/wp-content\/uploads\/2021\/07\/organisator_2013_3.png\" \/>\n<script type=\"application\/ld+json\" class=\"yoast-schema-graph\">{\"@context\":\"https:\\\/\\\/schema.org\",\"@graph\":[{\"@type\":\"Article\",\"@id\":\"https:\\\/\\\/www.organisator.ch\\\/management\\\/it\\\/2019-12-18\\\/bueroadministration-swiss21-org-wird-um-ein-crm-erweitert\\\/#article\",\"isPartOf\":{\"@id\":\"https:\\\/\\\/www.organisator.ch\\\/management\\\/it\\\/2019-12-18\\\/bueroadministration-swiss21-org-wird-um-ein-crm-erweitert\\\/\"},\"author\":{\"name\":\"thomas.berner\",\"@id\":\"https:\\\/\\\/www.organisator.ch\\\/#\\\/schema\\\/person\\\/6f650f90b2842cd4c0cc334b4e36f67e\"},\"headline\":\"B\u00fcroadministration: Swiss21.org wird um ein CRM erweitert\",\"datePublished\":\"2019-12-18T15:05:31+00:00\",\"mainEntityOfPage\":{\"@id\":\"https:\\\/\\\/www.organisator.ch\\\/management\\\/it\\\/2019-12-18\\\/bueroadministration-swiss21-org-wird-um-ein-crm-erweitert\\\/\"},\"wordCount\":448,\"publisher\":{\"@id\":\"https:\\\/\\\/www.organisator.ch\\\/#organization\"},\"image\":{\"@id\":\"https:\\\/\\\/www.organisator.ch\\\/management\\\/it\\\/2019-12-18\\\/bueroadministration-swiss21-org-wird-um-ein-crm-erweitert\\\/#primaryimage\"},\"thumbnailUrl\":\"https:\\\/\\\/www.organisator.ch\\\/wp-content\\\/uploads\\\/2019\\\/12\\\/Bueroadministration-Swiss21org-wird-um-ein-CRM-erweitert_Organisator.jpg\",\"keywords\":[\"IT\",\"IT &amp; Business Software\",\"Marketing\",\"Produkte\"],\"articleSection\":[\"IT\"],\"inLanguage\":\"fr-FR\"},{\"@type\":\"WebPage\",\"@id\":\"https:\\\/\\\/www.organisator.ch\\\/management\\\/it\\\/2019-12-18\\\/bueroadministration-swiss21-org-wird-um-ein-crm-erweitert\\\/\",\"url\":\"https:\\\/\\\/www.organisator.ch\\\/management\\\/it\\\/2019-12-18\\\/bueroadministration-swiss21-org-wird-um-ein-crm-erweitert\\\/\",\"name\":\"B\u00fcroadministration: Swiss21.org wird um ein CRM erweitert - Organisator\",\"isPartOf\":{\"@id\":\"https:\\\/\\\/www.organisator.ch\\\/#website\"},\"primaryImageOfPage\":{\"@id\":\"https:\\\/\\\/www.organisator.ch\\\/management\\\/it\\\/2019-12-18\\\/bueroadministration-swiss21-org-wird-um-ein-crm-erweitert\\\/#primaryimage\"},\"image\":{\"@id\":\"https:\\\/\\\/www.organisator.ch\\\/management\\\/it\\\/2019-12-18\\\/bueroadministration-swiss21-org-wird-um-ein-crm-erweitert\\\/#primaryimage\"},\"thumbnailUrl\":\"https:\\\/\\\/www.organisator.ch\\\/wp-content\\\/uploads\\\/2019\\\/12\\\/Bueroadministration-Swiss21org-wird-um-ein-CRM-erweitert_Organisator.jpg\",\"datePublished\":\"2019-12-18T15:05:31+00:00\",\"description\":\"F\u00fcr Kleinunternehmen bietet swiss21.org seit November 2018 eine kostenlose Komplettl\u00f6sung f\u00fcr die B\u00fcroadministration. Neu umfasst diese auch ein CRM.\",\"breadcrumb\":{\"@id\":\"https:\\\/\\\/www.organisator.ch\\\/management\\\/it\\\/2019-12-18\\\/bueroadministration-swiss21-org-wird-um-ein-crm-erweitert\\\/#breadcrumb\"},\"inLanguage\":\"fr-FR\",\"potentialAction\":[{\"@type\":\"ReadAction\",\"target\":[\"https:\\\/\\\/www.organisator.ch\\\/management\\\/it\\\/2019-12-18\\\/bueroadministration-swiss21-org-wird-um-ein-crm-erweitert\\\/\"]}]},{\"@type\":\"ImageObject\",\"inLanguage\":\"fr-FR\",\"@id\":\"https:\\\/\\\/www.organisator.ch\\\/management\\\/it\\\/2019-12-18\\\/bueroadministration-swiss21-org-wird-um-ein-crm-erweitert\\\/#primaryimage\",\"url\":\"https:\\\/\\\/www.organisator.ch\\\/wp-content\\\/uploads\\\/2019\\\/12\\\/Bueroadministration-Swiss21org-wird-um-ein-CRM-erweitert_Organisator.jpg\",\"contentUrl\":\"https:\\\/\\\/www.organisator.ch\\\/wp-content\\\/uploads\\\/2019\\\/12\\\/Bueroadministration-Swiss21org-wird-um-ein-CRM-erweitert_Organisator.jpg\",\"width\":680,\"height\":213,\"caption\":\"B\u00fcroadministration mit Offert- und Rechnungswesen, automatisierte Buchhaltung, einen Online Shop und weitere Funktionen: Swiss21 wird nun um ein CRM erweitert. (Symbolbild: Pixabay.com\"},{\"@type\":\"BreadcrumbList\",\"@id\":\"https:\\\/\\\/www.organisator.ch\\\/management\\\/it\\\/2019-12-18\\\/bueroadministration-swiss21-org-wird-um-ein-crm-erweitert\\\/#breadcrumb\",\"itemListElement\":[{\"@type\":\"ListItem\",\"position\":1,\"name\":\"Home\",\"item\":\"https:\\\/\\\/www.organisator.ch\\\/\"},{\"@type\":\"ListItem\",\"position\":2,\"name\":\"B\u00fcroadministration: Swiss21.org wird um ein CRM erweitert\"}]},{\"@type\":\"WebSite\",\"@id\":\"https:\\\/\\\/www.organisator.ch\\\/#website\",\"url\":\"https:\\\/\\\/www.organisator.ch\\\/\",\"name\":\"Organisator\",\"description\":\"Kompetent. Praxisnah. Der ORGANISATOR bereitet in 10 Ausgaben pro Jahr die wesentlichen Themen f\u00fcr F\u00fchrungskr\u00e4fte von KMU auf.\",\"publisher\":{\"@id\":\"https:\\\/\\\/www.organisator.ch\\\/#organization\"},\"potentialAction\":[{\"@type\":\"SearchAction\",\"target\":{\"@type\":\"EntryPoint\",\"urlTemplate\":\"https:\\\/\\\/www.organisator.ch\\\/?s={search_term_string}\"},\"query-input\":{\"@type\":\"PropertyValueSpecification\",\"valueRequired\":true,\"valueName\":\"search_term_string\"}}],\"inLanguage\":\"fr-FR\"},{\"@type\":\"Organization\",\"@id\":\"https:\\\/\\\/www.organisator.ch\\\/#organization\",\"name\":\"Organisator\",\"url\":\"https:\\\/\\\/www.organisator.ch\\\/\",\"logo\":{\"@type\":\"ImageObject\",\"inLanguage\":\"fr-FR\",\"@id\":\"https:\\\/\\\/www.organisator.ch\\\/#\\\/schema\\\/logo\\\/image\\\/\",\"url\":\"https:\\\/\\\/www.organisator.ch\\\/wp-content\\\/uploads\\\/2022\\\/01\\\/Logo_Organisator_Website.png\",\"contentUrl\":\"https:\\\/\\\/www.organisator.ch\\\/wp-content\\\/uploads\\\/2022\\\/01\\\/Logo_Organisator_Website.png\",\"width\":800,\"height\":77,\"caption\":\"Organisator\"},\"image\":{\"@id\":\"https:\\\/\\\/www.organisator.ch\\\/#\\\/schema\\\/logo\\\/image\\\/\"},\"sameAs\":[\"https:\\\/\\\/www.facebook.com\\\/OrganisatorFachmagazin\",\"https:\\\/\\\/www.linkedin.com\\\/showcase\\\/organisator-das-magazin-fr-kmu\",\"https:\\\/\\\/www.xing.com\\\/news\\\/pages\\\/organisator-ch-695\",\"https:\\\/\\\/www.youtube.com\\\/channel\\\/UCGP2Sq0iWaZwT3BdIAQFYpw\"]},{\"@type\":\"Person\",\"@id\":\"https:\\\/\\\/www.organisator.ch\\\/#\\\/schema\\\/person\\\/6f650f90b2842cd4c0cc334b4e36f67e\",\"name\":\"thomas.berner\",\"image\":{\"@type\":\"ImageObject\",\"inLanguage\":\"fr-FR\",\"@id\":\"https:\\\/\\\/secure.gravatar.com\\\/avatar\\\/ac5001d2a36cb6c6cd3e50789007ffca834b477b74a2144564522e944eabff61?s=96&d=mm&r=g\",\"url\":\"https:\\\/\\\/secure.gravatar.com\\\/avatar\\\/ac5001d2a36cb6c6cd3e50789007ffca834b477b74a2144564522e944eabff61?s=96&d=mm&r=g\",\"contentUrl\":\"https:\\\/\\\/secure.gravatar.com\\\/avatar\\\/ac5001d2a36cb6c6cd3e50789007ffca834b477b74a2144564522e944eabff61?s=96&d=mm&r=g\",\"caption\":\"thomas.berner\"},\"url\":\"https:\\\/\\\/www.organisator.ch\\\/fr\\\/author\\\/thomas-berner\\\/\"}]}<\/script>\n<!-- \/ Yoast SEO plugin. -->","yoast_head_json":{"title":"Administration de bureau : Swiss21.org s'enrichit d'un CRM - Organisateur","description":"Pour les petites entreprises, swiss21.org propose depuis novembre 2018 une solution compl\u00e8te et gratuite pour l'administration de bureau. D\u00e9sormais, celle-ci comprend \u00e9galement un CRM.","robots":{"index":"index","follow":"follow","max-snippet":"max-snippet:-1","max-image-preview":"max-image-preview:large","max-video-preview":"max-video-preview:-1"},"canonical":"https:\/\/www.organisator.ch\/fr\/gestion-2\/it\/2019-12-18\/bueroadministration-swiss21-org-wird-um-ein-crm-erweitert\/","og_locale":"fr_FR","og_type":"article","og_title":"B\u00fcroadministration: Swiss21.org wird um ein CRM erweitert","og_description":"F\u00fcr Kleinunternehmen bietet swiss21.org seit November 2018 eine kostenlose Komplettl\u00f6sung f\u00fcr die B\u00fcroadministration. Neu umfasst diese auch ein CRM.","og_url":"https:\/\/www.organisator.ch\/fr\/gestion-2\/it\/2019-12-18\/bueroadministration-swiss21-org-wird-um-ein-crm-erweitert\/","og_site_name":"Organisator","article_publisher":"https:\/\/www.facebook.com\/OrganisatorFachmagazin","article_published_time":"2019-12-18T15:05:31+00:00","og_image":[{"width":654,"height":370,"url":"https:\/\/www.organisator.ch\/wp-content\/uploads\/2021\/07\/organisator_2013_3.png","type":"image\/png"}],"author":"thomas.berner","twitter_card":"summary_large_image","twitter_title":"#B\u00fcroadministration: #Swiss21.org wird um ein #CRM erweitert","twitter_description":"F\u00fcr #Kleinunternehmen bietet #swiss21.org seit November 2018 eine kostenlose Komplettl\u00f6sung f\u00fcr die #B\u00fcroadministration. Neu umfasst diese auch ein #CRM.","twitter_image":"https:\/\/www.organisator.ch\/wp-content\/uploads\/2021\/07\/organisator_2013_3.png","schema":{"@context":"https:\/\/schema.org","@graph":[{"@type":"Article","@id":"https:\/\/www.organisator.ch\/management\/it\/2019-12-18\/bueroadministration-swiss21-org-wird-um-ein-crm-erweitert\/#article","isPartOf":{"@id":"https:\/\/www.organisator.ch\/management\/it\/2019-12-18\/bueroadministration-swiss21-org-wird-um-ein-crm-erweitert\/"},"author":{"name":"thomas.berner","@id":"https:\/\/www.organisator.ch\/#\/schema\/person\/6f650f90b2842cd4c0cc334b4e36f67e"},"headline":"B\u00fcroadministration: Swiss21.org wird um ein CRM erweitert","datePublished":"2019-12-18T15:05:31+00:00","mainEntityOfPage":{"@id":"https:\/\/www.organisator.ch\/management\/it\/2019-12-18\/bueroadministration-swiss21-org-wird-um-ein-crm-erweitert\/"},"wordCount":448,"publisher":{"@id":"https:\/\/www.organisator.ch\/#organization"},"image":{"@id":"https:\/\/www.organisator.ch\/management\/it\/2019-12-18\/bueroadministration-swiss21-org-wird-um-ein-crm-erweitert\/#primaryimage"},"thumbnailUrl":"https:\/\/www.organisator.ch\/wp-content\/uploads\/2019\/12\/Bueroadministration-Swiss21org-wird-um-ein-CRM-erweitert_Organisator.jpg","keywords":["IT","IT &amp; Business Software","Marketing","Produkte"],"articleSection":["IT"],"inLanguage":"fr-FR"},{"@type":"WebPage","@id":"https:\/\/www.organisator.ch\/management\/it\/2019-12-18\/bueroadministration-swiss21-org-wird-um-ein-crm-erweitert\/","url":"https:\/\/www.organisator.ch\/management\/it\/2019-12-18\/bueroadministration-swiss21-org-wird-um-ein-crm-erweitert\/","name":"Administration de bureau : Swiss21.org s'enrichit d'un CRM - Organisateur","isPartOf":{"@id":"https:\/\/www.organisator.ch\/#website"},"primaryImageOfPage":{"@id":"https:\/\/www.organisator.ch\/management\/it\/2019-12-18\/bueroadministration-swiss21-org-wird-um-ein-crm-erweitert\/#primaryimage"},"image":{"@id":"https:\/\/www.organisator.ch\/management\/it\/2019-12-18\/bueroadministration-swiss21-org-wird-um-ein-crm-erweitert\/#primaryimage"},"thumbnailUrl":"https:\/\/www.organisator.ch\/wp-content\/uploads\/2019\/12\/Bueroadministration-Swiss21org-wird-um-ein-CRM-erweitert_Organisator.jpg","datePublished":"2019-12-18T15:05:31+00:00","description":"Pour les petites entreprises, swiss21.org propose depuis novembre 2018 une solution compl\u00e8te et gratuite pour l'administration de bureau. D\u00e9sormais, celle-ci comprend \u00e9galement un CRM.","breadcrumb":{"@id":"https:\/\/www.organisator.ch\/management\/it\/2019-12-18\/bueroadministration-swiss21-org-wird-um-ein-crm-erweitert\/#breadcrumb"},"inLanguage":"fr-FR","potentialAction":[{"@type":"ReadAction","target":["https:\/\/www.organisator.ch\/management\/it\/2019-12-18\/bueroadministration-swiss21-org-wird-um-ein-crm-erweitert\/"]}]},{"@type":"ImageObject","inLanguage":"fr-FR","@id":"https:\/\/www.organisator.ch\/management\/it\/2019-12-18\/bueroadministration-swiss21-org-wird-um-ein-crm-erweitert\/#primaryimage","url":"https:\/\/www.organisator.ch\/wp-content\/uploads\/2019\/12\/Bueroadministration-Swiss21org-wird-um-ein-CRM-erweitert_Organisator.jpg","contentUrl":"https:\/\/www.organisator.ch\/wp-content\/uploads\/2019\/12\/Bueroadministration-Swiss21org-wird-um-ein-CRM-erweitert_Organisator.jpg","width":680,"height":213,"caption":"B\u00fcroadministration mit Offert- und Rechnungswesen, automatisierte Buchhaltung, einen Online Shop und weitere Funktionen: Swiss21 wird nun um ein CRM erweitert. (Symbolbild: Pixabay.com"},{"@type":"BreadcrumbList","@id":"https:\/\/www.organisator.ch\/management\/it\/2019-12-18\/bueroadministration-swiss21-org-wird-um-ein-crm-erweitert\/#breadcrumb","itemListElement":[{"@type":"ListItem","position":1,"name":"Home","item":"https:\/\/www.organisator.ch\/"},{"@type":"ListItem","position":2,"name":"B\u00fcroadministration: Swiss21.org wird um ein CRM erweitert"}]},{"@type":"WebSite","@id":"https:\/\/www.organisator.ch\/#website","url":"https:\/\/www.organisator.ch\/","name":"Organisateur","description":"Comp\u00e9tence et comp\u00e9tence. Proches de la pratique. L'ORGANISATEUR pr\u00e9pare 10 num\u00e9ros par an sur les th\u00e8mes essentiels pour les dirigeants de PME.","publisher":{"@id":"https:\/\/www.organisator.ch\/#organization"},"potentialAction":[{"@type":"SearchAction","target":{"@type":"EntryPoint","urlTemplate":"https:\/\/www.organisator.ch\/?s={search_term_string}"},"query-input":{"@type":"PropertyValueSpecification","valueRequired":true,"valueName":"search_term_string"}}],"inLanguage":"fr-FR"},{"@type":"Organization","@id":"https:\/\/www.organisator.ch\/#organization","name":"Organisateur","url":"https:\/\/www.organisator.ch\/","logo":{"@type":"ImageObject","inLanguage":"fr-FR","@id":"https:\/\/www.organisator.ch\/#\/schema\/logo\/image\/","url":"https:\/\/www.organisator.ch\/wp-content\/uploads\/2022\/01\/Logo_Organisator_Website.png","contentUrl":"https:\/\/www.organisator.ch\/wp-content\/uploads\/2022\/01\/Logo_Organisator_Website.png","width":800,"height":77,"caption":"Organisator"},"image":{"@id":"https:\/\/www.organisator.ch\/#\/schema\/logo\/image\/"},"sameAs":["https:\/\/www.facebook.com\/OrganisatorFachmagazin","https:\/\/www.linkedin.com\/showcase\/organisator-das-magazin-fr-kmu","https:\/\/www.xing.com\/news\/pages\/organisator-ch-695","https:\/\/www.youtube.com\/channel\/UCGP2Sq0iWaZwT3BdIAQFYpw"]},{"@type":"Person","@id":"https:\/\/www.organisator.ch\/#\/schema\/person\/6f650f90b2842cd4c0cc334b4e36f67e","name":"thomas.berner","image":{"@type":"ImageObject","inLanguage":"fr-FR","@id":"https:\/\/secure.gravatar.com\/avatar\/ac5001d2a36cb6c6cd3e50789007ffca834b477b74a2144564522e944eabff61?s=96&d=mm&r=g","url":"https:\/\/secure.gravatar.com\/avatar\/ac5001d2a36cb6c6cd3e50789007ffca834b477b74a2144564522e944eabff61?s=96&d=mm&r=g","contentUrl":"https:\/\/secure.gravatar.com\/avatar\/ac5001d2a36cb6c6cd3e50789007ffca834b477b74a2144564522e944eabff61?s=96&d=mm&r=g","caption":"thomas.berner"},"url":"https:\/\/www.organisator.ch\/fr\/author\/thomas-berner\/"}]}},"_links":{"self":[{"href":"https:\/\/www.organisator.ch\/fr\/wp-json\/wp\/v2\/posts\/8620","targetHints":{"allow":["GET"]}}],"collection":[{"href":"https:\/\/www.organisator.ch\/fr\/wp-json\/wp\/v2\/posts"}],"about":[{"href":"https:\/\/www.organisator.ch\/fr\/wp-json\/wp\/v2\/types\/post"}],"author":[{"embeddable":true,"href":"https:\/\/www.organisator.ch\/fr\/wp-json\/wp\/v2\/users\/4"}],"replies":[{"embeddable":true,"href":"https:\/\/www.organisator.ch\/fr\/wp-json\/wp\/v2\/comments?post=8620"}],"version-history":[{"count":0,"href":"https:\/\/www.organisator.ch\/fr\/wp-json\/wp\/v2\/posts\/8620\/revisions"}],"wp:featuredmedia":[{"embeddable":true,"href":"https:\/\/www.organisator.ch\/fr\/wp-json\/wp\/v2\/media\/8544"}],"wp:attachment":[{"href":"https:\/\/www.organisator.ch\/fr\/wp-json\/wp\/v2\/media?parent=8620"}],"wp:term":[{"taxonomy":"category","embeddable":true,"href":"https:\/\/www.organisator.ch\/fr\/wp-json\/wp\/v2\/categories?post=8620"},{"taxonomy":"post_tag","embeddable":true,"href":"https:\/\/www.organisator.ch\/fr\/wp-json\/wp\/v2\/tags?post=8620"}],"curies":[{"name":"wp","href":"https:\/\/api.w.org\/{rel}","templated":true}]}}