{"id":8624,"date":"2020-01-06T10:01:26","date_gmt":"2020-01-06T09:01:26","guid":{"rendered":"https:\/\/www.organisator.ch\/?p=6196"},"modified":"2020-01-06T10:01:26","modified_gmt":"2020-01-06T09:01:26","slug":"stressfrei-durch-veraenderungsprozesse-ein-maerchen","status":"publish","type":"post","link":"https:\/\/www.organisator.ch\/fr\/management\/2020-01-06\/stressfrei-durch-veraenderungsprozesse-ein-maerchen\/","title":{"rendered":"Un processus de changement sans stress - un conte de f\u00e9es ?"},"content":{"rendered":"<figure id=\"attachment_6198\" aria-describedby=\"caption-attachment-6198\" style=\"width: 680px\" class=\"wp-caption alignnone\"><img loading=\"lazy\" decoding=\"async\" class=\"size-medium wp-image-6198\" src=\"https:\/\/www.organisator.ch\/wp-content\/uploads\/2020\/01\/Stressfrei-durch-Veraenderungsprozesse-ein-Maerchen_Organisator.jpg\" alt=\"\" width=\"680\" height=\"463\" \/><figcaption id=\"caption-attachment-6198\" class=\"wp-caption-text\">Michael Hoffmann de Nova Change pr\u00e9sente un concept de s\u00e9minaire moderne pour les processus de changement. (Image : zVg Nova Change)<\/figcaption><\/figure>\n<p>En soi, un changement ne promet rien de bon pour les collaborateurs sur le plan \u00e9motionnel. Pour les personnes concern\u00e9es, une nouveaut\u00e9 signifie d'une part un effort d'apprentissage et d'autre part une incertitude quant \u00e0 l'issue et aux cons\u00e9quences personnelles de l'ensemble du projet - m\u00eame les opportunit\u00e9s sont quelque chose d'incertain. C'est l\u00e0 que se cache le potentiel de ce que l'on appelle la r\u00e9sistance, qui, d'un point de vue syst\u00e9mique, repr\u00e9sente une aspiration \u00e0 la stabilit\u00e9 et \u00e0 la s\u00e9curit\u00e9, ce qui est important pour tous les \u00eatres humains, \u00e0 des degr\u00e9s diff\u00e9rents bien s\u00fbr.<\/p>\n<h2>Qu'est-ce qui fait exactement des projets de changement un d\u00e9fi ?<\/h2>\n<p>Plus votre situation de d\u00e9part est stable dans l'esprit des personnes concern\u00e9es, plus le potentiel de r\u00e9sistance est important. Il convient de noter que votre propre perception en tant que manager ou initiateur ne correspond pas \u00e0 la perception de toutes les personnes concern\u00e9es. Bien que les d\u00e9clencheurs du changement soient souvent de nature technique et\/ou strat\u00e9gique, les projets de changement se situent tr\u00e8s rapidement au niveau \u00e9motionnel. Les comp\u00e9tences correspondantes des cadres moyens et sup\u00e9rieurs, mais aussi des collaborateurs, jouent un r\u00f4le d\u00e9cisif dans la gestion des changements. Ce qui est particuli\u00e8rement n\u00e9cessaire, ce sont des comp\u00e9tences sp\u00e9cifiques et douces au sein de l'organisation. Cela se refl\u00e8te \u00e9galement dans l'enqu\u00eate men\u00e9e sur Xing par Nova Change, un r\u00e9seau de coop\u00e9ration compos\u00e9 de plusieurs conseillers en entreprise d'Allemagne et de Suisse.<\/p>\n<h2>Une bonne f\u00e9e pour les processus de changement ?<\/h2>\n<p>A la question : \"Quels v\u0153ux adresseriez-vous \u00e0 une bonne f\u00e9e en ce qui concerne les processus de changement ?\", les managers et les personnes concern\u00e9es r\u00e9pondent entre autres par les affirmations suivantes :<\/p>\n<ul>\n<li>fait en sorte que les r\u00e9sultats soient visibles plus rapidement et que la motivation soit maintenue,<\/li>\n<li>renforce les capacit\u00e9s d'autogestion des collaborateurs dans la gestion de leurs propres peurs et de la r\u00e9sistance,<\/li>\n<li>am\u00e9liore la confiance dans l'exp\u00e9rience des dirigeants,<\/li>\n<li>laisse le management donner l'exemple du changement et y mettre du c\u0153ur,<\/li>\n<li>s'il te pla\u00eet ... fais en sorte que les autres croient aux aspects positifs d'un changement et qu'ils voient plus d'opportunit\u00e9s que de risques !<\/li>\n<\/ul>\n<h2>S'entra\u00eener \u00e0 g\u00e9rer le changement avec une m\u00e9thodologie moderne d'\u00e9ducation des adultes<\/h2>\n<p>Malheureusement, les bonnes f\u00e9es n'existent que dans les contes de f\u00e9es... ou pas ? Nova Change semble en avoir trouv\u00e9 une, sous la forme d'une m\u00e9thode moderne d'apprentissage informatique et de formation des adultes, sp\u00e9cialement con\u00e7ue pour l'accompagnement et la formation dans les projets de changement : Actee Change. Le syst\u00e8me est d\u00e9j\u00e0 largement \u00e9tabli au Danemark et dans certains pays d'Europe du Nord. Avec excitation, curiosit\u00e9 et plaisir, cette m\u00e9thodologie permet de comprendre en tr\u00e8s peu de temps l'aspect \u00e9motionnel de la gestion du changement et de s'entra\u00eener \u00e0 le g\u00e9rer. Une manifestation \u00e0 Soleure permettra de d\u00e9couvrir comment cela fonctionne.<\/p>\n<p><em>S\u00e9minaire : Appr\u00e9hender la gestion du changement <\/em><br \/>\n<em>O\u00f9 : Coworking Uferbau, Ritterquai 8, 4500 Soleure <\/em><br \/>\n<em>Quand : 06.02.2020 09:00 \u00e0 16:00 <\/em><br \/>\n<em>Informations et inscription : <a href=\"https:\/\/www.xing.com\/events\/2391274\">https:\/\/www.xing.com\/events\/2391274<\/a><\/em><\/p>","protected":false},"excerpt":{"rendered":"<p>An sich verspricht eine Ver\u00e4nderung auf der emotionalen Ebene f\u00fcr die Mitarbeitenden noch nichts Gutes. Eine Neuerung bedeutet f\u00fcr die Betroffenen einerseits einen Lernaufwand und andererseits eine Ungewissheit in Bezug auf den Ausgang und pers\u00f6nliche Konsequenzen des gesamten Vorhabens \u2013 auch Chancen sind etwas Ungewisses. Darin verbirgt sich das Potenzial f\u00fcr den sogenannten Widerstand, der [&hellip;]<\/p>\n","protected":false},"author":4,"featured_media":8548,"comment_status":"closed","ping_status":"closed","sticky":false,"template":"","format":"standard","meta":{"_acf_changed":false,"_yoast_wpseo_focuskw":"Ver\u00e4nderungsprozesse","_yoast_wpseo_metadesc":"Ver\u00e4nderungsprozesse sind in der heutigen Gesch\u00e4ftswelt eine allt\u00e4gliche Herausforderung, die nicht selten mit Emotionen und Spannungen verbunden sind.","articlekey":"","footnotes":""},"categories":[28],"tags":[62,193,335,430],"class_list":["post-8624","post","type-post","status-publish","format-standard","has-post-thumbnail","hentry","category-management","tag-aus-weiterbildung","tag-fachkongressfachmesse","tag-management-und-unternehmensfuehrung","tag-seminar"],"acf":[],"yoast_head":"<!-- This site is optimized with the Yoast SEO plugin v27.4 - https:\/\/yoast.com\/product\/yoast-seo-wordpress\/ -->\n<title>Stressfrei durch Ver\u00e4nderungsprozesse \u2013 ein M\u00e4rchen? - Organisator<\/title>\n<meta name=\"description\" content=\"Ver\u00e4nderungsprozesse sind in der heutigen Gesch\u00e4ftswelt eine allt\u00e4gliche Herausforderung, die nicht selten mit Emotionen und Spannungen verbunden sind.\" \/>\n<meta name=\"robots\" content=\"index, follow, max-snippet:-1, max-image-preview:large, max-video-preview:-1\" \/>\n<link rel=\"canonical\" href=\"https:\/\/www.organisator.ch\/fr\/gestion-2\/2020-01-06\/stressfrei-durch-veraenderungsprozesse-ein-maerchen\/\" \/>\n<meta property=\"og:locale\" content=\"fr_FR\" \/>\n<meta property=\"og:type\" content=\"article\" \/>\n<meta property=\"og:title\" content=\"Stressfrei durch Ver\u00e4nderungsprozesse \u2013 ein M\u00e4rchen?\" \/>\n<meta property=\"og:description\" content=\"Ver\u00e4nderungsprozesse sind in der heutigen Gesch\u00e4ftswelt eine allt\u00e4gliche Herausforderung, die nicht selten mit Emotionen und Spannungen verbunden sind.\" \/>\n<meta property=\"og:url\" content=\"https:\/\/www.organisator.ch\/fr\/gestion-2\/2020-01-06\/stressfrei-durch-veraenderungsprozesse-ein-maerchen\/\" \/>\n<meta property=\"og:site_name\" content=\"Organisator\" \/>\n<meta property=\"article:publisher\" content=\"https:\/\/www.facebook.com\/OrganisatorFachmagazin\" \/>\n<meta property=\"article:published_time\" content=\"2020-01-06T09:01:26+00:00\" \/>\n<meta name=\"author\" content=\"thomas.berner\" \/>\n<meta name=\"twitter:card\" content=\"summary_large_image\" \/>\n<meta name=\"twitter:title\" content=\"Stressfrei durch #Ver\u00e4nderungsprozesse \u2013 ein #M\u00e4rchen?\" \/>\n<meta name=\"twitter:description\" content=\"#Ver\u00e4nderungsprozesse sind in der heutigen Gesch\u00e4ftswelt eine allt\u00e4gliche Herausforderung, die nicht selten mit #Emotionen und Spannungen verbunden sind.\" \/>\n<script type=\"application\/ld+json\" class=\"yoast-schema-graph\">{\"@context\":\"https:\\\/\\\/schema.org\",\"@graph\":[{\"@type\":\"Article\",\"@id\":\"https:\\\/\\\/www.organisator.ch\\\/management\\\/2020-01-06\\\/stressfrei-durch-veraenderungsprozesse-ein-maerchen\\\/#article\",\"isPartOf\":{\"@id\":\"https:\\\/\\\/www.organisator.ch\\\/management\\\/2020-01-06\\\/stressfrei-durch-veraenderungsprozesse-ein-maerchen\\\/\"},\"author\":{\"name\":\"thomas.berner\",\"@id\":\"https:\\\/\\\/www.organisator.ch\\\/#\\\/schema\\\/person\\\/6f650f90b2842cd4c0cc334b4e36f67e\"},\"headline\":\"Stressfrei durch Ver\u00e4nderungsprozesse \u2013 ein M\u00e4rchen?\",\"datePublished\":\"2020-01-06T09:01:26+00:00\",\"mainEntityOfPage\":{\"@id\":\"https:\\\/\\\/www.organisator.ch\\\/management\\\/2020-01-06\\\/stressfrei-durch-veraenderungsprozesse-ein-maerchen\\\/\"},\"wordCount\":477,\"publisher\":{\"@id\":\"https:\\\/\\\/www.organisator.ch\\\/#organization\"},\"image\":{\"@id\":\"https:\\\/\\\/www.organisator.ch\\\/management\\\/2020-01-06\\\/stressfrei-durch-veraenderungsprozesse-ein-maerchen\\\/#primaryimage\"},\"thumbnailUrl\":\"https:\\\/\\\/www.organisator.ch\\\/wp-content\\\/uploads\\\/2020\\\/01\\\/Stressfrei-durch-Veraenderungsprozesse-ein-Maerchen_Organisator.jpg\",\"keywords\":[\"Aus-\\\/Weiterbildung\",\"Fachkongress\\\/Fachmesse\",\"Management und Unternehmensf\u00fchrung\",\"Seminar\"],\"articleSection\":[\"MANAGEMENT\"],\"inLanguage\":\"fr-FR\"},{\"@type\":\"WebPage\",\"@id\":\"https:\\\/\\\/www.organisator.ch\\\/management\\\/2020-01-06\\\/stressfrei-durch-veraenderungsprozesse-ein-maerchen\\\/\",\"url\":\"https:\\\/\\\/www.organisator.ch\\\/management\\\/2020-01-06\\\/stressfrei-durch-veraenderungsprozesse-ein-maerchen\\\/\",\"name\":\"Stressfrei durch Ver\u00e4nderungsprozesse \u2013 ein M\u00e4rchen? - Organisator\",\"isPartOf\":{\"@id\":\"https:\\\/\\\/www.organisator.ch\\\/#website\"},\"primaryImageOfPage\":{\"@id\":\"https:\\\/\\\/www.organisator.ch\\\/management\\\/2020-01-06\\\/stressfrei-durch-veraenderungsprozesse-ein-maerchen\\\/#primaryimage\"},\"image\":{\"@id\":\"https:\\\/\\\/www.organisator.ch\\\/management\\\/2020-01-06\\\/stressfrei-durch-veraenderungsprozesse-ein-maerchen\\\/#primaryimage\"},\"thumbnailUrl\":\"https:\\\/\\\/www.organisator.ch\\\/wp-content\\\/uploads\\\/2020\\\/01\\\/Stressfrei-durch-Veraenderungsprozesse-ein-Maerchen_Organisator.jpg\",\"datePublished\":\"2020-01-06T09:01:26+00:00\",\"description\":\"Ver\u00e4nderungsprozesse sind in der heutigen Gesch\u00e4ftswelt eine allt\u00e4gliche Herausforderung, die nicht selten mit Emotionen und Spannungen verbunden sind.\",\"breadcrumb\":{\"@id\":\"https:\\\/\\\/www.organisator.ch\\\/management\\\/2020-01-06\\\/stressfrei-durch-veraenderungsprozesse-ein-maerchen\\\/#breadcrumb\"},\"inLanguage\":\"fr-FR\",\"potentialAction\":[{\"@type\":\"ReadAction\",\"target\":[\"https:\\\/\\\/www.organisator.ch\\\/management\\\/2020-01-06\\\/stressfrei-durch-veraenderungsprozesse-ein-maerchen\\\/\"]}]},{\"@type\":\"ImageObject\",\"inLanguage\":\"fr-FR\",\"@id\":\"https:\\\/\\\/www.organisator.ch\\\/management\\\/2020-01-06\\\/stressfrei-durch-veraenderungsprozesse-ein-maerchen\\\/#primaryimage\",\"url\":\"https:\\\/\\\/www.organisator.ch\\\/wp-content\\\/uploads\\\/2020\\\/01\\\/Stressfrei-durch-Veraenderungsprozesse-ein-Maerchen_Organisator.jpg\",\"contentUrl\":\"https:\\\/\\\/www.organisator.ch\\\/wp-content\\\/uploads\\\/2020\\\/01\\\/Stressfrei-durch-Veraenderungsprozesse-ein-Maerchen_Organisator.jpg\",\"width\":680,\"height\":463,\"caption\":\"Michael Hoffmann von Nova Change pr\u00e4sentiert ein modernes Seminarkonzept f\u00fcr Ver\u00e4nderungsprozesse. (Bild: zVg Nova Change)\"},{\"@type\":\"BreadcrumbList\",\"@id\":\"https:\\\/\\\/www.organisator.ch\\\/management\\\/2020-01-06\\\/stressfrei-durch-veraenderungsprozesse-ein-maerchen\\\/#breadcrumb\",\"itemListElement\":[{\"@type\":\"ListItem\",\"position\":1,\"name\":\"Home\",\"item\":\"https:\\\/\\\/www.organisator.ch\\\/\"},{\"@type\":\"ListItem\",\"position\":2,\"name\":\"Stressfrei durch Ver\u00e4nderungsprozesse \u2013 ein M\u00e4rchen?\"}]},{\"@type\":\"WebSite\",\"@id\":\"https:\\\/\\\/www.organisator.ch\\\/#website\",\"url\":\"https:\\\/\\\/www.organisator.ch\\\/\",\"name\":\"Organisator\",\"description\":\"Kompetent. Praxisnah. Der ORGANISATOR bereitet in 10 Ausgaben pro Jahr die wesentlichen Themen f\u00fcr F\u00fchrungskr\u00e4fte von KMU auf.\",\"publisher\":{\"@id\":\"https:\\\/\\\/www.organisator.ch\\\/#organization\"},\"potentialAction\":[{\"@type\":\"SearchAction\",\"target\":{\"@type\":\"EntryPoint\",\"urlTemplate\":\"https:\\\/\\\/www.organisator.ch\\\/?s={search_term_string}\"},\"query-input\":{\"@type\":\"PropertyValueSpecification\",\"valueRequired\":true,\"valueName\":\"search_term_string\"}}],\"inLanguage\":\"fr-FR\"},{\"@type\":\"Organization\",\"@id\":\"https:\\\/\\\/www.organisator.ch\\\/#organization\",\"name\":\"Organisator\",\"url\":\"https:\\\/\\\/www.organisator.ch\\\/\",\"logo\":{\"@type\":\"ImageObject\",\"inLanguage\":\"fr-FR\",\"@id\":\"https:\\\/\\\/www.organisator.ch\\\/#\\\/schema\\\/logo\\\/image\\\/\",\"url\":\"https:\\\/\\\/www.organisator.ch\\\/wp-content\\\/uploads\\\/2022\\\/01\\\/Logo_Organisator_Website.png\",\"contentUrl\":\"https:\\\/\\\/www.organisator.ch\\\/wp-content\\\/uploads\\\/2022\\\/01\\\/Logo_Organisator_Website.png\",\"width\":800,\"height\":77,\"caption\":\"Organisator\"},\"image\":{\"@id\":\"https:\\\/\\\/www.organisator.ch\\\/#\\\/schema\\\/logo\\\/image\\\/\"},\"sameAs\":[\"https:\\\/\\\/www.facebook.com\\\/OrganisatorFachmagazin\",\"https:\\\/\\\/www.linkedin.com\\\/showcase\\\/organisator-das-magazin-fr-kmu\",\"https:\\\/\\\/www.xing.com\\\/news\\\/pages\\\/organisator-ch-695\",\"https:\\\/\\\/www.youtube.com\\\/channel\\\/UCGP2Sq0iWaZwT3BdIAQFYpw\"]},{\"@type\":\"Person\",\"@id\":\"https:\\\/\\\/www.organisator.ch\\\/#\\\/schema\\\/person\\\/6f650f90b2842cd4c0cc334b4e36f67e\",\"name\":\"thomas.berner\",\"image\":{\"@type\":\"ImageObject\",\"inLanguage\":\"fr-FR\",\"@id\":\"https:\\\/\\\/secure.gravatar.com\\\/avatar\\\/ac5001d2a36cb6c6cd3e50789007ffca834b477b74a2144564522e944eabff61?s=96&d=mm&r=g\",\"url\":\"https:\\\/\\\/secure.gravatar.com\\\/avatar\\\/ac5001d2a36cb6c6cd3e50789007ffca834b477b74a2144564522e944eabff61?s=96&d=mm&r=g\",\"contentUrl\":\"https:\\\/\\\/secure.gravatar.com\\\/avatar\\\/ac5001d2a36cb6c6cd3e50789007ffca834b477b74a2144564522e944eabff61?s=96&d=mm&r=g\",\"caption\":\"thomas.berner\"},\"url\":\"https:\\\/\\\/www.organisator.ch\\\/fr\\\/author\\\/thomas-berner\\\/\"}]}<\/script>\n<!-- \/ Yoast SEO plugin. -->","yoast_head_json":{"title":"Pas de stress gr\u00e2ce aux processus de changement - un conte de f\u00e9es ? - Organisateur","description":"Dans le monde des affaires d'aujourd'hui, les processus de changement sont des d\u00e9fis quotidiens qui sont souvent li\u00e9s \u00e0 des \u00e9motions et des tensions.","robots":{"index":"index","follow":"follow","max-snippet":"max-snippet:-1","max-image-preview":"max-image-preview:large","max-video-preview":"max-video-preview:-1"},"canonical":"https:\/\/www.organisator.ch\/fr\/gestion-2\/2020-01-06\/stressfrei-durch-veraenderungsprozesse-ein-maerchen\/","og_locale":"fr_FR","og_type":"article","og_title":"Stressfrei durch Ver\u00e4nderungsprozesse \u2013 ein M\u00e4rchen?","og_description":"Ver\u00e4nderungsprozesse sind in der heutigen Gesch\u00e4ftswelt eine allt\u00e4gliche Herausforderung, die nicht selten mit Emotionen und Spannungen verbunden sind.","og_url":"https:\/\/www.organisator.ch\/fr\/gestion-2\/2020-01-06\/stressfrei-durch-veraenderungsprozesse-ein-maerchen\/","og_site_name":"Organisator","article_publisher":"https:\/\/www.facebook.com\/OrganisatorFachmagazin","article_published_time":"2020-01-06T09:01:26+00:00","author":"thomas.berner","twitter_card":"summary_large_image","twitter_title":"Stressfrei durch #Ver\u00e4nderungsprozesse \u2013 ein #M\u00e4rchen?","twitter_description":"#Ver\u00e4nderungsprozesse sind in der heutigen Gesch\u00e4ftswelt eine allt\u00e4gliche Herausforderung, die nicht selten mit #Emotionen und Spannungen verbunden sind.","schema":{"@context":"https:\/\/schema.org","@graph":[{"@type":"Article","@id":"https:\/\/www.organisator.ch\/management\/2020-01-06\/stressfrei-durch-veraenderungsprozesse-ein-maerchen\/#article","isPartOf":{"@id":"https:\/\/www.organisator.ch\/management\/2020-01-06\/stressfrei-durch-veraenderungsprozesse-ein-maerchen\/"},"author":{"name":"thomas.berner","@id":"https:\/\/www.organisator.ch\/#\/schema\/person\/6f650f90b2842cd4c0cc334b4e36f67e"},"headline":"Stressfrei durch Ver\u00e4nderungsprozesse \u2013 ein M\u00e4rchen?","datePublished":"2020-01-06T09:01:26+00:00","mainEntityOfPage":{"@id":"https:\/\/www.organisator.ch\/management\/2020-01-06\/stressfrei-durch-veraenderungsprozesse-ein-maerchen\/"},"wordCount":477,"publisher":{"@id":"https:\/\/www.organisator.ch\/#organization"},"image":{"@id":"https:\/\/www.organisator.ch\/management\/2020-01-06\/stressfrei-durch-veraenderungsprozesse-ein-maerchen\/#primaryimage"},"thumbnailUrl":"https:\/\/www.organisator.ch\/wp-content\/uploads\/2020\/01\/Stressfrei-durch-Veraenderungsprozesse-ein-Maerchen_Organisator.jpg","keywords":["Aus-\/Weiterbildung","Fachkongress\/Fachmesse","Management und Unternehmensf\u00fchrung","Seminar"],"articleSection":["MANAGEMENT"],"inLanguage":"fr-FR"},{"@type":"WebPage","@id":"https:\/\/www.organisator.ch\/management\/2020-01-06\/stressfrei-durch-veraenderungsprozesse-ein-maerchen\/","url":"https:\/\/www.organisator.ch\/management\/2020-01-06\/stressfrei-durch-veraenderungsprozesse-ein-maerchen\/","name":"Pas de stress gr\u00e2ce aux processus de changement - un conte de f\u00e9es ? - Organisateur","isPartOf":{"@id":"https:\/\/www.organisator.ch\/#website"},"primaryImageOfPage":{"@id":"https:\/\/www.organisator.ch\/management\/2020-01-06\/stressfrei-durch-veraenderungsprozesse-ein-maerchen\/#primaryimage"},"image":{"@id":"https:\/\/www.organisator.ch\/management\/2020-01-06\/stressfrei-durch-veraenderungsprozesse-ein-maerchen\/#primaryimage"},"thumbnailUrl":"https:\/\/www.organisator.ch\/wp-content\/uploads\/2020\/01\/Stressfrei-durch-Veraenderungsprozesse-ein-Maerchen_Organisator.jpg","datePublished":"2020-01-06T09:01:26+00:00","description":"Dans le monde des affaires d'aujourd'hui, les processus de changement sont des d\u00e9fis quotidiens qui sont souvent li\u00e9s \u00e0 des \u00e9motions et des tensions.","breadcrumb":{"@id":"https:\/\/www.organisator.ch\/management\/2020-01-06\/stressfrei-durch-veraenderungsprozesse-ein-maerchen\/#breadcrumb"},"inLanguage":"fr-FR","potentialAction":[{"@type":"ReadAction","target":["https:\/\/www.organisator.ch\/management\/2020-01-06\/stressfrei-durch-veraenderungsprozesse-ein-maerchen\/"]}]},{"@type":"ImageObject","inLanguage":"fr-FR","@id":"https:\/\/www.organisator.ch\/management\/2020-01-06\/stressfrei-durch-veraenderungsprozesse-ein-maerchen\/#primaryimage","url":"https:\/\/www.organisator.ch\/wp-content\/uploads\/2020\/01\/Stressfrei-durch-Veraenderungsprozesse-ein-Maerchen_Organisator.jpg","contentUrl":"https:\/\/www.organisator.ch\/wp-content\/uploads\/2020\/01\/Stressfrei-durch-Veraenderungsprozesse-ein-Maerchen_Organisator.jpg","width":680,"height":463,"caption":"Michael Hoffmann von Nova Change pr\u00e4sentiert ein modernes Seminarkonzept f\u00fcr Ver\u00e4nderungsprozesse. (Bild: zVg Nova Change)"},{"@type":"BreadcrumbList","@id":"https:\/\/www.organisator.ch\/management\/2020-01-06\/stressfrei-durch-veraenderungsprozesse-ein-maerchen\/#breadcrumb","itemListElement":[{"@type":"ListItem","position":1,"name":"Home","item":"https:\/\/www.organisator.ch\/"},{"@type":"ListItem","position":2,"name":"Stressfrei durch Ver\u00e4nderungsprozesse \u2013 ein M\u00e4rchen?"}]},{"@type":"WebSite","@id":"https:\/\/www.organisator.ch\/#website","url":"https:\/\/www.organisator.ch\/","name":"Organisateur","description":"Comp\u00e9tence et comp\u00e9tence. Proches de la pratique. L'ORGANISATEUR pr\u00e9pare 10 num\u00e9ros par an sur les th\u00e8mes essentiels pour les dirigeants de PME.","publisher":{"@id":"https:\/\/www.organisator.ch\/#organization"},"potentialAction":[{"@type":"SearchAction","target":{"@type":"EntryPoint","urlTemplate":"https:\/\/www.organisator.ch\/?s={search_term_string}"},"query-input":{"@type":"PropertyValueSpecification","valueRequired":true,"valueName":"search_term_string"}}],"inLanguage":"fr-FR"},{"@type":"Organization","@id":"https:\/\/www.organisator.ch\/#organization","name":"Organisateur","url":"https:\/\/www.organisator.ch\/","logo":{"@type":"ImageObject","inLanguage":"fr-FR","@id":"https:\/\/www.organisator.ch\/#\/schema\/logo\/image\/","url":"https:\/\/www.organisator.ch\/wp-content\/uploads\/2022\/01\/Logo_Organisator_Website.png","contentUrl":"https:\/\/www.organisator.ch\/wp-content\/uploads\/2022\/01\/Logo_Organisator_Website.png","width":800,"height":77,"caption":"Organisator"},"image":{"@id":"https:\/\/www.organisator.ch\/#\/schema\/logo\/image\/"},"sameAs":["https:\/\/www.facebook.com\/OrganisatorFachmagazin","https:\/\/www.linkedin.com\/showcase\/organisator-das-magazin-fr-kmu","https:\/\/www.xing.com\/news\/pages\/organisator-ch-695","https:\/\/www.youtube.com\/channel\/UCGP2Sq0iWaZwT3BdIAQFYpw"]},{"@type":"Person","@id":"https:\/\/www.organisator.ch\/#\/schema\/person\/6f650f90b2842cd4c0cc334b4e36f67e","name":"thomas.berner","image":{"@type":"ImageObject","inLanguage":"fr-FR","@id":"https:\/\/secure.gravatar.com\/avatar\/ac5001d2a36cb6c6cd3e50789007ffca834b477b74a2144564522e944eabff61?s=96&d=mm&r=g","url":"https:\/\/secure.gravatar.com\/avatar\/ac5001d2a36cb6c6cd3e50789007ffca834b477b74a2144564522e944eabff61?s=96&d=mm&r=g","contentUrl":"https:\/\/secure.gravatar.com\/avatar\/ac5001d2a36cb6c6cd3e50789007ffca834b477b74a2144564522e944eabff61?s=96&d=mm&r=g","caption":"thomas.berner"},"url":"https:\/\/www.organisator.ch\/fr\/author\/thomas-berner\/"}]}},"_links":{"self":[{"href":"https:\/\/www.organisator.ch\/fr\/wp-json\/wp\/v2\/posts\/8624","targetHints":{"allow":["GET"]}}],"collection":[{"href":"https:\/\/www.organisator.ch\/fr\/wp-json\/wp\/v2\/posts"}],"about":[{"href":"https:\/\/www.organisator.ch\/fr\/wp-json\/wp\/v2\/types\/post"}],"author":[{"embeddable":true,"href":"https:\/\/www.organisator.ch\/fr\/wp-json\/wp\/v2\/users\/4"}],"replies":[{"embeddable":true,"href":"https:\/\/www.organisator.ch\/fr\/wp-json\/wp\/v2\/comments?post=8624"}],"version-history":[{"count":0,"href":"https:\/\/www.organisator.ch\/fr\/wp-json\/wp\/v2\/posts\/8624\/revisions"}],"wp:featuredmedia":[{"embeddable":true,"href":"https:\/\/www.organisator.ch\/fr\/wp-json\/wp\/v2\/media\/8548"}],"wp:attachment":[{"href":"https:\/\/www.organisator.ch\/fr\/wp-json\/wp\/v2\/media?parent=8624"}],"wp:term":[{"taxonomy":"category","embeddable":true,"href":"https:\/\/www.organisator.ch\/fr\/wp-json\/wp\/v2\/categories?post=8624"},{"taxonomy":"post_tag","embeddable":true,"href":"https:\/\/www.organisator.ch\/fr\/wp-json\/wp\/v2\/tags?post=8624"}],"curies":[{"name":"wp","href":"https:\/\/api.w.org\/{rel}","templated":true}]}}