{"id":866,"date":"2016-09-09T17:20:27","date_gmt":"2016-09-09T15:20:27","guid":{"rendered":"http:\/\/dev.organisator.ch\/?p=866"},"modified":"2016-09-09T17:20:27","modified_gmt":"2016-09-09T15:20:27","slug":"arbeitsintegration-mit-personalpool-nuetzt-firmen-und-erwerbslosen","status":"publish","type":"post","link":"https:\/\/www.organisator.ch\/fr\/management\/2016-09-09\/arbeitsintegration-mit-personalpool-nuetzt-firmen-und-erwerbslosen\/","title":{"rendered":"L'int\u00e9gration professionnelle avec le pool de personnel profite aux entreprises et aux ch\u00f4meurs"},"content":{"rendered":"<figure id=\"attachment_870\" aria-describedby=\"caption-attachment-870\" style=\"width: 426px\" class=\"wp-caption alignnone\"><img loading=\"lazy\" decoding=\"async\" class=\"size-full wp-image-870\" src=\"https:\/\/www.organisator.ch\/wp-content\/uploads\/2016\/12\/Arbeitsintegration-mit-Personalpool-nuetzt-Firmen-und-Erwerbslosen-organisator.jpg\" alt=\"\" width=\"426\" height=\"640\" srcset=\"https:\/\/www.organisator.ch\/wp-content\/uploads\/2016\/12\/Arbeitsintegration-mit-Personalpool-nuetzt-Firmen-und-Erwerbslosen-organisator.jpg 426w, https:\/\/www.organisator.ch\/wp-content\/uploads\/2016\/12\/Arbeitsintegration-mit-Personalpool-nuetzt-Firmen-und-Erwerbslosen-organisator-8x12.jpg 8w, https:\/\/www.organisator.ch\/wp-content\/uploads\/2016\/12\/Arbeitsintegration-mit-Personalpool-nuetzt-Firmen-und-Erwerbslosen-organisator-116x175.jpg 116w, https:\/\/www.organisator.ch\/wp-content\/uploads\/2016\/12\/Arbeitsintegration-mit-Personalpool-nuetzt-Firmen-und-Erwerbslosen-organisator-233x350.jpg 233w, https:\/\/www.organisator.ch\/wp-content\/uploads\/2016\/12\/Arbeitsintegration-mit-Personalpool-nuetzt-Firmen-und-Erwerbslosen-organisator-300x451.jpg 300w\" sizes=\"auto, (max-width: 426px) 100vw, 426px\" \/><figcaption id=\"caption-attachment-870\" class=\"wp-caption-text\">Une demandeuse d'emploi chez Kompass Arbeitsintegration : gr\u00e2ce au nouveau pool de personnel en ligne, la recherche prend fin plus rapidement. (Image : pd)<\/figcaption><\/figure>\n<p>Kompass Arbeitsintegration prend tr\u00e8s au s\u00e9rieux sa devise, qui est de pratiquer une int\u00e9gration professionnelle innovante, explique le directeur Marcel R\u00fcegger. C'est pourquoi une liste de candidats sera d\u00e8s \u00e0 pr\u00e9sent mise en ligne sur le site Internet de l'association. <a href=\"http:\/\/www.vereinkompass.ch\" target=\"_blank\" rel=\"noreferrer noopener\" data-cke-saved-href=\"http:\/\/www.vereinkompass.ch\">www.vereinkompass.ch<\/a> o\u00f9 les meilleurs demandeurs d'emploi sont d\u00e9crits de mani\u00e8re anonyme avec leurs comp\u00e9tences et leur exp\u00e9rience : \"C'est surtout un service pour les entreprises industrielles et artisanales qui cherchent du nouveau personnel motiv\u00e9. Les entreprises int\u00e9ress\u00e9es re\u00e7oivent de notre part des informations de r\u00e9f\u00e9rence honn\u00eates\".<\/p>\n<p><strong>Motivant et d\u00e9taill\u00e9<\/strong><\/p>\n<p>Le pool de personnel doit d'une part motiver les participants \u00e0 Kompass Arbeitsintegration \u00e0 faire des efforts particuliers pour trouver rapidement un nouveau poste, car, selon R\u00fcegger, \"seuls les cinq \u00e0 dix meilleurs pour cent parviennent \u00e0 figurer sur la liste des candidats, qui est actualis\u00e9e chaque semaine\". D'autre part, les entreprises disposent ainsi d'une plate-forme simple et gratuite sur laquelle sont d\u00e9crits en d\u00e9tail les sp\u00e9cialistes et les auxiliaires qui recherchent un emploi et les qualifications qu'ils apportent.<\/p>\n<p><strong>Une main-d'\u0153uvre pour de nombreux domaines<\/strong><\/p>\n<p>\"L'\u00e9quipe Kompass s'occupe de plusieurs centaines de demandeurs d'emploi par an. Nous les encourageons et les sollicitons. Nos responsables sont en mesure d'offrir une aide tr\u00e8s orient\u00e9e vers la pratique et de pr\u00e9parer les demandeurs d'emploi \u00e0 un nouvel emploi gr\u00e2ce \u00e0 des offres de soutien compos\u00e9es individuellement\", explique R\u00fcegger. Kompass propose des emplois dans des domaines aussi vari\u00e9s que le montage industriel, la m\u00e9canique, la confection de c\u00e2bles, le stockage, l'atelier textile, le nettoyage, le travail du bois, la cuisine, le buffet, les travaux forestiers et d'environnement ou l'administration. En outre, des places de travail externes sont propos\u00e9es dans divers groupes professionnels.<\/p>\n<p><strong>\u00c9valuation par des experts<\/strong><\/p>\n<p>R\u00fcegger cite l'avantage par rapport aux bureaux de placement traditionnels : \"Les collaborateurs de Kompass ne connaissent pas seulement ces personnes par des entretiens, mais ont pu les voir, les accompagner et les conseiller pendant leur travail. Cela donne une image beaucoup plus compl\u00e8te d'une personne en recherche d'emploi\". Selon R\u00fcegger, les sp\u00e9cialistes form\u00e9s \u00e0 l'encouragement et \u00e0 l'orientation des demandeurs d'emploi connaissent en outre les exigences de l'industrie, de l'artisanat et des secteurs de services gr\u00e2ce \u00e0 leur propre exp\u00e9rience professionnelle et \u00e0 leurs contacts avec les employeurs. Selon lui, cela est d\u00e9cisif pour l'\u00e9valuation des comp\u00e9tences.<\/p>\n<p><strong>Recrutement de personnel simplifi\u00e9<\/strong><\/p>\n<p>La proc\u00e9dure est \u00e9galement pratique : \"En cas d'int\u00e9r\u00eat, les responsables d'entreprise nous communiquent le num\u00e9ro de chiffrement d'une personne figurant sur la liste, nous informons en retour les demandeurs d'emploi de l'int\u00e9r\u00eat manifest\u00e9, apr\u00e8s quoi ils peuvent postuler officiellement en pr\u00e9sentant leur dossier de candidature et en mentionnant le num\u00e9ro de chiffrement\". R\u00fcegger est convaincu que ce service gratuit offre aux petites et moyennes entreprises un avantage suppl\u00e9mentaire sur le march\u00e9 lors de la recherche de personnel et qu'il contribue \u00e0 r\u00e9duire les co\u00fbts de recrutement.<\/p>\n<p><em>Liste des demandeurs d'emploi : <a href=\"http:\/\/www.vereinkompass.ch\/service\/news\/\" data-cke-saved-href=\"http:\/\/www.vereinkompass.ch\/service\/news\/\">http:\/\/www.vereinkompass.ch\/service\/news\/<\/a><\/em><\/p>","protected":false},"excerpt":{"rendered":"<p>Kompass Arbeitsintegration nehme seine Devise, innovative Arbeitsintegration zu betreiben, sehr ernst, sagt Gesch\u00e4ftsf\u00fchrer Marcel R\u00fcegger. Deshalb werde ab sofort eine Kandidatenliste auf die Homepage www.vereinkompass.ch gestellt, wo ihre besten stellensuchenden Personen mit ihren F\u00e4higkeiten und Erfahrungen anonymisiert beschrieben werden: \u00abDas ist vor allem eine Dienstleistung f\u00fcr industrielle Unternehmen und Handwerksbetriebe, die neues motiviertes Personal suchen. [&hellip;]<\/p>\n","protected":false},"author":1,"featured_media":870,"comment_status":"open","ping_status":"open","sticky":false,"template":"","format":"standard","meta":{"_acf_changed":false,"_yoast_wpseo_focuskw":"Arbeitsintegration","_yoast_wpseo_metadesc":"Kompass Arbeitsintegration schafft ein neues, internetbasiertes Angebot, mit dem Firmen schnell geeignete Arbeitskr\u00e4fte finden.","articlekey":"","footnotes":""},"categories":[28],"tags":[335],"class_list":["post-866","post","type-post","status-publish","format-standard","has-post-thumbnail","hentry","category-management","tag-management-und-unternehmensfuehrung"],"acf":[],"yoast_head":"<!-- This site is optimized with the Yoast SEO plugin v27.4 - https:\/\/yoast.com\/product\/yoast-seo-wordpress\/ -->\n<title>Arbeitsintegration mit Personalpool n\u00fctzt Firmen und Erwerbslosen - Organisator<\/title>\n<meta name=\"description\" content=\"Kompass Arbeitsintegration schafft ein neues, internetbasiertes Angebot, mit dem Firmen schnell geeignete Arbeitskr\u00e4fte finden.\" \/>\n<meta name=\"robots\" content=\"index, follow, max-snippet:-1, max-image-preview:large, max-video-preview:-1\" \/>\n<link rel=\"canonical\" href=\"https:\/\/www.organisator.ch\/fr\/gestion-2\/2016-09-09\/arbeitsintegration-mit-personalpool-nuetzt-firmen-und-erwerbslosen\/\" \/>\n<meta property=\"og:locale\" content=\"fr_FR\" \/>\n<meta property=\"og:type\" content=\"article\" \/>\n<meta property=\"og:title\" content=\"Arbeitsintegration mit Personalpool n\u00fctzt Firmen und Erwerbslosen\" \/>\n<meta property=\"og:description\" content=\"Wirtschaftsnah und praktisch f\u00fcr Erwerbslose, um schnell in den Berufsalltag zur\u00fcckzufinden: Kompass Arbeitsintegration schafft ein neues, internetbasiertes Angebot, mit dem Firmen schnell geeignete Arbeitskr\u00e4fte finden.\" \/>\n<meta property=\"og:url\" content=\"https:\/\/www.organisator.ch\/fr\/gestion-2\/2016-09-09\/arbeitsintegration-mit-personalpool-nuetzt-firmen-und-erwerbslosen\/\" \/>\n<meta property=\"og:site_name\" content=\"Organisator\" \/>\n<meta property=\"article:publisher\" content=\"https:\/\/www.facebook.com\/OrganisatorFachmagazin\" \/>\n<meta property=\"article:published_time\" content=\"2016-09-09T15:20:27+00:00\" \/>\n<meta name=\"author\" content=\"admin\" \/>\n<meta name=\"twitter:card\" content=\"summary_large_image\" \/>\n<meta name=\"twitter:image\" content=\"https:\/\/www.organisator.ch\/wp-content\/uploads\/2016\/12\/Arbeitsintegration-mit-Personalpool-nuetzt-Firmen-und-Erwerbslosen-organisator.jpg\" \/>\n<script type=\"application\/ld+json\" class=\"yoast-schema-graph\">{\"@context\":\"https:\\\/\\\/schema.org\",\"@graph\":[{\"@type\":\"Article\",\"@id\":\"https:\\\/\\\/www.organisator.ch\\\/management\\\/2016-09-09\\\/arbeitsintegration-mit-personalpool-nuetzt-firmen-und-erwerbslosen\\\/#article\",\"isPartOf\":{\"@id\":\"https:\\\/\\\/www.organisator.ch\\\/management\\\/2016-09-09\\\/arbeitsintegration-mit-personalpool-nuetzt-firmen-und-erwerbslosen\\\/\"},\"author\":{\"name\":\"admin\",\"@id\":\"https:\\\/\\\/www.organisator.ch\\\/#\\\/schema\\\/person\\\/aa2bace6c5c5aad60102004a50c4eb1c\"},\"headline\":\"Arbeitsintegration mit Personalpool n\u00fctzt Firmen und Erwerbslosen\",\"datePublished\":\"2016-09-09T15:20:27+00:00\",\"mainEntityOfPage\":{\"@id\":\"https:\\\/\\\/www.organisator.ch\\\/management\\\/2016-09-09\\\/arbeitsintegration-mit-personalpool-nuetzt-firmen-und-erwerbslosen\\\/\"},\"wordCount\":422,\"commentCount\":0,\"publisher\":{\"@id\":\"https:\\\/\\\/www.organisator.ch\\\/#organization\"},\"image\":{\"@id\":\"https:\\\/\\\/www.organisator.ch\\\/management\\\/2016-09-09\\\/arbeitsintegration-mit-personalpool-nuetzt-firmen-und-erwerbslosen\\\/#primaryimage\"},\"thumbnailUrl\":\"https:\\\/\\\/www.organisator.ch\\\/wp-content\\\/uploads\\\/2016\\\/12\\\/Arbeitsintegration-mit-Personalpool-nuetzt-Firmen-und-Erwerbslosen-organisator.jpg\",\"keywords\":[\"Management und Unternehmensf\u00fchrung\"],\"articleSection\":[\"MANAGEMENT\"],\"inLanguage\":\"fr-FR\"},{\"@type\":\"WebPage\",\"@id\":\"https:\\\/\\\/www.organisator.ch\\\/management\\\/2016-09-09\\\/arbeitsintegration-mit-personalpool-nuetzt-firmen-und-erwerbslosen\\\/\",\"url\":\"https:\\\/\\\/www.organisator.ch\\\/management\\\/2016-09-09\\\/arbeitsintegration-mit-personalpool-nuetzt-firmen-und-erwerbslosen\\\/\",\"name\":\"Arbeitsintegration mit Personalpool n\u00fctzt Firmen und Erwerbslosen - Organisator\",\"isPartOf\":{\"@id\":\"https:\\\/\\\/www.organisator.ch\\\/#website\"},\"primaryImageOfPage\":{\"@id\":\"https:\\\/\\\/www.organisator.ch\\\/management\\\/2016-09-09\\\/arbeitsintegration-mit-personalpool-nuetzt-firmen-und-erwerbslosen\\\/#primaryimage\"},\"image\":{\"@id\":\"https:\\\/\\\/www.organisator.ch\\\/management\\\/2016-09-09\\\/arbeitsintegration-mit-personalpool-nuetzt-firmen-und-erwerbslosen\\\/#primaryimage\"},\"thumbnailUrl\":\"https:\\\/\\\/www.organisator.ch\\\/wp-content\\\/uploads\\\/2016\\\/12\\\/Arbeitsintegration-mit-Personalpool-nuetzt-Firmen-und-Erwerbslosen-organisator.jpg\",\"datePublished\":\"2016-09-09T15:20:27+00:00\",\"description\":\"Kompass Arbeitsintegration schafft ein neues, internetbasiertes Angebot, mit dem Firmen schnell geeignete Arbeitskr\u00e4fte finden.\",\"breadcrumb\":{\"@id\":\"https:\\\/\\\/www.organisator.ch\\\/management\\\/2016-09-09\\\/arbeitsintegration-mit-personalpool-nuetzt-firmen-und-erwerbslosen\\\/#breadcrumb\"},\"inLanguage\":\"fr-FR\",\"potentialAction\":[{\"@type\":\"ReadAction\",\"target\":[\"https:\\\/\\\/www.organisator.ch\\\/management\\\/2016-09-09\\\/arbeitsintegration-mit-personalpool-nuetzt-firmen-und-erwerbslosen\\\/\"]}]},{\"@type\":\"ImageObject\",\"inLanguage\":\"fr-FR\",\"@id\":\"https:\\\/\\\/www.organisator.ch\\\/management\\\/2016-09-09\\\/arbeitsintegration-mit-personalpool-nuetzt-firmen-und-erwerbslosen\\\/#primaryimage\",\"url\":\"https:\\\/\\\/www.organisator.ch\\\/wp-content\\\/uploads\\\/2016\\\/12\\\/Arbeitsintegration-mit-Personalpool-nuetzt-Firmen-und-Erwerbslosen-organisator.jpg\",\"contentUrl\":\"https:\\\/\\\/www.organisator.ch\\\/wp-content\\\/uploads\\\/2016\\\/12\\\/Arbeitsintegration-mit-Personalpool-nuetzt-Firmen-und-Erwerbslosen-organisator.jpg\",\"width\":426,\"height\":640,\"caption\":\"Eine Stellensuchende bei Kompass Arbeitsintegration: Das Suchen hat dank dem neuen Online-Personalpool schneller ein Ende. (Bild: pd)\"},{\"@type\":\"BreadcrumbList\",\"@id\":\"https:\\\/\\\/www.organisator.ch\\\/management\\\/2016-09-09\\\/arbeitsintegration-mit-personalpool-nuetzt-firmen-und-erwerbslosen\\\/#breadcrumb\",\"itemListElement\":[{\"@type\":\"ListItem\",\"position\":1,\"name\":\"Home\",\"item\":\"https:\\\/\\\/www.organisator.ch\\\/\"},{\"@type\":\"ListItem\",\"position\":2,\"name\":\"Arbeitsintegration mit Personalpool n\u00fctzt Firmen und Erwerbslosen\"}]},{\"@type\":\"WebSite\",\"@id\":\"https:\\\/\\\/www.organisator.ch\\\/#website\",\"url\":\"https:\\\/\\\/www.organisator.ch\\\/\",\"name\":\"Organisator\",\"description\":\"Kompetent. Praxisnah. Der ORGANISATOR bereitet in 10 Ausgaben pro Jahr die wesentlichen Themen f\u00fcr F\u00fchrungskr\u00e4fte von KMU auf.\",\"publisher\":{\"@id\":\"https:\\\/\\\/www.organisator.ch\\\/#organization\"},\"potentialAction\":[{\"@type\":\"SearchAction\",\"target\":{\"@type\":\"EntryPoint\",\"urlTemplate\":\"https:\\\/\\\/www.organisator.ch\\\/?s={search_term_string}\"},\"query-input\":{\"@type\":\"PropertyValueSpecification\",\"valueRequired\":true,\"valueName\":\"search_term_string\"}}],\"inLanguage\":\"fr-FR\"},{\"@type\":\"Organization\",\"@id\":\"https:\\\/\\\/www.organisator.ch\\\/#organization\",\"name\":\"Organisator\",\"url\":\"https:\\\/\\\/www.organisator.ch\\\/\",\"logo\":{\"@type\":\"ImageObject\",\"inLanguage\":\"fr-FR\",\"@id\":\"https:\\\/\\\/www.organisator.ch\\\/#\\\/schema\\\/logo\\\/image\\\/\",\"url\":\"https:\\\/\\\/www.organisator.ch\\\/wp-content\\\/uploads\\\/2022\\\/01\\\/Logo_Organisator_Website.png\",\"contentUrl\":\"https:\\\/\\\/www.organisator.ch\\\/wp-content\\\/uploads\\\/2022\\\/01\\\/Logo_Organisator_Website.png\",\"width\":800,\"height\":77,\"caption\":\"Organisator\"},\"image\":{\"@id\":\"https:\\\/\\\/www.organisator.ch\\\/#\\\/schema\\\/logo\\\/image\\\/\"},\"sameAs\":[\"https:\\\/\\\/www.facebook.com\\\/OrganisatorFachmagazin\",\"https:\\\/\\\/www.linkedin.com\\\/showcase\\\/organisator-das-magazin-fr-kmu\",\"https:\\\/\\\/www.xing.com\\\/news\\\/pages\\\/organisator-ch-695\",\"https:\\\/\\\/www.youtube.com\\\/channel\\\/UCGP2Sq0iWaZwT3BdIAQFYpw\"]},{\"@type\":\"Person\",\"@id\":\"https:\\\/\\\/www.organisator.ch\\\/#\\\/schema\\\/person\\\/aa2bace6c5c5aad60102004a50c4eb1c\",\"name\":\"admin\",\"image\":{\"@type\":\"ImageObject\",\"inLanguage\":\"fr-FR\",\"@id\":\"https:\\\/\\\/secure.gravatar.com\\\/avatar\\\/ae2f4d718e6c49043e314ce431e7e645d646302a24a5ef5a8bc8e3f5a032e319?s=96&d=mm&r=g\",\"url\":\"https:\\\/\\\/secure.gravatar.com\\\/avatar\\\/ae2f4d718e6c49043e314ce431e7e645d646302a24a5ef5a8bc8e3f5a032e319?s=96&d=mm&r=g\",\"contentUrl\":\"https:\\\/\\\/secure.gravatar.com\\\/avatar\\\/ae2f4d718e6c49043e314ce431e7e645d646302a24a5ef5a8bc8e3f5a032e319?s=96&d=mm&r=g\",\"caption\":\"admin\"},\"sameAs\":[\"https:\\\/\\\/www.organisator.ch\"],\"url\":\"https:\\\/\\\/www.organisator.ch\\\/fr\\\/author\\\/admin\\\/\"}]}<\/script>\n<!-- \/ Yoast SEO plugin. -->","yoast_head_json":{"title":"L'int\u00e9gration professionnelle avec le pool de personnel profite aux entreprises et aux ch\u00f4meurs - Organisateur","description":"Kompass Int\u00e9gration professionnelle cr\u00e9e une nouvelle offre bas\u00e9e sur Internet qui permet aux entreprises de trouver rapidement la main-d'\u0153uvre ad\u00e9quate.","robots":{"index":"index","follow":"follow","max-snippet":"max-snippet:-1","max-image-preview":"max-image-preview:large","max-video-preview":"max-video-preview:-1"},"canonical":"https:\/\/www.organisator.ch\/fr\/gestion-2\/2016-09-09\/arbeitsintegration-mit-personalpool-nuetzt-firmen-und-erwerbslosen\/","og_locale":"fr_FR","og_type":"article","og_title":"Arbeitsintegration mit Personalpool n\u00fctzt Firmen und Erwerbslosen","og_description":"Wirtschaftsnah und praktisch f\u00fcr Erwerbslose, um schnell in den Berufsalltag zur\u00fcckzufinden: Kompass Arbeitsintegration schafft ein neues, internetbasiertes Angebot, mit dem Firmen schnell geeignete Arbeitskr\u00e4fte finden.","og_url":"https:\/\/www.organisator.ch\/fr\/gestion-2\/2016-09-09\/arbeitsintegration-mit-personalpool-nuetzt-firmen-und-erwerbslosen\/","og_site_name":"Organisator","article_publisher":"https:\/\/www.facebook.com\/OrganisatorFachmagazin","article_published_time":"2016-09-09T15:20:27+00:00","author":"admin","twitter_card":"summary_large_image","twitter_image":"https:\/\/www.organisator.ch\/wp-content\/uploads\/2016\/12\/Arbeitsintegration-mit-Personalpool-nuetzt-Firmen-und-Erwerbslosen-organisator.jpg","schema":{"@context":"https:\/\/schema.org","@graph":[{"@type":"Article","@id":"https:\/\/www.organisator.ch\/management\/2016-09-09\/arbeitsintegration-mit-personalpool-nuetzt-firmen-und-erwerbslosen\/#article","isPartOf":{"@id":"https:\/\/www.organisator.ch\/management\/2016-09-09\/arbeitsintegration-mit-personalpool-nuetzt-firmen-und-erwerbslosen\/"},"author":{"name":"admin","@id":"https:\/\/www.organisator.ch\/#\/schema\/person\/aa2bace6c5c5aad60102004a50c4eb1c"},"headline":"Arbeitsintegration mit Personalpool n\u00fctzt Firmen und Erwerbslosen","datePublished":"2016-09-09T15:20:27+00:00","mainEntityOfPage":{"@id":"https:\/\/www.organisator.ch\/management\/2016-09-09\/arbeitsintegration-mit-personalpool-nuetzt-firmen-und-erwerbslosen\/"},"wordCount":422,"commentCount":0,"publisher":{"@id":"https:\/\/www.organisator.ch\/#organization"},"image":{"@id":"https:\/\/www.organisator.ch\/management\/2016-09-09\/arbeitsintegration-mit-personalpool-nuetzt-firmen-und-erwerbslosen\/#primaryimage"},"thumbnailUrl":"https:\/\/www.organisator.ch\/wp-content\/uploads\/2016\/12\/Arbeitsintegration-mit-Personalpool-nuetzt-Firmen-und-Erwerbslosen-organisator.jpg","keywords":["Management und Unternehmensf\u00fchrung"],"articleSection":["MANAGEMENT"],"inLanguage":"fr-FR"},{"@type":"WebPage","@id":"https:\/\/www.organisator.ch\/management\/2016-09-09\/arbeitsintegration-mit-personalpool-nuetzt-firmen-und-erwerbslosen\/","url":"https:\/\/www.organisator.ch\/management\/2016-09-09\/arbeitsintegration-mit-personalpool-nuetzt-firmen-und-erwerbslosen\/","name":"L'int\u00e9gration professionnelle avec le pool de personnel profite aux entreprises et aux ch\u00f4meurs - Organisateur","isPartOf":{"@id":"https:\/\/www.organisator.ch\/#website"},"primaryImageOfPage":{"@id":"https:\/\/www.organisator.ch\/management\/2016-09-09\/arbeitsintegration-mit-personalpool-nuetzt-firmen-und-erwerbslosen\/#primaryimage"},"image":{"@id":"https:\/\/www.organisator.ch\/management\/2016-09-09\/arbeitsintegration-mit-personalpool-nuetzt-firmen-und-erwerbslosen\/#primaryimage"},"thumbnailUrl":"https:\/\/www.organisator.ch\/wp-content\/uploads\/2016\/12\/Arbeitsintegration-mit-Personalpool-nuetzt-Firmen-und-Erwerbslosen-organisator.jpg","datePublished":"2016-09-09T15:20:27+00:00","description":"Kompass Int\u00e9gration professionnelle cr\u00e9e une nouvelle offre bas\u00e9e sur Internet qui permet aux entreprises de trouver rapidement la main-d'\u0153uvre ad\u00e9quate.","breadcrumb":{"@id":"https:\/\/www.organisator.ch\/management\/2016-09-09\/arbeitsintegration-mit-personalpool-nuetzt-firmen-und-erwerbslosen\/#breadcrumb"},"inLanguage":"fr-FR","potentialAction":[{"@type":"ReadAction","target":["https:\/\/www.organisator.ch\/management\/2016-09-09\/arbeitsintegration-mit-personalpool-nuetzt-firmen-und-erwerbslosen\/"]}]},{"@type":"ImageObject","inLanguage":"fr-FR","@id":"https:\/\/www.organisator.ch\/management\/2016-09-09\/arbeitsintegration-mit-personalpool-nuetzt-firmen-und-erwerbslosen\/#primaryimage","url":"https:\/\/www.organisator.ch\/wp-content\/uploads\/2016\/12\/Arbeitsintegration-mit-Personalpool-nuetzt-Firmen-und-Erwerbslosen-organisator.jpg","contentUrl":"https:\/\/www.organisator.ch\/wp-content\/uploads\/2016\/12\/Arbeitsintegration-mit-Personalpool-nuetzt-Firmen-und-Erwerbslosen-organisator.jpg","width":426,"height":640,"caption":"Eine Stellensuchende bei Kompass Arbeitsintegration: Das Suchen hat dank dem neuen Online-Personalpool schneller ein Ende. (Bild: pd)"},{"@type":"BreadcrumbList","@id":"https:\/\/www.organisator.ch\/management\/2016-09-09\/arbeitsintegration-mit-personalpool-nuetzt-firmen-und-erwerbslosen\/#breadcrumb","itemListElement":[{"@type":"ListItem","position":1,"name":"Home","item":"https:\/\/www.organisator.ch\/"},{"@type":"ListItem","position":2,"name":"Arbeitsintegration mit Personalpool n\u00fctzt Firmen und Erwerbslosen"}]},{"@type":"WebSite","@id":"https:\/\/www.organisator.ch\/#website","url":"https:\/\/www.organisator.ch\/","name":"Organisateur","description":"Comp\u00e9tence et comp\u00e9tence. Proches de la pratique. L'ORGANISATEUR pr\u00e9pare 10 num\u00e9ros par an sur les th\u00e8mes essentiels pour les dirigeants de PME.","publisher":{"@id":"https:\/\/www.organisator.ch\/#organization"},"potentialAction":[{"@type":"SearchAction","target":{"@type":"EntryPoint","urlTemplate":"https:\/\/www.organisator.ch\/?s={search_term_string}"},"query-input":{"@type":"PropertyValueSpecification","valueRequired":true,"valueName":"search_term_string"}}],"inLanguage":"fr-FR"},{"@type":"Organization","@id":"https:\/\/www.organisator.ch\/#organization","name":"Organisateur","url":"https:\/\/www.organisator.ch\/","logo":{"@type":"ImageObject","inLanguage":"fr-FR","@id":"https:\/\/www.organisator.ch\/#\/schema\/logo\/image\/","url":"https:\/\/www.organisator.ch\/wp-content\/uploads\/2022\/01\/Logo_Organisator_Website.png","contentUrl":"https:\/\/www.organisator.ch\/wp-content\/uploads\/2022\/01\/Logo_Organisator_Website.png","width":800,"height":77,"caption":"Organisator"},"image":{"@id":"https:\/\/www.organisator.ch\/#\/schema\/logo\/image\/"},"sameAs":["https:\/\/www.facebook.com\/OrganisatorFachmagazin","https:\/\/www.linkedin.com\/showcase\/organisator-das-magazin-fr-kmu","https:\/\/www.xing.com\/news\/pages\/organisator-ch-695","https:\/\/www.youtube.com\/channel\/UCGP2Sq0iWaZwT3BdIAQFYpw"]},{"@type":"Person","@id":"https:\/\/www.organisator.ch\/#\/schema\/person\/aa2bace6c5c5aad60102004a50c4eb1c","name":"admin","image":{"@type":"ImageObject","inLanguage":"fr-FR","@id":"https:\/\/secure.gravatar.com\/avatar\/ae2f4d718e6c49043e314ce431e7e645d646302a24a5ef5a8bc8e3f5a032e319?s=96&d=mm&r=g","url":"https:\/\/secure.gravatar.com\/avatar\/ae2f4d718e6c49043e314ce431e7e645d646302a24a5ef5a8bc8e3f5a032e319?s=96&d=mm&r=g","contentUrl":"https:\/\/secure.gravatar.com\/avatar\/ae2f4d718e6c49043e314ce431e7e645d646302a24a5ef5a8bc8e3f5a032e319?s=96&d=mm&r=g","caption":"admin"},"sameAs":["https:\/\/www.organisator.ch"],"url":"https:\/\/www.organisator.ch\/fr\/author\/admin\/"}]}},"_links":{"self":[{"href":"https:\/\/www.organisator.ch\/fr\/wp-json\/wp\/v2\/posts\/866","targetHints":{"allow":["GET"]}}],"collection":[{"href":"https:\/\/www.organisator.ch\/fr\/wp-json\/wp\/v2\/posts"}],"about":[{"href":"https:\/\/www.organisator.ch\/fr\/wp-json\/wp\/v2\/types\/post"}],"author":[{"embeddable":true,"href":"https:\/\/www.organisator.ch\/fr\/wp-json\/wp\/v2\/users\/1"}],"replies":[{"embeddable":true,"href":"https:\/\/www.organisator.ch\/fr\/wp-json\/wp\/v2\/comments?post=866"}],"version-history":[{"count":0,"href":"https:\/\/www.organisator.ch\/fr\/wp-json\/wp\/v2\/posts\/866\/revisions"}],"wp:featuredmedia":[{"embeddable":true,"href":"https:\/\/www.organisator.ch\/fr\/wp-json\/wp\/v2\/media\/870"}],"wp:attachment":[{"href":"https:\/\/www.organisator.ch\/fr\/wp-json\/wp\/v2\/media?parent=866"}],"wp:term":[{"taxonomy":"category","embeddable":true,"href":"https:\/\/www.organisator.ch\/fr\/wp-json\/wp\/v2\/categories?post=866"},{"taxonomy":"post_tag","embeddable":true,"href":"https:\/\/www.organisator.ch\/fr\/wp-json\/wp\/v2\/tags?post=866"}],"curies":[{"name":"wp","href":"https:\/\/api.w.org\/{rel}","templated":true}]}}