{"id":902,"date":"2017-03-22T17:41:53","date_gmt":"2017-03-22T16:41:53","guid":{"rendered":"https:\/\/www.umweltperspektiven.ch\/?p=902"},"modified":"2022-02-09T11:10:56","modified_gmt":"2022-02-09T10:10:56","slug":"gewaesserschutz-mehr-spielraum-fuer-kantone","status":"publish","type":"post","link":"https:\/\/www.organisator.ch\/fr\/sustainability\/2017-03-22\/gewaesserschutz-mehr-spielraum-fuer-kantone\/","title":{"rendered":"Protection des eaux : plus de marge de man\u0153uvre pour les cantons"},"content":{"rendered":"<figure id=\"attachment_903\" aria-describedby=\"caption-attachment-903\" style=\"width: 680px\" class=\"wp-caption alignnone\"><img loading=\"lazy\" decoding=\"async\" class=\"size-medium wp-image-903\" src=\"\/\/www.umweltperspektiven.ch\/wp-content\/uploads\/2017\/03\/Depositphotos_47097407_l-2015.jpg\" alt=\"\" width=\"680\" height=\"453\" srcset=\"https:\/\/www.organisator.ch\/wp-content\/uploads\/2017\/03\/Depositphotos_47097407_l-2015.jpg 2000w, https:\/\/www.organisator.ch\/wp-content\/uploads\/2017\/03\/Depositphotos_47097407_l-2015-680x453.jpg 680w, https:\/\/www.organisator.ch\/wp-content\/uploads\/2017\/03\/Depositphotos_47097407_l-2015-1024x682.jpg 1024w, https:\/\/www.organisator.ch\/wp-content\/uploads\/2017\/03\/Depositphotos_47097407_l-2015-768x512.jpg 768w, https:\/\/www.organisator.ch\/wp-content\/uploads\/2017\/03\/Depositphotos_47097407_l-2015-1536x1024.jpg 1536w, https:\/\/www.organisator.ch\/wp-content\/uploads\/2017\/03\/Depositphotos_47097407_l-2015-18x12.jpg 18w, https:\/\/www.organisator.ch\/wp-content\/uploads\/2017\/03\/Depositphotos_47097407_l-2015-263x175.jpg 263w, https:\/\/www.organisator.ch\/wp-content\/uploads\/2017\/03\/Depositphotos_47097407_l-2015-525x350.jpg 525w, https:\/\/www.organisator.ch\/wp-content\/uploads\/2017\/03\/Depositphotos_47097407_l-2015-1200x800.jpg 1200w, https:\/\/www.organisator.ch\/wp-content\/uploads\/2017\/03\/Depositphotos_47097407_l-2015-920x613.jpg 920w, https:\/\/www.organisator.ch\/wp-content\/uploads\/2017\/03\/Depositphotos_47097407_l-2015-1400x933.jpg 1400w, https:\/\/www.organisator.ch\/wp-content\/uploads\/2017\/03\/Depositphotos_47097407_l-2015-300x200.jpg 300w\" sizes=\"auto, (max-width: 680px) 100vw, 680px\" \/><figcaption id=\"caption-attachment-903\" class=\"wp-caption-text\">Les rivi\u00e8res et les ruisseaux sont indispensables \u00e0 la protection contre les inondations.<\/figcaption><\/figure>\n<p>Le Conseil f\u00e9d\u00e9ral souhaite que les autorit\u00e9s cantonales d'ex\u00e9cution disposent d'une plus grande marge de man\u0153uvre lorsqu'il s'agit de d\u00e9finir l'espace r\u00e9serv\u00e9 aux eaux. A cet effet, l'ordonnance sur la protection des eaux (OEaux) a \u00e9t\u00e9 modifi\u00e9e. <a href=\"\/\/www.newsd.admin.ch\/newsd\/message\/attachments\/47594.pdf\">cinq nouvelles dispositions<\/a> de la loi. Ainsi, les conditions locales sp\u00e9cifiques peuvent \u00eatre mieux prises en compte, selon le Conseil f\u00e9d\u00e9ral.<\/p>\n<p>L'obligation de compenser les surfaces d'assolement a \u00e9galement \u00e9t\u00e9 pr\u00e9cis\u00e9e et plac\u00e9e en lien direct avec le plan sectoriel correspondant. Ces dispositions ont \u00e9t\u00e9 \u00e9labor\u00e9es sous la direction de la Conf\u00e9rence suisse des directeurs des travaux publics, de l'am\u00e9nagement du territoire et de l'environnement (DTAP). Elles compl\u00e8tent les prescriptions qui sont entr\u00e9es en vigueur le 1er janvier 2016. Elles permettent \u00e9galement d'achever la mise en \u0153uvre de la motion 15.3001 de la CEATE-E, qui demandait une plus grande marge de man\u0153uvre pour les cantons dans la mise en \u0153uvre des dispositions relatives \u00e0 la protection des eaux.<\/p>\n<p>La d\u00e9limitation de l'espace r\u00e9serv\u00e9 aux eaux est indispensable pour que les rivi\u00e8res et les ruisseaux puissent remplir leurs fonctions \u00e9cologiques et que la protection contre les crues soit garantie. Cette obligation a \u00e9t\u00e9 inscrite dans la loi sur la protection des eaux, adopt\u00e9e par le Parlement et entr\u00e9e en vigueur en 2011, avec d'autres dispositions relatives \u00e0 la renaturation des cours d'eau.<\/p>\n<p>Parall\u00e8lement, la Conf\u00e9d\u00e9ration a d\u00e9cid\u00e9 d'apporter des modifications dans les domaines de la p\u00eache, des produits chimiques et des sites pollu\u00e9s.<\/p>\n<p><b>P\u00eache : nouvelles esp\u00e8ces exotiques envahissantes et p\u00eache \u00e9lectrique<\/b><\/p>\n<p>Avec la modification du r\u00e8glement sur le <a href=\"\/\/www.newsd.admin.ch\/newsd\/message\/attachments\/47596.pdf\">Loi f\u00e9d\u00e9rale sur la p\u00eache<\/a> (VBGF), cinq esp\u00e8ces de gobies de la mer Noire sont ajout\u00e9es \u00e0 la liste des esp\u00e8ces exotiques envahissantes. De plus, la d\u00e9tention de ces gobies dans des bassins ou des aquariums sera soumise \u00e0 autorisation et leur propagation active sera l\u00e9galement interdite. Ces poissons se r\u00e9pandent depuis quelques ann\u00e9es dans le Rhin \u00e0 B\u00e2le et y repr\u00e9sentent une concurrence s\u00e9rieuse pour les poissons et les \u00e9crevisses indig\u00e8nes. Par ailleurs, la modification de l'ordonnance r\u00e9glemente plus strictement l'utilisation des engins de p\u00eache \u00e9lectriques et la truite du Danube est ajout\u00e9e \u00e0 la liste des esp\u00e8ces indig\u00e8nes. Cette esp\u00e8ce de truite est pr\u00e9sente dans le bassin versant de l'Inn.<\/p>\n<p><b>Produits chimiques : adaptation de la liste des produits chimiques interdits ou strictement r\u00e9glement\u00e9s<\/b><\/p>\n<p>Conform\u00e9ment \u00e0 la Convention de Rotterdam (Convention PIC)<b><\/b>les exportations de produits chimiques interdits ou strictement r\u00e9glement\u00e9s en raison de leurs effets sur la sant\u00e9 humaine ou l'environnement doivent \u00eatre notifi\u00e9es au pays importateur. Les modifications apport\u00e9es \u00e0 la <a href=\"\/\/www.newsd.admin.ch\/newsd\/message\/attachments\/47598.pdf\">R\u00e8glement de la Convention de Rotterdam<\/a> sur la proc\u00e9dure de consentement pr\u00e9alable en connaissance de cause applicable \u00e0 certains produits chimiques qui font l'objet d'un commerce international (ChemPICV) concernent notamment la liste des substances figurant \u00e0 l'annexe 1, qui a \u00e9t\u00e9 adapt\u00e9e aux derni\u00e8res d\u00e9cisions du Conseil f\u00e9d\u00e9ral concernant les substances interdites ou strictement r\u00e9glement\u00e9es en Suisse. En outre, cette liste a \u00e9t\u00e9 mise en conformit\u00e9 avec les d\u00e9cisions des autorit\u00e9s f\u00e9d\u00e9rales selon lesquelles certaines substances actives ne sont plus autoris\u00e9es dans les produits phytosanitaires et les biocides.<\/p>\n<p><b>Sites contamin\u00e9s : nouvelle mise \u00e0 jour<\/b><\/p>\n<p>Apr\u00e8s 18 ans d'exp\u00e9rience de mise en \u0153uvre et plusieurs r\u00e9visions, l'ordonnance sur l'assainissement des sites pollu\u00e9s (<a href=\"\/\/www.newsd.admin.ch\/newsd\/message\/attachments\/47601.pdf\">Ordonnance sur les sites contamin\u00e9s, OSites)<\/a> actualis\u00e9 afin d'apporter certaines clarifications et compl\u00e9ments techniques. A l'avenir, les concentrations d'ammonium et de nitrites ne seront plus prises en compte dans l'\u00e9valuation de la n\u00e9cessit\u00e9 d'assainir un site pollu\u00e9 en ce qui concerne les eaux souterraines. Cette modification a \u00e9t\u00e9 d\u00e9cid\u00e9e en accord avec les cantons et les experts. Les deux polluants que sont l'ammonium et les nitrites n'ont d'importance que pour la qualit\u00e9 des eaux de surface. Cette modification devrait permettre de r\u00e9aliser des \u00e9conomies de plusieurs dizaines de millions de francs sur les co\u00fbts d'assainissement.<\/p>\n<p>Les quatre r\u00e8glements modifi\u00e9s entreront en vigueur le 1er mai 2017. Une exception est faite pour les dispositions relatives \u00e0 la p\u00eache \u00e9lectrique, qui n'entreront en vigueur que le 1er mai 2018.<\/p>","protected":false},"excerpt":{"rendered":"<p>Der Bundesrat will, dass die kantonalen Vollzugsbeh\u00f6rden mehr Spielraum erhalten, wenn es um die Festlegung von Gew\u00e4sserr\u00e4umen geht. Daf\u00fcr wurden\u00a0in der Gew\u00e4sserschutz-Verordnung (GSchV) f\u00fcnf neue Bestimmung aufgenommen.\u00a0So k\u00f6nne\u00a0den spezifischen \u00f6rtlichen Gegebenheiten besser Rechnung getragen werden, so der Bundesrat. Die Verpflichtung zur Kompensation von Fruchtfolgefl\u00e4chen wurde ebenfalls pr\u00e4zisiert und in einen direkten Zusammenhang zum entsprechenden Sachplan [&hellip;]<\/p>\n","protected":false},"author":1,"featured_media":903,"comment_status":"open","ping_status":"open","sticky":false,"template":"","format":"standard","meta":{"_acf_changed":false,"_yoast_wpseo_focuskw":"Gew\u00e4sserschutz","_yoast_wpseo_metadesc":"Die kantonalen Vollzugsbeh\u00f6rden erhalten einen gr\u00f6sseren Handlungsspielraum bei der Festlegung der Gew\u00e4sserr\u00e4ume, so will es der Bundesrat","articlekey":"","footnotes":""},"categories":[580],"tags":[100,908,1183,1289,489],"class_list":["post-902","post","type-post","status-publish","format-standard","has-post-thumbnail","hentry","category-sustainability","tag-bundesrat","tag-chemikalien","tag-fischerei","tag-gewaesserschutz","tag-umweltschutz"],"acf":[],"yoast_head":"<!-- This site is optimized with the Yoast SEO plugin v27.4 - https:\/\/yoast.com\/product\/yoast-seo-wordpress\/ -->\n<title>Gew\u00e4sserschutz: Mehr Spielraum f\u00fcr Kantone - Organisator<\/title>\n<meta name=\"description\" content=\"Die kantonalen Vollzugsbeh\u00f6rden erhalten einen gr\u00f6sseren Handlungsspielraum bei der Festlegung der Gew\u00e4sserr\u00e4ume, so will es der Bundesrat\" \/>\n<meta name=\"robots\" content=\"index, follow, max-snippet:-1, max-image-preview:large, max-video-preview:-1\" \/>\n<link rel=\"canonical\" href=\"https:\/\/www.organisator.ch\/fr\/sustainability\/2017-03-22\/gewaesserschutz-mehr-spielraum-fuer-kantone\/\" \/>\n<meta property=\"og:locale\" content=\"fr_FR\" \/>\n<meta property=\"og:type\" content=\"article\" \/>\n<meta property=\"og:title\" content=\"Gew\u00e4sserschutz: Mehr Spielraum f\u00fcr Kantone - Organisator\" \/>\n<meta property=\"og:description\" content=\"Die kantonalen Vollzugsbeh\u00f6rden erhalten einen gr\u00f6sseren Handlungsspielraum bei der Festlegung der Gew\u00e4sserr\u00e4ume, so will es der Bundesrat\" \/>\n<meta property=\"og:url\" content=\"https:\/\/www.organisator.ch\/fr\/sustainability\/2017-03-22\/gewaesserschutz-mehr-spielraum-fuer-kantone\/\" \/>\n<meta property=\"og:site_name\" content=\"Organisator\" \/>\n<meta property=\"article:publisher\" content=\"https:\/\/www.facebook.com\/OrganisatorFachmagazin\" \/>\n<meta property=\"article:published_time\" content=\"2017-03-22T16:41:53+00:00\" \/>\n<meta property=\"article:modified_time\" content=\"2022-02-09T10:10:56+00:00\" \/>\n<meta property=\"og:image\" content=\"https:\/\/www.organisator.ch\/wp-content\/uploads\/2017\/03\/Depositphotos_47097407_l-2015-1024x682.jpg\" \/>\n\t<meta property=\"og:image:width\" content=\"1024\" \/>\n\t<meta property=\"og:image:height\" content=\"682\" \/>\n\t<meta property=\"og:image:type\" content=\"image\/jpeg\" \/>\n<meta name=\"author\" content=\"admin\" \/>\n<meta name=\"twitter:card\" content=\"summary_large_image\" \/>\n<script type=\"application\/ld+json\" class=\"yoast-schema-graph\">{\"@context\":\"https:\\\/\\\/schema.org\",\"@graph\":[{\"@type\":\"Article\",\"@id\":\"https:\\\/\\\/www.organisator.ch\\\/sustainability\\\/2017-03-22\\\/gewaesserschutz-mehr-spielraum-fuer-kantone\\\/#article\",\"isPartOf\":{\"@id\":\"https:\\\/\\\/www.organisator.ch\\\/sustainability\\\/2017-03-22\\\/gewaesserschutz-mehr-spielraum-fuer-kantone\\\/\"},\"author\":{\"name\":\"admin\",\"@id\":\"https:\\\/\\\/www.organisator.ch\\\/#\\\/schema\\\/person\\\/aa2bace6c5c5aad60102004a50c4eb1c\"},\"headline\":\"Gew\u00e4sserschutz: Mehr Spielraum f\u00fcr Kantone\",\"datePublished\":\"2017-03-22T16:41:53+00:00\",\"dateModified\":\"2022-02-09T10:10:56+00:00\",\"mainEntityOfPage\":{\"@id\":\"https:\\\/\\\/www.organisator.ch\\\/sustainability\\\/2017-03-22\\\/gewaesserschutz-mehr-spielraum-fuer-kantone\\\/\"},\"wordCount\":564,\"commentCount\":0,\"publisher\":{\"@id\":\"https:\\\/\\\/www.organisator.ch\\\/#organization\"},\"image\":{\"@id\":\"https:\\\/\\\/www.organisator.ch\\\/sustainability\\\/2017-03-22\\\/gewaesserschutz-mehr-spielraum-fuer-kantone\\\/#primaryimage\"},\"thumbnailUrl\":\"https:\\\/\\\/www.organisator.ch\\\/wp-content\\\/uploads\\\/2017\\\/03\\\/Depositphotos_47097407_l-2015.jpg\",\"keywords\":[\"Bundesrat\",\"Chemikalien\",\"Fischerei\",\"Gew\u00e4sserschutz\",\"Umweltschutz\"],\"articleSection\":[\"SUSTAINABILITY\"],\"inLanguage\":\"fr-FR\"},{\"@type\":\"WebPage\",\"@id\":\"https:\\\/\\\/www.organisator.ch\\\/sustainability\\\/2017-03-22\\\/gewaesserschutz-mehr-spielraum-fuer-kantone\\\/\",\"url\":\"https:\\\/\\\/www.organisator.ch\\\/sustainability\\\/2017-03-22\\\/gewaesserschutz-mehr-spielraum-fuer-kantone\\\/\",\"name\":\"Gew\u00e4sserschutz: Mehr Spielraum f\u00fcr Kantone - Organisator\",\"isPartOf\":{\"@id\":\"https:\\\/\\\/www.organisator.ch\\\/#website\"},\"primaryImageOfPage\":{\"@id\":\"https:\\\/\\\/www.organisator.ch\\\/sustainability\\\/2017-03-22\\\/gewaesserschutz-mehr-spielraum-fuer-kantone\\\/#primaryimage\"},\"image\":{\"@id\":\"https:\\\/\\\/www.organisator.ch\\\/sustainability\\\/2017-03-22\\\/gewaesserschutz-mehr-spielraum-fuer-kantone\\\/#primaryimage\"},\"thumbnailUrl\":\"https:\\\/\\\/www.organisator.ch\\\/wp-content\\\/uploads\\\/2017\\\/03\\\/Depositphotos_47097407_l-2015.jpg\",\"datePublished\":\"2017-03-22T16:41:53+00:00\",\"dateModified\":\"2022-02-09T10:10:56+00:00\",\"description\":\"Die kantonalen Vollzugsbeh\u00f6rden erhalten einen gr\u00f6sseren Handlungsspielraum bei der Festlegung der Gew\u00e4sserr\u00e4ume, so will es der Bundesrat\",\"breadcrumb\":{\"@id\":\"https:\\\/\\\/www.organisator.ch\\\/sustainability\\\/2017-03-22\\\/gewaesserschutz-mehr-spielraum-fuer-kantone\\\/#breadcrumb\"},\"inLanguage\":\"fr-FR\",\"potentialAction\":[{\"@type\":\"ReadAction\",\"target\":[\"https:\\\/\\\/www.organisator.ch\\\/sustainability\\\/2017-03-22\\\/gewaesserschutz-mehr-spielraum-fuer-kantone\\\/\"]}]},{\"@type\":\"ImageObject\",\"inLanguage\":\"fr-FR\",\"@id\":\"https:\\\/\\\/www.organisator.ch\\\/sustainability\\\/2017-03-22\\\/gewaesserschutz-mehr-spielraum-fuer-kantone\\\/#primaryimage\",\"url\":\"https:\\\/\\\/www.organisator.ch\\\/wp-content\\\/uploads\\\/2017\\\/03\\\/Depositphotos_47097407_l-2015.jpg\",\"contentUrl\":\"https:\\\/\\\/www.organisator.ch\\\/wp-content\\\/uploads\\\/2017\\\/03\\\/Depositphotos_47097407_l-2015.jpg\",\"width\":2000,\"height\":1333,\"caption\":\"Fl\u00fcsse und B\u00e4che sind unverzichtbar f\u00fcr den Hochwasserschutz.\"},{\"@type\":\"BreadcrumbList\",\"@id\":\"https:\\\/\\\/www.organisator.ch\\\/sustainability\\\/2017-03-22\\\/gewaesserschutz-mehr-spielraum-fuer-kantone\\\/#breadcrumb\",\"itemListElement\":[{\"@type\":\"ListItem\",\"position\":1,\"name\":\"Home\",\"item\":\"https:\\\/\\\/www.organisator.ch\\\/\"},{\"@type\":\"ListItem\",\"position\":2,\"name\":\"Gew\u00e4sserschutz: Mehr Spielraum f\u00fcr Kantone\"}]},{\"@type\":\"WebSite\",\"@id\":\"https:\\\/\\\/www.organisator.ch\\\/#website\",\"url\":\"https:\\\/\\\/www.organisator.ch\\\/\",\"name\":\"Organisator\",\"description\":\"Kompetent. Praxisnah. Der ORGANISATOR bereitet in 10 Ausgaben pro Jahr die wesentlichen Themen f\u00fcr F\u00fchrungskr\u00e4fte von KMU auf.\",\"publisher\":{\"@id\":\"https:\\\/\\\/www.organisator.ch\\\/#organization\"},\"potentialAction\":[{\"@type\":\"SearchAction\",\"target\":{\"@type\":\"EntryPoint\",\"urlTemplate\":\"https:\\\/\\\/www.organisator.ch\\\/?s={search_term_string}\"},\"query-input\":{\"@type\":\"PropertyValueSpecification\",\"valueRequired\":true,\"valueName\":\"search_term_string\"}}],\"inLanguage\":\"fr-FR\"},{\"@type\":\"Organization\",\"@id\":\"https:\\\/\\\/www.organisator.ch\\\/#organization\",\"name\":\"Organisator\",\"url\":\"https:\\\/\\\/www.organisator.ch\\\/\",\"logo\":{\"@type\":\"ImageObject\",\"inLanguage\":\"fr-FR\",\"@id\":\"https:\\\/\\\/www.organisator.ch\\\/#\\\/schema\\\/logo\\\/image\\\/\",\"url\":\"https:\\\/\\\/www.organisator.ch\\\/wp-content\\\/uploads\\\/2022\\\/01\\\/Logo_Organisator_Website.png\",\"contentUrl\":\"https:\\\/\\\/www.organisator.ch\\\/wp-content\\\/uploads\\\/2022\\\/01\\\/Logo_Organisator_Website.png\",\"width\":800,\"height\":77,\"caption\":\"Organisator\"},\"image\":{\"@id\":\"https:\\\/\\\/www.organisator.ch\\\/#\\\/schema\\\/logo\\\/image\\\/\"},\"sameAs\":[\"https:\\\/\\\/www.facebook.com\\\/OrganisatorFachmagazin\",\"https:\\\/\\\/www.linkedin.com\\\/showcase\\\/organisator-das-magazin-fr-kmu\",\"https:\\\/\\\/www.xing.com\\\/news\\\/pages\\\/organisator-ch-695\",\"https:\\\/\\\/www.youtube.com\\\/channel\\\/UCGP2Sq0iWaZwT3BdIAQFYpw\"]},{\"@type\":\"Person\",\"@id\":\"https:\\\/\\\/www.organisator.ch\\\/#\\\/schema\\\/person\\\/aa2bace6c5c5aad60102004a50c4eb1c\",\"name\":\"admin\",\"image\":{\"@type\":\"ImageObject\",\"inLanguage\":\"fr-FR\",\"@id\":\"https:\\\/\\\/secure.gravatar.com\\\/avatar\\\/ae2f4d718e6c49043e314ce431e7e645d646302a24a5ef5a8bc8e3f5a032e319?s=96&d=mm&r=g\",\"url\":\"https:\\\/\\\/secure.gravatar.com\\\/avatar\\\/ae2f4d718e6c49043e314ce431e7e645d646302a24a5ef5a8bc8e3f5a032e319?s=96&d=mm&r=g\",\"contentUrl\":\"https:\\\/\\\/secure.gravatar.com\\\/avatar\\\/ae2f4d718e6c49043e314ce431e7e645d646302a24a5ef5a8bc8e3f5a032e319?s=96&d=mm&r=g\",\"caption\":\"admin\"},\"sameAs\":[\"https:\\\/\\\/www.organisator.ch\"],\"url\":\"https:\\\/\\\/www.organisator.ch\\\/fr\\\/author\\\/admin\\\/\"}]}<\/script>\n<!-- \/ Yoast SEO plugin. -->","yoast_head_json":{"title":"Protection des eaux : plus de marge de man\u0153uvre pour les cantons - Organisateur","description":"Les autorit\u00e9s cantonales d'ex\u00e9cution disposent d'une plus grande marge de man\u0153uvre pour d\u00e9finir les espaces r\u00e9serv\u00e9s aux cours d'eau, comme le souhaite le Conseil f\u00e9d\u00e9ral","robots":{"index":"index","follow":"follow","max-snippet":"max-snippet:-1","max-image-preview":"max-image-preview:large","max-video-preview":"max-video-preview:-1"},"canonical":"https:\/\/www.organisator.ch\/fr\/sustainability\/2017-03-22\/gewaesserschutz-mehr-spielraum-fuer-kantone\/","og_locale":"fr_FR","og_type":"article","og_title":"Gew\u00e4sserschutz: Mehr Spielraum f\u00fcr Kantone - Organisator","og_description":"Die kantonalen Vollzugsbeh\u00f6rden erhalten einen gr\u00f6sseren Handlungsspielraum bei der Festlegung der Gew\u00e4sserr\u00e4ume, so will es der Bundesrat","og_url":"https:\/\/www.organisator.ch\/fr\/sustainability\/2017-03-22\/gewaesserschutz-mehr-spielraum-fuer-kantone\/","og_site_name":"Organisator","article_publisher":"https:\/\/www.facebook.com\/OrganisatorFachmagazin","article_published_time":"2017-03-22T16:41:53+00:00","article_modified_time":"2022-02-09T10:10:56+00:00","og_image":[{"width":1024,"height":682,"url":"https:\/\/www.organisator.ch\/wp-content\/uploads\/2017\/03\/Depositphotos_47097407_l-2015-1024x682.jpg","type":"image\/jpeg"}],"author":"admin","twitter_card":"summary_large_image","schema":{"@context":"https:\/\/schema.org","@graph":[{"@type":"Article","@id":"https:\/\/www.organisator.ch\/sustainability\/2017-03-22\/gewaesserschutz-mehr-spielraum-fuer-kantone\/#article","isPartOf":{"@id":"https:\/\/www.organisator.ch\/sustainability\/2017-03-22\/gewaesserschutz-mehr-spielraum-fuer-kantone\/"},"author":{"name":"admin","@id":"https:\/\/www.organisator.ch\/#\/schema\/person\/aa2bace6c5c5aad60102004a50c4eb1c"},"headline":"Gew\u00e4sserschutz: Mehr Spielraum f\u00fcr Kantone","datePublished":"2017-03-22T16:41:53+00:00","dateModified":"2022-02-09T10:10:56+00:00","mainEntityOfPage":{"@id":"https:\/\/www.organisator.ch\/sustainability\/2017-03-22\/gewaesserschutz-mehr-spielraum-fuer-kantone\/"},"wordCount":564,"commentCount":0,"publisher":{"@id":"https:\/\/www.organisator.ch\/#organization"},"image":{"@id":"https:\/\/www.organisator.ch\/sustainability\/2017-03-22\/gewaesserschutz-mehr-spielraum-fuer-kantone\/#primaryimage"},"thumbnailUrl":"https:\/\/www.organisator.ch\/wp-content\/uploads\/2017\/03\/Depositphotos_47097407_l-2015.jpg","keywords":["Bundesrat","Chemikalien","Fischerei","Gew\u00e4sserschutz","Umweltschutz"],"articleSection":["SUSTAINABILITY"],"inLanguage":"fr-FR"},{"@type":"WebPage","@id":"https:\/\/www.organisator.ch\/sustainability\/2017-03-22\/gewaesserschutz-mehr-spielraum-fuer-kantone\/","url":"https:\/\/www.organisator.ch\/sustainability\/2017-03-22\/gewaesserschutz-mehr-spielraum-fuer-kantone\/","name":"Protection des eaux : plus de marge de man\u0153uvre pour les cantons - Organisateur","isPartOf":{"@id":"https:\/\/www.organisator.ch\/#website"},"primaryImageOfPage":{"@id":"https:\/\/www.organisator.ch\/sustainability\/2017-03-22\/gewaesserschutz-mehr-spielraum-fuer-kantone\/#primaryimage"},"image":{"@id":"https:\/\/www.organisator.ch\/sustainability\/2017-03-22\/gewaesserschutz-mehr-spielraum-fuer-kantone\/#primaryimage"},"thumbnailUrl":"https:\/\/www.organisator.ch\/wp-content\/uploads\/2017\/03\/Depositphotos_47097407_l-2015.jpg","datePublished":"2017-03-22T16:41:53+00:00","dateModified":"2022-02-09T10:10:56+00:00","description":"Les autorit\u00e9s cantonales d'ex\u00e9cution disposent d'une plus grande marge de man\u0153uvre pour d\u00e9finir les espaces r\u00e9serv\u00e9s aux cours d'eau, comme le souhaite le Conseil f\u00e9d\u00e9ral","breadcrumb":{"@id":"https:\/\/www.organisator.ch\/sustainability\/2017-03-22\/gewaesserschutz-mehr-spielraum-fuer-kantone\/#breadcrumb"},"inLanguage":"fr-FR","potentialAction":[{"@type":"ReadAction","target":["https:\/\/www.organisator.ch\/sustainability\/2017-03-22\/gewaesserschutz-mehr-spielraum-fuer-kantone\/"]}]},{"@type":"ImageObject","inLanguage":"fr-FR","@id":"https:\/\/www.organisator.ch\/sustainability\/2017-03-22\/gewaesserschutz-mehr-spielraum-fuer-kantone\/#primaryimage","url":"https:\/\/www.organisator.ch\/wp-content\/uploads\/2017\/03\/Depositphotos_47097407_l-2015.jpg","contentUrl":"https:\/\/www.organisator.ch\/wp-content\/uploads\/2017\/03\/Depositphotos_47097407_l-2015.jpg","width":2000,"height":1333,"caption":"Fl\u00fcsse und B\u00e4che sind unverzichtbar f\u00fcr den Hochwasserschutz."},{"@type":"BreadcrumbList","@id":"https:\/\/www.organisator.ch\/sustainability\/2017-03-22\/gewaesserschutz-mehr-spielraum-fuer-kantone\/#breadcrumb","itemListElement":[{"@type":"ListItem","position":1,"name":"Home","item":"https:\/\/www.organisator.ch\/"},{"@type":"ListItem","position":2,"name":"Gew\u00e4sserschutz: Mehr Spielraum f\u00fcr Kantone"}]},{"@type":"WebSite","@id":"https:\/\/www.organisator.ch\/#website","url":"https:\/\/www.organisator.ch\/","name":"Organisateur","description":"Comp\u00e9tence et comp\u00e9tence. Proches de la pratique. L'ORGANISATEUR pr\u00e9pare 10 num\u00e9ros par an sur les th\u00e8mes essentiels pour les dirigeants de PME.","publisher":{"@id":"https:\/\/www.organisator.ch\/#organization"},"potentialAction":[{"@type":"SearchAction","target":{"@type":"EntryPoint","urlTemplate":"https:\/\/www.organisator.ch\/?s={search_term_string}"},"query-input":{"@type":"PropertyValueSpecification","valueRequired":true,"valueName":"search_term_string"}}],"inLanguage":"fr-FR"},{"@type":"Organization","@id":"https:\/\/www.organisator.ch\/#organization","name":"Organisateur","url":"https:\/\/www.organisator.ch\/","logo":{"@type":"ImageObject","inLanguage":"fr-FR","@id":"https:\/\/www.organisator.ch\/#\/schema\/logo\/image\/","url":"https:\/\/www.organisator.ch\/wp-content\/uploads\/2022\/01\/Logo_Organisator_Website.png","contentUrl":"https:\/\/www.organisator.ch\/wp-content\/uploads\/2022\/01\/Logo_Organisator_Website.png","width":800,"height":77,"caption":"Organisator"},"image":{"@id":"https:\/\/www.organisator.ch\/#\/schema\/logo\/image\/"},"sameAs":["https:\/\/www.facebook.com\/OrganisatorFachmagazin","https:\/\/www.linkedin.com\/showcase\/organisator-das-magazin-fr-kmu","https:\/\/www.xing.com\/news\/pages\/organisator-ch-695","https:\/\/www.youtube.com\/channel\/UCGP2Sq0iWaZwT3BdIAQFYpw"]},{"@type":"Person","@id":"https:\/\/www.organisator.ch\/#\/schema\/person\/aa2bace6c5c5aad60102004a50c4eb1c","name":"admin","image":{"@type":"ImageObject","inLanguage":"fr-FR","@id":"https:\/\/secure.gravatar.com\/avatar\/ae2f4d718e6c49043e314ce431e7e645d646302a24a5ef5a8bc8e3f5a032e319?s=96&d=mm&r=g","url":"https:\/\/secure.gravatar.com\/avatar\/ae2f4d718e6c49043e314ce431e7e645d646302a24a5ef5a8bc8e3f5a032e319?s=96&d=mm&r=g","contentUrl":"https:\/\/secure.gravatar.com\/avatar\/ae2f4d718e6c49043e314ce431e7e645d646302a24a5ef5a8bc8e3f5a032e319?s=96&d=mm&r=g","caption":"admin"},"sameAs":["https:\/\/www.organisator.ch"],"url":"https:\/\/www.organisator.ch\/fr\/author\/admin\/"}]}},"_links":{"self":[{"href":"https:\/\/www.organisator.ch\/fr\/wp-json\/wp\/v2\/posts\/902","targetHints":{"allow":["GET"]}}],"collection":[{"href":"https:\/\/www.organisator.ch\/fr\/wp-json\/wp\/v2\/posts"}],"about":[{"href":"https:\/\/www.organisator.ch\/fr\/wp-json\/wp\/v2\/types\/post"}],"author":[{"embeddable":true,"href":"https:\/\/www.organisator.ch\/fr\/wp-json\/wp\/v2\/users\/1"}],"replies":[{"embeddable":true,"href":"https:\/\/www.organisator.ch\/fr\/wp-json\/wp\/v2\/comments?post=902"}],"version-history":[{"count":1,"href":"https:\/\/www.organisator.ch\/fr\/wp-json\/wp\/v2\/posts\/902\/revisions"}],"predecessor-version":[{"id":11048,"href":"https:\/\/www.organisator.ch\/fr\/wp-json\/wp\/v2\/posts\/902\/revisions\/11048"}],"wp:featuredmedia":[{"embeddable":true,"href":"https:\/\/www.organisator.ch\/fr\/wp-json\/wp\/v2\/media\/903"}],"wp:attachment":[{"href":"https:\/\/www.organisator.ch\/fr\/wp-json\/wp\/v2\/media?parent=902"}],"wp:term":[{"taxonomy":"category","embeddable":true,"href":"https:\/\/www.organisator.ch\/fr\/wp-json\/wp\/v2\/categories?post=902"},{"taxonomy":"post_tag","embeddable":true,"href":"https:\/\/www.organisator.ch\/fr\/wp-json\/wp\/v2\/tags?post=902"}],"curies":[{"name":"wp","href":"https:\/\/api.w.org\/{rel}","templated":true}]}}