{"id":912,"date":"2016-07-13T17:31:58","date_gmt":"2016-07-13T15:31:58","guid":{"rendered":"http:\/\/dev.organisator.ch\/?p=912"},"modified":"2016-07-13T17:31:58","modified_gmt":"2016-07-13T15:31:58","slug":"start-up-steuer-zuercher-jungunternehmen-im-abseits","status":"publish","type":"post","link":"https:\/\/www.organisator.ch\/fr\/allgemein\/2016-07-13\/start-up-steuer-zuercher-jungunternehmen-im-abseits\/","title":{"rendered":"Imp\u00f4t sur les start-ups : les jeunes entreprises zurichoises \u00e0 l'\u00e9cart"},"content":{"rendered":"<p><img loading=\"lazy\" decoding=\"async\" class=\"alignnone wp-image-915 size-full\" src=\"https:\/\/www.organisator.ch\/wp-content\/uploads\/2016\/12\/Start-Up-Steuer-Zuercher-Jungunternehmen-im-Abseits-organisator.jpg\" width=\"640\" height=\"427\" srcset=\"https:\/\/www.organisator.ch\/wp-content\/uploads\/2016\/12\/Start-Up-Steuer-Zuercher-Jungunternehmen-im-Abseits-organisator.jpg 640w, https:\/\/www.organisator.ch\/wp-content\/uploads\/2016\/12\/Start-Up-Steuer-Zuercher-Jungunternehmen-im-Abseits-organisator-16x12.jpg 16w, https:\/\/www.organisator.ch\/wp-content\/uploads\/2016\/12\/Start-Up-Steuer-Zuercher-Jungunternehmen-im-Abseits-organisator-262x175.jpg 262w, https:\/\/www.organisator.ch\/wp-content\/uploads\/2016\/12\/Start-Up-Steuer-Zuercher-Jungunternehmen-im-Abseits-organisator-525x350.jpg 525w, https:\/\/www.organisator.ch\/wp-content\/uploads\/2016\/12\/Start-Up-Steuer-Zuercher-Jungunternehmen-im-Abseits-organisator-300x200.jpg 300w\" sizes=\"auto, (max-width: 640px) 100vw, 640px\" \/><\/p>\n<p>&nbsp;<\/p>\n<figure id=\"attachment_916\" aria-describedby=\"caption-attachment-916\" style=\"width: 680px\" class=\"wp-caption alignnone\"><img loading=\"lazy\" decoding=\"async\" class=\"size-medium wp-image-916\" src=\"https:\/\/organisator.ch\/wp-content\/uploads\/2016\/12\/Start-Up-Steuer-Z\u00fcrcher-Jungunternehmen-im-Abseits-organisator.png\" alt=\"\" width=\"680\" height=\"469\" \/><figcaption id=\"caption-attachment-916\" class=\"wp-caption-text\">Des chiffres accablants : 85% des personnes interrog\u00e9es envisagent de d\u00e9m\u00e9nager. (\u00e9tude : venturelab)<\/figcaption><\/figure>\n<p>Pour l'imp\u00f4t sur la fortune, l'administration fiscale zurichoise \u00e9value depuis mars 2016 les actions des fondateurs d'entreprises non pas en fonction de la valeur actuelle de la soci\u00e9t\u00e9, mais en fonction du prix qu'un investisseur avait pay\u00e9 pour une action. Cette m\u00e9thode d'\u00e9valuation a pour cons\u00e9quence que les propri\u00e9taires de startups\/jeunes entreprises sont moins bien lotis en termes d'imp\u00f4t sur la fortune que les personnes qui investissent une partie de leur fortune dans des actions de PME \u00e9tablies\/d'entreprises cot\u00e9es en bourse.<\/p>\n<p>Dans des cas extr\u00eames, la charge de l'imp\u00f4t sur la fortune pourrait m\u00eame \u00eatre plus \u00e9lev\u00e9e que le revenu total. Le canton de Berne a une autre approche, plus favorable aux entreprises, comme le montre la promotion de l'innovation bernoise be-advanced en <a href=\"http:\/\/www.startwerk.ch\/2016\/07\/13\/startupsteuer-vorteil-bern\" target=\"_blank\" data-cke-saved-href=\"http:\/\/www.startwerk.ch\/2016\/07\/13\/startupsteuer-vorteil-bern\" rel=\"noopener\">Interview<\/a> est mis en \u00e9vidence.<\/p>\n<p><strong>Les start-ups restent-elles \u00e0 Zurich ?<\/strong><\/p>\n<p>Les start-ups zurichoises continuent de se mobiliser contre les factures astronomiques de l'imp\u00f4t sur la fortune du canton de Zurich. Lorsque l'on parle des cr\u00e9ateurs de start-up \u00e0 Zurich, il ne faut certainement pas oublier les entreprises de haute technologie et leurs business angels. Les meilleures start-ups (surtout les spin-offs de l'ETH) se voient d\u00e9sormais contraintes de quitter le canton de Zurich, voire la Suisse.<\/p>\n<p>Et ce non seulement en raison des factures d'imp\u00f4ts exorbitantes, mais aussi parce que la recherche d'investisseurs pour les start-up bas\u00e9es dans le canton de Zurich devient beaucoup plus difficile en raison de la nouvelle pratique fiscale.<\/p>\n<p><strong>Les d\u00e9lais de gr\u00e2ce sont-ils utiles ?<\/strong><\/p>\n<p>En raison de la forte r\u00e9sistance du milieu des start-up, la direction des finances a quelque peu att\u00e9nu\u00e9 la nouvelle pratique le 1er mars 2016 et introduit des \"d\u00e9lais de gr\u00e2ce\" de trois exercices (cinq ans pour les biotechs et les medtechs). Mais cela ne r\u00e9sout pas le probl\u00e8me de fond, car en fin de compte, les co\u00fbts de financement sont report\u00e9s sur des tours d'imp\u00f4ts ult\u00e9rieurs.<\/p>\n<p>Alors que la direction des finances du canton de Zurich s'efforce d'\u00e9lever sa nouvelle pratique fiscale au rang de norme nationale via la Conf\u00e9rence des directeurs cantonaux des finances et la Conf\u00e9rence suisse des imp\u00f4ts, tous les repr\u00e9sentants de la sc\u00e8ne des start-up craignent des dommages massifs pour le site d'innovation suisse. La politique est \u00e9galement active : le PLR\/PDC\/UDC du Grand Conseil zurichois a d\u00e9pos\u00e9 un postulat urgent (KR-No. 168\/2016) qui demande un retour \u00e0 la m\u00e9thode des praticiens et donc une \u00e9galit\u00e9 de traitement pour toutes les startups et PME.<\/p>\n<p><strong>37 pour cent souhaitent quitter la Suisse<\/strong><\/p>\n<p>Le promoteur national de startups venturelab a voulu en savoir plus et a lanc\u00e9 une \u00e9tude pour examiner les cons\u00e9quences de la nouvelle pratique fiscale zurichoise sur les meilleures startups : 85% des personnes interrog\u00e9es envisagent de d\u00e9m\u00e9nager. Alors que 33% sont \u00e0 la recherche d'un site dans un autre canton, 37% veulent quitter la Suisse !<\/p>\n<p>15% sont encore ind\u00e9cis quant \u00e0 leur lieu d'implantation. Avec la nouvelle pratique fiscale, le canton de Zurich risque de perdre pr\u00e8s de la moiti\u00e9 de ses start-ups de pointe au profit de l'\u00e9tranger. Cette situation est particuli\u00e8rement explosive au vu des \u00e9normes investissements de l'\u00c9tat dans les travaux de recherche et la promotion de ces spin-offs.<\/p>\n<p>De plus, les startups concern\u00e9es par l'imp\u00f4t sur les startups doivent faire face \u00e0 un environnement de financement beaucoup plus difficile : ainsi, 20% des startups interrog\u00e9es pensent que le financement par des business angels deviendra presque impossible en raison de la nouvelle pratique fiscale dans le canton de Zurich. Et 70% estiment que la lev\u00e9e de fonds sera beaucoup plus difficile pour elles qu'elle ne l'est d\u00e9j\u00e0.<\/p>\n<p><strong>Postulat pour la m\u00e9thode du praticien<\/strong><\/p>\n<p>Les 61 startups qui ont particip\u00e9 \u00e0 l'\u00e9tude jusqu'\u00e0 pr\u00e9sent co\u00fbteront \u00e0 elles seules 1'050 emplois au canton de Zurich. Cela correspond \u00e0 environ 25 millions de francs d'imp\u00f4ts sur le revenu. Pour compenser le m\u00eame montant par des imp\u00f4ts sur la fortune, il faudrait taxer des fortunes d'environ 5 milliards de francs. Ce calcul montre \u00e0 quel point la nouvelle pratique des autorit\u00e9s fiscales zurichoises est fondamentalement absurde.<\/p>\n<p>Le Conseil d'Etat zurichois est toutefois pr\u00eat \u00e0 accepter le postulat urgent dans le sens des consid\u00e9rations pratiques. Il ne reste plus qu'\u00e0 esp\u00e9rer que le Conseil d'Etat zurichois incite ses autorit\u00e9s fiscales \u00e0 adapter leur pratique erron\u00e9e dans un d\u00e9lai raisonnable.<\/p>\n<p>Vous trouverez plus d'informations sur l'\u00e9tude en cliquant sur ce <a href=\"http:\/\/www.venturelab.ch\/startupsteuer\" target=\"_blank\" data-cke-saved-href=\"http:\/\/www.venturelab.ch\/startupsteuer\" rel=\"noopener\">Lien<\/a><\/p>\n<p>&nbsp;<\/p>","protected":false},"excerpt":{"rendered":"<p>&nbsp; Das Z\u00fcrcher Steueramt bewertet f\u00fcr die Verm\u00f6genssteuer seit M\u00e4rz 2016 die Aktien von Unternehmensgr\u00fcndern nicht nach dem aktuellen Wert der Gesellschaft, sondern nach dem Preis, den ein Investor f\u00fcr eine Aktie bezahlt hatte. Diese Bewertungsmethode hat zur Folge, dass Eigent\u00fcmer von Startups\/Jungunternehmen in Bezug auf die Verm\u00f6genssteuer schlechter gestellt sind, als Personen, welche einen [&hellip;]<\/p>\n","protected":false},"author":1,"featured_media":915,"comment_status":"open","ping_status":"open","sticky":false,"template":"","format":"standard","meta":{"_acf_changed":false,"_yoast_wpseo_focuskw":"Start-Up Steuer","_yoast_wpseo_metadesc":"Die Steuerbeh\u00f6rde des Kt. ZH verwendet seit dem dritten Quartal 2014 letztbezahlte Emissionspreise von Kapitalerh\u00f6hungen als Basis f\u00fcr die Verm\u00f6genssteuer.","articlekey":"","footnotes":""},"categories":[1],"tags":[119,492],"class_list":["post-912","post","type-post","status-publish","format-standard","has-post-thumbnail","hentry","category-allgemein","tag-checklisten-startupsunternehmensgruendung","tag-unternehmen"],"acf":[],"yoast_head":"<!-- This site is optimized with the Yoast SEO plugin v27.5 - https:\/\/yoast.com\/product\/yoast-seo-wordpress\/ -->\n<title>Start-Up Steuer: Z\u00fcrcher Jungunternehmen im Abseits - Organisator<\/title>\n<meta name=\"description\" content=\"Die Steuerbeh\u00f6rde des Kt. ZH verwendet seit dem dritten Quartal 2014 letztbezahlte Emissionspreise von Kapitalerh\u00f6hungen als Basis f\u00fcr die Verm\u00f6genssteuer.\" \/>\n<meta name=\"robots\" content=\"index, follow, max-snippet:-1, max-image-preview:large, max-video-preview:-1\" \/>\n<link rel=\"canonical\" href=\"https:\/\/www.organisator.ch\/fr\/general\/2016-07-13\/start-up-steuer-zuercher-jungunternehmen-im-abseits\/\" \/>\n<meta property=\"og:locale\" content=\"fr_FR\" \/>\n<meta property=\"og:type\" content=\"article\" \/>\n<meta property=\"og:title\" content=\"Start-Up Steuer: Z\u00fcrcher Jungunternehmen im Abseits\" \/>\n<meta property=\"og:description\" content=\"W\u00e4hrend andere Kantone die Aktien von KMU und Startups mit der bew\u00e4hrten Praktikermethode bewerten, verwendet die Steuerbeh\u00f6rde des Kantons Z\u00fcrich seit dem dritten Quartal 2014 letztbezahlte Emissionspreise von Kapitalerh\u00f6hungen als Basis f\u00fcr die Verm\u00f6genssteuer. Seit 2016 zeigt diese Praxis immer mehr Grenzen f\u00fcr Start-Ups auf.\" \/>\n<meta property=\"og:url\" content=\"https:\/\/www.organisator.ch\/fr\/general\/2016-07-13\/start-up-steuer-zuercher-jungunternehmen-im-abseits\/\" \/>\n<meta property=\"og:site_name\" content=\"Organisator\" \/>\n<meta property=\"article:publisher\" content=\"https:\/\/www.facebook.com\/OrganisatorFachmagazin\" \/>\n<meta property=\"article:published_time\" content=\"2016-07-13T15:31:58+00:00\" \/>\n<meta name=\"author\" content=\"admin\" \/>\n<meta name=\"twitter:card\" content=\"summary_large_image\" \/>\n<meta name=\"twitter:image\" content=\"https:\/\/www.organisator.ch\/wp-content\/uploads\/2016\/12\/Start-Up-Steuer-Zuercher-Jungunternehmen-im-Abseits-organisator.jpg\" \/>\n<script type=\"application\/ld+json\" class=\"yoast-schema-graph\">{\"@context\":\"https:\\\/\\\/schema.org\",\"@graph\":[{\"@type\":\"Article\",\"@id\":\"https:\\\/\\\/www.organisator.ch\\\/fr\\\/general\\\/2016-07-13\\\/start-up-steuer-zuercher-jungunternehmen-im-abseits\\\/#article\",\"isPartOf\":{\"@id\":\"https:\\\/\\\/www.organisator.ch\\\/fr\\\/general\\\/2016-07-13\\\/start-up-steuer-zuercher-jungunternehmen-im-abseits\\\/\"},\"author\":{\"name\":\"admin\",\"@id\":\"https:\\\/\\\/www.organisator.ch\\\/#\\\/schema\\\/person\\\/aa2bace6c5c5aad60102004a50c4eb1c\"},\"headline\":\"Start-Up Steuer: Z\u00fcrcher Jungunternehmen im Abseits\",\"datePublished\":\"2016-07-13T15:31:58+00:00\",\"mainEntityOfPage\":{\"@id\":\"https:\\\/\\\/www.organisator.ch\\\/fr\\\/general\\\/2016-07-13\\\/start-up-steuer-zuercher-jungunternehmen-im-abseits\\\/\"},\"wordCount\":629,\"commentCount\":0,\"publisher\":{\"@id\":\"https:\\\/\\\/www.organisator.ch\\\/#organization\"},\"image\":{\"@id\":\"https:\\\/\\\/www.organisator.ch\\\/fr\\\/general\\\/2016-07-13\\\/start-up-steuer-zuercher-jungunternehmen-im-abseits\\\/#primaryimage\"},\"thumbnailUrl\":\"https:\\\/\\\/www.organisator.ch\\\/wp-content\\\/uploads\\\/2016\\\/12\\\/Start-Up-Steuer-Zuercher-Jungunternehmen-im-Abseits-organisator.jpg\",\"keywords\":[\"Checklisten \u00abStartups\\\/Unternehmensgr\u00fcndung\",\"Unternehmen\"],\"articleSection\":[\"Allgemein\"],\"inLanguage\":\"fr-FR\"},{\"@type\":\"WebPage\",\"@id\":\"https:\\\/\\\/www.organisator.ch\\\/fr\\\/general\\\/2016-07-13\\\/start-up-steuer-zuercher-jungunternehmen-im-abseits\\\/\",\"url\":\"https:\\\/\\\/www.organisator.ch\\\/fr\\\/general\\\/2016-07-13\\\/start-up-steuer-zuercher-jungunternehmen-im-abseits\\\/\",\"name\":\"Start-Up Steuer: Z\u00fcrcher Jungunternehmen im Abseits - Organisator\",\"isPartOf\":{\"@id\":\"https:\\\/\\\/www.organisator.ch\\\/#website\"},\"primaryImageOfPage\":{\"@id\":\"https:\\\/\\\/www.organisator.ch\\\/fr\\\/general\\\/2016-07-13\\\/start-up-steuer-zuercher-jungunternehmen-im-abseits\\\/#primaryimage\"},\"image\":{\"@id\":\"https:\\\/\\\/www.organisator.ch\\\/fr\\\/general\\\/2016-07-13\\\/start-up-steuer-zuercher-jungunternehmen-im-abseits\\\/#primaryimage\"},\"thumbnailUrl\":\"https:\\\/\\\/www.organisator.ch\\\/wp-content\\\/uploads\\\/2016\\\/12\\\/Start-Up-Steuer-Zuercher-Jungunternehmen-im-Abseits-organisator.jpg\",\"datePublished\":\"2016-07-13T15:31:58+00:00\",\"description\":\"Die Steuerbeh\u00f6rde des Kt. ZH verwendet seit dem dritten Quartal 2014 letztbezahlte Emissionspreise von Kapitalerh\u00f6hungen als Basis f\u00fcr die Verm\u00f6genssteuer.\",\"breadcrumb\":{\"@id\":\"https:\\\/\\\/www.organisator.ch\\\/fr\\\/general\\\/2016-07-13\\\/start-up-steuer-zuercher-jungunternehmen-im-abseits\\\/#breadcrumb\"},\"inLanguage\":\"fr-FR\",\"potentialAction\":[{\"@type\":\"ReadAction\",\"target\":[\"https:\\\/\\\/www.organisator.ch\\\/fr\\\/general\\\/2016-07-13\\\/start-up-steuer-zuercher-jungunternehmen-im-abseits\\\/\"]}]},{\"@type\":\"ImageObject\",\"inLanguage\":\"fr-FR\",\"@id\":\"https:\\\/\\\/www.organisator.ch\\\/fr\\\/general\\\/2016-07-13\\\/start-up-steuer-zuercher-jungunternehmen-im-abseits\\\/#primaryimage\",\"url\":\"https:\\\/\\\/www.organisator.ch\\\/wp-content\\\/uploads\\\/2016\\\/12\\\/Start-Up-Steuer-Zuercher-Jungunternehmen-im-Abseits-organisator.jpg\",\"contentUrl\":\"https:\\\/\\\/www.organisator.ch\\\/wp-content\\\/uploads\\\/2016\\\/12\\\/Start-Up-Steuer-Zuercher-Jungunternehmen-im-Abseits-organisator.jpg\",\"width\":640,\"height\":427,\"caption\":\"Famous postcard view of various houses and churches in the old town part of Zurich\"},{\"@type\":\"BreadcrumbList\",\"@id\":\"https:\\\/\\\/www.organisator.ch\\\/fr\\\/general\\\/2016-07-13\\\/start-up-steuer-zuercher-jungunternehmen-im-abseits\\\/#breadcrumb\",\"itemListElement\":[{\"@type\":\"ListItem\",\"position\":1,\"name\":\"Home\",\"item\":\"https:\\\/\\\/www.organisator.ch\\\/\"},{\"@type\":\"ListItem\",\"position\":2,\"name\":\"Start-Up Steuer: Z\u00fcrcher Jungunternehmen im Abseits\"}]},{\"@type\":\"WebSite\",\"@id\":\"https:\\\/\\\/www.organisator.ch\\\/#website\",\"url\":\"https:\\\/\\\/www.organisator.ch\\\/\",\"name\":\"Organisator\",\"description\":\"Kompetent. Praxisnah. Der ORGANISATOR bereitet in 10 Ausgaben pro Jahr die wesentlichen Themen f\u00fcr F\u00fchrungskr\u00e4fte von KMU auf.\",\"publisher\":{\"@id\":\"https:\\\/\\\/www.organisator.ch\\\/#organization\"},\"potentialAction\":[{\"@type\":\"SearchAction\",\"target\":{\"@type\":\"EntryPoint\",\"urlTemplate\":\"https:\\\/\\\/www.organisator.ch\\\/?s={search_term_string}\"},\"query-input\":{\"@type\":\"PropertyValueSpecification\",\"valueRequired\":true,\"valueName\":\"search_term_string\"}}],\"inLanguage\":\"fr-FR\"},{\"@type\":\"Organization\",\"@id\":\"https:\\\/\\\/www.organisator.ch\\\/#organization\",\"name\":\"Organisator\",\"url\":\"https:\\\/\\\/www.organisator.ch\\\/\",\"logo\":{\"@type\":\"ImageObject\",\"inLanguage\":\"fr-FR\",\"@id\":\"https:\\\/\\\/www.organisator.ch\\\/#\\\/schema\\\/logo\\\/image\\\/\",\"url\":\"https:\\\/\\\/www.organisator.ch\\\/wp-content\\\/uploads\\\/2022\\\/01\\\/Logo_Organisator_Website.png\",\"contentUrl\":\"https:\\\/\\\/www.organisator.ch\\\/wp-content\\\/uploads\\\/2022\\\/01\\\/Logo_Organisator_Website.png\",\"width\":800,\"height\":77,\"caption\":\"Organisator\"},\"image\":{\"@id\":\"https:\\\/\\\/www.organisator.ch\\\/#\\\/schema\\\/logo\\\/image\\\/\"},\"sameAs\":[\"https:\\\/\\\/www.facebook.com\\\/OrganisatorFachmagazin\",\"https:\\\/\\\/www.linkedin.com\\\/showcase\\\/organisator-das-magazin-fr-kmu\",\"https:\\\/\\\/www.xing.com\\\/news\\\/pages\\\/organisator-ch-695\",\"https:\\\/\\\/www.youtube.com\\\/channel\\\/UCGP2Sq0iWaZwT3BdIAQFYpw\"]},{\"@type\":\"Person\",\"@id\":\"https:\\\/\\\/www.organisator.ch\\\/#\\\/schema\\\/person\\\/aa2bace6c5c5aad60102004a50c4eb1c\",\"name\":\"admin\",\"image\":{\"@type\":\"ImageObject\",\"inLanguage\":\"fr-FR\",\"@id\":\"https:\\\/\\\/secure.gravatar.com\\\/avatar\\\/ae2f4d718e6c49043e314ce431e7e645d646302a24a5ef5a8bc8e3f5a032e319?s=96&d=mm&r=g\",\"url\":\"https:\\\/\\\/secure.gravatar.com\\\/avatar\\\/ae2f4d718e6c49043e314ce431e7e645d646302a24a5ef5a8bc8e3f5a032e319?s=96&d=mm&r=g\",\"contentUrl\":\"https:\\\/\\\/secure.gravatar.com\\\/avatar\\\/ae2f4d718e6c49043e314ce431e7e645d646302a24a5ef5a8bc8e3f5a032e319?s=96&d=mm&r=g\",\"caption\":\"admin\"},\"sameAs\":[\"https:\\\/\\\/www.organisator.ch\"],\"url\":\"https:\\\/\\\/www.organisator.ch\\\/fr\\\/author\\\/admin\\\/\"}]}<\/script>\n<!-- \/ Yoast SEO plugin. -->","yoast_head_json":{"title":"Taxe sur les start-ups : les jeunes entreprises zurichoises \u00e0 l'\u00e9cart - Organisateur","description":"Depuis le troisi\u00e8me trimestre 2014, l'autorit\u00e9 fiscale du canton de ZH utilise les derniers prix d'\u00e9mission pay\u00e9s pour les augmentations de capital comme base pour l'imp\u00f4t sur la fortune.","robots":{"index":"index","follow":"follow","max-snippet":"max-snippet:-1","max-image-preview":"max-image-preview:large","max-video-preview":"max-video-preview:-1"},"canonical":"https:\/\/www.organisator.ch\/fr\/general\/2016-07-13\/start-up-steuer-zuercher-jungunternehmen-im-abseits\/","og_locale":"fr_FR","og_type":"article","og_title":"Start-Up Steuer: Z\u00fcrcher Jungunternehmen im Abseits","og_description":"W\u00e4hrend andere Kantone die Aktien von KMU und Startups mit der bew\u00e4hrten Praktikermethode bewerten, verwendet die Steuerbeh\u00f6rde des Kantons Z\u00fcrich seit dem dritten Quartal 2014 letztbezahlte Emissionspreise von Kapitalerh\u00f6hungen als Basis f\u00fcr die Verm\u00f6genssteuer. Seit 2016 zeigt diese Praxis immer mehr Grenzen f\u00fcr Start-Ups auf.","og_url":"https:\/\/www.organisator.ch\/fr\/general\/2016-07-13\/start-up-steuer-zuercher-jungunternehmen-im-abseits\/","og_site_name":"Organisator","article_publisher":"https:\/\/www.facebook.com\/OrganisatorFachmagazin","article_published_time":"2016-07-13T15:31:58+00:00","author":"admin","twitter_card":"summary_large_image","twitter_image":"https:\/\/www.organisator.ch\/wp-content\/uploads\/2016\/12\/Start-Up-Steuer-Zuercher-Jungunternehmen-im-Abseits-organisator.jpg","schema":{"@context":"https:\/\/schema.org","@graph":[{"@type":"Article","@id":"https:\/\/www.organisator.ch\/fr\/general\/2016-07-13\/start-up-steuer-zuercher-jungunternehmen-im-abseits\/#article","isPartOf":{"@id":"https:\/\/www.organisator.ch\/fr\/general\/2016-07-13\/start-up-steuer-zuercher-jungunternehmen-im-abseits\/"},"author":{"name":"admin","@id":"https:\/\/www.organisator.ch\/#\/schema\/person\/aa2bace6c5c5aad60102004a50c4eb1c"},"headline":"Start-Up Steuer: Z\u00fcrcher Jungunternehmen im Abseits","datePublished":"2016-07-13T15:31:58+00:00","mainEntityOfPage":{"@id":"https:\/\/www.organisator.ch\/fr\/general\/2016-07-13\/start-up-steuer-zuercher-jungunternehmen-im-abseits\/"},"wordCount":629,"commentCount":0,"publisher":{"@id":"https:\/\/www.organisator.ch\/#organization"},"image":{"@id":"https:\/\/www.organisator.ch\/fr\/general\/2016-07-13\/start-up-steuer-zuercher-jungunternehmen-im-abseits\/#primaryimage"},"thumbnailUrl":"https:\/\/www.organisator.ch\/wp-content\/uploads\/2016\/12\/Start-Up-Steuer-Zuercher-Jungunternehmen-im-Abseits-organisator.jpg","keywords":["Checklisten \u00abStartups\/Unternehmensgr\u00fcndung","Unternehmen"],"articleSection":["Allgemein"],"inLanguage":"fr-FR"},{"@type":"WebPage","@id":"https:\/\/www.organisator.ch\/fr\/general\/2016-07-13\/start-up-steuer-zuercher-jungunternehmen-im-abseits\/","url":"https:\/\/www.organisator.ch\/fr\/general\/2016-07-13\/start-up-steuer-zuercher-jungunternehmen-im-abseits\/","name":"Taxe sur les start-ups : les jeunes entreprises zurichoises \u00e0 l'\u00e9cart - Organisateur","isPartOf":{"@id":"https:\/\/www.organisator.ch\/#website"},"primaryImageOfPage":{"@id":"https:\/\/www.organisator.ch\/fr\/general\/2016-07-13\/start-up-steuer-zuercher-jungunternehmen-im-abseits\/#primaryimage"},"image":{"@id":"https:\/\/www.organisator.ch\/fr\/general\/2016-07-13\/start-up-steuer-zuercher-jungunternehmen-im-abseits\/#primaryimage"},"thumbnailUrl":"https:\/\/www.organisator.ch\/wp-content\/uploads\/2016\/12\/Start-Up-Steuer-Zuercher-Jungunternehmen-im-Abseits-organisator.jpg","datePublished":"2016-07-13T15:31:58+00:00","description":"Depuis le troisi\u00e8me trimestre 2014, l'autorit\u00e9 fiscale du canton de ZH utilise les derniers prix d'\u00e9mission pay\u00e9s pour les augmentations de capital comme base pour l'imp\u00f4t sur la fortune.","breadcrumb":{"@id":"https:\/\/www.organisator.ch\/fr\/general\/2016-07-13\/start-up-steuer-zuercher-jungunternehmen-im-abseits\/#breadcrumb"},"inLanguage":"fr-FR","potentialAction":[{"@type":"ReadAction","target":["https:\/\/www.organisator.ch\/fr\/general\/2016-07-13\/start-up-steuer-zuercher-jungunternehmen-im-abseits\/"]}]},{"@type":"ImageObject","inLanguage":"fr-FR","@id":"https:\/\/www.organisator.ch\/fr\/general\/2016-07-13\/start-up-steuer-zuercher-jungunternehmen-im-abseits\/#primaryimage","url":"https:\/\/www.organisator.ch\/wp-content\/uploads\/2016\/12\/Start-Up-Steuer-Zuercher-Jungunternehmen-im-Abseits-organisator.jpg","contentUrl":"https:\/\/www.organisator.ch\/wp-content\/uploads\/2016\/12\/Start-Up-Steuer-Zuercher-Jungunternehmen-im-Abseits-organisator.jpg","width":640,"height":427,"caption":"Famous postcard view of various houses and churches in the old town part of Zurich"},{"@type":"BreadcrumbList","@id":"https:\/\/www.organisator.ch\/fr\/general\/2016-07-13\/start-up-steuer-zuercher-jungunternehmen-im-abseits\/#breadcrumb","itemListElement":[{"@type":"ListItem","position":1,"name":"Home","item":"https:\/\/www.organisator.ch\/"},{"@type":"ListItem","position":2,"name":"Start-Up Steuer: Z\u00fcrcher Jungunternehmen im Abseits"}]},{"@type":"WebSite","@id":"https:\/\/www.organisator.ch\/#website","url":"https:\/\/www.organisator.ch\/","name":"Organisateur","description":"Comp\u00e9tence et comp\u00e9tence. Proches de la pratique. L'ORGANISATEUR pr\u00e9pare 10 num\u00e9ros par an sur les th\u00e8mes essentiels pour les dirigeants de PME.","publisher":{"@id":"https:\/\/www.organisator.ch\/#organization"},"potentialAction":[{"@type":"SearchAction","target":{"@type":"EntryPoint","urlTemplate":"https:\/\/www.organisator.ch\/?s={search_term_string}"},"query-input":{"@type":"PropertyValueSpecification","valueRequired":true,"valueName":"search_term_string"}}],"inLanguage":"fr-FR"},{"@type":"Organization","@id":"https:\/\/www.organisator.ch\/#organization","name":"Organisateur","url":"https:\/\/www.organisator.ch\/","logo":{"@type":"ImageObject","inLanguage":"fr-FR","@id":"https:\/\/www.organisator.ch\/#\/schema\/logo\/image\/","url":"https:\/\/www.organisator.ch\/wp-content\/uploads\/2022\/01\/Logo_Organisator_Website.png","contentUrl":"https:\/\/www.organisator.ch\/wp-content\/uploads\/2022\/01\/Logo_Organisator_Website.png","width":800,"height":77,"caption":"Organisator"},"image":{"@id":"https:\/\/www.organisator.ch\/#\/schema\/logo\/image\/"},"sameAs":["https:\/\/www.facebook.com\/OrganisatorFachmagazin","https:\/\/www.linkedin.com\/showcase\/organisator-das-magazin-fr-kmu","https:\/\/www.xing.com\/news\/pages\/organisator-ch-695","https:\/\/www.youtube.com\/channel\/UCGP2Sq0iWaZwT3BdIAQFYpw"]},{"@type":"Person","@id":"https:\/\/www.organisator.ch\/#\/schema\/person\/aa2bace6c5c5aad60102004a50c4eb1c","name":"admin","image":{"@type":"ImageObject","inLanguage":"fr-FR","@id":"https:\/\/secure.gravatar.com\/avatar\/ae2f4d718e6c49043e314ce431e7e645d646302a24a5ef5a8bc8e3f5a032e319?s=96&d=mm&r=g","url":"https:\/\/secure.gravatar.com\/avatar\/ae2f4d718e6c49043e314ce431e7e645d646302a24a5ef5a8bc8e3f5a032e319?s=96&d=mm&r=g","contentUrl":"https:\/\/secure.gravatar.com\/avatar\/ae2f4d718e6c49043e314ce431e7e645d646302a24a5ef5a8bc8e3f5a032e319?s=96&d=mm&r=g","caption":"admin"},"sameAs":["https:\/\/www.organisator.ch"],"url":"https:\/\/www.organisator.ch\/fr\/author\/admin\/"}]}},"_links":{"self":[{"href":"https:\/\/www.organisator.ch\/fr\/wp-json\/wp\/v2\/posts\/912","targetHints":{"allow":["GET"]}}],"collection":[{"href":"https:\/\/www.organisator.ch\/fr\/wp-json\/wp\/v2\/posts"}],"about":[{"href":"https:\/\/www.organisator.ch\/fr\/wp-json\/wp\/v2\/types\/post"}],"author":[{"embeddable":true,"href":"https:\/\/www.organisator.ch\/fr\/wp-json\/wp\/v2\/users\/1"}],"replies":[{"embeddable":true,"href":"https:\/\/www.organisator.ch\/fr\/wp-json\/wp\/v2\/comments?post=912"}],"version-history":[{"count":0,"href":"https:\/\/www.organisator.ch\/fr\/wp-json\/wp\/v2\/posts\/912\/revisions"}],"wp:featuredmedia":[{"embeddable":true,"href":"https:\/\/www.organisator.ch\/fr\/wp-json\/wp\/v2\/media\/915"}],"wp:attachment":[{"href":"https:\/\/www.organisator.ch\/fr\/wp-json\/wp\/v2\/media?parent=912"}],"wp:term":[{"taxonomy":"category","embeddable":true,"href":"https:\/\/www.organisator.ch\/fr\/wp-json\/wp\/v2\/categories?post=912"},{"taxonomy":"post_tag","embeddable":true,"href":"https:\/\/www.organisator.ch\/fr\/wp-json\/wp\/v2\/tags?post=912"}],"curies":[{"name":"wp","href":"https:\/\/api.w.org\/{rel}","templated":true}]}}