{"id":9260,"date":"2021-12-28T11:28:55","date_gmt":"2021-12-28T10:28:55","guid":{"rendered":"https:\/\/www.umweltperspektiven.ch\/?p=5259"},"modified":"2022-02-09T11:06:03","modified_gmt":"2022-02-09T10:06:03","slug":"dezentrale-waermepumpen-bringen-grosse-vorteile","status":"publish","type":"post","link":"https:\/\/www.organisator.ch\/fr\/sustainability\/2021-12-28\/dezentrale-waermepumpen-bringen-grosse-vorteile\/","title":{"rendered":"Les pompes \u00e0 chaleur d\u00e9centralis\u00e9es apportent de grands avantages"},"content":{"rendered":"<div id=\"attachment_5260\" class=\"wp-caption aligncenter\" style=\"width: 690px;\">\n\n<img class=\"wp-image-5260 size-medium\" src=\"https:\/\/www.umweltperspektiven.ch\/wp-content\/uploads\/2021\/12\/20_Bild_1_Felsenhof_2_IMG_3864.jpg\" sizes=\"(max-width: 680px) 100vw, 680px\" srcset=\"\/\/www.umweltperspektiven.ch\/wp-content\/uploads\/2021\/12\/20_Bild_1_Felsenhof_2_IMG_3864.jpg 680w, \/\/www.umweltperspektiven.ch\/wp-content\/uploads\/2021\/12\/20_Bild_1_Felsenhof_2_IMG_3864.jpg 768w, \/\/www.umweltperspektiven.ch\/wp-content\/uploads\/2021\/12\/20_Bild_1_Felsenhof_2_IMG_3864.jpg 1024w, \/\/www.umweltperspektiven.ch\/wp-content\/uploads\/2021\/12\/20_Bild_1_Felsenhof_2_IMG_3864.jpg 624w\" alt=\"Pompes \u00e0 chaleur\" width=\"680\" height=\"453\" \/>\n<p class=\"wp-caption-text\">La coop\u00e9rative de construction a proc\u00e9d\u00e9 \u00e0 la r\u00e9novation \u00e9nerg\u00e9tique du lotissement Felsenhof 2, vieux de 50 ans. Photo : Reto Schlatter<\/p>\n\n<\/div>\nL'architecture est typique des ann\u00e9es 1960, \u00e9crit la Allgemeine Baugenossenschaft Z\u00fcrich (ABZ) \u00e0 propos de ses lotissements sur le site de Felsenhof d'Adliswil - \"Plus de privacit\u00e9 et d'acc\u00e8s en voiture\". La construction de lotissements r\u00e9pondrait ainsi \u00e0 de \"nouveaux besoins\". On remarque en outre un taux d'occupation tr\u00e8s bas et un environnement semblable \u00e0 un parc. Aujourd'hui, le lotissement Felsenhof 1 existe depuis 54 ans et, apr\u00e8s d'importantes r\u00e9novations, il est toujours tr\u00e8s demand\u00e9 comme lieu d'habitation. Un an plus tard seulement, en 1968, le lotissement Talstrasse a vu le jour et, en 1971, le \"Felsenhof 2\". Les b\u00e2timents de l'ensemble \"Adliswil alt\" ont presque 100 ans.\n<h2>R\u00e9seau de chaleur local avec faiblesses structurelles<\/h2>\nPendant des d\u00e9cennies, les quatre lotissements du site de Felsenhof ont \u00e9t\u00e9 aliment\u00e9s par un r\u00e9seau de chauffage de proximit\u00e9 en forme d'\u00e9toile avec une production de chaleur centralis\u00e9e. Des chaudi\u00e8res \u00e0 gaz \u00e9taient utilis\u00e9es. Mais le r\u00e9seau de tuyaux n'\u00e9tait pas \u00e9tanche et les pertes de chaleur \u00e9taient trop importantes. Le remplacement complet du r\u00e9seau est certes \u00e9vident, mais ce n'est pas la solution optimale dans les conditions actuelles. L'exemple du \"Felsenhof\" illustre la corr\u00e9lation entre mise en r\u00e9seau et efficacit\u00e9 \u00e9nerg\u00e9tique. Il s'agit de trouver un \u00e9quilibre entre les co\u00fbts du r\u00e9seau et les d\u00e9penses li\u00e9es \u00e0 une centrale de chauffage suppl\u00e9mentaire. Pour le site d'Adliswil, la solution n'est ni une mise en r\u00e9seau compl\u00e8te avec une centrale de chauffage, ni une production de chaleur enti\u00e8rement d\u00e9centralis\u00e9e, mais un m\u00e9lange de mise en r\u00e9seau et de d\u00e9centralisation.\n<h2>Le m\u00e9lange id\u00e9al<\/h2>\nAujourd'hui, huit centrales de chauffage fournissent de la chaleur aux 93 logements. Des pompes \u00e0 chaleur (PAC) sont install\u00e9es dans six centrales, et deux chaudi\u00e8res \u00e0 gaz restent en service dans la partie du lotissement \"Adliswil alt\". A l'exception du lotissement Felsenhof 1, seuls les b\u00e2timents directement voisins sont reli\u00e9s en r\u00e9seau. Le r\u00e9seau de chaleur est ainsi nettement plus petit. Dans le quartier Felsenhof 1, la mise en r\u00e9seau \u00e9tendue s'impose en raison des maisons individuelles mitoyennes.\n\nLa surveillance \u00e9lectronique des centrales de chauffage facilite le travail du service d'entretien. Cela vaut surtout pour la commande et la signalisation des pannes avec diagnostic. Cet automatisme ne n\u00e9cessite en aucun cas des installations compliqu\u00e9es. C'est aussi pour cette raison que la coop\u00e9rative d'utilit\u00e9 publique ABZ, en tant que ma\u00eetre d'ouvrage, exige des \u00e9quipes de planification des infrastructures domotiques simples et claires. Cela vaut tout particuli\u00e8rement pour la commande et la r\u00e9gulation de la production de chaleur.\n<h2>Sondes g\u00e9othermiques - dimensionnement prudent<\/h2>\nSelon la nouvelle version de la norme SIA 384\/6 Sondes g\u00e9othermiques, les champs avec plus de quatre sondes doivent \u00eatre simul\u00e9s. Cette simulation a \u00e9t\u00e9 r\u00e9alis\u00e9e avec le programme EWS de Huber Energietechnik, reconnu par les autorit\u00e9s. Dans ce contexte, la puissance d'extraction sp\u00e9cifique de la sonde g\u00e9othermique (voir tableau ci-dessous) joue un r\u00f4le central dans le dimensionnement de la sonde. Pendant des d\u00e9cennies, 50 W\/m ont \u00e9t\u00e9 consid\u00e9r\u00e9s comme une valeur de r\u00e9f\u00e9rence. Des valeurs plus \u00e9lev\u00e9es peuvent entra\u00eener un refroidissement du sol environnant,\ndans la mesure o\u00f9 aucune r\u00e9g\u00e9n\u00e9ration n'est possible. La valeur moyenne de 36,4 W\/m, pond\u00e9r\u00e9e en fonction de la longueur des sondes, montre que les concepteurs garantissent une solution \u00e0 tr\u00e8s long terme.\n\n<img class=\"alignnone wp-image-5261\" src=\"https:\/\/www.umweltperspektiven.ch\/wp-content\/uploads\/2021\/12\/Tabelle.jpg\" sizes=\"(max-width: 527px) 100vw, 527px\" srcset=\"\/\/www.umweltperspektiven.ch\/wp-content\/uploads\/2021\/12\/Tabelle.jpg 680w, \/\/www.umweltperspektiven.ch\/wp-content\/uploads\/2021\/12\/Tabelle.jpg 768w, \/\/www.umweltperspektiven.ch\/wp-content\/uploads\/2021\/12\/Tabelle.jpg 624w, \/\/www.umweltperspektiven.ch\/wp-content\/uploads\/2021\/12\/Tabelle.jpg 1013w\" alt=\"Pompes \u00e0 chaleur\" width=\"527\" height=\"393\" \/>\n<h2>L'isolation thermique a un effet positif<\/h2>\nEn raison de la qualit\u00e9 relativement bonne de l'enveloppe du b\u00e2timent, la consommation de chaleur se situe \u00e0 un niveau mod\u00e9r\u00e9, comme en t\u00e9moigne la faible puissance de chauffage install\u00e9e de 38,6 watts par m2 de surface de r\u00e9f\u00e9rence \u00e9nerg\u00e9tique. Les temp\u00e9ratures de d\u00e9part de 50 \u00b0C et de 52 \u00b0C pour une temp\u00e9rature ext\u00e9rieure de -8 \u00b0C permettent un fonctionnement efficace des pompes \u00e0 chaleur. Seule l'eau chaude doit \u00eatre chauff\u00e9e \u00e0 55 \u00b0C, et \u00e0 60 \u00b0C une fois par semaine. L'eau est chauff\u00e9e soit par la PAC de chauffage, soit par des PAC d'eau chaude s\u00e9par\u00e9es. Cela garantit des conduites de distribution courtes.\n\nLes loyers mod\u00e9r\u00e9s font partie de la tradition d'ABZ. Cet objectif, associ\u00e9 \u00e0 la protection du climat, a des r\u00e9percussions consid\u00e9rables sur le travail de planification. C'est pourquoi des limites de co\u00fbts strictes s'appliquent \u00e0 la conversion des ensembles r\u00e9sidentiels aux \u00e9nergies renouvelables. Le site de Felsenhof montre tr\u00e8s clairement que cette combinaison fonctionne. Lors du choix d'un syst\u00e8me de chauffage, ABZ compare toujours diff\u00e9rentes variantes. L'accent est mis sur une part \u00e9lev\u00e9e d'\u00e9nergies renouvelables, mais aussi sur la rentabilit\u00e9. Pour ce projet, la coop\u00e9rative a eu recours aux subventions de la fondation KliK, ce qui a \u00e9galement eu un effet mod\u00e9rateur sur les co\u00fbts d'investissement.\n\n<em>Le reportage a \u00e9t\u00e9 r\u00e9alis\u00e9 sur mandat de la Fondation KliK.<\/em>\n<blockquote>\n<h2>Energie Zukunft Schweiz et Fondation Klik<\/h2>\nLe programme de promotion des pompes \u00e0 chaleur d'Energie Zukunft Schweiz (EZS) fournit, en partenariat avec la fondation Protection du climat et compensation des \u00e9missions de CO2 KliK, des contributions financi\u00e8res aux pompes \u00e0 chaleur qui servent \u00e0 remplacer les g\u00e9n\u00e9rateurs de chaleur fossiles. Cette \"prime climatique\" vers\u00e9e par EZS est souvent nettement plus int\u00e9ressante que l'encouragement par les cantons, surtout pour les grandes installations. Le facteur d\u00e9terminant pour les contributions est la r\u00e9duction de CO2 induite par le projet. Calcul\u00e9e sur la consommation \u00e9nerg\u00e9tique annuelle du chauffage, elle repr\u00e9sente une fois 18 centimes par kWh, soit 1,80 franc par litre de mazout. Les heures de pleine charge permettent de convertir la prime climatique en puissance de chauffage. Un groupe de 50 kW est subventionn\u00e9 \u00e0 hauteur de 18 000 francs pour 2000 heures de charge compl\u00e8te. Les conditions d'encouragement sont disponibles sous\u00a0<a href=\"https:\/\/www.klik.ch\/waerme\">www.klik.ch\/waerme<\/a> ou\u00a0<a href=\"https:\/\/www.energiezukunftschweiz.ch\/klimapraemie\">www.energiezukunftschweiz.ch\/klimapraemie<\/a>\u00a0l'inscription est tr\u00e8s simple. Le responsable du programme est Nico Pf\u00e4ffli.<\/blockquote>\n&nbsp;\n\n<strong><em>Autres th\u00e8mes :<\/em><\/strong>\n<ul>\n \t<li><a href=\"https:\/\/www.umweltperspektiven.ch\/5-wissensluecken-zum-heizen-der-zukunft\/\"><em>5 Lacunes dans les connaissances sur les pompes \u00e0 chaleur<\/em><\/a><\/li>\n \t<li><em><a href=\"https:\/\/www.umweltperspektiven.ch\/waerme-aus-parkgarage-heizt-gebaeude\/\">La chaleur du parking chauffe les b\u00e2timents<\/a><\/em><\/li>\n<\/ul>\nLa contribution <a href=\"https:\/\/www.umweltperspektiven.ch\/dezentrale-waermepumpen-bringen-grosse-vorteile\/\" rel=\"nofollow\">Les pompes \u00e0 chaleur d\u00e9centralis\u00e9es apportent de grands avantages<\/a> est d'abord apparu sur <a href=\"https:\/\/www.umweltperspektiven.ch\/\" rel=\"nofollow\">Environnement Perspectives<\/a>.","protected":false},"excerpt":{"rendered":"<p>Die Architektur ist typisch f\u00fcr die\u00a01960er-Jahre, schreibt die Allgemeine\u00a0Baugenossenschaft Z\u00fcrich (ABZ) \u00fcber ihre\u00a0Siedlungen im Felsenhof-Areal von\u00a0Adliswil \u2013 \u00abMehr Privatheit und Zugang\u00a0mit dem Auto\u00bb. Damit w\u00fcrde der Siedlungsbau\u00a0auf \u00abneue Bed\u00fcrfnisse\u00bb reagieren.\u00a0Augenf\u00e4llig sind zudem eine sehr\u00a0niedrige Ausn\u00fctzung und die park\u00e4hnliche\u00a0Umgebung. Mittlerweile steht die\u00a0Siedlung Felsenhof 1 seit 54 Jahren und\u00a0ist, nach umfassenden Erneuerungen,\u00a0nach wie vor als Wohnstandort sehr [\u2026]<\/p>\n<p>Der Beitrag <a rel=\"nofollow\" href=\"https:\/\/www.umweltperspektiven.ch\/dezentrale-waermepumpen-bringen-grosse-vorteile\/\">Dezentrale W\u00e4rmepumpen bringen grosse Vorteile<\/a> erschien zuerst auf <a rel=\"nofollow\" href=\"https:\/\/www.umweltperspektiven.ch\/\">Umwelt Perspektiven<\/a>.<\/p>\n","protected":false},"author":10,"featured_media":5260,"comment_status":"closed","ping_status":"closed","sticky":false,"template":"","format":"standard","meta":{"_acf_changed":false,"_yoast_wpseo_focuskw":"W\u00e4rmepumpen","_yoast_wpseo_metadesc":"In zwei ABZ-Siedlungen mit 69 Wohnungen kommt die W\u00e4rme f\u00fcr Raumheizung und Warmwasser aus dem Boden. Im Einsatz sind 18 Erdsonden und 8 W\u00e4rmepumpen.","articlekey":"","footnotes":""},"categories":[580],"tags":[585],"class_list":["post-9260","post","type-post","status-publish","format-standard","has-post-thumbnail","hentry","category-sustainability","tag-waermepumpe"],"acf":[],"yoast_head":"<!-- This site is optimized with the Yoast SEO plugin v27.5 - https:\/\/yoast.com\/product\/yoast-seo-wordpress\/ -->\n<title>- Organisator<\/title>\n<meta name=\"description\" content=\"In zwei ABZ-Siedlungen mit 69 Wohnungen kommt die W\u00e4rme f\u00fcr Raumheizung und Warmwasser aus dem Boden. Im Einsatz sind 18 Erdsonden und 8 W\u00e4rmepumpen.\" \/>\n<meta name=\"robots\" content=\"index, follow, max-snippet:-1, max-image-preview:large, max-video-preview:-1\" \/>\n<link rel=\"canonical\" href=\"https:\/\/www.organisator.ch\/fr\/sustainability\/2021-12-28\/dezentrale-waermepumpen-bringen-grosse-vorteile\/\" \/>\n<meta property=\"og:locale\" content=\"fr_FR\" \/>\n<meta property=\"og:type\" content=\"article\" \/>\n<meta property=\"og:title\" content=\"- Organisator\" \/>\n<meta property=\"og:description\" content=\"In zwei ABZ-Siedlungen mit 69 Wohnungen kommt die W\u00e4rme f\u00fcr Raumheizung und Warmwasser aus dem Boden. Im Einsatz sind 18 Erdsonden und 8 W\u00e4rmepumpen.\" \/>\n<meta property=\"og:url\" content=\"https:\/\/www.organisator.ch\/fr\/sustainability\/2021-12-28\/dezentrale-waermepumpen-bringen-grosse-vorteile\/\" \/>\n<meta property=\"og:site_name\" content=\"Organisator\" \/>\n<meta property=\"article:publisher\" content=\"https:\/\/www.facebook.com\/OrganisatorFachmagazin\" \/>\n<meta property=\"article:published_time\" content=\"2021-12-28T10:28:55+00:00\" \/>\n<meta property=\"article:modified_time\" content=\"2022-02-09T10:06:03+00:00\" \/>\n<meta property=\"og:image\" content=\"https:\/\/www.organisator.ch\/wp-content\/uploads\/2021\/12\/20_Bild_1_Felsenhof_2_IMG_3864-scaled.jpg\" \/>\n\t<meta property=\"og:image:width\" content=\"2560\" \/>\n\t<meta property=\"og:image:height\" content=\"1707\" \/>\n\t<meta property=\"og:image:type\" content=\"image\/jpeg\" \/>\n<meta name=\"author\" content=\"Roger Str\u00e4ssle\" \/>\n<meta name=\"twitter:card\" content=\"summary_large_image\" \/>\n<script type=\"application\/ld+json\" class=\"yoast-schema-graph\">{\"@context\":\"https:\\\/\\\/schema.org\",\"@graph\":[{\"@type\":\"Article\",\"@id\":\"https:\\\/\\\/www.organisator.ch\\\/sustainability\\\/2021-12-28\\\/dezentrale-waermepumpen-bringen-grosse-vorteile\\\/#article\",\"isPartOf\":{\"@id\":\"https:\\\/\\\/www.organisator.ch\\\/sustainability\\\/2021-12-28\\\/dezentrale-waermepumpen-bringen-grosse-vorteile\\\/\"},\"author\":{\"name\":\"Roger Str\u00e4ssle\",\"@id\":\"https:\\\/\\\/www.organisator.ch\\\/#\\\/schema\\\/person\\\/2dded0f0616e4c64c59d6d2e56668359\"},\"headline\":\"Dezentrale W\u00e4rmepumpen bringen grosse Vorteile\",\"datePublished\":\"2021-12-28T10:28:55+00:00\",\"dateModified\":\"2022-02-09T10:06:03+00:00\",\"mainEntityOfPage\":{\"@id\":\"https:\\\/\\\/www.organisator.ch\\\/sustainability\\\/2021-12-28\\\/dezentrale-waermepumpen-bringen-grosse-vorteile\\\/\"},\"wordCount\":832,\"publisher\":{\"@id\":\"https:\\\/\\\/www.organisator.ch\\\/#organization\"},\"image\":{\"@id\":\"https:\\\/\\\/www.organisator.ch\\\/sustainability\\\/2021-12-28\\\/dezentrale-waermepumpen-bringen-grosse-vorteile\\\/#primaryimage\"},\"thumbnailUrl\":\"https:\\\/\\\/www.organisator.ch\\\/wp-content\\\/uploads\\\/2021\\\/12\\\/20_Bild_1_Felsenhof_2_IMG_3864-scaled.jpg\",\"keywords\":[\"W\u00e4rmepumpe\"],\"articleSection\":[\"SUSTAINABILITY\"],\"inLanguage\":\"fr-FR\"},{\"@type\":\"WebPage\",\"@id\":\"https:\\\/\\\/www.organisator.ch\\\/sustainability\\\/2021-12-28\\\/dezentrale-waermepumpen-bringen-grosse-vorteile\\\/\",\"url\":\"https:\\\/\\\/www.organisator.ch\\\/sustainability\\\/2021-12-28\\\/dezentrale-waermepumpen-bringen-grosse-vorteile\\\/\",\"name\":\"- Organisator\",\"isPartOf\":{\"@id\":\"https:\\\/\\\/www.organisator.ch\\\/#website\"},\"primaryImageOfPage\":{\"@id\":\"https:\\\/\\\/www.organisator.ch\\\/sustainability\\\/2021-12-28\\\/dezentrale-waermepumpen-bringen-grosse-vorteile\\\/#primaryimage\"},\"image\":{\"@id\":\"https:\\\/\\\/www.organisator.ch\\\/sustainability\\\/2021-12-28\\\/dezentrale-waermepumpen-bringen-grosse-vorteile\\\/#primaryimage\"},\"thumbnailUrl\":\"https:\\\/\\\/www.organisator.ch\\\/wp-content\\\/uploads\\\/2021\\\/12\\\/20_Bild_1_Felsenhof_2_IMG_3864-scaled.jpg\",\"datePublished\":\"2021-12-28T10:28:55+00:00\",\"dateModified\":\"2022-02-09T10:06:03+00:00\",\"description\":\"In zwei ABZ-Siedlungen mit 69 Wohnungen kommt die W\u00e4rme f\u00fcr Raumheizung und Warmwasser aus dem Boden. Im Einsatz sind 18 Erdsonden und 8 W\u00e4rmepumpen.\",\"breadcrumb\":{\"@id\":\"https:\\\/\\\/www.organisator.ch\\\/sustainability\\\/2021-12-28\\\/dezentrale-waermepumpen-bringen-grosse-vorteile\\\/#breadcrumb\"},\"inLanguage\":\"fr-FR\",\"potentialAction\":[{\"@type\":\"ReadAction\",\"target\":[\"https:\\\/\\\/www.organisator.ch\\\/sustainability\\\/2021-12-28\\\/dezentrale-waermepumpen-bringen-grosse-vorteile\\\/\"]}]},{\"@type\":\"ImageObject\",\"inLanguage\":\"fr-FR\",\"@id\":\"https:\\\/\\\/www.organisator.ch\\\/sustainability\\\/2021-12-28\\\/dezentrale-waermepumpen-bringen-grosse-vorteile\\\/#primaryimage\",\"url\":\"https:\\\/\\\/www.organisator.ch\\\/wp-content\\\/uploads\\\/2021\\\/12\\\/20_Bild_1_Felsenhof_2_IMG_3864-scaled.jpg\",\"contentUrl\":\"https:\\\/\\\/www.organisator.ch\\\/wp-content\\\/uploads\\\/2021\\\/12\\\/20_Bild_1_Felsenhof_2_IMG_3864-scaled.jpg\",\"width\":2560,\"height\":1707,\"caption\":\"Die 50 Jahre alte Siedlung Felsenhof 2 hat die Baugenossenschaft energetisch saniert. Foto: Reto Schlatter\"},{\"@type\":\"BreadcrumbList\",\"@id\":\"https:\\\/\\\/www.organisator.ch\\\/sustainability\\\/2021-12-28\\\/dezentrale-waermepumpen-bringen-grosse-vorteile\\\/#breadcrumb\",\"itemListElement\":[{\"@type\":\"ListItem\",\"position\":1,\"name\":\"Home\",\"item\":\"https:\\\/\\\/www.organisator.ch\\\/\"},{\"@type\":\"ListItem\",\"position\":2,\"name\":\"Dezentrale W\u00e4rmepumpen bringen grosse Vorteile\"}]},{\"@type\":\"WebSite\",\"@id\":\"https:\\\/\\\/www.organisator.ch\\\/#website\",\"url\":\"https:\\\/\\\/www.organisator.ch\\\/\",\"name\":\"Organisator\",\"description\":\"Kompetent. Praxisnah. Der ORGANISATOR bereitet in 10 Ausgaben pro Jahr die wesentlichen Themen f\u00fcr F\u00fchrungskr\u00e4fte von KMU auf.\",\"publisher\":{\"@id\":\"https:\\\/\\\/www.organisator.ch\\\/#organization\"},\"potentialAction\":[{\"@type\":\"SearchAction\",\"target\":{\"@type\":\"EntryPoint\",\"urlTemplate\":\"https:\\\/\\\/www.organisator.ch\\\/?s={search_term_string}\"},\"query-input\":{\"@type\":\"PropertyValueSpecification\",\"valueRequired\":true,\"valueName\":\"search_term_string\"}}],\"inLanguage\":\"fr-FR\"},{\"@type\":\"Organization\",\"@id\":\"https:\\\/\\\/www.organisator.ch\\\/#organization\",\"name\":\"Organisator\",\"url\":\"https:\\\/\\\/www.organisator.ch\\\/\",\"logo\":{\"@type\":\"ImageObject\",\"inLanguage\":\"fr-FR\",\"@id\":\"https:\\\/\\\/www.organisator.ch\\\/#\\\/schema\\\/logo\\\/image\\\/\",\"url\":\"https:\\\/\\\/www.organisator.ch\\\/wp-content\\\/uploads\\\/2022\\\/01\\\/Logo_Organisator_Website.png\",\"contentUrl\":\"https:\\\/\\\/www.organisator.ch\\\/wp-content\\\/uploads\\\/2022\\\/01\\\/Logo_Organisator_Website.png\",\"width\":800,\"height\":77,\"caption\":\"Organisator\"},\"image\":{\"@id\":\"https:\\\/\\\/www.organisator.ch\\\/#\\\/schema\\\/logo\\\/image\\\/\"},\"sameAs\":[\"https:\\\/\\\/www.facebook.com\\\/OrganisatorFachmagazin\",\"https:\\\/\\\/www.linkedin.com\\\/showcase\\\/organisator-das-magazin-fr-kmu\",\"https:\\\/\\\/www.xing.com\\\/news\\\/pages\\\/organisator-ch-695\",\"https:\\\/\\\/www.youtube.com\\\/channel\\\/UCGP2Sq0iWaZwT3BdIAQFYpw\"]},{\"@type\":\"Person\",\"@id\":\"https:\\\/\\\/www.organisator.ch\\\/#\\\/schema\\\/person\\\/2dded0f0616e4c64c59d6d2e56668359\",\"name\":\"Roger Str\u00e4ssle\",\"image\":{\"@type\":\"ImageObject\",\"inLanguage\":\"fr-FR\",\"@id\":\"https:\\\/\\\/secure.gravatar.com\\\/avatar\\\/6d14f9312d7b1b5b7ffc59da9975df0f21b8801b52af8159c227095b2c855504?s=96&d=mm&r=g\",\"url\":\"https:\\\/\\\/secure.gravatar.com\\\/avatar\\\/6d14f9312d7b1b5b7ffc59da9975df0f21b8801b52af8159c227095b2c855504?s=96&d=mm&r=g\",\"contentUrl\":\"https:\\\/\\\/secure.gravatar.com\\\/avatar\\\/6d14f9312d7b1b5b7ffc59da9975df0f21b8801b52af8159c227095b2c855504?s=96&d=mm&r=g\",\"caption\":\"Roger Str\u00e4ssle\"},\"sameAs\":[\"https:\\\/\\\/www.umweltperspektiven.ch\"],\"url\":\"https:\\\/\\\/www.organisator.ch\\\/fr\\\/author\\\/roger-straessle-2\\\/\"}]}<\/script>\n<!-- \/ Yoast SEO plugin. -->","yoast_head_json":{"title":"- Organisateur","description":"Dans deux lotissements ABZ comprenant 69 appartements, la chaleur pour le chauffage des pi\u00e8ces et l'eau chaude provient du sol. Dix-huit sondes g\u00e9othermiques et huit pompes \u00e0 chaleur sont utilis\u00e9es.","robots":{"index":"index","follow":"follow","max-snippet":"max-snippet:-1","max-image-preview":"max-image-preview:large","max-video-preview":"max-video-preview:-1"},"canonical":"https:\/\/www.organisator.ch\/fr\/sustainability\/2021-12-28\/dezentrale-waermepumpen-bringen-grosse-vorteile\/","og_locale":"fr_FR","og_type":"article","og_title":"- Organisator","og_description":"In zwei ABZ-Siedlungen mit 69 Wohnungen kommt die W\u00e4rme f\u00fcr Raumheizung und Warmwasser aus dem Boden. Im Einsatz sind 18 Erdsonden und 8 W\u00e4rmepumpen.","og_url":"https:\/\/www.organisator.ch\/fr\/sustainability\/2021-12-28\/dezentrale-waermepumpen-bringen-grosse-vorteile\/","og_site_name":"Organisator","article_publisher":"https:\/\/www.facebook.com\/OrganisatorFachmagazin","article_published_time":"2021-12-28T10:28:55+00:00","article_modified_time":"2022-02-09T10:06:03+00:00","og_image":[{"width":2560,"height":1707,"url":"https:\/\/www.organisator.ch\/wp-content\/uploads\/2021\/12\/20_Bild_1_Felsenhof_2_IMG_3864-scaled.jpg","type":"image\/jpeg"}],"author":"Roger Str\u00e4ssle","twitter_card":"summary_large_image","schema":{"@context":"https:\/\/schema.org","@graph":[{"@type":"Article","@id":"https:\/\/www.organisator.ch\/sustainability\/2021-12-28\/dezentrale-waermepumpen-bringen-grosse-vorteile\/#article","isPartOf":{"@id":"https:\/\/www.organisator.ch\/sustainability\/2021-12-28\/dezentrale-waermepumpen-bringen-grosse-vorteile\/"},"author":{"name":"Roger Str\u00e4ssle","@id":"https:\/\/www.organisator.ch\/#\/schema\/person\/2dded0f0616e4c64c59d6d2e56668359"},"headline":"Dezentrale W\u00e4rmepumpen bringen grosse Vorteile","datePublished":"2021-12-28T10:28:55+00:00","dateModified":"2022-02-09T10:06:03+00:00","mainEntityOfPage":{"@id":"https:\/\/www.organisator.ch\/sustainability\/2021-12-28\/dezentrale-waermepumpen-bringen-grosse-vorteile\/"},"wordCount":832,"publisher":{"@id":"https:\/\/www.organisator.ch\/#organization"},"image":{"@id":"https:\/\/www.organisator.ch\/sustainability\/2021-12-28\/dezentrale-waermepumpen-bringen-grosse-vorteile\/#primaryimage"},"thumbnailUrl":"https:\/\/www.organisator.ch\/wp-content\/uploads\/2021\/12\/20_Bild_1_Felsenhof_2_IMG_3864-scaled.jpg","keywords":["W\u00e4rmepumpe"],"articleSection":["SUSTAINABILITY"],"inLanguage":"fr-FR"},{"@type":"WebPage","@id":"https:\/\/www.organisator.ch\/sustainability\/2021-12-28\/dezentrale-waermepumpen-bringen-grosse-vorteile\/","url":"https:\/\/www.organisator.ch\/sustainability\/2021-12-28\/dezentrale-waermepumpen-bringen-grosse-vorteile\/","name":"- Organisateur","isPartOf":{"@id":"https:\/\/www.organisator.ch\/#website"},"primaryImageOfPage":{"@id":"https:\/\/www.organisator.ch\/sustainability\/2021-12-28\/dezentrale-waermepumpen-bringen-grosse-vorteile\/#primaryimage"},"image":{"@id":"https:\/\/www.organisator.ch\/sustainability\/2021-12-28\/dezentrale-waermepumpen-bringen-grosse-vorteile\/#primaryimage"},"thumbnailUrl":"https:\/\/www.organisator.ch\/wp-content\/uploads\/2021\/12\/20_Bild_1_Felsenhof_2_IMG_3864-scaled.jpg","datePublished":"2021-12-28T10:28:55+00:00","dateModified":"2022-02-09T10:06:03+00:00","description":"Dans deux lotissements ABZ comprenant 69 appartements, la chaleur pour le chauffage des pi\u00e8ces et l'eau chaude provient du sol. Dix-huit sondes g\u00e9othermiques et huit pompes \u00e0 chaleur sont utilis\u00e9es.","breadcrumb":{"@id":"https:\/\/www.organisator.ch\/sustainability\/2021-12-28\/dezentrale-waermepumpen-bringen-grosse-vorteile\/#breadcrumb"},"inLanguage":"fr-FR","potentialAction":[{"@type":"ReadAction","target":["https:\/\/www.organisator.ch\/sustainability\/2021-12-28\/dezentrale-waermepumpen-bringen-grosse-vorteile\/"]}]},{"@type":"ImageObject","inLanguage":"fr-FR","@id":"https:\/\/www.organisator.ch\/sustainability\/2021-12-28\/dezentrale-waermepumpen-bringen-grosse-vorteile\/#primaryimage","url":"https:\/\/www.organisator.ch\/wp-content\/uploads\/2021\/12\/20_Bild_1_Felsenhof_2_IMG_3864-scaled.jpg","contentUrl":"https:\/\/www.organisator.ch\/wp-content\/uploads\/2021\/12\/20_Bild_1_Felsenhof_2_IMG_3864-scaled.jpg","width":2560,"height":1707,"caption":"Die 50 Jahre alte Siedlung Felsenhof 2 hat die Baugenossenschaft energetisch saniert. Foto: Reto Schlatter"},{"@type":"BreadcrumbList","@id":"https:\/\/www.organisator.ch\/sustainability\/2021-12-28\/dezentrale-waermepumpen-bringen-grosse-vorteile\/#breadcrumb","itemListElement":[{"@type":"ListItem","position":1,"name":"Home","item":"https:\/\/www.organisator.ch\/"},{"@type":"ListItem","position":2,"name":"Dezentrale W\u00e4rmepumpen bringen grosse Vorteile"}]},{"@type":"WebSite","@id":"https:\/\/www.organisator.ch\/#website","url":"https:\/\/www.organisator.ch\/","name":"Organisateur","description":"Comp\u00e9tence et comp\u00e9tence. Proches de la pratique. L'ORGANISATEUR pr\u00e9pare 10 num\u00e9ros par an sur les th\u00e8mes essentiels pour les dirigeants de PME.","publisher":{"@id":"https:\/\/www.organisator.ch\/#organization"},"potentialAction":[{"@type":"SearchAction","target":{"@type":"EntryPoint","urlTemplate":"https:\/\/www.organisator.ch\/?s={search_term_string}"},"query-input":{"@type":"PropertyValueSpecification","valueRequired":true,"valueName":"search_term_string"}}],"inLanguage":"fr-FR"},{"@type":"Organization","@id":"https:\/\/www.organisator.ch\/#organization","name":"Organisateur","url":"https:\/\/www.organisator.ch\/","logo":{"@type":"ImageObject","inLanguage":"fr-FR","@id":"https:\/\/www.organisator.ch\/#\/schema\/logo\/image\/","url":"https:\/\/www.organisator.ch\/wp-content\/uploads\/2022\/01\/Logo_Organisator_Website.png","contentUrl":"https:\/\/www.organisator.ch\/wp-content\/uploads\/2022\/01\/Logo_Organisator_Website.png","width":800,"height":77,"caption":"Organisator"},"image":{"@id":"https:\/\/www.organisator.ch\/#\/schema\/logo\/image\/"},"sameAs":["https:\/\/www.facebook.com\/OrganisatorFachmagazin","https:\/\/www.linkedin.com\/showcase\/organisator-das-magazin-fr-kmu","https:\/\/www.xing.com\/news\/pages\/organisator-ch-695","https:\/\/www.youtube.com\/channel\/UCGP2Sq0iWaZwT3BdIAQFYpw"]},{"@type":"Person","@id":"https:\/\/www.organisator.ch\/#\/schema\/person\/2dded0f0616e4c64c59d6d2e56668359","name":"Roger Str\u00e4ssle","image":{"@type":"ImageObject","inLanguage":"fr-FR","@id":"https:\/\/secure.gravatar.com\/avatar\/6d14f9312d7b1b5b7ffc59da9975df0f21b8801b52af8159c227095b2c855504?s=96&d=mm&r=g","url":"https:\/\/secure.gravatar.com\/avatar\/6d14f9312d7b1b5b7ffc59da9975df0f21b8801b52af8159c227095b2c855504?s=96&d=mm&r=g","contentUrl":"https:\/\/secure.gravatar.com\/avatar\/6d14f9312d7b1b5b7ffc59da9975df0f21b8801b52af8159c227095b2c855504?s=96&d=mm&r=g","caption":"Roger Str\u00e4ssle"},"sameAs":["https:\/\/www.umweltperspektiven.ch"],"url":"https:\/\/www.organisator.ch\/fr\/author\/roger-straessle-2\/"}]}},"_links":{"self":[{"href":"https:\/\/www.organisator.ch\/fr\/wp-json\/wp\/v2\/posts\/9260","targetHints":{"allow":["GET"]}}],"collection":[{"href":"https:\/\/www.organisator.ch\/fr\/wp-json\/wp\/v2\/posts"}],"about":[{"href":"https:\/\/www.organisator.ch\/fr\/wp-json\/wp\/v2\/types\/post"}],"author":[{"embeddable":true,"href":"https:\/\/www.organisator.ch\/fr\/wp-json\/wp\/v2\/users\/10"}],"replies":[{"embeddable":true,"href":"https:\/\/www.organisator.ch\/fr\/wp-json\/wp\/v2\/comments?post=9260"}],"version-history":[{"count":4,"href":"https:\/\/www.organisator.ch\/fr\/wp-json\/wp\/v2\/posts\/9260\/revisions"}],"predecessor-version":[{"id":10352,"href":"https:\/\/www.organisator.ch\/fr\/wp-json\/wp\/v2\/posts\/9260\/revisions\/10352"}],"wp:featuredmedia":[{"embeddable":true,"href":"https:\/\/www.organisator.ch\/fr\/wp-json\/wp\/v2\/media\/5260"}],"wp:attachment":[{"href":"https:\/\/www.organisator.ch\/fr\/wp-json\/wp\/v2\/media?parent=9260"}],"wp:term":[{"taxonomy":"category","embeddable":true,"href":"https:\/\/www.organisator.ch\/fr\/wp-json\/wp\/v2\/categories?post=9260"},{"taxonomy":"post_tag","embeddable":true,"href":"https:\/\/www.organisator.ch\/fr\/wp-json\/wp\/v2\/tags?post=9260"}],"curies":[{"name":"wp","href":"https:\/\/api.w.org\/{rel}","templated":true}]}}