{"id":9289,"date":"2022-02-28T07:00:00","date_gmt":"2022-02-28T06:00:00","guid":{"rendered":"https:\/\/www.organisator.ch\/?p=9289"},"modified":"2022-03-04T07:47:34","modified_gmt":"2022-03-04T06:47:34","slug":"praxisrelevanter-unterricht-fuer-die-fuehrungskraefte-von-morgen","status":"publish","type":"post","link":"https:\/\/www.organisator.ch\/fr\/weiterbildung\/2022-02-28\/praxisrelevanter-unterricht-fuer-die-fuehrungskraefte-von-morgen\/","title":{"rendered":"Un enseignement pratique pour les dirigeants de demain"},"content":{"rendered":"<figure id=\"attachment_9290\" aria-describedby=\"caption-attachment-9290\" style=\"width: 680px\" class=\"wp-caption alignnone\"><a href=\"https:\/\/www.organisator.ch\/wp-content\/uploads\/2022\/02\/Praxisrelevanter-Unterricht-fuer-die-Fuehrungskraefte-von-morgen_Organisator.jpg\"><img loading=\"lazy\" decoding=\"async\" class=\"size-medium wp-image-9290\" src=\"https:\/\/www.organisator.ch\/wp-content\/uploads\/2022\/02\/Praxisrelevanter-Unterricht-fuer-die-Fuehrungskraefte-von-morgen_Organisator.jpg\" alt=\"\" width=\"680\" height=\"631\" \/><\/a><figcaption id=\"caption-attachment-9290\" class=\"wp-caption-text\">Un enseignement ax\u00e9 sur la pratique est plus que jamais n\u00e9cessaire, comme le sait Sascha G\u00fcntert, directeur de la H\u00f6heren Fachschule Leadership &amp; Management HFLM \u00e0 Lucerne. (Image : zVg)<\/figcaption><\/figure>\n<p>Un enseignement pratique, sur place, dans les entreprises : La H\u00f6here Fachschule f\u00fcr Leadership &amp; Management Zentralschweiz (HFLM) promet ainsi une alternative aux formats d'apprentissage habituels, puisque des questions concr\u00e8tes d'\u00e9conomie d'entreprise et d'\u00e9conomie politique sont trait\u00e9es pendant les cours et que des solutions adapt\u00e9es \u00e0 la pratique sont \u00e9labor\u00e9es.<\/p>\n<h2>Un enseignement pratique est attendu par de plus en plus d'entreprises<\/h2>\n<p>La raison de ce concept est \u00e9vidente : les \u00e9tudiants doivent apprendre d\u00e8s le d\u00e9but en \u00e9tant orient\u00e9s vers l'action et la pratique, comme l'attendent de plus en plus d'entreprises et le march\u00e9. Trois facteurs jouent un r\u00f4le important : les enseignants, qui sont tous des experts reconnus dans leur domaine, les entreprises partenaires dans lesquelles les cours ont lieu et les cas pratiques r\u00e9els que les \u00e9tudiants \u00e9laborent sur place dans l'entreprise. \"Je suis convaincu qu'avec ce concept in\u00e9dit, nous sommes en train d'\u00e9veiller les besoins du march\u00e9. Bien s\u00fbr, les bases th\u00e9oriques constituent la base de notre enseignement, mais nous attachons beaucoup plus d'importance \u00e0 la mise en pratique r\u00e9elle que nous appliquons \u00e0 chaque module\", explique Sascha G\u00fcntert, directeur de l'\u00e9cole HFLM. Autre atout important de cette nouvelle \u00e9cole sp\u00e9cialis\u00e9e : la langue anglaise fait partie int\u00e9grante de chaque mati\u00e8re enseign\u00e9e. Avec l'entreprise partenaire academia, un \"professionnel de l'enseignement de l'anglais a pu \u00eatre embarqu\u00e9\", poursuit G\u00fcntert.<\/p>\n<h2>Collaboration avec des entreprises partenaires<\/h2>\n<p>Comme le montre l'exemple d'academia, la HFLM souhaite collaborer activement avec des entreprises partenaires. Selon les informations publi\u00e9es sur le site web, les entreprises int\u00e9ress\u00e9es peuvent se manifester \u00e0 tout moment. Mais \u00e0 quoi ressemble le \"profil d'exigences\" d'une telle entreprise partenaire ? \"Tout simplement une entreprise pr\u00e9sente sur le march\u00e9 qui ne dispose pas de ses propres ressources personnelles, financi\u00e8res ou mat\u00e9rielles pour les questions ouvertes des processus d'entreprise (QM, strat\u00e9gie, RH, RP, marketing, d\u00e9veloppement de l'organisation, d\u00e9veloppement de la direction, d\u00e9veloppement des collaborateurs, gestion de la cha\u00eene d'approvisionnement, finances\/comptabilit\u00e9, etc. Et comment peut-on profiter de ce partenariat ? \"En tant que HFLM, nous soutenons les entreprises dans leur propre d\u00e9veloppement d'entreprise et de cr\u00e9ation de valeur\", explique Sascha G\u00fcntert. Et c'est justement l\u00e0 que la forme d'enseignement \"enseignement sur le lieu de travail\", comme on peut le lire sur le site web de l'institut de formation, prend tout son sens. \"La th\u00e9orie est directement int\u00e9gr\u00e9e dans des projets r\u00e9els, et tous les participants multiplient directement leurs connaissances\". Une entreprise profite ainsi du transfert cibl\u00e9 de connaissances dans la pratique et d'un actif suppl\u00e9mentaire dans sa cr\u00e9ation de valeur. Concr\u00e8tement : \"La grande diff\u00e9rence r\u00e9side dans le fait que nos entreprises partenaires, tout comme nos enseignants, mettent \u00e0 disposition des cas actuels \u00e0 r\u00e9soudre, dans lesquels nos \u00e9tudiants peuvent d\u00e9velopper leurs connaissances 1:1\", explique encore Sascha G\u00fcntert.<\/p>\n<h2><strong>Trois cours et plus<\/strong><\/h2>\n<p>La HFLM propose trois fili\u00e8res de formation : Economie d'entreprise ES, Marketing ES et Digital Marketing. Des formations continues internes \u00e0 l'entreprise, par exemple dans le domaine du leadership, viennent compl\u00e9ter l'offre. Sascha G\u00fcntert est convaincu par le nouveau concept : \"Nous voyons ici un grand potentiel, car les PME ont aussi besoin de d\u00e9velopper leurs collaborateurs. Avec nos cours sur mesure, nous garantissons que les connaissances acquises sont vraiment pertinentes pour les collaborateurs et les entreprises\".<\/p>\n<p>La premi\u00e8re formation ES commence d\u00e9j\u00e0 fin avril, les cours pour l'obtention du dipl\u00f4me \"Digital Marketing Manager\" d\u00e9j\u00e0 en f\u00e9vrier, des cours intensifs ont \u00e9galement lieu pendant les vacances scolaires. Outre les \"cours sur le lieu de travail\", les formations suivent les plans d'\u00e9tudes cadres tels qu'ils sont prescrits par le SBFI (par ex. pour la gestion d'entreprise ES) ou par Swiss Marketing (Marketingmanager ES). Une grande importance est \u00e9galement accord\u00e9e \u00e0 l'enseignement en ligne : Des s\u00e9quences virtuelles sont int\u00e9gr\u00e9es dans chaque mati\u00e8re.<\/p>\n<p><em>Source et informations compl\u00e9mentaires : <\/em><a href=\"http:\/\/www.hflm.ch\"><em>www.hflm.ch<\/em><\/a><\/p>","protected":false},"excerpt":{"rendered":"<p>Praxisrelevanter Unterricht, n\u00e4mlich vor Ort in Unternehmen: Dadurch verspricht (sich) die H\u00f6here Fachschule f\u00fcr Leadership &amp; Management Zentralschweiz (HFLM) eine Alternative zu g\u00e4ngigen Lernformaten, werden doch w\u00e4hrend des Unterrichts konkrete betriebs- und volkswirtschaftliche Fragestellungen behandelt und praxistaugliche L\u00f6sungen erarbeitet. Praxisrelevanter Unterricht wird von immer mehr Firmen erwartet Der Grund f\u00fcr dieses Konzept liegt auf der [&hellip;]<\/p>\n","protected":false},"author":4,"featured_media":9290,"comment_status":"closed","ping_status":"closed","sticky":false,"template":"","format":"standard","meta":{"_acf_changed":false,"_yoast_wpseo_focuskw":"Praxisrelevanter Unterricht","_yoast_wpseo_metadesc":"\u00abIn der Praxis in F\u00fchrung\u00bb, so das Motto der 2021 in Luzern gegr\u00fcndeten HFLM: Praxisrelevanter Unterricht nicht im Klassenzimmer, sondern am Arbeitsplatz.","articlekey":"","footnotes":""},"categories":[30],"tags":[62,250,335],"class_list":["post-9289","post","type-post","status-publish","format-standard","has-post-thumbnail","hentry","category-weiterbildung","tag-aus-weiterbildung","tag-hoehere-fachschulen","tag-management-und-unternehmensfuehrung"],"acf":[],"yoast_head":"<!-- This site is optimized with the Yoast SEO plugin v27.5 - https:\/\/yoast.com\/product\/yoast-seo-wordpress\/ -->\n<title>Praxisrelevanter Unterricht f\u00fcr die F\u00fchrungskr\u00e4fte von morgen - Organisator<\/title>\n<meta name=\"description\" content=\"\u00abIn der Praxis in F\u00fchrung\u00bb, so das Motto der 2021 in Luzern gegr\u00fcndeten HFLM: Praxisrelevanter Unterricht nicht im Klassenzimmer, sondern am Arbeitsplatz.\" \/>\n<meta name=\"robots\" content=\"index, follow, max-snippet:-1, max-image-preview:large, max-video-preview:-1\" \/>\n<link rel=\"canonical\" href=\"https:\/\/www.organisator.ch\/fr\/formation-continue-2\/2022-02-28\/praxisrelevanter-unterricht-fuer-die-fuehrungskraefte-von-morgen\/\" \/>\n<meta property=\"og:locale\" content=\"fr_FR\" \/>\n<meta property=\"og:type\" content=\"article\" \/>\n<meta property=\"og:title\" content=\"Praxisrelevanter Unterricht f\u00fcr die F\u00fchrungskr\u00e4fte von morgen\" \/>\n<meta property=\"og:description\" content=\"\u00abIn der Praxis in F\u00fchrung\u00bb, so das Motto der 2021 in Luzern gegr\u00fcndeten HFLM: Praxisrelevanter Unterricht nicht im Klassenzimmer, sondern am Arbeitsplatz.\" \/>\n<meta property=\"og:url\" content=\"https:\/\/www.organisator.ch\/fr\/formation-continue-2\/2022-02-28\/praxisrelevanter-unterricht-fuer-die-fuehrungskraefte-von-morgen\/\" \/>\n<meta property=\"og:site_name\" content=\"Organisator\" \/>\n<meta property=\"article:publisher\" content=\"https:\/\/www.facebook.com\/OrganisatorFachmagazin\" \/>\n<meta property=\"article:published_time\" content=\"2022-02-28T06:00:00+00:00\" \/>\n<meta property=\"article:modified_time\" content=\"2022-03-04T06:47:34+00:00\" \/>\n<meta property=\"og:image\" content=\"https:\/\/www.organisator.ch\/wp-content\/uploads\/2022\/02\/Praxisrelevanter-Unterricht-fuer-die-Fuehrungskraefte-von-morgen_Organisator-e1646045887128.jpg\" \/>\n\t<meta property=\"og:image:width\" content=\"680\" \/>\n\t<meta property=\"og:image:height\" content=\"459\" \/>\n\t<meta property=\"og:image:type\" content=\"image\/jpeg\" \/>\n<meta name=\"author\" content=\"thomas.berner\" \/>\n<meta name=\"twitter:card\" content=\"summary_large_image\" \/>\n<meta name=\"twitter:title\" content=\"Praxisrelevanter #Unterricht f\u00fcr die #F\u00fchrungskr\u00e4fte von morgen\" \/>\n<meta name=\"twitter:description\" content=\"\u00abIn der Praxis in F\u00fchrung\u00bb, so das Motto der 2021 in Luzern gegr\u00fcndeten #HFLM: Praxisrelevanter #Unterricht nicht im #Klassenzimmer, sondern am Arbeitsplatz.\" \/>\n<meta name=\"twitter:image\" content=\"https:\/\/www.organisator.ch\/wp-content\/uploads\/2022\/02\/Praxisrelevanter-Unterricht-fuer-die-Fuehrungskraefte-von-morgen_Organisator-e1646045887128.jpg\" \/>\n<script type=\"application\/ld+json\" class=\"yoast-schema-graph\">{\"@context\":\"https:\\\/\\\/schema.org\",\"@graph\":[{\"@type\":\"Article\",\"@id\":\"https:\\\/\\\/www.organisator.ch\\\/weiterbildung\\\/2022-02-28\\\/praxisrelevanter-unterricht-fuer-die-fuehrungskraefte-von-morgen\\\/#article\",\"isPartOf\":{\"@id\":\"https:\\\/\\\/www.organisator.ch\\\/weiterbildung\\\/2022-02-28\\\/praxisrelevanter-unterricht-fuer-die-fuehrungskraefte-von-morgen\\\/\"},\"author\":{\"name\":\"thomas.berner\",\"@id\":\"https:\\\/\\\/www.organisator.ch\\\/#\\\/schema\\\/person\\\/6f650f90b2842cd4c0cc334b4e36f67e\"},\"headline\":\"Praxisrelevanter Unterricht f\u00fcr die F\u00fchrungskr\u00e4fte von morgen\",\"datePublished\":\"2022-02-28T06:00:00+00:00\",\"dateModified\":\"2022-03-04T06:47:34+00:00\",\"mainEntityOfPage\":{\"@id\":\"https:\\\/\\\/www.organisator.ch\\\/weiterbildung\\\/2022-02-28\\\/praxisrelevanter-unterricht-fuer-die-fuehrungskraefte-von-morgen\\\/\"},\"wordCount\":593,\"publisher\":{\"@id\":\"https:\\\/\\\/www.organisator.ch\\\/#organization\"},\"image\":{\"@id\":\"https:\\\/\\\/www.organisator.ch\\\/weiterbildung\\\/2022-02-28\\\/praxisrelevanter-unterricht-fuer-die-fuehrungskraefte-von-morgen\\\/#primaryimage\"},\"thumbnailUrl\":\"https:\\\/\\\/www.organisator.ch\\\/wp-content\\\/uploads\\\/2022\\\/02\\\/Praxisrelevanter-Unterricht-fuer-die-Fuehrungskraefte-von-morgen_Organisator-e1646045887128.jpg\",\"keywords\":[\"Aus-\\\/Weiterbildung\",\"H\u00f6here Fachschulen\",\"Management und Unternehmensf\u00fchrung\"],\"articleSection\":[\"WEITERBILDUNG\"],\"inLanguage\":\"fr-FR\"},{\"@type\":\"WebPage\",\"@id\":\"https:\\\/\\\/www.organisator.ch\\\/weiterbildung\\\/2022-02-28\\\/praxisrelevanter-unterricht-fuer-die-fuehrungskraefte-von-morgen\\\/\",\"url\":\"https:\\\/\\\/www.organisator.ch\\\/weiterbildung\\\/2022-02-28\\\/praxisrelevanter-unterricht-fuer-die-fuehrungskraefte-von-morgen\\\/\",\"name\":\"Praxisrelevanter Unterricht f\u00fcr die F\u00fchrungskr\u00e4fte von morgen - Organisator\",\"isPartOf\":{\"@id\":\"https:\\\/\\\/www.organisator.ch\\\/#website\"},\"primaryImageOfPage\":{\"@id\":\"https:\\\/\\\/www.organisator.ch\\\/weiterbildung\\\/2022-02-28\\\/praxisrelevanter-unterricht-fuer-die-fuehrungskraefte-von-morgen\\\/#primaryimage\"},\"image\":{\"@id\":\"https:\\\/\\\/www.organisator.ch\\\/weiterbildung\\\/2022-02-28\\\/praxisrelevanter-unterricht-fuer-die-fuehrungskraefte-von-morgen\\\/#primaryimage\"},\"thumbnailUrl\":\"https:\\\/\\\/www.organisator.ch\\\/wp-content\\\/uploads\\\/2022\\\/02\\\/Praxisrelevanter-Unterricht-fuer-die-Fuehrungskraefte-von-morgen_Organisator-e1646045887128.jpg\",\"datePublished\":\"2022-02-28T06:00:00+00:00\",\"dateModified\":\"2022-03-04T06:47:34+00:00\",\"description\":\"\u00abIn der Praxis in F\u00fchrung\u00bb, so das Motto der 2021 in Luzern gegr\u00fcndeten HFLM: Praxisrelevanter Unterricht nicht im Klassenzimmer, sondern am Arbeitsplatz.\",\"breadcrumb\":{\"@id\":\"https:\\\/\\\/www.organisator.ch\\\/weiterbildung\\\/2022-02-28\\\/praxisrelevanter-unterricht-fuer-die-fuehrungskraefte-von-morgen\\\/#breadcrumb\"},\"inLanguage\":\"fr-FR\",\"potentialAction\":[{\"@type\":\"ReadAction\",\"target\":[\"https:\\\/\\\/www.organisator.ch\\\/weiterbildung\\\/2022-02-28\\\/praxisrelevanter-unterricht-fuer-die-fuehrungskraefte-von-morgen\\\/\"]}]},{\"@type\":\"ImageObject\",\"inLanguage\":\"fr-FR\",\"@id\":\"https:\\\/\\\/www.organisator.ch\\\/weiterbildung\\\/2022-02-28\\\/praxisrelevanter-unterricht-fuer-die-fuehrungskraefte-von-morgen\\\/#primaryimage\",\"url\":\"https:\\\/\\\/www.organisator.ch\\\/wp-content\\\/uploads\\\/2022\\\/02\\\/Praxisrelevanter-Unterricht-fuer-die-Fuehrungskraefte-von-morgen_Organisator-e1646045887128.jpg\",\"contentUrl\":\"https:\\\/\\\/www.organisator.ch\\\/wp-content\\\/uploads\\\/2022\\\/02\\\/Praxisrelevanter-Unterricht-fuer-die-Fuehrungskraefte-von-morgen_Organisator-e1646045887128.jpg\",\"width\":680,\"height\":459,\"caption\":\"Praxisrelevanter Unterricht ist mehr denn je gefragt, weiss Sascha G\u00fcntert, Leiter der H\u00f6heren Fachschule Leadership & Management HFLM in Luzern. (Bild: zVg)\"},{\"@type\":\"BreadcrumbList\",\"@id\":\"https:\\\/\\\/www.organisator.ch\\\/weiterbildung\\\/2022-02-28\\\/praxisrelevanter-unterricht-fuer-die-fuehrungskraefte-von-morgen\\\/#breadcrumb\",\"itemListElement\":[{\"@type\":\"ListItem\",\"position\":1,\"name\":\"Home\",\"item\":\"https:\\\/\\\/www.organisator.ch\\\/\"},{\"@type\":\"ListItem\",\"position\":2,\"name\":\"Praxisrelevanter Unterricht f\u00fcr die F\u00fchrungskr\u00e4fte von morgen\"}]},{\"@type\":\"WebSite\",\"@id\":\"https:\\\/\\\/www.organisator.ch\\\/#website\",\"url\":\"https:\\\/\\\/www.organisator.ch\\\/\",\"name\":\"Organisator\",\"description\":\"Kompetent. Praxisnah. Der ORGANISATOR bereitet in 10 Ausgaben pro Jahr die wesentlichen Themen f\u00fcr F\u00fchrungskr\u00e4fte von KMU auf.\",\"publisher\":{\"@id\":\"https:\\\/\\\/www.organisator.ch\\\/#organization\"},\"potentialAction\":[{\"@type\":\"SearchAction\",\"target\":{\"@type\":\"EntryPoint\",\"urlTemplate\":\"https:\\\/\\\/www.organisator.ch\\\/?s={search_term_string}\"},\"query-input\":{\"@type\":\"PropertyValueSpecification\",\"valueRequired\":true,\"valueName\":\"search_term_string\"}}],\"inLanguage\":\"fr-FR\"},{\"@type\":\"Organization\",\"@id\":\"https:\\\/\\\/www.organisator.ch\\\/#organization\",\"name\":\"Organisator\",\"url\":\"https:\\\/\\\/www.organisator.ch\\\/\",\"logo\":{\"@type\":\"ImageObject\",\"inLanguage\":\"fr-FR\",\"@id\":\"https:\\\/\\\/www.organisator.ch\\\/#\\\/schema\\\/logo\\\/image\\\/\",\"url\":\"https:\\\/\\\/www.organisator.ch\\\/wp-content\\\/uploads\\\/2022\\\/01\\\/Logo_Organisator_Website.png\",\"contentUrl\":\"https:\\\/\\\/www.organisator.ch\\\/wp-content\\\/uploads\\\/2022\\\/01\\\/Logo_Organisator_Website.png\",\"width\":800,\"height\":77,\"caption\":\"Organisator\"},\"image\":{\"@id\":\"https:\\\/\\\/www.organisator.ch\\\/#\\\/schema\\\/logo\\\/image\\\/\"},\"sameAs\":[\"https:\\\/\\\/www.facebook.com\\\/OrganisatorFachmagazin\",\"https:\\\/\\\/www.linkedin.com\\\/showcase\\\/organisator-das-magazin-fr-kmu\",\"https:\\\/\\\/www.xing.com\\\/news\\\/pages\\\/organisator-ch-695\",\"https:\\\/\\\/www.youtube.com\\\/channel\\\/UCGP2Sq0iWaZwT3BdIAQFYpw\"]},{\"@type\":\"Person\",\"@id\":\"https:\\\/\\\/www.organisator.ch\\\/#\\\/schema\\\/person\\\/6f650f90b2842cd4c0cc334b4e36f67e\",\"name\":\"thomas.berner\",\"image\":{\"@type\":\"ImageObject\",\"inLanguage\":\"fr-FR\",\"@id\":\"https:\\\/\\\/secure.gravatar.com\\\/avatar\\\/ac5001d2a36cb6c6cd3e50789007ffca834b477b74a2144564522e944eabff61?s=96&d=mm&r=g\",\"url\":\"https:\\\/\\\/secure.gravatar.com\\\/avatar\\\/ac5001d2a36cb6c6cd3e50789007ffca834b477b74a2144564522e944eabff61?s=96&d=mm&r=g\",\"contentUrl\":\"https:\\\/\\\/secure.gravatar.com\\\/avatar\\\/ac5001d2a36cb6c6cd3e50789007ffca834b477b74a2144564522e944eabff61?s=96&d=mm&r=g\",\"caption\":\"thomas.berner\"},\"url\":\"https:\\\/\\\/www.organisator.ch\\\/fr\\\/author\\\/thomas-berner\\\/\"}]}<\/script>\n<!-- \/ Yoast SEO plugin. -->","yoast_head_json":{"title":"Un enseignement pratique pour les dirigeants de demain - Organisateur","description":"\"In der Praxis in F\u00fchrung\", telle est la devise de la HFLM, fond\u00e9e en 2021 \u00e0 Lucerne : un enseignement pratique non pas en salle de classe, mais sur le lieu de travail.","robots":{"index":"index","follow":"follow","max-snippet":"max-snippet:-1","max-image-preview":"max-image-preview:large","max-video-preview":"max-video-preview:-1"},"canonical":"https:\/\/www.organisator.ch\/fr\/formation-continue-2\/2022-02-28\/praxisrelevanter-unterricht-fuer-die-fuehrungskraefte-von-morgen\/","og_locale":"fr_FR","og_type":"article","og_title":"Praxisrelevanter Unterricht f\u00fcr die F\u00fchrungskr\u00e4fte von morgen","og_description":"\u00abIn der Praxis in F\u00fchrung\u00bb, so das Motto der 2021 in Luzern gegr\u00fcndeten HFLM: Praxisrelevanter Unterricht nicht im Klassenzimmer, sondern am Arbeitsplatz.","og_url":"https:\/\/www.organisator.ch\/fr\/formation-continue-2\/2022-02-28\/praxisrelevanter-unterricht-fuer-die-fuehrungskraefte-von-morgen\/","og_site_name":"Organisator","article_publisher":"https:\/\/www.facebook.com\/OrganisatorFachmagazin","article_published_time":"2022-02-28T06:00:00+00:00","article_modified_time":"2022-03-04T06:47:34+00:00","og_image":[{"width":680,"height":459,"url":"https:\/\/www.organisator.ch\/wp-content\/uploads\/2022\/02\/Praxisrelevanter-Unterricht-fuer-die-Fuehrungskraefte-von-morgen_Organisator-e1646045887128.jpg","type":"image\/jpeg"}],"author":"thomas.berner","twitter_card":"summary_large_image","twitter_title":"Praxisrelevanter #Unterricht f\u00fcr die #F\u00fchrungskr\u00e4fte von morgen","twitter_description":"\u00abIn der Praxis in F\u00fchrung\u00bb, so das Motto der 2021 in Luzern gegr\u00fcndeten #HFLM: Praxisrelevanter #Unterricht nicht im #Klassenzimmer, sondern am Arbeitsplatz.","twitter_image":"https:\/\/www.organisator.ch\/wp-content\/uploads\/2022\/02\/Praxisrelevanter-Unterricht-fuer-die-Fuehrungskraefte-von-morgen_Organisator-e1646045887128.jpg","schema":{"@context":"https:\/\/schema.org","@graph":[{"@type":"Article","@id":"https:\/\/www.organisator.ch\/weiterbildung\/2022-02-28\/praxisrelevanter-unterricht-fuer-die-fuehrungskraefte-von-morgen\/#article","isPartOf":{"@id":"https:\/\/www.organisator.ch\/weiterbildung\/2022-02-28\/praxisrelevanter-unterricht-fuer-die-fuehrungskraefte-von-morgen\/"},"author":{"name":"thomas.berner","@id":"https:\/\/www.organisator.ch\/#\/schema\/person\/6f650f90b2842cd4c0cc334b4e36f67e"},"headline":"Praxisrelevanter Unterricht f\u00fcr die F\u00fchrungskr\u00e4fte von morgen","datePublished":"2022-02-28T06:00:00+00:00","dateModified":"2022-03-04T06:47:34+00:00","mainEntityOfPage":{"@id":"https:\/\/www.organisator.ch\/weiterbildung\/2022-02-28\/praxisrelevanter-unterricht-fuer-die-fuehrungskraefte-von-morgen\/"},"wordCount":593,"publisher":{"@id":"https:\/\/www.organisator.ch\/#organization"},"image":{"@id":"https:\/\/www.organisator.ch\/weiterbildung\/2022-02-28\/praxisrelevanter-unterricht-fuer-die-fuehrungskraefte-von-morgen\/#primaryimage"},"thumbnailUrl":"https:\/\/www.organisator.ch\/wp-content\/uploads\/2022\/02\/Praxisrelevanter-Unterricht-fuer-die-Fuehrungskraefte-von-morgen_Organisator-e1646045887128.jpg","keywords":["Aus-\/Weiterbildung","H\u00f6here Fachschulen","Management und Unternehmensf\u00fchrung"],"articleSection":["WEITERBILDUNG"],"inLanguage":"fr-FR"},{"@type":"WebPage","@id":"https:\/\/www.organisator.ch\/weiterbildung\/2022-02-28\/praxisrelevanter-unterricht-fuer-die-fuehrungskraefte-von-morgen\/","url":"https:\/\/www.organisator.ch\/weiterbildung\/2022-02-28\/praxisrelevanter-unterricht-fuer-die-fuehrungskraefte-von-morgen\/","name":"Un enseignement pratique pour les dirigeants de demain - Organisateur","isPartOf":{"@id":"https:\/\/www.organisator.ch\/#website"},"primaryImageOfPage":{"@id":"https:\/\/www.organisator.ch\/weiterbildung\/2022-02-28\/praxisrelevanter-unterricht-fuer-die-fuehrungskraefte-von-morgen\/#primaryimage"},"image":{"@id":"https:\/\/www.organisator.ch\/weiterbildung\/2022-02-28\/praxisrelevanter-unterricht-fuer-die-fuehrungskraefte-von-morgen\/#primaryimage"},"thumbnailUrl":"https:\/\/www.organisator.ch\/wp-content\/uploads\/2022\/02\/Praxisrelevanter-Unterricht-fuer-die-Fuehrungskraefte-von-morgen_Organisator-e1646045887128.jpg","datePublished":"2022-02-28T06:00:00+00:00","dateModified":"2022-03-04T06:47:34+00:00","description":"\"In der Praxis in F\u00fchrung\", telle est la devise de la HFLM, fond\u00e9e en 2021 \u00e0 Lucerne : un enseignement pratique non pas en salle de classe, mais sur le lieu de travail.","breadcrumb":{"@id":"https:\/\/www.organisator.ch\/weiterbildung\/2022-02-28\/praxisrelevanter-unterricht-fuer-die-fuehrungskraefte-von-morgen\/#breadcrumb"},"inLanguage":"fr-FR","potentialAction":[{"@type":"ReadAction","target":["https:\/\/www.organisator.ch\/weiterbildung\/2022-02-28\/praxisrelevanter-unterricht-fuer-die-fuehrungskraefte-von-morgen\/"]}]},{"@type":"ImageObject","inLanguage":"fr-FR","@id":"https:\/\/www.organisator.ch\/weiterbildung\/2022-02-28\/praxisrelevanter-unterricht-fuer-die-fuehrungskraefte-von-morgen\/#primaryimage","url":"https:\/\/www.organisator.ch\/wp-content\/uploads\/2022\/02\/Praxisrelevanter-Unterricht-fuer-die-Fuehrungskraefte-von-morgen_Organisator-e1646045887128.jpg","contentUrl":"https:\/\/www.organisator.ch\/wp-content\/uploads\/2022\/02\/Praxisrelevanter-Unterricht-fuer-die-Fuehrungskraefte-von-morgen_Organisator-e1646045887128.jpg","width":680,"height":459,"caption":"Praxisrelevanter Unterricht ist mehr denn je gefragt, weiss Sascha G\u00fcntert, Leiter der H\u00f6heren Fachschule Leadership & Management HFLM in Luzern. (Bild: zVg)"},{"@type":"BreadcrumbList","@id":"https:\/\/www.organisator.ch\/weiterbildung\/2022-02-28\/praxisrelevanter-unterricht-fuer-die-fuehrungskraefte-von-morgen\/#breadcrumb","itemListElement":[{"@type":"ListItem","position":1,"name":"Home","item":"https:\/\/www.organisator.ch\/"},{"@type":"ListItem","position":2,"name":"Praxisrelevanter Unterricht f\u00fcr die F\u00fchrungskr\u00e4fte von morgen"}]},{"@type":"WebSite","@id":"https:\/\/www.organisator.ch\/#website","url":"https:\/\/www.organisator.ch\/","name":"Organisateur","description":"Comp\u00e9tence et comp\u00e9tence. Proches de la pratique. L'ORGANISATEUR pr\u00e9pare 10 num\u00e9ros par an sur les th\u00e8mes essentiels pour les dirigeants de PME.","publisher":{"@id":"https:\/\/www.organisator.ch\/#organization"},"potentialAction":[{"@type":"SearchAction","target":{"@type":"EntryPoint","urlTemplate":"https:\/\/www.organisator.ch\/?s={search_term_string}"},"query-input":{"@type":"PropertyValueSpecification","valueRequired":true,"valueName":"search_term_string"}}],"inLanguage":"fr-FR"},{"@type":"Organization","@id":"https:\/\/www.organisator.ch\/#organization","name":"Organisateur","url":"https:\/\/www.organisator.ch\/","logo":{"@type":"ImageObject","inLanguage":"fr-FR","@id":"https:\/\/www.organisator.ch\/#\/schema\/logo\/image\/","url":"https:\/\/www.organisator.ch\/wp-content\/uploads\/2022\/01\/Logo_Organisator_Website.png","contentUrl":"https:\/\/www.organisator.ch\/wp-content\/uploads\/2022\/01\/Logo_Organisator_Website.png","width":800,"height":77,"caption":"Organisator"},"image":{"@id":"https:\/\/www.organisator.ch\/#\/schema\/logo\/image\/"},"sameAs":["https:\/\/www.facebook.com\/OrganisatorFachmagazin","https:\/\/www.linkedin.com\/showcase\/organisator-das-magazin-fr-kmu","https:\/\/www.xing.com\/news\/pages\/organisator-ch-695","https:\/\/www.youtube.com\/channel\/UCGP2Sq0iWaZwT3BdIAQFYpw"]},{"@type":"Person","@id":"https:\/\/www.organisator.ch\/#\/schema\/person\/6f650f90b2842cd4c0cc334b4e36f67e","name":"thomas.berner","image":{"@type":"ImageObject","inLanguage":"fr-FR","@id":"https:\/\/secure.gravatar.com\/avatar\/ac5001d2a36cb6c6cd3e50789007ffca834b477b74a2144564522e944eabff61?s=96&d=mm&r=g","url":"https:\/\/secure.gravatar.com\/avatar\/ac5001d2a36cb6c6cd3e50789007ffca834b477b74a2144564522e944eabff61?s=96&d=mm&r=g","contentUrl":"https:\/\/secure.gravatar.com\/avatar\/ac5001d2a36cb6c6cd3e50789007ffca834b477b74a2144564522e944eabff61?s=96&d=mm&r=g","caption":"thomas.berner"},"url":"https:\/\/www.organisator.ch\/fr\/author\/thomas-berner\/"}]}},"_links":{"self":[{"href":"https:\/\/www.organisator.ch\/fr\/wp-json\/wp\/v2\/posts\/9289","targetHints":{"allow":["GET"]}}],"collection":[{"href":"https:\/\/www.organisator.ch\/fr\/wp-json\/wp\/v2\/posts"}],"about":[{"href":"https:\/\/www.organisator.ch\/fr\/wp-json\/wp\/v2\/types\/post"}],"author":[{"embeddable":true,"href":"https:\/\/www.organisator.ch\/fr\/wp-json\/wp\/v2\/users\/4"}],"replies":[{"embeddable":true,"href":"https:\/\/www.organisator.ch\/fr\/wp-json\/wp\/v2\/comments?post=9289"}],"version-history":[{"count":3,"href":"https:\/\/www.organisator.ch\/fr\/wp-json\/wp\/v2\/posts\/9289\/revisions"}],"predecessor-version":[{"id":11926,"href":"https:\/\/www.organisator.ch\/fr\/wp-json\/wp\/v2\/posts\/9289\/revisions\/11926"}],"wp:featuredmedia":[{"embeddable":true,"href":"https:\/\/www.organisator.ch\/fr\/wp-json\/wp\/v2\/media\/9290"}],"wp:attachment":[{"href":"https:\/\/www.organisator.ch\/fr\/wp-json\/wp\/v2\/media?parent=9289"}],"wp:term":[{"taxonomy":"category","embeddable":true,"href":"https:\/\/www.organisator.ch\/fr\/wp-json\/wp\/v2\/categories?post=9289"},{"taxonomy":"post_tag","embeddable":true,"href":"https:\/\/www.organisator.ch\/fr\/wp-json\/wp\/v2\/tags?post=9289"}],"curies":[{"name":"wp","href":"https:\/\/api.w.org\/{rel}","templated":true}]}}