{"id":9292,"date":"2022-02-21T10:29:41","date_gmt":"2022-02-21T09:29:41","guid":{"rendered":"https:\/\/www.organisator.ch\/?p=9292"},"modified":"2022-02-21T10:29:41","modified_gmt":"2022-02-21T09:29:41","slug":"lohnerhoehungen-2022-swisscom-und-die-sozialpartner-einigen-sich","status":"publish","type":"post","link":"https:\/\/www.organisator.ch\/fr\/allgemein\/2022-02-21\/lohnerhoehungen-2022-swisscom-und-die-sozialpartner-einigen-sich\/","title":{"rendered":"Augmentations salariales 2022 : Swisscom et les partenaires sociaux trouvent un accord"},"content":{"rendered":"<figure id=\"attachment_9293\" aria-describedby=\"caption-attachment-9293\" style=\"width: 680px\" class=\"wp-caption alignnone\"><a href=\"https:\/\/www.organisator.ch\/wp-content\/uploads\/2022\/02\/Lohnerhoehungen-2022-Swisscom-und-die-Sozialpartner-einigen-sich_Organisator.jpg\"><img loading=\"lazy\" decoding=\"async\" class=\"size-medium wp-image-9293\" src=\"https:\/\/www.organisator.ch\/wp-content\/uploads\/2022\/02\/Lohnerhoehungen-2022-Swisscom-und-die-Sozialpartner-einigen-sich_Organisator.jpg\" alt=\"\" width=\"680\" height=\"454\" srcset=\"https:\/\/www.organisator.ch\/wp-content\/uploads\/2022\/02\/Lohnerhoehungen-2022-Swisscom-und-die-Sozialpartner-einigen-sich_Organisator.jpg 680w, https:\/\/www.organisator.ch\/wp-content\/uploads\/2022\/02\/Lohnerhoehungen-2022-Swisscom-und-die-Sozialpartner-einigen-sich_Organisator-18x12.jpg 18w, https:\/\/www.organisator.ch\/wp-content\/uploads\/2022\/02\/Lohnerhoehungen-2022-Swisscom-und-die-Sozialpartner-einigen-sich_Organisator-262x175.jpg 262w, https:\/\/www.organisator.ch\/wp-content\/uploads\/2022\/02\/Lohnerhoehungen-2022-Swisscom-und-die-Sozialpartner-einigen-sich_Organisator-524x350.jpg 524w, https:\/\/www.organisator.ch\/wp-content\/uploads\/2022\/02\/Lohnerhoehungen-2022-Swisscom-und-die-Sozialpartner-einigen-sich_Organisator-300x200.jpg 300w\" sizes=\"auto, (max-width: 680px) 100vw, 680px\" \/><\/a><figcaption id=\"caption-attachment-9293\" class=\"wp-caption-text\">La plupart des collaborateurs de Swisscom peuvent s'attendre \u00e0 des augmentations de salaire de 0,9% en moyenne en 2022. (Image : Swisscom)<\/figcaption><\/figure>\n<p>Les collaborateurs du prestataire de services de t\u00e9l\u00e9communication Swisscom peuvent se r\u00e9jouir d'augmentations de salaire. L'augmentation de salaire de 0,9% profitera \u00e0 partir du 1er avril 2022 aux quelque 10 000 collaborateurs de Swisscom qui sont soumis \u00e0 la convention collective de travail. Afin de tenir compte du rench\u00e9rissement, la plupart des collaborateurs recevront une augmentation de salaire g\u00e9n\u00e9rale. Les augmentations de salaire varient en fonction de la situation dans la plage salariale. Aucune augmentation de salaire n'est pr\u00e9vue pour les collaborateurs dont le salaire se situe au-dessus de la fourchette salariale.<\/p>\n<p>Swisscom et les partenaires sociaux ont pu se mettre d'accord sur ces augmentations de salaire. \"En 2021, les collaborateurs de Swisscom ont fait preuve d'un grand engagement pour nos clients et pour Swisscom dans un environnement plein de d\u00e9fis. Nous avons obtenu de tr\u00e8s bons r\u00e9sultats. Avec l'accord salarial de cette ann\u00e9e, nous les en remercions chaleureusement. En tant que bon employeur, il est important pour nous de verser des salaires conformes au march\u00e9, en plus de prestations annexes attrayantes. Dans ce sens, je me r\u00e9jouis de l'accord obtenu avec les partenaires sociaux\", d\u00e9clare \u00e0 ce sujet Klementina Pejic, CPO de Swisscom. Daniel H\u00fcgli, responsable du secteur ICT de syndicom, commente l'accord comme suit : \"En 2021 \u00e9galement, les collaborateurs ont contribu\u00e9 de mani\u00e8re d\u00e9terminante \u00e0 une infrastructure performante et \u00e0 une qualit\u00e9 de service \u00e9lev\u00e9e dans le cadre du service public. Le r\u00e9sultat des n\u00e9gociations tient compte de cet \u00e9tat de fait\". Et Robert M\u00e9trailler, responsable de la branche Communication du partenaire social transfair, d'ajouter : \"Pour transfair, il \u00e9tait important de tenir compte de la hausse du rench\u00e9rissement, du solide r\u00e9sultat financier de Swisscom et surtout de l'engagement extraordinaire du personnel dans un environnement de travail extr\u00eamement difficile. Ces aspects ont contribu\u00e9 \u00e0 un r\u00e9sultat salarial tr\u00e8s positif\".<\/p>\n<p><em>Source : <a href=\"http:\/\/www.swisscom.ch\">Swisscom<\/a><\/em><\/p>","protected":false},"excerpt":{"rendered":"<p>Die Mitarbeitenden des Telekom-Dienstleisters Swisscom d\u00fcrfen sich \u00fcber Lohnerh\u00f6hungen freuen. Die Lohnerh\u00f6hung von 0,9% kommt ab 1. April 2022 den rund 10&#8217;000 Mitarbeitenden von Swisscom zugute, die dem Gesamtarbeitsvertrag unterstehen. Um der Teuerung Rechnung zu tragen, erhalten die meisten Mitarbeitenden generell mehr Lohn. Die Lohnerh\u00f6hungen fallen je nach Lage im Lohnband unterschiedlich hoch aus. F\u00fcr [&hellip;]<\/p>\n","protected":false},"author":4,"featured_media":9293,"comment_status":"closed","ping_status":"closed","sticky":false,"template":"","format":"standard","meta":{"_acf_changed":false,"_yoast_wpseo_focuskw":"Lohnerh\u00f6hungen","_yoast_wpseo_metadesc":"Bei der Swisscom gibt es 2022 Lohnerh\u00f6hungen von 0,9%. Dies ist das Ergebnis der Lohnverhandlungen zwischen Swisscom und ihren Sozialpartnern","articlekey":"","footnotes":""},"categories":[1],"tags":[329,335,492],"class_list":["post-9292","post","type-post","status-publish","format-standard","has-post-thumbnail","hentry","category-allgemein","tag-loehne","tag-management-und-unternehmensfuehrung","tag-unternehmen"],"acf":[],"yoast_head":"<!-- This site is optimized with the Yoast SEO plugin v27.4 - https:\/\/yoast.com\/product\/yoast-seo-wordpress\/ -->\n<title>Lohnerh\u00f6hungen 2022: Swisscom und die Sozialpartner einigen sich - Organisator<\/title>\n<meta name=\"description\" content=\"Bei der Swisscom gibt es 2022 Lohnerh\u00f6hungen von 0,9%. Dies ist das Ergebnis der Lohnverhandlungen zwischen Swisscom und ihren Sozialpartnern\" \/>\n<meta name=\"robots\" content=\"index, follow, max-snippet:-1, max-image-preview:large, max-video-preview:-1\" \/>\n<link rel=\"canonical\" href=\"https:\/\/www.organisator.ch\/fr\/general\/2022-02-21\/lohnerhoehungen-2022-swisscom-und-die-sozialpartner-einigen-sich\/\" \/>\n<meta property=\"og:locale\" content=\"fr_FR\" \/>\n<meta property=\"og:type\" content=\"article\" \/>\n<meta property=\"og:title\" content=\"Lohnerh\u00f6hungen 2022: Swisscom und die Sozialpartner einigen sich\" \/>\n<meta property=\"og:description\" content=\"Bei der Swisscom gibt es 2022 Lohnerh\u00f6hungen von 0,9%. Dies ist das Ergebnis der Lohnverhandlungen zwischen Swisscom und ihren Sozialpartnern\" \/>\n<meta property=\"og:url\" content=\"https:\/\/www.organisator.ch\/fr\/general\/2022-02-21\/lohnerhoehungen-2022-swisscom-und-die-sozialpartner-einigen-sich\/\" \/>\n<meta property=\"og:site_name\" content=\"Organisator\" \/>\n<meta property=\"article:publisher\" content=\"https:\/\/www.facebook.com\/OrganisatorFachmagazin\" \/>\n<meta property=\"article:published_time\" content=\"2022-02-21T09:29:41+00:00\" \/>\n<meta property=\"og:image\" content=\"https:\/\/www.organisator.ch\/wp-content\/uploads\/2022\/02\/Lohnerhoehungen-2022-Swisscom-und-die-Sozialpartner-einigen-sich_Organisator.jpg\" \/>\n\t<meta property=\"og:image:width\" content=\"680\" \/>\n\t<meta property=\"og:image:height\" content=\"454\" \/>\n\t<meta property=\"og:image:type\" content=\"image\/jpeg\" \/>\n<meta name=\"author\" content=\"thomas.berner\" \/>\n<meta name=\"twitter:card\" content=\"summary_large_image\" \/>\n<meta name=\"twitter:title\" content=\"#Lohnerh\u00f6hungen 2022: #Swisscom und die #Sozialpartner einigen sich\" \/>\n<meta name=\"twitter:description\" content=\"Bei der #Swisscom gibt es 2022 #Lohnerh\u00f6hungen von 0,9%. Dies ist das Ergebnis der #Lohnverhandlungen zwischen Swisscom und ihren #Sozialpartnern\" \/>\n<meta name=\"twitter:image\" content=\"https:\/\/www.organisator.ch\/wp-content\/uploads\/2022\/02\/Lohnerhoehungen-2022-Swisscom-und-die-Sozialpartner-einigen-sich_Organisator.jpg\" \/>\n<script type=\"application\/ld+json\" class=\"yoast-schema-graph\">{\"@context\":\"https:\\\/\\\/schema.org\",\"@graph\":[{\"@type\":\"Article\",\"@id\":\"https:\\\/\\\/www.organisator.ch\\\/en\\\/general\\\/2022-02-21\\\/lohnerhoehungen-2022-swisscom-und-die-sozialpartner-einigen-sich\\\/#article\",\"isPartOf\":{\"@id\":\"https:\\\/\\\/www.organisator.ch\\\/en\\\/general\\\/2022-02-21\\\/lohnerhoehungen-2022-swisscom-und-die-sozialpartner-einigen-sich\\\/\"},\"author\":{\"name\":\"thomas.berner\",\"@id\":\"https:\\\/\\\/www.organisator.ch\\\/#\\\/schema\\\/person\\\/6f650f90b2842cd4c0cc334b4e36f67e\"},\"headline\":\"Lohnerh\u00f6hungen 2022: Swisscom und die Sozialpartner einigen sich\",\"datePublished\":\"2022-02-21T09:29:41+00:00\",\"mainEntityOfPage\":{\"@id\":\"https:\\\/\\\/www.organisator.ch\\\/en\\\/general\\\/2022-02-21\\\/lohnerhoehungen-2022-swisscom-und-die-sozialpartner-einigen-sich\\\/\"},\"wordCount\":276,\"publisher\":{\"@id\":\"https:\\\/\\\/www.organisator.ch\\\/#organization\"},\"image\":{\"@id\":\"https:\\\/\\\/www.organisator.ch\\\/en\\\/general\\\/2022-02-21\\\/lohnerhoehungen-2022-swisscom-und-die-sozialpartner-einigen-sich\\\/#primaryimage\"},\"thumbnailUrl\":\"https:\\\/\\\/www.organisator.ch\\\/wp-content\\\/uploads\\\/2022\\\/02\\\/Lohnerhoehungen-2022-Swisscom-und-die-Sozialpartner-einigen-sich_Organisator.jpg\",\"keywords\":[\"L\u00f6hne\",\"Management und Unternehmensf\u00fchrung\",\"Unternehmen\"],\"articleSection\":[\"Allgemein\"],\"inLanguage\":\"fr-FR\"},{\"@type\":\"WebPage\",\"@id\":\"https:\\\/\\\/www.organisator.ch\\\/en\\\/general\\\/2022-02-21\\\/lohnerhoehungen-2022-swisscom-und-die-sozialpartner-einigen-sich\\\/\",\"url\":\"https:\\\/\\\/www.organisator.ch\\\/en\\\/general\\\/2022-02-21\\\/lohnerhoehungen-2022-swisscom-und-die-sozialpartner-einigen-sich\\\/\",\"name\":\"Lohnerh\u00f6hungen 2022: Swisscom und die Sozialpartner einigen sich - Organisator\",\"isPartOf\":{\"@id\":\"https:\\\/\\\/www.organisator.ch\\\/#website\"},\"primaryImageOfPage\":{\"@id\":\"https:\\\/\\\/www.organisator.ch\\\/en\\\/general\\\/2022-02-21\\\/lohnerhoehungen-2022-swisscom-und-die-sozialpartner-einigen-sich\\\/#primaryimage\"},\"image\":{\"@id\":\"https:\\\/\\\/www.organisator.ch\\\/en\\\/general\\\/2022-02-21\\\/lohnerhoehungen-2022-swisscom-und-die-sozialpartner-einigen-sich\\\/#primaryimage\"},\"thumbnailUrl\":\"https:\\\/\\\/www.organisator.ch\\\/wp-content\\\/uploads\\\/2022\\\/02\\\/Lohnerhoehungen-2022-Swisscom-und-die-Sozialpartner-einigen-sich_Organisator.jpg\",\"datePublished\":\"2022-02-21T09:29:41+00:00\",\"description\":\"Bei der Swisscom gibt es 2022 Lohnerh\u00f6hungen von 0,9%. Dies ist das Ergebnis der Lohnverhandlungen zwischen Swisscom und ihren Sozialpartnern\",\"breadcrumb\":{\"@id\":\"https:\\\/\\\/www.organisator.ch\\\/en\\\/general\\\/2022-02-21\\\/lohnerhoehungen-2022-swisscom-und-die-sozialpartner-einigen-sich\\\/#breadcrumb\"},\"inLanguage\":\"fr-FR\",\"potentialAction\":[{\"@type\":\"ReadAction\",\"target\":[\"https:\\\/\\\/www.organisator.ch\\\/en\\\/general\\\/2022-02-21\\\/lohnerhoehungen-2022-swisscom-und-die-sozialpartner-einigen-sich\\\/\"]}]},{\"@type\":\"ImageObject\",\"inLanguage\":\"fr-FR\",\"@id\":\"https:\\\/\\\/www.organisator.ch\\\/en\\\/general\\\/2022-02-21\\\/lohnerhoehungen-2022-swisscom-und-die-sozialpartner-einigen-sich\\\/#primaryimage\",\"url\":\"https:\\\/\\\/www.organisator.ch\\\/wp-content\\\/uploads\\\/2022\\\/02\\\/Lohnerhoehungen-2022-Swisscom-und-die-Sozialpartner-einigen-sich_Organisator.jpg\",\"contentUrl\":\"https:\\\/\\\/www.organisator.ch\\\/wp-content\\\/uploads\\\/2022\\\/02\\\/Lohnerhoehungen-2022-Swisscom-und-die-Sozialpartner-einigen-sich_Organisator.jpg\",\"width\":680,\"height\":454,\"caption\":\"Die meisten der Swisscom-Mitarbeitenden d\u00fcrfen 2022 Lohnerh\u00f6hungen von im Schnitt 0,9 Prozent erwarten. (Bild: Swisscom)\"},{\"@type\":\"BreadcrumbList\",\"@id\":\"https:\\\/\\\/www.organisator.ch\\\/en\\\/general\\\/2022-02-21\\\/lohnerhoehungen-2022-swisscom-und-die-sozialpartner-einigen-sich\\\/#breadcrumb\",\"itemListElement\":[{\"@type\":\"ListItem\",\"position\":1,\"name\":\"Home\",\"item\":\"https:\\\/\\\/www.organisator.ch\\\/\"},{\"@type\":\"ListItem\",\"position\":2,\"name\":\"Lohnerh\u00f6hungen 2022: Swisscom und die Sozialpartner einigen sich\"}]},{\"@type\":\"WebSite\",\"@id\":\"https:\\\/\\\/www.organisator.ch\\\/#website\",\"url\":\"https:\\\/\\\/www.organisator.ch\\\/\",\"name\":\"Organisator\",\"description\":\"Kompetent. Praxisnah. Der ORGANISATOR bereitet in 10 Ausgaben pro Jahr die wesentlichen Themen f\u00fcr F\u00fchrungskr\u00e4fte von KMU auf.\",\"publisher\":{\"@id\":\"https:\\\/\\\/www.organisator.ch\\\/#organization\"},\"potentialAction\":[{\"@type\":\"SearchAction\",\"target\":{\"@type\":\"EntryPoint\",\"urlTemplate\":\"https:\\\/\\\/www.organisator.ch\\\/?s={search_term_string}\"},\"query-input\":{\"@type\":\"PropertyValueSpecification\",\"valueRequired\":true,\"valueName\":\"search_term_string\"}}],\"inLanguage\":\"fr-FR\"},{\"@type\":\"Organization\",\"@id\":\"https:\\\/\\\/www.organisator.ch\\\/#organization\",\"name\":\"Organisator\",\"url\":\"https:\\\/\\\/www.organisator.ch\\\/\",\"logo\":{\"@type\":\"ImageObject\",\"inLanguage\":\"fr-FR\",\"@id\":\"https:\\\/\\\/www.organisator.ch\\\/#\\\/schema\\\/logo\\\/image\\\/\",\"url\":\"https:\\\/\\\/www.organisator.ch\\\/wp-content\\\/uploads\\\/2022\\\/01\\\/Logo_Organisator_Website.png\",\"contentUrl\":\"https:\\\/\\\/www.organisator.ch\\\/wp-content\\\/uploads\\\/2022\\\/01\\\/Logo_Organisator_Website.png\",\"width\":800,\"height\":77,\"caption\":\"Organisator\"},\"image\":{\"@id\":\"https:\\\/\\\/www.organisator.ch\\\/#\\\/schema\\\/logo\\\/image\\\/\"},\"sameAs\":[\"https:\\\/\\\/www.facebook.com\\\/OrganisatorFachmagazin\",\"https:\\\/\\\/www.linkedin.com\\\/showcase\\\/organisator-das-magazin-fr-kmu\",\"https:\\\/\\\/www.xing.com\\\/news\\\/pages\\\/organisator-ch-695\",\"https:\\\/\\\/www.youtube.com\\\/channel\\\/UCGP2Sq0iWaZwT3BdIAQFYpw\"]},{\"@type\":\"Person\",\"@id\":\"https:\\\/\\\/www.organisator.ch\\\/#\\\/schema\\\/person\\\/6f650f90b2842cd4c0cc334b4e36f67e\",\"name\":\"thomas.berner\",\"image\":{\"@type\":\"ImageObject\",\"inLanguage\":\"fr-FR\",\"@id\":\"https:\\\/\\\/secure.gravatar.com\\\/avatar\\\/ac5001d2a36cb6c6cd3e50789007ffca834b477b74a2144564522e944eabff61?s=96&d=mm&r=g\",\"url\":\"https:\\\/\\\/secure.gravatar.com\\\/avatar\\\/ac5001d2a36cb6c6cd3e50789007ffca834b477b74a2144564522e944eabff61?s=96&d=mm&r=g\",\"contentUrl\":\"https:\\\/\\\/secure.gravatar.com\\\/avatar\\\/ac5001d2a36cb6c6cd3e50789007ffca834b477b74a2144564522e944eabff61?s=96&d=mm&r=g\",\"caption\":\"thomas.berner\"},\"url\":\"https:\\\/\\\/www.organisator.ch\\\/fr\\\/author\\\/thomas-berner\\\/\"}]}<\/script>\n<!-- \/ Yoast SEO plugin. -->","yoast_head_json":{"title":"Augmentations salariales 2022 : Swisscom et les partenaires sociaux se mettent d'accord - Organisateur","description":"Swisscom pr\u00e9voit des augmentations de salaire de 0,9% en 2022. C'est le r\u00e9sultat des n\u00e9gociations salariales entre Swisscom et ses partenaires sociaux.","robots":{"index":"index","follow":"follow","max-snippet":"max-snippet:-1","max-image-preview":"max-image-preview:large","max-video-preview":"max-video-preview:-1"},"canonical":"https:\/\/www.organisator.ch\/fr\/general\/2022-02-21\/lohnerhoehungen-2022-swisscom-und-die-sozialpartner-einigen-sich\/","og_locale":"fr_FR","og_type":"article","og_title":"Lohnerh\u00f6hungen 2022: Swisscom und die Sozialpartner einigen sich","og_description":"Bei der Swisscom gibt es 2022 Lohnerh\u00f6hungen von 0,9%. Dies ist das Ergebnis der Lohnverhandlungen zwischen Swisscom und ihren Sozialpartnern","og_url":"https:\/\/www.organisator.ch\/fr\/general\/2022-02-21\/lohnerhoehungen-2022-swisscom-und-die-sozialpartner-einigen-sich\/","og_site_name":"Organisator","article_publisher":"https:\/\/www.facebook.com\/OrganisatorFachmagazin","article_published_time":"2022-02-21T09:29:41+00:00","og_image":[{"width":680,"height":454,"url":"https:\/\/www.organisator.ch\/wp-content\/uploads\/2022\/02\/Lohnerhoehungen-2022-Swisscom-und-die-Sozialpartner-einigen-sich_Organisator.jpg","type":"image\/jpeg"}],"author":"thomas.berner","twitter_card":"summary_large_image","twitter_title":"#Lohnerh\u00f6hungen 2022: #Swisscom und die #Sozialpartner einigen sich","twitter_description":"Bei der #Swisscom gibt es 2022 #Lohnerh\u00f6hungen von 0,9%. Dies ist das Ergebnis der #Lohnverhandlungen zwischen Swisscom und ihren #Sozialpartnern","twitter_image":"https:\/\/www.organisator.ch\/wp-content\/uploads\/2022\/02\/Lohnerhoehungen-2022-Swisscom-und-die-Sozialpartner-einigen-sich_Organisator.jpg","schema":{"@context":"https:\/\/schema.org","@graph":[{"@type":"Article","@id":"https:\/\/www.organisator.ch\/en\/general\/2022-02-21\/lohnerhoehungen-2022-swisscom-und-die-sozialpartner-einigen-sich\/#article","isPartOf":{"@id":"https:\/\/www.organisator.ch\/en\/general\/2022-02-21\/lohnerhoehungen-2022-swisscom-und-die-sozialpartner-einigen-sich\/"},"author":{"name":"thomas.berner","@id":"https:\/\/www.organisator.ch\/#\/schema\/person\/6f650f90b2842cd4c0cc334b4e36f67e"},"headline":"Lohnerh\u00f6hungen 2022: Swisscom und die Sozialpartner einigen sich","datePublished":"2022-02-21T09:29:41+00:00","mainEntityOfPage":{"@id":"https:\/\/www.organisator.ch\/en\/general\/2022-02-21\/lohnerhoehungen-2022-swisscom-und-die-sozialpartner-einigen-sich\/"},"wordCount":276,"publisher":{"@id":"https:\/\/www.organisator.ch\/#organization"},"image":{"@id":"https:\/\/www.organisator.ch\/en\/general\/2022-02-21\/lohnerhoehungen-2022-swisscom-und-die-sozialpartner-einigen-sich\/#primaryimage"},"thumbnailUrl":"https:\/\/www.organisator.ch\/wp-content\/uploads\/2022\/02\/Lohnerhoehungen-2022-Swisscom-und-die-Sozialpartner-einigen-sich_Organisator.jpg","keywords":["L\u00f6hne","Management und Unternehmensf\u00fchrung","Unternehmen"],"articleSection":["Allgemein"],"inLanguage":"fr-FR"},{"@type":"WebPage","@id":"https:\/\/www.organisator.ch\/en\/general\/2022-02-21\/lohnerhoehungen-2022-swisscom-und-die-sozialpartner-einigen-sich\/","url":"https:\/\/www.organisator.ch\/en\/general\/2022-02-21\/lohnerhoehungen-2022-swisscom-und-die-sozialpartner-einigen-sich\/","name":"Augmentations salariales 2022 : Swisscom et les partenaires sociaux se mettent d'accord - Organisateur","isPartOf":{"@id":"https:\/\/www.organisator.ch\/#website"},"primaryImageOfPage":{"@id":"https:\/\/www.organisator.ch\/en\/general\/2022-02-21\/lohnerhoehungen-2022-swisscom-und-die-sozialpartner-einigen-sich\/#primaryimage"},"image":{"@id":"https:\/\/www.organisator.ch\/en\/general\/2022-02-21\/lohnerhoehungen-2022-swisscom-und-die-sozialpartner-einigen-sich\/#primaryimage"},"thumbnailUrl":"https:\/\/www.organisator.ch\/wp-content\/uploads\/2022\/02\/Lohnerhoehungen-2022-Swisscom-und-die-Sozialpartner-einigen-sich_Organisator.jpg","datePublished":"2022-02-21T09:29:41+00:00","description":"Swisscom pr\u00e9voit des augmentations de salaire de 0,9% en 2022. C'est le r\u00e9sultat des n\u00e9gociations salariales entre Swisscom et ses partenaires sociaux.","breadcrumb":{"@id":"https:\/\/www.organisator.ch\/en\/general\/2022-02-21\/lohnerhoehungen-2022-swisscom-und-die-sozialpartner-einigen-sich\/#breadcrumb"},"inLanguage":"fr-FR","potentialAction":[{"@type":"ReadAction","target":["https:\/\/www.organisator.ch\/en\/general\/2022-02-21\/lohnerhoehungen-2022-swisscom-und-die-sozialpartner-einigen-sich\/"]}]},{"@type":"ImageObject","inLanguage":"fr-FR","@id":"https:\/\/www.organisator.ch\/en\/general\/2022-02-21\/lohnerhoehungen-2022-swisscom-und-die-sozialpartner-einigen-sich\/#primaryimage","url":"https:\/\/www.organisator.ch\/wp-content\/uploads\/2022\/02\/Lohnerhoehungen-2022-Swisscom-und-die-Sozialpartner-einigen-sich_Organisator.jpg","contentUrl":"https:\/\/www.organisator.ch\/wp-content\/uploads\/2022\/02\/Lohnerhoehungen-2022-Swisscom-und-die-Sozialpartner-einigen-sich_Organisator.jpg","width":680,"height":454,"caption":"Die meisten der Swisscom-Mitarbeitenden d\u00fcrfen 2022 Lohnerh\u00f6hungen von im Schnitt 0,9 Prozent erwarten. (Bild: Swisscom)"},{"@type":"BreadcrumbList","@id":"https:\/\/www.organisator.ch\/en\/general\/2022-02-21\/lohnerhoehungen-2022-swisscom-und-die-sozialpartner-einigen-sich\/#breadcrumb","itemListElement":[{"@type":"ListItem","position":1,"name":"Home","item":"https:\/\/www.organisator.ch\/"},{"@type":"ListItem","position":2,"name":"Lohnerh\u00f6hungen 2022: Swisscom und die Sozialpartner einigen sich"}]},{"@type":"WebSite","@id":"https:\/\/www.organisator.ch\/#website","url":"https:\/\/www.organisator.ch\/","name":"Organisateur","description":"Comp\u00e9tence et comp\u00e9tence. Proches de la pratique. L'ORGANISATEUR pr\u00e9pare 10 num\u00e9ros par an sur les th\u00e8mes essentiels pour les dirigeants de PME.","publisher":{"@id":"https:\/\/www.organisator.ch\/#organization"},"potentialAction":[{"@type":"SearchAction","target":{"@type":"EntryPoint","urlTemplate":"https:\/\/www.organisator.ch\/?s={search_term_string}"},"query-input":{"@type":"PropertyValueSpecification","valueRequired":true,"valueName":"search_term_string"}}],"inLanguage":"fr-FR"},{"@type":"Organization","@id":"https:\/\/www.organisator.ch\/#organization","name":"Organisateur","url":"https:\/\/www.organisator.ch\/","logo":{"@type":"ImageObject","inLanguage":"fr-FR","@id":"https:\/\/www.organisator.ch\/#\/schema\/logo\/image\/","url":"https:\/\/www.organisator.ch\/wp-content\/uploads\/2022\/01\/Logo_Organisator_Website.png","contentUrl":"https:\/\/www.organisator.ch\/wp-content\/uploads\/2022\/01\/Logo_Organisator_Website.png","width":800,"height":77,"caption":"Organisator"},"image":{"@id":"https:\/\/www.organisator.ch\/#\/schema\/logo\/image\/"},"sameAs":["https:\/\/www.facebook.com\/OrganisatorFachmagazin","https:\/\/www.linkedin.com\/showcase\/organisator-das-magazin-fr-kmu","https:\/\/www.xing.com\/news\/pages\/organisator-ch-695","https:\/\/www.youtube.com\/channel\/UCGP2Sq0iWaZwT3BdIAQFYpw"]},{"@type":"Person","@id":"https:\/\/www.organisator.ch\/#\/schema\/person\/6f650f90b2842cd4c0cc334b4e36f67e","name":"thomas.berner","image":{"@type":"ImageObject","inLanguage":"fr-FR","@id":"https:\/\/secure.gravatar.com\/avatar\/ac5001d2a36cb6c6cd3e50789007ffca834b477b74a2144564522e944eabff61?s=96&d=mm&r=g","url":"https:\/\/secure.gravatar.com\/avatar\/ac5001d2a36cb6c6cd3e50789007ffca834b477b74a2144564522e944eabff61?s=96&d=mm&r=g","contentUrl":"https:\/\/secure.gravatar.com\/avatar\/ac5001d2a36cb6c6cd3e50789007ffca834b477b74a2144564522e944eabff61?s=96&d=mm&r=g","caption":"thomas.berner"},"url":"https:\/\/www.organisator.ch\/fr\/author\/thomas-berner\/"}]}},"_links":{"self":[{"href":"https:\/\/www.organisator.ch\/fr\/wp-json\/wp\/v2\/posts\/9292","targetHints":{"allow":["GET"]}}],"collection":[{"href":"https:\/\/www.organisator.ch\/fr\/wp-json\/wp\/v2\/posts"}],"about":[{"href":"https:\/\/www.organisator.ch\/fr\/wp-json\/wp\/v2\/types\/post"}],"author":[{"embeddable":true,"href":"https:\/\/www.organisator.ch\/fr\/wp-json\/wp\/v2\/users\/4"}],"replies":[{"embeddable":true,"href":"https:\/\/www.organisator.ch\/fr\/wp-json\/wp\/v2\/comments?post=9292"}],"version-history":[{"count":0,"href":"https:\/\/www.organisator.ch\/fr\/wp-json\/wp\/v2\/posts\/9292\/revisions"}],"wp:featuredmedia":[{"embeddable":true,"href":"https:\/\/www.organisator.ch\/fr\/wp-json\/wp\/v2\/media\/9293"}],"wp:attachment":[{"href":"https:\/\/www.organisator.ch\/fr\/wp-json\/wp\/v2\/media?parent=9292"}],"wp:term":[{"taxonomy":"category","embeddable":true,"href":"https:\/\/www.organisator.ch\/fr\/wp-json\/wp\/v2\/categories?post=9292"},{"taxonomy":"post_tag","embeddable":true,"href":"https:\/\/www.organisator.ch\/fr\/wp-json\/wp\/v2\/tags?post=9292"}],"curies":[{"name":"wp","href":"https:\/\/api.w.org\/{rel}","templated":true}]}}