{"id":93,"date":"2016-02-01T15:06:57","date_gmt":"2016-02-01T14:06:57","guid":{"rendered":"http:\/\/dev.organisator.ch\/?p=93"},"modified":"2016-02-01T15:06:57","modified_gmt":"2016-02-01T14:06:57","slug":"bund-und-kantone-definieren-e-government-strategie","status":"publish","type":"post","link":"https:\/\/www.organisator.ch\/fr\/allgemein\/2016-02-01\/bund-und-kantone-definieren-e-government-strategie\/","title":{"rendered":"La Conf\u00e9d\u00e9ration et les cantons d\u00e9finissent une strat\u00e9gie de cyberadministration"},"content":{"rendered":"<p><img loading=\"lazy\" decoding=\"async\" class=\"alignnone size-medium wp-image-94\" src=\"https:\/\/organisator.ch\/wp-content\/uploads\/2016\/12\/Bund-und-Kantone-definieren-E-Government-Strategie-organisator.jpg\" alt=\"\" width=\"680\" height=\"451\" srcset=\"https:\/\/www.organisator.ch\/wp-content\/uploads\/2016\/12\/Bund-und-Kantone-definieren-E-Government-Strategie-organisator.jpg 800w, https:\/\/www.organisator.ch\/wp-content\/uploads\/2016\/12\/Bund-und-Kantone-definieren-E-Government-Strategie-organisator-680x451.jpg 680w, https:\/\/www.organisator.ch\/wp-content\/uploads\/2016\/12\/Bund-und-Kantone-definieren-E-Government-Strategie-organisator-768x510.jpg 768w, https:\/\/www.organisator.ch\/wp-content\/uploads\/2016\/12\/Bund-und-Kantone-definieren-E-Government-Strategie-organisator-16x12.jpg 16w, https:\/\/www.organisator.ch\/wp-content\/uploads\/2016\/12\/Bund-und-Kantone-definieren-E-Government-Strategie-organisator-264x175.jpg 264w, https:\/\/www.organisator.ch\/wp-content\/uploads\/2016\/12\/Bund-und-Kantone-definieren-E-Government-Strategie-organisator-527x350.jpg 527w, https:\/\/www.organisator.ch\/wp-content\/uploads\/2016\/12\/Bund-und-Kantone-definieren-E-Government-Strategie-organisator-300x199.jpg 300w\" sizes=\"auto, (max-width: 680px) 100vw, 680px\" \/><\/p>\n<p>&nbsp;<\/p>\n<p>La Conf\u00e9d\u00e9ration et les cantons ont d\u00e9fini les priorit\u00e9s de la strat\u00e9gie de cyberadministration jusqu'en 2019. Elle entend y consacrer quatre millions de francs par an.<\/p>\n<p>Le comit\u00e9 a approuv\u00e9 le premier plan des priorit\u00e9s pour les ann\u00e9es 2016 \u00e0 2019. L'accent est mis sur la mise en place d'infrastructures de base pour une extension accrue de la cyberadministration en Suisse. Les co\u00fbts sont support\u00e9s \u00e0 parts \u00e9gales par la Conf\u00e9d\u00e9ration et les cantons.<\/p>\n<p>Depuis 2007, la Conf\u00e9d\u00e9ration, les cantons et les communes font avancer ensemble la cyberadministration. La mise en \u0153uvre se fait sous la surveillance d'un comit\u00e9 de pilotage pr\u00e9sid\u00e9 par le conseiller f\u00e9d\u00e9ral Ueli Maurer.<br \/>\n<strong>Instruments de l'e-gouvernement <\/strong><\/p>\n<p>Des \"guichets uniques\" seront notamment mis en place : Les entreprises pourront ainsi effectuer des d\u00e9marches administratives au niveau f\u00e9d\u00e9ral, cantonal et communal via un portail unique.<\/p>\n<p>Le vote \u00e9lectronique est \u00e9galement en cours de d\u00e9veloppement. Le d\u00e9veloppement d'un syst\u00e8me de vote \u00e9lectronique est certainement consid\u00e9r\u00e9 comme \"strat\u00e9gique\".<\/p>\n<p>Il s'agit \u00e9galement de soutenir le traitement \u00e9lectronique des d\u00e9comptes de TVA.<\/p>\n<p><a href=\"http:\/\/www.news.admin.ch\" target=\"_blank\" data-cke-saved-href=\"http:\/\/www.news.admin.ch\" rel=\"noopener\">www.news.admin.ch<\/a><\/p>","protected":false},"excerpt":{"rendered":"<p>&nbsp; Bund und Kantone haben die Schwerpunkte f\u00fcr die E-Government-Strategie bis 2019 festgelegt. Daf\u00fcr will er j\u00e4hrlich vier Millionen Franken ausgeben. Der Ausschuss genehmigte den ersten Schwerpunktplan f\u00fcr die Jahre 2016 bis 2019. Der Fokus liegt auf dem Aufbau von Basisinfrastrukturen f\u00fcr die verst\u00e4rkte Ausbreitung von E-Government in der Schweiz. Die Kosten werden von Bund [&hellip;]<\/p>\n","protected":false},"author":1,"featured_media":94,"comment_status":"open","ping_status":"open","sticky":false,"template":"","format":"standard","meta":{"_acf_changed":false,"_yoast_wpseo_focuskw":"E-Government-Strategie","_yoast_wpseo_metadesc":"Bund und Kantone haben die Schwerpunkte f\u00fcr die E-Government-Strategie festgelegt. Acht Projekte und drei dauerhafte Aufgaben werden als bedeutsam erachtet.","articlekey":"","footnotes":""},"categories":[1],"tags":[374],"class_list":["post-93","post","type-post","status-publish","format-standard","has-post-thumbnail","hentry","category-allgemein","tag-parlament"],"acf":[],"yoast_head":"<!-- This site is optimized with the Yoast SEO plugin v27.4 - https:\/\/yoast.com\/product\/yoast-seo-wordpress\/ -->\n<title>Bund und Kantone definieren E-Government-Strategie - Organisator<\/title>\n<meta name=\"description\" content=\"Bund und Kantone haben die Schwerpunkte f\u00fcr die E-Government-Strategie festgelegt. Acht Projekte und drei dauerhafte Aufgaben werden als bedeutsam erachtet.\" \/>\n<meta name=\"robots\" content=\"index, follow, max-snippet:-1, max-image-preview:large, max-video-preview:-1\" \/>\n<link rel=\"canonical\" href=\"https:\/\/www.organisator.ch\/fr\/general\/2016-02-01\/bund-und-kantone-definieren-e-government-strategie\/\" \/>\n<meta property=\"og:locale\" content=\"fr_FR\" \/>\n<meta property=\"og:type\" content=\"article\" \/>\n<meta property=\"og:title\" content=\"Bund und Kantone definieren E-Government-Strategie\" \/>\n<meta property=\"og:description\" content=\"Bund und Kantone haben die Schwerpunkte f\u00fcr die E-Government-Strategie bis 2019 festgelegt. Der Steuerungsausschuss E-Government Schweiz erachtet acht Projekte und drei dauerhafte Aufgaben als strategisch bedeutsam.\" \/>\n<meta property=\"og:url\" content=\"https:\/\/www.organisator.ch\/fr\/general\/2016-02-01\/bund-und-kantone-definieren-e-government-strategie\/\" \/>\n<meta property=\"og:site_name\" content=\"Organisator\" \/>\n<meta property=\"article:publisher\" content=\"https:\/\/www.facebook.com\/OrganisatorFachmagazin\" \/>\n<meta property=\"article:published_time\" content=\"2016-02-01T14:06:57+00:00\" \/>\n<meta name=\"author\" content=\"admin\" \/>\n<meta name=\"twitter:card\" content=\"summary_large_image\" \/>\n<meta name=\"twitter:image\" content=\"https:\/\/www.organisator.ch\/wp-content\/uploads\/2016\/12\/Bund-und-Kantone-definieren-E-Government-Strategie-organisator.jpg\" \/>\n<script type=\"application\/ld+json\" class=\"yoast-schema-graph\">{\"@context\":\"https:\\\/\\\/schema.org\",\"@graph\":[{\"@type\":\"Article\",\"@id\":\"https:\\\/\\\/www.organisator.ch\\\/en\\\/general\\\/2016-02-01\\\/bund-und-kantone-definieren-e-government-strategie\\\/#article\",\"isPartOf\":{\"@id\":\"https:\\\/\\\/www.organisator.ch\\\/en\\\/general\\\/2016-02-01\\\/bund-und-kantone-definieren-e-government-strategie\\\/\"},\"author\":{\"name\":\"admin\",\"@id\":\"https:\\\/\\\/www.organisator.ch\\\/#\\\/schema\\\/person\\\/aa2bace6c5c5aad60102004a50c4eb1c\"},\"headline\":\"Bund und Kantone definieren E-Government-Strategie\",\"datePublished\":\"2016-02-01T14:06:57+00:00\",\"mainEntityOfPage\":{\"@id\":\"https:\\\/\\\/www.organisator.ch\\\/en\\\/general\\\/2016-02-01\\\/bund-und-kantone-definieren-e-government-strategie\\\/\"},\"wordCount\":149,\"commentCount\":0,\"publisher\":{\"@id\":\"https:\\\/\\\/www.organisator.ch\\\/#organization\"},\"image\":{\"@id\":\"https:\\\/\\\/www.organisator.ch\\\/en\\\/general\\\/2016-02-01\\\/bund-und-kantone-definieren-e-government-strategie\\\/#primaryimage\"},\"thumbnailUrl\":\"https:\\\/\\\/www.organisator.ch\\\/wp-content\\\/uploads\\\/2016\\\/12\\\/Bund-und-Kantone-definieren-E-Government-Strategie-organisator.jpg\",\"keywords\":[\"Parlament\"],\"articleSection\":[\"Allgemein\"],\"inLanguage\":\"fr-FR\"},{\"@type\":\"WebPage\",\"@id\":\"https:\\\/\\\/www.organisator.ch\\\/en\\\/general\\\/2016-02-01\\\/bund-und-kantone-definieren-e-government-strategie\\\/\",\"url\":\"https:\\\/\\\/www.organisator.ch\\\/en\\\/general\\\/2016-02-01\\\/bund-und-kantone-definieren-e-government-strategie\\\/\",\"name\":\"Bund und Kantone definieren E-Government-Strategie - Organisator\",\"isPartOf\":{\"@id\":\"https:\\\/\\\/www.organisator.ch\\\/#website\"},\"primaryImageOfPage\":{\"@id\":\"https:\\\/\\\/www.organisator.ch\\\/en\\\/general\\\/2016-02-01\\\/bund-und-kantone-definieren-e-government-strategie\\\/#primaryimage\"},\"image\":{\"@id\":\"https:\\\/\\\/www.organisator.ch\\\/en\\\/general\\\/2016-02-01\\\/bund-und-kantone-definieren-e-government-strategie\\\/#primaryimage\"},\"thumbnailUrl\":\"https:\\\/\\\/www.organisator.ch\\\/wp-content\\\/uploads\\\/2016\\\/12\\\/Bund-und-Kantone-definieren-E-Government-Strategie-organisator.jpg\",\"datePublished\":\"2016-02-01T14:06:57+00:00\",\"description\":\"Bund und Kantone haben die Schwerpunkte f\u00fcr die E-Government-Strategie festgelegt. Acht Projekte und drei dauerhafte Aufgaben werden als bedeutsam erachtet.\",\"breadcrumb\":{\"@id\":\"https:\\\/\\\/www.organisator.ch\\\/en\\\/general\\\/2016-02-01\\\/bund-und-kantone-definieren-e-government-strategie\\\/#breadcrumb\"},\"inLanguage\":\"fr-FR\",\"potentialAction\":[{\"@type\":\"ReadAction\",\"target\":[\"https:\\\/\\\/www.organisator.ch\\\/en\\\/general\\\/2016-02-01\\\/bund-und-kantone-definieren-e-government-strategie\\\/\"]}]},{\"@type\":\"ImageObject\",\"inLanguage\":\"fr-FR\",\"@id\":\"https:\\\/\\\/www.organisator.ch\\\/en\\\/general\\\/2016-02-01\\\/bund-und-kantone-definieren-e-government-strategie\\\/#primaryimage\",\"url\":\"https:\\\/\\\/www.organisator.ch\\\/wp-content\\\/uploads\\\/2016\\\/12\\\/Bund-und-Kantone-definieren-E-Government-Strategie-organisator.jpg\",\"contentUrl\":\"https:\\\/\\\/www.organisator.ch\\\/wp-content\\\/uploads\\\/2016\\\/12\\\/Bund-und-Kantone-definieren-E-Government-Strategie-organisator.jpg\",\"width\":800,\"height\":531},{\"@type\":\"BreadcrumbList\",\"@id\":\"https:\\\/\\\/www.organisator.ch\\\/en\\\/general\\\/2016-02-01\\\/bund-und-kantone-definieren-e-government-strategie\\\/#breadcrumb\",\"itemListElement\":[{\"@type\":\"ListItem\",\"position\":1,\"name\":\"Home\",\"item\":\"https:\\\/\\\/www.organisator.ch\\\/\"},{\"@type\":\"ListItem\",\"position\":2,\"name\":\"Bund und Kantone definieren E-Government-Strategie\"}]},{\"@type\":\"WebSite\",\"@id\":\"https:\\\/\\\/www.organisator.ch\\\/#website\",\"url\":\"https:\\\/\\\/www.organisator.ch\\\/\",\"name\":\"Organisator\",\"description\":\"Kompetent. Praxisnah. Der ORGANISATOR bereitet in 10 Ausgaben pro Jahr die wesentlichen Themen f\u00fcr F\u00fchrungskr\u00e4fte von KMU auf.\",\"publisher\":{\"@id\":\"https:\\\/\\\/www.organisator.ch\\\/#organization\"},\"potentialAction\":[{\"@type\":\"SearchAction\",\"target\":{\"@type\":\"EntryPoint\",\"urlTemplate\":\"https:\\\/\\\/www.organisator.ch\\\/?s={search_term_string}\"},\"query-input\":{\"@type\":\"PropertyValueSpecification\",\"valueRequired\":true,\"valueName\":\"search_term_string\"}}],\"inLanguage\":\"fr-FR\"},{\"@type\":\"Organization\",\"@id\":\"https:\\\/\\\/www.organisator.ch\\\/#organization\",\"name\":\"Organisator\",\"url\":\"https:\\\/\\\/www.organisator.ch\\\/\",\"logo\":{\"@type\":\"ImageObject\",\"inLanguage\":\"fr-FR\",\"@id\":\"https:\\\/\\\/www.organisator.ch\\\/#\\\/schema\\\/logo\\\/image\\\/\",\"url\":\"https:\\\/\\\/www.organisator.ch\\\/wp-content\\\/uploads\\\/2022\\\/01\\\/Logo_Organisator_Website.png\",\"contentUrl\":\"https:\\\/\\\/www.organisator.ch\\\/wp-content\\\/uploads\\\/2022\\\/01\\\/Logo_Organisator_Website.png\",\"width\":800,\"height\":77,\"caption\":\"Organisator\"},\"image\":{\"@id\":\"https:\\\/\\\/www.organisator.ch\\\/#\\\/schema\\\/logo\\\/image\\\/\"},\"sameAs\":[\"https:\\\/\\\/www.facebook.com\\\/OrganisatorFachmagazin\",\"https:\\\/\\\/www.linkedin.com\\\/showcase\\\/organisator-das-magazin-fr-kmu\",\"https:\\\/\\\/www.xing.com\\\/news\\\/pages\\\/organisator-ch-695\",\"https:\\\/\\\/www.youtube.com\\\/channel\\\/UCGP2Sq0iWaZwT3BdIAQFYpw\"]},{\"@type\":\"Person\",\"@id\":\"https:\\\/\\\/www.organisator.ch\\\/#\\\/schema\\\/person\\\/aa2bace6c5c5aad60102004a50c4eb1c\",\"name\":\"admin\",\"image\":{\"@type\":\"ImageObject\",\"inLanguage\":\"fr-FR\",\"@id\":\"https:\\\/\\\/secure.gravatar.com\\\/avatar\\\/ae2f4d718e6c49043e314ce431e7e645d646302a24a5ef5a8bc8e3f5a032e319?s=96&d=mm&r=g\",\"url\":\"https:\\\/\\\/secure.gravatar.com\\\/avatar\\\/ae2f4d718e6c49043e314ce431e7e645d646302a24a5ef5a8bc8e3f5a032e319?s=96&d=mm&r=g\",\"contentUrl\":\"https:\\\/\\\/secure.gravatar.com\\\/avatar\\\/ae2f4d718e6c49043e314ce431e7e645d646302a24a5ef5a8bc8e3f5a032e319?s=96&d=mm&r=g\",\"caption\":\"admin\"},\"sameAs\":[\"https:\\\/\\\/www.organisator.ch\"],\"url\":\"https:\\\/\\\/www.organisator.ch\\\/fr\\\/author\\\/admin\\\/\"}]}<\/script>\n<!-- \/ Yoast SEO plugin. -->","yoast_head_json":{"title":"La Conf\u00e9d\u00e9ration et les cantons d\u00e9finissent une strat\u00e9gie de cyberadministration - Organisateur","description":"La Conf\u00e9d\u00e9ration et les cantons ont d\u00e9fini les priorit\u00e9s de la strat\u00e9gie de cyberadministration. Huit projets et trois t\u00e2ches permanentes sont consid\u00e9r\u00e9s comme importants.","robots":{"index":"index","follow":"follow","max-snippet":"max-snippet:-1","max-image-preview":"max-image-preview:large","max-video-preview":"max-video-preview:-1"},"canonical":"https:\/\/www.organisator.ch\/fr\/general\/2016-02-01\/bund-und-kantone-definieren-e-government-strategie\/","og_locale":"fr_FR","og_type":"article","og_title":"Bund und Kantone definieren E-Government-Strategie","og_description":"Bund und Kantone haben die Schwerpunkte f\u00fcr die E-Government-Strategie bis 2019 festgelegt. Der Steuerungsausschuss E-Government Schweiz erachtet acht Projekte und drei dauerhafte Aufgaben als strategisch bedeutsam.","og_url":"https:\/\/www.organisator.ch\/fr\/general\/2016-02-01\/bund-und-kantone-definieren-e-government-strategie\/","og_site_name":"Organisator","article_publisher":"https:\/\/www.facebook.com\/OrganisatorFachmagazin","article_published_time":"2016-02-01T14:06:57+00:00","author":"admin","twitter_card":"summary_large_image","twitter_image":"https:\/\/www.organisator.ch\/wp-content\/uploads\/2016\/12\/Bund-und-Kantone-definieren-E-Government-Strategie-organisator.jpg","schema":{"@context":"https:\/\/schema.org","@graph":[{"@type":"Article","@id":"https:\/\/www.organisator.ch\/en\/general\/2016-02-01\/bund-und-kantone-definieren-e-government-strategie\/#article","isPartOf":{"@id":"https:\/\/www.organisator.ch\/en\/general\/2016-02-01\/bund-und-kantone-definieren-e-government-strategie\/"},"author":{"name":"admin","@id":"https:\/\/www.organisator.ch\/#\/schema\/person\/aa2bace6c5c5aad60102004a50c4eb1c"},"headline":"Bund und Kantone definieren E-Government-Strategie","datePublished":"2016-02-01T14:06:57+00:00","mainEntityOfPage":{"@id":"https:\/\/www.organisator.ch\/en\/general\/2016-02-01\/bund-und-kantone-definieren-e-government-strategie\/"},"wordCount":149,"commentCount":0,"publisher":{"@id":"https:\/\/www.organisator.ch\/#organization"},"image":{"@id":"https:\/\/www.organisator.ch\/en\/general\/2016-02-01\/bund-und-kantone-definieren-e-government-strategie\/#primaryimage"},"thumbnailUrl":"https:\/\/www.organisator.ch\/wp-content\/uploads\/2016\/12\/Bund-und-Kantone-definieren-E-Government-Strategie-organisator.jpg","keywords":["Parlament"],"articleSection":["Allgemein"],"inLanguage":"fr-FR"},{"@type":"WebPage","@id":"https:\/\/www.organisator.ch\/en\/general\/2016-02-01\/bund-und-kantone-definieren-e-government-strategie\/","url":"https:\/\/www.organisator.ch\/en\/general\/2016-02-01\/bund-und-kantone-definieren-e-government-strategie\/","name":"La Conf\u00e9d\u00e9ration et les cantons d\u00e9finissent une strat\u00e9gie de cyberadministration - Organisateur","isPartOf":{"@id":"https:\/\/www.organisator.ch\/#website"},"primaryImageOfPage":{"@id":"https:\/\/www.organisator.ch\/en\/general\/2016-02-01\/bund-und-kantone-definieren-e-government-strategie\/#primaryimage"},"image":{"@id":"https:\/\/www.organisator.ch\/en\/general\/2016-02-01\/bund-und-kantone-definieren-e-government-strategie\/#primaryimage"},"thumbnailUrl":"https:\/\/www.organisator.ch\/wp-content\/uploads\/2016\/12\/Bund-und-Kantone-definieren-E-Government-Strategie-organisator.jpg","datePublished":"2016-02-01T14:06:57+00:00","description":"La Conf\u00e9d\u00e9ration et les cantons ont d\u00e9fini les priorit\u00e9s de la strat\u00e9gie de cyberadministration. Huit projets et trois t\u00e2ches permanentes sont consid\u00e9r\u00e9s comme importants.","breadcrumb":{"@id":"https:\/\/www.organisator.ch\/en\/general\/2016-02-01\/bund-und-kantone-definieren-e-government-strategie\/#breadcrumb"},"inLanguage":"fr-FR","potentialAction":[{"@type":"ReadAction","target":["https:\/\/www.organisator.ch\/en\/general\/2016-02-01\/bund-und-kantone-definieren-e-government-strategie\/"]}]},{"@type":"ImageObject","inLanguage":"fr-FR","@id":"https:\/\/www.organisator.ch\/en\/general\/2016-02-01\/bund-und-kantone-definieren-e-government-strategie\/#primaryimage","url":"https:\/\/www.organisator.ch\/wp-content\/uploads\/2016\/12\/Bund-und-Kantone-definieren-E-Government-Strategie-organisator.jpg","contentUrl":"https:\/\/www.organisator.ch\/wp-content\/uploads\/2016\/12\/Bund-und-Kantone-definieren-E-Government-Strategie-organisator.jpg","width":800,"height":531},{"@type":"BreadcrumbList","@id":"https:\/\/www.organisator.ch\/en\/general\/2016-02-01\/bund-und-kantone-definieren-e-government-strategie\/#breadcrumb","itemListElement":[{"@type":"ListItem","position":1,"name":"Home","item":"https:\/\/www.organisator.ch\/"},{"@type":"ListItem","position":2,"name":"Bund und Kantone definieren E-Government-Strategie"}]},{"@type":"WebSite","@id":"https:\/\/www.organisator.ch\/#website","url":"https:\/\/www.organisator.ch\/","name":"Organisateur","description":"Comp\u00e9tence et comp\u00e9tence. Proches de la pratique. L'ORGANISATEUR pr\u00e9pare 10 num\u00e9ros par an sur les th\u00e8mes essentiels pour les dirigeants de PME.","publisher":{"@id":"https:\/\/www.organisator.ch\/#organization"},"potentialAction":[{"@type":"SearchAction","target":{"@type":"EntryPoint","urlTemplate":"https:\/\/www.organisator.ch\/?s={search_term_string}"},"query-input":{"@type":"PropertyValueSpecification","valueRequired":true,"valueName":"search_term_string"}}],"inLanguage":"fr-FR"},{"@type":"Organization","@id":"https:\/\/www.organisator.ch\/#organization","name":"Organisateur","url":"https:\/\/www.organisator.ch\/","logo":{"@type":"ImageObject","inLanguage":"fr-FR","@id":"https:\/\/www.organisator.ch\/#\/schema\/logo\/image\/","url":"https:\/\/www.organisator.ch\/wp-content\/uploads\/2022\/01\/Logo_Organisator_Website.png","contentUrl":"https:\/\/www.organisator.ch\/wp-content\/uploads\/2022\/01\/Logo_Organisator_Website.png","width":800,"height":77,"caption":"Organisator"},"image":{"@id":"https:\/\/www.organisator.ch\/#\/schema\/logo\/image\/"},"sameAs":["https:\/\/www.facebook.com\/OrganisatorFachmagazin","https:\/\/www.linkedin.com\/showcase\/organisator-das-magazin-fr-kmu","https:\/\/www.xing.com\/news\/pages\/organisator-ch-695","https:\/\/www.youtube.com\/channel\/UCGP2Sq0iWaZwT3BdIAQFYpw"]},{"@type":"Person","@id":"https:\/\/www.organisator.ch\/#\/schema\/person\/aa2bace6c5c5aad60102004a50c4eb1c","name":"admin","image":{"@type":"ImageObject","inLanguage":"fr-FR","@id":"https:\/\/secure.gravatar.com\/avatar\/ae2f4d718e6c49043e314ce431e7e645d646302a24a5ef5a8bc8e3f5a032e319?s=96&d=mm&r=g","url":"https:\/\/secure.gravatar.com\/avatar\/ae2f4d718e6c49043e314ce431e7e645d646302a24a5ef5a8bc8e3f5a032e319?s=96&d=mm&r=g","contentUrl":"https:\/\/secure.gravatar.com\/avatar\/ae2f4d718e6c49043e314ce431e7e645d646302a24a5ef5a8bc8e3f5a032e319?s=96&d=mm&r=g","caption":"admin"},"sameAs":["https:\/\/www.organisator.ch"],"url":"https:\/\/www.organisator.ch\/fr\/author\/admin\/"}]}},"_links":{"self":[{"href":"https:\/\/www.organisator.ch\/fr\/wp-json\/wp\/v2\/posts\/93","targetHints":{"allow":["GET"]}}],"collection":[{"href":"https:\/\/www.organisator.ch\/fr\/wp-json\/wp\/v2\/posts"}],"about":[{"href":"https:\/\/www.organisator.ch\/fr\/wp-json\/wp\/v2\/types\/post"}],"author":[{"embeddable":true,"href":"https:\/\/www.organisator.ch\/fr\/wp-json\/wp\/v2\/users\/1"}],"replies":[{"embeddable":true,"href":"https:\/\/www.organisator.ch\/fr\/wp-json\/wp\/v2\/comments?post=93"}],"version-history":[{"count":0,"href":"https:\/\/www.organisator.ch\/fr\/wp-json\/wp\/v2\/posts\/93\/revisions"}],"wp:featuredmedia":[{"embeddable":true,"href":"https:\/\/www.organisator.ch\/fr\/wp-json\/wp\/v2\/media\/94"}],"wp:attachment":[{"href":"https:\/\/www.organisator.ch\/fr\/wp-json\/wp\/v2\/media?parent=93"}],"wp:term":[{"taxonomy":"category","embeddable":true,"href":"https:\/\/www.organisator.ch\/fr\/wp-json\/wp\/v2\/categories?post=93"},{"taxonomy":"post_tag","embeddable":true,"href":"https:\/\/www.organisator.ch\/fr\/wp-json\/wp\/v2\/tags?post=93"}],"curies":[{"name":"wp","href":"https:\/\/api.w.org\/{rel}","templated":true}]}}