{"id":932,"date":"2016-07-18T17:35:01","date_gmt":"2016-07-18T15:35:01","guid":{"rendered":"http:\/\/dev.organisator.ch\/?p=932"},"modified":"2016-07-18T17:35:01","modified_gmt":"2016-07-18T15:35:01","slug":"finanzspritze-fuer-kmu-projekte","status":"publish","type":"post","link":"https:\/\/www.organisator.ch\/fr\/allgemein\/2016-07-18\/finanzspritze-fuer-kmu-projekte\/","title":{"rendered":"Injection de fonds pour les projets de PME"},"content":{"rendered":"<figure id=\"attachment_935\" aria-describedby=\"caption-attachment-935\" style=\"width: 640px\" class=\"wp-caption alignnone\"><img loading=\"lazy\" decoding=\"async\" class=\"size-full wp-image-935\" src=\"https:\/\/www.organisator.ch\/wp-content\/uploads\/2016\/12\/Finanzspritze-fuer-KMU-Projekte-organisator.jpg\" alt=\"\" width=\"640\" height=\"422\" srcset=\"https:\/\/www.organisator.ch\/wp-content\/uploads\/2016\/12\/Finanzspritze-fuer-KMU-Projekte-organisator.jpg 640w, https:\/\/www.organisator.ch\/wp-content\/uploads\/2016\/12\/Finanzspritze-fuer-KMU-Projekte-organisator-16x12.jpg 16w, https:\/\/www.organisator.ch\/wp-content\/uploads\/2016\/12\/Finanzspritze-fuer-KMU-Projekte-organisator-265x175.jpg 265w, https:\/\/www.organisator.ch\/wp-content\/uploads\/2016\/12\/Finanzspritze-fuer-KMU-Projekte-organisator-531x350.jpg 531w, https:\/\/www.organisator.ch\/wp-content\/uploads\/2016\/12\/Finanzspritze-fuer-KMU-Projekte-organisator-300x198.jpg 300w\" sizes=\"auto, (max-width: 640px) 100vw, 640px\" \/><figcaption id=\"caption-attachment-935\" class=\"wp-caption-text\">La soci\u00e9t\u00e9 CombAgro d\u00e9veloppe une agriculture productive et responsable en utilisant des technologies innovantes, y compris l'utilisation d'un \u00e9clairage LED sp\u00e9cifique. (Source : Sedrik Nemeth)<\/figcaption><\/figure>\n<p>Le remplacement des chauffages, des installations frigorifiques et des machines repr\u00e9sente souvent un investissement important pour les petites et moyennes entreprises (PME). Celles qui veillent \u00e0 l'efficacit\u00e9 \u00e9nerg\u00e9tique lors de la r\u00e9novation de leur entreprise peuvent demander un soutien financier \u00e0 la Fondation Suisse pour le Climat. La fondation accepte jusqu'au 1er septembre les demandes pour les grands projets d'\u00e9conomie d'\u00e9nergie. Sont consid\u00e9r\u00e9s comme grands les projets qui permettent d'\u00e9conomiser plus de 666 tonnes de CO2 ou plus de 2'000 m\u00e9gawattheures d'\u00e9lectricit\u00e9 sur une p\u00e9riode de dix ans.<\/p>\n<p>\"La plupart des grands projets que nous soutenons concernent le chauffage et le refroidissement\", explique Vincent Eckert, directeur de la fondation. Ces derni\u00e8res ann\u00e9es, la Fondation Suisse pour le Climat a soutenu financi\u00e8rement de nombreux h\u00f4tels et maisons de retraite qui ont remplac\u00e9 leur chauffage au mazout par des chauffages \u00e0 pellets, des pompes \u00e0 chaleur et d'autres syst\u00e8mes de chauffage durables. Plusieurs laiteries et fromageries sont pass\u00e9es des combustibles fossiles aux \u00e9nergies renouvelables pour leur production. Diverses entreprises ont remplac\u00e9 leur syst\u00e8me de refroidissement ou install\u00e9 un syst\u00e8me de refroidissement par air ext\u00e9rieur.<\/p>\n<p><strong>Date limite de d\u00e9p\u00f4t et exceptions<\/strong><\/p>\n<p>Les entreprises comptant jusqu'\u00e0 250 collaborateurs sont consid\u00e9r\u00e9es comme des PME. Pour pouvoir b\u00e9n\u00e9ficier d'un soutien de la Fondation Suisse pour le Climat, les entreprises doivent \u00eatre domicili\u00e9es en Suisse ou au Liechtenstein et y mettre en \u0153uvre leurs projets d'\u00e9conomie d'\u00e9nergie. Toutefois, les mesures ne doivent pas encore \u00eatre mises en \u0153uvre et les investissements ne doivent pas encore avoir \u00e9t\u00e9 d\u00e9clench\u00e9s au moment o\u00f9 la demande est d\u00e9pos\u00e9e. Les PME qui pr\u00e9voient des projets de moindre envergure ne sont pas tenues de respecter la date limite de d\u00e9p\u00f4t des dossiers fix\u00e9e au 1er septembre.<\/p>\n<p>Ils peuvent d\u00e9poser leurs demandes en ligne rapidement et facilement et recevoir une r\u00e9ponse de la fondation dans un d\u00e9lai d'un mois. Outre les grands projets, la date limite du 1er septembre s'applique \u00e9galement aux PME qui ne font pas elles-m\u00eames des \u00e9conomies d'\u00e9nergie, mais qui d\u00e9veloppent des produits respectueux du climat. Elles peuvent \u00e9galement b\u00e9n\u00e9ficier des subventions de la fondation.<\/p>\n<p>\"Prot\u00e9ger le climat. Renforcer les PME\". Selon cette devise, la Fondation Suisse pour le Climat soutient des projets de petites et moyennes entreprises (PME) qui contribuent \u00e0 la protection du climat. Depuis sa cr\u00e9ation en 2008, la fondation a soutenu quelque 1200 PME en Suisse et dans la Principaut\u00e9 du Liechtenstein \u00e0 hauteur de 14 millions de francs.<\/p>\n<p>Plus d'informations : <a href=\"http:\/\/www.klimastiftung.ch\" target=\"_blank\" data-cke-saved-href=\"http:\/\/www.klimastiftung.ch\" rel=\"noopener\">http:\/\/www.klimastiftung.ch<\/a><\/p>","protected":false},"excerpt":{"rendered":"<p>Der Ersatz von Heizungen, K\u00fchlanlagen und Maschinen bedeutet f\u00fcr kleine und mittlere Unternehmen (KMU) oft eine grosse Investition. Wer bei Erneuerungen im Betrieb auf die Energieeffizienz achtet, kann bei der Klimastiftung Schweiz finanzielle Unterst\u00fctzung beantragen. Bis zum 1. September nimmt die Stiftung Antr\u00e4ge f\u00fcr grosse Energiespar-Projekte entgegen. Als gross gelten Projekte, die \u00fcber zehn Jahre [&hellip;]<\/p>\n","protected":false},"author":1,"featured_media":935,"comment_status":"open","ping_status":"open","sticky":false,"template":"","format":"standard","meta":{"_acf_changed":false,"_yoast_wpseo_focuskw":"Finanzspritze","_yoast_wpseo_metadesc":"KMU, die gr\u00f6ssere Investitionen in die Energieeffizienz planen, k\u00f6nnen bis zum 1. September Geld bei der Klimastiftung Schweiz beantragen.","articlekey":"","footnotes":""},"categories":[1],"tags":[396],"class_list":["post-932","post","type-post","status-publish","format-standard","has-post-thumbnail","hentry","category-allgemein","tag-projektentwicklung"],"acf":[],"yoast_head":"<!-- This site is optimized with the Yoast SEO plugin v27.4 - https:\/\/yoast.com\/product\/yoast-seo-wordpress\/ -->\n<title>Finanzspritze f\u00fcr KMU-Projekte - Organisator<\/title>\n<meta name=\"description\" content=\"KMU, die gr\u00f6ssere Investitionen in die Energieeffizienz planen, k\u00f6nnen bis zum 1. September Geld bei der Klimastiftung Schweiz beantragen.\" \/>\n<meta name=\"robots\" content=\"index, follow, max-snippet:-1, max-image-preview:large, max-video-preview:-1\" \/>\n<link rel=\"canonical\" href=\"https:\/\/www.organisator.ch\/fr\/general\/2016-07-18\/finanzspritze-fuer-kmu-projekte\/\" \/>\n<meta property=\"og:locale\" content=\"fr_FR\" \/>\n<meta property=\"og:type\" content=\"article\" \/>\n<meta property=\"og:title\" content=\"Finanzspritze f\u00fcr KMU-Projekte\" \/>\n<meta property=\"og:description\" content=\"KMU, die gr\u00f6ssere Investitionen in die Energieeffizienz planen, k\u00f6nnen bis zum 1. September Geld bei der Klimastiftung Schweiz beantragen. \u00dcber eine Million Franken liegt bei der Stiftung bereit. Angesprochen sind alle Branchen.\" \/>\n<meta property=\"og:url\" content=\"https:\/\/www.organisator.ch\/fr\/general\/2016-07-18\/finanzspritze-fuer-kmu-projekte\/\" \/>\n<meta property=\"og:site_name\" content=\"Organisator\" \/>\n<meta property=\"article:publisher\" content=\"https:\/\/www.facebook.com\/OrganisatorFachmagazin\" \/>\n<meta property=\"article:published_time\" content=\"2016-07-18T15:35:01+00:00\" \/>\n<meta name=\"author\" content=\"admin\" \/>\n<meta name=\"twitter:card\" content=\"summary_large_image\" \/>\n<meta name=\"twitter:image\" content=\"https:\/\/www.organisator.ch\/wp-content\/uploads\/2016\/12\/Finanzspritze-fuer-KMU-Projekte-organisator.jpg\" \/>\n<script type=\"application\/ld+json\" class=\"yoast-schema-graph\">{\"@context\":\"https:\\\/\\\/schema.org\",\"@graph\":[{\"@type\":\"Article\",\"@id\":\"https:\\\/\\\/www.organisator.ch\\\/it\\\/generale\\\/2016-07-18\\\/finanzspritze-fuer-kmu-projekte\\\/#article\",\"isPartOf\":{\"@id\":\"https:\\\/\\\/www.organisator.ch\\\/it\\\/generale\\\/2016-07-18\\\/finanzspritze-fuer-kmu-projekte\\\/\"},\"author\":{\"name\":\"admin\",\"@id\":\"https:\\\/\\\/www.organisator.ch\\\/#\\\/schema\\\/person\\\/aa2bace6c5c5aad60102004a50c4eb1c\"},\"headline\":\"Finanzspritze f\u00fcr KMU-Projekte\",\"datePublished\":\"2016-07-18T15:35:01+00:00\",\"mainEntityOfPage\":{\"@id\":\"https:\\\/\\\/www.organisator.ch\\\/it\\\/generale\\\/2016-07-18\\\/finanzspritze-fuer-kmu-projekte\\\/\"},\"wordCount\":371,\"commentCount\":0,\"publisher\":{\"@id\":\"https:\\\/\\\/www.organisator.ch\\\/#organization\"},\"image\":{\"@id\":\"https:\\\/\\\/www.organisator.ch\\\/it\\\/generale\\\/2016-07-18\\\/finanzspritze-fuer-kmu-projekte\\\/#primaryimage\"},\"thumbnailUrl\":\"https:\\\/\\\/www.organisator.ch\\\/wp-content\\\/uploads\\\/2016\\\/12\\\/Finanzspritze-fuer-KMU-Projekte-organisator.jpg\",\"keywords\":[\"Projektentwicklung\"],\"articleSection\":[\"Allgemein\"],\"inLanguage\":\"fr-FR\"},{\"@type\":\"WebPage\",\"@id\":\"https:\\\/\\\/www.organisator.ch\\\/it\\\/generale\\\/2016-07-18\\\/finanzspritze-fuer-kmu-projekte\\\/\",\"url\":\"https:\\\/\\\/www.organisator.ch\\\/it\\\/generale\\\/2016-07-18\\\/finanzspritze-fuer-kmu-projekte\\\/\",\"name\":\"Finanzspritze f\u00fcr KMU-Projekte - Organisator\",\"isPartOf\":{\"@id\":\"https:\\\/\\\/www.organisator.ch\\\/#website\"},\"primaryImageOfPage\":{\"@id\":\"https:\\\/\\\/www.organisator.ch\\\/it\\\/generale\\\/2016-07-18\\\/finanzspritze-fuer-kmu-projekte\\\/#primaryimage\"},\"image\":{\"@id\":\"https:\\\/\\\/www.organisator.ch\\\/it\\\/generale\\\/2016-07-18\\\/finanzspritze-fuer-kmu-projekte\\\/#primaryimage\"},\"thumbnailUrl\":\"https:\\\/\\\/www.organisator.ch\\\/wp-content\\\/uploads\\\/2016\\\/12\\\/Finanzspritze-fuer-KMU-Projekte-organisator.jpg\",\"datePublished\":\"2016-07-18T15:35:01+00:00\",\"description\":\"KMU, die gr\u00f6ssere Investitionen in die Energieeffizienz planen, k\u00f6nnen bis zum 1. September Geld bei der Klimastiftung Schweiz beantragen.\",\"breadcrumb\":{\"@id\":\"https:\\\/\\\/www.organisator.ch\\\/it\\\/generale\\\/2016-07-18\\\/finanzspritze-fuer-kmu-projekte\\\/#breadcrumb\"},\"inLanguage\":\"fr-FR\",\"potentialAction\":[{\"@type\":\"ReadAction\",\"target\":[\"https:\\\/\\\/www.organisator.ch\\\/it\\\/generale\\\/2016-07-18\\\/finanzspritze-fuer-kmu-projekte\\\/\"]}]},{\"@type\":\"ImageObject\",\"inLanguage\":\"fr-FR\",\"@id\":\"https:\\\/\\\/www.organisator.ch\\\/it\\\/generale\\\/2016-07-18\\\/finanzspritze-fuer-kmu-projekte\\\/#primaryimage\",\"url\":\"https:\\\/\\\/www.organisator.ch\\\/wp-content\\\/uploads\\\/2016\\\/12\\\/Finanzspritze-fuer-KMU-Projekte-organisator.jpg\",\"contentUrl\":\"https:\\\/\\\/www.organisator.ch\\\/wp-content\\\/uploads\\\/2016\\\/12\\\/Finanzspritze-fuer-KMU-Projekte-organisator.jpg\",\"width\":640,\"height\":422,\"caption\":\"Die Firma CombAgro entwickelt eine produktive und verantwortungsvolle Landwirtschaft durch den Einsatz innovativer Technologien, einschliesslich der Verwendung spezifischer LED Beleuchtung. (Quelle : Sedrik Nemeth)\"},{\"@type\":\"BreadcrumbList\",\"@id\":\"https:\\\/\\\/www.organisator.ch\\\/it\\\/generale\\\/2016-07-18\\\/finanzspritze-fuer-kmu-projekte\\\/#breadcrumb\",\"itemListElement\":[{\"@type\":\"ListItem\",\"position\":1,\"name\":\"Home\",\"item\":\"https:\\\/\\\/www.organisator.ch\\\/\"},{\"@type\":\"ListItem\",\"position\":2,\"name\":\"Finanzspritze f\u00fcr KMU-Projekte\"}]},{\"@type\":\"WebSite\",\"@id\":\"https:\\\/\\\/www.organisator.ch\\\/#website\",\"url\":\"https:\\\/\\\/www.organisator.ch\\\/\",\"name\":\"Organisator\",\"description\":\"Kompetent. Praxisnah. Der ORGANISATOR bereitet in 10 Ausgaben pro Jahr die wesentlichen Themen f\u00fcr F\u00fchrungskr\u00e4fte von KMU auf.\",\"publisher\":{\"@id\":\"https:\\\/\\\/www.organisator.ch\\\/#organization\"},\"potentialAction\":[{\"@type\":\"SearchAction\",\"target\":{\"@type\":\"EntryPoint\",\"urlTemplate\":\"https:\\\/\\\/www.organisator.ch\\\/?s={search_term_string}\"},\"query-input\":{\"@type\":\"PropertyValueSpecification\",\"valueRequired\":true,\"valueName\":\"search_term_string\"}}],\"inLanguage\":\"fr-FR\"},{\"@type\":\"Organization\",\"@id\":\"https:\\\/\\\/www.organisator.ch\\\/#organization\",\"name\":\"Organisator\",\"url\":\"https:\\\/\\\/www.organisator.ch\\\/\",\"logo\":{\"@type\":\"ImageObject\",\"inLanguage\":\"fr-FR\",\"@id\":\"https:\\\/\\\/www.organisator.ch\\\/#\\\/schema\\\/logo\\\/image\\\/\",\"url\":\"https:\\\/\\\/www.organisator.ch\\\/wp-content\\\/uploads\\\/2022\\\/01\\\/Logo_Organisator_Website.png\",\"contentUrl\":\"https:\\\/\\\/www.organisator.ch\\\/wp-content\\\/uploads\\\/2022\\\/01\\\/Logo_Organisator_Website.png\",\"width\":800,\"height\":77,\"caption\":\"Organisator\"},\"image\":{\"@id\":\"https:\\\/\\\/www.organisator.ch\\\/#\\\/schema\\\/logo\\\/image\\\/\"},\"sameAs\":[\"https:\\\/\\\/www.facebook.com\\\/OrganisatorFachmagazin\",\"https:\\\/\\\/www.linkedin.com\\\/showcase\\\/organisator-das-magazin-fr-kmu\",\"https:\\\/\\\/www.xing.com\\\/news\\\/pages\\\/organisator-ch-695\",\"https:\\\/\\\/www.youtube.com\\\/channel\\\/UCGP2Sq0iWaZwT3BdIAQFYpw\"]},{\"@type\":\"Person\",\"@id\":\"https:\\\/\\\/www.organisator.ch\\\/#\\\/schema\\\/person\\\/aa2bace6c5c5aad60102004a50c4eb1c\",\"name\":\"admin\",\"image\":{\"@type\":\"ImageObject\",\"inLanguage\":\"fr-FR\",\"@id\":\"https:\\\/\\\/secure.gravatar.com\\\/avatar\\\/ae2f4d718e6c49043e314ce431e7e645d646302a24a5ef5a8bc8e3f5a032e319?s=96&d=mm&r=g\",\"url\":\"https:\\\/\\\/secure.gravatar.com\\\/avatar\\\/ae2f4d718e6c49043e314ce431e7e645d646302a24a5ef5a8bc8e3f5a032e319?s=96&d=mm&r=g\",\"contentUrl\":\"https:\\\/\\\/secure.gravatar.com\\\/avatar\\\/ae2f4d718e6c49043e314ce431e7e645d646302a24a5ef5a8bc8e3f5a032e319?s=96&d=mm&r=g\",\"caption\":\"admin\"},\"sameAs\":[\"https:\\\/\\\/www.organisator.ch\"],\"url\":\"https:\\\/\\\/www.organisator.ch\\\/fr\\\/author\\\/admin\\\/\"}]}<\/script>\n<!-- \/ Yoast SEO plugin. -->","yoast_head_json":{"title":"Injection de fonds dans des projets de PME - Organisateur","description":"Les PME qui pr\u00e9voient des investissements importants dans l'efficacit\u00e9 \u00e9nerg\u00e9tique peuvent demander de l'argent \u00e0 la Fondation Suisse pour le Climat jusqu'au 1er septembre.","robots":{"index":"index","follow":"follow","max-snippet":"max-snippet:-1","max-image-preview":"max-image-preview:large","max-video-preview":"max-video-preview:-1"},"canonical":"https:\/\/www.organisator.ch\/fr\/general\/2016-07-18\/finanzspritze-fuer-kmu-projekte\/","og_locale":"fr_FR","og_type":"article","og_title":"Finanzspritze f\u00fcr KMU-Projekte","og_description":"KMU, die gr\u00f6ssere Investitionen in die Energieeffizienz planen, k\u00f6nnen bis zum 1. September Geld bei der Klimastiftung Schweiz beantragen. \u00dcber eine Million Franken liegt bei der Stiftung bereit. Angesprochen sind alle Branchen.","og_url":"https:\/\/www.organisator.ch\/fr\/general\/2016-07-18\/finanzspritze-fuer-kmu-projekte\/","og_site_name":"Organisator","article_publisher":"https:\/\/www.facebook.com\/OrganisatorFachmagazin","article_published_time":"2016-07-18T15:35:01+00:00","author":"admin","twitter_card":"summary_large_image","twitter_image":"https:\/\/www.organisator.ch\/wp-content\/uploads\/2016\/12\/Finanzspritze-fuer-KMU-Projekte-organisator.jpg","schema":{"@context":"https:\/\/schema.org","@graph":[{"@type":"Article","@id":"https:\/\/www.organisator.ch\/it\/generale\/2016-07-18\/finanzspritze-fuer-kmu-projekte\/#article","isPartOf":{"@id":"https:\/\/www.organisator.ch\/it\/generale\/2016-07-18\/finanzspritze-fuer-kmu-projekte\/"},"author":{"name":"admin","@id":"https:\/\/www.organisator.ch\/#\/schema\/person\/aa2bace6c5c5aad60102004a50c4eb1c"},"headline":"Finanzspritze f\u00fcr KMU-Projekte","datePublished":"2016-07-18T15:35:01+00:00","mainEntityOfPage":{"@id":"https:\/\/www.organisator.ch\/it\/generale\/2016-07-18\/finanzspritze-fuer-kmu-projekte\/"},"wordCount":371,"commentCount":0,"publisher":{"@id":"https:\/\/www.organisator.ch\/#organization"},"image":{"@id":"https:\/\/www.organisator.ch\/it\/generale\/2016-07-18\/finanzspritze-fuer-kmu-projekte\/#primaryimage"},"thumbnailUrl":"https:\/\/www.organisator.ch\/wp-content\/uploads\/2016\/12\/Finanzspritze-fuer-KMU-Projekte-organisator.jpg","keywords":["Projektentwicklung"],"articleSection":["Allgemein"],"inLanguage":"fr-FR"},{"@type":"WebPage","@id":"https:\/\/www.organisator.ch\/it\/generale\/2016-07-18\/finanzspritze-fuer-kmu-projekte\/","url":"https:\/\/www.organisator.ch\/it\/generale\/2016-07-18\/finanzspritze-fuer-kmu-projekte\/","name":"Injection de fonds dans des projets de PME - Organisateur","isPartOf":{"@id":"https:\/\/www.organisator.ch\/#website"},"primaryImageOfPage":{"@id":"https:\/\/www.organisator.ch\/it\/generale\/2016-07-18\/finanzspritze-fuer-kmu-projekte\/#primaryimage"},"image":{"@id":"https:\/\/www.organisator.ch\/it\/generale\/2016-07-18\/finanzspritze-fuer-kmu-projekte\/#primaryimage"},"thumbnailUrl":"https:\/\/www.organisator.ch\/wp-content\/uploads\/2016\/12\/Finanzspritze-fuer-KMU-Projekte-organisator.jpg","datePublished":"2016-07-18T15:35:01+00:00","description":"Les PME qui pr\u00e9voient des investissements importants dans l'efficacit\u00e9 \u00e9nerg\u00e9tique peuvent demander de l'argent \u00e0 la Fondation Suisse pour le Climat jusqu'au 1er septembre.","breadcrumb":{"@id":"https:\/\/www.organisator.ch\/it\/generale\/2016-07-18\/finanzspritze-fuer-kmu-projekte\/#breadcrumb"},"inLanguage":"fr-FR","potentialAction":[{"@type":"ReadAction","target":["https:\/\/www.organisator.ch\/it\/generale\/2016-07-18\/finanzspritze-fuer-kmu-projekte\/"]}]},{"@type":"ImageObject","inLanguage":"fr-FR","@id":"https:\/\/www.organisator.ch\/it\/generale\/2016-07-18\/finanzspritze-fuer-kmu-projekte\/#primaryimage","url":"https:\/\/www.organisator.ch\/wp-content\/uploads\/2016\/12\/Finanzspritze-fuer-KMU-Projekte-organisator.jpg","contentUrl":"https:\/\/www.organisator.ch\/wp-content\/uploads\/2016\/12\/Finanzspritze-fuer-KMU-Projekte-organisator.jpg","width":640,"height":422,"caption":"Die Firma CombAgro entwickelt eine produktive und verantwortungsvolle Landwirtschaft durch den Einsatz innovativer Technologien, einschliesslich der Verwendung spezifischer LED Beleuchtung. (Quelle : Sedrik Nemeth)"},{"@type":"BreadcrumbList","@id":"https:\/\/www.organisator.ch\/it\/generale\/2016-07-18\/finanzspritze-fuer-kmu-projekte\/#breadcrumb","itemListElement":[{"@type":"ListItem","position":1,"name":"Home","item":"https:\/\/www.organisator.ch\/"},{"@type":"ListItem","position":2,"name":"Finanzspritze f\u00fcr KMU-Projekte"}]},{"@type":"WebSite","@id":"https:\/\/www.organisator.ch\/#website","url":"https:\/\/www.organisator.ch\/","name":"Organisateur","description":"Comp\u00e9tence et comp\u00e9tence. Proches de la pratique. L'ORGANISATEUR pr\u00e9pare 10 num\u00e9ros par an sur les th\u00e8mes essentiels pour les dirigeants de PME.","publisher":{"@id":"https:\/\/www.organisator.ch\/#organization"},"potentialAction":[{"@type":"SearchAction","target":{"@type":"EntryPoint","urlTemplate":"https:\/\/www.organisator.ch\/?s={search_term_string}"},"query-input":{"@type":"PropertyValueSpecification","valueRequired":true,"valueName":"search_term_string"}}],"inLanguage":"fr-FR"},{"@type":"Organization","@id":"https:\/\/www.organisator.ch\/#organization","name":"Organisateur","url":"https:\/\/www.organisator.ch\/","logo":{"@type":"ImageObject","inLanguage":"fr-FR","@id":"https:\/\/www.organisator.ch\/#\/schema\/logo\/image\/","url":"https:\/\/www.organisator.ch\/wp-content\/uploads\/2022\/01\/Logo_Organisator_Website.png","contentUrl":"https:\/\/www.organisator.ch\/wp-content\/uploads\/2022\/01\/Logo_Organisator_Website.png","width":800,"height":77,"caption":"Organisator"},"image":{"@id":"https:\/\/www.organisator.ch\/#\/schema\/logo\/image\/"},"sameAs":["https:\/\/www.facebook.com\/OrganisatorFachmagazin","https:\/\/www.linkedin.com\/showcase\/organisator-das-magazin-fr-kmu","https:\/\/www.xing.com\/news\/pages\/organisator-ch-695","https:\/\/www.youtube.com\/channel\/UCGP2Sq0iWaZwT3BdIAQFYpw"]},{"@type":"Person","@id":"https:\/\/www.organisator.ch\/#\/schema\/person\/aa2bace6c5c5aad60102004a50c4eb1c","name":"admin","image":{"@type":"ImageObject","inLanguage":"fr-FR","@id":"https:\/\/secure.gravatar.com\/avatar\/ae2f4d718e6c49043e314ce431e7e645d646302a24a5ef5a8bc8e3f5a032e319?s=96&d=mm&r=g","url":"https:\/\/secure.gravatar.com\/avatar\/ae2f4d718e6c49043e314ce431e7e645d646302a24a5ef5a8bc8e3f5a032e319?s=96&d=mm&r=g","contentUrl":"https:\/\/secure.gravatar.com\/avatar\/ae2f4d718e6c49043e314ce431e7e645d646302a24a5ef5a8bc8e3f5a032e319?s=96&d=mm&r=g","caption":"admin"},"sameAs":["https:\/\/www.organisator.ch"],"url":"https:\/\/www.organisator.ch\/fr\/author\/admin\/"}]}},"_links":{"self":[{"href":"https:\/\/www.organisator.ch\/fr\/wp-json\/wp\/v2\/posts\/932","targetHints":{"allow":["GET"]}}],"collection":[{"href":"https:\/\/www.organisator.ch\/fr\/wp-json\/wp\/v2\/posts"}],"about":[{"href":"https:\/\/www.organisator.ch\/fr\/wp-json\/wp\/v2\/types\/post"}],"author":[{"embeddable":true,"href":"https:\/\/www.organisator.ch\/fr\/wp-json\/wp\/v2\/users\/1"}],"replies":[{"embeddable":true,"href":"https:\/\/www.organisator.ch\/fr\/wp-json\/wp\/v2\/comments?post=932"}],"version-history":[{"count":0,"href":"https:\/\/www.organisator.ch\/fr\/wp-json\/wp\/v2\/posts\/932\/revisions"}],"wp:featuredmedia":[{"embeddable":true,"href":"https:\/\/www.organisator.ch\/fr\/wp-json\/wp\/v2\/media\/935"}],"wp:attachment":[{"href":"https:\/\/www.organisator.ch\/fr\/wp-json\/wp\/v2\/media?parent=932"}],"wp:term":[{"taxonomy":"category","embeddable":true,"href":"https:\/\/www.organisator.ch\/fr\/wp-json\/wp\/v2\/categories?post=932"},{"taxonomy":"post_tag","embeddable":true,"href":"https:\/\/www.organisator.ch\/fr\/wp-json\/wp\/v2\/tags?post=932"}],"curies":[{"name":"wp","href":"https:\/\/api.w.org\/{rel}","templated":true}]}}