{"id":946,"date":"2017-04-18T15:30:44","date_gmt":"2017-04-18T13:30:44","guid":{"rendered":"https:\/\/www.umweltperspektiven.ch\/?p=946"},"modified":"2025-06-10T07:59:50","modified_gmt":"2025-06-10T05:59:50","slug":"innovationsfoerderung-gute-noten-fuer-die-kti","status":"publish","type":"post","link":"https:\/\/www.organisator.ch\/fr\/sustainability\/2017-04-18\/innovationsfoerderung-gute-noten-fuer-die-kti\/","title":{"rendered":"Promotion de l'innovation : de bonnes notes pour la CTI"},"content":{"rendered":"<figure id=\"attachment_947\" aria-describedby=\"caption-attachment-947\" style=\"width: 680px\" class=\"wp-caption alignnone\"><img loading=\"lazy\" decoding=\"async\" class=\"wp-image-947 size-medium\" src=\"\/\/www.umweltperspektiven.ch\/wp-content\/uploads\/2017\/04\/Depositphotos_24868889_l-2015.jpg\" alt=\"\" width=\"680\" height=\"476\" \/><figcaption id=\"caption-attachment-947\" class=\"wp-caption-text\">La CTI re\u00e7oit une \u00e9valuation positive - mais trop d'entreprises ne connaissent pas les instruments de promotion. (Image : Depositphotos.com)<\/figcaption><\/figure>\n<p>Les institutions de recherche, les entreprises et les start-ups pr\u00e9sentent le travail de la <a href=\"\/\/www.kti.admin.ch\/\">Commission pour la technologie et l'innovation CTI<\/a> de bonnes notes : Leur travail est cibl\u00e9 et non bureaucratique, les instruments de R&amp;D sont coordonn\u00e9s et le coaching est utile. Ce qui est regrett\u00e9, c'est que les offres de la CTI sont encore trop peu connues. C'est \u00e0 ces r\u00e9sultats que sont parvenues deux \u00e9valuations externes et analyses d'impact de la promotion de l'innovation command\u00e9es par la CTI.<\/p>\n<p>L'\u00e9valuation externe atteste que la CTI dispose, dans le domaine de l'encouragement de projets R&amp;D, d'un ensemble d'instruments coh\u00e9rents et coordonn\u00e9s qui permettent d'encourager aussi bien les projets d'innovation ax\u00e9s sur la science que ceux ax\u00e9s sur le march\u00e9. Les partenaires de projet jugent en outre positivement la structure l\u00e9g\u00e8re et non bureaucratique avec des temps de traitement courts et les connaissances sp\u00e9cialis\u00e9es du march\u00e9 et de la science. Selon l'\u00e9valuation, la satisfaction concernant la mise en \u0153uvre est grande aussi bien chez les partenaires de recherche que chez les partenaires \u00e9conomiques, et un peu plus \u00e9lev\u00e9e chez les premiers. Les \u00e9valuateurs voient un potentiel dans la notori\u00e9t\u00e9 de la CTI : 55% des entreprises industrielles de plus de 20 salari\u00e9s ne connaissent pas la CTI.<\/p>\n<p><b>Un tiers d'emplois et d'exportations en plus<br \/>\n<\/b>Les enqu\u00eates men\u00e9es aupr\u00e8s des partenaires \u00e9conomiques attestent du renforcement de la comp\u00e9titivit\u00e9 gr\u00e2ce aux projets soutenus par la CTI. Les entreprises indiquent que les projets CTI les aident surtout \u00e0 acc\u00e9l\u00e9rer la mise sur le march\u00e9 et \u00e0 g\u00e9n\u00e9rer une plus grande part de march\u00e9. Les PME impliqu\u00e9es dans des projets CTI r\u00e9alisent en outre des d\u00e9penses de R&amp;D significativement plus \u00e9lev\u00e9es et des investissements plus importants que les entreprises comparables qui n'ont pas \u00e9t\u00e9 soutenues. Selon leurs propres d\u00e9clarations, les entreprises soutenues par la CTI am\u00e9liorent leur chiffre d'affaires d'environ 50 % dans le domaine des projets soutenus et y ont environ un tiers d'employ\u00e9s et d'exportations en plus.<\/p>\n<p>Du point de vue des partenaires de recherche, l'utilit\u00e9 r\u00e9side principalement dans la mise en r\u00e9seau avec les partenaires \u00e9conomiques et le renforcement des activit\u00e9s de recherche. L'encouragement de la CTI renforce en outre la rel\u00e8ve scientifique par de nouvelles embauches.<\/p>\n<p><b>80% des start-ups labellis\u00e9es sont encore sur le march\u00e9<br \/>\n<\/b>La mise en \u0153uvre du coaching pour les start-ups est \u00e9galement jug\u00e9e transparente et conforme aux objectifs. 80% des start-ups estiment que le coaching est utile. Le groupe cible des start-ups bas\u00e9es sur la science est atteint : plus de la moiti\u00e9 sont des spin-offs de hautes \u00e9coles. Selon l'enqu\u00eate, la notori\u00e9t\u00e9 du coaching pourrait toutefois encore \u00eatre am\u00e9lior\u00e9e : un quart des start-ups interrog\u00e9es d'un groupe de contr\u00f4le ne connaissait pas l'offre de la CTI. En ce qui concerne l'impact du coaching, les effets sont positifs : Le taux de survie des start-up ayant re\u00e7u le label CTI entre 2005 et 2009 est de 80 pour cent. Les 300 start-up admises au coaching pendant la m\u00eame p\u00e9riode ont cr\u00e9\u00e9 environ 1350 emplois \u00e0 temps plein jusqu'en 2016. Environ 15 pour cent des start-ups CTI sont des start-ups \u00e0 croissance rapide.<\/p>\n<p><b>Trois \u00e9valuations externes dans trois domaines<br \/>\n<\/b>La CTI a pour mandat l\u00e9gal de rendre compte de son activit\u00e9 d'encouragement et de fournir des informations sur ses effets \u00e9conomiques. C'est pourquoi elle a command\u00e9 en octobre 2015 trois \u00e9valuations externes et analyses d'impact dans les domaines de l'encouragement des projets R&amp;D, du coaching de l'encouragement des start-up et de la promotion de l'entrepreneuriat. Les mandats ont \u00e9t\u00e9 attribu\u00e9s \u00e0 trois consortiums. Les deux premiers rapports contenant des recommandations \u00e0 l'intention de la CTI sont d\u00e9sormais disponibles, le rapport sur la promotion de l'entrepreneuriat sera publi\u00e9 \u00e0 l'\u00e9t\u00e9 2017. En 2018, les suivis des rapports seront publi\u00e9s avec des r\u00e9sultats actualis\u00e9s sur une plus longue p\u00e9riode.<\/p>\n<p>De son c\u00f4t\u00e9, le Contr\u00f4le f\u00e9d\u00e9ral des finances (CDF) r\u00e9alise, parall\u00e8lement aux analyses d'impact, des \u00e9tudes de cas qualitatives s\u00e9lectionn\u00e9es sur l'encouragement de projets R&amp;D par la CTI.<\/p>\n<p>La CTI a r\u00e9dig\u00e9 des prises de position sur les deux rapports finaux et les recommandations qu'ils contiennent, dans lesquelles elle indique comment classer les conclusions et quelles mesures - \u00e9galement pour Innosuisse qui sera op\u00e9rationnelle \u00e0 partir du 1.1.2018 - en d\u00e9coulent d\u00e9sormais. Les rapports finaux et les prises de position peuvent \u00eatre t\u00e9l\u00e9charg\u00e9s ici : <a href=\"\/\/www.kti.admin.ch\/wirkungsanalyse\">www.kti.admin.ch\/wirkungsanalyse<\/a>.<\/p>\n<p>Texte : CTI<\/p>","protected":false},"excerpt":{"rendered":"<p>Forschungsinstitutionen, Unternehmen und Start-ups stellen der Arbeit der Kommission f\u00fcr Technologie und Innovation KTI weitestgehend ein gutes Zeugnis aus: Ihre Arbeit sei zielf\u00fchrend und unb\u00fcrokratisch, die F&amp;E-Instrumente aufeinander abgestimmt und das Coaching n\u00fctzlich. Bem\u00e4ngelt wird, dass die Angebote der KTI noch zu wenig bekannt seien. Zu diesen Resultaten kommen zwei von der KTI in Auftrag [&hellip;]<\/p>\n","protected":false},"author":1,"featured_media":9488,"comment_status":"closed","ping_status":"closed","sticky":false,"template":"","format":"standard","meta":{"_acf_changed":false,"_yoast_wpseo_focuskw":"Innovationsf\u00f6rderung","_yoast_wpseo_metadesc":"Die F\u00f6rderinstrumente der KTI funktionieren - m\u00fcssen aber noch bekannter werden: Dies zeigen zwei Evaluationen und Wirkungsanalysen zur Innovationsf\u00f6derung.","articlekey":"","footnotes":""},"categories":[580],"tags":[883,218,1416,1571],"class_list":["post-946","post","type-post","status-publish","format-standard","has-post-thumbnail","hentry","category-sustainability","tag-bund","tag-forschung","tag-innovationsfoerderung","tag-kti"],"acf":[],"yoast_head":"<!-- This site is optimized with the Yoast SEO plugin v27.5 - https:\/\/yoast.com\/product\/yoast-seo-wordpress\/ -->\n<title>Innovationsf\u00f6rderung: Gute Noten f\u00fcr die KTI - Organisator<\/title>\n<meta name=\"description\" content=\"Die F\u00f6rderinstrumente der KTI funktionieren - m\u00fcssen aber noch bekannter werden: Dies zeigen zwei Evaluationen und Wirkungsanalysen zur Innovationsf\u00f6derung.\" \/>\n<meta name=\"robots\" content=\"index, follow, max-snippet:-1, max-image-preview:large, max-video-preview:-1\" \/>\n<link rel=\"canonical\" href=\"https:\/\/www.organisator.ch\/fr\/sustainability\/2017-04-18\/innovationsfoerderung-gute-noten-fuer-die-kti\/\" \/>\n<meta property=\"og:locale\" content=\"fr_FR\" \/>\n<meta property=\"og:type\" content=\"article\" \/>\n<meta property=\"og:title\" content=\"Innovationsf\u00f6rderung: Gute Noten f\u00fcr die KTI - Organisator\" \/>\n<meta property=\"og:description\" content=\"Die F\u00f6rderinstrumente der KTI funktionieren - m\u00fcssen aber noch bekannter werden: Dies zeigen zwei Evaluationen und Wirkungsanalysen zur Innovationsf\u00f6derung.\" \/>\n<meta property=\"og:url\" content=\"https:\/\/www.organisator.ch\/fr\/sustainability\/2017-04-18\/innovationsfoerderung-gute-noten-fuer-die-kti\/\" \/>\n<meta property=\"og:site_name\" content=\"Organisator\" \/>\n<meta property=\"article:publisher\" content=\"https:\/\/www.facebook.com\/OrganisatorFachmagazin\" \/>\n<meta property=\"article:published_time\" content=\"2017-04-18T13:30:44+00:00\" \/>\n<meta property=\"article:modified_time\" content=\"2025-06-10T05:59:50+00:00\" \/>\n<meta property=\"og:image\" content=\"https:\/\/www.organisator.ch\/wp-content\/uploads\/2017\/04\/Depositphotos_24868889_l-2015-1024x717.jpg\" \/>\n\t<meta property=\"og:image:width\" content=\"1024\" \/>\n\t<meta property=\"og:image:height\" content=\"717\" \/>\n\t<meta property=\"og:image:type\" content=\"image\/jpeg\" \/>\n<meta name=\"author\" content=\"admin\" \/>\n<meta name=\"twitter:card\" content=\"summary_large_image\" \/>\n<script type=\"application\/ld+json\" class=\"yoast-schema-graph\">{\"@context\":\"https:\\\/\\\/schema.org\",\"@graph\":[{\"@type\":\"Article\",\"@id\":\"https:\\\/\\\/www.organisator.ch\\\/sustainability\\\/2017-04-18\\\/innovationsfoerderung-gute-noten-fuer-die-kti\\\/#article\",\"isPartOf\":{\"@id\":\"https:\\\/\\\/www.organisator.ch\\\/sustainability\\\/2017-04-18\\\/innovationsfoerderung-gute-noten-fuer-die-kti\\\/\"},\"author\":{\"name\":\"admin\",\"@id\":\"https:\\\/\\\/www.organisator.ch\\\/#\\\/schema\\\/person\\\/aa2bace6c5c5aad60102004a50c4eb1c\"},\"headline\":\"Innovationsf\u00f6rderung: Gute Noten f\u00fcr die KTI\",\"datePublished\":\"2017-04-18T13:30:44+00:00\",\"dateModified\":\"2025-06-10T05:59:50+00:00\",\"mainEntityOfPage\":{\"@id\":\"https:\\\/\\\/www.organisator.ch\\\/sustainability\\\/2017-04-18\\\/innovationsfoerderung-gute-noten-fuer-die-kti\\\/\"},\"wordCount\":658,\"publisher\":{\"@id\":\"https:\\\/\\\/www.organisator.ch\\\/#organization\"},\"image\":{\"@id\":\"https:\\\/\\\/www.organisator.ch\\\/sustainability\\\/2017-04-18\\\/innovationsfoerderung-gute-noten-fuer-die-kti\\\/#primaryimage\"},\"thumbnailUrl\":\"https:\\\/\\\/www.organisator.ch\\\/wp-content\\\/uploads\\\/2017\\\/04\\\/Depositphotos_24868889_l-2015.jpg\",\"keywords\":[\"Bund\",\"Forschung\",\"Innovationsf\u00f6rderung\",\"KTI\"],\"articleSection\":[\"SUSTAINABILITY\"],\"inLanguage\":\"fr-FR\"},{\"@type\":\"WebPage\",\"@id\":\"https:\\\/\\\/www.organisator.ch\\\/sustainability\\\/2017-04-18\\\/innovationsfoerderung-gute-noten-fuer-die-kti\\\/\",\"url\":\"https:\\\/\\\/www.organisator.ch\\\/sustainability\\\/2017-04-18\\\/innovationsfoerderung-gute-noten-fuer-die-kti\\\/\",\"name\":\"Innovationsf\u00f6rderung: Gute Noten f\u00fcr die KTI - Organisator\",\"isPartOf\":{\"@id\":\"https:\\\/\\\/www.organisator.ch\\\/#website\"},\"primaryImageOfPage\":{\"@id\":\"https:\\\/\\\/www.organisator.ch\\\/sustainability\\\/2017-04-18\\\/innovationsfoerderung-gute-noten-fuer-die-kti\\\/#primaryimage\"},\"image\":{\"@id\":\"https:\\\/\\\/www.organisator.ch\\\/sustainability\\\/2017-04-18\\\/innovationsfoerderung-gute-noten-fuer-die-kti\\\/#primaryimage\"},\"thumbnailUrl\":\"https:\\\/\\\/www.organisator.ch\\\/wp-content\\\/uploads\\\/2017\\\/04\\\/Depositphotos_24868889_l-2015.jpg\",\"datePublished\":\"2017-04-18T13:30:44+00:00\",\"dateModified\":\"2025-06-10T05:59:50+00:00\",\"description\":\"Die F\u00f6rderinstrumente der KTI funktionieren - m\u00fcssen aber noch bekannter werden: Dies zeigen zwei Evaluationen und Wirkungsanalysen zur Innovationsf\u00f6derung.\",\"breadcrumb\":{\"@id\":\"https:\\\/\\\/www.organisator.ch\\\/sustainability\\\/2017-04-18\\\/innovationsfoerderung-gute-noten-fuer-die-kti\\\/#breadcrumb\"},\"inLanguage\":\"fr-FR\",\"potentialAction\":[{\"@type\":\"ReadAction\",\"target\":[\"https:\\\/\\\/www.organisator.ch\\\/sustainability\\\/2017-04-18\\\/innovationsfoerderung-gute-noten-fuer-die-kti\\\/\"]}]},{\"@type\":\"ImageObject\",\"inLanguage\":\"fr-FR\",\"@id\":\"https:\\\/\\\/www.organisator.ch\\\/sustainability\\\/2017-04-18\\\/innovationsfoerderung-gute-noten-fuer-die-kti\\\/#primaryimage\",\"url\":\"https:\\\/\\\/www.organisator.ch\\\/wp-content\\\/uploads\\\/2017\\\/04\\\/Depositphotos_24868889_l-2015.jpg\",\"contentUrl\":\"https:\\\/\\\/www.organisator.ch\\\/wp-content\\\/uploads\\\/2017\\\/04\\\/Depositphotos_24868889_l-2015.jpg\",\"width\":2000,\"height\":1400,\"caption\":\"Die KTI erh\u00e4lt eine positive Einsch\u00e4tzung - doch zu viele Unternehmen kennen die F\u00f6rderinstrumente nicht.\"},{\"@type\":\"BreadcrumbList\",\"@id\":\"https:\\\/\\\/www.organisator.ch\\\/sustainability\\\/2017-04-18\\\/innovationsfoerderung-gute-noten-fuer-die-kti\\\/#breadcrumb\",\"itemListElement\":[{\"@type\":\"ListItem\",\"position\":1,\"name\":\"Home\",\"item\":\"https:\\\/\\\/www.organisator.ch\\\/\"},{\"@type\":\"ListItem\",\"position\":2,\"name\":\"Innovationsf\u00f6rderung: Gute Noten f\u00fcr die KTI\"}]},{\"@type\":\"WebSite\",\"@id\":\"https:\\\/\\\/www.organisator.ch\\\/#website\",\"url\":\"https:\\\/\\\/www.organisator.ch\\\/\",\"name\":\"Organisator\",\"description\":\"Kompetent. Praxisnah. Der ORGANISATOR bereitet in 10 Ausgaben pro Jahr die wesentlichen Themen f\u00fcr F\u00fchrungskr\u00e4fte von KMU auf.\",\"publisher\":{\"@id\":\"https:\\\/\\\/www.organisator.ch\\\/#organization\"},\"potentialAction\":[{\"@type\":\"SearchAction\",\"target\":{\"@type\":\"EntryPoint\",\"urlTemplate\":\"https:\\\/\\\/www.organisator.ch\\\/?s={search_term_string}\"},\"query-input\":{\"@type\":\"PropertyValueSpecification\",\"valueRequired\":true,\"valueName\":\"search_term_string\"}}],\"inLanguage\":\"fr-FR\"},{\"@type\":\"Organization\",\"@id\":\"https:\\\/\\\/www.organisator.ch\\\/#organization\",\"name\":\"Organisator\",\"url\":\"https:\\\/\\\/www.organisator.ch\\\/\",\"logo\":{\"@type\":\"ImageObject\",\"inLanguage\":\"fr-FR\",\"@id\":\"https:\\\/\\\/www.organisator.ch\\\/#\\\/schema\\\/logo\\\/image\\\/\",\"url\":\"https:\\\/\\\/www.organisator.ch\\\/wp-content\\\/uploads\\\/2022\\\/01\\\/Logo_Organisator_Website.png\",\"contentUrl\":\"https:\\\/\\\/www.organisator.ch\\\/wp-content\\\/uploads\\\/2022\\\/01\\\/Logo_Organisator_Website.png\",\"width\":800,\"height\":77,\"caption\":\"Organisator\"},\"image\":{\"@id\":\"https:\\\/\\\/www.organisator.ch\\\/#\\\/schema\\\/logo\\\/image\\\/\"},\"sameAs\":[\"https:\\\/\\\/www.facebook.com\\\/OrganisatorFachmagazin\",\"https:\\\/\\\/www.linkedin.com\\\/showcase\\\/organisator-das-magazin-fr-kmu\",\"https:\\\/\\\/www.xing.com\\\/news\\\/pages\\\/organisator-ch-695\",\"https:\\\/\\\/www.youtube.com\\\/channel\\\/UCGP2Sq0iWaZwT3BdIAQFYpw\"]},{\"@type\":\"Person\",\"@id\":\"https:\\\/\\\/www.organisator.ch\\\/#\\\/schema\\\/person\\\/aa2bace6c5c5aad60102004a50c4eb1c\",\"name\":\"admin\",\"image\":{\"@type\":\"ImageObject\",\"inLanguage\":\"fr-FR\",\"@id\":\"https:\\\/\\\/secure.gravatar.com\\\/avatar\\\/ae2f4d718e6c49043e314ce431e7e645d646302a24a5ef5a8bc8e3f5a032e319?s=96&d=mm&r=g\",\"url\":\"https:\\\/\\\/secure.gravatar.com\\\/avatar\\\/ae2f4d718e6c49043e314ce431e7e645d646302a24a5ef5a8bc8e3f5a032e319?s=96&d=mm&r=g\",\"contentUrl\":\"https:\\\/\\\/secure.gravatar.com\\\/avatar\\\/ae2f4d718e6c49043e314ce431e7e645d646302a24a5ef5a8bc8e3f5a032e319?s=96&d=mm&r=g\",\"caption\":\"admin\"},\"sameAs\":[\"https:\\\/\\\/www.organisator.ch\"],\"url\":\"https:\\\/\\\/www.organisator.ch\\\/fr\\\/author\\\/admin\\\/\"}]}<\/script>\n<!-- \/ Yoast SEO plugin. -->","yoast_head_json":{"title":"Promotion de l'innovation : de bonnes notes pour la CTI - Organisateur","description":"Les instruments d'encouragement de la CTI fonctionnent - mais doivent \u00eatre encore mieux connus : C'est ce que montrent deux \u00e9valuations et analyses d'impact sur la promotion de l'innovation.","robots":{"index":"index","follow":"follow","max-snippet":"max-snippet:-1","max-image-preview":"max-image-preview:large","max-video-preview":"max-video-preview:-1"},"canonical":"https:\/\/www.organisator.ch\/fr\/sustainability\/2017-04-18\/innovationsfoerderung-gute-noten-fuer-die-kti\/","og_locale":"fr_FR","og_type":"article","og_title":"Innovationsf\u00f6rderung: Gute Noten f\u00fcr die KTI - Organisator","og_description":"Die F\u00f6rderinstrumente der KTI funktionieren - m\u00fcssen aber noch bekannter werden: Dies zeigen zwei Evaluationen und Wirkungsanalysen zur Innovationsf\u00f6derung.","og_url":"https:\/\/www.organisator.ch\/fr\/sustainability\/2017-04-18\/innovationsfoerderung-gute-noten-fuer-die-kti\/","og_site_name":"Organisator","article_publisher":"https:\/\/www.facebook.com\/OrganisatorFachmagazin","article_published_time":"2017-04-18T13:30:44+00:00","article_modified_time":"2025-06-10T05:59:50+00:00","og_image":[{"width":1024,"height":717,"url":"https:\/\/www.organisator.ch\/wp-content\/uploads\/2017\/04\/Depositphotos_24868889_l-2015-1024x717.jpg","type":"image\/jpeg"}],"author":"admin","twitter_card":"summary_large_image","schema":{"@context":"https:\/\/schema.org","@graph":[{"@type":"Article","@id":"https:\/\/www.organisator.ch\/sustainability\/2017-04-18\/innovationsfoerderung-gute-noten-fuer-die-kti\/#article","isPartOf":{"@id":"https:\/\/www.organisator.ch\/sustainability\/2017-04-18\/innovationsfoerderung-gute-noten-fuer-die-kti\/"},"author":{"name":"admin","@id":"https:\/\/www.organisator.ch\/#\/schema\/person\/aa2bace6c5c5aad60102004a50c4eb1c"},"headline":"Innovationsf\u00f6rderung: Gute Noten f\u00fcr die KTI","datePublished":"2017-04-18T13:30:44+00:00","dateModified":"2025-06-10T05:59:50+00:00","mainEntityOfPage":{"@id":"https:\/\/www.organisator.ch\/sustainability\/2017-04-18\/innovationsfoerderung-gute-noten-fuer-die-kti\/"},"wordCount":658,"publisher":{"@id":"https:\/\/www.organisator.ch\/#organization"},"image":{"@id":"https:\/\/www.organisator.ch\/sustainability\/2017-04-18\/innovationsfoerderung-gute-noten-fuer-die-kti\/#primaryimage"},"thumbnailUrl":"https:\/\/www.organisator.ch\/wp-content\/uploads\/2017\/04\/Depositphotos_24868889_l-2015.jpg","keywords":["Bund","Forschung","Innovationsf\u00f6rderung","KTI"],"articleSection":["SUSTAINABILITY"],"inLanguage":"fr-FR"},{"@type":"WebPage","@id":"https:\/\/www.organisator.ch\/sustainability\/2017-04-18\/innovationsfoerderung-gute-noten-fuer-die-kti\/","url":"https:\/\/www.organisator.ch\/sustainability\/2017-04-18\/innovationsfoerderung-gute-noten-fuer-die-kti\/","name":"Promotion de l'innovation : de bonnes notes pour la CTI - Organisateur","isPartOf":{"@id":"https:\/\/www.organisator.ch\/#website"},"primaryImageOfPage":{"@id":"https:\/\/www.organisator.ch\/sustainability\/2017-04-18\/innovationsfoerderung-gute-noten-fuer-die-kti\/#primaryimage"},"image":{"@id":"https:\/\/www.organisator.ch\/sustainability\/2017-04-18\/innovationsfoerderung-gute-noten-fuer-die-kti\/#primaryimage"},"thumbnailUrl":"https:\/\/www.organisator.ch\/wp-content\/uploads\/2017\/04\/Depositphotos_24868889_l-2015.jpg","datePublished":"2017-04-18T13:30:44+00:00","dateModified":"2025-06-10T05:59:50+00:00","description":"Les instruments d'encouragement de la CTI fonctionnent - mais doivent \u00eatre encore mieux connus : C'est ce que montrent deux \u00e9valuations et analyses d'impact sur la promotion de l'innovation.","breadcrumb":{"@id":"https:\/\/www.organisator.ch\/sustainability\/2017-04-18\/innovationsfoerderung-gute-noten-fuer-die-kti\/#breadcrumb"},"inLanguage":"fr-FR","potentialAction":[{"@type":"ReadAction","target":["https:\/\/www.organisator.ch\/sustainability\/2017-04-18\/innovationsfoerderung-gute-noten-fuer-die-kti\/"]}]},{"@type":"ImageObject","inLanguage":"fr-FR","@id":"https:\/\/www.organisator.ch\/sustainability\/2017-04-18\/innovationsfoerderung-gute-noten-fuer-die-kti\/#primaryimage","url":"https:\/\/www.organisator.ch\/wp-content\/uploads\/2017\/04\/Depositphotos_24868889_l-2015.jpg","contentUrl":"https:\/\/www.organisator.ch\/wp-content\/uploads\/2017\/04\/Depositphotos_24868889_l-2015.jpg","width":2000,"height":1400,"caption":"Die KTI erh\u00e4lt eine positive Einsch\u00e4tzung - doch zu viele Unternehmen kennen die F\u00f6rderinstrumente nicht."},{"@type":"BreadcrumbList","@id":"https:\/\/www.organisator.ch\/sustainability\/2017-04-18\/innovationsfoerderung-gute-noten-fuer-die-kti\/#breadcrumb","itemListElement":[{"@type":"ListItem","position":1,"name":"Home","item":"https:\/\/www.organisator.ch\/"},{"@type":"ListItem","position":2,"name":"Innovationsf\u00f6rderung: Gute Noten f\u00fcr die KTI"}]},{"@type":"WebSite","@id":"https:\/\/www.organisator.ch\/#website","url":"https:\/\/www.organisator.ch\/","name":"Organisateur","description":"Comp\u00e9tence et comp\u00e9tence. Proches de la pratique. L'ORGANISATEUR pr\u00e9pare 10 num\u00e9ros par an sur les th\u00e8mes essentiels pour les dirigeants de PME.","publisher":{"@id":"https:\/\/www.organisator.ch\/#organization"},"potentialAction":[{"@type":"SearchAction","target":{"@type":"EntryPoint","urlTemplate":"https:\/\/www.organisator.ch\/?s={search_term_string}"},"query-input":{"@type":"PropertyValueSpecification","valueRequired":true,"valueName":"search_term_string"}}],"inLanguage":"fr-FR"},{"@type":"Organization","@id":"https:\/\/www.organisator.ch\/#organization","name":"Organisateur","url":"https:\/\/www.organisator.ch\/","logo":{"@type":"ImageObject","inLanguage":"fr-FR","@id":"https:\/\/www.organisator.ch\/#\/schema\/logo\/image\/","url":"https:\/\/www.organisator.ch\/wp-content\/uploads\/2022\/01\/Logo_Organisator_Website.png","contentUrl":"https:\/\/www.organisator.ch\/wp-content\/uploads\/2022\/01\/Logo_Organisator_Website.png","width":800,"height":77,"caption":"Organisator"},"image":{"@id":"https:\/\/www.organisator.ch\/#\/schema\/logo\/image\/"},"sameAs":["https:\/\/www.facebook.com\/OrganisatorFachmagazin","https:\/\/www.linkedin.com\/showcase\/organisator-das-magazin-fr-kmu","https:\/\/www.xing.com\/news\/pages\/organisator-ch-695","https:\/\/www.youtube.com\/channel\/UCGP2Sq0iWaZwT3BdIAQFYpw"]},{"@type":"Person","@id":"https:\/\/www.organisator.ch\/#\/schema\/person\/aa2bace6c5c5aad60102004a50c4eb1c","name":"admin","image":{"@type":"ImageObject","inLanguage":"fr-FR","@id":"https:\/\/secure.gravatar.com\/avatar\/ae2f4d718e6c49043e314ce431e7e645d646302a24a5ef5a8bc8e3f5a032e319?s=96&d=mm&r=g","url":"https:\/\/secure.gravatar.com\/avatar\/ae2f4d718e6c49043e314ce431e7e645d646302a24a5ef5a8bc8e3f5a032e319?s=96&d=mm&r=g","contentUrl":"https:\/\/secure.gravatar.com\/avatar\/ae2f4d718e6c49043e314ce431e7e645d646302a24a5ef5a8bc8e3f5a032e319?s=96&d=mm&r=g","caption":"admin"},"sameAs":["https:\/\/www.organisator.ch"],"url":"https:\/\/www.organisator.ch\/fr\/author\/admin\/"}]}},"_links":{"self":[{"href":"https:\/\/www.organisator.ch\/fr\/wp-json\/wp\/v2\/posts\/946","targetHints":{"allow":["GET"]}}],"collection":[{"href":"https:\/\/www.organisator.ch\/fr\/wp-json\/wp\/v2\/posts"}],"about":[{"href":"https:\/\/www.organisator.ch\/fr\/wp-json\/wp\/v2\/types\/post"}],"author":[{"embeddable":true,"href":"https:\/\/www.organisator.ch\/fr\/wp-json\/wp\/v2\/users\/1"}],"replies":[{"embeddable":true,"href":"https:\/\/www.organisator.ch\/fr\/wp-json\/wp\/v2\/comments?post=946"}],"version-history":[{"count":3,"href":"https:\/\/www.organisator.ch\/fr\/wp-json\/wp\/v2\/posts\/946\/revisions"}],"predecessor-version":[{"id":38757,"href":"https:\/\/www.organisator.ch\/fr\/wp-json\/wp\/v2\/posts\/946\/revisions\/38757"}],"wp:featuredmedia":[{"embeddable":true,"href":"https:\/\/www.organisator.ch\/fr\/wp-json\/wp\/v2\/media\/9488"}],"wp:attachment":[{"href":"https:\/\/www.organisator.ch\/fr\/wp-json\/wp\/v2\/media?parent=946"}],"wp:term":[{"taxonomy":"category","embeddable":true,"href":"https:\/\/www.organisator.ch\/fr\/wp-json\/wp\/v2\/categories?post=946"},{"taxonomy":"post_tag","embeddable":true,"href":"https:\/\/www.organisator.ch\/fr\/wp-json\/wp\/v2\/tags?post=946"}],"curies":[{"name":"wp","href":"https:\/\/api.w.org\/{rel}","templated":true}]}}