{"id":950,"date":"2017-04-19T10:44:03","date_gmt":"2017-04-19T08:44:03","guid":{"rendered":"https:\/\/www.umweltperspektiven.ch\/?p=950"},"modified":"2022-02-09T11:06:20","modified_gmt":"2022-02-09T10:06:20","slug":"power-to-heat-anlage-ermoeglicht-negative-regelleistung","status":"publish","type":"post","link":"https:\/\/www.organisator.ch\/fr\/sustainability\/2017-04-19\/power-to-heat-anlage-ermoeglicht-negative-regelleistung\/","title":{"rendered":"Une installation power-to-heat permet une puissance de r\u00e9glage n\u00e9gative"},"content":{"rendered":"<figure id=\"attachment_951\" aria-describedby=\"caption-attachment-951\" style=\"width: 680px\" class=\"wp-caption alignnone\"><img loading=\"lazy\" decoding=\"async\" class=\"size-medium wp-image-951\" src=\"\/\/www.umweltperspektiven.ch\/wp-content\/uploads\/2017\/04\/Power-to-Heat_Alpiq.jpg\" alt=\"\" width=\"680\" height=\"486\" \/><figcaption id=\"caption-attachment-951\" class=\"wp-caption-text\">La production de vapeur est assur\u00e9e dans la chaufferie par deux chaudi\u00e8res \u00e0 \u00e9lectrodes d'une puissance de 11 MW chacune.<br \/>(Photo : Alpiq)<\/figcaption><\/figure>\n<p>Plus l'\u00e9nergie solaire et \u00e9olienne fluctuante est inject\u00e9e dans le r\u00e9seau, plus la probabilit\u00e9 est grande qu'\u00e0 un moment donn\u00e9, la production d'\u00e9lectricit\u00e9 soit sup\u00e9rieure \u00e0 la consommation. Pour utiliser ce surplus, il est possible de recourir \u00e0 des accumulateurs - ou \u00e0 des installations offrant une puissance de r\u00e9glage n\u00e9gative. C'est ce qu'a fait l'entreprise \u00e9nerg\u00e9tique\u00a0<a href=\"\/\/www.alpiq.com\/de\/index.jsp\">Alpiq <\/a>vient d'\u00eatre mise en service pour la premi\u00e8re fois \u00e0 Niederg\u00f6sgen : L'installation Power-to-Heat (P2H) utilise le surplus d'\u00e9lectricit\u00e9 pour produire de la vapeur industrielle dans deux chaudi\u00e8res \u00e0 \u00e9lectrodes d'une puissance \u00e9lectrique de 11 MW chacune.<\/p>\n<p><strong>Contribuer \u00e0 la stabilit\u00e9 du r\u00e9seau<\/strong><\/p>\n<p>Alpiq propose la puissance n\u00e9gative flexible de l'installation Power-to-Heat sur le march\u00e9 de l'\u00e9nergie de r\u00e9glage. Les exploitants du r\u00e9seau de transport utilisent cette puissance pour compenser les diff\u00e9rences entre l'\u00e9lectricit\u00e9 produite et consomm\u00e9e et garantir ainsi la stabilit\u00e9 du r\u00e9seau. Cela offre de nouvelles opportunit\u00e9s commerciales pour le groupe \u00e9nerg\u00e9tique.<\/p>\n<p>L'installation est situ\u00e9e sur le site de la centrale hydro\u00e9lectrique de G\u00f6sgen. Le site est optimal en vue d'une utilisation flexible de l'installation P2H en raison de la proximit\u00e9 de la conduite de vapeur entre la centrale nucl\u00e9aire de G\u00f6sgen et l'usine de papier Model AG ainsi que de la proximit\u00e9 de la centrale hydraulique et de l'infrastructure du r\u00e9seau \u00e9lectrique.<\/p>\n<p>Outre la commercialisation sur le march\u00e9 de l'\u00e9nergie de r\u00e9glage, il existe une possibilit\u00e9 de collaboration avec la Papierfabrik Model AG. L'usine de papier utilise d\u00e9j\u00e0 de la vapeur de processus provenant de la centrale nucl\u00e9aire - mais jusqu'\u00e0 pr\u00e9sent, l'approvisionnement \u00e9tait interrompu pendant la r\u00e9vision annuelle de la centrale nucl\u00e9aire. La nouvelle installation peut d\u00e9sormais y rem\u00e9dier. Elle injecte la vapeur de processus directement dans la conduite de vapeur de chauffage existante.<\/p>\n<p><span style=\"font-size: 10.0pt; font-family: 'Verdana','sans-serif';\">Le c\u0153ur de l'installation, la chaufferie qui abrite les deux g\u00e9n\u00e9rateurs de vapeur, a \u00e9t\u00e9 construit par Alpiq. Les travaux ont commenc\u00e9 d\u00e9but octobre 2016 et ont co\u00fbt\u00e9 environ 6 millions de CHF.<\/span><\/p>","protected":false},"excerpt":{"rendered":"<p>Je mehr fluktuierende Sonnen- und Windenergie ins Netz eingespeist wird, desto h\u00f6her die Wahrscheinlichkeit, dass zu einem bestimmten Zeitpunkt mehr Strom erzeugt als verbraucht wird. Um diesen \u00dcberschuss zu nutzen, bieten sich Speicher an &#8211; oder aber Anlagen, die negative Regelleistung anbieten. Eine solche hat das Energieunternehmen\u00a0Alpiq nun in Niederg\u00f6sgen erstmals in Betrieb genommen: Die [&hellip;]<\/p>\n","protected":false},"author":1,"featured_media":9489,"comment_status":"open","ping_status":"open","sticky":false,"template":"","format":"standard","meta":{"_acf_changed":false,"_yoast_wpseo_focuskw":"Power-to-Heat","_yoast_wpseo_metadesc":"Alpiq nimmt in Niederg\u00f6sgen ihre erste Power-to-Heat-Anlage in Betrieb und kann damit neu negative Regelleistung auf den Energiem\u00e4rkten anbieten.","articlekey":"","footnotes":""},"categories":[580],"tags":[696,584,1940,1995],"class_list":["post-950","post","type-post","status-publish","format-standard","has-post-thumbnail","hentry","category-sustainability","tag-alpiq","tag-energie","tag-power-to-heat","tag-regelenergie"],"acf":[],"yoast_head":"<!-- This site is optimized with the Yoast SEO plugin v27.4 - https:\/\/yoast.com\/product\/yoast-seo-wordpress\/ -->\n<title>Power-to-Heat-Anlage erm\u00f6glicht negative Regelleistung - Organisator<\/title>\n<meta name=\"description\" content=\"Alpiq nimmt in Niederg\u00f6sgen ihre erste Power-to-Heat-Anlage in Betrieb und kann damit neu negative Regelleistung auf den Energiem\u00e4rkten anbieten.\" \/>\n<meta name=\"robots\" content=\"index, follow, max-snippet:-1, max-image-preview:large, max-video-preview:-1\" \/>\n<link rel=\"canonical\" href=\"https:\/\/www.organisator.ch\/fr\/sustainability\/2017-04-19\/power-to-heat-anlage-ermoeglicht-negative-regelleistung\/\" \/>\n<meta property=\"og:locale\" content=\"fr_FR\" \/>\n<meta property=\"og:type\" content=\"article\" \/>\n<meta property=\"og:title\" content=\"Power-to-Heat-Anlage erm\u00f6glicht negative Regelleistung - Organisator\" \/>\n<meta property=\"og:description\" content=\"Alpiq nimmt in Niederg\u00f6sgen ihre erste Power-to-Heat-Anlage in Betrieb und kann damit neu negative Regelleistung auf den Energiem\u00e4rkten anbieten.\" \/>\n<meta property=\"og:url\" content=\"https:\/\/www.organisator.ch\/fr\/sustainability\/2017-04-19\/power-to-heat-anlage-ermoeglicht-negative-regelleistung\/\" \/>\n<meta property=\"og:site_name\" content=\"Organisator\" \/>\n<meta property=\"article:publisher\" content=\"https:\/\/www.facebook.com\/OrganisatorFachmagazin\" \/>\n<meta property=\"article:published_time\" content=\"2017-04-19T08:44:03+00:00\" \/>\n<meta property=\"article:modified_time\" content=\"2022-02-09T10:06:20+00:00\" \/>\n<meta property=\"og:image\" content=\"https:\/\/www.organisator.ch\/wp-content\/uploads\/2017\/04\/Power-to-Heat_Alpiq.jpg\" \/>\n\t<meta property=\"og:image:width\" content=\"700\" \/>\n\t<meta property=\"og:image:height\" content=\"500\" \/>\n\t<meta property=\"og:image:type\" content=\"image\/jpeg\" \/>\n<meta name=\"author\" content=\"admin\" \/>\n<meta name=\"twitter:card\" content=\"summary_large_image\" \/>\n<script type=\"application\/ld+json\" class=\"yoast-schema-graph\">{\"@context\":\"https:\\\/\\\/schema.org\",\"@graph\":[{\"@type\":\"Article\",\"@id\":\"https:\\\/\\\/www.organisator.ch\\\/sustainability\\\/2017-04-19\\\/power-to-heat-anlage-ermoeglicht-negative-regelleistung\\\/#article\",\"isPartOf\":{\"@id\":\"https:\\\/\\\/www.organisator.ch\\\/sustainability\\\/2017-04-19\\\/power-to-heat-anlage-ermoeglicht-negative-regelleistung\\\/\"},\"author\":{\"name\":\"admin\",\"@id\":\"https:\\\/\\\/www.organisator.ch\\\/#\\\/schema\\\/person\\\/aa2bace6c5c5aad60102004a50c4eb1c\"},\"headline\":\"Power-to-Heat-Anlage erm\u00f6glicht negative Regelleistung\",\"datePublished\":\"2017-04-19T08:44:03+00:00\",\"dateModified\":\"2022-02-09T10:06:20+00:00\",\"mainEntityOfPage\":{\"@id\":\"https:\\\/\\\/www.organisator.ch\\\/sustainability\\\/2017-04-19\\\/power-to-heat-anlage-ermoeglicht-negative-regelleistung\\\/\"},\"wordCount\":286,\"commentCount\":0,\"publisher\":{\"@id\":\"https:\\\/\\\/www.organisator.ch\\\/#organization\"},\"image\":{\"@id\":\"https:\\\/\\\/www.organisator.ch\\\/sustainability\\\/2017-04-19\\\/power-to-heat-anlage-ermoeglicht-negative-regelleistung\\\/#primaryimage\"},\"thumbnailUrl\":\"https:\\\/\\\/www.organisator.ch\\\/wp-content\\\/uploads\\\/2017\\\/04\\\/Power-to-Heat_Alpiq.jpg\",\"keywords\":[\"Alpiq\",\"ENERGIE\",\"Power-to-Heat\",\"Regelenergie\"],\"articleSection\":[\"SUSTAINABILITY\"],\"inLanguage\":\"fr-FR\"},{\"@type\":\"WebPage\",\"@id\":\"https:\\\/\\\/www.organisator.ch\\\/sustainability\\\/2017-04-19\\\/power-to-heat-anlage-ermoeglicht-negative-regelleistung\\\/\",\"url\":\"https:\\\/\\\/www.organisator.ch\\\/sustainability\\\/2017-04-19\\\/power-to-heat-anlage-ermoeglicht-negative-regelleistung\\\/\",\"name\":\"Power-to-Heat-Anlage erm\u00f6glicht negative Regelleistung - Organisator\",\"isPartOf\":{\"@id\":\"https:\\\/\\\/www.organisator.ch\\\/#website\"},\"primaryImageOfPage\":{\"@id\":\"https:\\\/\\\/www.organisator.ch\\\/sustainability\\\/2017-04-19\\\/power-to-heat-anlage-ermoeglicht-negative-regelleistung\\\/#primaryimage\"},\"image\":{\"@id\":\"https:\\\/\\\/www.organisator.ch\\\/sustainability\\\/2017-04-19\\\/power-to-heat-anlage-ermoeglicht-negative-regelleistung\\\/#primaryimage\"},\"thumbnailUrl\":\"https:\\\/\\\/www.organisator.ch\\\/wp-content\\\/uploads\\\/2017\\\/04\\\/Power-to-Heat_Alpiq.jpg\",\"datePublished\":\"2017-04-19T08:44:03+00:00\",\"dateModified\":\"2022-02-09T10:06:20+00:00\",\"description\":\"Alpiq nimmt in Niederg\u00f6sgen ihre erste Power-to-Heat-Anlage in Betrieb und kann damit neu negative Regelleistung auf den Energiem\u00e4rkten anbieten.\",\"breadcrumb\":{\"@id\":\"https:\\\/\\\/www.organisator.ch\\\/sustainability\\\/2017-04-19\\\/power-to-heat-anlage-ermoeglicht-negative-regelleistung\\\/#breadcrumb\"},\"inLanguage\":\"fr-FR\",\"potentialAction\":[{\"@type\":\"ReadAction\",\"target\":[\"https:\\\/\\\/www.organisator.ch\\\/sustainability\\\/2017-04-19\\\/power-to-heat-anlage-ermoeglicht-negative-regelleistung\\\/\"]}]},{\"@type\":\"ImageObject\",\"inLanguage\":\"fr-FR\",\"@id\":\"https:\\\/\\\/www.organisator.ch\\\/sustainability\\\/2017-04-19\\\/power-to-heat-anlage-ermoeglicht-negative-regelleistung\\\/#primaryimage\",\"url\":\"https:\\\/\\\/www.organisator.ch\\\/wp-content\\\/uploads\\\/2017\\\/04\\\/Power-to-Heat_Alpiq.jpg\",\"contentUrl\":\"https:\\\/\\\/www.organisator.ch\\\/wp-content\\\/uploads\\\/2017\\\/04\\\/Power-to-Heat_Alpiq.jpg\",\"width\":700,\"height\":500,\"caption\":\"Die Dampferzeugung erfolgt im Kesselhaus durch zwei Elektrodenboiler mit je 11 MW Leistung. (Foto: Alpiq)\"},{\"@type\":\"BreadcrumbList\",\"@id\":\"https:\\\/\\\/www.organisator.ch\\\/sustainability\\\/2017-04-19\\\/power-to-heat-anlage-ermoeglicht-negative-regelleistung\\\/#breadcrumb\",\"itemListElement\":[{\"@type\":\"ListItem\",\"position\":1,\"name\":\"Home\",\"item\":\"https:\\\/\\\/www.organisator.ch\\\/\"},{\"@type\":\"ListItem\",\"position\":2,\"name\":\"Power-to-Heat-Anlage erm\u00f6glicht negative Regelleistung\"}]},{\"@type\":\"WebSite\",\"@id\":\"https:\\\/\\\/www.organisator.ch\\\/#website\",\"url\":\"https:\\\/\\\/www.organisator.ch\\\/\",\"name\":\"Organisator\",\"description\":\"Kompetent. Praxisnah. Der ORGANISATOR bereitet in 10 Ausgaben pro Jahr die wesentlichen Themen f\u00fcr F\u00fchrungskr\u00e4fte von KMU auf.\",\"publisher\":{\"@id\":\"https:\\\/\\\/www.organisator.ch\\\/#organization\"},\"potentialAction\":[{\"@type\":\"SearchAction\",\"target\":{\"@type\":\"EntryPoint\",\"urlTemplate\":\"https:\\\/\\\/www.organisator.ch\\\/?s={search_term_string}\"},\"query-input\":{\"@type\":\"PropertyValueSpecification\",\"valueRequired\":true,\"valueName\":\"search_term_string\"}}],\"inLanguage\":\"fr-FR\"},{\"@type\":\"Organization\",\"@id\":\"https:\\\/\\\/www.organisator.ch\\\/#organization\",\"name\":\"Organisator\",\"url\":\"https:\\\/\\\/www.organisator.ch\\\/\",\"logo\":{\"@type\":\"ImageObject\",\"inLanguage\":\"fr-FR\",\"@id\":\"https:\\\/\\\/www.organisator.ch\\\/#\\\/schema\\\/logo\\\/image\\\/\",\"url\":\"https:\\\/\\\/www.organisator.ch\\\/wp-content\\\/uploads\\\/2022\\\/01\\\/Logo_Organisator_Website.png\",\"contentUrl\":\"https:\\\/\\\/www.organisator.ch\\\/wp-content\\\/uploads\\\/2022\\\/01\\\/Logo_Organisator_Website.png\",\"width\":800,\"height\":77,\"caption\":\"Organisator\"},\"image\":{\"@id\":\"https:\\\/\\\/www.organisator.ch\\\/#\\\/schema\\\/logo\\\/image\\\/\"},\"sameAs\":[\"https:\\\/\\\/www.facebook.com\\\/OrganisatorFachmagazin\",\"https:\\\/\\\/www.linkedin.com\\\/showcase\\\/organisator-das-magazin-fr-kmu\",\"https:\\\/\\\/www.xing.com\\\/news\\\/pages\\\/organisator-ch-695\",\"https:\\\/\\\/www.youtube.com\\\/channel\\\/UCGP2Sq0iWaZwT3BdIAQFYpw\"]},{\"@type\":\"Person\",\"@id\":\"https:\\\/\\\/www.organisator.ch\\\/#\\\/schema\\\/person\\\/aa2bace6c5c5aad60102004a50c4eb1c\",\"name\":\"admin\",\"image\":{\"@type\":\"ImageObject\",\"inLanguage\":\"fr-FR\",\"@id\":\"https:\\\/\\\/secure.gravatar.com\\\/avatar\\\/ae2f4d718e6c49043e314ce431e7e645d646302a24a5ef5a8bc8e3f5a032e319?s=96&d=mm&r=g\",\"url\":\"https:\\\/\\\/secure.gravatar.com\\\/avatar\\\/ae2f4d718e6c49043e314ce431e7e645d646302a24a5ef5a8bc8e3f5a032e319?s=96&d=mm&r=g\",\"contentUrl\":\"https:\\\/\\\/secure.gravatar.com\\\/avatar\\\/ae2f4d718e6c49043e314ce431e7e645d646302a24a5ef5a8bc8e3f5a032e319?s=96&d=mm&r=g\",\"caption\":\"admin\"},\"sameAs\":[\"https:\\\/\\\/www.organisator.ch\"],\"url\":\"https:\\\/\\\/www.organisator.ch\\\/fr\\\/author\\\/admin\\\/\"}]}<\/script>\n<!-- \/ Yoast SEO plugin. -->","yoast_head_json":{"title":"Une installation power-to-heat permet une puissance de r\u00e9glage n\u00e9gative - Organisateur","description":"Alpiq met en service sa premi\u00e8re installation power-to-heat \u00e0 Niederg\u00f6sgen et peut ainsi d\u00e9sormais proposer de la puissance de r\u00e9glage n\u00e9gative sur les march\u00e9s de l'\u00e9nergie.","robots":{"index":"index","follow":"follow","max-snippet":"max-snippet:-1","max-image-preview":"max-image-preview:large","max-video-preview":"max-video-preview:-1"},"canonical":"https:\/\/www.organisator.ch\/fr\/sustainability\/2017-04-19\/power-to-heat-anlage-ermoeglicht-negative-regelleistung\/","og_locale":"fr_FR","og_type":"article","og_title":"Power-to-Heat-Anlage erm\u00f6glicht negative Regelleistung - Organisator","og_description":"Alpiq nimmt in Niederg\u00f6sgen ihre erste Power-to-Heat-Anlage in Betrieb und kann damit neu negative Regelleistung auf den Energiem\u00e4rkten anbieten.","og_url":"https:\/\/www.organisator.ch\/fr\/sustainability\/2017-04-19\/power-to-heat-anlage-ermoeglicht-negative-regelleistung\/","og_site_name":"Organisator","article_publisher":"https:\/\/www.facebook.com\/OrganisatorFachmagazin","article_published_time":"2017-04-19T08:44:03+00:00","article_modified_time":"2022-02-09T10:06:20+00:00","og_image":[{"width":700,"height":500,"url":"https:\/\/www.organisator.ch\/wp-content\/uploads\/2017\/04\/Power-to-Heat_Alpiq.jpg","type":"image\/jpeg"}],"author":"admin","twitter_card":"summary_large_image","schema":{"@context":"https:\/\/schema.org","@graph":[{"@type":"Article","@id":"https:\/\/www.organisator.ch\/sustainability\/2017-04-19\/power-to-heat-anlage-ermoeglicht-negative-regelleistung\/#article","isPartOf":{"@id":"https:\/\/www.organisator.ch\/sustainability\/2017-04-19\/power-to-heat-anlage-ermoeglicht-negative-regelleistung\/"},"author":{"name":"admin","@id":"https:\/\/www.organisator.ch\/#\/schema\/person\/aa2bace6c5c5aad60102004a50c4eb1c"},"headline":"Power-to-Heat-Anlage erm\u00f6glicht negative Regelleistung","datePublished":"2017-04-19T08:44:03+00:00","dateModified":"2022-02-09T10:06:20+00:00","mainEntityOfPage":{"@id":"https:\/\/www.organisator.ch\/sustainability\/2017-04-19\/power-to-heat-anlage-ermoeglicht-negative-regelleistung\/"},"wordCount":286,"commentCount":0,"publisher":{"@id":"https:\/\/www.organisator.ch\/#organization"},"image":{"@id":"https:\/\/www.organisator.ch\/sustainability\/2017-04-19\/power-to-heat-anlage-ermoeglicht-negative-regelleistung\/#primaryimage"},"thumbnailUrl":"https:\/\/www.organisator.ch\/wp-content\/uploads\/2017\/04\/Power-to-Heat_Alpiq.jpg","keywords":["Alpiq","ENERGIE","Power-to-Heat","Regelenergie"],"articleSection":["SUSTAINABILITY"],"inLanguage":"fr-FR"},{"@type":"WebPage","@id":"https:\/\/www.organisator.ch\/sustainability\/2017-04-19\/power-to-heat-anlage-ermoeglicht-negative-regelleistung\/","url":"https:\/\/www.organisator.ch\/sustainability\/2017-04-19\/power-to-heat-anlage-ermoeglicht-negative-regelleistung\/","name":"Une installation power-to-heat permet une puissance de r\u00e9glage n\u00e9gative - Organisateur","isPartOf":{"@id":"https:\/\/www.organisator.ch\/#website"},"primaryImageOfPage":{"@id":"https:\/\/www.organisator.ch\/sustainability\/2017-04-19\/power-to-heat-anlage-ermoeglicht-negative-regelleistung\/#primaryimage"},"image":{"@id":"https:\/\/www.organisator.ch\/sustainability\/2017-04-19\/power-to-heat-anlage-ermoeglicht-negative-regelleistung\/#primaryimage"},"thumbnailUrl":"https:\/\/www.organisator.ch\/wp-content\/uploads\/2017\/04\/Power-to-Heat_Alpiq.jpg","datePublished":"2017-04-19T08:44:03+00:00","dateModified":"2022-02-09T10:06:20+00:00","description":"Alpiq met en service sa premi\u00e8re installation power-to-heat \u00e0 Niederg\u00f6sgen et peut ainsi d\u00e9sormais proposer de la puissance de r\u00e9glage n\u00e9gative sur les march\u00e9s de l'\u00e9nergie.","breadcrumb":{"@id":"https:\/\/www.organisator.ch\/sustainability\/2017-04-19\/power-to-heat-anlage-ermoeglicht-negative-regelleistung\/#breadcrumb"},"inLanguage":"fr-FR","potentialAction":[{"@type":"ReadAction","target":["https:\/\/www.organisator.ch\/sustainability\/2017-04-19\/power-to-heat-anlage-ermoeglicht-negative-regelleistung\/"]}]},{"@type":"ImageObject","inLanguage":"fr-FR","@id":"https:\/\/www.organisator.ch\/sustainability\/2017-04-19\/power-to-heat-anlage-ermoeglicht-negative-regelleistung\/#primaryimage","url":"https:\/\/www.organisator.ch\/wp-content\/uploads\/2017\/04\/Power-to-Heat_Alpiq.jpg","contentUrl":"https:\/\/www.organisator.ch\/wp-content\/uploads\/2017\/04\/Power-to-Heat_Alpiq.jpg","width":700,"height":500,"caption":"Die Dampferzeugung erfolgt im Kesselhaus durch zwei Elektrodenboiler mit je 11 MW Leistung. (Foto: Alpiq)"},{"@type":"BreadcrumbList","@id":"https:\/\/www.organisator.ch\/sustainability\/2017-04-19\/power-to-heat-anlage-ermoeglicht-negative-regelleistung\/#breadcrumb","itemListElement":[{"@type":"ListItem","position":1,"name":"Home","item":"https:\/\/www.organisator.ch\/"},{"@type":"ListItem","position":2,"name":"Power-to-Heat-Anlage erm\u00f6glicht negative Regelleistung"}]},{"@type":"WebSite","@id":"https:\/\/www.organisator.ch\/#website","url":"https:\/\/www.organisator.ch\/","name":"Organisateur","description":"Comp\u00e9tence et comp\u00e9tence. Proches de la pratique. L'ORGANISATEUR pr\u00e9pare 10 num\u00e9ros par an sur les th\u00e8mes essentiels pour les dirigeants de PME.","publisher":{"@id":"https:\/\/www.organisator.ch\/#organization"},"potentialAction":[{"@type":"SearchAction","target":{"@type":"EntryPoint","urlTemplate":"https:\/\/www.organisator.ch\/?s={search_term_string}"},"query-input":{"@type":"PropertyValueSpecification","valueRequired":true,"valueName":"search_term_string"}}],"inLanguage":"fr-FR"},{"@type":"Organization","@id":"https:\/\/www.organisator.ch\/#organization","name":"Organisateur","url":"https:\/\/www.organisator.ch\/","logo":{"@type":"ImageObject","inLanguage":"fr-FR","@id":"https:\/\/www.organisator.ch\/#\/schema\/logo\/image\/","url":"https:\/\/www.organisator.ch\/wp-content\/uploads\/2022\/01\/Logo_Organisator_Website.png","contentUrl":"https:\/\/www.organisator.ch\/wp-content\/uploads\/2022\/01\/Logo_Organisator_Website.png","width":800,"height":77,"caption":"Organisator"},"image":{"@id":"https:\/\/www.organisator.ch\/#\/schema\/logo\/image\/"},"sameAs":["https:\/\/www.facebook.com\/OrganisatorFachmagazin","https:\/\/www.linkedin.com\/showcase\/organisator-das-magazin-fr-kmu","https:\/\/www.xing.com\/news\/pages\/organisator-ch-695","https:\/\/www.youtube.com\/channel\/UCGP2Sq0iWaZwT3BdIAQFYpw"]},{"@type":"Person","@id":"https:\/\/www.organisator.ch\/#\/schema\/person\/aa2bace6c5c5aad60102004a50c4eb1c","name":"admin","image":{"@type":"ImageObject","inLanguage":"fr-FR","@id":"https:\/\/secure.gravatar.com\/avatar\/ae2f4d718e6c49043e314ce431e7e645d646302a24a5ef5a8bc8e3f5a032e319?s=96&d=mm&r=g","url":"https:\/\/secure.gravatar.com\/avatar\/ae2f4d718e6c49043e314ce431e7e645d646302a24a5ef5a8bc8e3f5a032e319?s=96&d=mm&r=g","contentUrl":"https:\/\/secure.gravatar.com\/avatar\/ae2f4d718e6c49043e314ce431e7e645d646302a24a5ef5a8bc8e3f5a032e319?s=96&d=mm&r=g","caption":"admin"},"sameAs":["https:\/\/www.organisator.ch"],"url":"https:\/\/www.organisator.ch\/fr\/author\/admin\/"}]}},"_links":{"self":[{"href":"https:\/\/www.organisator.ch\/fr\/wp-json\/wp\/v2\/posts\/950","targetHints":{"allow":["GET"]}}],"collection":[{"href":"https:\/\/www.organisator.ch\/fr\/wp-json\/wp\/v2\/posts"}],"about":[{"href":"https:\/\/www.organisator.ch\/fr\/wp-json\/wp\/v2\/types\/post"}],"author":[{"embeddable":true,"href":"https:\/\/www.organisator.ch\/fr\/wp-json\/wp\/v2\/users\/1"}],"replies":[{"embeddable":true,"href":"https:\/\/www.organisator.ch\/fr\/wp-json\/wp\/v2\/comments?post=950"}],"version-history":[{"count":1,"href":"https:\/\/www.organisator.ch\/fr\/wp-json\/wp\/v2\/posts\/950\/revisions"}],"predecessor-version":[{"id":10585,"href":"https:\/\/www.organisator.ch\/fr\/wp-json\/wp\/v2\/posts\/950\/revisions\/10585"}],"wp:featuredmedia":[{"embeddable":true,"href":"https:\/\/www.organisator.ch\/fr\/wp-json\/wp\/v2\/media\/9489"}],"wp:attachment":[{"href":"https:\/\/www.organisator.ch\/fr\/wp-json\/wp\/v2\/media?parent=950"}],"wp:term":[{"taxonomy":"category","embeddable":true,"href":"https:\/\/www.organisator.ch\/fr\/wp-json\/wp\/v2\/categories?post=950"},{"taxonomy":"post_tag","embeddable":true,"href":"https:\/\/www.organisator.ch\/fr\/wp-json\/wp\/v2\/tags?post=950"}],"curies":[{"name":"wp","href":"https:\/\/api.w.org\/{rel}","templated":true}]}}