{"id":951,"date":"2016-08-26T08:14:11","date_gmt":"2016-08-26T06:14:11","guid":{"rendered":"http:\/\/dev.organisator.ch\/?p=951"},"modified":"2016-08-26T08:14:11","modified_gmt":"2016-08-26T06:14:11","slug":"unternehmen-mit-sozialem-engagement-bevorzugt","status":"publish","type":"post","link":"https:\/\/www.organisator.ch\/fr\/management\/2016-08-26\/unternehmen-mit-sozialem-engagement-bevorzugt\/","title":{"rendered":"Entreprises avec engagement social privil\u00e9gi\u00e9es"},"content":{"rendered":"<figure id=\"attachment_962\" aria-describedby=\"caption-attachment-962\" style=\"width: 640px\" class=\"wp-caption alignnone\"><img loading=\"lazy\" decoding=\"async\" class=\"size-full wp-image-962\" src=\"https:\/\/www.organisator.ch\/wp-content\/uploads\/2016\/12\/Unternehmen-mit-sozialem-Engagement-bevorzugt-organisator.jpg\" alt=\"\" width=\"640\" height=\"427\" srcset=\"https:\/\/www.organisator.ch\/wp-content\/uploads\/2016\/12\/Unternehmen-mit-sozialem-Engagement-bevorzugt-organisator.jpg 640w, https:\/\/www.organisator.ch\/wp-content\/uploads\/2016\/12\/Unternehmen-mit-sozialem-Engagement-bevorzugt-organisator-16x12.jpg 16w, https:\/\/www.organisator.ch\/wp-content\/uploads\/2016\/12\/Unternehmen-mit-sozialem-Engagement-bevorzugt-organisator-262x175.jpg 262w, https:\/\/www.organisator.ch\/wp-content\/uploads\/2016\/12\/Unternehmen-mit-sozialem-Engagement-bevorzugt-organisator-525x350.jpg 525w, https:\/\/www.organisator.ch\/wp-content\/uploads\/2016\/12\/Unternehmen-mit-sozialem-Engagement-bevorzugt-organisator-300x200.jpg 300w\" sizes=\"auto, (max-width: 640px) 100vw, 640px\" \/><figcaption id=\"caption-attachment-962\" class=\"wp-caption-text\">Une entreprise qui se montre socialement responsable a de meilleures chances aupr\u00e8s des candidats. (Image : Fotolia.com)<\/figcaption><\/figure>\n<p>Selon une nouvelle \u00e9tude men\u00e9e par Regus, le fournisseur de solutions d'espace de travail flexible, les employ\u00e9s du monde entier accordent une grande importance au fait que leur employeur s'engage dans des activit\u00e9s d'int\u00e9r\u00eat g\u00e9n\u00e9ral et dispose d'une strat\u00e9gie de responsabilit\u00e9 sociale d'entreprise. Les participants \u00e0 l'\u00e9tude ont d\u00e9clar\u00e9 qu'entre deux offres d'emploi comparables, ils donneraient la pr\u00e9f\u00e9rence \u00e0 l'employeur dont l'entreprise s'est engag\u00e9e de mani\u00e8re av\u00e9r\u00e9e dans des activit\u00e9s d'int\u00e9r\u00eat g\u00e9n\u00e9ral et a redonn\u00e9 \u00e0 la soci\u00e9t\u00e9.<\/p>\n<p><strong>Les entreprises dot\u00e9es d'une strat\u00e9gie RSE sont mieux plac\u00e9es<\/strong><\/p>\n<p>Pour environ la moiti\u00e9 (46%) des quelque 237 personnes interrog\u00e9es au total, il est important que leur employeur soit actif dans le domaine de l'utilit\u00e9 publique. Pour beaucoup, la responsabilit\u00e9 sociale de l'entreprise est m\u00eame un crit\u00e8re de d\u00e9cision pour le choix du lieu de travail. Pas moins de 42 pour cent d\u00e9clarent qu'entre deux offres d'emploi comparables, ils donneraient la pr\u00e9f\u00e9rence \u00e0 l'employeur qui s'engage le plus socialement. Les entreprises dont l'engagement pour la communaut\u00e9 est av\u00e9r\u00e9 sont donc mieux plac\u00e9es pour attirer et retenir les meilleurs travailleurs.<\/p>\n<p><strong>Principaux r\u00e9sultats de l'\u00e9tude<\/strong><\/p>\n<p>Comme l'a r\u00e9v\u00e9l\u00e9 l'\u00e9tude, un tiers des personnes interrog\u00e9es souhaitent s'engager directement dans les programmes caritatifs de leur entreprise. 19 % souhaitent \u00eatre mieux inform\u00e9s. Si 28 pour cent des personnes interrog\u00e9es appr\u00e9cient les initiatives RSE, pour 19 pour cent, les informations \u00e0 ce sujet sont insuffisantes. 10 % souhaiteraient \u00e0 leur tour \u00eatre mieux inform\u00e9s sur les activit\u00e9s caritatives et les initiatives RSE d'autres \u00e9quipes. Un tiers des personnes interrog\u00e9es estiment que les entreprises de leur secteur devraient s'engager davantage dans le domaine de la RSE (27 %) ou des dons caritatifs (31 %).<\/p>\n<p><strong>Faire participer les collaborateurs \u00e0 des projets d'utilit\u00e9 publique<\/strong><\/p>\n<p>Un porte-parole de Regus a d\u00e9clar\u00e9 : \"Les employ\u00e9s d'aujourd'hui ne sont pas motiv\u00e9s par l'\u00e9go\u00efsme lorsqu'ils expriment clairement qu'ils pr\u00e9f\u00e8rent travailler pour une entreprise qui a fait la preuve de son engagement social. La participation \u00e0 des projets et initiatives caritatifs g\u00e9n\u00e8re l'image positive d'une organisation responsable et contribue en outre \u00e0 ce que les employ\u00e9s soient fiers de leur employeur\". Les entreprises doivent r\u00e9pondre \u00e0 cette volont\u00e9 d'engagement social et s'assurer que les employ\u00e9s connaissent leurs initiatives caritatives et leurs projets de RSE, poursuit Regus. En outre, les travailleurs doivent avoir la possibilit\u00e9 de s'impliquer directement. Les employ\u00e9s qui sont inform\u00e9s des activit\u00e9s philanthropiques de leur employeur ressentent plus d'\u00e9panouissement et de motivation dans leur travail. De plus, les initiatives caritatives offrent \u00e0 la direction et aux employ\u00e9s la possibilit\u00e9 de travailler ensemble pour une bonne cause.<\/p>\n<p><em>Source : <a href=\"http:\/\/www.regus.ch\" target=\"_blank\" rel=\"noreferrer noopener\" data-cke-saved-href=\"http:\/\/www.regus.ch\">Regus<\/a><\/em><\/p>","protected":false},"excerpt":{"rendered":"<p>Laut einer neuen Studie von Regus, dem Anbieter von flexiblen Arbeitsrauml\u00f6sungen, spielt es f\u00fcr Besch\u00e4ftigte \u00fcberall auf der Welt eine gro\u00dfe Rolle, dass ihr Arbeitgeber sich gemeinn\u00fctzig engagiert und \u00fcber eine CSR-Strategie zur sozialen Verantwortung verf\u00fcgt. Die Teilnehmer an der Studie berichten, dass sie bei zwei vergleichbaren Job-Angeboten dem Arbeitgeber den Vorzug geben w\u00fcrden, dessen [&hellip;]<\/p>\n","protected":false},"author":1,"featured_media":962,"comment_status":"open","ping_status":"open","sticky":false,"template":"","format":"standard","meta":{"_acf_changed":false,"_yoast_wpseo_focuskw":"Engagement","_yoast_wpseo_metadesc":"Einer neuen Regus-Studie zufolge legen Besch\u00e4ftigte Wert auf eine CSR-Strategie bzw. auf gemeinn\u00fctziges Engagement ihres Arbeitgebers.","articlekey":"","footnotes":""},"categories":[28],"tags":[335],"class_list":["post-951","post","type-post","status-publish","format-standard","has-post-thumbnail","hentry","category-management","tag-management-und-unternehmensfuehrung"],"acf":[],"yoast_head":"<!-- This site is optimized with the Yoast SEO plugin v27.5 - https:\/\/yoast.com\/product\/yoast-seo-wordpress\/ -->\n<title>Unternehmen mit sozialem Engagement bevorzugt - Organisator<\/title>\n<meta name=\"description\" content=\"Einer neuen Regus-Studie zufolge legen Besch\u00e4ftigte Wert auf eine CSR-Strategie bzw. auf gemeinn\u00fctziges Engagement ihres Arbeitgebers.\" \/>\n<meta name=\"robots\" content=\"index, follow, max-snippet:-1, max-image-preview:large, max-video-preview:-1\" \/>\n<link rel=\"canonical\" href=\"https:\/\/www.organisator.ch\/fr\/gestion-2\/2016-08-26\/unternehmen-mit-sozialem-engagement-bevorzugt\/\" \/>\n<meta property=\"og:locale\" content=\"fr_FR\" \/>\n<meta property=\"og:type\" content=\"article\" \/>\n<meta property=\"og:title\" content=\"Unternehmen mit sozialem Engagement bevorzugt\" \/>\n<meta property=\"og:description\" content=\"Einer neuen Regus-Studie zufolge legen Besch\u00e4ftigte Wert auf eine CSR-Strategie bzw. auf gemeinn\u00fctziges Engagement ihres Arbeitgebers.\" \/>\n<meta property=\"og:url\" content=\"https:\/\/www.organisator.ch\/fr\/gestion-2\/2016-08-26\/unternehmen-mit-sozialem-engagement-bevorzugt\/\" \/>\n<meta property=\"og:site_name\" content=\"Organisator\" \/>\n<meta property=\"article:publisher\" content=\"https:\/\/www.facebook.com\/OrganisatorFachmagazin\" \/>\n<meta property=\"article:published_time\" content=\"2016-08-26T06:14:11+00:00\" \/>\n<meta name=\"author\" content=\"admin\" \/>\n<meta name=\"twitter:card\" content=\"summary_large_image\" \/>\n<meta name=\"twitter:image\" content=\"https:\/\/www.organisator.ch\/wp-content\/uploads\/2016\/12\/Unternehmen-mit-sozialem-Engagement-bevorzugt-organisator.jpg\" \/>\n<script type=\"application\/ld+json\" class=\"yoast-schema-graph\">{\"@context\":\"https:\\\/\\\/schema.org\",\"@graph\":[{\"@type\":\"Article\",\"@id\":\"https:\\\/\\\/www.organisator.ch\\\/management\\\/2016-08-26\\\/unternehmen-mit-sozialem-engagement-bevorzugt\\\/#article\",\"isPartOf\":{\"@id\":\"https:\\\/\\\/www.organisator.ch\\\/management\\\/2016-08-26\\\/unternehmen-mit-sozialem-engagement-bevorzugt\\\/\"},\"author\":{\"name\":\"admin\",\"@id\":\"https:\\\/\\\/www.organisator.ch\\\/#\\\/schema\\\/person\\\/aa2bace6c5c5aad60102004a50c4eb1c\"},\"headline\":\"Unternehmen mit sozialem Engagement bevorzugt\",\"datePublished\":\"2016-08-26T06:14:11+00:00\",\"mainEntityOfPage\":{\"@id\":\"https:\\\/\\\/www.organisator.ch\\\/management\\\/2016-08-26\\\/unternehmen-mit-sozialem-engagement-bevorzugt\\\/\"},\"wordCount\":438,\"commentCount\":0,\"publisher\":{\"@id\":\"https:\\\/\\\/www.organisator.ch\\\/#organization\"},\"image\":{\"@id\":\"https:\\\/\\\/www.organisator.ch\\\/management\\\/2016-08-26\\\/unternehmen-mit-sozialem-engagement-bevorzugt\\\/#primaryimage\"},\"thumbnailUrl\":\"https:\\\/\\\/www.organisator.ch\\\/wp-content\\\/uploads\\\/2016\\\/12\\\/Unternehmen-mit-sozialem-Engagement-bevorzugt-organisator.jpg\",\"keywords\":[\"Management und Unternehmensf\u00fchrung\"],\"articleSection\":[\"MANAGEMENT\"],\"inLanguage\":\"fr-FR\"},{\"@type\":\"WebPage\",\"@id\":\"https:\\\/\\\/www.organisator.ch\\\/management\\\/2016-08-26\\\/unternehmen-mit-sozialem-engagement-bevorzugt\\\/\",\"url\":\"https:\\\/\\\/www.organisator.ch\\\/management\\\/2016-08-26\\\/unternehmen-mit-sozialem-engagement-bevorzugt\\\/\",\"name\":\"Unternehmen mit sozialem Engagement bevorzugt - Organisator\",\"isPartOf\":{\"@id\":\"https:\\\/\\\/www.organisator.ch\\\/#website\"},\"primaryImageOfPage\":{\"@id\":\"https:\\\/\\\/www.organisator.ch\\\/management\\\/2016-08-26\\\/unternehmen-mit-sozialem-engagement-bevorzugt\\\/#primaryimage\"},\"image\":{\"@id\":\"https:\\\/\\\/www.organisator.ch\\\/management\\\/2016-08-26\\\/unternehmen-mit-sozialem-engagement-bevorzugt\\\/#primaryimage\"},\"thumbnailUrl\":\"https:\\\/\\\/www.organisator.ch\\\/wp-content\\\/uploads\\\/2016\\\/12\\\/Unternehmen-mit-sozialem-Engagement-bevorzugt-organisator.jpg\",\"datePublished\":\"2016-08-26T06:14:11+00:00\",\"description\":\"Einer neuen Regus-Studie zufolge legen Besch\u00e4ftigte Wert auf eine CSR-Strategie bzw. auf gemeinn\u00fctziges Engagement ihres Arbeitgebers.\",\"breadcrumb\":{\"@id\":\"https:\\\/\\\/www.organisator.ch\\\/management\\\/2016-08-26\\\/unternehmen-mit-sozialem-engagement-bevorzugt\\\/#breadcrumb\"},\"inLanguage\":\"fr-FR\",\"potentialAction\":[{\"@type\":\"ReadAction\",\"target\":[\"https:\\\/\\\/www.organisator.ch\\\/management\\\/2016-08-26\\\/unternehmen-mit-sozialem-engagement-bevorzugt\\\/\"]}]},{\"@type\":\"ImageObject\",\"inLanguage\":\"fr-FR\",\"@id\":\"https:\\\/\\\/www.organisator.ch\\\/management\\\/2016-08-26\\\/unternehmen-mit-sozialem-engagement-bevorzugt\\\/#primaryimage\",\"url\":\"https:\\\/\\\/www.organisator.ch\\\/wp-content\\\/uploads\\\/2016\\\/12\\\/Unternehmen-mit-sozialem-Engagement-bevorzugt-organisator.jpg\",\"contentUrl\":\"https:\\\/\\\/www.organisator.ch\\\/wp-content\\\/uploads\\\/2016\\\/12\\\/Unternehmen-mit-sozialem-Engagement-bevorzugt-organisator.jpg\",\"width\":640,\"height\":427,\"caption\":\"Wer als Unternehmen sich sozial verantwortlich zeigt, hat bei Bewerbern bessere Chancen. (Bild: Fotolia.com)\"},{\"@type\":\"BreadcrumbList\",\"@id\":\"https:\\\/\\\/www.organisator.ch\\\/management\\\/2016-08-26\\\/unternehmen-mit-sozialem-engagement-bevorzugt\\\/#breadcrumb\",\"itemListElement\":[{\"@type\":\"ListItem\",\"position\":1,\"name\":\"Home\",\"item\":\"https:\\\/\\\/www.organisator.ch\\\/\"},{\"@type\":\"ListItem\",\"position\":2,\"name\":\"Unternehmen mit sozialem Engagement bevorzugt\"}]},{\"@type\":\"WebSite\",\"@id\":\"https:\\\/\\\/www.organisator.ch\\\/#website\",\"url\":\"https:\\\/\\\/www.organisator.ch\\\/\",\"name\":\"Organisator\",\"description\":\"Kompetent. Praxisnah. Der ORGANISATOR bereitet in 10 Ausgaben pro Jahr die wesentlichen Themen f\u00fcr F\u00fchrungskr\u00e4fte von KMU auf.\",\"publisher\":{\"@id\":\"https:\\\/\\\/www.organisator.ch\\\/#organization\"},\"potentialAction\":[{\"@type\":\"SearchAction\",\"target\":{\"@type\":\"EntryPoint\",\"urlTemplate\":\"https:\\\/\\\/www.organisator.ch\\\/?s={search_term_string}\"},\"query-input\":{\"@type\":\"PropertyValueSpecification\",\"valueRequired\":true,\"valueName\":\"search_term_string\"}}],\"inLanguage\":\"fr-FR\"},{\"@type\":\"Organization\",\"@id\":\"https:\\\/\\\/www.organisator.ch\\\/#organization\",\"name\":\"Organisator\",\"url\":\"https:\\\/\\\/www.organisator.ch\\\/\",\"logo\":{\"@type\":\"ImageObject\",\"inLanguage\":\"fr-FR\",\"@id\":\"https:\\\/\\\/www.organisator.ch\\\/#\\\/schema\\\/logo\\\/image\\\/\",\"url\":\"https:\\\/\\\/www.organisator.ch\\\/wp-content\\\/uploads\\\/2022\\\/01\\\/Logo_Organisator_Website.png\",\"contentUrl\":\"https:\\\/\\\/www.organisator.ch\\\/wp-content\\\/uploads\\\/2022\\\/01\\\/Logo_Organisator_Website.png\",\"width\":800,\"height\":77,\"caption\":\"Organisator\"},\"image\":{\"@id\":\"https:\\\/\\\/www.organisator.ch\\\/#\\\/schema\\\/logo\\\/image\\\/\"},\"sameAs\":[\"https:\\\/\\\/www.facebook.com\\\/OrganisatorFachmagazin\",\"https:\\\/\\\/www.linkedin.com\\\/showcase\\\/organisator-das-magazin-fr-kmu\",\"https:\\\/\\\/www.xing.com\\\/news\\\/pages\\\/organisator-ch-695\",\"https:\\\/\\\/www.youtube.com\\\/channel\\\/UCGP2Sq0iWaZwT3BdIAQFYpw\"]},{\"@type\":\"Person\",\"@id\":\"https:\\\/\\\/www.organisator.ch\\\/#\\\/schema\\\/person\\\/aa2bace6c5c5aad60102004a50c4eb1c\",\"name\":\"admin\",\"image\":{\"@type\":\"ImageObject\",\"inLanguage\":\"fr-FR\",\"@id\":\"https:\\\/\\\/secure.gravatar.com\\\/avatar\\\/ae2f4d718e6c49043e314ce431e7e645d646302a24a5ef5a8bc8e3f5a032e319?s=96&d=mm&r=g\",\"url\":\"https:\\\/\\\/secure.gravatar.com\\\/avatar\\\/ae2f4d718e6c49043e314ce431e7e645d646302a24a5ef5a8bc8e3f5a032e319?s=96&d=mm&r=g\",\"contentUrl\":\"https:\\\/\\\/secure.gravatar.com\\\/avatar\\\/ae2f4d718e6c49043e314ce431e7e645d646302a24a5ef5a8bc8e3f5a032e319?s=96&d=mm&r=g\",\"caption\":\"admin\"},\"sameAs\":[\"https:\\\/\\\/www.organisator.ch\"],\"url\":\"https:\\\/\\\/www.organisator.ch\\\/fr\\\/author\\\/admin\\\/\"}]}<\/script>\n<!-- \/ Yoast SEO plugin. -->","yoast_head_json":{"title":"Entreprises avec engagement social pr\u00e9f\u00e9r\u00e9es - Organisateur","description":"Selon une nouvelle \u00e9tude de Regus, les employ\u00e9s attachent de l'importance \u00e0 une strat\u00e9gie de RSE ou \u00e0 un engagement communautaire de la part de leur employeur.","robots":{"index":"index","follow":"follow","max-snippet":"max-snippet:-1","max-image-preview":"max-image-preview:large","max-video-preview":"max-video-preview:-1"},"canonical":"https:\/\/www.organisator.ch\/fr\/gestion-2\/2016-08-26\/unternehmen-mit-sozialem-engagement-bevorzugt\/","og_locale":"fr_FR","og_type":"article","og_title":"Unternehmen mit sozialem Engagement bevorzugt","og_description":"Einer neuen Regus-Studie zufolge legen Besch\u00e4ftigte Wert auf eine CSR-Strategie bzw. auf gemeinn\u00fctziges Engagement ihres Arbeitgebers.","og_url":"https:\/\/www.organisator.ch\/fr\/gestion-2\/2016-08-26\/unternehmen-mit-sozialem-engagement-bevorzugt\/","og_site_name":"Organisator","article_publisher":"https:\/\/www.facebook.com\/OrganisatorFachmagazin","article_published_time":"2016-08-26T06:14:11+00:00","author":"admin","twitter_card":"summary_large_image","twitter_image":"https:\/\/www.organisator.ch\/wp-content\/uploads\/2016\/12\/Unternehmen-mit-sozialem-Engagement-bevorzugt-organisator.jpg","schema":{"@context":"https:\/\/schema.org","@graph":[{"@type":"Article","@id":"https:\/\/www.organisator.ch\/management\/2016-08-26\/unternehmen-mit-sozialem-engagement-bevorzugt\/#article","isPartOf":{"@id":"https:\/\/www.organisator.ch\/management\/2016-08-26\/unternehmen-mit-sozialem-engagement-bevorzugt\/"},"author":{"name":"admin","@id":"https:\/\/www.organisator.ch\/#\/schema\/person\/aa2bace6c5c5aad60102004a50c4eb1c"},"headline":"Unternehmen mit sozialem Engagement bevorzugt","datePublished":"2016-08-26T06:14:11+00:00","mainEntityOfPage":{"@id":"https:\/\/www.organisator.ch\/management\/2016-08-26\/unternehmen-mit-sozialem-engagement-bevorzugt\/"},"wordCount":438,"commentCount":0,"publisher":{"@id":"https:\/\/www.organisator.ch\/#organization"},"image":{"@id":"https:\/\/www.organisator.ch\/management\/2016-08-26\/unternehmen-mit-sozialem-engagement-bevorzugt\/#primaryimage"},"thumbnailUrl":"https:\/\/www.organisator.ch\/wp-content\/uploads\/2016\/12\/Unternehmen-mit-sozialem-Engagement-bevorzugt-organisator.jpg","keywords":["Management und Unternehmensf\u00fchrung"],"articleSection":["MANAGEMENT"],"inLanguage":"fr-FR"},{"@type":"WebPage","@id":"https:\/\/www.organisator.ch\/management\/2016-08-26\/unternehmen-mit-sozialem-engagement-bevorzugt\/","url":"https:\/\/www.organisator.ch\/management\/2016-08-26\/unternehmen-mit-sozialem-engagement-bevorzugt\/","name":"Entreprises avec engagement social pr\u00e9f\u00e9r\u00e9es - Organisateur","isPartOf":{"@id":"https:\/\/www.organisator.ch\/#website"},"primaryImageOfPage":{"@id":"https:\/\/www.organisator.ch\/management\/2016-08-26\/unternehmen-mit-sozialem-engagement-bevorzugt\/#primaryimage"},"image":{"@id":"https:\/\/www.organisator.ch\/management\/2016-08-26\/unternehmen-mit-sozialem-engagement-bevorzugt\/#primaryimage"},"thumbnailUrl":"https:\/\/www.organisator.ch\/wp-content\/uploads\/2016\/12\/Unternehmen-mit-sozialem-Engagement-bevorzugt-organisator.jpg","datePublished":"2016-08-26T06:14:11+00:00","description":"Selon une nouvelle \u00e9tude de Regus, les employ\u00e9s attachent de l'importance \u00e0 une strat\u00e9gie de RSE ou \u00e0 un engagement communautaire de la part de leur employeur.","breadcrumb":{"@id":"https:\/\/www.organisator.ch\/management\/2016-08-26\/unternehmen-mit-sozialem-engagement-bevorzugt\/#breadcrumb"},"inLanguage":"fr-FR","potentialAction":[{"@type":"ReadAction","target":["https:\/\/www.organisator.ch\/management\/2016-08-26\/unternehmen-mit-sozialem-engagement-bevorzugt\/"]}]},{"@type":"ImageObject","inLanguage":"fr-FR","@id":"https:\/\/www.organisator.ch\/management\/2016-08-26\/unternehmen-mit-sozialem-engagement-bevorzugt\/#primaryimage","url":"https:\/\/www.organisator.ch\/wp-content\/uploads\/2016\/12\/Unternehmen-mit-sozialem-Engagement-bevorzugt-organisator.jpg","contentUrl":"https:\/\/www.organisator.ch\/wp-content\/uploads\/2016\/12\/Unternehmen-mit-sozialem-Engagement-bevorzugt-organisator.jpg","width":640,"height":427,"caption":"Wer als Unternehmen sich sozial verantwortlich zeigt, hat bei Bewerbern bessere Chancen. (Bild: Fotolia.com)"},{"@type":"BreadcrumbList","@id":"https:\/\/www.organisator.ch\/management\/2016-08-26\/unternehmen-mit-sozialem-engagement-bevorzugt\/#breadcrumb","itemListElement":[{"@type":"ListItem","position":1,"name":"Home","item":"https:\/\/www.organisator.ch\/"},{"@type":"ListItem","position":2,"name":"Unternehmen mit sozialem Engagement bevorzugt"}]},{"@type":"WebSite","@id":"https:\/\/www.organisator.ch\/#website","url":"https:\/\/www.organisator.ch\/","name":"Organisateur","description":"Comp\u00e9tence et comp\u00e9tence. Proches de la pratique. L'ORGANISATEUR pr\u00e9pare 10 num\u00e9ros par an sur les th\u00e8mes essentiels pour les dirigeants de PME.","publisher":{"@id":"https:\/\/www.organisator.ch\/#organization"},"potentialAction":[{"@type":"SearchAction","target":{"@type":"EntryPoint","urlTemplate":"https:\/\/www.organisator.ch\/?s={search_term_string}"},"query-input":{"@type":"PropertyValueSpecification","valueRequired":true,"valueName":"search_term_string"}}],"inLanguage":"fr-FR"},{"@type":"Organization","@id":"https:\/\/www.organisator.ch\/#organization","name":"Organisateur","url":"https:\/\/www.organisator.ch\/","logo":{"@type":"ImageObject","inLanguage":"fr-FR","@id":"https:\/\/www.organisator.ch\/#\/schema\/logo\/image\/","url":"https:\/\/www.organisator.ch\/wp-content\/uploads\/2022\/01\/Logo_Organisator_Website.png","contentUrl":"https:\/\/www.organisator.ch\/wp-content\/uploads\/2022\/01\/Logo_Organisator_Website.png","width":800,"height":77,"caption":"Organisator"},"image":{"@id":"https:\/\/www.organisator.ch\/#\/schema\/logo\/image\/"},"sameAs":["https:\/\/www.facebook.com\/OrganisatorFachmagazin","https:\/\/www.linkedin.com\/showcase\/organisator-das-magazin-fr-kmu","https:\/\/www.xing.com\/news\/pages\/organisator-ch-695","https:\/\/www.youtube.com\/channel\/UCGP2Sq0iWaZwT3BdIAQFYpw"]},{"@type":"Person","@id":"https:\/\/www.organisator.ch\/#\/schema\/person\/aa2bace6c5c5aad60102004a50c4eb1c","name":"admin","image":{"@type":"ImageObject","inLanguage":"fr-FR","@id":"https:\/\/secure.gravatar.com\/avatar\/ae2f4d718e6c49043e314ce431e7e645d646302a24a5ef5a8bc8e3f5a032e319?s=96&d=mm&r=g","url":"https:\/\/secure.gravatar.com\/avatar\/ae2f4d718e6c49043e314ce431e7e645d646302a24a5ef5a8bc8e3f5a032e319?s=96&d=mm&r=g","contentUrl":"https:\/\/secure.gravatar.com\/avatar\/ae2f4d718e6c49043e314ce431e7e645d646302a24a5ef5a8bc8e3f5a032e319?s=96&d=mm&r=g","caption":"admin"},"sameAs":["https:\/\/www.organisator.ch"],"url":"https:\/\/www.organisator.ch\/fr\/author\/admin\/"}]}},"_links":{"self":[{"href":"https:\/\/www.organisator.ch\/fr\/wp-json\/wp\/v2\/posts\/951","targetHints":{"allow":["GET"]}}],"collection":[{"href":"https:\/\/www.organisator.ch\/fr\/wp-json\/wp\/v2\/posts"}],"about":[{"href":"https:\/\/www.organisator.ch\/fr\/wp-json\/wp\/v2\/types\/post"}],"author":[{"embeddable":true,"href":"https:\/\/www.organisator.ch\/fr\/wp-json\/wp\/v2\/users\/1"}],"replies":[{"embeddable":true,"href":"https:\/\/www.organisator.ch\/fr\/wp-json\/wp\/v2\/comments?post=951"}],"version-history":[{"count":0,"href":"https:\/\/www.organisator.ch\/fr\/wp-json\/wp\/v2\/posts\/951\/revisions"}],"wp:featuredmedia":[{"embeddable":true,"href":"https:\/\/www.organisator.ch\/fr\/wp-json\/wp\/v2\/media\/962"}],"wp:attachment":[{"href":"https:\/\/www.organisator.ch\/fr\/wp-json\/wp\/v2\/media?parent=951"}],"wp:term":[{"taxonomy":"category","embeddable":true,"href":"https:\/\/www.organisator.ch\/fr\/wp-json\/wp\/v2\/categories?post=951"},{"taxonomy":"post_tag","embeddable":true,"href":"https:\/\/www.organisator.ch\/fr\/wp-json\/wp\/v2\/tags?post=951"}],"curies":[{"name":"wp","href":"https:\/\/api.w.org\/{rel}","templated":true}]}}