{"id":971,"date":"2016-07-20T08:18:00","date_gmt":"2016-07-20T06:18:00","guid":{"rendered":"http:\/\/dev.organisator.ch\/?p=971"},"modified":"2016-07-20T08:18:00","modified_gmt":"2016-07-20T06:18:00","slug":"suisseemex16-short-learning-sessions-mit-neuem-vip-wissens-ticket","status":"publish","type":"post","link":"https:\/\/www.organisator.ch\/fr\/allgemein\/2016-07-20\/suisseemex16-short-learning-sessions-mit-neuem-vip-wissens-ticket\/","title":{"rendered":"SuisseEMEX'16 : Short Learning Sessions avec le nouveau billet de savoir VIP"},"content":{"rendered":"<p><img loading=\"lazy\" decoding=\"async\" class=\"alignnone size-full wp-image-973\" src=\"https:\/\/www.organisator.ch\/wp-content\/uploads\/2016\/12\/SuisseEMEX16-Short-Learning-Sessions-mit-neuem-VIP-Wissens-Ticket-organisator.jpg\" alt=\"\" width=\"640\" height=\"426\" srcset=\"https:\/\/www.organisator.ch\/wp-content\/uploads\/2016\/12\/SuisseEMEX16-Short-Learning-Sessions-mit-neuem-VIP-Wissens-Ticket-organisator.jpg 640w, https:\/\/www.organisator.ch\/wp-content\/uploads\/2016\/12\/SuisseEMEX16-Short-Learning-Sessions-mit-neuem-VIP-Wissens-Ticket-organisator-16x12.jpg 16w, https:\/\/www.organisator.ch\/wp-content\/uploads\/2016\/12\/SuisseEMEX16-Short-Learning-Sessions-mit-neuem-VIP-Wissens-Ticket-organisator-263x175.jpg 263w, https:\/\/www.organisator.ch\/wp-content\/uploads\/2016\/12\/SuisseEMEX16-Short-Learning-Sessions-mit-neuem-VIP-Wissens-Ticket-organisator-526x350.jpg 526w, https:\/\/www.organisator.ch\/wp-content\/uploads\/2016\/12\/SuisseEMEX16-Short-Learning-Sessions-mit-neuem-VIP-Wissens-Ticket-organisator-300x200.jpg 300w\" sizes=\"auto, (max-width: 640px) 100vw, 640px\" \/><\/p>\n<p>Dans le World of Digital Business (hall 6), la transformation num\u00e9rique et ses cons\u00e9quences pour le marketing seront pr\u00e9sent\u00e9es dans des espaces sp\u00e9ciaux, des conf\u00e9rences, des offres de formation continue, des visites guid\u00e9es et des entretiens personnels avec des experts. Parmi les points forts, on trouve notamment le Digital Competence Park, qui s'adresse \u00e0 tous les visiteurs avec des pr\u00e9sentations de 15 minutes. <em>Sessions d'apprentissage court<\/em> s'adresse sp\u00e9cialement aux d\u00e9cideurs. Les th\u00e8mes vont de <em>Gestion coh\u00e9rente de la marque<\/em> et<em> Conseils pratiques sur le marketing automation<\/em> sur le <em>Gestion des prospects <\/em>jusqu'\u00e0 la <em>Automatisation des ventes<\/em>.<\/p>\n<p><strong>Comment r\u00e9ussir \u00e0 faire de la publicit\u00e9 sur Google et avec le contenu YouTube ?<\/strong><br \/>\nDans le cadre de la SEA Academy avec Google, vous apprendrez tout ce qu'il faut savoir sur la cr\u00e9ation programmatique, les strat\u00e9gies de contenu et de distribution YouTube, la recherche de trafic et la g\u00e9n\u00e9ration de leads dans le cadre d'ateliers pratiques et ax\u00e9s sur les solutions, anim\u00e9s entre autres par des sp\u00e9cialistes de Google.<\/p>\n<p>Assurez-vous d\u00e8s maintenant votre <a href=\"http:\/\/www.suisse-emex.ch\/besucher\/neu-vip-wissens-ticket\/\" target=\"_blank\" data-cke-saved-href=\"http:\/\/www.suisse-emex.ch\/besucher\/neu-vip-wissens-ticket\/\" rel=\"noopener\">Tirage de connaissances VIP<\/a>t pour CHF 50.00\/jour et profitez de<\/p>\n<ul>\n<li>Acc\u00e8s au salon VIP avec snacks &amp; boissons gratuits<\/li>\n<li>places r\u00e9serv\u00e9es dans les forums jusqu'\u00e0 10 minutes avant le d\u00e9but de l'expos\u00e9<\/li>\n<li>Acc\u00e8s aux Short Learning Sessions<\/li>\n<li>Acc\u00e8s au lot d'ouverture du Marketing Forum le mardi 30 ao\u00fbt 2016<\/li>\n<li>un essai exclusif du simulateur Evotek F1<\/li>\n<\/ul>\n<p>P.S. : \"Boostez votre marque ! Il a encore des stands d'experts et des actions promotionnelles <a href=\"http:\/\/www.suisse-emex.ch\/spezialangebote\/\" target=\"_blank\" data-cke-saved-href=\"http:\/\/www.suisse-emex.ch\/spezialangebote\/\" rel=\"noopener\">\u00e0 des prix et conditions attractifs<\/a> libre ! Nous vous conseillons volontiers pour que vous puissiez g\u00e9n\u00e9rer de nouveaux contacts et des leads de qualit\u00e9. 15'000 visiteurs sont attendus !<\/p>\n<p><a href=\"http:\/\/www.suisse-emex.ch\" target=\"_blank\" data-cke-saved-href=\"http:\/\/www.suisse-emex.ch\" rel=\"noopener\">www.suisse-emex.ch<\/a><\/p>\n<p>&nbsp;<\/p>","protected":false},"excerpt":{"rendered":"<p>In der World of Digital Business (Halle 6) wird die digitale Transformation und ihre Folgen f\u00fcr das Marketing in Spezialbereichen, Vortr\u00e4gen, Weiterbildungsangeboten, gef\u00fchrten Touren und pers\u00f6nlichen Expertengespr\u00e4chen erlebbar gemacht. Zu den Highlights z\u00e4hlen u.a. der Digital Competence Park, der sich mit 15-min\u00fctigen Short Learning Sessions speziell an Entscheider richtet. Die Themen reichen von Consistent Brandmanagement [&hellip;]<\/p>\n","protected":false},"author":1,"featured_media":973,"comment_status":"open","ping_status":"open","sticky":false,"template":"","format":"standard","meta":{"_acf_changed":false,"_yoast_wpseo_focuskw":"Short Learning Sessions","_yoast_wpseo_metadesc":"SuisseEMEX' 16 Short Learning Sessions: Profitieren Sie von spezifischem Expertenwissen und hochkar\u00e4tigen Wissensprogrammen!","articlekey":"","footnotes":""},"categories":[1],"tags":[469],"class_list":["post-971","post","type-post","status-publish","format-standard","has-post-thumbnail","hentry","category-allgemein","tag-tagungen-events"],"acf":[],"yoast_head":"<!-- This site is optimized with the Yoast SEO plugin v27.5 - https:\/\/yoast.com\/product\/yoast-seo-wordpress\/ -->\n<title>SuisseEMEX\u201916: Short Learning Sessions mit neuem VIP-Wissens-Ticket - Organisator<\/title>\n<meta name=\"description\" content=\"SuisseEMEX&#039; 16 Short Learning Sessions: Profitieren Sie von spezifischem Expertenwissen und hochkar\u00e4tigen Wissensprogrammen!\" \/>\n<meta name=\"robots\" content=\"index, follow, max-snippet:-1, max-image-preview:large, max-video-preview:-1\" \/>\n<link rel=\"canonical\" href=\"https:\/\/www.organisator.ch\/fr\/general\/2016-07-20\/suisseemex16-short-learning-sessions-mit-neuem-vip-wissens-ticket\/\" \/>\n<meta property=\"og:locale\" content=\"fr_FR\" \/>\n<meta property=\"og:type\" content=\"article\" \/>\n<meta property=\"og:title\" content=\"SuisseEMEX\u201916: Short Learning Sessions mit neuem VIP-Wissens-Ticket\" \/>\n<meta property=\"og:description\" content=\"Am gr\u00f6ssten Schweizer Marketing Happening mit engagierten Partnern und Ausstellern wird deutlich, welche technologischen und organisatorischen Anpassungen Unternehmen und Marken jetzt leisten m\u00fcssen, um sich in Zukunft erfolgreich zu positionieren. Profitieren Sie von spezifischem Expertenwissen und hochkar\u00e4tigen Wissensprogrammen!\" \/>\n<meta property=\"og:url\" content=\"https:\/\/www.organisator.ch\/fr\/general\/2016-07-20\/suisseemex16-short-learning-sessions-mit-neuem-vip-wissens-ticket\/\" \/>\n<meta property=\"og:site_name\" content=\"Organisator\" \/>\n<meta property=\"article:publisher\" content=\"https:\/\/www.facebook.com\/OrganisatorFachmagazin\" \/>\n<meta property=\"article:published_time\" content=\"2016-07-20T06:18:00+00:00\" \/>\n<meta name=\"author\" content=\"admin\" \/>\n<meta name=\"twitter:card\" content=\"summary_large_image\" \/>\n<meta name=\"twitter:image\" content=\"https:\/\/www.organisator.ch\/wp-content\/uploads\/2016\/12\/SuisseEMEX16-Short-Learning-Sessions-mit-neuem-VIP-Wissens-Ticket-organisator.jpg\" \/>\n<script type=\"application\/ld+json\" class=\"yoast-schema-graph\">{\"@context\":\"https:\\\/\\\/schema.org\",\"@graph\":[{\"@type\":\"Article\",\"@id\":\"https:\\\/\\\/www.organisator.ch\\\/fr\\\/general\\\/2016-07-20\\\/suisseemex16-short-learning-sessions-mit-neuem-vip-wissens-ticket\\\/#article\",\"isPartOf\":{\"@id\":\"https:\\\/\\\/www.organisator.ch\\\/fr\\\/general\\\/2016-07-20\\\/suisseemex16-short-learning-sessions-mit-neuem-vip-wissens-ticket\\\/\"},\"author\":{\"name\":\"admin\",\"@id\":\"https:\\\/\\\/www.organisator.ch\\\/#\\\/schema\\\/person\\\/aa2bace6c5c5aad60102004a50c4eb1c\"},\"headline\":\"SuisseEMEX\u201916: Short Learning Sessions mit neuem VIP-Wissens-Ticket\",\"datePublished\":\"2016-07-20T06:18:00+00:00\",\"mainEntityOfPage\":{\"@id\":\"https:\\\/\\\/www.organisator.ch\\\/fr\\\/general\\\/2016-07-20\\\/suisseemex16-short-learning-sessions-mit-neuem-vip-wissens-ticket\\\/\"},\"wordCount\":220,\"commentCount\":0,\"publisher\":{\"@id\":\"https:\\\/\\\/www.organisator.ch\\\/#organization\"},\"image\":{\"@id\":\"https:\\\/\\\/www.organisator.ch\\\/fr\\\/general\\\/2016-07-20\\\/suisseemex16-short-learning-sessions-mit-neuem-vip-wissens-ticket\\\/#primaryimage\"},\"thumbnailUrl\":\"https:\\\/\\\/www.organisator.ch\\\/wp-content\\\/uploads\\\/2016\\\/12\\\/SuisseEMEX16-Short-Learning-Sessions-mit-neuem-VIP-Wissens-Ticket-organisator.jpg\",\"keywords\":[\"Tagungen &amp; Events\"],\"articleSection\":[\"Allgemein\"],\"inLanguage\":\"fr-FR\"},{\"@type\":\"WebPage\",\"@id\":\"https:\\\/\\\/www.organisator.ch\\\/fr\\\/general\\\/2016-07-20\\\/suisseemex16-short-learning-sessions-mit-neuem-vip-wissens-ticket\\\/\",\"url\":\"https:\\\/\\\/www.organisator.ch\\\/fr\\\/general\\\/2016-07-20\\\/suisseemex16-short-learning-sessions-mit-neuem-vip-wissens-ticket\\\/\",\"name\":\"SuisseEMEX\u201916: Short Learning Sessions mit neuem VIP-Wissens-Ticket - Organisator\",\"isPartOf\":{\"@id\":\"https:\\\/\\\/www.organisator.ch\\\/#website\"},\"primaryImageOfPage\":{\"@id\":\"https:\\\/\\\/www.organisator.ch\\\/fr\\\/general\\\/2016-07-20\\\/suisseemex16-short-learning-sessions-mit-neuem-vip-wissens-ticket\\\/#primaryimage\"},\"image\":{\"@id\":\"https:\\\/\\\/www.organisator.ch\\\/fr\\\/general\\\/2016-07-20\\\/suisseemex16-short-learning-sessions-mit-neuem-vip-wissens-ticket\\\/#primaryimage\"},\"thumbnailUrl\":\"https:\\\/\\\/www.organisator.ch\\\/wp-content\\\/uploads\\\/2016\\\/12\\\/SuisseEMEX16-Short-Learning-Sessions-mit-neuem-VIP-Wissens-Ticket-organisator.jpg\",\"datePublished\":\"2016-07-20T06:18:00+00:00\",\"description\":\"SuisseEMEX' 16 Short Learning Sessions: Profitieren Sie von spezifischem Expertenwissen und hochkar\u00e4tigen Wissensprogrammen!\",\"breadcrumb\":{\"@id\":\"https:\\\/\\\/www.organisator.ch\\\/fr\\\/general\\\/2016-07-20\\\/suisseemex16-short-learning-sessions-mit-neuem-vip-wissens-ticket\\\/#breadcrumb\"},\"inLanguage\":\"fr-FR\",\"potentialAction\":[{\"@type\":\"ReadAction\",\"target\":[\"https:\\\/\\\/www.organisator.ch\\\/fr\\\/general\\\/2016-07-20\\\/suisseemex16-short-learning-sessions-mit-neuem-vip-wissens-ticket\\\/\"]}]},{\"@type\":\"ImageObject\",\"inLanguage\":\"fr-FR\",\"@id\":\"https:\\\/\\\/www.organisator.ch\\\/fr\\\/general\\\/2016-07-20\\\/suisseemex16-short-learning-sessions-mit-neuem-vip-wissens-ticket\\\/#primaryimage\",\"url\":\"https:\\\/\\\/www.organisator.ch\\\/wp-content\\\/uploads\\\/2016\\\/12\\\/SuisseEMEX16-Short-Learning-Sessions-mit-neuem-VIP-Wissens-Ticket-organisator.jpg\",\"contentUrl\":\"https:\\\/\\\/www.organisator.ch\\\/wp-content\\\/uploads\\\/2016\\\/12\\\/SuisseEMEX16-Short-Learning-Sessions-mit-neuem-VIP-Wissens-Ticket-organisator.jpg\",\"width\":640,\"height\":426},{\"@type\":\"BreadcrumbList\",\"@id\":\"https:\\\/\\\/www.organisator.ch\\\/fr\\\/general\\\/2016-07-20\\\/suisseemex16-short-learning-sessions-mit-neuem-vip-wissens-ticket\\\/#breadcrumb\",\"itemListElement\":[{\"@type\":\"ListItem\",\"position\":1,\"name\":\"Home\",\"item\":\"https:\\\/\\\/www.organisator.ch\\\/\"},{\"@type\":\"ListItem\",\"position\":2,\"name\":\"SuisseEMEX\u201916: Short Learning Sessions mit neuem VIP-Wissens-Ticket\"}]},{\"@type\":\"WebSite\",\"@id\":\"https:\\\/\\\/www.organisator.ch\\\/#website\",\"url\":\"https:\\\/\\\/www.organisator.ch\\\/\",\"name\":\"Organisator\",\"description\":\"Kompetent. Praxisnah. Der ORGANISATOR bereitet in 10 Ausgaben pro Jahr die wesentlichen Themen f\u00fcr F\u00fchrungskr\u00e4fte von KMU auf.\",\"publisher\":{\"@id\":\"https:\\\/\\\/www.organisator.ch\\\/#organization\"},\"potentialAction\":[{\"@type\":\"SearchAction\",\"target\":{\"@type\":\"EntryPoint\",\"urlTemplate\":\"https:\\\/\\\/www.organisator.ch\\\/?s={search_term_string}\"},\"query-input\":{\"@type\":\"PropertyValueSpecification\",\"valueRequired\":true,\"valueName\":\"search_term_string\"}}],\"inLanguage\":\"fr-FR\"},{\"@type\":\"Organization\",\"@id\":\"https:\\\/\\\/www.organisator.ch\\\/#organization\",\"name\":\"Organisator\",\"url\":\"https:\\\/\\\/www.organisator.ch\\\/\",\"logo\":{\"@type\":\"ImageObject\",\"inLanguage\":\"fr-FR\",\"@id\":\"https:\\\/\\\/www.organisator.ch\\\/#\\\/schema\\\/logo\\\/image\\\/\",\"url\":\"https:\\\/\\\/www.organisator.ch\\\/wp-content\\\/uploads\\\/2022\\\/01\\\/Logo_Organisator_Website.png\",\"contentUrl\":\"https:\\\/\\\/www.organisator.ch\\\/wp-content\\\/uploads\\\/2022\\\/01\\\/Logo_Organisator_Website.png\",\"width\":800,\"height\":77,\"caption\":\"Organisator\"},\"image\":{\"@id\":\"https:\\\/\\\/www.organisator.ch\\\/#\\\/schema\\\/logo\\\/image\\\/\"},\"sameAs\":[\"https:\\\/\\\/www.facebook.com\\\/OrganisatorFachmagazin\",\"https:\\\/\\\/www.linkedin.com\\\/showcase\\\/organisator-das-magazin-fr-kmu\",\"https:\\\/\\\/www.xing.com\\\/news\\\/pages\\\/organisator-ch-695\",\"https:\\\/\\\/www.youtube.com\\\/channel\\\/UCGP2Sq0iWaZwT3BdIAQFYpw\"]},{\"@type\":\"Person\",\"@id\":\"https:\\\/\\\/www.organisator.ch\\\/#\\\/schema\\\/person\\\/aa2bace6c5c5aad60102004a50c4eb1c\",\"name\":\"admin\",\"image\":{\"@type\":\"ImageObject\",\"inLanguage\":\"fr-FR\",\"@id\":\"https:\\\/\\\/secure.gravatar.com\\\/avatar\\\/ae2f4d718e6c49043e314ce431e7e645d646302a24a5ef5a8bc8e3f5a032e319?s=96&d=mm&r=g\",\"url\":\"https:\\\/\\\/secure.gravatar.com\\\/avatar\\\/ae2f4d718e6c49043e314ce431e7e645d646302a24a5ef5a8bc8e3f5a032e319?s=96&d=mm&r=g\",\"contentUrl\":\"https:\\\/\\\/secure.gravatar.com\\\/avatar\\\/ae2f4d718e6c49043e314ce431e7e645d646302a24a5ef5a8bc8e3f5a032e319?s=96&d=mm&r=g\",\"caption\":\"admin\"},\"sameAs\":[\"https:\\\/\\\/www.organisator.ch\"],\"url\":\"https:\\\/\\\/www.organisator.ch\\\/fr\\\/author\\\/admin\\\/\"}]}<\/script>\n<!-- \/ Yoast SEO plugin. -->","yoast_head_json":{"title":"SuisseEMEX'16 : Short Learning Sessions avec un nouveau billet VIP pour le savoir - Organisateur","description":"SuisseEMEX' 16 Short Learning Sessions : profitez d'une expertise sp\u00e9cifique et de programmes de connaissances de haut niveau !","robots":{"index":"index","follow":"follow","max-snippet":"max-snippet:-1","max-image-preview":"max-image-preview:large","max-video-preview":"max-video-preview:-1"},"canonical":"https:\/\/www.organisator.ch\/fr\/general\/2016-07-20\/suisseemex16-short-learning-sessions-mit-neuem-vip-wissens-ticket\/","og_locale":"fr_FR","og_type":"article","og_title":"SuisseEMEX\u201916: Short Learning Sessions mit neuem VIP-Wissens-Ticket","og_description":"Am gr\u00f6ssten Schweizer Marketing Happening mit engagierten Partnern und Ausstellern wird deutlich, welche technologischen und organisatorischen Anpassungen Unternehmen und Marken jetzt leisten m\u00fcssen, um sich in Zukunft erfolgreich zu positionieren. Profitieren Sie von spezifischem Expertenwissen und hochkar\u00e4tigen Wissensprogrammen!","og_url":"https:\/\/www.organisator.ch\/fr\/general\/2016-07-20\/suisseemex16-short-learning-sessions-mit-neuem-vip-wissens-ticket\/","og_site_name":"Organisator","article_publisher":"https:\/\/www.facebook.com\/OrganisatorFachmagazin","article_published_time":"2016-07-20T06:18:00+00:00","author":"admin","twitter_card":"summary_large_image","twitter_image":"https:\/\/www.organisator.ch\/wp-content\/uploads\/2016\/12\/SuisseEMEX16-Short-Learning-Sessions-mit-neuem-VIP-Wissens-Ticket-organisator.jpg","schema":{"@context":"https:\/\/schema.org","@graph":[{"@type":"Article","@id":"https:\/\/www.organisator.ch\/fr\/general\/2016-07-20\/suisseemex16-short-learning-sessions-mit-neuem-vip-wissens-ticket\/#article","isPartOf":{"@id":"https:\/\/www.organisator.ch\/fr\/general\/2016-07-20\/suisseemex16-short-learning-sessions-mit-neuem-vip-wissens-ticket\/"},"author":{"name":"admin","@id":"https:\/\/www.organisator.ch\/#\/schema\/person\/aa2bace6c5c5aad60102004a50c4eb1c"},"headline":"SuisseEMEX\u201916: Short Learning Sessions mit neuem VIP-Wissens-Ticket","datePublished":"2016-07-20T06:18:00+00:00","mainEntityOfPage":{"@id":"https:\/\/www.organisator.ch\/fr\/general\/2016-07-20\/suisseemex16-short-learning-sessions-mit-neuem-vip-wissens-ticket\/"},"wordCount":220,"commentCount":0,"publisher":{"@id":"https:\/\/www.organisator.ch\/#organization"},"image":{"@id":"https:\/\/www.organisator.ch\/fr\/general\/2016-07-20\/suisseemex16-short-learning-sessions-mit-neuem-vip-wissens-ticket\/#primaryimage"},"thumbnailUrl":"https:\/\/www.organisator.ch\/wp-content\/uploads\/2016\/12\/SuisseEMEX16-Short-Learning-Sessions-mit-neuem-VIP-Wissens-Ticket-organisator.jpg","keywords":["Tagungen &amp; Events"],"articleSection":["Allgemein"],"inLanguage":"fr-FR"},{"@type":"WebPage","@id":"https:\/\/www.organisator.ch\/fr\/general\/2016-07-20\/suisseemex16-short-learning-sessions-mit-neuem-vip-wissens-ticket\/","url":"https:\/\/www.organisator.ch\/fr\/general\/2016-07-20\/suisseemex16-short-learning-sessions-mit-neuem-vip-wissens-ticket\/","name":"SuisseEMEX'16 : Short Learning Sessions avec un nouveau billet VIP pour le savoir - Organisateur","isPartOf":{"@id":"https:\/\/www.organisator.ch\/#website"},"primaryImageOfPage":{"@id":"https:\/\/www.organisator.ch\/fr\/general\/2016-07-20\/suisseemex16-short-learning-sessions-mit-neuem-vip-wissens-ticket\/#primaryimage"},"image":{"@id":"https:\/\/www.organisator.ch\/fr\/general\/2016-07-20\/suisseemex16-short-learning-sessions-mit-neuem-vip-wissens-ticket\/#primaryimage"},"thumbnailUrl":"https:\/\/www.organisator.ch\/wp-content\/uploads\/2016\/12\/SuisseEMEX16-Short-Learning-Sessions-mit-neuem-VIP-Wissens-Ticket-organisator.jpg","datePublished":"2016-07-20T06:18:00+00:00","description":"SuisseEMEX' 16 Short Learning Sessions : profitez d'une expertise sp\u00e9cifique et de programmes de connaissances de haut niveau !","breadcrumb":{"@id":"https:\/\/www.organisator.ch\/fr\/general\/2016-07-20\/suisseemex16-short-learning-sessions-mit-neuem-vip-wissens-ticket\/#breadcrumb"},"inLanguage":"fr-FR","potentialAction":[{"@type":"ReadAction","target":["https:\/\/www.organisator.ch\/fr\/general\/2016-07-20\/suisseemex16-short-learning-sessions-mit-neuem-vip-wissens-ticket\/"]}]},{"@type":"ImageObject","inLanguage":"fr-FR","@id":"https:\/\/www.organisator.ch\/fr\/general\/2016-07-20\/suisseemex16-short-learning-sessions-mit-neuem-vip-wissens-ticket\/#primaryimage","url":"https:\/\/www.organisator.ch\/wp-content\/uploads\/2016\/12\/SuisseEMEX16-Short-Learning-Sessions-mit-neuem-VIP-Wissens-Ticket-organisator.jpg","contentUrl":"https:\/\/www.organisator.ch\/wp-content\/uploads\/2016\/12\/SuisseEMEX16-Short-Learning-Sessions-mit-neuem-VIP-Wissens-Ticket-organisator.jpg","width":640,"height":426},{"@type":"BreadcrumbList","@id":"https:\/\/www.organisator.ch\/fr\/general\/2016-07-20\/suisseemex16-short-learning-sessions-mit-neuem-vip-wissens-ticket\/#breadcrumb","itemListElement":[{"@type":"ListItem","position":1,"name":"Home","item":"https:\/\/www.organisator.ch\/"},{"@type":"ListItem","position":2,"name":"SuisseEMEX\u201916: Short Learning Sessions mit neuem VIP-Wissens-Ticket"}]},{"@type":"WebSite","@id":"https:\/\/www.organisator.ch\/#website","url":"https:\/\/www.organisator.ch\/","name":"Organisateur","description":"Comp\u00e9tence et comp\u00e9tence. Proches de la pratique. L'ORGANISATEUR pr\u00e9pare 10 num\u00e9ros par an sur les th\u00e8mes essentiels pour les dirigeants de PME.","publisher":{"@id":"https:\/\/www.organisator.ch\/#organization"},"potentialAction":[{"@type":"SearchAction","target":{"@type":"EntryPoint","urlTemplate":"https:\/\/www.organisator.ch\/?s={search_term_string}"},"query-input":{"@type":"PropertyValueSpecification","valueRequired":true,"valueName":"search_term_string"}}],"inLanguage":"fr-FR"},{"@type":"Organization","@id":"https:\/\/www.organisator.ch\/#organization","name":"Organisateur","url":"https:\/\/www.organisator.ch\/","logo":{"@type":"ImageObject","inLanguage":"fr-FR","@id":"https:\/\/www.organisator.ch\/#\/schema\/logo\/image\/","url":"https:\/\/www.organisator.ch\/wp-content\/uploads\/2022\/01\/Logo_Organisator_Website.png","contentUrl":"https:\/\/www.organisator.ch\/wp-content\/uploads\/2022\/01\/Logo_Organisator_Website.png","width":800,"height":77,"caption":"Organisator"},"image":{"@id":"https:\/\/www.organisator.ch\/#\/schema\/logo\/image\/"},"sameAs":["https:\/\/www.facebook.com\/OrganisatorFachmagazin","https:\/\/www.linkedin.com\/showcase\/organisator-das-magazin-fr-kmu","https:\/\/www.xing.com\/news\/pages\/organisator-ch-695","https:\/\/www.youtube.com\/channel\/UCGP2Sq0iWaZwT3BdIAQFYpw"]},{"@type":"Person","@id":"https:\/\/www.organisator.ch\/#\/schema\/person\/aa2bace6c5c5aad60102004a50c4eb1c","name":"admin","image":{"@type":"ImageObject","inLanguage":"fr-FR","@id":"https:\/\/secure.gravatar.com\/avatar\/ae2f4d718e6c49043e314ce431e7e645d646302a24a5ef5a8bc8e3f5a032e319?s=96&d=mm&r=g","url":"https:\/\/secure.gravatar.com\/avatar\/ae2f4d718e6c49043e314ce431e7e645d646302a24a5ef5a8bc8e3f5a032e319?s=96&d=mm&r=g","contentUrl":"https:\/\/secure.gravatar.com\/avatar\/ae2f4d718e6c49043e314ce431e7e645d646302a24a5ef5a8bc8e3f5a032e319?s=96&d=mm&r=g","caption":"admin"},"sameAs":["https:\/\/www.organisator.ch"],"url":"https:\/\/www.organisator.ch\/fr\/author\/admin\/"}]}},"_links":{"self":[{"href":"https:\/\/www.organisator.ch\/fr\/wp-json\/wp\/v2\/posts\/971","targetHints":{"allow":["GET"]}}],"collection":[{"href":"https:\/\/www.organisator.ch\/fr\/wp-json\/wp\/v2\/posts"}],"about":[{"href":"https:\/\/www.organisator.ch\/fr\/wp-json\/wp\/v2\/types\/post"}],"author":[{"embeddable":true,"href":"https:\/\/www.organisator.ch\/fr\/wp-json\/wp\/v2\/users\/1"}],"replies":[{"embeddable":true,"href":"https:\/\/www.organisator.ch\/fr\/wp-json\/wp\/v2\/comments?post=971"}],"version-history":[{"count":0,"href":"https:\/\/www.organisator.ch\/fr\/wp-json\/wp\/v2\/posts\/971\/revisions"}],"wp:featuredmedia":[{"embeddable":true,"href":"https:\/\/www.organisator.ch\/fr\/wp-json\/wp\/v2\/media\/973"}],"wp:attachment":[{"href":"https:\/\/www.organisator.ch\/fr\/wp-json\/wp\/v2\/media?parent=971"}],"wp:term":[{"taxonomy":"category","embeddable":true,"href":"https:\/\/www.organisator.ch\/fr\/wp-json\/wp\/v2\/categories?post=971"},{"taxonomy":"post_tag","embeddable":true,"href":"https:\/\/www.organisator.ch\/fr\/wp-json\/wp\/v2\/tags?post=971"}],"curies":[{"name":"wp","href":"https:\/\/api.w.org\/{rel}","templated":true}]}}