{"id":978,"date":"2016-08-19T08:20:07","date_gmt":"2016-08-19T06:20:07","guid":{"rendered":"http:\/\/dev.organisator.ch\/?p=978"},"modified":"2016-08-19T08:20:07","modified_gmt":"2016-08-19T06:20:07","slug":"konzentration-im-schweizer-autohandel","status":"publish","type":"post","link":"https:\/\/www.organisator.ch\/fr\/allgemein\/2016-08-19\/konzentration-im-schweizer-autohandel\/","title":{"rendered":"Concentration dans le commerce automobile suisse"},"content":{"rendered":"<figure id=\"attachment_979\" aria-describedby=\"caption-attachment-979\" style=\"width: 640px\" class=\"wp-caption alignnone\"><img loading=\"lazy\" decoding=\"async\" class=\"size-full wp-image-979\" src=\"https:\/\/www.organisator.ch\/wp-content\/uploads\/2016\/12\/Konzentration-im-Schweizer-Autohandel-organisator.jpg\" alt=\"\" width=\"640\" height=\"427\" srcset=\"https:\/\/www.organisator.ch\/wp-content\/uploads\/2016\/12\/Konzentration-im-Schweizer-Autohandel-organisator.jpg 640w, https:\/\/www.organisator.ch\/wp-content\/uploads\/2016\/12\/Konzentration-im-Schweizer-Autohandel-organisator-16x12.jpg 16w, https:\/\/www.organisator.ch\/wp-content\/uploads\/2016\/12\/Konzentration-im-Schweizer-Autohandel-organisator-262x175.jpg 262w, https:\/\/www.organisator.ch\/wp-content\/uploads\/2016\/12\/Konzentration-im-Schweizer-Autohandel-organisator-525x350.jpg 525w, https:\/\/www.organisator.ch\/wp-content\/uploads\/2016\/12\/Konzentration-im-Schweizer-Autohandel-organisator-300x200.jpg 300w\" sizes=\"auto, (max-width: 640px) 100vw, 640px\" \/><figcaption id=\"caption-attachment-979\" class=\"wp-caption-text\">Le pr\u00e9sident du conseil d'administration Kenny Eichenberger (\u00e0 droite) avec son fils Marc, qui dirige le nouveau groupe Kenny's, lors d'un \"K\u00e4feli\" commun. (Image : zVg)<\/figcaption><\/figure>\n<p>M\u00eame en cette ann\u00e9e de son 40e anniversaire, Kenny Eichenberger ne se repose pas sur ses lauriers : La fusion des six sites de KETO Autocenter AG et de Kenny's Auto-Center AG donnera naissance en septembre \u00e0 un nouvel acteur majeur du commerce automobile en Suisse al\u00e9manique. La direction est assur\u00e9e par Marc Eichenberger, fils de Kenny Eichenberger. Ce dernier sera pr\u00e9sident du conseil d'administration.<\/p>\n<p><strong>L'\u00e9volution de la mobilit\u00e9<\/strong><\/p>\n<p>Kenny Eichenberger a fortement marqu\u00e9 l'\u00e9volution de la mobilit\u00e9 en Suisse au cours des 40 derni\u00e8res ann\u00e9es et a toujours su s'adapter aux changements rapides. Il y a 40 ans, il a fond\u00e9 son entreprise, aujourd'hui Kenny's Auto-Center, \u00e0 Wettingen et D\u00e4llikon. Depuis 30 ans, il repr\u00e9sente Mercedes-Benz - la marque qui a repr\u00e9sent\u00e9 7,1% du march\u00e9 automobile suisse en 2015 et qui fait partie des dix marques automobiles les plus appr\u00e9ci\u00e9es en Suisse dans presque toutes les cat\u00e9gories : Mercedes-Benz couvre aujourd'hui des segments de client\u00e8le tr\u00e8s diff\u00e9rents, du minicar au segment de luxe en passant par toutes les cat\u00e9gories de la classe moyenne.<\/p>\n<p><strong>Il \u00e9tait une fois un smart-center<\/strong><\/p>\n<p>L'histoire de Kenny's Auto-Center AG est \u00e9galement \u00e9troitement li\u00e9e \u00e0 celle de Mercedes-Benz et de smart \u00e0 d'autres niveaux. Ainsi, il y a 20 ans, Nicolas Hayek et Mercedes-Benz ont choisi Kenny Eichenberger et Thomas Baggenstos pour ouvrir la premi\u00e8re succursale smart en Suisse al\u00e9manique. En 2015, la Smart, pionni\u00e8re parmi les minicars, comptait toujours parmi les petites voitures les plus vendues en Suisse. Les centres smart ont finalement \u00e9t\u00e9 la premi\u00e8re pierre de l'actuel KETO Autocenter AG \u00e0 Zurich-Wallisellen, Berne-Sch\u00f6nb\u00fchl, Lucerne-Kriens et Zoug-Mettmenstetten. Ils sont dirig\u00e9s depuis janvier 2016 par le fils de Kenny, Marc Eichenberger, qui a rejoint KETO Autocenter AG en tant que conseiller de vente pour smart il y a pr\u00e8s de cinq ans, apr\u00e8s avoir obtenu un bachelor en \u00e9conomie d'entreprise et dirig\u00e9 et vendu une entreprise de surveillance.<\/p>\n<p><strong>\u00c9motions plus num\u00e9risation<\/strong><\/p>\n<p>Une nouvelle \u00e9tape vient donc d'\u00eatre franchie : Kenny's Auto-Center AG et KETO Autocenter AG fusionnent pour former l'entreprise Kenny's Auto-Center AG. Kenny Eichenberger confie la direction de l'entreprise \u00e0 son fils Marc Eichenberger et devient pr\u00e9sident du conseil d'administration de cette entreprise familiale de 200 personnes qui compte six sites. Il explique les avantages qui d\u00e9coulent de cette fusion : \"Le commerce automobile bouge beaucoup. Mais en fin de compte, il s'agit toujours de la satisfaction du client. Le facteur humain est l'alpha &amp; l'om\u00e9ga du commerce automobile, depuis toujours ! En tant que concessionnaire automobile, je vends des \u00e9motions. Toutefois, les clients sont aujourd'hui mieux inform\u00e9s et plus exigeants. Les possibilit\u00e9s techniques permettent plus d'efficacit\u00e9 et de comp\u00e9tence dans le suivi des clients et la r\u00e9paration des v\u00e9hicules de plus en plus complexes. Avec une marque forte sur six sites, Kenny's peut exploiter mieux et plus rapidement les opportunit\u00e9s de la num\u00e9risation. Le savoir-faire \"intelligent\" de KETO Autocenter AG donne des ailes aux sites de Wettingen et de D\u00e4llikon. L'exp\u00e9rience de plusieurs d\u00e9cennies avec Mercedes-Benz renforce KETO Autocenter AG. Sur les six sites, le nouveau centre de comp\u00e9tences Mercedes-Benz de Wettingen est au service des clients - la num\u00e9risation le rend possible. L'\u00e9quipe de sp\u00e9cialistes du diagnostic est ainsi toujours \u00e0 proximit\u00e9 des clients de flotte ou des clients priv\u00e9s\".<\/p>\n<p><strong>Mercedes-Benz aux prix du jour<\/strong><\/p>\n<p>Aujourd'hui et \u00e0 l'avenir, le commerce automobile comprend plus que la vente et la r\u00e9paration de v\u00e9hicules. Marc Eichenberger, le directeur d\u00e9sign\u00e9 du nouveau groupe Kenny's, voit \u00e9galement des opportunit\u00e9s dans le car sharing ou la location de voitures. Selon lui, \"les nouvelles technologies apportent de toutes nouvelles possibilit\u00e9s. Les plateformes de partage ou la simple location d'une voiture en font certainement partie. Notre maison m\u00e8re Daimler montre \u00e0 l'\u00e9tranger avec Car to go \u00e0 quel point il est facile de louer une voiture. Chez Kenny's, nous proposons d\u00e9sormais aussi des voitures de location - et ce dans toutes les cat\u00e9gories. Avec la smart, nous avons une offre \u00e0 39 CHF par jour et sommes donc moins chers que Mobility. Chez Kenny's, il n'y a pas de frais d'abonnement. Il est possible de louer une large palette de mod\u00e8les Mercedes-Benz. Il s'agit notamment de v\u00e9hicules break ou de monospaces que l'on souhaite conduire par exemple pendant les vacances - lorsqu'on a besoin de plus de place avec la famille ou pour des \u00e9quipements sportifs. C'est une bonne alternative pour les propri\u00e9taires d'une voiture \u00e0 deux places comme la smart ou d'un cabriolet Mercedes-Benz\".<\/p>\n<p><strong>Moins cher, plus rapide, plus fin, plus intelligent<\/strong><\/p>\n<p>Pour \u00eatre toujours au top face au changement, Kenny's met encore plus l'accent sur la formation continue de ses 200 collaborateurs, qui doivent adapter leurs comp\u00e9tences en permanence et rapidement. Marc Eichenberger : \"La seule v\u00e9ritable constante reste le point de la confiance - les clients veulent se sentir confirm\u00e9s dans leur confiance en nous et en nos marques. Nous y parviendrons si nous faisons preuve d'une grande transparence \u00e0 l'\u00e9gard des clients et si nos collaborateurs sont en mesure de bien conseiller des clients toujours mieux inform\u00e9s\". Pour les clients, les investissements croissants dans l'infrastructure et l'informatique pr\u00e9sentent en outre d'autres avantages. Ainsi, les processus unifi\u00e9s am\u00e9liorent l'efficacit\u00e9 et la rapidit\u00e9. Marc Eichenberger : \"Gr\u00e2ce \u00e0 la nouvelle \u00e9quipe de diagnostiqueurs \u00e0 Wettingen et \u00e0 l'utilisation des nouvelles technologies, nos prestations aux clients sont moins ch\u00e8res et plus rapides. Comme nous n'avons pas de directeur par site, nous sommes, en tant qu'\u00e9quipe de direction de Kenny's, plus proches des gens, plus efficaces et nous pouvons introduire des nouveaut\u00e9s plus rapidement\".<\/p>\n<p><strong>Un stock plus important de voitures neuves et d'occasion<\/strong><\/p>\n<p>Il poursuit en expliquant : \"En mati\u00e8re de marketing, la marque Kenny's nous offre \u00e9videmment beaucoup plus de possibilit\u00e9s : Avec une seule entreprise, nous avons une seule pr\u00e9sentation. De plus, il y a aussi des synergies et des \u00e9conomies de co\u00fbts. Certains \u00e9l\u00e9ments qui ont beaucoup de succ\u00e8s \u00e0 Wettingen seront \u00e9galement repris sur les autres sites. Il s'agit par exemple du K\u00e4feli ou de la roue de la fortune, que chaque client peut faire tourner apr\u00e8s son achat. Celui qui gagne obtient une r\u00e9duction. C'est tr\u00e8s appr\u00e9ci\u00e9 ! Les clients peuvent \u00e9galement d\u00e9guster partout le fameux K\u00e4feli du Costa Rica, qui m\u00e9nage l'estomac, dans un environnement moderne et am\u00e9nag\u00e9. En outre, nous \u00e9tudions la possibilit\u00e9 de transposer certains \u00e9l\u00e9ments du feng shui, qui conf\u00e8rent au b\u00e2timent de Wettingen une ambiance unique, sur les autres sites. Les expositions, qui attirent par exemple quelque 5 000 personnes chaque ann\u00e9e \u00e0 Wettingen, ou la pr\u00e9sentation d'une gamme de mod\u00e8les encore plus large, pr\u00e9sentent d'autres avantages. Au total, nous cultivons le meilleur de Kenny's Auto-Center AG et l'\u00e9tendons \u00e0 six sites\". Le stock de voitures d'occasion, de voitures neuves et de voitures de d\u00e9monstration, d\u00e9j\u00e0 important aujourd'hui, sera \u00e9galement d\u00e9velopp\u00e9.<\/p>\n<p><em><a href=\"http:\/\/www.kennys.ch\" data-cke-saved-href=\"http:\/\/www.kennys.ch\">www.kennys.ch<\/a><\/em><\/p>","protected":false},"excerpt":{"rendered":"<p>Kenny Eichenberger\u00a0ruht sich auch im\u00a040. Jubil\u00e4umsjahr nicht auf\u00a0Lorbeeren aus:\u00a0Mit dem Zusammenschluss der sechs Standorte der KETO Autocenter AG und der Kenny&#8217;s Auto-Center AG entsteht im September ein neuer grosser Deutschschweizer Player im Autohandel. Die Gesch\u00e4ftsf\u00fchrung liegt in den H\u00e4nden von Marc Eichenberger, Sohn von Kenny Eichenberger. Dieser wird Verwaltungsratspr\u00e4sident. Entwicklung der Mobilit\u00e4t mitgepr\u00e4gt Kenny Eichenberger [&hellip;]<\/p>\n","protected":false},"author":1,"featured_media":979,"comment_status":"open","ping_status":"open","sticky":false,"template":"","format":"standard","meta":{"_acf_changed":false,"_yoast_wpseo_focuskw":"Schweizer Autohandel","_yoast_wpseo_metadesc":"Im September 2016 schliessen sich die sechs Standorte der KETO Autocenter AG und der Kenny\u2019s Auto-Center AG zur Kenny\u2019s Gruppe zusammen.","articlekey":"","footnotes":""},"categories":[1],"tags":[340,492],"class_list":["post-978","post","type-post","status-publish","format-standard","has-post-thumbnail","hentry","category-allgemein","tag-maerkte","tag-unternehmen"],"acf":[],"yoast_head":"<!-- This site is optimized with the Yoast SEO plugin v27.4 - https:\/\/yoast.com\/product\/yoast-seo-wordpress\/ -->\n<title>Konzentration im Schweizer Autohandel - Organisator<\/title>\n<meta name=\"description\" content=\"Im September 2016 schliessen sich die sechs Standorte der KETO Autocenter AG und der Kenny\u2019s Auto-Center AG zur Kenny\u2019s Gruppe zusammen.\" \/>\n<meta name=\"robots\" content=\"index, follow, max-snippet:-1, max-image-preview:large, max-video-preview:-1\" \/>\n<link rel=\"canonical\" href=\"https:\/\/www.organisator.ch\/fr\/general\/2016-08-19\/konzentration-im-schweizer-autohandel\/\" \/>\n<meta property=\"og:locale\" content=\"fr_FR\" \/>\n<meta property=\"og:type\" content=\"article\" \/>\n<meta property=\"og:title\" content=\"Konzentration im Schweizer Autohandel\" \/>\n<meta property=\"og:description\" content=\"Im September 2016 schliessen sich die sechs Standorte der KETO Autocenter AG und der Kenny\u2019s Auto-Center AG zur Kenny\u2019s Gruppe zusammen. Damit entsteht im Autohandel ein neuer Deutschschweizer Player mit 200 Mitarbeitenden und einem Umsatz von \u00fcber CHF 100 Mio.\" \/>\n<meta property=\"og:url\" content=\"https:\/\/www.organisator.ch\/fr\/general\/2016-08-19\/konzentration-im-schweizer-autohandel\/\" \/>\n<meta property=\"og:site_name\" content=\"Organisator\" \/>\n<meta property=\"article:publisher\" content=\"https:\/\/www.facebook.com\/OrganisatorFachmagazin\" \/>\n<meta property=\"article:published_time\" content=\"2016-08-19T06:20:07+00:00\" \/>\n<meta name=\"author\" content=\"admin\" \/>\n<meta name=\"twitter:card\" content=\"summary_large_image\" \/>\n<meta name=\"twitter:image\" content=\"https:\/\/www.organisator.ch\/wp-content\/uploads\/2016\/12\/Konzentration-im-Schweizer-Autohandel-organisator.jpg\" \/>\n<script type=\"application\/ld+json\" class=\"yoast-schema-graph\">{\"@context\":\"https:\\\/\\\/schema.org\",\"@graph\":[{\"@type\":\"Article\",\"@id\":\"https:\\\/\\\/www.organisator.ch\\\/it\\\/generale\\\/2016-08-19\\\/konzentration-im-schweizer-autohandel\\\/#article\",\"isPartOf\":{\"@id\":\"https:\\\/\\\/www.organisator.ch\\\/it\\\/generale\\\/2016-08-19\\\/konzentration-im-schweizer-autohandel\\\/\"},\"author\":{\"name\":\"admin\",\"@id\":\"https:\\\/\\\/www.organisator.ch\\\/#\\\/schema\\\/person\\\/aa2bace6c5c5aad60102004a50c4eb1c\"},\"headline\":\"Konzentration im Schweizer Autohandel\",\"datePublished\":\"2016-08-19T06:20:07+00:00\",\"mainEntityOfPage\":{\"@id\":\"https:\\\/\\\/www.organisator.ch\\\/it\\\/generale\\\/2016-08-19\\\/konzentration-im-schweizer-autohandel\\\/\"},\"wordCount\":1069,\"commentCount\":0,\"publisher\":{\"@id\":\"https:\\\/\\\/www.organisator.ch\\\/#organization\"},\"image\":{\"@id\":\"https:\\\/\\\/www.organisator.ch\\\/it\\\/generale\\\/2016-08-19\\\/konzentration-im-schweizer-autohandel\\\/#primaryimage\"},\"thumbnailUrl\":\"https:\\\/\\\/www.organisator.ch\\\/wp-content\\\/uploads\\\/2016\\\/12\\\/Konzentration-im-Schweizer-Autohandel-organisator.jpg\",\"keywords\":[\"M\u00e4rkte\",\"Unternehmen\"],\"articleSection\":[\"Allgemein\"],\"inLanguage\":\"fr-FR\"},{\"@type\":\"WebPage\",\"@id\":\"https:\\\/\\\/www.organisator.ch\\\/it\\\/generale\\\/2016-08-19\\\/konzentration-im-schweizer-autohandel\\\/\",\"url\":\"https:\\\/\\\/www.organisator.ch\\\/it\\\/generale\\\/2016-08-19\\\/konzentration-im-schweizer-autohandel\\\/\",\"name\":\"Konzentration im Schweizer Autohandel - Organisator\",\"isPartOf\":{\"@id\":\"https:\\\/\\\/www.organisator.ch\\\/#website\"},\"primaryImageOfPage\":{\"@id\":\"https:\\\/\\\/www.organisator.ch\\\/it\\\/generale\\\/2016-08-19\\\/konzentration-im-schweizer-autohandel\\\/#primaryimage\"},\"image\":{\"@id\":\"https:\\\/\\\/www.organisator.ch\\\/it\\\/generale\\\/2016-08-19\\\/konzentration-im-schweizer-autohandel\\\/#primaryimage\"},\"thumbnailUrl\":\"https:\\\/\\\/www.organisator.ch\\\/wp-content\\\/uploads\\\/2016\\\/12\\\/Konzentration-im-Schweizer-Autohandel-organisator.jpg\",\"datePublished\":\"2016-08-19T06:20:07+00:00\",\"description\":\"Im September 2016 schliessen sich die sechs Standorte der KETO Autocenter AG und der Kenny\u2019s Auto-Center AG zur Kenny\u2019s Gruppe zusammen.\",\"breadcrumb\":{\"@id\":\"https:\\\/\\\/www.organisator.ch\\\/it\\\/generale\\\/2016-08-19\\\/konzentration-im-schweizer-autohandel\\\/#breadcrumb\"},\"inLanguage\":\"fr-FR\",\"potentialAction\":[{\"@type\":\"ReadAction\",\"target\":[\"https:\\\/\\\/www.organisator.ch\\\/it\\\/generale\\\/2016-08-19\\\/konzentration-im-schweizer-autohandel\\\/\"]}]},{\"@type\":\"ImageObject\",\"inLanguage\":\"fr-FR\",\"@id\":\"https:\\\/\\\/www.organisator.ch\\\/it\\\/generale\\\/2016-08-19\\\/konzentration-im-schweizer-autohandel\\\/#primaryimage\",\"url\":\"https:\\\/\\\/www.organisator.ch\\\/wp-content\\\/uploads\\\/2016\\\/12\\\/Konzentration-im-Schweizer-Autohandel-organisator.jpg\",\"contentUrl\":\"https:\\\/\\\/www.organisator.ch\\\/wp-content\\\/uploads\\\/2016\\\/12\\\/Konzentration-im-Schweizer-Autohandel-organisator.jpg\",\"width\":640,\"height\":427,\"caption\":\"Verwaltungsratspr\u00e4sident Kenny Eichenberger (r.) mit seinem Sohn Marc, der die neue Kenny's Gruppe leitet, beim gemeinsamen \\\"K\u00e4feli\\\". (Bild: zVg)\"},{\"@type\":\"BreadcrumbList\",\"@id\":\"https:\\\/\\\/www.organisator.ch\\\/it\\\/generale\\\/2016-08-19\\\/konzentration-im-schweizer-autohandel\\\/#breadcrumb\",\"itemListElement\":[{\"@type\":\"ListItem\",\"position\":1,\"name\":\"Home\",\"item\":\"https:\\\/\\\/www.organisator.ch\\\/\"},{\"@type\":\"ListItem\",\"position\":2,\"name\":\"Konzentration im Schweizer Autohandel\"}]},{\"@type\":\"WebSite\",\"@id\":\"https:\\\/\\\/www.organisator.ch\\\/#website\",\"url\":\"https:\\\/\\\/www.organisator.ch\\\/\",\"name\":\"Organisator\",\"description\":\"Kompetent. Praxisnah. Der ORGANISATOR bereitet in 10 Ausgaben pro Jahr die wesentlichen Themen f\u00fcr F\u00fchrungskr\u00e4fte von KMU auf.\",\"publisher\":{\"@id\":\"https:\\\/\\\/www.organisator.ch\\\/#organization\"},\"potentialAction\":[{\"@type\":\"SearchAction\",\"target\":{\"@type\":\"EntryPoint\",\"urlTemplate\":\"https:\\\/\\\/www.organisator.ch\\\/?s={search_term_string}\"},\"query-input\":{\"@type\":\"PropertyValueSpecification\",\"valueRequired\":true,\"valueName\":\"search_term_string\"}}],\"inLanguage\":\"fr-FR\"},{\"@type\":\"Organization\",\"@id\":\"https:\\\/\\\/www.organisator.ch\\\/#organization\",\"name\":\"Organisator\",\"url\":\"https:\\\/\\\/www.organisator.ch\\\/\",\"logo\":{\"@type\":\"ImageObject\",\"inLanguage\":\"fr-FR\",\"@id\":\"https:\\\/\\\/www.organisator.ch\\\/#\\\/schema\\\/logo\\\/image\\\/\",\"url\":\"https:\\\/\\\/www.organisator.ch\\\/wp-content\\\/uploads\\\/2022\\\/01\\\/Logo_Organisator_Website.png\",\"contentUrl\":\"https:\\\/\\\/www.organisator.ch\\\/wp-content\\\/uploads\\\/2022\\\/01\\\/Logo_Organisator_Website.png\",\"width\":800,\"height\":77,\"caption\":\"Organisator\"},\"image\":{\"@id\":\"https:\\\/\\\/www.organisator.ch\\\/#\\\/schema\\\/logo\\\/image\\\/\"},\"sameAs\":[\"https:\\\/\\\/www.facebook.com\\\/OrganisatorFachmagazin\",\"https:\\\/\\\/www.linkedin.com\\\/showcase\\\/organisator-das-magazin-fr-kmu\",\"https:\\\/\\\/www.xing.com\\\/news\\\/pages\\\/organisator-ch-695\",\"https:\\\/\\\/www.youtube.com\\\/channel\\\/UCGP2Sq0iWaZwT3BdIAQFYpw\"]},{\"@type\":\"Person\",\"@id\":\"https:\\\/\\\/www.organisator.ch\\\/#\\\/schema\\\/person\\\/aa2bace6c5c5aad60102004a50c4eb1c\",\"name\":\"admin\",\"image\":{\"@type\":\"ImageObject\",\"inLanguage\":\"fr-FR\",\"@id\":\"https:\\\/\\\/secure.gravatar.com\\\/avatar\\\/ae2f4d718e6c49043e314ce431e7e645d646302a24a5ef5a8bc8e3f5a032e319?s=96&d=mm&r=g\",\"url\":\"https:\\\/\\\/secure.gravatar.com\\\/avatar\\\/ae2f4d718e6c49043e314ce431e7e645d646302a24a5ef5a8bc8e3f5a032e319?s=96&d=mm&r=g\",\"contentUrl\":\"https:\\\/\\\/secure.gravatar.com\\\/avatar\\\/ae2f4d718e6c49043e314ce431e7e645d646302a24a5ef5a8bc8e3f5a032e319?s=96&d=mm&r=g\",\"caption\":\"admin\"},\"sameAs\":[\"https:\\\/\\\/www.organisator.ch\"],\"url\":\"https:\\\/\\\/www.organisator.ch\\\/fr\\\/author\\\/admin\\\/\"}]}<\/script>\n<!-- \/ Yoast SEO plugin. -->","yoast_head_json":{"title":"Concentration dans le commerce automobile suisse - Organisateur","description":"En septembre 2016, les six sites de KETO Autocenter AG et de Kenny's Auto-Center AG fusionnent pour former le Groupe Kenny's.","robots":{"index":"index","follow":"follow","max-snippet":"max-snippet:-1","max-image-preview":"max-image-preview:large","max-video-preview":"max-video-preview:-1"},"canonical":"https:\/\/www.organisator.ch\/fr\/general\/2016-08-19\/konzentration-im-schweizer-autohandel\/","og_locale":"fr_FR","og_type":"article","og_title":"Konzentration im Schweizer Autohandel","og_description":"Im September 2016 schliessen sich die sechs Standorte der KETO Autocenter AG und der Kenny\u2019s Auto-Center AG zur Kenny\u2019s Gruppe zusammen. Damit entsteht im Autohandel ein neuer Deutschschweizer Player mit 200 Mitarbeitenden und einem Umsatz von \u00fcber CHF 100 Mio.","og_url":"https:\/\/www.organisator.ch\/fr\/general\/2016-08-19\/konzentration-im-schweizer-autohandel\/","og_site_name":"Organisator","article_publisher":"https:\/\/www.facebook.com\/OrganisatorFachmagazin","article_published_time":"2016-08-19T06:20:07+00:00","author":"admin","twitter_card":"summary_large_image","twitter_image":"https:\/\/www.organisator.ch\/wp-content\/uploads\/2016\/12\/Konzentration-im-Schweizer-Autohandel-organisator.jpg","schema":{"@context":"https:\/\/schema.org","@graph":[{"@type":"Article","@id":"https:\/\/www.organisator.ch\/it\/generale\/2016-08-19\/konzentration-im-schweizer-autohandel\/#article","isPartOf":{"@id":"https:\/\/www.organisator.ch\/it\/generale\/2016-08-19\/konzentration-im-schweizer-autohandel\/"},"author":{"name":"admin","@id":"https:\/\/www.organisator.ch\/#\/schema\/person\/aa2bace6c5c5aad60102004a50c4eb1c"},"headline":"Konzentration im Schweizer Autohandel","datePublished":"2016-08-19T06:20:07+00:00","mainEntityOfPage":{"@id":"https:\/\/www.organisator.ch\/it\/generale\/2016-08-19\/konzentration-im-schweizer-autohandel\/"},"wordCount":1069,"commentCount":0,"publisher":{"@id":"https:\/\/www.organisator.ch\/#organization"},"image":{"@id":"https:\/\/www.organisator.ch\/it\/generale\/2016-08-19\/konzentration-im-schweizer-autohandel\/#primaryimage"},"thumbnailUrl":"https:\/\/www.organisator.ch\/wp-content\/uploads\/2016\/12\/Konzentration-im-Schweizer-Autohandel-organisator.jpg","keywords":["M\u00e4rkte","Unternehmen"],"articleSection":["Allgemein"],"inLanguage":"fr-FR"},{"@type":"WebPage","@id":"https:\/\/www.organisator.ch\/it\/generale\/2016-08-19\/konzentration-im-schweizer-autohandel\/","url":"https:\/\/www.organisator.ch\/it\/generale\/2016-08-19\/konzentration-im-schweizer-autohandel\/","name":"Concentration dans le commerce automobile suisse - Organisateur","isPartOf":{"@id":"https:\/\/www.organisator.ch\/#website"},"primaryImageOfPage":{"@id":"https:\/\/www.organisator.ch\/it\/generale\/2016-08-19\/konzentration-im-schweizer-autohandel\/#primaryimage"},"image":{"@id":"https:\/\/www.organisator.ch\/it\/generale\/2016-08-19\/konzentration-im-schweizer-autohandel\/#primaryimage"},"thumbnailUrl":"https:\/\/www.organisator.ch\/wp-content\/uploads\/2016\/12\/Konzentration-im-Schweizer-Autohandel-organisator.jpg","datePublished":"2016-08-19T06:20:07+00:00","description":"En septembre 2016, les six sites de KETO Autocenter AG et de Kenny's Auto-Center AG fusionnent pour former le Groupe Kenny's.","breadcrumb":{"@id":"https:\/\/www.organisator.ch\/it\/generale\/2016-08-19\/konzentration-im-schweizer-autohandel\/#breadcrumb"},"inLanguage":"fr-FR","potentialAction":[{"@type":"ReadAction","target":["https:\/\/www.organisator.ch\/it\/generale\/2016-08-19\/konzentration-im-schweizer-autohandel\/"]}]},{"@type":"ImageObject","inLanguage":"fr-FR","@id":"https:\/\/www.organisator.ch\/it\/generale\/2016-08-19\/konzentration-im-schweizer-autohandel\/#primaryimage","url":"https:\/\/www.organisator.ch\/wp-content\/uploads\/2016\/12\/Konzentration-im-Schweizer-Autohandel-organisator.jpg","contentUrl":"https:\/\/www.organisator.ch\/wp-content\/uploads\/2016\/12\/Konzentration-im-Schweizer-Autohandel-organisator.jpg","width":640,"height":427,"caption":"Verwaltungsratspr\u00e4sident Kenny Eichenberger (r.) mit seinem Sohn Marc, der die neue Kenny's Gruppe leitet, beim gemeinsamen \"K\u00e4feli\". (Bild: zVg)"},{"@type":"BreadcrumbList","@id":"https:\/\/www.organisator.ch\/it\/generale\/2016-08-19\/konzentration-im-schweizer-autohandel\/#breadcrumb","itemListElement":[{"@type":"ListItem","position":1,"name":"Home","item":"https:\/\/www.organisator.ch\/"},{"@type":"ListItem","position":2,"name":"Konzentration im Schweizer Autohandel"}]},{"@type":"WebSite","@id":"https:\/\/www.organisator.ch\/#website","url":"https:\/\/www.organisator.ch\/","name":"Organisateur","description":"Comp\u00e9tence et comp\u00e9tence. Proches de la pratique. L'ORGANISATEUR pr\u00e9pare 10 num\u00e9ros par an sur les th\u00e8mes essentiels pour les dirigeants de PME.","publisher":{"@id":"https:\/\/www.organisator.ch\/#organization"},"potentialAction":[{"@type":"SearchAction","target":{"@type":"EntryPoint","urlTemplate":"https:\/\/www.organisator.ch\/?s={search_term_string}"},"query-input":{"@type":"PropertyValueSpecification","valueRequired":true,"valueName":"search_term_string"}}],"inLanguage":"fr-FR"},{"@type":"Organization","@id":"https:\/\/www.organisator.ch\/#organization","name":"Organisateur","url":"https:\/\/www.organisator.ch\/","logo":{"@type":"ImageObject","inLanguage":"fr-FR","@id":"https:\/\/www.organisator.ch\/#\/schema\/logo\/image\/","url":"https:\/\/www.organisator.ch\/wp-content\/uploads\/2022\/01\/Logo_Organisator_Website.png","contentUrl":"https:\/\/www.organisator.ch\/wp-content\/uploads\/2022\/01\/Logo_Organisator_Website.png","width":800,"height":77,"caption":"Organisator"},"image":{"@id":"https:\/\/www.organisator.ch\/#\/schema\/logo\/image\/"},"sameAs":["https:\/\/www.facebook.com\/OrganisatorFachmagazin","https:\/\/www.linkedin.com\/showcase\/organisator-das-magazin-fr-kmu","https:\/\/www.xing.com\/news\/pages\/organisator-ch-695","https:\/\/www.youtube.com\/channel\/UCGP2Sq0iWaZwT3BdIAQFYpw"]},{"@type":"Person","@id":"https:\/\/www.organisator.ch\/#\/schema\/person\/aa2bace6c5c5aad60102004a50c4eb1c","name":"admin","image":{"@type":"ImageObject","inLanguage":"fr-FR","@id":"https:\/\/secure.gravatar.com\/avatar\/ae2f4d718e6c49043e314ce431e7e645d646302a24a5ef5a8bc8e3f5a032e319?s=96&d=mm&r=g","url":"https:\/\/secure.gravatar.com\/avatar\/ae2f4d718e6c49043e314ce431e7e645d646302a24a5ef5a8bc8e3f5a032e319?s=96&d=mm&r=g","contentUrl":"https:\/\/secure.gravatar.com\/avatar\/ae2f4d718e6c49043e314ce431e7e645d646302a24a5ef5a8bc8e3f5a032e319?s=96&d=mm&r=g","caption":"admin"},"sameAs":["https:\/\/www.organisator.ch"],"url":"https:\/\/www.organisator.ch\/fr\/author\/admin\/"}]}},"_links":{"self":[{"href":"https:\/\/www.organisator.ch\/fr\/wp-json\/wp\/v2\/posts\/978","targetHints":{"allow":["GET"]}}],"collection":[{"href":"https:\/\/www.organisator.ch\/fr\/wp-json\/wp\/v2\/posts"}],"about":[{"href":"https:\/\/www.organisator.ch\/fr\/wp-json\/wp\/v2\/types\/post"}],"author":[{"embeddable":true,"href":"https:\/\/www.organisator.ch\/fr\/wp-json\/wp\/v2\/users\/1"}],"replies":[{"embeddable":true,"href":"https:\/\/www.organisator.ch\/fr\/wp-json\/wp\/v2\/comments?post=978"}],"version-history":[{"count":0,"href":"https:\/\/www.organisator.ch\/fr\/wp-json\/wp\/v2\/posts\/978\/revisions"}],"wp:featuredmedia":[{"embeddable":true,"href":"https:\/\/www.organisator.ch\/fr\/wp-json\/wp\/v2\/media\/979"}],"wp:attachment":[{"href":"https:\/\/www.organisator.ch\/fr\/wp-json\/wp\/v2\/media?parent=978"}],"wp:term":[{"taxonomy":"category","embeddable":true,"href":"https:\/\/www.organisator.ch\/fr\/wp-json\/wp\/v2\/categories?post=978"},{"taxonomy":"post_tag","embeddable":true,"href":"https:\/\/www.organisator.ch\/fr\/wp-json\/wp\/v2\/tags?post=978"}],"curies":[{"name":"wp","href":"https:\/\/api.w.org\/{rel}","templated":true}]}}