{"id":983,"date":"2017-05-12T14:11:50","date_gmt":"2017-05-12T12:11:50","guid":{"rendered":"https:\/\/www.umweltperspektiven.ch\/?p=983"},"modified":"2022-02-09T11:06:20","modified_gmt":"2022-02-09T10:06:20","slug":"mehr-fernwaerme-und-seewasser-fuer-stadt-zuerich","status":"publish","type":"post","link":"https:\/\/www.organisator.ch\/fr\/sustainability\/2017-05-12\/mehr-fernwaerme-und-seewasser-fuer-stadt-zuerich\/","title":{"rendered":"Plus de chauffage urbain et d'eau du lac pour la ville de Zurich"},"content":{"rendered":"<figure id=\"attachment_984\" aria-describedby=\"caption-attachment-984\" style=\"width: 680px\" class=\"wp-caption alignnone\"><img loading=\"lazy\" decoding=\"async\" class=\"size-medium wp-image-984\" src=\"\/\/www.umweltperspektiven.ch\/wp-content\/uploads\/2017\/06\/Depositphotos_3835406_l-2015.jpg\" alt=\"\" width=\"680\" height=\"453\" srcset=\"https:\/\/www.organisator.ch\/wp-content\/uploads\/2017\/06\/Depositphotos_3835406_l-2015.jpg 2000w, https:\/\/www.organisator.ch\/wp-content\/uploads\/2017\/06\/Depositphotos_3835406_l-2015-680x453.jpg 680w, https:\/\/www.organisator.ch\/wp-content\/uploads\/2017\/06\/Depositphotos_3835406_l-2015-1024x682.jpg 1024w, https:\/\/www.organisator.ch\/wp-content\/uploads\/2017\/06\/Depositphotos_3835406_l-2015-768x512.jpg 768w, https:\/\/www.organisator.ch\/wp-content\/uploads\/2017\/06\/Depositphotos_3835406_l-2015-1536x1024.jpg 1536w, https:\/\/www.organisator.ch\/wp-content\/uploads\/2017\/06\/Depositphotos_3835406_l-2015-18x12.jpg 18w, https:\/\/www.organisator.ch\/wp-content\/uploads\/2017\/06\/Depositphotos_3835406_l-2015-263x175.jpg 263w, https:\/\/www.organisator.ch\/wp-content\/uploads\/2017\/06\/Depositphotos_3835406_l-2015-525x350.jpg 525w, https:\/\/www.organisator.ch\/wp-content\/uploads\/2017\/06\/Depositphotos_3835406_l-2015-1200x800.jpg 1200w, https:\/\/www.organisator.ch\/wp-content\/uploads\/2017\/06\/Depositphotos_3835406_l-2015-920x613.jpg 920w, https:\/\/www.organisator.ch\/wp-content\/uploads\/2017\/06\/Depositphotos_3835406_l-2015-1400x933.jpg 1400w, https:\/\/www.organisator.ch\/wp-content\/uploads\/2017\/06\/Depositphotos_3835406_l-2015-300x200.jpg 300w\" sizes=\"auto, (max-width: 680px) 100vw, 680px\" \/><figcaption id=\"caption-attachment-984\" class=\"wp-caption-text\">La ville de Zurich veut \u00e0 l'avenir utiliser davantage l'eau de son lac.<\/figcaption><\/figure>\n<p>Le plan \u00e9nerg\u00e9tique communal indique dans quelle zone il est judicieux d'utiliser quelles sources d'\u00e9nergie - de mani\u00e8re analogue au plan directeur pour l'urbanisation ou les transports. Sous la direction du responsable de l'\u00e9nergie, la ville de Zurich a enti\u00e8rement revu sa planification \u00e9nerg\u00e9tique au cours des deux derni\u00e8res ann\u00e9es et l'a orient\u00e9e vers les objectifs de la soci\u00e9t\u00e9 \u00e0 2000 watts. Apr\u00e8s le conseil municipal, la direction des travaux publics du canton de Zurich a \u00e9galement approuv\u00e9 la planification \u00e9nerg\u00e9tique actualis\u00e9e.<br \/>\nElle est contraignante pour le conseil municipal, l'administration et les fournisseurs d'\u00e9nergie de la ville. Pour les propri\u00e9taires fonciers, le principe du libre choix entre les \u00e9nergies renouvelables disponibles sur le site s'applique.<br \/>\nsources d'\u00e9nergie disponibles.<\/p>\n<p><strong>Extension du chauffage urbain<\/strong><br \/>\nLa ville de Zurich veut d\u00e9velopper le chauffage \u00e0 distance \u00e0 partir des centrales de chauffage \u00e0 ordures m\u00e9nag\u00e8res en \u00e9tendant et en reliant les r\u00e9seaux de chauffage \u00e0 distance existants des centrales Hagenholz et Josefstrasse. Si les \u00e9lecteurs approuvent la nouvelle conduite de raccordement pr\u00e9vue, la voie sera libre pour raccorder, de 2020 \u00e0 2045 environ, la zone de Milchbuck, des parties de Wipkingen et d'Oberstrass, le quartier de Gewerbeschul et des parties d'Aussersihl. A l'avenir, il est \u00e9galement pr\u00e9vu d'utiliser l'\u00e9nergie des eaux us\u00e9es \u00e9pur\u00e9es de la station d'\u00e9puration de Werdh\u00f6lzli. Pour ce faire, la ville de Zurich met en place, \u00e0 partir de 2020 environ, un syst\u00e8me de chauffage urbain dans le centre d'Altstetten et dans certaines parties de H\u00f6ngg. Il n'y aura toujours pas d'obligation de se raccorder au r\u00e9seau de chauffage urbain. Toutefois, pour certains immeubles situ\u00e9s dans les zones d'extension, de nouvelles options int\u00e9ressantes s'ouvrent en mati\u00e8re d'approvisionnement \u00e9nerg\u00e9tique.<\/p>\n<p><strong>Utiliser les nappes phr\u00e9atiques et l'eau des lacs avec des interconnexions \u00e9nerg\u00e9tiques<\/strong><br \/>\nDans les quartiers dens\u00e9ment peupl\u00e9s autour du bassin du lac et dans le fond de la vall\u00e9e de la Limmat, l'eau souterraine et l'eau du lac doivent \u00eatre utilis\u00e9es \u00e0 des fins de chauffage et de refroidissement. Ces sources d'\u00e9nergie seront mises \u00e0 la disposition du plus grand nombre possible de copropri\u00e9t\u00e9s sous la forme de r\u00e9seaux \u00e9nerg\u00e9tiques. De cette mani\u00e8re, de nombreux b\u00e2timents de Zurich sont d\u00e9j\u00e0 approvisionn\u00e9s en chaleur et en froid produits de mani\u00e8re \u00e9cologique. La ville de Zurich souhaite lancer et promouvoir d'autres r\u00e9seaux \u00e9nerg\u00e9tiques. Les prestataires de services \u00e9nerg\u00e9tiques de la ville, ewz et Energie 360\u00b0, ainsi que les services de conseil en \u00e9nergie de la ville, ont un r\u00f4le important \u00e0 jouer \u00e0 cet \u00e9gard.<\/p>\n<p><strong>Zone d'approvisionnement en gaz inchang\u00e9e<\/strong><br \/>\nA l'exception de Zurich-Nord, la zone d'approvisionnement en gaz restera inchang\u00e9e au cours des 15 prochaines ann\u00e9es. Dans les zones de chauffage urbain, la priorit\u00e9 est donn\u00e9e au chauffage urbain, c'est pourquoi il n'est plus pr\u00e9vu d'y raccorder de nouveaux immeubles au gaz. Font exception les objets dont le raccordement n'affecte pas la rentabilit\u00e9 du chauffage urbain. Le gaz joue toutefois un r\u00f4le important pour la couverture des charges de pointe dans les r\u00e9seaux d'\u00e9nergie et dans les zones telles que la vieille ville, o\u00f9 l'approvisionnement d\u00e9centralis\u00e9 en \u00e9nergies renouvelables est limit\u00e9 et o\u00f9 le raccordement au chauffage urbain n'est pas rentable. La part de biogaz dans le mix gazier doit passer d'environ 7% aujourd'hui \u00e0 45% d'ici 2050. Pour que les potentiels d'am\u00e9lioration de l'enveloppe des b\u00e2timents et de l'efficacit\u00e9 \u00e9nerg\u00e9tique soient exploit\u00e9s, la ville de Zurich propose des conseils dans le cadre du coaching \u00e9nerg\u00e9tique pour les nouveaux raccordements au r\u00e9seau de chauffage urbain ou de gaz. Celui-ci comprend \u00e9galement des informations sur des solutions d\u00e9centralis\u00e9es pour des b\u00e2timents individuels ou des associations de voisins.<\/p>\n<p>Source : Ville de Zurich<\/p>","protected":false},"excerpt":{"rendered":"<p>Der kommunale Energieplan zeigt auf, in welchem Gebiet welche Energietr\u00e4ger sinnvoll sind \u2013 analog zum Richtplan f\u00fcr die Siedlung oder den Verkehr. Unter der Leitung des Energiebeauftragten hat die Stadt Z\u00fcrich ihre Energieplanung in den letzten zwei Jahren vollst\u00e4ndig \u00fcberarbeitet und auf die Ziele der 2000-Watt-Gesellschaft ausgerichtet. Nach dem Stadtrat hat auch die Baudirektion des [&hellip;]<\/p>\n","protected":false},"author":1,"featured_media":984,"comment_status":"open","ping_status":"open","sticky":false,"template":"","format":"standard","meta":{"_acf_changed":false,"_yoast_wpseo_focuskw":"Fernw\u00e4rme","_yoast_wpseo_metadesc":"Die k\u00fcnftige Energieversorgung der Stadt Z\u00fcrich soll weitgehend ohne fossile Energietr\u00e4ger auskommen und wesentlich weniger CO2 ausstossen.","articlekey":"","footnotes":""},"categories":[580],"tags":[1165,1329,2100,2182],"class_list":["post-983","post","type-post","status-publish","format-standard","has-post-thumbnail","hentry","category-sustainability","tag-fernwaerme","tag-grundwasser","tag-seewasser","tag-stadt-zuerich"],"acf":[],"yoast_head":"<!-- This site is optimized with the Yoast SEO plugin v27.4 - https:\/\/yoast.com\/product\/yoast-seo-wordpress\/ -->\n<title>Mehr Fernw\u00e4rme und Seewasser f\u00fcr Stadt Z\u00fcrich - Organisator<\/title>\n<meta name=\"description\" content=\"Die k\u00fcnftige Energieversorgung der Stadt Z\u00fcrich soll weitgehend ohne fossile Energietr\u00e4ger auskommen und wesentlich weniger CO2 ausstossen.\" \/>\n<meta name=\"robots\" content=\"index, follow, max-snippet:-1, max-image-preview:large, max-video-preview:-1\" \/>\n<link rel=\"canonical\" href=\"https:\/\/www.organisator.ch\/fr\/sustainability\/2017-05-12\/mehr-fernwaerme-und-seewasser-fuer-stadt-zuerich\/\" \/>\n<meta property=\"og:locale\" content=\"fr_FR\" \/>\n<meta property=\"og:type\" content=\"article\" \/>\n<meta property=\"og:title\" content=\"Mehr Fernw\u00e4rme und Seewasser f\u00fcr Stadt Z\u00fcrich - Organisator\" \/>\n<meta property=\"og:description\" content=\"Die k\u00fcnftige Energieversorgung der Stadt Z\u00fcrich soll weitgehend ohne fossile Energietr\u00e4ger auskommen und wesentlich weniger CO2 ausstossen.\" \/>\n<meta property=\"og:url\" content=\"https:\/\/www.organisator.ch\/fr\/sustainability\/2017-05-12\/mehr-fernwaerme-und-seewasser-fuer-stadt-zuerich\/\" \/>\n<meta property=\"og:site_name\" content=\"Organisator\" \/>\n<meta property=\"article:publisher\" content=\"https:\/\/www.facebook.com\/OrganisatorFachmagazin\" \/>\n<meta property=\"article:published_time\" content=\"2017-05-12T12:11:50+00:00\" \/>\n<meta property=\"article:modified_time\" content=\"2022-02-09T10:06:20+00:00\" \/>\n<meta property=\"og:image\" content=\"https:\/\/www.organisator.ch\/wp-content\/uploads\/2017\/06\/Depositphotos_3835406_l-2015-1024x682.jpg\" \/>\n\t<meta property=\"og:image:width\" content=\"1024\" \/>\n\t<meta property=\"og:image:height\" content=\"682\" \/>\n\t<meta property=\"og:image:type\" content=\"image\/jpeg\" \/>\n<meta name=\"author\" content=\"admin\" \/>\n<meta name=\"twitter:card\" content=\"summary_large_image\" \/>\n<script type=\"application\/ld+json\" class=\"yoast-schema-graph\">{\"@context\":\"https:\\\/\\\/schema.org\",\"@graph\":[{\"@type\":\"Article\",\"@id\":\"https:\\\/\\\/www.organisator.ch\\\/sustainability\\\/2017-05-12\\\/mehr-fernwaerme-und-seewasser-fuer-stadt-zuerich\\\/#article\",\"isPartOf\":{\"@id\":\"https:\\\/\\\/www.organisator.ch\\\/sustainability\\\/2017-05-12\\\/mehr-fernwaerme-und-seewasser-fuer-stadt-zuerich\\\/\"},\"author\":{\"name\":\"admin\",\"@id\":\"https:\\\/\\\/www.organisator.ch\\\/#\\\/schema\\\/person\\\/aa2bace6c5c5aad60102004a50c4eb1c\"},\"headline\":\"Mehr Fernw\u00e4rme und Seewasser f\u00fcr Stadt Z\u00fcrich\",\"datePublished\":\"2017-05-12T12:11:50+00:00\",\"dateModified\":\"2022-02-09T10:06:20+00:00\",\"mainEntityOfPage\":{\"@id\":\"https:\\\/\\\/www.organisator.ch\\\/sustainability\\\/2017-05-12\\\/mehr-fernwaerme-und-seewasser-fuer-stadt-zuerich\\\/\"},\"wordCount\":510,\"commentCount\":0,\"publisher\":{\"@id\":\"https:\\\/\\\/www.organisator.ch\\\/#organization\"},\"image\":{\"@id\":\"https:\\\/\\\/www.organisator.ch\\\/sustainability\\\/2017-05-12\\\/mehr-fernwaerme-und-seewasser-fuer-stadt-zuerich\\\/#primaryimage\"},\"thumbnailUrl\":\"https:\\\/\\\/www.organisator.ch\\\/wp-content\\\/uploads\\\/2017\\\/06\\\/Depositphotos_3835406_l-2015.jpg\",\"keywords\":[\"Fernw\u00e4rme\",\"Grundwasser\",\"Seewasser\",\"Stadt Z\u00fcrich\"],\"articleSection\":[\"SUSTAINABILITY\"],\"inLanguage\":\"fr-FR\"},{\"@type\":\"WebPage\",\"@id\":\"https:\\\/\\\/www.organisator.ch\\\/sustainability\\\/2017-05-12\\\/mehr-fernwaerme-und-seewasser-fuer-stadt-zuerich\\\/\",\"url\":\"https:\\\/\\\/www.organisator.ch\\\/sustainability\\\/2017-05-12\\\/mehr-fernwaerme-und-seewasser-fuer-stadt-zuerich\\\/\",\"name\":\"Mehr Fernw\u00e4rme und Seewasser f\u00fcr Stadt Z\u00fcrich - Organisator\",\"isPartOf\":{\"@id\":\"https:\\\/\\\/www.organisator.ch\\\/#website\"},\"primaryImageOfPage\":{\"@id\":\"https:\\\/\\\/www.organisator.ch\\\/sustainability\\\/2017-05-12\\\/mehr-fernwaerme-und-seewasser-fuer-stadt-zuerich\\\/#primaryimage\"},\"image\":{\"@id\":\"https:\\\/\\\/www.organisator.ch\\\/sustainability\\\/2017-05-12\\\/mehr-fernwaerme-und-seewasser-fuer-stadt-zuerich\\\/#primaryimage\"},\"thumbnailUrl\":\"https:\\\/\\\/www.organisator.ch\\\/wp-content\\\/uploads\\\/2017\\\/06\\\/Depositphotos_3835406_l-2015.jpg\",\"datePublished\":\"2017-05-12T12:11:50+00:00\",\"dateModified\":\"2022-02-09T10:06:20+00:00\",\"description\":\"Die k\u00fcnftige Energieversorgung der Stadt Z\u00fcrich soll weitgehend ohne fossile Energietr\u00e4ger auskommen und wesentlich weniger CO2 ausstossen.\",\"breadcrumb\":{\"@id\":\"https:\\\/\\\/www.organisator.ch\\\/sustainability\\\/2017-05-12\\\/mehr-fernwaerme-und-seewasser-fuer-stadt-zuerich\\\/#breadcrumb\"},\"inLanguage\":\"fr-FR\",\"potentialAction\":[{\"@type\":\"ReadAction\",\"target\":[\"https:\\\/\\\/www.organisator.ch\\\/sustainability\\\/2017-05-12\\\/mehr-fernwaerme-und-seewasser-fuer-stadt-zuerich\\\/\"]}]},{\"@type\":\"ImageObject\",\"inLanguage\":\"fr-FR\",\"@id\":\"https:\\\/\\\/www.organisator.ch\\\/sustainability\\\/2017-05-12\\\/mehr-fernwaerme-und-seewasser-fuer-stadt-zuerich\\\/#primaryimage\",\"url\":\"https:\\\/\\\/www.organisator.ch\\\/wp-content\\\/uploads\\\/2017\\\/06\\\/Depositphotos_3835406_l-2015.jpg\",\"contentUrl\":\"https:\\\/\\\/www.organisator.ch\\\/wp-content\\\/uploads\\\/2017\\\/06\\\/Depositphotos_3835406_l-2015.jpg\",\"width\":2000,\"height\":1333,\"caption\":\"Die Stadt Z\u00fcrich will k\u00fcnftig ihr Seewasser st\u00e4rker nutzen.\"},{\"@type\":\"BreadcrumbList\",\"@id\":\"https:\\\/\\\/www.organisator.ch\\\/sustainability\\\/2017-05-12\\\/mehr-fernwaerme-und-seewasser-fuer-stadt-zuerich\\\/#breadcrumb\",\"itemListElement\":[{\"@type\":\"ListItem\",\"position\":1,\"name\":\"Home\",\"item\":\"https:\\\/\\\/www.organisator.ch\\\/\"},{\"@type\":\"ListItem\",\"position\":2,\"name\":\"Mehr Fernw\u00e4rme und Seewasser f\u00fcr Stadt Z\u00fcrich\"}]},{\"@type\":\"WebSite\",\"@id\":\"https:\\\/\\\/www.organisator.ch\\\/#website\",\"url\":\"https:\\\/\\\/www.organisator.ch\\\/\",\"name\":\"Organisator\",\"description\":\"Kompetent. Praxisnah. Der ORGANISATOR bereitet in 10 Ausgaben pro Jahr die wesentlichen Themen f\u00fcr F\u00fchrungskr\u00e4fte von KMU auf.\",\"publisher\":{\"@id\":\"https:\\\/\\\/www.organisator.ch\\\/#organization\"},\"potentialAction\":[{\"@type\":\"SearchAction\",\"target\":{\"@type\":\"EntryPoint\",\"urlTemplate\":\"https:\\\/\\\/www.organisator.ch\\\/?s={search_term_string}\"},\"query-input\":{\"@type\":\"PropertyValueSpecification\",\"valueRequired\":true,\"valueName\":\"search_term_string\"}}],\"inLanguage\":\"fr-FR\"},{\"@type\":\"Organization\",\"@id\":\"https:\\\/\\\/www.organisator.ch\\\/#organization\",\"name\":\"Organisator\",\"url\":\"https:\\\/\\\/www.organisator.ch\\\/\",\"logo\":{\"@type\":\"ImageObject\",\"inLanguage\":\"fr-FR\",\"@id\":\"https:\\\/\\\/www.organisator.ch\\\/#\\\/schema\\\/logo\\\/image\\\/\",\"url\":\"https:\\\/\\\/www.organisator.ch\\\/wp-content\\\/uploads\\\/2022\\\/01\\\/Logo_Organisator_Website.png\",\"contentUrl\":\"https:\\\/\\\/www.organisator.ch\\\/wp-content\\\/uploads\\\/2022\\\/01\\\/Logo_Organisator_Website.png\",\"width\":800,\"height\":77,\"caption\":\"Organisator\"},\"image\":{\"@id\":\"https:\\\/\\\/www.organisator.ch\\\/#\\\/schema\\\/logo\\\/image\\\/\"},\"sameAs\":[\"https:\\\/\\\/www.facebook.com\\\/OrganisatorFachmagazin\",\"https:\\\/\\\/www.linkedin.com\\\/showcase\\\/organisator-das-magazin-fr-kmu\",\"https:\\\/\\\/www.xing.com\\\/news\\\/pages\\\/organisator-ch-695\",\"https:\\\/\\\/www.youtube.com\\\/channel\\\/UCGP2Sq0iWaZwT3BdIAQFYpw\"]},{\"@type\":\"Person\",\"@id\":\"https:\\\/\\\/www.organisator.ch\\\/#\\\/schema\\\/person\\\/aa2bace6c5c5aad60102004a50c4eb1c\",\"name\":\"admin\",\"image\":{\"@type\":\"ImageObject\",\"inLanguage\":\"fr-FR\",\"@id\":\"https:\\\/\\\/secure.gravatar.com\\\/avatar\\\/ae2f4d718e6c49043e314ce431e7e645d646302a24a5ef5a8bc8e3f5a032e319?s=96&d=mm&r=g\",\"url\":\"https:\\\/\\\/secure.gravatar.com\\\/avatar\\\/ae2f4d718e6c49043e314ce431e7e645d646302a24a5ef5a8bc8e3f5a032e319?s=96&d=mm&r=g\",\"contentUrl\":\"https:\\\/\\\/secure.gravatar.com\\\/avatar\\\/ae2f4d718e6c49043e314ce431e7e645d646302a24a5ef5a8bc8e3f5a032e319?s=96&d=mm&r=g\",\"caption\":\"admin\"},\"sameAs\":[\"https:\\\/\\\/www.organisator.ch\"],\"url\":\"https:\\\/\\\/www.organisator.ch\\\/fr\\\/author\\\/admin\\\/\"}]}<\/script>\n<!-- \/ Yoast SEO plugin. -->","yoast_head_json":{"title":"Plus de chauffage urbain et d'eau de mer pour la ville de Zurich - Organisateur","description":"Le futur approvisionnement \u00e9nerg\u00e9tique de la ville de Zurich doit se passer en grande partie de sources d'\u00e9nergie fossiles et \u00e9mettre beaucoup moins de CO2.","robots":{"index":"index","follow":"follow","max-snippet":"max-snippet:-1","max-image-preview":"max-image-preview:large","max-video-preview":"max-video-preview:-1"},"canonical":"https:\/\/www.organisator.ch\/fr\/sustainability\/2017-05-12\/mehr-fernwaerme-und-seewasser-fuer-stadt-zuerich\/","og_locale":"fr_FR","og_type":"article","og_title":"Mehr Fernw\u00e4rme und Seewasser f\u00fcr Stadt Z\u00fcrich - Organisator","og_description":"Die k\u00fcnftige Energieversorgung der Stadt Z\u00fcrich soll weitgehend ohne fossile Energietr\u00e4ger auskommen und wesentlich weniger CO2 ausstossen.","og_url":"https:\/\/www.organisator.ch\/fr\/sustainability\/2017-05-12\/mehr-fernwaerme-und-seewasser-fuer-stadt-zuerich\/","og_site_name":"Organisator","article_publisher":"https:\/\/www.facebook.com\/OrganisatorFachmagazin","article_published_time":"2017-05-12T12:11:50+00:00","article_modified_time":"2022-02-09T10:06:20+00:00","og_image":[{"width":1024,"height":682,"url":"https:\/\/www.organisator.ch\/wp-content\/uploads\/2017\/06\/Depositphotos_3835406_l-2015-1024x682.jpg","type":"image\/jpeg"}],"author":"admin","twitter_card":"summary_large_image","schema":{"@context":"https:\/\/schema.org","@graph":[{"@type":"Article","@id":"https:\/\/www.organisator.ch\/sustainability\/2017-05-12\/mehr-fernwaerme-und-seewasser-fuer-stadt-zuerich\/#article","isPartOf":{"@id":"https:\/\/www.organisator.ch\/sustainability\/2017-05-12\/mehr-fernwaerme-und-seewasser-fuer-stadt-zuerich\/"},"author":{"name":"admin","@id":"https:\/\/www.organisator.ch\/#\/schema\/person\/aa2bace6c5c5aad60102004a50c4eb1c"},"headline":"Mehr Fernw\u00e4rme und Seewasser f\u00fcr Stadt Z\u00fcrich","datePublished":"2017-05-12T12:11:50+00:00","dateModified":"2022-02-09T10:06:20+00:00","mainEntityOfPage":{"@id":"https:\/\/www.organisator.ch\/sustainability\/2017-05-12\/mehr-fernwaerme-und-seewasser-fuer-stadt-zuerich\/"},"wordCount":510,"commentCount":0,"publisher":{"@id":"https:\/\/www.organisator.ch\/#organization"},"image":{"@id":"https:\/\/www.organisator.ch\/sustainability\/2017-05-12\/mehr-fernwaerme-und-seewasser-fuer-stadt-zuerich\/#primaryimage"},"thumbnailUrl":"https:\/\/www.organisator.ch\/wp-content\/uploads\/2017\/06\/Depositphotos_3835406_l-2015.jpg","keywords":["Fernw\u00e4rme","Grundwasser","Seewasser","Stadt Z\u00fcrich"],"articleSection":["SUSTAINABILITY"],"inLanguage":"fr-FR"},{"@type":"WebPage","@id":"https:\/\/www.organisator.ch\/sustainability\/2017-05-12\/mehr-fernwaerme-und-seewasser-fuer-stadt-zuerich\/","url":"https:\/\/www.organisator.ch\/sustainability\/2017-05-12\/mehr-fernwaerme-und-seewasser-fuer-stadt-zuerich\/","name":"Plus de chauffage urbain et d'eau de mer pour la ville de Zurich - Organisateur","isPartOf":{"@id":"https:\/\/www.organisator.ch\/#website"},"primaryImageOfPage":{"@id":"https:\/\/www.organisator.ch\/sustainability\/2017-05-12\/mehr-fernwaerme-und-seewasser-fuer-stadt-zuerich\/#primaryimage"},"image":{"@id":"https:\/\/www.organisator.ch\/sustainability\/2017-05-12\/mehr-fernwaerme-und-seewasser-fuer-stadt-zuerich\/#primaryimage"},"thumbnailUrl":"https:\/\/www.organisator.ch\/wp-content\/uploads\/2017\/06\/Depositphotos_3835406_l-2015.jpg","datePublished":"2017-05-12T12:11:50+00:00","dateModified":"2022-02-09T10:06:20+00:00","description":"Le futur approvisionnement \u00e9nerg\u00e9tique de la ville de Zurich doit se passer en grande partie de sources d'\u00e9nergie fossiles et \u00e9mettre beaucoup moins de CO2.","breadcrumb":{"@id":"https:\/\/www.organisator.ch\/sustainability\/2017-05-12\/mehr-fernwaerme-und-seewasser-fuer-stadt-zuerich\/#breadcrumb"},"inLanguage":"fr-FR","potentialAction":[{"@type":"ReadAction","target":["https:\/\/www.organisator.ch\/sustainability\/2017-05-12\/mehr-fernwaerme-und-seewasser-fuer-stadt-zuerich\/"]}]},{"@type":"ImageObject","inLanguage":"fr-FR","@id":"https:\/\/www.organisator.ch\/sustainability\/2017-05-12\/mehr-fernwaerme-und-seewasser-fuer-stadt-zuerich\/#primaryimage","url":"https:\/\/www.organisator.ch\/wp-content\/uploads\/2017\/06\/Depositphotos_3835406_l-2015.jpg","contentUrl":"https:\/\/www.organisator.ch\/wp-content\/uploads\/2017\/06\/Depositphotos_3835406_l-2015.jpg","width":2000,"height":1333,"caption":"Die Stadt Z\u00fcrich will k\u00fcnftig ihr Seewasser st\u00e4rker nutzen."},{"@type":"BreadcrumbList","@id":"https:\/\/www.organisator.ch\/sustainability\/2017-05-12\/mehr-fernwaerme-und-seewasser-fuer-stadt-zuerich\/#breadcrumb","itemListElement":[{"@type":"ListItem","position":1,"name":"Home","item":"https:\/\/www.organisator.ch\/"},{"@type":"ListItem","position":2,"name":"Mehr Fernw\u00e4rme und Seewasser f\u00fcr Stadt Z\u00fcrich"}]},{"@type":"WebSite","@id":"https:\/\/www.organisator.ch\/#website","url":"https:\/\/www.organisator.ch\/","name":"Organisateur","description":"Comp\u00e9tence et comp\u00e9tence. Proches de la pratique. L'ORGANISATEUR pr\u00e9pare 10 num\u00e9ros par an sur les th\u00e8mes essentiels pour les dirigeants de PME.","publisher":{"@id":"https:\/\/www.organisator.ch\/#organization"},"potentialAction":[{"@type":"SearchAction","target":{"@type":"EntryPoint","urlTemplate":"https:\/\/www.organisator.ch\/?s={search_term_string}"},"query-input":{"@type":"PropertyValueSpecification","valueRequired":true,"valueName":"search_term_string"}}],"inLanguage":"fr-FR"},{"@type":"Organization","@id":"https:\/\/www.organisator.ch\/#organization","name":"Organisateur","url":"https:\/\/www.organisator.ch\/","logo":{"@type":"ImageObject","inLanguage":"fr-FR","@id":"https:\/\/www.organisator.ch\/#\/schema\/logo\/image\/","url":"https:\/\/www.organisator.ch\/wp-content\/uploads\/2022\/01\/Logo_Organisator_Website.png","contentUrl":"https:\/\/www.organisator.ch\/wp-content\/uploads\/2022\/01\/Logo_Organisator_Website.png","width":800,"height":77,"caption":"Organisator"},"image":{"@id":"https:\/\/www.organisator.ch\/#\/schema\/logo\/image\/"},"sameAs":["https:\/\/www.facebook.com\/OrganisatorFachmagazin","https:\/\/www.linkedin.com\/showcase\/organisator-das-magazin-fr-kmu","https:\/\/www.xing.com\/news\/pages\/organisator-ch-695","https:\/\/www.youtube.com\/channel\/UCGP2Sq0iWaZwT3BdIAQFYpw"]},{"@type":"Person","@id":"https:\/\/www.organisator.ch\/#\/schema\/person\/aa2bace6c5c5aad60102004a50c4eb1c","name":"admin","image":{"@type":"ImageObject","inLanguage":"fr-FR","@id":"https:\/\/secure.gravatar.com\/avatar\/ae2f4d718e6c49043e314ce431e7e645d646302a24a5ef5a8bc8e3f5a032e319?s=96&d=mm&r=g","url":"https:\/\/secure.gravatar.com\/avatar\/ae2f4d718e6c49043e314ce431e7e645d646302a24a5ef5a8bc8e3f5a032e319?s=96&d=mm&r=g","contentUrl":"https:\/\/secure.gravatar.com\/avatar\/ae2f4d718e6c49043e314ce431e7e645d646302a24a5ef5a8bc8e3f5a032e319?s=96&d=mm&r=g","caption":"admin"},"sameAs":["https:\/\/www.organisator.ch"],"url":"https:\/\/www.organisator.ch\/fr\/author\/admin\/"}]}},"_links":{"self":[{"href":"https:\/\/www.organisator.ch\/fr\/wp-json\/wp\/v2\/posts\/983","targetHints":{"allow":["GET"]}}],"collection":[{"href":"https:\/\/www.organisator.ch\/fr\/wp-json\/wp\/v2\/posts"}],"about":[{"href":"https:\/\/www.organisator.ch\/fr\/wp-json\/wp\/v2\/types\/post"}],"author":[{"embeddable":true,"href":"https:\/\/www.organisator.ch\/fr\/wp-json\/wp\/v2\/users\/1"}],"replies":[{"embeddable":true,"href":"https:\/\/www.organisator.ch\/fr\/wp-json\/wp\/v2\/comments?post=983"}],"version-history":[{"count":1,"href":"https:\/\/www.organisator.ch\/fr\/wp-json\/wp\/v2\/posts\/983\/revisions"}],"predecessor-version":[{"id":10582,"href":"https:\/\/www.organisator.ch\/fr\/wp-json\/wp\/v2\/posts\/983\/revisions\/10582"}],"wp:featuredmedia":[{"embeddable":true,"href":"https:\/\/www.organisator.ch\/fr\/wp-json\/wp\/v2\/media\/984"}],"wp:attachment":[{"href":"https:\/\/www.organisator.ch\/fr\/wp-json\/wp\/v2\/media?parent=983"}],"wp:term":[{"taxonomy":"category","embeddable":true,"href":"https:\/\/www.organisator.ch\/fr\/wp-json\/wp\/v2\/categories?post=983"},{"taxonomy":"post_tag","embeddable":true,"href":"https:\/\/www.organisator.ch\/fr\/wp-json\/wp\/v2\/tags?post=983"}],"curies":[{"name":"wp","href":"https:\/\/api.w.org\/{rel}","templated":true}]}}