{"id":986,"date":"2016-07-26T08:22:02","date_gmt":"2016-07-26T06:22:02","guid":{"rendered":"http:\/\/dev.organisator.ch\/?p=986"},"modified":"2016-07-26T08:22:02","modified_gmt":"2016-07-26T06:22:02","slug":"stellensuche-schweizer-sind-nur-teilweise-zuversichtlich","status":"publish","type":"post","link":"https:\/\/www.organisator.ch\/fr\/allgemein\/2016-07-26\/stellensuche-schweizer-sind-nur-teilweise-zuversichtlich\/","title":{"rendered":"Recherche d'emploi : les Suisses ne sont que partiellement confiants"},"content":{"rendered":"<figure id=\"attachment_987\" aria-describedby=\"caption-attachment-987\" style=\"width: 640px\" class=\"wp-caption alignnone\"><img loading=\"lazy\" decoding=\"async\" class=\"size-full wp-image-987\" src=\"https:\/\/www.organisator.ch\/wp-content\/uploads\/2016\/12\/Stellensuche-Schweizer-sind-nur-teilweise-zuversichtlich-organisator.jpg\" alt=\"\" width=\"640\" height=\"426\" srcset=\"https:\/\/www.organisator.ch\/wp-content\/uploads\/2016\/12\/Stellensuche-Schweizer-sind-nur-teilweise-zuversichtlich-organisator.jpg 640w, https:\/\/www.organisator.ch\/wp-content\/uploads\/2016\/12\/Stellensuche-Schweizer-sind-nur-teilweise-zuversichtlich-organisator-16x12.jpg 16w, https:\/\/www.organisator.ch\/wp-content\/uploads\/2016\/12\/Stellensuche-Schweizer-sind-nur-teilweise-zuversichtlich-organisator-263x175.jpg 263w, https:\/\/www.organisator.ch\/wp-content\/uploads\/2016\/12\/Stellensuche-Schweizer-sind-nur-teilweise-zuversichtlich-organisator-526x350.jpg 526w, https:\/\/www.organisator.ch\/wp-content\/uploads\/2016\/12\/Stellensuche-Schweizer-sind-nur-teilweise-zuversichtlich-organisator-300x200.jpg 300w\" sizes=\"auto, (max-width: 640px) 100vw, 640px\" \/><figcaption id=\"caption-attachment-987\" class=\"wp-caption-text\">Environ la moiti\u00e9 des demandeurs d'emploi suisses s'attendent \u00e0 ce que leur domaine d'activit\u00e9 \u00e9volue positivement au cours des prochains mois. (Image : depositphotos)<\/figcaption><\/figure>\n<p>Chaque trimestre, au moins 900 candidats suisses sont interrog\u00e9s par PageGroup. Selon l'indice de confiance PageGroup, les demandeurs d'emploi su\u00e9dois sont les plus confiants dans leur avenir professionnel. Ils sont suivis par les candidats allemands. L'\u00e9tude, men\u00e9e entre avril et juin, montre que les attentes des demandeurs d'emploi suisses ont baiss\u00e9 depuis le \"choc du franc\" et les r\u00e9percussions \u00e9conomiques qui ont suivi. Quelques r\u00e9sultats :<\/p>\n<ul>\n<li>49% s'attendent \u00e0 ce que leur domaine d'activit\u00e9 \u00e9volue positivement au cours des prochains mois - 53% en Suisse al\u00e9manique, 48% en Suisse romande.<\/li>\n<li>Deux tiers (65%) s'attendent \u00e0 ce que leur \u00e9quilibre entre vie professionnelle et vie priv\u00e9e se d\u00e9t\u00e9riore. Les demandeurs d'emploi suisses de moins de 30 ans sont donc plus pessimistes que le reste de l'Europe continentale.<\/li>\n<\/ul>\n<p>Seuls 38% des candidats suisses de moins de 30 ans s'attendent \u00e0 une am\u00e9lioration \u00e0 cet \u00e9gard, contre 48% en Allemagne. La majorit\u00e9 des Suisses (58%) ne s'attend pas \u00e0 une augmentation de salaire dans l'ann\u00e9e, contre 55% l'ann\u00e9e pr\u00e9c\u00e9dente. Par rapport \u00e0 la moyenne europ\u00e9enne (37%), les demandeurs d'emploi suisses sont toutefois plus confiants quant au d\u00e9veloppement de leurs propres comp\u00e9tences (41%).<\/p>\n<p><strong>\"Qui cherche des emplois, trouve des emplois\"<\/strong><\/p>\n<p>Pr\u00e8s de la moiti\u00e9 des candidats suisses sont optimistes quant \u00e0 leur capacit\u00e9 \u00e0 trouver un nouvel emploi dans les trois prochains mois. Ce r\u00e9sultat est nettement sup\u00e9rieur \u00e0 celui de l'ann\u00e9e pr\u00e9c\u00e9dente (38%) et \u00e0 la moyenne europ\u00e9enne de 45%.<\/p>\n<p><strong>La confiance des demandeurs d'emploi d\u00e9pend consid\u00e9rablement du sexe, de l'\u00e2ge et de la r\u00e9gion :<\/strong><\/p>\n<ul>\n<li>Les hommes ont une vision plus positive que les femmes de la situation future sur le march\u00e9 du travail. Environ 67% s'attendent \u00e0 une am\u00e9lioration dans les 6 prochains mois. Chez les femmes, ce chiffre n'est que de 59%.<\/li>\n<li>Les candidats de moins de 30 ans sont les plus confiants en ce qui concerne les augmentations de salaire et ils sont optimistes quant \u00e0 la possibilit\u00e9 de trouver un nouvel emploi dans les 3 prochains mois.<\/li>\n<\/ul>\n<p>Les candidats romands sont plus confiants que les candidats al\u00e9maniques pour trouver un nouvel emploi dans un d\u00e9lai inf\u00e9rieur \u00e0 3 mois. Xavier Chauville, Executive Director chez Page Personnel (qui fait partie de PageGroup), constate : \"L'\u00e9tude montre que les jeunes demandeurs d'emploi sont particuli\u00e8rement confiants quant \u00e0 leur valeur sur le march\u00e9 du travail. Ils sont convaincus de trouver un poste et un salaire au moins \u00e9quivalents chez un nouvel employeur. Les attentes des jeunes candidats en mati\u00e8re d'\u00e9quilibre entre vie professionnelle et vie priv\u00e9e, de formation continue et de salaire sont r\u00e9alistes. Ils sont parfaitement conscients qu'ils devront travailler plus longtemps et plus dur pour y parvenir\".<\/p>\n<p>A propos de l'indice de confiance PageGroup : La base de donn\u00e9es pour l'Europe continentale a \u00e9t\u00e9 constitu\u00e9e au 1er trimestre 2016 par les r\u00e9ponses de 13 300 candidats, au 2\u00e8me trimestre les donn\u00e9es ont \u00e9t\u00e9 collect\u00e9es aupr\u00e8s de 15 700 candidats. Chaque trimestre, au moins 900 candidats suisses sont interrog\u00e9s. L'\u00e9valuation de l'\u00e9tude se fait tous les trimestres.<\/p>\n<p><a href=\"http:\/\/www.michaelpage.ch\" target=\"_blank\" data-cke-saved-href=\"http:\/\/www.michaelpage.ch\" rel=\"noopener\">www.michaelpage.ch<\/a><\/p>","protected":false},"excerpt":{"rendered":"<p>Jedes Quartal werden mindestens 900 Schweizer Kandidaten durch die PageGroup befragt. Gem\u00e4ss dem PageGroup Confidence Index blicken schwedische Stellensuchende am zuversichtlichsten in die eigene berufliche Zukunft. Darauf folgen deutsche Kandidaten. Die zwischen April und Juni erhobene Studie zeigt auf, dass bei Schweizer Stellensuchenden seit dem \u201eFrankenschock\u201c und den darauf folgenden wirtschaftlichen Auswirkungen die eigenen Erwartungen [&hellip;]<\/p>\n","protected":false},"author":1,"featured_media":987,"comment_status":"open","ping_status":"open","sticky":false,"template":"","format":"standard","meta":{"_acf_changed":false,"_yoast_wpseo_focuskw":"Stellensuche","_yoast_wpseo_metadesc":"Die Zuversicht der Schweizer liegt knapp \u00fcber dem europ\u00e4ischen Durchschnitt und ist h\u00f6her als die der Stellensuchenden in \u00d6sterreich, Frankreich und Italien","articlekey":"","footnotes":""},"categories":[1],"tags":[459],"class_list":["post-986","post","type-post","status-publish","format-standard","has-post-thumbnail","hentry","category-allgemein","tag-studie"],"acf":[],"yoast_head":"<!-- This site is optimized with the Yoast SEO plugin v27.5 - https:\/\/yoast.com\/product\/yoast-seo-wordpress\/ -->\n<title>Stellensuche: Schweizer sind nur teilweise zuversichtlich - Organisator<\/title>\n<meta name=\"description\" content=\"Die Zuversicht der Schweizer liegt knapp \u00fcber dem europ\u00e4ischen Durchschnitt und ist h\u00f6her als die der Stellensuchenden in \u00d6sterreich, Frankreich und Italien\" \/>\n<meta name=\"robots\" content=\"index, follow, max-snippet:-1, max-image-preview:large, max-video-preview:-1\" \/>\n<link rel=\"canonical\" href=\"https:\/\/www.organisator.ch\/fr\/general\/2016-07-26\/stellensuche-schweizer-sind-nur-teilweise-zuversichtlich\/\" \/>\n<meta property=\"og:locale\" content=\"fr_FR\" \/>\n<meta property=\"og:type\" content=\"article\" \/>\n<meta property=\"og:title\" content=\"Stellensuche: Schweizer sind nur teilweise zuversichtlich\" \/>\n<meta property=\"og:description\" content=\"Die Zuversicht der Schweizer liegt mit 51 Prozent knapp \u00fcber dem europ\u00e4ischen Durchschnitt (49%) und ist etwas h\u00f6her als die der Stellensuchenden in \u00d6sterreich, Frankreich oder Italien \u2013 unterstreicht die aktuelle Studie der PageGroup, eben erschienen unter dem Titel \u201eConfidence Index (April \u2013 Juni 2016)\u201c.\" \/>\n<meta property=\"og:url\" content=\"https:\/\/www.organisator.ch\/fr\/general\/2016-07-26\/stellensuche-schweizer-sind-nur-teilweise-zuversichtlich\/\" \/>\n<meta property=\"og:site_name\" content=\"Organisator\" \/>\n<meta property=\"article:publisher\" content=\"https:\/\/www.facebook.com\/OrganisatorFachmagazin\" \/>\n<meta property=\"article:published_time\" content=\"2016-07-26T06:22:02+00:00\" \/>\n<meta name=\"author\" content=\"admin\" \/>\n<meta name=\"twitter:card\" content=\"summary_large_image\" \/>\n<meta name=\"twitter:image\" content=\"https:\/\/www.organisator.ch\/wp-content\/uploads\/2016\/12\/Stellensuche-Schweizer-sind-nur-teilweise-zuversichtlich-organisator.jpg\" \/>\n<script type=\"application\/ld+json\" class=\"yoast-schema-graph\">{\"@context\":\"https:\\\/\\\/schema.org\",\"@graph\":[{\"@type\":\"Article\",\"@id\":\"https:\\\/\\\/www.organisator.ch\\\/it\\\/generale\\\/2016-07-26\\\/stellensuche-schweizer-sind-nur-teilweise-zuversichtlich\\\/#article\",\"isPartOf\":{\"@id\":\"https:\\\/\\\/www.organisator.ch\\\/it\\\/generale\\\/2016-07-26\\\/stellensuche-schweizer-sind-nur-teilweise-zuversichtlich\\\/\"},\"author\":{\"name\":\"admin\",\"@id\":\"https:\\\/\\\/www.organisator.ch\\\/#\\\/schema\\\/person\\\/aa2bace6c5c5aad60102004a50c4eb1c\"},\"headline\":\"Stellensuche: Schweizer sind nur teilweise zuversichtlich\",\"datePublished\":\"2016-07-26T06:22:02+00:00\",\"mainEntityOfPage\":{\"@id\":\"https:\\\/\\\/www.organisator.ch\\\/it\\\/generale\\\/2016-07-26\\\/stellensuche-schweizer-sind-nur-teilweise-zuversichtlich\\\/\"},\"wordCount\":416,\"commentCount\":0,\"publisher\":{\"@id\":\"https:\\\/\\\/www.organisator.ch\\\/#organization\"},\"image\":{\"@id\":\"https:\\\/\\\/www.organisator.ch\\\/it\\\/generale\\\/2016-07-26\\\/stellensuche-schweizer-sind-nur-teilweise-zuversichtlich\\\/#primaryimage\"},\"thumbnailUrl\":\"https:\\\/\\\/www.organisator.ch\\\/wp-content\\\/uploads\\\/2016\\\/12\\\/Stellensuche-Schweizer-sind-nur-teilweise-zuversichtlich-organisator.jpg\",\"keywords\":[\"Studie\"],\"articleSection\":[\"Allgemein\"],\"inLanguage\":\"fr-FR\"},{\"@type\":\"WebPage\",\"@id\":\"https:\\\/\\\/www.organisator.ch\\\/it\\\/generale\\\/2016-07-26\\\/stellensuche-schweizer-sind-nur-teilweise-zuversichtlich\\\/\",\"url\":\"https:\\\/\\\/www.organisator.ch\\\/it\\\/generale\\\/2016-07-26\\\/stellensuche-schweizer-sind-nur-teilweise-zuversichtlich\\\/\",\"name\":\"Stellensuche: Schweizer sind nur teilweise zuversichtlich - Organisator\",\"isPartOf\":{\"@id\":\"https:\\\/\\\/www.organisator.ch\\\/#website\"},\"primaryImageOfPage\":{\"@id\":\"https:\\\/\\\/www.organisator.ch\\\/it\\\/generale\\\/2016-07-26\\\/stellensuche-schweizer-sind-nur-teilweise-zuversichtlich\\\/#primaryimage\"},\"image\":{\"@id\":\"https:\\\/\\\/www.organisator.ch\\\/it\\\/generale\\\/2016-07-26\\\/stellensuche-schweizer-sind-nur-teilweise-zuversichtlich\\\/#primaryimage\"},\"thumbnailUrl\":\"https:\\\/\\\/www.organisator.ch\\\/wp-content\\\/uploads\\\/2016\\\/12\\\/Stellensuche-Schweizer-sind-nur-teilweise-zuversichtlich-organisator.jpg\",\"datePublished\":\"2016-07-26T06:22:02+00:00\",\"description\":\"Die Zuversicht der Schweizer liegt knapp \u00fcber dem europ\u00e4ischen Durchschnitt und ist h\u00f6her als die der Stellensuchenden in \u00d6sterreich, Frankreich und Italien\",\"breadcrumb\":{\"@id\":\"https:\\\/\\\/www.organisator.ch\\\/it\\\/generale\\\/2016-07-26\\\/stellensuche-schweizer-sind-nur-teilweise-zuversichtlich\\\/#breadcrumb\"},\"inLanguage\":\"fr-FR\",\"potentialAction\":[{\"@type\":\"ReadAction\",\"target\":[\"https:\\\/\\\/www.organisator.ch\\\/it\\\/generale\\\/2016-07-26\\\/stellensuche-schweizer-sind-nur-teilweise-zuversichtlich\\\/\"]}]},{\"@type\":\"ImageObject\",\"inLanguage\":\"fr-FR\",\"@id\":\"https:\\\/\\\/www.organisator.ch\\\/it\\\/generale\\\/2016-07-26\\\/stellensuche-schweizer-sind-nur-teilweise-zuversichtlich\\\/#primaryimage\",\"url\":\"https:\\\/\\\/www.organisator.ch\\\/wp-content\\\/uploads\\\/2016\\\/12\\\/Stellensuche-Schweizer-sind-nur-teilweise-zuversichtlich-organisator.jpg\",\"contentUrl\":\"https:\\\/\\\/www.organisator.ch\\\/wp-content\\\/uploads\\\/2016\\\/12\\\/Stellensuche-Schweizer-sind-nur-teilweise-zuversichtlich-organisator.jpg\",\"width\":640,\"height\":426,\"caption\":\"Rund die H\u00e4lfte der Schweizer Stellensuchenden erwarten, dass sich ihr Aufgabenbereich in den n\u00e4chsten Monaten positiv ver\u00e4ndern wird. (Bild: depositphotos)\"},{\"@type\":\"BreadcrumbList\",\"@id\":\"https:\\\/\\\/www.organisator.ch\\\/it\\\/generale\\\/2016-07-26\\\/stellensuche-schweizer-sind-nur-teilweise-zuversichtlich\\\/#breadcrumb\",\"itemListElement\":[{\"@type\":\"ListItem\",\"position\":1,\"name\":\"Home\",\"item\":\"https:\\\/\\\/www.organisator.ch\\\/\"},{\"@type\":\"ListItem\",\"position\":2,\"name\":\"Stellensuche: Schweizer sind nur teilweise zuversichtlich\"}]},{\"@type\":\"WebSite\",\"@id\":\"https:\\\/\\\/www.organisator.ch\\\/#website\",\"url\":\"https:\\\/\\\/www.organisator.ch\\\/\",\"name\":\"Organisator\",\"description\":\"Kompetent. Praxisnah. Der ORGANISATOR bereitet in 10 Ausgaben pro Jahr die wesentlichen Themen f\u00fcr F\u00fchrungskr\u00e4fte von KMU auf.\",\"publisher\":{\"@id\":\"https:\\\/\\\/www.organisator.ch\\\/#organization\"},\"potentialAction\":[{\"@type\":\"SearchAction\",\"target\":{\"@type\":\"EntryPoint\",\"urlTemplate\":\"https:\\\/\\\/www.organisator.ch\\\/?s={search_term_string}\"},\"query-input\":{\"@type\":\"PropertyValueSpecification\",\"valueRequired\":true,\"valueName\":\"search_term_string\"}}],\"inLanguage\":\"fr-FR\"},{\"@type\":\"Organization\",\"@id\":\"https:\\\/\\\/www.organisator.ch\\\/#organization\",\"name\":\"Organisator\",\"url\":\"https:\\\/\\\/www.organisator.ch\\\/\",\"logo\":{\"@type\":\"ImageObject\",\"inLanguage\":\"fr-FR\",\"@id\":\"https:\\\/\\\/www.organisator.ch\\\/#\\\/schema\\\/logo\\\/image\\\/\",\"url\":\"https:\\\/\\\/www.organisator.ch\\\/wp-content\\\/uploads\\\/2022\\\/01\\\/Logo_Organisator_Website.png\",\"contentUrl\":\"https:\\\/\\\/www.organisator.ch\\\/wp-content\\\/uploads\\\/2022\\\/01\\\/Logo_Organisator_Website.png\",\"width\":800,\"height\":77,\"caption\":\"Organisator\"},\"image\":{\"@id\":\"https:\\\/\\\/www.organisator.ch\\\/#\\\/schema\\\/logo\\\/image\\\/\"},\"sameAs\":[\"https:\\\/\\\/www.facebook.com\\\/OrganisatorFachmagazin\",\"https:\\\/\\\/www.linkedin.com\\\/showcase\\\/organisator-das-magazin-fr-kmu\",\"https:\\\/\\\/www.xing.com\\\/news\\\/pages\\\/organisator-ch-695\",\"https:\\\/\\\/www.youtube.com\\\/channel\\\/UCGP2Sq0iWaZwT3BdIAQFYpw\"]},{\"@type\":\"Person\",\"@id\":\"https:\\\/\\\/www.organisator.ch\\\/#\\\/schema\\\/person\\\/aa2bace6c5c5aad60102004a50c4eb1c\",\"name\":\"admin\",\"image\":{\"@type\":\"ImageObject\",\"inLanguage\":\"fr-FR\",\"@id\":\"https:\\\/\\\/secure.gravatar.com\\\/avatar\\\/ae2f4d718e6c49043e314ce431e7e645d646302a24a5ef5a8bc8e3f5a032e319?s=96&d=mm&r=g\",\"url\":\"https:\\\/\\\/secure.gravatar.com\\\/avatar\\\/ae2f4d718e6c49043e314ce431e7e645d646302a24a5ef5a8bc8e3f5a032e319?s=96&d=mm&r=g\",\"contentUrl\":\"https:\\\/\\\/secure.gravatar.com\\\/avatar\\\/ae2f4d718e6c49043e314ce431e7e645d646302a24a5ef5a8bc8e3f5a032e319?s=96&d=mm&r=g\",\"caption\":\"admin\"},\"sameAs\":[\"https:\\\/\\\/www.organisator.ch\"],\"url\":\"https:\\\/\\\/www.organisator.ch\\\/fr\\\/author\\\/admin\\\/\"}]}<\/script>\n<!-- \/ Yoast SEO plugin. -->","yoast_head_json":{"title":"Recherche d'emploi : les Suisses ne sont que partiellement confiants - Organisateur","description":"La confiance des Suisses se situe juste au-dessus de la moyenne europ\u00e9enne et est plus \u00e9lev\u00e9e que celle des demandeurs d'emploi en Autriche, en France et en Italie.","robots":{"index":"index","follow":"follow","max-snippet":"max-snippet:-1","max-image-preview":"max-image-preview:large","max-video-preview":"max-video-preview:-1"},"canonical":"https:\/\/www.organisator.ch\/fr\/general\/2016-07-26\/stellensuche-schweizer-sind-nur-teilweise-zuversichtlich\/","og_locale":"fr_FR","og_type":"article","og_title":"Stellensuche: Schweizer sind nur teilweise zuversichtlich","og_description":"Die Zuversicht der Schweizer liegt mit 51 Prozent knapp \u00fcber dem europ\u00e4ischen Durchschnitt (49%) und ist etwas h\u00f6her als die der Stellensuchenden in \u00d6sterreich, Frankreich oder Italien \u2013 unterstreicht die aktuelle Studie der PageGroup, eben erschienen unter dem Titel \u201eConfidence Index (April \u2013 Juni 2016)\u201c.","og_url":"https:\/\/www.organisator.ch\/fr\/general\/2016-07-26\/stellensuche-schweizer-sind-nur-teilweise-zuversichtlich\/","og_site_name":"Organisator","article_publisher":"https:\/\/www.facebook.com\/OrganisatorFachmagazin","article_published_time":"2016-07-26T06:22:02+00:00","author":"admin","twitter_card":"summary_large_image","twitter_image":"https:\/\/www.organisator.ch\/wp-content\/uploads\/2016\/12\/Stellensuche-Schweizer-sind-nur-teilweise-zuversichtlich-organisator.jpg","schema":{"@context":"https:\/\/schema.org","@graph":[{"@type":"Article","@id":"https:\/\/www.organisator.ch\/it\/generale\/2016-07-26\/stellensuche-schweizer-sind-nur-teilweise-zuversichtlich\/#article","isPartOf":{"@id":"https:\/\/www.organisator.ch\/it\/generale\/2016-07-26\/stellensuche-schweizer-sind-nur-teilweise-zuversichtlich\/"},"author":{"name":"admin","@id":"https:\/\/www.organisator.ch\/#\/schema\/person\/aa2bace6c5c5aad60102004a50c4eb1c"},"headline":"Stellensuche: Schweizer sind nur teilweise zuversichtlich","datePublished":"2016-07-26T06:22:02+00:00","mainEntityOfPage":{"@id":"https:\/\/www.organisator.ch\/it\/generale\/2016-07-26\/stellensuche-schweizer-sind-nur-teilweise-zuversichtlich\/"},"wordCount":416,"commentCount":0,"publisher":{"@id":"https:\/\/www.organisator.ch\/#organization"},"image":{"@id":"https:\/\/www.organisator.ch\/it\/generale\/2016-07-26\/stellensuche-schweizer-sind-nur-teilweise-zuversichtlich\/#primaryimage"},"thumbnailUrl":"https:\/\/www.organisator.ch\/wp-content\/uploads\/2016\/12\/Stellensuche-Schweizer-sind-nur-teilweise-zuversichtlich-organisator.jpg","keywords":["Studie"],"articleSection":["Allgemein"],"inLanguage":"fr-FR"},{"@type":"WebPage","@id":"https:\/\/www.organisator.ch\/it\/generale\/2016-07-26\/stellensuche-schweizer-sind-nur-teilweise-zuversichtlich\/","url":"https:\/\/www.organisator.ch\/it\/generale\/2016-07-26\/stellensuche-schweizer-sind-nur-teilweise-zuversichtlich\/","name":"Recherche d'emploi : les Suisses ne sont que partiellement confiants - Organisateur","isPartOf":{"@id":"https:\/\/www.organisator.ch\/#website"},"primaryImageOfPage":{"@id":"https:\/\/www.organisator.ch\/it\/generale\/2016-07-26\/stellensuche-schweizer-sind-nur-teilweise-zuversichtlich\/#primaryimage"},"image":{"@id":"https:\/\/www.organisator.ch\/it\/generale\/2016-07-26\/stellensuche-schweizer-sind-nur-teilweise-zuversichtlich\/#primaryimage"},"thumbnailUrl":"https:\/\/www.organisator.ch\/wp-content\/uploads\/2016\/12\/Stellensuche-Schweizer-sind-nur-teilweise-zuversichtlich-organisator.jpg","datePublished":"2016-07-26T06:22:02+00:00","description":"La confiance des Suisses se situe juste au-dessus de la moyenne europ\u00e9enne et est plus \u00e9lev\u00e9e que celle des demandeurs d'emploi en Autriche, en France et en Italie.","breadcrumb":{"@id":"https:\/\/www.organisator.ch\/it\/generale\/2016-07-26\/stellensuche-schweizer-sind-nur-teilweise-zuversichtlich\/#breadcrumb"},"inLanguage":"fr-FR","potentialAction":[{"@type":"ReadAction","target":["https:\/\/www.organisator.ch\/it\/generale\/2016-07-26\/stellensuche-schweizer-sind-nur-teilweise-zuversichtlich\/"]}]},{"@type":"ImageObject","inLanguage":"fr-FR","@id":"https:\/\/www.organisator.ch\/it\/generale\/2016-07-26\/stellensuche-schweizer-sind-nur-teilweise-zuversichtlich\/#primaryimage","url":"https:\/\/www.organisator.ch\/wp-content\/uploads\/2016\/12\/Stellensuche-Schweizer-sind-nur-teilweise-zuversichtlich-organisator.jpg","contentUrl":"https:\/\/www.organisator.ch\/wp-content\/uploads\/2016\/12\/Stellensuche-Schweizer-sind-nur-teilweise-zuversichtlich-organisator.jpg","width":640,"height":426,"caption":"Rund die H\u00e4lfte der Schweizer Stellensuchenden erwarten, dass sich ihr Aufgabenbereich in den n\u00e4chsten Monaten positiv ver\u00e4ndern wird. (Bild: depositphotos)"},{"@type":"BreadcrumbList","@id":"https:\/\/www.organisator.ch\/it\/generale\/2016-07-26\/stellensuche-schweizer-sind-nur-teilweise-zuversichtlich\/#breadcrumb","itemListElement":[{"@type":"ListItem","position":1,"name":"Home","item":"https:\/\/www.organisator.ch\/"},{"@type":"ListItem","position":2,"name":"Stellensuche: Schweizer sind nur teilweise zuversichtlich"}]},{"@type":"WebSite","@id":"https:\/\/www.organisator.ch\/#website","url":"https:\/\/www.organisator.ch\/","name":"Organisateur","description":"Comp\u00e9tence et comp\u00e9tence. Proches de la pratique. L'ORGANISATEUR pr\u00e9pare 10 num\u00e9ros par an sur les th\u00e8mes essentiels pour les dirigeants de PME.","publisher":{"@id":"https:\/\/www.organisator.ch\/#organization"},"potentialAction":[{"@type":"SearchAction","target":{"@type":"EntryPoint","urlTemplate":"https:\/\/www.organisator.ch\/?s={search_term_string}"},"query-input":{"@type":"PropertyValueSpecification","valueRequired":true,"valueName":"search_term_string"}}],"inLanguage":"fr-FR"},{"@type":"Organization","@id":"https:\/\/www.organisator.ch\/#organization","name":"Organisateur","url":"https:\/\/www.organisator.ch\/","logo":{"@type":"ImageObject","inLanguage":"fr-FR","@id":"https:\/\/www.organisator.ch\/#\/schema\/logo\/image\/","url":"https:\/\/www.organisator.ch\/wp-content\/uploads\/2022\/01\/Logo_Organisator_Website.png","contentUrl":"https:\/\/www.organisator.ch\/wp-content\/uploads\/2022\/01\/Logo_Organisator_Website.png","width":800,"height":77,"caption":"Organisator"},"image":{"@id":"https:\/\/www.organisator.ch\/#\/schema\/logo\/image\/"},"sameAs":["https:\/\/www.facebook.com\/OrganisatorFachmagazin","https:\/\/www.linkedin.com\/showcase\/organisator-das-magazin-fr-kmu","https:\/\/www.xing.com\/news\/pages\/organisator-ch-695","https:\/\/www.youtube.com\/channel\/UCGP2Sq0iWaZwT3BdIAQFYpw"]},{"@type":"Person","@id":"https:\/\/www.organisator.ch\/#\/schema\/person\/aa2bace6c5c5aad60102004a50c4eb1c","name":"admin","image":{"@type":"ImageObject","inLanguage":"fr-FR","@id":"https:\/\/secure.gravatar.com\/avatar\/ae2f4d718e6c49043e314ce431e7e645d646302a24a5ef5a8bc8e3f5a032e319?s=96&d=mm&r=g","url":"https:\/\/secure.gravatar.com\/avatar\/ae2f4d718e6c49043e314ce431e7e645d646302a24a5ef5a8bc8e3f5a032e319?s=96&d=mm&r=g","contentUrl":"https:\/\/secure.gravatar.com\/avatar\/ae2f4d718e6c49043e314ce431e7e645d646302a24a5ef5a8bc8e3f5a032e319?s=96&d=mm&r=g","caption":"admin"},"sameAs":["https:\/\/www.organisator.ch"],"url":"https:\/\/www.organisator.ch\/fr\/author\/admin\/"}]}},"_links":{"self":[{"href":"https:\/\/www.organisator.ch\/fr\/wp-json\/wp\/v2\/posts\/986","targetHints":{"allow":["GET"]}}],"collection":[{"href":"https:\/\/www.organisator.ch\/fr\/wp-json\/wp\/v2\/posts"}],"about":[{"href":"https:\/\/www.organisator.ch\/fr\/wp-json\/wp\/v2\/types\/post"}],"author":[{"embeddable":true,"href":"https:\/\/www.organisator.ch\/fr\/wp-json\/wp\/v2\/users\/1"}],"replies":[{"embeddable":true,"href":"https:\/\/www.organisator.ch\/fr\/wp-json\/wp\/v2\/comments?post=986"}],"version-history":[{"count":0,"href":"https:\/\/www.organisator.ch\/fr\/wp-json\/wp\/v2\/posts\/986\/revisions"}],"wp:featuredmedia":[{"embeddable":true,"href":"https:\/\/www.organisator.ch\/fr\/wp-json\/wp\/v2\/media\/987"}],"wp:attachment":[{"href":"https:\/\/www.organisator.ch\/fr\/wp-json\/wp\/v2\/media?parent=986"}],"wp:term":[{"taxonomy":"category","embeddable":true,"href":"https:\/\/www.organisator.ch\/fr\/wp-json\/wp\/v2\/categories?post=986"},{"taxonomy":"post_tag","embeddable":true,"href":"https:\/\/www.organisator.ch\/fr\/wp-json\/wp\/v2\/tags?post=986"}],"curies":[{"name":"wp","href":"https:\/\/api.w.org\/{rel}","templated":true}]}}