{"id":9900,"date":"2015-12-01T10:28:09","date_gmt":"2015-12-01T09:28:09","guid":{"rendered":"https:\/\/dev.umweltperspektiven.ch\/?p=80"},"modified":"2022-02-09T11:10:16","modified_gmt":"2022-02-09T10:10:16","slug":"adventskalender-zur-nachhaltigen-entwicklung","status":"publish","type":"post","link":"https:\/\/www.organisator.ch\/fr\/sustainability\/2015-12-01\/adventskalender-zur-nachhaltigen-entwicklung\/","title":{"rendered":"Calendrier de l'Avent pour le d\u00e9veloppement durable"},"content":{"rendered":"<figure id=\"attachment_81\" aria-describedby=\"caption-attachment-81\" style=\"width: 600px\" class=\"wp-caption alignnone\"><a href=\"\/\/dev.umweltperspektiven.ch\/wp-content\/uploads\/2016\/12\/Adventskalender-zur-Nachhaltigen-Entwicklung-umweltperspektiven.png\"><img loading=\"lazy\" decoding=\"async\" class=\"size-full wp-image-81\" src=\"\/\/dev.umweltperspektiven.ch\/wp-content\/uploads\/2016\/12\/Adventskalender-zur-Nachhaltigen-Entwicklung-umweltperspektiven.png\" alt=\"24 projets et initiatives sur le th\u00e8me du d\u00e9veloppement durable attendent les visiteurs dans un calendrier de l&#039;Avent d&#039;un autre genre.\" width=\"600\" height=\"400\" \/><\/a><figcaption id=\"caption-attachment-81\" class=\"wp-caption-text\">24 projets et initiatives sur le th\u00e8me du d\u00e9veloppement durable attendent les visiteurs dans un calendrier de l'Avent d'un autre genre.<\/figcaption><\/figure>\n<p>Contrairement au traditionnel calendrier de l'Avent en papier qui, dans de nombreux foyers, permet aux enfants de patienter jusqu'\u00e0 No\u00ebl, le calendrier de l'Avent en papier atteint un niveau de qualit\u00e9 sup\u00e9rieur. <a href=\"http:\/\/www.online-adventskalender.info\/\" target=\"_blank\" data-cke-saved-href=\"\/\/www.online-adventskalender.info\/\" rel=\"noopener\">Calendrier de l'avent pour le d\u00e9veloppement durable<\/a> un public de plus de 30'000 personnes en Suisse, en Allemagne et en Italie. Cette ann\u00e9e, les points forts th\u00e9matiques du calendrier du site web sont la vision d'une \u00e9conomie circulaire qui transforme le produit final \"d\u00e9chet\" en ressource, l'int\u00e9gration des personnes ayant des difficult\u00e9s d'acc\u00e8s au march\u00e9 du travail ainsi que la protection du climat - plus que jamais d'actualit\u00e9 avec le sommet sur le climat qui s'ouvre aujourd'hui \u00e0 Paris. En accord avec le th\u00e8me du jour, l'un des 17 objectifs de l'ONU pour le d\u00e9veloppement durable est en outre pr\u00e9sent\u00e9 chaque jour. Ceux-ci ont \u00e9t\u00e9 adopt\u00e9s en septembre par l'ONU dans le cadre de l'Agenda 2030 pour un monde durable.<\/p>\n<p>Comme chaque ann\u00e9e, il est possible d'approfondir ses connaissances sur les th\u00e8mes du jour en r\u00e9pondant \u00e0 un quiz et, avec un peu de chance, de gagner des cadeaux de No\u00ebl durables. Chaque jour, un livre actuel en rapport avec le th\u00e8me du jour est pr\u00e9sent\u00e9 et dans la section 'Tips for Kids', les enfants et les familles trouveront des suggestions d'excursions, de jeux et de bricolages.<\/p>\n<p>Outre les informations, le calendrier de l'Avent propose \u00e9galement un \u00e9change interactif : Dans des chats d'experts, les lecteurs peuvent poser des questions sur les th\u00e8mes principaux. Le 1er d\u00e9cembre, Alexandra Sauer, responsable de projet pour le d\u00e9veloppement durable chez Coop, r\u00e9pondra aux questions sur la strat\u00e9gie de d\u00e9veloppement durable de l'entreprise de commerce de d\u00e9tail. Le 8 d\u00e9cembre, Patrick Hofstetter, responsable climat et \u00e9nergie au WWF Suisse et membre de la d\u00e9l\u00e9gation suisse \u00e0 la COP21, donnera un aper\u00e7u exclusif de ce qui se passe \u00e0 la conf\u00e9rence sur le climat \u00e0 Paris. Et ceux qui le souhaitent pourront discuter de l'Agenda 2030 avec l'envoy\u00e9 sp\u00e9cial suisse Michael Gerber le 11 d\u00e9cembre.<\/p>","protected":false},"excerpt":{"rendered":"<p>Anders als der traditionelle Adventskalender aus Papier, der in vielen Haushalten den Kindern die Wartezeit bis Weihnachten verk\u00fcrzt, erreicht der Adventskalender Nachhaltige Entwicklung ein Publikum von \u00fcber 30\u2018000 Menschen in der Schweiz, Deutschland und Italien. Die thematischen Schwerpunkte des Website-Kalenders bilden dieses Jahr die Vision einer Kreislaufwirtschaft, welche das Endprodukt \u201eAbfall\u201c zur Ressource macht, die [&hellip;]<\/p>\n","protected":false},"author":1,"featured_media":9337,"comment_status":"open","ping_status":"open","sticky":false,"template":"","format":"standard","meta":{"_acf_changed":false,"_yoast_wpseo_focuskw":"Entwicklung","_yoast_wpseo_metadesc":"Die Website \u201eAdventskalender Nachhaltige Entwicklung 2015\u201c zeigt an 24 Tagen im Dezember Projekte und Initiativen zur F\u00f6rderung verantwortungsvollen Wirtschaftens und Handelns.","articlekey":"","footnotes":""},"categories":[580],"tags":[675,679,1760,1853],"class_list":["post-9900","post","type-post","status-publish","format-standard","has-post-thumbnail","hentry","category-sustainability","tag-adventskalender","tag-agenda-2030","tag-nachhaltige-entwicklung","tag-oebu"],"acf":[],"yoast_head":"<!-- This site is optimized with the Yoast SEO plugin v27.4 - https:\/\/yoast.com\/product\/yoast-seo-wordpress\/ -->\n<title>Adventskalender zur Nachhaltigen Entwicklung - Organisator<\/title>\n<meta name=\"description\" content=\"Die Website \u201eAdventskalender Nachhaltige Entwicklung 2015\u201c zeigt an 24 Tagen im Dezember Projekte und Initiativen zur F\u00f6rderung verantwortungsvollen Wirtschaftens und Handelns.\" \/>\n<meta name=\"robots\" content=\"index, follow, max-snippet:-1, max-image-preview:large, max-video-preview:-1\" \/>\n<link rel=\"canonical\" href=\"https:\/\/www.organisator.ch\/fr\/sustainability\/2015-12-01\/adventskalender-zur-nachhaltigen-entwicklung\/\" \/>\n<meta property=\"og:locale\" content=\"fr_FR\" \/>\n<meta property=\"og:type\" content=\"article\" \/>\n<meta property=\"og:title\" content=\"Adventskalender zur Nachhaltigen Entwicklung - Organisator\" \/>\n<meta property=\"og:description\" content=\"Die Website \u201eAdventskalender Nachhaltige Entwicklung 2015\u201c zeigt an 24 Tagen im Dezember Projekte und Initiativen zur F\u00f6rderung verantwortungsvollen Wirtschaftens und Handelns.\" \/>\n<meta property=\"og:url\" content=\"https:\/\/www.organisator.ch\/fr\/sustainability\/2015-12-01\/adventskalender-zur-nachhaltigen-entwicklung\/\" \/>\n<meta property=\"og:site_name\" content=\"Organisator\" \/>\n<meta property=\"article:publisher\" content=\"https:\/\/www.facebook.com\/OrganisatorFachmagazin\" \/>\n<meta property=\"article:published_time\" content=\"2015-12-01T09:28:09+00:00\" \/>\n<meta property=\"article:modified_time\" content=\"2022-02-09T10:10:16+00:00\" \/>\n<meta property=\"og:image\" content=\"https:\/\/www.organisator.ch\/wp-content\/uploads\/2016\/12\/Adventskalender-zur-Nachhaltigen-Entwicklung-umweltperspektiven.png\" \/>\n\t<meta property=\"og:image:width\" content=\"600\" \/>\n\t<meta property=\"og:image:height\" content=\"400\" \/>\n\t<meta property=\"og:image:type\" content=\"image\/png\" \/>\n<meta name=\"author\" content=\"admin\" \/>\n<meta name=\"twitter:card\" content=\"summary_large_image\" \/>\n<script type=\"application\/ld+json\" class=\"yoast-schema-graph\">{\"@context\":\"https:\\\/\\\/schema.org\",\"@graph\":[{\"@type\":\"Article\",\"@id\":\"https:\\\/\\\/www.organisator.ch\\\/sustainability\\\/2015-12-01\\\/adventskalender-zur-nachhaltigen-entwicklung\\\/#article\",\"isPartOf\":{\"@id\":\"https:\\\/\\\/www.organisator.ch\\\/sustainability\\\/2015-12-01\\\/adventskalender-zur-nachhaltigen-entwicklung\\\/\"},\"author\":{\"name\":\"admin\",\"@id\":\"https:\\\/\\\/www.organisator.ch\\\/#\\\/schema\\\/person\\\/aa2bace6c5c5aad60102004a50c4eb1c\"},\"headline\":\"Adventskalender zur Nachhaltigen Entwicklung\",\"datePublished\":\"2015-12-01T09:28:09+00:00\",\"dateModified\":\"2022-02-09T10:10:16+00:00\",\"mainEntityOfPage\":{\"@id\":\"https:\\\/\\\/www.organisator.ch\\\/sustainability\\\/2015-12-01\\\/adventskalender-zur-nachhaltigen-entwicklung\\\/\"},\"wordCount\":269,\"commentCount\":0,\"publisher\":{\"@id\":\"https:\\\/\\\/www.organisator.ch\\\/#organization\"},\"image\":{\"@id\":\"https:\\\/\\\/www.organisator.ch\\\/sustainability\\\/2015-12-01\\\/adventskalender-zur-nachhaltigen-entwicklung\\\/#primaryimage\"},\"thumbnailUrl\":\"https:\\\/\\\/www.organisator.ch\\\/wp-content\\\/uploads\\\/2016\\\/12\\\/Adventskalender-zur-Nachhaltigen-Entwicklung-umweltperspektiven.png\",\"keywords\":[\"Adventskalender\",\"Agenda 2030\",\"nachhaltige Entwicklung\",\"\u00f6bu\"],\"articleSection\":[\"SUSTAINABILITY\"],\"inLanguage\":\"fr-FR\"},{\"@type\":\"WebPage\",\"@id\":\"https:\\\/\\\/www.organisator.ch\\\/sustainability\\\/2015-12-01\\\/adventskalender-zur-nachhaltigen-entwicklung\\\/\",\"url\":\"https:\\\/\\\/www.organisator.ch\\\/sustainability\\\/2015-12-01\\\/adventskalender-zur-nachhaltigen-entwicklung\\\/\",\"name\":\"Adventskalender zur Nachhaltigen Entwicklung - Organisator\",\"isPartOf\":{\"@id\":\"https:\\\/\\\/www.organisator.ch\\\/#website\"},\"primaryImageOfPage\":{\"@id\":\"https:\\\/\\\/www.organisator.ch\\\/sustainability\\\/2015-12-01\\\/adventskalender-zur-nachhaltigen-entwicklung\\\/#primaryimage\"},\"image\":{\"@id\":\"https:\\\/\\\/www.organisator.ch\\\/sustainability\\\/2015-12-01\\\/adventskalender-zur-nachhaltigen-entwicklung\\\/#primaryimage\"},\"thumbnailUrl\":\"https:\\\/\\\/www.organisator.ch\\\/wp-content\\\/uploads\\\/2016\\\/12\\\/Adventskalender-zur-Nachhaltigen-Entwicklung-umweltperspektiven.png\",\"datePublished\":\"2015-12-01T09:28:09+00:00\",\"dateModified\":\"2022-02-09T10:10:16+00:00\",\"description\":\"Die Website \u201eAdventskalender Nachhaltige Entwicklung 2015\u201c zeigt an 24 Tagen im Dezember Projekte und Initiativen zur F\u00f6rderung verantwortungsvollen Wirtschaftens und Handelns.\",\"breadcrumb\":{\"@id\":\"https:\\\/\\\/www.organisator.ch\\\/sustainability\\\/2015-12-01\\\/adventskalender-zur-nachhaltigen-entwicklung\\\/#breadcrumb\"},\"inLanguage\":\"fr-FR\",\"potentialAction\":[{\"@type\":\"ReadAction\",\"target\":[\"https:\\\/\\\/www.organisator.ch\\\/sustainability\\\/2015-12-01\\\/adventskalender-zur-nachhaltigen-entwicklung\\\/\"]}]},{\"@type\":\"ImageObject\",\"inLanguage\":\"fr-FR\",\"@id\":\"https:\\\/\\\/www.organisator.ch\\\/sustainability\\\/2015-12-01\\\/adventskalender-zur-nachhaltigen-entwicklung\\\/#primaryimage\",\"url\":\"https:\\\/\\\/www.organisator.ch\\\/wp-content\\\/uploads\\\/2016\\\/12\\\/Adventskalender-zur-Nachhaltigen-Entwicklung-umweltperspektiven.png\",\"contentUrl\":\"https:\\\/\\\/www.organisator.ch\\\/wp-content\\\/uploads\\\/2016\\\/12\\\/Adventskalender-zur-Nachhaltigen-Entwicklung-umweltperspektiven.png\",\"width\":600,\"height\":400,\"caption\":\"24 Projekte und Initiativen zum Thema Nachhaltige Entwicklung warten in einem Adventskalender der anderen Art auf Besucher.\"},{\"@type\":\"BreadcrumbList\",\"@id\":\"https:\\\/\\\/www.organisator.ch\\\/sustainability\\\/2015-12-01\\\/adventskalender-zur-nachhaltigen-entwicklung\\\/#breadcrumb\",\"itemListElement\":[{\"@type\":\"ListItem\",\"position\":1,\"name\":\"Home\",\"item\":\"https:\\\/\\\/www.organisator.ch\\\/\"},{\"@type\":\"ListItem\",\"position\":2,\"name\":\"Adventskalender zur Nachhaltigen Entwicklung\"}]},{\"@type\":\"WebSite\",\"@id\":\"https:\\\/\\\/www.organisator.ch\\\/#website\",\"url\":\"https:\\\/\\\/www.organisator.ch\\\/\",\"name\":\"Organisator\",\"description\":\"Kompetent. Praxisnah. Der ORGANISATOR bereitet in 10 Ausgaben pro Jahr die wesentlichen Themen f\u00fcr F\u00fchrungskr\u00e4fte von KMU auf.\",\"publisher\":{\"@id\":\"https:\\\/\\\/www.organisator.ch\\\/#organization\"},\"potentialAction\":[{\"@type\":\"SearchAction\",\"target\":{\"@type\":\"EntryPoint\",\"urlTemplate\":\"https:\\\/\\\/www.organisator.ch\\\/?s={search_term_string}\"},\"query-input\":{\"@type\":\"PropertyValueSpecification\",\"valueRequired\":true,\"valueName\":\"search_term_string\"}}],\"inLanguage\":\"fr-FR\"},{\"@type\":\"Organization\",\"@id\":\"https:\\\/\\\/www.organisator.ch\\\/#organization\",\"name\":\"Organisator\",\"url\":\"https:\\\/\\\/www.organisator.ch\\\/\",\"logo\":{\"@type\":\"ImageObject\",\"inLanguage\":\"fr-FR\",\"@id\":\"https:\\\/\\\/www.organisator.ch\\\/#\\\/schema\\\/logo\\\/image\\\/\",\"url\":\"https:\\\/\\\/www.organisator.ch\\\/wp-content\\\/uploads\\\/2022\\\/01\\\/Logo_Organisator_Website.png\",\"contentUrl\":\"https:\\\/\\\/www.organisator.ch\\\/wp-content\\\/uploads\\\/2022\\\/01\\\/Logo_Organisator_Website.png\",\"width\":800,\"height\":77,\"caption\":\"Organisator\"},\"image\":{\"@id\":\"https:\\\/\\\/www.organisator.ch\\\/#\\\/schema\\\/logo\\\/image\\\/\"},\"sameAs\":[\"https:\\\/\\\/www.facebook.com\\\/OrganisatorFachmagazin\",\"https:\\\/\\\/www.linkedin.com\\\/showcase\\\/organisator-das-magazin-fr-kmu\",\"https:\\\/\\\/www.xing.com\\\/news\\\/pages\\\/organisator-ch-695\",\"https:\\\/\\\/www.youtube.com\\\/channel\\\/UCGP2Sq0iWaZwT3BdIAQFYpw\"]},{\"@type\":\"Person\",\"@id\":\"https:\\\/\\\/www.organisator.ch\\\/#\\\/schema\\\/person\\\/aa2bace6c5c5aad60102004a50c4eb1c\",\"name\":\"admin\",\"image\":{\"@type\":\"ImageObject\",\"inLanguage\":\"fr-FR\",\"@id\":\"https:\\\/\\\/secure.gravatar.com\\\/avatar\\\/ae2f4d718e6c49043e314ce431e7e645d646302a24a5ef5a8bc8e3f5a032e319?s=96&d=mm&r=g\",\"url\":\"https:\\\/\\\/secure.gravatar.com\\\/avatar\\\/ae2f4d718e6c49043e314ce431e7e645d646302a24a5ef5a8bc8e3f5a032e319?s=96&d=mm&r=g\",\"contentUrl\":\"https:\\\/\\\/secure.gravatar.com\\\/avatar\\\/ae2f4d718e6c49043e314ce431e7e645d646302a24a5ef5a8bc8e3f5a032e319?s=96&d=mm&r=g\",\"caption\":\"admin\"},\"sameAs\":[\"https:\\\/\\\/www.organisator.ch\"],\"url\":\"https:\\\/\\\/www.organisator.ch\\\/fr\\\/author\\\/admin\\\/\"}]}<\/script>\n<!-- \/ Yoast SEO plugin. -->","yoast_head_json":{"title":"Calendrier de l'avent pour le d\u00e9veloppement durable - Organisateur","description":"Le site web \"Calendrier de l'Avent pour le d\u00e9veloppement durable 2015\" pr\u00e9sente, pendant 24 jours en d\u00e9cembre, des projets et des initiatives visant \u00e0 promouvoir une \u00e9conomie et une action responsables.","robots":{"index":"index","follow":"follow","max-snippet":"max-snippet:-1","max-image-preview":"max-image-preview:large","max-video-preview":"max-video-preview:-1"},"canonical":"https:\/\/www.organisator.ch\/fr\/sustainability\/2015-12-01\/adventskalender-zur-nachhaltigen-entwicklung\/","og_locale":"fr_FR","og_type":"article","og_title":"Adventskalender zur Nachhaltigen Entwicklung - Organisator","og_description":"Die Website \u201eAdventskalender Nachhaltige Entwicklung 2015\u201c zeigt an 24 Tagen im Dezember Projekte und Initiativen zur F\u00f6rderung verantwortungsvollen Wirtschaftens und Handelns.","og_url":"https:\/\/www.organisator.ch\/fr\/sustainability\/2015-12-01\/adventskalender-zur-nachhaltigen-entwicklung\/","og_site_name":"Organisator","article_publisher":"https:\/\/www.facebook.com\/OrganisatorFachmagazin","article_published_time":"2015-12-01T09:28:09+00:00","article_modified_time":"2022-02-09T10:10:16+00:00","og_image":[{"width":600,"height":400,"url":"https:\/\/www.organisator.ch\/wp-content\/uploads\/2016\/12\/Adventskalender-zur-Nachhaltigen-Entwicklung-umweltperspektiven.png","type":"image\/png"}],"author":"admin","twitter_card":"summary_large_image","schema":{"@context":"https:\/\/schema.org","@graph":[{"@type":"Article","@id":"https:\/\/www.organisator.ch\/sustainability\/2015-12-01\/adventskalender-zur-nachhaltigen-entwicklung\/#article","isPartOf":{"@id":"https:\/\/www.organisator.ch\/sustainability\/2015-12-01\/adventskalender-zur-nachhaltigen-entwicklung\/"},"author":{"name":"admin","@id":"https:\/\/www.organisator.ch\/#\/schema\/person\/aa2bace6c5c5aad60102004a50c4eb1c"},"headline":"Adventskalender zur Nachhaltigen Entwicklung","datePublished":"2015-12-01T09:28:09+00:00","dateModified":"2022-02-09T10:10:16+00:00","mainEntityOfPage":{"@id":"https:\/\/www.organisator.ch\/sustainability\/2015-12-01\/adventskalender-zur-nachhaltigen-entwicklung\/"},"wordCount":269,"commentCount":0,"publisher":{"@id":"https:\/\/www.organisator.ch\/#organization"},"image":{"@id":"https:\/\/www.organisator.ch\/sustainability\/2015-12-01\/adventskalender-zur-nachhaltigen-entwicklung\/#primaryimage"},"thumbnailUrl":"https:\/\/www.organisator.ch\/wp-content\/uploads\/2016\/12\/Adventskalender-zur-Nachhaltigen-Entwicklung-umweltperspektiven.png","keywords":["Adventskalender","Agenda 2030","nachhaltige Entwicklung","\u00f6bu"],"articleSection":["SUSTAINABILITY"],"inLanguage":"fr-FR"},{"@type":"WebPage","@id":"https:\/\/www.organisator.ch\/sustainability\/2015-12-01\/adventskalender-zur-nachhaltigen-entwicklung\/","url":"https:\/\/www.organisator.ch\/sustainability\/2015-12-01\/adventskalender-zur-nachhaltigen-entwicklung\/","name":"Calendrier de l'avent pour le d\u00e9veloppement durable - Organisateur","isPartOf":{"@id":"https:\/\/www.organisator.ch\/#website"},"primaryImageOfPage":{"@id":"https:\/\/www.organisator.ch\/sustainability\/2015-12-01\/adventskalender-zur-nachhaltigen-entwicklung\/#primaryimage"},"image":{"@id":"https:\/\/www.organisator.ch\/sustainability\/2015-12-01\/adventskalender-zur-nachhaltigen-entwicklung\/#primaryimage"},"thumbnailUrl":"https:\/\/www.organisator.ch\/wp-content\/uploads\/2016\/12\/Adventskalender-zur-Nachhaltigen-Entwicklung-umweltperspektiven.png","datePublished":"2015-12-01T09:28:09+00:00","dateModified":"2022-02-09T10:10:16+00:00","description":"Le site web \"Calendrier de l'Avent pour le d\u00e9veloppement durable 2015\" pr\u00e9sente, pendant 24 jours en d\u00e9cembre, des projets et des initiatives visant \u00e0 promouvoir une \u00e9conomie et une action responsables.","breadcrumb":{"@id":"https:\/\/www.organisator.ch\/sustainability\/2015-12-01\/adventskalender-zur-nachhaltigen-entwicklung\/#breadcrumb"},"inLanguage":"fr-FR","potentialAction":[{"@type":"ReadAction","target":["https:\/\/www.organisator.ch\/sustainability\/2015-12-01\/adventskalender-zur-nachhaltigen-entwicklung\/"]}]},{"@type":"ImageObject","inLanguage":"fr-FR","@id":"https:\/\/www.organisator.ch\/sustainability\/2015-12-01\/adventskalender-zur-nachhaltigen-entwicklung\/#primaryimage","url":"https:\/\/www.organisator.ch\/wp-content\/uploads\/2016\/12\/Adventskalender-zur-Nachhaltigen-Entwicklung-umweltperspektiven.png","contentUrl":"https:\/\/www.organisator.ch\/wp-content\/uploads\/2016\/12\/Adventskalender-zur-Nachhaltigen-Entwicklung-umweltperspektiven.png","width":600,"height":400,"caption":"24 Projekte und Initiativen zum Thema Nachhaltige Entwicklung warten in einem Adventskalender der anderen Art auf Besucher."},{"@type":"BreadcrumbList","@id":"https:\/\/www.organisator.ch\/sustainability\/2015-12-01\/adventskalender-zur-nachhaltigen-entwicklung\/#breadcrumb","itemListElement":[{"@type":"ListItem","position":1,"name":"Home","item":"https:\/\/www.organisator.ch\/"},{"@type":"ListItem","position":2,"name":"Adventskalender zur Nachhaltigen Entwicklung"}]},{"@type":"WebSite","@id":"https:\/\/www.organisator.ch\/#website","url":"https:\/\/www.organisator.ch\/","name":"Organisateur","description":"Comp\u00e9tence et comp\u00e9tence. Proches de la pratique. L'ORGANISATEUR pr\u00e9pare 10 num\u00e9ros par an sur les th\u00e8mes essentiels pour les dirigeants de PME.","publisher":{"@id":"https:\/\/www.organisator.ch\/#organization"},"potentialAction":[{"@type":"SearchAction","target":{"@type":"EntryPoint","urlTemplate":"https:\/\/www.organisator.ch\/?s={search_term_string}"},"query-input":{"@type":"PropertyValueSpecification","valueRequired":true,"valueName":"search_term_string"}}],"inLanguage":"fr-FR"},{"@type":"Organization","@id":"https:\/\/www.organisator.ch\/#organization","name":"Organisateur","url":"https:\/\/www.organisator.ch\/","logo":{"@type":"ImageObject","inLanguage":"fr-FR","@id":"https:\/\/www.organisator.ch\/#\/schema\/logo\/image\/","url":"https:\/\/www.organisator.ch\/wp-content\/uploads\/2022\/01\/Logo_Organisator_Website.png","contentUrl":"https:\/\/www.organisator.ch\/wp-content\/uploads\/2022\/01\/Logo_Organisator_Website.png","width":800,"height":77,"caption":"Organisator"},"image":{"@id":"https:\/\/www.organisator.ch\/#\/schema\/logo\/image\/"},"sameAs":["https:\/\/www.facebook.com\/OrganisatorFachmagazin","https:\/\/www.linkedin.com\/showcase\/organisator-das-magazin-fr-kmu","https:\/\/www.xing.com\/news\/pages\/organisator-ch-695","https:\/\/www.youtube.com\/channel\/UCGP2Sq0iWaZwT3BdIAQFYpw"]},{"@type":"Person","@id":"https:\/\/www.organisator.ch\/#\/schema\/person\/aa2bace6c5c5aad60102004a50c4eb1c","name":"admin","image":{"@type":"ImageObject","inLanguage":"fr-FR","@id":"https:\/\/secure.gravatar.com\/avatar\/ae2f4d718e6c49043e314ce431e7e645d646302a24a5ef5a8bc8e3f5a032e319?s=96&d=mm&r=g","url":"https:\/\/secure.gravatar.com\/avatar\/ae2f4d718e6c49043e314ce431e7e645d646302a24a5ef5a8bc8e3f5a032e319?s=96&d=mm&r=g","contentUrl":"https:\/\/secure.gravatar.com\/avatar\/ae2f4d718e6c49043e314ce431e7e645d646302a24a5ef5a8bc8e3f5a032e319?s=96&d=mm&r=g","caption":"admin"},"sameAs":["https:\/\/www.organisator.ch"],"url":"https:\/\/www.organisator.ch\/fr\/author\/admin\/"}]}},"_links":{"self":[{"href":"https:\/\/www.organisator.ch\/fr\/wp-json\/wp\/v2\/posts\/9900","targetHints":{"allow":["GET"]}}],"collection":[{"href":"https:\/\/www.organisator.ch\/fr\/wp-json\/wp\/v2\/posts"}],"about":[{"href":"https:\/\/www.organisator.ch\/fr\/wp-json\/wp\/v2\/types\/post"}],"author":[{"embeddable":true,"href":"https:\/\/www.organisator.ch\/fr\/wp-json\/wp\/v2\/users\/1"}],"replies":[{"embeddable":true,"href":"https:\/\/www.organisator.ch\/fr\/wp-json\/wp\/v2\/comments?post=9900"}],"version-history":[{"count":1,"href":"https:\/\/www.organisator.ch\/fr\/wp-json\/wp\/v2\/posts\/9900\/revisions"}],"predecessor-version":[{"id":10978,"href":"https:\/\/www.organisator.ch\/fr\/wp-json\/wp\/v2\/posts\/9900\/revisions\/10978"}],"wp:featuredmedia":[{"embeddable":true,"href":"https:\/\/www.organisator.ch\/fr\/wp-json\/wp\/v2\/media\/9337"}],"wp:attachment":[{"href":"https:\/\/www.organisator.ch\/fr\/wp-json\/wp\/v2\/media?parent=9900"}],"wp:term":[{"taxonomy":"category","embeddable":true,"href":"https:\/\/www.organisator.ch\/fr\/wp-json\/wp\/v2\/categories?post=9900"},{"taxonomy":"post_tag","embeddable":true,"href":"https:\/\/www.organisator.ch\/fr\/wp-json\/wp\/v2\/tags?post=9900"}],"curies":[{"name":"wp","href":"https:\/\/api.w.org\/{rel}","templated":true}]}}