{"id":9910,"date":"2016-01-14T14:10:58","date_gmt":"2016-01-14T13:10:58","guid":{"rendered":"https:\/\/dev.umweltperspektiven.ch\/?p=171"},"modified":"2022-02-09T11:10:57","modified_gmt":"2022-02-09T10:10:57","slug":"ifat-bereits-ausgebucht","status":"publish","type":"post","link":"https:\/\/www.organisator.ch\/fr\/sustainability\/2016-01-14\/ifat-bereits-ausgebucht\/","title":{"rendered":"L'IFAT affiche d\u00e9j\u00e0 complet"},"content":{"rendered":"<figure id=\"attachment_173\" aria-describedby=\"caption-attachment-173\" style=\"width: 680px\" class=\"wp-caption alignnone\"><a href=\"\/\/dev.umweltperspektiven.ch\/wp-content\/uploads\/2016\/01\/IFAT-bereits-ausgebucht-umweltperspektiven.jpg\"><img loading=\"lazy\" decoding=\"async\" class=\"size-medium wp-image-173\" src=\"\/\/dev.umweltperspektiven.ch\/wp-content\/uploads\/2016\/01\/IFAT-bereits-ausgebucht-umweltperspektiven.jpg\" alt=\"Sur la voie du succ\u00e8s : l&#039;IFAT \u00e0 Munich\" width=\"680\" height=\"453\" \/><\/a><figcaption id=\"caption-attachment-173\" class=\"wp-caption-text\">Sur la voie du succ\u00e8s : l'IFAT \u00e0 Munich<\/figcaption><\/figure>\n<p>16 halls enti\u00e8rement occup\u00e9s, 230'000 m\u00e8tres carr\u00e9s de surface d'exposition et plus de 3000 exposants : la demande des entreprises pour l'IFAT est toujours aussi forte. Dans les secteurs de l'eau et du recyclage, des listes d'attente sont d\u00e9j\u00e0 en cours.<\/p>\n<p><strong>50 ans d'IFAT<\/strong><br \/>\nEn 2016, le salon leader mondial des technologies environnementales en sera d\u00e9j\u00e0 \u00e0 sa 50e \u00e9dition. En 1966, le salon a d\u00e9but\u00e9 sous le nom de \"Salon international des techniques d'assainissement\" en tant que plateforme de pr\u00e9sentation pour la gestion des eaux us\u00e9es. Sur une surface de 18 000 m\u00e8tres carr\u00e9s, 147 exposants de neuf pays ainsi que 7650 visiteurs de 40 nations y ont particip\u00e9. \u00c0 l'\u00e9poque, la manifestation \u00e9tait donc encore assez claire. Au fil des ann\u00e9es, elle a affich\u00e9 des taux de croissance remarquables dans tous les domaines, y compris dans les nouveaux venus comme l'approvisionnement en eau, le recyclage et les techniques communales.<\/p>\n<p><strong>Tous les halls sont occup\u00e9s<\/strong><br \/>\nL'IFAT 2016 occupera les 16 halls et une partie de l'espace ext\u00e9rieur, pour un total de 230 000 m\u00e8tres carr\u00e9s de surface d'exposition. 115.000 m\u00e8tres carr\u00e9s sont consacr\u00e9s au secteur de l'eau et des eaux us\u00e9es et 115.000 m\u00e8tres carr\u00e9s au secteur du recyclage et des techniques communales. En outre, plus de 135.000 visiteurs du monde entier sont attendus au salon leader mondial de la gestion de l'eau, des eaux us\u00e9es, des d\u00e9chets et des mati\u00e8res premi\u00e8res.<\/p>\n<p><strong>Base de donn\u00e9es des exposants en ligne<\/strong><br \/>\nVu le nombre d'exposants et de visiteurs ainsi que la taille du site, une bonne planification pr\u00e9alable est indispensable. Le r\u00e9pertoire des exposants est une aide importante \u00e0 cet \u00e9gard sous <a href=\"http:\/\/www.ifat.de\/ausstellerverzeichnis\" target=\"_blank\" data-cke-saved-href=\"\/\/www.ifat.de\/ausstellerverzeichnis\" rel=\"noopener\">www.ifat.de\/ausstellerverzeichnis<\/a>. Les personnes int\u00e9ress\u00e9es peuvent se faire une premi\u00e8re id\u00e9e des halls et de l'espace ext\u00e9rieur dans la rubrique \"Plan du site\". Dans la \"Recherche d'exposants\", des informations d\u00e9taill\u00e9es sur les exposants ainsi que sur leurs produits et services sont disponibles. De plus, les visiteurs ont la possibilit\u00e9 de cr\u00e9er une \"liste de favoris\" afin de planifier \u00e0 l'avance toutes les \u00e9tapes importantes.<\/p>\n<p>Plus d'informations : <a href=\"http:\/\/www.ifat.de\" target=\"_blank\" data-cke-saved-href=\"\/\/www.ifat.de\" rel=\"noopener\">www.ifat.de<\/a><\/p>","protected":false},"excerpt":{"rendered":"<p>16 voll belegte Hallen, 230&#8217;000 Quadratmeter Ausstelungsfl\u00e4che und \u00fcber 3000 Aussteller: Die Nachfrage der Unternehmen an der\u00a0IFAT ist ungebrochen hoch.\u00a0In den Bereichen Wasser und Recycling werden bereits Wartelisten gef\u00fchrt. 50 Jahre IFAT Die Weltleitmesse f\u00fcr Umwelttechnologie findet 2016\u00a0bereits in ihrem 50. Jahr statt. 1966 startete die Messe unter\u00a0dem Namen \u201eInternationale Fachmesse f\u00fcr Abwassertechnik\u201c \u00a0als Pr\u00e4sentationsplattform [&hellip;]<\/p>\n","protected":false},"author":1,"featured_media":173,"comment_status":"open","ping_status":"open","sticky":false,"template":"","format":"standard","meta":{"_acf_changed":false,"_yoast_wpseo_focuskw":"IFAT","_yoast_wpseo_metadesc":"Die Weltleitmesse f\u00fcr Umwelttechnologien IFAT vom 30. Mai bis 3. Juni in M\u00fcnchen ist mit \u00fcber 3000 Ausstellern auch in ihrem 50. Jahr bereits voll besetzt.","articlekey":"","footnotes":""},"categories":[580],"tags":[663,1392,1548,1690,1743,1987,600],"class_list":["post-9910","post","type-post","status-publish","format-standard","has-post-thumbnail","hentry","category-sustainability","tag-abwasser","tag-ifat","tag-kommunaltechnik","tag-messe","tag-muenchen","tag-recycling","tag-wasser"],"acf":[],"yoast_head":"<!-- This site is optimized with the Yoast SEO plugin v27.4 - https:\/\/yoast.com\/product\/yoast-seo-wordpress\/ -->\n<title>IFAT bereits ausgebucht - Organisator<\/title>\n<meta name=\"description\" content=\"Die Weltleitmesse f\u00fcr Umwelttechnologien IFAT vom 30. Mai bis 3. Juni in M\u00fcnchen ist mit \u00fcber 3000 Ausstellern auch in ihrem 50. Jahr bereits voll besetzt.\" \/>\n<meta name=\"robots\" content=\"index, follow, max-snippet:-1, max-image-preview:large, max-video-preview:-1\" \/>\n<link rel=\"canonical\" href=\"https:\/\/www.organisator.ch\/fr\/sustainability\/2016-01-14\/ifat-bereits-ausgebucht\/\" \/>\n<meta property=\"og:locale\" content=\"fr_FR\" \/>\n<meta property=\"og:type\" content=\"article\" \/>\n<meta property=\"og:title\" content=\"IFAT bereits ausgebucht - Organisator\" \/>\n<meta property=\"og:description\" content=\"Die Weltleitmesse f\u00fcr Umwelttechnologien IFAT vom 30. Mai bis 3. Juni in M\u00fcnchen ist mit \u00fcber 3000 Ausstellern auch in ihrem 50. Jahr bereits voll besetzt.\" \/>\n<meta property=\"og:url\" content=\"https:\/\/www.organisator.ch\/fr\/sustainability\/2016-01-14\/ifat-bereits-ausgebucht\/\" \/>\n<meta property=\"og:site_name\" content=\"Organisator\" \/>\n<meta property=\"article:publisher\" content=\"https:\/\/www.facebook.com\/OrganisatorFachmagazin\" \/>\n<meta property=\"article:published_time\" content=\"2016-01-14T13:10:58+00:00\" \/>\n<meta property=\"article:modified_time\" content=\"2022-02-09T10:10:57+00:00\" \/>\n<meta property=\"og:image\" content=\"https:\/\/www.organisator.ch\/wp-content\/uploads\/2016\/01\/IFAT-bereits-ausgebucht-umweltperspektiven-scaled.jpg\" \/>\n\t<meta property=\"og:image:width\" content=\"2560\" \/>\n\t<meta property=\"og:image:height\" content=\"1707\" \/>\n\t<meta property=\"og:image:type\" content=\"image\/jpeg\" \/>\n<meta name=\"author\" content=\"admin\" \/>\n<meta name=\"twitter:card\" content=\"summary_large_image\" \/>\n<script type=\"application\/ld+json\" class=\"yoast-schema-graph\">{\"@context\":\"https:\\\/\\\/schema.org\",\"@graph\":[{\"@type\":\"Article\",\"@id\":\"https:\\\/\\\/www.organisator.ch\\\/sustainability\\\/2016-01-14\\\/ifat-bereits-ausgebucht\\\/#article\",\"isPartOf\":{\"@id\":\"https:\\\/\\\/www.organisator.ch\\\/sustainability\\\/2016-01-14\\\/ifat-bereits-ausgebucht\\\/\"},\"author\":{\"name\":\"admin\",\"@id\":\"https:\\\/\\\/www.organisator.ch\\\/#\\\/schema\\\/person\\\/aa2bace6c5c5aad60102004a50c4eb1c\"},\"headline\":\"IFAT bereits ausgebucht\",\"datePublished\":\"2016-01-14T13:10:58+00:00\",\"dateModified\":\"2022-02-09T10:10:57+00:00\",\"mainEntityOfPage\":{\"@id\":\"https:\\\/\\\/www.organisator.ch\\\/sustainability\\\/2016-01-14\\\/ifat-bereits-ausgebucht\\\/\"},\"wordCount\":272,\"commentCount\":0,\"publisher\":{\"@id\":\"https:\\\/\\\/www.organisator.ch\\\/#organization\"},\"image\":{\"@id\":\"https:\\\/\\\/www.organisator.ch\\\/sustainability\\\/2016-01-14\\\/ifat-bereits-ausgebucht\\\/#primaryimage\"},\"thumbnailUrl\":\"https:\\\/\\\/www.organisator.ch\\\/wp-content\\\/uploads\\\/2016\\\/01\\\/IFAT-bereits-ausgebucht-umweltperspektiven-scaled.jpg\",\"keywords\":[\"Abwasser\",\"IFAT\",\"Kommunaltechnik\",\"Messe\",\"M\u00fcnchen\",\"Recycling\",\"WASSER\"],\"articleSection\":[\"SUSTAINABILITY\"],\"inLanguage\":\"fr-FR\"},{\"@type\":\"WebPage\",\"@id\":\"https:\\\/\\\/www.organisator.ch\\\/sustainability\\\/2016-01-14\\\/ifat-bereits-ausgebucht\\\/\",\"url\":\"https:\\\/\\\/www.organisator.ch\\\/sustainability\\\/2016-01-14\\\/ifat-bereits-ausgebucht\\\/\",\"name\":\"IFAT bereits ausgebucht - Organisator\",\"isPartOf\":{\"@id\":\"https:\\\/\\\/www.organisator.ch\\\/#website\"},\"primaryImageOfPage\":{\"@id\":\"https:\\\/\\\/www.organisator.ch\\\/sustainability\\\/2016-01-14\\\/ifat-bereits-ausgebucht\\\/#primaryimage\"},\"image\":{\"@id\":\"https:\\\/\\\/www.organisator.ch\\\/sustainability\\\/2016-01-14\\\/ifat-bereits-ausgebucht\\\/#primaryimage\"},\"thumbnailUrl\":\"https:\\\/\\\/www.organisator.ch\\\/wp-content\\\/uploads\\\/2016\\\/01\\\/IFAT-bereits-ausgebucht-umweltperspektiven-scaled.jpg\",\"datePublished\":\"2016-01-14T13:10:58+00:00\",\"dateModified\":\"2022-02-09T10:10:57+00:00\",\"description\":\"Die Weltleitmesse f\u00fcr Umwelttechnologien IFAT vom 30. Mai bis 3. Juni in M\u00fcnchen ist mit \u00fcber 3000 Ausstellern auch in ihrem 50. Jahr bereits voll besetzt.\",\"breadcrumb\":{\"@id\":\"https:\\\/\\\/www.organisator.ch\\\/sustainability\\\/2016-01-14\\\/ifat-bereits-ausgebucht\\\/#breadcrumb\"},\"inLanguage\":\"fr-FR\",\"potentialAction\":[{\"@type\":\"ReadAction\",\"target\":[\"https:\\\/\\\/www.organisator.ch\\\/sustainability\\\/2016-01-14\\\/ifat-bereits-ausgebucht\\\/\"]}]},{\"@type\":\"ImageObject\",\"inLanguage\":\"fr-FR\",\"@id\":\"https:\\\/\\\/www.organisator.ch\\\/sustainability\\\/2016-01-14\\\/ifat-bereits-ausgebucht\\\/#primaryimage\",\"url\":\"https:\\\/\\\/www.organisator.ch\\\/wp-content\\\/uploads\\\/2016\\\/01\\\/IFAT-bereits-ausgebucht-umweltperspektiven-scaled.jpg\",\"contentUrl\":\"https:\\\/\\\/www.organisator.ch\\\/wp-content\\\/uploads\\\/2016\\\/01\\\/IFAT-bereits-ausgebucht-umweltperspektiven-scaled.jpg\",\"width\":2560,\"height\":1707,\"caption\":\"Auf Erfolgskurs: Die IFAT in M\u00fcnchen\"},{\"@type\":\"BreadcrumbList\",\"@id\":\"https:\\\/\\\/www.organisator.ch\\\/sustainability\\\/2016-01-14\\\/ifat-bereits-ausgebucht\\\/#breadcrumb\",\"itemListElement\":[{\"@type\":\"ListItem\",\"position\":1,\"name\":\"Home\",\"item\":\"https:\\\/\\\/www.organisator.ch\\\/\"},{\"@type\":\"ListItem\",\"position\":2,\"name\":\"IFAT bereits ausgebucht\"}]},{\"@type\":\"WebSite\",\"@id\":\"https:\\\/\\\/www.organisator.ch\\\/#website\",\"url\":\"https:\\\/\\\/www.organisator.ch\\\/\",\"name\":\"Organisator\",\"description\":\"Kompetent. Praxisnah. Der ORGANISATOR bereitet in 10 Ausgaben pro Jahr die wesentlichen Themen f\u00fcr F\u00fchrungskr\u00e4fte von KMU auf.\",\"publisher\":{\"@id\":\"https:\\\/\\\/www.organisator.ch\\\/#organization\"},\"potentialAction\":[{\"@type\":\"SearchAction\",\"target\":{\"@type\":\"EntryPoint\",\"urlTemplate\":\"https:\\\/\\\/www.organisator.ch\\\/?s={search_term_string}\"},\"query-input\":{\"@type\":\"PropertyValueSpecification\",\"valueRequired\":true,\"valueName\":\"search_term_string\"}}],\"inLanguage\":\"fr-FR\"},{\"@type\":\"Organization\",\"@id\":\"https:\\\/\\\/www.organisator.ch\\\/#organization\",\"name\":\"Organisator\",\"url\":\"https:\\\/\\\/www.organisator.ch\\\/\",\"logo\":{\"@type\":\"ImageObject\",\"inLanguage\":\"fr-FR\",\"@id\":\"https:\\\/\\\/www.organisator.ch\\\/#\\\/schema\\\/logo\\\/image\\\/\",\"url\":\"https:\\\/\\\/www.organisator.ch\\\/wp-content\\\/uploads\\\/2022\\\/01\\\/Logo_Organisator_Website.png\",\"contentUrl\":\"https:\\\/\\\/www.organisator.ch\\\/wp-content\\\/uploads\\\/2022\\\/01\\\/Logo_Organisator_Website.png\",\"width\":800,\"height\":77,\"caption\":\"Organisator\"},\"image\":{\"@id\":\"https:\\\/\\\/www.organisator.ch\\\/#\\\/schema\\\/logo\\\/image\\\/\"},\"sameAs\":[\"https:\\\/\\\/www.facebook.com\\\/OrganisatorFachmagazin\",\"https:\\\/\\\/www.linkedin.com\\\/showcase\\\/organisator-das-magazin-fr-kmu\",\"https:\\\/\\\/www.xing.com\\\/news\\\/pages\\\/organisator-ch-695\",\"https:\\\/\\\/www.youtube.com\\\/channel\\\/UCGP2Sq0iWaZwT3BdIAQFYpw\"]},{\"@type\":\"Person\",\"@id\":\"https:\\\/\\\/www.organisator.ch\\\/#\\\/schema\\\/person\\\/aa2bace6c5c5aad60102004a50c4eb1c\",\"name\":\"admin\",\"image\":{\"@type\":\"ImageObject\",\"inLanguage\":\"fr-FR\",\"@id\":\"https:\\\/\\\/secure.gravatar.com\\\/avatar\\\/ae2f4d718e6c49043e314ce431e7e645d646302a24a5ef5a8bc8e3f5a032e319?s=96&d=mm&r=g\",\"url\":\"https:\\\/\\\/secure.gravatar.com\\\/avatar\\\/ae2f4d718e6c49043e314ce431e7e645d646302a24a5ef5a8bc8e3f5a032e319?s=96&d=mm&r=g\",\"contentUrl\":\"https:\\\/\\\/secure.gravatar.com\\\/avatar\\\/ae2f4d718e6c49043e314ce431e7e645d646302a24a5ef5a8bc8e3f5a032e319?s=96&d=mm&r=g\",\"caption\":\"admin\"},\"sameAs\":[\"https:\\\/\\\/www.organisator.ch\"],\"url\":\"https:\\\/\\\/www.organisator.ch\\\/fr\\\/author\\\/admin\\\/\"}]}<\/script>\n<!-- \/ Yoast SEO plugin. -->","yoast_head_json":{"title":"IFAT d\u00e9j\u00e0 complet - organisateur","description":"Avec plus de 3000 exposants, le salon mondial des technologies environnementales IFAT, qui se tiendra du 30 mai au 3 juin \u00e0 Munich, affiche d\u00e9j\u00e0 complet pour sa 50e ann\u00e9e.","robots":{"index":"index","follow":"follow","max-snippet":"max-snippet:-1","max-image-preview":"max-image-preview:large","max-video-preview":"max-video-preview:-1"},"canonical":"https:\/\/www.organisator.ch\/fr\/sustainability\/2016-01-14\/ifat-bereits-ausgebucht\/","og_locale":"fr_FR","og_type":"article","og_title":"IFAT bereits ausgebucht - Organisator","og_description":"Die Weltleitmesse f\u00fcr Umwelttechnologien IFAT vom 30. Mai bis 3. Juni in M\u00fcnchen ist mit \u00fcber 3000 Ausstellern auch in ihrem 50. Jahr bereits voll besetzt.","og_url":"https:\/\/www.organisator.ch\/fr\/sustainability\/2016-01-14\/ifat-bereits-ausgebucht\/","og_site_name":"Organisator","article_publisher":"https:\/\/www.facebook.com\/OrganisatorFachmagazin","article_published_time":"2016-01-14T13:10:58+00:00","article_modified_time":"2022-02-09T10:10:57+00:00","og_image":[{"width":2560,"height":1707,"url":"https:\/\/www.organisator.ch\/wp-content\/uploads\/2016\/01\/IFAT-bereits-ausgebucht-umweltperspektiven-scaled.jpg","type":"image\/jpeg"}],"author":"admin","twitter_card":"summary_large_image","schema":{"@context":"https:\/\/schema.org","@graph":[{"@type":"Article","@id":"https:\/\/www.organisator.ch\/sustainability\/2016-01-14\/ifat-bereits-ausgebucht\/#article","isPartOf":{"@id":"https:\/\/www.organisator.ch\/sustainability\/2016-01-14\/ifat-bereits-ausgebucht\/"},"author":{"name":"admin","@id":"https:\/\/www.organisator.ch\/#\/schema\/person\/aa2bace6c5c5aad60102004a50c4eb1c"},"headline":"IFAT bereits ausgebucht","datePublished":"2016-01-14T13:10:58+00:00","dateModified":"2022-02-09T10:10:57+00:00","mainEntityOfPage":{"@id":"https:\/\/www.organisator.ch\/sustainability\/2016-01-14\/ifat-bereits-ausgebucht\/"},"wordCount":272,"commentCount":0,"publisher":{"@id":"https:\/\/www.organisator.ch\/#organization"},"image":{"@id":"https:\/\/www.organisator.ch\/sustainability\/2016-01-14\/ifat-bereits-ausgebucht\/#primaryimage"},"thumbnailUrl":"https:\/\/www.organisator.ch\/wp-content\/uploads\/2016\/01\/IFAT-bereits-ausgebucht-umweltperspektiven-scaled.jpg","keywords":["Abwasser","IFAT","Kommunaltechnik","Messe","M\u00fcnchen","Recycling","WASSER"],"articleSection":["SUSTAINABILITY"],"inLanguage":"fr-FR"},{"@type":"WebPage","@id":"https:\/\/www.organisator.ch\/sustainability\/2016-01-14\/ifat-bereits-ausgebucht\/","url":"https:\/\/www.organisator.ch\/sustainability\/2016-01-14\/ifat-bereits-ausgebucht\/","name":"IFAT d\u00e9j\u00e0 complet - organisateur","isPartOf":{"@id":"https:\/\/www.organisator.ch\/#website"},"primaryImageOfPage":{"@id":"https:\/\/www.organisator.ch\/sustainability\/2016-01-14\/ifat-bereits-ausgebucht\/#primaryimage"},"image":{"@id":"https:\/\/www.organisator.ch\/sustainability\/2016-01-14\/ifat-bereits-ausgebucht\/#primaryimage"},"thumbnailUrl":"https:\/\/www.organisator.ch\/wp-content\/uploads\/2016\/01\/IFAT-bereits-ausgebucht-umweltperspektiven-scaled.jpg","datePublished":"2016-01-14T13:10:58+00:00","dateModified":"2022-02-09T10:10:57+00:00","description":"Avec plus de 3000 exposants, le salon mondial des technologies environnementales IFAT, qui se tiendra du 30 mai au 3 juin \u00e0 Munich, affiche d\u00e9j\u00e0 complet pour sa 50e ann\u00e9e.","breadcrumb":{"@id":"https:\/\/www.organisator.ch\/sustainability\/2016-01-14\/ifat-bereits-ausgebucht\/#breadcrumb"},"inLanguage":"fr-FR","potentialAction":[{"@type":"ReadAction","target":["https:\/\/www.organisator.ch\/sustainability\/2016-01-14\/ifat-bereits-ausgebucht\/"]}]},{"@type":"ImageObject","inLanguage":"fr-FR","@id":"https:\/\/www.organisator.ch\/sustainability\/2016-01-14\/ifat-bereits-ausgebucht\/#primaryimage","url":"https:\/\/www.organisator.ch\/wp-content\/uploads\/2016\/01\/IFAT-bereits-ausgebucht-umweltperspektiven-scaled.jpg","contentUrl":"https:\/\/www.organisator.ch\/wp-content\/uploads\/2016\/01\/IFAT-bereits-ausgebucht-umweltperspektiven-scaled.jpg","width":2560,"height":1707,"caption":"Auf Erfolgskurs: Die IFAT in M\u00fcnchen"},{"@type":"BreadcrumbList","@id":"https:\/\/www.organisator.ch\/sustainability\/2016-01-14\/ifat-bereits-ausgebucht\/#breadcrumb","itemListElement":[{"@type":"ListItem","position":1,"name":"Home","item":"https:\/\/www.organisator.ch\/"},{"@type":"ListItem","position":2,"name":"IFAT bereits ausgebucht"}]},{"@type":"WebSite","@id":"https:\/\/www.organisator.ch\/#website","url":"https:\/\/www.organisator.ch\/","name":"Organisateur","description":"Comp\u00e9tence et comp\u00e9tence. Proches de la pratique. L'ORGANISATEUR pr\u00e9pare 10 num\u00e9ros par an sur les th\u00e8mes essentiels pour les dirigeants de PME.","publisher":{"@id":"https:\/\/www.organisator.ch\/#organization"},"potentialAction":[{"@type":"SearchAction","target":{"@type":"EntryPoint","urlTemplate":"https:\/\/www.organisator.ch\/?s={search_term_string}"},"query-input":{"@type":"PropertyValueSpecification","valueRequired":true,"valueName":"search_term_string"}}],"inLanguage":"fr-FR"},{"@type":"Organization","@id":"https:\/\/www.organisator.ch\/#organization","name":"Organisateur","url":"https:\/\/www.organisator.ch\/","logo":{"@type":"ImageObject","inLanguage":"fr-FR","@id":"https:\/\/www.organisator.ch\/#\/schema\/logo\/image\/","url":"https:\/\/www.organisator.ch\/wp-content\/uploads\/2022\/01\/Logo_Organisator_Website.png","contentUrl":"https:\/\/www.organisator.ch\/wp-content\/uploads\/2022\/01\/Logo_Organisator_Website.png","width":800,"height":77,"caption":"Organisator"},"image":{"@id":"https:\/\/www.organisator.ch\/#\/schema\/logo\/image\/"},"sameAs":["https:\/\/www.facebook.com\/OrganisatorFachmagazin","https:\/\/www.linkedin.com\/showcase\/organisator-das-magazin-fr-kmu","https:\/\/www.xing.com\/news\/pages\/organisator-ch-695","https:\/\/www.youtube.com\/channel\/UCGP2Sq0iWaZwT3BdIAQFYpw"]},{"@type":"Person","@id":"https:\/\/www.organisator.ch\/#\/schema\/person\/aa2bace6c5c5aad60102004a50c4eb1c","name":"admin","image":{"@type":"ImageObject","inLanguage":"fr-FR","@id":"https:\/\/secure.gravatar.com\/avatar\/ae2f4d718e6c49043e314ce431e7e645d646302a24a5ef5a8bc8e3f5a032e319?s=96&d=mm&r=g","url":"https:\/\/secure.gravatar.com\/avatar\/ae2f4d718e6c49043e314ce431e7e645d646302a24a5ef5a8bc8e3f5a032e319?s=96&d=mm&r=g","contentUrl":"https:\/\/secure.gravatar.com\/avatar\/ae2f4d718e6c49043e314ce431e7e645d646302a24a5ef5a8bc8e3f5a032e319?s=96&d=mm&r=g","caption":"admin"},"sameAs":["https:\/\/www.organisator.ch"],"url":"https:\/\/www.organisator.ch\/fr\/author\/admin\/"}]}},"_links":{"self":[{"href":"https:\/\/www.organisator.ch\/fr\/wp-json\/wp\/v2\/posts\/9910","targetHints":{"allow":["GET"]}}],"collection":[{"href":"https:\/\/www.organisator.ch\/fr\/wp-json\/wp\/v2\/posts"}],"about":[{"href":"https:\/\/www.organisator.ch\/fr\/wp-json\/wp\/v2\/types\/post"}],"author":[{"embeddable":true,"href":"https:\/\/www.organisator.ch\/fr\/wp-json\/wp\/v2\/users\/1"}],"replies":[{"embeddable":true,"href":"https:\/\/www.organisator.ch\/fr\/wp-json\/wp\/v2\/comments?post=9910"}],"version-history":[{"count":1,"href":"https:\/\/www.organisator.ch\/fr\/wp-json\/wp\/v2\/posts\/9910\/revisions"}],"predecessor-version":[{"id":11055,"href":"https:\/\/www.organisator.ch\/fr\/wp-json\/wp\/v2\/posts\/9910\/revisions\/11055"}],"wp:featuredmedia":[{"embeddable":true,"href":"https:\/\/www.organisator.ch\/fr\/wp-json\/wp\/v2\/media\/173"}],"wp:attachment":[{"href":"https:\/\/www.organisator.ch\/fr\/wp-json\/wp\/v2\/media?parent=9910"}],"wp:term":[{"taxonomy":"category","embeddable":true,"href":"https:\/\/www.organisator.ch\/fr\/wp-json\/wp\/v2\/categories?post=9910"},{"taxonomy":"post_tag","embeddable":true,"href":"https:\/\/www.organisator.ch\/fr\/wp-json\/wp\/v2\/tags?post=9910"}],"curies":[{"name":"wp","href":"https:\/\/api.w.org\/{rel}","templated":true}]}}