{"id":9918,"date":"2016-02-22T14:41:14","date_gmt":"2016-02-22T13:41:14","guid":{"rendered":"https:\/\/dev.umweltperspektiven.ch\/?p=218"},"modified":"2022-02-09T11:10:15","modified_gmt":"2022-02-09T10:10:15","slug":"minergie-standards-vor-rundumerneuerung","status":"publish","type":"post","link":"https:\/\/www.organisator.ch\/fr\/sustainability\/2016-02-22\/minergie-standards-vor-rundumerneuerung\/","title":{"rendered":"Minergie : Des normes avant une r\u00e9novation compl\u00e8te"},"content":{"rendered":"<figure id=\"attachment_219\" aria-describedby=\"caption-attachment-219\" style=\"width: 640px\" class=\"wp-caption alignnone\"><a href=\"\/\/dev.umweltperspektiven.ch\/wp-content\/uploads\/2016\/12\/Minergie-Standards-vor-Rundumerneuerung-umweltperspektiven.jpg\"><img loading=\"lazy\" decoding=\"async\" class=\"wp-image-219 size-full\" src=\"\/\/www.umweltperspektiven.ch\/wp-content\/uploads\/2016\/12\/Minergie-Standards-vor-Rundumerneuerung-umweltperspektiven.jpg\" alt=\"Les standards Miergi sont r\u00e9vis\u00e9s. (Photo : Minergie)\" width=\"640\" height=\"480\" \/><\/a><figcaption id=\"caption-attachment-219\" class=\"wp-caption-text\">Les standards Miergi sont r\u00e9vis\u00e9s. (Photo : Minergie)<\/figcaption><\/figure>\n<p><a href=\"http:\/\/www.minergie.ch\/\" target=\"_blank\" data-cke-saved-href=\"\/\/www.minergie.ch\/\" rel=\"noopener\">Minergie <\/a>a re\u00e7u une nouvelle direction - et celle-ci se lance dans le travail : les standards Minergie, Minergie-P et Minergie-A sont enti\u00e8rement revus sous la direction du nouveau directeur Anderas Meyer Primavesi.<\/p>\n<p>Les adaptations se basent sur une vaste enqu\u00eate men\u00e9e \u00e0 l'automne 2015 et int\u00e9greront les rapides d\u00e9veloppements techniques et l\u00e9gislatifs de ces derni\u00e8res ann\u00e9es. Dans le cadre d'une s\u00e9rie de tables rondes d'experts, les adaptations et les compl\u00e9ments aux normes de construction font actuellement l'objet de discussions ouvertes au sein du secteur de la construction et de l'\u00e9nergie. La Conf\u00e9d\u00e9ration et les cantons sont \u00e9galement \u00e9troitement impliqu\u00e9s dans le processus.<\/p>\n<p>L'accent sera mis, entre autres, sur les solutions permettant de coordonner de mani\u00e8re optimale la consommation d'\u00e9lectricit\u00e9 et la production photovolta\u00efque. Les avantages et les inconv\u00e9nients de l'int\u00e9gration de nouvelles technologies telles que le stockage par batterie seront \u00e9galement discut\u00e9s et analys\u00e9s en profondeur.<\/p>\n<p>Les nouveaut\u00e9s seront pr\u00e9sent\u00e9es pour la premi\u00e8re fois au public lors de l'assembl\u00e9e g\u00e9n\u00e9rale du 16 juin 2016 \u00e0 Fribourg. Le lancement aura lieu le 1er janvier 2017.<\/p>","protected":false},"excerpt":{"rendered":"<p>Minergie hat eine neue Gesch\u00e4ftsleitung erhalten &#8211; und diese st\u00fcrzt sich in die Arbeit: Die Standards Minergie, Minergie-P und Minergie-A werden unter dem neuen Gesch\u00e4ftssleiter Anderas Meyer Primavesi\u00a0komplett \u00fcberarbeitet. Die Anpassungen basieren auf einer breit angelegten Umfrage vom Herbst 2015 und werden die schnellen technischen und gesetzgeberischen Entwicklungen der letzten Jahre aufnehmen. Im Rahmen einer [&hellip;]<\/p>\n","protected":false},"author":1,"featured_media":9353,"comment_status":"open","ping_status":"open","sticky":false,"template":"","format":"standard","meta":{"_acf_changed":false,"_yoast_wpseo_focuskw":"Minergie","_yoast_wpseo_metadesc":"Eine neue Gesch\u00e4ftsleitung und Komplett\u00fcberarbeitung der Minergiestandards: Minergie steckt in einem Erneuerungsprozess.","articlekey":"","footnotes":""},"categories":[580],"tags":[1066,1583,1719,1777,2191],"class_list":["post-9918","post","type-post","status-publish","format-standard","has-post-thumbnail","hentry","category-sustainability","tag-energieeffizienz","tag-label","tag-minergie","tag-nachhaltiges-bauen","tag-standards"],"acf":[],"yoast_head":"<!-- This site is optimized with the Yoast SEO plugin v27.4 - https:\/\/yoast.com\/product\/yoast-seo-wordpress\/ -->\n<title>Minergie: Standards vor Rundumerneuerung - Organisator<\/title>\n<meta name=\"description\" content=\"Eine neue Gesch\u00e4ftsleitung und Komplett\u00fcberarbeitung der Minergiestandards: Minergie steckt in einem Erneuerungsprozess.\" \/>\n<meta name=\"robots\" content=\"index, follow, max-snippet:-1, max-image-preview:large, max-video-preview:-1\" \/>\n<link rel=\"canonical\" href=\"https:\/\/www.organisator.ch\/fr\/sustainability\/2016-02-22\/minergie-standards-vor-rundumerneuerung\/\" \/>\n<meta property=\"og:locale\" content=\"fr_FR\" \/>\n<meta property=\"og:type\" content=\"article\" \/>\n<meta property=\"og:title\" content=\"Minergie: Standards vor Rundumerneuerung - Organisator\" \/>\n<meta property=\"og:description\" content=\"Eine neue Gesch\u00e4ftsleitung und Komplett\u00fcberarbeitung der Minergiestandards: Minergie steckt in einem Erneuerungsprozess.\" \/>\n<meta property=\"og:url\" content=\"https:\/\/www.organisator.ch\/fr\/sustainability\/2016-02-22\/minergie-standards-vor-rundumerneuerung\/\" \/>\n<meta property=\"og:site_name\" content=\"Organisator\" \/>\n<meta property=\"article:publisher\" content=\"https:\/\/www.facebook.com\/OrganisatorFachmagazin\" \/>\n<meta property=\"article:published_time\" content=\"2016-02-22T13:41:14+00:00\" \/>\n<meta property=\"article:modified_time\" content=\"2022-02-09T10:10:15+00:00\" \/>\n<meta property=\"og:image\" content=\"https:\/\/www.organisator.ch\/wp-content\/uploads\/2016\/12\/Minergie-Standards-vor-Rundumerneuerung-umweltperspektiven.jpg\" \/>\n\t<meta property=\"og:image:width\" content=\"640\" \/>\n\t<meta property=\"og:image:height\" content=\"480\" \/>\n\t<meta property=\"og:image:type\" content=\"image\/jpeg\" \/>\n<meta name=\"author\" content=\"admin\" \/>\n<meta name=\"twitter:card\" content=\"summary_large_image\" \/>\n<script type=\"application\/ld+json\" class=\"yoast-schema-graph\">{\"@context\":\"https:\\\/\\\/schema.org\",\"@graph\":[{\"@type\":\"Article\",\"@id\":\"https:\\\/\\\/www.organisator.ch\\\/sustainability\\\/2016-02-22\\\/minergie-standards-vor-rundumerneuerung\\\/#article\",\"isPartOf\":{\"@id\":\"https:\\\/\\\/www.organisator.ch\\\/sustainability\\\/2016-02-22\\\/minergie-standards-vor-rundumerneuerung\\\/\"},\"author\":{\"name\":\"admin\",\"@id\":\"https:\\\/\\\/www.organisator.ch\\\/#\\\/schema\\\/person\\\/aa2bace6c5c5aad60102004a50c4eb1c\"},\"headline\":\"Minergie: Standards vor Rundumerneuerung\",\"datePublished\":\"2016-02-22T13:41:14+00:00\",\"dateModified\":\"2022-02-09T10:10:15+00:00\",\"mainEntityOfPage\":{\"@id\":\"https:\\\/\\\/www.organisator.ch\\\/sustainability\\\/2016-02-22\\\/minergie-standards-vor-rundumerneuerung\\\/\"},\"wordCount\":161,\"commentCount\":0,\"publisher\":{\"@id\":\"https:\\\/\\\/www.organisator.ch\\\/#organization\"},\"image\":{\"@id\":\"https:\\\/\\\/www.organisator.ch\\\/sustainability\\\/2016-02-22\\\/minergie-standards-vor-rundumerneuerung\\\/#primaryimage\"},\"thumbnailUrl\":\"https:\\\/\\\/www.organisator.ch\\\/wp-content\\\/uploads\\\/2016\\\/12\\\/Minergie-Standards-vor-Rundumerneuerung-umweltperspektiven.jpg\",\"keywords\":[\"Energieeffizienz\",\"Label\",\"Minergie\",\"nachhaltiges Bauen\",\"Standards\"],\"articleSection\":[\"SUSTAINABILITY\"],\"inLanguage\":\"fr-FR\"},{\"@type\":\"WebPage\",\"@id\":\"https:\\\/\\\/www.organisator.ch\\\/sustainability\\\/2016-02-22\\\/minergie-standards-vor-rundumerneuerung\\\/\",\"url\":\"https:\\\/\\\/www.organisator.ch\\\/sustainability\\\/2016-02-22\\\/minergie-standards-vor-rundumerneuerung\\\/\",\"name\":\"Minergie: Standards vor Rundumerneuerung - Organisator\",\"isPartOf\":{\"@id\":\"https:\\\/\\\/www.organisator.ch\\\/#website\"},\"primaryImageOfPage\":{\"@id\":\"https:\\\/\\\/www.organisator.ch\\\/sustainability\\\/2016-02-22\\\/minergie-standards-vor-rundumerneuerung\\\/#primaryimage\"},\"image\":{\"@id\":\"https:\\\/\\\/www.organisator.ch\\\/sustainability\\\/2016-02-22\\\/minergie-standards-vor-rundumerneuerung\\\/#primaryimage\"},\"thumbnailUrl\":\"https:\\\/\\\/www.organisator.ch\\\/wp-content\\\/uploads\\\/2016\\\/12\\\/Minergie-Standards-vor-Rundumerneuerung-umweltperspektiven.jpg\",\"datePublished\":\"2016-02-22T13:41:14+00:00\",\"dateModified\":\"2022-02-09T10:10:15+00:00\",\"description\":\"Eine neue Gesch\u00e4ftsleitung und Komplett\u00fcberarbeitung der Minergiestandards: Minergie steckt in einem Erneuerungsprozess.\",\"breadcrumb\":{\"@id\":\"https:\\\/\\\/www.organisator.ch\\\/sustainability\\\/2016-02-22\\\/minergie-standards-vor-rundumerneuerung\\\/#breadcrumb\"},\"inLanguage\":\"fr-FR\",\"potentialAction\":[{\"@type\":\"ReadAction\",\"target\":[\"https:\\\/\\\/www.organisator.ch\\\/sustainability\\\/2016-02-22\\\/minergie-standards-vor-rundumerneuerung\\\/\"]}]},{\"@type\":\"ImageObject\",\"inLanguage\":\"fr-FR\",\"@id\":\"https:\\\/\\\/www.organisator.ch\\\/sustainability\\\/2016-02-22\\\/minergie-standards-vor-rundumerneuerung\\\/#primaryimage\",\"url\":\"https:\\\/\\\/www.organisator.ch\\\/wp-content\\\/uploads\\\/2016\\\/12\\\/Minergie-Standards-vor-Rundumerneuerung-umweltperspektiven.jpg\",\"contentUrl\":\"https:\\\/\\\/www.organisator.ch\\\/wp-content\\\/uploads\\\/2016\\\/12\\\/Minergie-Standards-vor-Rundumerneuerung-umweltperspektiven.jpg\",\"width\":640,\"height\":480,\"caption\":\"Die Miergiestandards werden \u00fcberarbeitet. (Foto: Minergie)\"},{\"@type\":\"BreadcrumbList\",\"@id\":\"https:\\\/\\\/www.organisator.ch\\\/sustainability\\\/2016-02-22\\\/minergie-standards-vor-rundumerneuerung\\\/#breadcrumb\",\"itemListElement\":[{\"@type\":\"ListItem\",\"position\":1,\"name\":\"Home\",\"item\":\"https:\\\/\\\/www.organisator.ch\\\/\"},{\"@type\":\"ListItem\",\"position\":2,\"name\":\"Minergie: Standards vor Rundumerneuerung\"}]},{\"@type\":\"WebSite\",\"@id\":\"https:\\\/\\\/www.organisator.ch\\\/#website\",\"url\":\"https:\\\/\\\/www.organisator.ch\\\/\",\"name\":\"Organisator\",\"description\":\"Kompetent. Praxisnah. Der ORGANISATOR bereitet in 10 Ausgaben pro Jahr die wesentlichen Themen f\u00fcr F\u00fchrungskr\u00e4fte von KMU auf.\",\"publisher\":{\"@id\":\"https:\\\/\\\/www.organisator.ch\\\/#organization\"},\"potentialAction\":[{\"@type\":\"SearchAction\",\"target\":{\"@type\":\"EntryPoint\",\"urlTemplate\":\"https:\\\/\\\/www.organisator.ch\\\/?s={search_term_string}\"},\"query-input\":{\"@type\":\"PropertyValueSpecification\",\"valueRequired\":true,\"valueName\":\"search_term_string\"}}],\"inLanguage\":\"fr-FR\"},{\"@type\":\"Organization\",\"@id\":\"https:\\\/\\\/www.organisator.ch\\\/#organization\",\"name\":\"Organisator\",\"url\":\"https:\\\/\\\/www.organisator.ch\\\/\",\"logo\":{\"@type\":\"ImageObject\",\"inLanguage\":\"fr-FR\",\"@id\":\"https:\\\/\\\/www.organisator.ch\\\/#\\\/schema\\\/logo\\\/image\\\/\",\"url\":\"https:\\\/\\\/www.organisator.ch\\\/wp-content\\\/uploads\\\/2022\\\/01\\\/Logo_Organisator_Website.png\",\"contentUrl\":\"https:\\\/\\\/www.organisator.ch\\\/wp-content\\\/uploads\\\/2022\\\/01\\\/Logo_Organisator_Website.png\",\"width\":800,\"height\":77,\"caption\":\"Organisator\"},\"image\":{\"@id\":\"https:\\\/\\\/www.organisator.ch\\\/#\\\/schema\\\/logo\\\/image\\\/\"},\"sameAs\":[\"https:\\\/\\\/www.facebook.com\\\/OrganisatorFachmagazin\",\"https:\\\/\\\/www.linkedin.com\\\/showcase\\\/organisator-das-magazin-fr-kmu\",\"https:\\\/\\\/www.xing.com\\\/news\\\/pages\\\/organisator-ch-695\",\"https:\\\/\\\/www.youtube.com\\\/channel\\\/UCGP2Sq0iWaZwT3BdIAQFYpw\"]},{\"@type\":\"Person\",\"@id\":\"https:\\\/\\\/www.organisator.ch\\\/#\\\/schema\\\/person\\\/aa2bace6c5c5aad60102004a50c4eb1c\",\"name\":\"admin\",\"image\":{\"@type\":\"ImageObject\",\"inLanguage\":\"fr-FR\",\"@id\":\"https:\\\/\\\/secure.gravatar.com\\\/avatar\\\/ae2f4d718e6c49043e314ce431e7e645d646302a24a5ef5a8bc8e3f5a032e319?s=96&d=mm&r=g\",\"url\":\"https:\\\/\\\/secure.gravatar.com\\\/avatar\\\/ae2f4d718e6c49043e314ce431e7e645d646302a24a5ef5a8bc8e3f5a032e319?s=96&d=mm&r=g\",\"contentUrl\":\"https:\\\/\\\/secure.gravatar.com\\\/avatar\\\/ae2f4d718e6c49043e314ce431e7e645d646302a24a5ef5a8bc8e3f5a032e319?s=96&d=mm&r=g\",\"caption\":\"admin\"},\"sameAs\":[\"https:\\\/\\\/www.organisator.ch\"],\"url\":\"https:\\\/\\\/www.organisator.ch\\\/fr\\\/author\\\/admin\\\/\"}]}<\/script>\n<!-- \/ Yoast SEO plugin. -->","yoast_head_json":{"title":"Minergie : Des standards avant une r\u00e9novation compl\u00e8te - Organisateur","description":"Une nouvelle direction et une r\u00e9vision compl\u00e8te des standards Minergie : Minergie est en plein processus de renouvellement.","robots":{"index":"index","follow":"follow","max-snippet":"max-snippet:-1","max-image-preview":"max-image-preview:large","max-video-preview":"max-video-preview:-1"},"canonical":"https:\/\/www.organisator.ch\/fr\/sustainability\/2016-02-22\/minergie-standards-vor-rundumerneuerung\/","og_locale":"fr_FR","og_type":"article","og_title":"Minergie: Standards vor Rundumerneuerung - Organisator","og_description":"Eine neue Gesch\u00e4ftsleitung und Komplett\u00fcberarbeitung der Minergiestandards: Minergie steckt in einem Erneuerungsprozess.","og_url":"https:\/\/www.organisator.ch\/fr\/sustainability\/2016-02-22\/minergie-standards-vor-rundumerneuerung\/","og_site_name":"Organisator","article_publisher":"https:\/\/www.facebook.com\/OrganisatorFachmagazin","article_published_time":"2016-02-22T13:41:14+00:00","article_modified_time":"2022-02-09T10:10:15+00:00","og_image":[{"width":640,"height":480,"url":"https:\/\/www.organisator.ch\/wp-content\/uploads\/2016\/12\/Minergie-Standards-vor-Rundumerneuerung-umweltperspektiven.jpg","type":"image\/jpeg"}],"author":"admin","twitter_card":"summary_large_image","schema":{"@context":"https:\/\/schema.org","@graph":[{"@type":"Article","@id":"https:\/\/www.organisator.ch\/sustainability\/2016-02-22\/minergie-standards-vor-rundumerneuerung\/#article","isPartOf":{"@id":"https:\/\/www.organisator.ch\/sustainability\/2016-02-22\/minergie-standards-vor-rundumerneuerung\/"},"author":{"name":"admin","@id":"https:\/\/www.organisator.ch\/#\/schema\/person\/aa2bace6c5c5aad60102004a50c4eb1c"},"headline":"Minergie: Standards vor Rundumerneuerung","datePublished":"2016-02-22T13:41:14+00:00","dateModified":"2022-02-09T10:10:15+00:00","mainEntityOfPage":{"@id":"https:\/\/www.organisator.ch\/sustainability\/2016-02-22\/minergie-standards-vor-rundumerneuerung\/"},"wordCount":161,"commentCount":0,"publisher":{"@id":"https:\/\/www.organisator.ch\/#organization"},"image":{"@id":"https:\/\/www.organisator.ch\/sustainability\/2016-02-22\/minergie-standards-vor-rundumerneuerung\/#primaryimage"},"thumbnailUrl":"https:\/\/www.organisator.ch\/wp-content\/uploads\/2016\/12\/Minergie-Standards-vor-Rundumerneuerung-umweltperspektiven.jpg","keywords":["Energieeffizienz","Label","Minergie","nachhaltiges Bauen","Standards"],"articleSection":["SUSTAINABILITY"],"inLanguage":"fr-FR"},{"@type":"WebPage","@id":"https:\/\/www.organisator.ch\/sustainability\/2016-02-22\/minergie-standards-vor-rundumerneuerung\/","url":"https:\/\/www.organisator.ch\/sustainability\/2016-02-22\/minergie-standards-vor-rundumerneuerung\/","name":"Minergie : Des standards avant une r\u00e9novation compl\u00e8te - Organisateur","isPartOf":{"@id":"https:\/\/www.organisator.ch\/#website"},"primaryImageOfPage":{"@id":"https:\/\/www.organisator.ch\/sustainability\/2016-02-22\/minergie-standards-vor-rundumerneuerung\/#primaryimage"},"image":{"@id":"https:\/\/www.organisator.ch\/sustainability\/2016-02-22\/minergie-standards-vor-rundumerneuerung\/#primaryimage"},"thumbnailUrl":"https:\/\/www.organisator.ch\/wp-content\/uploads\/2016\/12\/Minergie-Standards-vor-Rundumerneuerung-umweltperspektiven.jpg","datePublished":"2016-02-22T13:41:14+00:00","dateModified":"2022-02-09T10:10:15+00:00","description":"Une nouvelle direction et une r\u00e9vision compl\u00e8te des standards Minergie : Minergie est en plein processus de renouvellement.","breadcrumb":{"@id":"https:\/\/www.organisator.ch\/sustainability\/2016-02-22\/minergie-standards-vor-rundumerneuerung\/#breadcrumb"},"inLanguage":"fr-FR","potentialAction":[{"@type":"ReadAction","target":["https:\/\/www.organisator.ch\/sustainability\/2016-02-22\/minergie-standards-vor-rundumerneuerung\/"]}]},{"@type":"ImageObject","inLanguage":"fr-FR","@id":"https:\/\/www.organisator.ch\/sustainability\/2016-02-22\/minergie-standards-vor-rundumerneuerung\/#primaryimage","url":"https:\/\/www.organisator.ch\/wp-content\/uploads\/2016\/12\/Minergie-Standards-vor-Rundumerneuerung-umweltperspektiven.jpg","contentUrl":"https:\/\/www.organisator.ch\/wp-content\/uploads\/2016\/12\/Minergie-Standards-vor-Rundumerneuerung-umweltperspektiven.jpg","width":640,"height":480,"caption":"Die Miergiestandards werden \u00fcberarbeitet. (Foto: Minergie)"},{"@type":"BreadcrumbList","@id":"https:\/\/www.organisator.ch\/sustainability\/2016-02-22\/minergie-standards-vor-rundumerneuerung\/#breadcrumb","itemListElement":[{"@type":"ListItem","position":1,"name":"Home","item":"https:\/\/www.organisator.ch\/"},{"@type":"ListItem","position":2,"name":"Minergie: Standards vor Rundumerneuerung"}]},{"@type":"WebSite","@id":"https:\/\/www.organisator.ch\/#website","url":"https:\/\/www.organisator.ch\/","name":"Organisateur","description":"Comp\u00e9tence et comp\u00e9tence. Proches de la pratique. L'ORGANISATEUR pr\u00e9pare 10 num\u00e9ros par an sur les th\u00e8mes essentiels pour les dirigeants de PME.","publisher":{"@id":"https:\/\/www.organisator.ch\/#organization"},"potentialAction":[{"@type":"SearchAction","target":{"@type":"EntryPoint","urlTemplate":"https:\/\/www.organisator.ch\/?s={search_term_string}"},"query-input":{"@type":"PropertyValueSpecification","valueRequired":true,"valueName":"search_term_string"}}],"inLanguage":"fr-FR"},{"@type":"Organization","@id":"https:\/\/www.organisator.ch\/#organization","name":"Organisateur","url":"https:\/\/www.organisator.ch\/","logo":{"@type":"ImageObject","inLanguage":"fr-FR","@id":"https:\/\/www.organisator.ch\/#\/schema\/logo\/image\/","url":"https:\/\/www.organisator.ch\/wp-content\/uploads\/2022\/01\/Logo_Organisator_Website.png","contentUrl":"https:\/\/www.organisator.ch\/wp-content\/uploads\/2022\/01\/Logo_Organisator_Website.png","width":800,"height":77,"caption":"Organisator"},"image":{"@id":"https:\/\/www.organisator.ch\/#\/schema\/logo\/image\/"},"sameAs":["https:\/\/www.facebook.com\/OrganisatorFachmagazin","https:\/\/www.linkedin.com\/showcase\/organisator-das-magazin-fr-kmu","https:\/\/www.xing.com\/news\/pages\/organisator-ch-695","https:\/\/www.youtube.com\/channel\/UCGP2Sq0iWaZwT3BdIAQFYpw"]},{"@type":"Person","@id":"https:\/\/www.organisator.ch\/#\/schema\/person\/aa2bace6c5c5aad60102004a50c4eb1c","name":"admin","image":{"@type":"ImageObject","inLanguage":"fr-FR","@id":"https:\/\/secure.gravatar.com\/avatar\/ae2f4d718e6c49043e314ce431e7e645d646302a24a5ef5a8bc8e3f5a032e319?s=96&d=mm&r=g","url":"https:\/\/secure.gravatar.com\/avatar\/ae2f4d718e6c49043e314ce431e7e645d646302a24a5ef5a8bc8e3f5a032e319?s=96&d=mm&r=g","contentUrl":"https:\/\/secure.gravatar.com\/avatar\/ae2f4d718e6c49043e314ce431e7e645d646302a24a5ef5a8bc8e3f5a032e319?s=96&d=mm&r=g","caption":"admin"},"sameAs":["https:\/\/www.organisator.ch"],"url":"https:\/\/www.organisator.ch\/fr\/author\/admin\/"}]}},"_links":{"self":[{"href":"https:\/\/www.organisator.ch\/fr\/wp-json\/wp\/v2\/posts\/9918","targetHints":{"allow":["GET"]}}],"collection":[{"href":"https:\/\/www.organisator.ch\/fr\/wp-json\/wp\/v2\/posts"}],"about":[{"href":"https:\/\/www.organisator.ch\/fr\/wp-json\/wp\/v2\/types\/post"}],"author":[{"embeddable":true,"href":"https:\/\/www.organisator.ch\/fr\/wp-json\/wp\/v2\/users\/1"}],"replies":[{"embeddable":true,"href":"https:\/\/www.organisator.ch\/fr\/wp-json\/wp\/v2\/comments?post=9918"}],"version-history":[{"count":1,"href":"https:\/\/www.organisator.ch\/fr\/wp-json\/wp\/v2\/posts\/9918\/revisions"}],"predecessor-version":[{"id":10970,"href":"https:\/\/www.organisator.ch\/fr\/wp-json\/wp\/v2\/posts\/9918\/revisions\/10970"}],"wp:featuredmedia":[{"embeddable":true,"href":"https:\/\/www.organisator.ch\/fr\/wp-json\/wp\/v2\/media\/9353"}],"wp:attachment":[{"href":"https:\/\/www.organisator.ch\/fr\/wp-json\/wp\/v2\/media?parent=9918"}],"wp:term":[{"taxonomy":"category","embeddable":true,"href":"https:\/\/www.organisator.ch\/fr\/wp-json\/wp\/v2\/categories?post=9918"},{"taxonomy":"post_tag","embeddable":true,"href":"https:\/\/www.organisator.ch\/fr\/wp-json\/wp\/v2\/tags?post=9918"}],"curies":[{"name":"wp","href":"https:\/\/api.w.org\/{rel}","templated":true}]}}