{"id":9920,"date":"2016-02-25T14:48:57","date_gmt":"2016-02-25T13:48:57","guid":{"rendered":"https:\/\/dev.umweltperspektiven.ch\/?p=227"},"modified":"2022-02-09T11:06:59","modified_gmt":"2022-02-09T10:06:59","slug":"klima-und-finanzen-was-ist-die-rolle-der-schweiz","status":"publish","type":"post","link":"https:\/\/www.organisator.ch\/fr\/sustainability\/2016-02-25\/klima-und-finanzen-was-ist-die-rolle-der-schweiz\/","title":{"rendered":"Climat et finances : Quel est le r\u00f4le de la Suisse ?"},"content":{"rendered":"<figure id=\"attachment_228\" aria-describedby=\"caption-attachment-228\" style=\"width: 680px\" class=\"wp-caption alignnone\"><a href=\"\/\/dev.umweltperspektiven.ch\/wp-content\/uploads\/2016\/12\/Klima-und-Finanzen-Was-ist-die-Rolle-der-Schweiz-umweltperspektiven.jpg\"><img loading=\"lazy\" decoding=\"async\" class=\"size-medium wp-image-228\" src=\"\/\/dev.umweltperspektiven.ch\/wp-content\/uploads\/2016\/12\/Klima-und-Finanzen-Was-ist-die-Rolle-der-Schweiz-umweltperspektiven.jpg\" alt=\"Quel est l&#039;impact du changement climatique sur le march\u00e9 financier ? Cette question fait notamment l&#039;objet d&#039;un d\u00e9bat international en ce moment.\" width=\"680\" height=\"454\" \/><\/a><figcaption id=\"caption-attachment-228\" class=\"wp-caption-text\">Quel est l'impact du changement climatique sur le march\u00e9 financier ? Cette question fait notamment l'objet d'un d\u00e9bat international en ce moment.<\/figcaption><\/figure>\n<p>La question du d\u00e9veloppement durable rev\u00eat \u00e9galement une importance croissante pour la politique des march\u00e9s financiers. On le voit actuellement dans les travaux du G20 dans le domaine financier (Finance Track), qui a cr\u00e9\u00e9 pour la premi\u00e8re fois, sous la pr\u00e9sidence chinoise, un groupe d'\u00e9tude sur la \"finance verte\", dans lequel la Suisse est \u00e9galement repr\u00e9sent\u00e9e. Parall\u00e8lement, le Conseil de stabilit\u00e9 financi\u00e8re (CSF) et le Fonds mon\u00e9taire international (FMI) se penchent sur les effets potentiels du changement climatique sur la stabilit\u00e9 des march\u00e9s financiers.<\/p>\n<p><strong>L'\u00c9tat en tant que m\u00e9diateur<\/strong><\/p>\n<p>La Suisse participe activement aux travaux correspondants des instances financi\u00e8res internationales et s'efforce de mener une politique coh\u00e9rente au niveau national et international. Le Conseil f\u00e9d\u00e9ral vient d'adopter les principes de cette politique et du r\u00f4le de la Suisse. Ils s'orientent sur la primaut\u00e9 des solutions de l'\u00e9conomie de march\u00e9 et sur la subsidiarit\u00e9 de l'action de l'Etat et misent sur la transparence et l'orientation \u00e0 long terme. En tant qu'interm\u00e9diaire, l'\u00c9tat peut soutenir les efforts du secteur pour ouvrir le champ des investissements durables.<\/p>\n<p>En ce qui concerne le th\u00e8me de la durabilit\u00e9 environnementale en lien avec la politique des march\u00e9s financiers, le Conseil f\u00e9d\u00e9ral consid\u00e8re \u00e0 la fois les risques potentiels pour la stabilit\u00e9 financi\u00e8re et les opportunit\u00e9s pour la place financi\u00e8re suisse. Gr\u00e2ce \u00e0 son expertise dans le domaine de l'environnement, \u00e0 des conditions-cadres favorables et \u00e0 un secteur financier fort et disposant d'un grand savoir-faire, la Suisse a le potentiel d'acqu\u00e9rir un avantage concurrentiel \u00e0 long terme dans le domaine des investissements durables.<\/p>","protected":false},"excerpt":{"rendered":"<p>Die Frage der nachhaltigen Entwicklung ist auch f\u00fcr die Finanzmarktpolitik von immer gr\u00f6sserer Bedeutung. Dies zeigt sich aktuell in den Arbeiten der G20 im Finanzbereich (Finance Track), die unter chinesischer Pr\u00e4sidentschaft erstmals eine Studiengruppe zu \u201eGreen Finance\u201c geschaffen hat, in der auch die Schweiz vertreten ist. Gleichzeitig besch\u00e4ftigen sich das Financial Stability Board (FSB) und [&hellip;]<\/p>\n","protected":false},"author":1,"featured_media":9354,"comment_status":"open","ping_status":"open","sticky":false,"template":"","format":"standard","meta":{"_acf_changed":false,"_yoast_wpseo_focuskw":"Schweiz","_yoast_wpseo_metadesc":"Auch in der Finanzmarktpolitik wird das Thema Nachhaltigkeit immer wichtiger. Der Bundesrat definiert, welche Rolle die Schweiz in den Diskussionen spielt.","articlekey":"","footnotes":""},"categories":[580],"tags":[100,201,1177,596,1787],"class_list":["post-9920","post","type-post","status-publish","format-standard","has-post-thumbnail","hentry","category-sustainability","tag-bundesrat","tag-finanzen","tag-finanzmarktpolitik","tag-klima","tag-nachhaltigkeit"],"acf":[],"yoast_head":"<!-- This site is optimized with the Yoast SEO plugin v27.4 - https:\/\/yoast.com\/product\/yoast-seo-wordpress\/ -->\n<title>Klima und Finanzen: Was ist die Rolle der Schweiz? - Organisator<\/title>\n<meta name=\"description\" content=\"Auch in der Finanzmarktpolitik wird das Thema Nachhaltigkeit immer wichtiger. Der Bundesrat definiert, welche Rolle die Schweiz in den Diskussionen spielt.\" \/>\n<meta name=\"robots\" content=\"index, follow, max-snippet:-1, max-image-preview:large, max-video-preview:-1\" \/>\n<link rel=\"canonical\" href=\"https:\/\/www.organisator.ch\/fr\/sustainability\/2016-02-25\/klima-und-finanzen-was-ist-die-rolle-der-schweiz\/\" \/>\n<meta property=\"og:locale\" content=\"fr_FR\" \/>\n<meta property=\"og:type\" content=\"article\" \/>\n<meta property=\"og:title\" content=\"Klima und Finanzen: Was ist die Rolle der Schweiz? - Organisator\" \/>\n<meta property=\"og:description\" content=\"Auch in der Finanzmarktpolitik wird das Thema Nachhaltigkeit immer wichtiger. Der Bundesrat definiert, welche Rolle die Schweiz in den Diskussionen spielt.\" \/>\n<meta property=\"og:url\" content=\"https:\/\/www.organisator.ch\/fr\/sustainability\/2016-02-25\/klima-und-finanzen-was-ist-die-rolle-der-schweiz\/\" \/>\n<meta property=\"og:site_name\" content=\"Organisator\" \/>\n<meta property=\"article:publisher\" content=\"https:\/\/www.facebook.com\/OrganisatorFachmagazin\" \/>\n<meta property=\"article:published_time\" content=\"2016-02-25T13:48:57+00:00\" \/>\n<meta property=\"article:modified_time\" content=\"2022-02-09T10:06:59+00:00\" \/>\n<meta property=\"og:image\" content=\"https:\/\/www.organisator.ch\/wp-content\/uploads\/2016\/12\/Klima-und-Finanzen-Was-ist-die-Rolle-der-Schweiz-umweltperspektiven.jpg\" \/>\n\t<meta property=\"og:image:width\" content=\"1000\" \/>\n\t<meta property=\"og:image:height\" content=\"667\" \/>\n\t<meta property=\"og:image:type\" content=\"image\/jpeg\" \/>\n<meta name=\"author\" content=\"admin\" \/>\n<meta name=\"twitter:card\" content=\"summary_large_image\" \/>\n<script type=\"application\/ld+json\" class=\"yoast-schema-graph\">{\"@context\":\"https:\\\/\\\/schema.org\",\"@graph\":[{\"@type\":\"Article\",\"@id\":\"https:\\\/\\\/www.organisator.ch\\\/sustainability\\\/2016-02-25\\\/klima-und-finanzen-was-ist-die-rolle-der-schweiz\\\/#article\",\"isPartOf\":{\"@id\":\"https:\\\/\\\/www.organisator.ch\\\/sustainability\\\/2016-02-25\\\/klima-und-finanzen-was-ist-die-rolle-der-schweiz\\\/\"},\"author\":{\"name\":\"admin\",\"@id\":\"https:\\\/\\\/www.organisator.ch\\\/#\\\/schema\\\/person\\\/aa2bace6c5c5aad60102004a50c4eb1c\"},\"headline\":\"Klima und Finanzen: Was ist die Rolle der Schweiz?\",\"datePublished\":\"2016-02-25T13:48:57+00:00\",\"dateModified\":\"2022-02-09T10:06:59+00:00\",\"mainEntityOfPage\":{\"@id\":\"https:\\\/\\\/www.organisator.ch\\\/sustainability\\\/2016-02-25\\\/klima-und-finanzen-was-ist-die-rolle-der-schweiz\\\/\"},\"wordCount\":259,\"commentCount\":0,\"publisher\":{\"@id\":\"https:\\\/\\\/www.organisator.ch\\\/#organization\"},\"image\":{\"@id\":\"https:\\\/\\\/www.organisator.ch\\\/sustainability\\\/2016-02-25\\\/klima-und-finanzen-was-ist-die-rolle-der-schweiz\\\/#primaryimage\"},\"thumbnailUrl\":\"https:\\\/\\\/www.organisator.ch\\\/wp-content\\\/uploads\\\/2016\\\/12\\\/Klima-und-Finanzen-Was-ist-die-Rolle-der-Schweiz-umweltperspektiven.jpg\",\"keywords\":[\"Bundesrat\",\"Finanzen\",\"Finanzmarktpolitik\",\"KLIMA\",\"Nachhaltigkeit\"],\"articleSection\":[\"SUSTAINABILITY\"],\"inLanguage\":\"fr-FR\"},{\"@type\":\"WebPage\",\"@id\":\"https:\\\/\\\/www.organisator.ch\\\/sustainability\\\/2016-02-25\\\/klima-und-finanzen-was-ist-die-rolle-der-schweiz\\\/\",\"url\":\"https:\\\/\\\/www.organisator.ch\\\/sustainability\\\/2016-02-25\\\/klima-und-finanzen-was-ist-die-rolle-der-schweiz\\\/\",\"name\":\"Klima und Finanzen: Was ist die Rolle der Schweiz? - Organisator\",\"isPartOf\":{\"@id\":\"https:\\\/\\\/www.organisator.ch\\\/#website\"},\"primaryImageOfPage\":{\"@id\":\"https:\\\/\\\/www.organisator.ch\\\/sustainability\\\/2016-02-25\\\/klima-und-finanzen-was-ist-die-rolle-der-schweiz\\\/#primaryimage\"},\"image\":{\"@id\":\"https:\\\/\\\/www.organisator.ch\\\/sustainability\\\/2016-02-25\\\/klima-und-finanzen-was-ist-die-rolle-der-schweiz\\\/#primaryimage\"},\"thumbnailUrl\":\"https:\\\/\\\/www.organisator.ch\\\/wp-content\\\/uploads\\\/2016\\\/12\\\/Klima-und-Finanzen-Was-ist-die-Rolle-der-Schweiz-umweltperspektiven.jpg\",\"datePublished\":\"2016-02-25T13:48:57+00:00\",\"dateModified\":\"2022-02-09T10:06:59+00:00\",\"description\":\"Auch in der Finanzmarktpolitik wird das Thema Nachhaltigkeit immer wichtiger. Der Bundesrat definiert, welche Rolle die Schweiz in den Diskussionen spielt.\",\"breadcrumb\":{\"@id\":\"https:\\\/\\\/www.organisator.ch\\\/sustainability\\\/2016-02-25\\\/klima-und-finanzen-was-ist-die-rolle-der-schweiz\\\/#breadcrumb\"},\"inLanguage\":\"fr-FR\",\"potentialAction\":[{\"@type\":\"ReadAction\",\"target\":[\"https:\\\/\\\/www.organisator.ch\\\/sustainability\\\/2016-02-25\\\/klima-und-finanzen-was-ist-die-rolle-der-schweiz\\\/\"]}]},{\"@type\":\"ImageObject\",\"inLanguage\":\"fr-FR\",\"@id\":\"https:\\\/\\\/www.organisator.ch\\\/sustainability\\\/2016-02-25\\\/klima-und-finanzen-was-ist-die-rolle-der-schweiz\\\/#primaryimage\",\"url\":\"https:\\\/\\\/www.organisator.ch\\\/wp-content\\\/uploads\\\/2016\\\/12\\\/Klima-und-Finanzen-Was-ist-die-Rolle-der-Schweiz-umweltperspektiven.jpg\",\"contentUrl\":\"https:\\\/\\\/www.organisator.ch\\\/wp-content\\\/uploads\\\/2016\\\/12\\\/Klima-und-Finanzen-Was-ist-die-Rolle-der-Schweiz-umweltperspektiven.jpg\",\"width\":1000,\"height\":667,\"caption\":\"Welche Auswirkungen hat der Klimawandel auf den Finanzmarkt? Dies wird unter anderem zur Zeit international diskutiert.\"},{\"@type\":\"BreadcrumbList\",\"@id\":\"https:\\\/\\\/www.organisator.ch\\\/sustainability\\\/2016-02-25\\\/klima-und-finanzen-was-ist-die-rolle-der-schweiz\\\/#breadcrumb\",\"itemListElement\":[{\"@type\":\"ListItem\",\"position\":1,\"name\":\"Home\",\"item\":\"https:\\\/\\\/www.organisator.ch\\\/\"},{\"@type\":\"ListItem\",\"position\":2,\"name\":\"Klima und Finanzen: Was ist die Rolle der Schweiz?\"}]},{\"@type\":\"WebSite\",\"@id\":\"https:\\\/\\\/www.organisator.ch\\\/#website\",\"url\":\"https:\\\/\\\/www.organisator.ch\\\/\",\"name\":\"Organisator\",\"description\":\"Kompetent. Praxisnah. Der ORGANISATOR bereitet in 10 Ausgaben pro Jahr die wesentlichen Themen f\u00fcr F\u00fchrungskr\u00e4fte von KMU auf.\",\"publisher\":{\"@id\":\"https:\\\/\\\/www.organisator.ch\\\/#organization\"},\"potentialAction\":[{\"@type\":\"SearchAction\",\"target\":{\"@type\":\"EntryPoint\",\"urlTemplate\":\"https:\\\/\\\/www.organisator.ch\\\/?s={search_term_string}\"},\"query-input\":{\"@type\":\"PropertyValueSpecification\",\"valueRequired\":true,\"valueName\":\"search_term_string\"}}],\"inLanguage\":\"fr-FR\"},{\"@type\":\"Organization\",\"@id\":\"https:\\\/\\\/www.organisator.ch\\\/#organization\",\"name\":\"Organisator\",\"url\":\"https:\\\/\\\/www.organisator.ch\\\/\",\"logo\":{\"@type\":\"ImageObject\",\"inLanguage\":\"fr-FR\",\"@id\":\"https:\\\/\\\/www.organisator.ch\\\/#\\\/schema\\\/logo\\\/image\\\/\",\"url\":\"https:\\\/\\\/www.organisator.ch\\\/wp-content\\\/uploads\\\/2022\\\/01\\\/Logo_Organisator_Website.png\",\"contentUrl\":\"https:\\\/\\\/www.organisator.ch\\\/wp-content\\\/uploads\\\/2022\\\/01\\\/Logo_Organisator_Website.png\",\"width\":800,\"height\":77,\"caption\":\"Organisator\"},\"image\":{\"@id\":\"https:\\\/\\\/www.organisator.ch\\\/#\\\/schema\\\/logo\\\/image\\\/\"},\"sameAs\":[\"https:\\\/\\\/www.facebook.com\\\/OrganisatorFachmagazin\",\"https:\\\/\\\/www.linkedin.com\\\/showcase\\\/organisator-das-magazin-fr-kmu\",\"https:\\\/\\\/www.xing.com\\\/news\\\/pages\\\/organisator-ch-695\",\"https:\\\/\\\/www.youtube.com\\\/channel\\\/UCGP2Sq0iWaZwT3BdIAQFYpw\"]},{\"@type\":\"Person\",\"@id\":\"https:\\\/\\\/www.organisator.ch\\\/#\\\/schema\\\/person\\\/aa2bace6c5c5aad60102004a50c4eb1c\",\"name\":\"admin\",\"image\":{\"@type\":\"ImageObject\",\"inLanguage\":\"fr-FR\",\"@id\":\"https:\\\/\\\/secure.gravatar.com\\\/avatar\\\/ae2f4d718e6c49043e314ce431e7e645d646302a24a5ef5a8bc8e3f5a032e319?s=96&d=mm&r=g\",\"url\":\"https:\\\/\\\/secure.gravatar.com\\\/avatar\\\/ae2f4d718e6c49043e314ce431e7e645d646302a24a5ef5a8bc8e3f5a032e319?s=96&d=mm&r=g\",\"contentUrl\":\"https:\\\/\\\/secure.gravatar.com\\\/avatar\\\/ae2f4d718e6c49043e314ce431e7e645d646302a24a5ef5a8bc8e3f5a032e319?s=96&d=mm&r=g\",\"caption\":\"admin\"},\"sameAs\":[\"https:\\\/\\\/www.organisator.ch\"],\"url\":\"https:\\\/\\\/www.organisator.ch\\\/fr\\\/author\\\/admin\\\/\"}]}<\/script>\n<!-- \/ Yoast SEO plugin. -->","yoast_head_json":{"title":"Climat et finances : Quel est le r\u00f4le de la Suisse ? - Organisateur","description":"Le th\u00e8me de la durabilit\u00e9 prend \u00e9galement de plus en plus d'importance dans la politique des march\u00e9s financiers. Le Conseil f\u00e9d\u00e9ral d\u00e9finit le r\u00f4le de la Suisse dans les discussions.","robots":{"index":"index","follow":"follow","max-snippet":"max-snippet:-1","max-image-preview":"max-image-preview:large","max-video-preview":"max-video-preview:-1"},"canonical":"https:\/\/www.organisator.ch\/fr\/sustainability\/2016-02-25\/klima-und-finanzen-was-ist-die-rolle-der-schweiz\/","og_locale":"fr_FR","og_type":"article","og_title":"Klima und Finanzen: Was ist die Rolle der Schweiz? - Organisator","og_description":"Auch in der Finanzmarktpolitik wird das Thema Nachhaltigkeit immer wichtiger. Der Bundesrat definiert, welche Rolle die Schweiz in den Diskussionen spielt.","og_url":"https:\/\/www.organisator.ch\/fr\/sustainability\/2016-02-25\/klima-und-finanzen-was-ist-die-rolle-der-schweiz\/","og_site_name":"Organisator","article_publisher":"https:\/\/www.facebook.com\/OrganisatorFachmagazin","article_published_time":"2016-02-25T13:48:57+00:00","article_modified_time":"2022-02-09T10:06:59+00:00","og_image":[{"width":1000,"height":667,"url":"https:\/\/www.organisator.ch\/wp-content\/uploads\/2016\/12\/Klima-und-Finanzen-Was-ist-die-Rolle-der-Schweiz-umweltperspektiven.jpg","type":"image\/jpeg"}],"author":"admin","twitter_card":"summary_large_image","schema":{"@context":"https:\/\/schema.org","@graph":[{"@type":"Article","@id":"https:\/\/www.organisator.ch\/sustainability\/2016-02-25\/klima-und-finanzen-was-ist-die-rolle-der-schweiz\/#article","isPartOf":{"@id":"https:\/\/www.organisator.ch\/sustainability\/2016-02-25\/klima-und-finanzen-was-ist-die-rolle-der-schweiz\/"},"author":{"name":"admin","@id":"https:\/\/www.organisator.ch\/#\/schema\/person\/aa2bace6c5c5aad60102004a50c4eb1c"},"headline":"Klima und Finanzen: Was ist die Rolle der Schweiz?","datePublished":"2016-02-25T13:48:57+00:00","dateModified":"2022-02-09T10:06:59+00:00","mainEntityOfPage":{"@id":"https:\/\/www.organisator.ch\/sustainability\/2016-02-25\/klima-und-finanzen-was-ist-die-rolle-der-schweiz\/"},"wordCount":259,"commentCount":0,"publisher":{"@id":"https:\/\/www.organisator.ch\/#organization"},"image":{"@id":"https:\/\/www.organisator.ch\/sustainability\/2016-02-25\/klima-und-finanzen-was-ist-die-rolle-der-schweiz\/#primaryimage"},"thumbnailUrl":"https:\/\/www.organisator.ch\/wp-content\/uploads\/2016\/12\/Klima-und-Finanzen-Was-ist-die-Rolle-der-Schweiz-umweltperspektiven.jpg","keywords":["Bundesrat","Finanzen","Finanzmarktpolitik","KLIMA","Nachhaltigkeit"],"articleSection":["SUSTAINABILITY"],"inLanguage":"fr-FR"},{"@type":"WebPage","@id":"https:\/\/www.organisator.ch\/sustainability\/2016-02-25\/klima-und-finanzen-was-ist-die-rolle-der-schweiz\/","url":"https:\/\/www.organisator.ch\/sustainability\/2016-02-25\/klima-und-finanzen-was-ist-die-rolle-der-schweiz\/","name":"Climat et finances : Quel est le r\u00f4le de la Suisse ? - Organisateur","isPartOf":{"@id":"https:\/\/www.organisator.ch\/#website"},"primaryImageOfPage":{"@id":"https:\/\/www.organisator.ch\/sustainability\/2016-02-25\/klima-und-finanzen-was-ist-die-rolle-der-schweiz\/#primaryimage"},"image":{"@id":"https:\/\/www.organisator.ch\/sustainability\/2016-02-25\/klima-und-finanzen-was-ist-die-rolle-der-schweiz\/#primaryimage"},"thumbnailUrl":"https:\/\/www.organisator.ch\/wp-content\/uploads\/2016\/12\/Klima-und-Finanzen-Was-ist-die-Rolle-der-Schweiz-umweltperspektiven.jpg","datePublished":"2016-02-25T13:48:57+00:00","dateModified":"2022-02-09T10:06:59+00:00","description":"Le th\u00e8me de la durabilit\u00e9 prend \u00e9galement de plus en plus d'importance dans la politique des march\u00e9s financiers. Le Conseil f\u00e9d\u00e9ral d\u00e9finit le r\u00f4le de la Suisse dans les discussions.","breadcrumb":{"@id":"https:\/\/www.organisator.ch\/sustainability\/2016-02-25\/klima-und-finanzen-was-ist-die-rolle-der-schweiz\/#breadcrumb"},"inLanguage":"fr-FR","potentialAction":[{"@type":"ReadAction","target":["https:\/\/www.organisator.ch\/sustainability\/2016-02-25\/klima-und-finanzen-was-ist-die-rolle-der-schweiz\/"]}]},{"@type":"ImageObject","inLanguage":"fr-FR","@id":"https:\/\/www.organisator.ch\/sustainability\/2016-02-25\/klima-und-finanzen-was-ist-die-rolle-der-schweiz\/#primaryimage","url":"https:\/\/www.organisator.ch\/wp-content\/uploads\/2016\/12\/Klima-und-Finanzen-Was-ist-die-Rolle-der-Schweiz-umweltperspektiven.jpg","contentUrl":"https:\/\/www.organisator.ch\/wp-content\/uploads\/2016\/12\/Klima-und-Finanzen-Was-ist-die-Rolle-der-Schweiz-umweltperspektiven.jpg","width":1000,"height":667,"caption":"Welche Auswirkungen hat der Klimawandel auf den Finanzmarkt? Dies wird unter anderem zur Zeit international diskutiert."},{"@type":"BreadcrumbList","@id":"https:\/\/www.organisator.ch\/sustainability\/2016-02-25\/klima-und-finanzen-was-ist-die-rolle-der-schweiz\/#breadcrumb","itemListElement":[{"@type":"ListItem","position":1,"name":"Home","item":"https:\/\/www.organisator.ch\/"},{"@type":"ListItem","position":2,"name":"Klima und Finanzen: Was ist die Rolle der Schweiz?"}]},{"@type":"WebSite","@id":"https:\/\/www.organisator.ch\/#website","url":"https:\/\/www.organisator.ch\/","name":"Organisateur","description":"Comp\u00e9tence et comp\u00e9tence. Proches de la pratique. L'ORGANISATEUR pr\u00e9pare 10 num\u00e9ros par an sur les th\u00e8mes essentiels pour les dirigeants de PME.","publisher":{"@id":"https:\/\/www.organisator.ch\/#organization"},"potentialAction":[{"@type":"SearchAction","target":{"@type":"EntryPoint","urlTemplate":"https:\/\/www.organisator.ch\/?s={search_term_string}"},"query-input":{"@type":"PropertyValueSpecification","valueRequired":true,"valueName":"search_term_string"}}],"inLanguage":"fr-FR"},{"@type":"Organization","@id":"https:\/\/www.organisator.ch\/#organization","name":"Organisateur","url":"https:\/\/www.organisator.ch\/","logo":{"@type":"ImageObject","inLanguage":"fr-FR","@id":"https:\/\/www.organisator.ch\/#\/schema\/logo\/image\/","url":"https:\/\/www.organisator.ch\/wp-content\/uploads\/2022\/01\/Logo_Organisator_Website.png","contentUrl":"https:\/\/www.organisator.ch\/wp-content\/uploads\/2022\/01\/Logo_Organisator_Website.png","width":800,"height":77,"caption":"Organisator"},"image":{"@id":"https:\/\/www.organisator.ch\/#\/schema\/logo\/image\/"},"sameAs":["https:\/\/www.facebook.com\/OrganisatorFachmagazin","https:\/\/www.linkedin.com\/showcase\/organisator-das-magazin-fr-kmu","https:\/\/www.xing.com\/news\/pages\/organisator-ch-695","https:\/\/www.youtube.com\/channel\/UCGP2Sq0iWaZwT3BdIAQFYpw"]},{"@type":"Person","@id":"https:\/\/www.organisator.ch\/#\/schema\/person\/aa2bace6c5c5aad60102004a50c4eb1c","name":"admin","image":{"@type":"ImageObject","inLanguage":"fr-FR","@id":"https:\/\/secure.gravatar.com\/avatar\/ae2f4d718e6c49043e314ce431e7e645d646302a24a5ef5a8bc8e3f5a032e319?s=96&d=mm&r=g","url":"https:\/\/secure.gravatar.com\/avatar\/ae2f4d718e6c49043e314ce431e7e645d646302a24a5ef5a8bc8e3f5a032e319?s=96&d=mm&r=g","contentUrl":"https:\/\/secure.gravatar.com\/avatar\/ae2f4d718e6c49043e314ce431e7e645d646302a24a5ef5a8bc8e3f5a032e319?s=96&d=mm&r=g","caption":"admin"},"sameAs":["https:\/\/www.organisator.ch"],"url":"https:\/\/www.organisator.ch\/fr\/author\/admin\/"}]}},"_links":{"self":[{"href":"https:\/\/www.organisator.ch\/fr\/wp-json\/wp\/v2\/posts\/9920","targetHints":{"allow":["GET"]}}],"collection":[{"href":"https:\/\/www.organisator.ch\/fr\/wp-json\/wp\/v2\/posts"}],"about":[{"href":"https:\/\/www.organisator.ch\/fr\/wp-json\/wp\/v2\/types\/post"}],"author":[{"embeddable":true,"href":"https:\/\/www.organisator.ch\/fr\/wp-json\/wp\/v2\/users\/1"}],"replies":[{"embeddable":true,"href":"https:\/\/www.organisator.ch\/fr\/wp-json\/wp\/v2\/comments?post=9920"}],"version-history":[{"count":1,"href":"https:\/\/www.organisator.ch\/fr\/wp-json\/wp\/v2\/posts\/9920\/revisions"}],"predecessor-version":[{"id":10761,"href":"https:\/\/www.organisator.ch\/fr\/wp-json\/wp\/v2\/posts\/9920\/revisions\/10761"}],"wp:featuredmedia":[{"embeddable":true,"href":"https:\/\/www.organisator.ch\/fr\/wp-json\/wp\/v2\/media\/9354"}],"wp:attachment":[{"href":"https:\/\/www.organisator.ch\/fr\/wp-json\/wp\/v2\/media?parent=9920"}],"wp:term":[{"taxonomy":"category","embeddable":true,"href":"https:\/\/www.organisator.ch\/fr\/wp-json\/wp\/v2\/categories?post=9920"},{"taxonomy":"post_tag","embeddable":true,"href":"https:\/\/www.organisator.ch\/fr\/wp-json\/wp\/v2\/tags?post=9920"}],"curies":[{"name":"wp","href":"https:\/\/api.w.org\/{rel}","templated":true}]}}