{"id":9922,"date":"2016-03-03T14:58:15","date_gmt":"2016-03-03T13:58:15","guid":{"rendered":"https:\/\/dev.umweltperspektiven.ch\/?p=239"},"modified":"2022-02-09T11:06:25","modified_gmt":"2022-02-09T10:06:25","slug":"akw-muehleberg-geht-2019-endgueltig-vom-netz","status":"publish","type":"post","link":"https:\/\/www.organisator.ch\/fr\/sustainability\/2016-03-03\/akw-muehleberg-geht-2019-endgueltig-vom-netz\/","title":{"rendered":"La centrale nucl\u00e9aire de M\u00fchleberg sera d\u00e9finitivement d\u00e9connect\u00e9e du r\u00e9seau en 2019"},"content":{"rendered":"<figure id=\"attachment_240\" aria-describedby=\"caption-attachment-240\" style=\"width: 680px\" class=\"wp-caption alignnone\"><a href=\"\/\/dev.umweltperspektiven.ch\/wp-content\/uploads\/2016\/12\/AKW-M\u00fchleberg-geht-2019-endg\u00fcltig-vom-Netz-umweltperspektiven.jpg\"><img loading=\"lazy\" decoding=\"async\" class=\"wp-image-240 size-medium\" src=\"\/\/dev.umweltperspektiven.ch\/wp-content\/uploads\/2016\/12\/AKW-M\u00fchleberg-geht-2019-endg\u00fcltig-vom-Netz-umweltperspektiven.jpg\" alt=\"La centrale nucl\u00e9aire de M\u00fchleberg sera d\u00e9finitivement d\u00e9connect\u00e9e du r\u00e9seau en 2019\" width=\"680\" height=\"509\" \/><\/a><figcaption id=\"caption-attachment-240\" class=\"wp-caption-text\">La centrale nucl\u00e9aire de M\u00fchleberg sera d\u00e9finitivement d\u00e9connect\u00e9e du r\u00e9seau en 2019<\/figcaption><\/figure>\n<p>Arr\u00eat d\u00e9finitif de l'exploitation de la puissance : la centrale nucl\u00e9aire de M\u00fchleberg sera d\u00e9finitivement d\u00e9connect\u00e9e du r\u00e9seau le 20 d\u00e9cembre 2019 | Communiqu\u00e9 de presse BKW Energie SA<\/p>\n<p>Fin f\u00e9vrier, BKW a communiqu\u00e9 dans les d\u00e9lais \u00e0 l'Inspection f\u00e9d\u00e9rale de la s\u00e9curit\u00e9 nucl\u00e9aire (IFSN) qu'elle arr\u00eaterait d\u00e9finitivement l'exploitation de la puissance de la centrale nucl\u00e9aire de M\u00fchleberg le 20 d\u00e9cembre 2019. A partir de cette date, la centrale nucl\u00e9aire ne produira plus d'\u00e9lectricit\u00e9. Ceci \u00e0 condition que les conditions-cadres juridiques n\u00e9cessaires \u00e0 un d\u00e9mant\u00e8lement sans retard soient r\u00e9unies.<\/p>\n<p>BKW r\u00e9pond ainsi \u00e0 une exigence formul\u00e9e par l'IFSN en d\u00e9cembre 2015 en vue de la d\u00e9saffectation pr\u00e9vue de la centrale nucl\u00e9aire de M\u00fchleberg. Apr\u00e8s l'arr\u00eat d\u00e9finitif de l'exploitation de puissance le 20 d\u00e9cembre 2019, la pr\u00e9paration du d\u00e9mant\u00e8lement doit commencer sans d\u00e9lai par la mise en place de la post-exploitation technique et des mesures pr\u00e9paratoires. La condition pr\u00e9alable est l'existence de la d\u00e9cision de d\u00e9saffectation ex\u00e9cutoire ainsi que des autorisations n\u00e9cessaires de l'IFSN.<\/p>\n<p>L'\u00e9tablissement de la post-exploitation technique sera achev\u00e9 lorsque tous les assemblages combustibles se trouveront dans la piscine de stockage des assemblages combustibles et que la piscine sera refroidie ind\u00e9pendamment des autres syst\u00e8mes. Selon l'\u00e9tat actuel de la planification, ces travaux dureront au moins neuf mois. Leur ach\u00e8vement entra\u00eenera la mise hors service d\u00e9finitive de la centrale nucl\u00e9aire de M\u00fchleberg. Celle-ci aura donc lieu au plus t\u00f4t fin septembre 2020. FMB a \u00e9galement communiqu\u00e9 cette date \u00e0 l'IFSN dans les d\u00e9lais impartis, conform\u00e9ment \u00e0 la demande formul\u00e9e en d\u00e9cembre 2015.<\/p>\n<p>La fermeture de la centrale nucl\u00e9aire de M\u00fchleberg est un projet d'envergure. FMB est la premi\u00e8re entreprise en Suisse \u00e0 d\u00e9saffecter un r\u00e9acteur de puissance. FMB a d\u00e9pos\u00e9 la demande de d\u00e9saffectation de la centrale nucl\u00e9aire de M\u00fchleberg en d\u00e9cembre 2015 aupr\u00e8s du D\u00e9partement de l'environnement, des transports, de l'\u00e9nergie et de la communication. Le dossier sera vraisemblablement mis \u00e0 l'enqu\u00eate publique pendant un mois \u00e0 partir de d\u00e9but avril. A cette date, la population locale sera \u00e9galement inform\u00e9e en d\u00e9tail de son contenu lors de s\u00e9ances d'information et le public via les m\u00e9dias.<\/p>\n<p>Arr\u00eat d\u00e9finitif de l'exploitation de la puissance On appelle \"arr\u00eat d\u00e9finitif de l'exploitation de la puissance\" le moment \u00e0 partir duquel une centrale nucl\u00e9aire est d\u00e9connect\u00e9e du r\u00e9seau et ne produit plus d'\u00e9lectricit\u00e9.<\/p>\n<p><strong>Mise hors service d\u00e9finitive<\/strong><\/p>\n<p>Par \"mise hors service d\u00e9finitive\", on entend le moment \u00e0 partir duquel la centrale nucl\u00e9aire est pr\u00eate pour le service ult\u00e9rieur. Dans le cas de la centrale nucl\u00e9aire de M\u00fchleberg, il s'agit du moment \u00e0 partir duquel tous les \u00e9l\u00e9ments combustibles se trouvent dans la piscine de stockage des \u00e9l\u00e9ments combustibles et que celle-ci est refroidie ind\u00e9pendamment des autres syst\u00e8mes.<\/p>","protected":false},"excerpt":{"rendered":"<p>Endg\u00fcltige Einstellung des Leistungsbetriebs: Kernkraftwerk M\u00fchleberg geht am 20. Dezember 2019 definitiv vom Netz | Medienmitteilung BKW Energie AG Die BKW hat Ende Februar dem Eidgen\u00f6ssischen Nuklearsicherheitsinspektorat ENSI fristgerecht mitgeteilt, dass sie am 20. Dezember 2019 den Leistungsbetrieb des Kernkraftwerks M\u00fchleberg endg\u00fcltig einstellen wird. Ab diesem Datum wird im Kernkraftwerk kein Strom mehr produziert. Dies [&hellip;]<\/p>\n","protected":false},"author":1,"featured_media":9356,"comment_status":"open","ping_status":"open","sticky":false,"template":"","format":"standard","meta":{"_acf_changed":false,"_yoast_wpseo_focuskw":"M\u00fchleberg","_yoast_wpseo_metadesc":"Das Kernkraftwerk M\u00fchleberg stellt am 20. Dezember 2019 definitiv den Betrieb ein. Ab diesem Datum wird dort kein Strom mehr produziert.","articlekey":"","footnotes":""},"categories":[580],"tags":[852,1495,1741,1849],"class_list":["post-9922","post","type-post","status-publish","format-standard","has-post-thumbnail","hentry","category-sustainability","tag-bkw","tag-kkw","tag-muehleberg","tag-nuklearenergie"],"acf":[],"yoast_head":"<!-- This site is optimized with the Yoast SEO plugin v27.4 - https:\/\/yoast.com\/product\/yoast-seo-wordpress\/ -->\n<title>AKW M\u00fchleberg geht 2019 endg\u00fcltig vom Netz - Organisator<\/title>\n<meta name=\"description\" content=\"Das Kernkraftwerk M\u00fchleberg stellt am 20. Dezember 2019 definitiv den Betrieb ein. Ab diesem Datum wird dort kein Strom mehr produziert.\" \/>\n<meta name=\"robots\" content=\"index, follow, max-snippet:-1, max-image-preview:large, max-video-preview:-1\" \/>\n<link rel=\"canonical\" href=\"https:\/\/www.organisator.ch\/fr\/sustainability\/2016-03-03\/akw-muehleberg-geht-2019-endgueltig-vom-netz\/\" \/>\n<meta property=\"og:locale\" content=\"fr_FR\" \/>\n<meta property=\"og:type\" content=\"article\" \/>\n<meta property=\"og:title\" content=\"AKW M\u00fchleberg geht 2019 endg\u00fcltig vom Netz - Organisator\" \/>\n<meta property=\"og:description\" content=\"Das Kernkraftwerk M\u00fchleberg stellt am 20. Dezember 2019 definitiv den Betrieb ein. Ab diesem Datum wird dort kein Strom mehr produziert.\" \/>\n<meta property=\"og:url\" content=\"https:\/\/www.organisator.ch\/fr\/sustainability\/2016-03-03\/akw-muehleberg-geht-2019-endgueltig-vom-netz\/\" \/>\n<meta property=\"og:site_name\" content=\"Organisator\" \/>\n<meta property=\"article:publisher\" content=\"https:\/\/www.facebook.com\/OrganisatorFachmagazin\" \/>\n<meta property=\"article:published_time\" content=\"2016-03-03T13:58:15+00:00\" \/>\n<meta property=\"article:modified_time\" content=\"2022-02-09T10:06:25+00:00\" \/>\n<meta property=\"og:image\" content=\"https:\/\/www.organisator.ch\/wp-content\/uploads\/2016\/12\/AKW-Muehleberg-geht-2019-endgueltig-vom-Netz-umweltperspektiven.jpg\" \/>\n\t<meta property=\"og:image:width\" content=\"2400\" \/>\n\t<meta property=\"og:image:height\" content=\"1797\" \/>\n\t<meta property=\"og:image:type\" content=\"image\/jpeg\" \/>\n<meta name=\"author\" content=\"admin\" \/>\n<meta name=\"twitter:card\" content=\"summary_large_image\" \/>\n<script type=\"application\/ld+json\" class=\"yoast-schema-graph\">{\"@context\":\"https:\\\/\\\/schema.org\",\"@graph\":[{\"@type\":\"Article\",\"@id\":\"https:\\\/\\\/www.organisator.ch\\\/sustainability\\\/2016-03-03\\\/akw-muehleberg-geht-2019-endgueltig-vom-netz\\\/#article\",\"isPartOf\":{\"@id\":\"https:\\\/\\\/www.organisator.ch\\\/sustainability\\\/2016-03-03\\\/akw-muehleberg-geht-2019-endgueltig-vom-netz\\\/\"},\"author\":{\"name\":\"admin\",\"@id\":\"https:\\\/\\\/www.organisator.ch\\\/#\\\/schema\\\/person\\\/aa2bace6c5c5aad60102004a50c4eb1c\"},\"headline\":\"AKW M\u00fchleberg geht 2019 endg\u00fcltig vom Netz\",\"datePublished\":\"2016-03-03T13:58:15+00:00\",\"dateModified\":\"2022-02-09T10:06:25+00:00\",\"mainEntityOfPage\":{\"@id\":\"https:\\\/\\\/www.organisator.ch\\\/sustainability\\\/2016-03-03\\\/akw-muehleberg-geht-2019-endgueltig-vom-netz\\\/\"},\"wordCount\":383,\"commentCount\":0,\"publisher\":{\"@id\":\"https:\\\/\\\/www.organisator.ch\\\/#organization\"},\"image\":{\"@id\":\"https:\\\/\\\/www.organisator.ch\\\/sustainability\\\/2016-03-03\\\/akw-muehleberg-geht-2019-endgueltig-vom-netz\\\/#primaryimage\"},\"thumbnailUrl\":\"https:\\\/\\\/www.organisator.ch\\\/wp-content\\\/uploads\\\/2016\\\/12\\\/AKW-Muehleberg-geht-2019-endgueltig-vom-Netz-umweltperspektiven.jpg\",\"keywords\":[\"BKW\",\"KKW\",\"M\u00fchleberg\",\"Nuklearenergie\"],\"articleSection\":[\"SUSTAINABILITY\"],\"inLanguage\":\"fr-FR\"},{\"@type\":\"WebPage\",\"@id\":\"https:\\\/\\\/www.organisator.ch\\\/sustainability\\\/2016-03-03\\\/akw-muehleberg-geht-2019-endgueltig-vom-netz\\\/\",\"url\":\"https:\\\/\\\/www.organisator.ch\\\/sustainability\\\/2016-03-03\\\/akw-muehleberg-geht-2019-endgueltig-vom-netz\\\/\",\"name\":\"AKW M\u00fchleberg geht 2019 endg\u00fcltig vom Netz - Organisator\",\"isPartOf\":{\"@id\":\"https:\\\/\\\/www.organisator.ch\\\/#website\"},\"primaryImageOfPage\":{\"@id\":\"https:\\\/\\\/www.organisator.ch\\\/sustainability\\\/2016-03-03\\\/akw-muehleberg-geht-2019-endgueltig-vom-netz\\\/#primaryimage\"},\"image\":{\"@id\":\"https:\\\/\\\/www.organisator.ch\\\/sustainability\\\/2016-03-03\\\/akw-muehleberg-geht-2019-endgueltig-vom-netz\\\/#primaryimage\"},\"thumbnailUrl\":\"https:\\\/\\\/www.organisator.ch\\\/wp-content\\\/uploads\\\/2016\\\/12\\\/AKW-Muehleberg-geht-2019-endgueltig-vom-Netz-umweltperspektiven.jpg\",\"datePublished\":\"2016-03-03T13:58:15+00:00\",\"dateModified\":\"2022-02-09T10:06:25+00:00\",\"description\":\"Das Kernkraftwerk M\u00fchleberg stellt am 20. Dezember 2019 definitiv den Betrieb ein. Ab diesem Datum wird dort kein Strom mehr produziert.\",\"breadcrumb\":{\"@id\":\"https:\\\/\\\/www.organisator.ch\\\/sustainability\\\/2016-03-03\\\/akw-muehleberg-geht-2019-endgueltig-vom-netz\\\/#breadcrumb\"},\"inLanguage\":\"fr-FR\",\"potentialAction\":[{\"@type\":\"ReadAction\",\"target\":[\"https:\\\/\\\/www.organisator.ch\\\/sustainability\\\/2016-03-03\\\/akw-muehleberg-geht-2019-endgueltig-vom-netz\\\/\"]}]},{\"@type\":\"ImageObject\",\"inLanguage\":\"fr-FR\",\"@id\":\"https:\\\/\\\/www.organisator.ch\\\/sustainability\\\/2016-03-03\\\/akw-muehleberg-geht-2019-endgueltig-vom-netz\\\/#primaryimage\",\"url\":\"https:\\\/\\\/www.organisator.ch\\\/wp-content\\\/uploads\\\/2016\\\/12\\\/AKW-Muehleberg-geht-2019-endgueltig-vom-Netz-umweltperspektiven.jpg\",\"contentUrl\":\"https:\\\/\\\/www.organisator.ch\\\/wp-content\\\/uploads\\\/2016\\\/12\\\/AKW-Muehleberg-geht-2019-endgueltig-vom-Netz-umweltperspektiven.jpg\",\"width\":2400,\"height\":1797},{\"@type\":\"BreadcrumbList\",\"@id\":\"https:\\\/\\\/www.organisator.ch\\\/sustainability\\\/2016-03-03\\\/akw-muehleberg-geht-2019-endgueltig-vom-netz\\\/#breadcrumb\",\"itemListElement\":[{\"@type\":\"ListItem\",\"position\":1,\"name\":\"Home\",\"item\":\"https:\\\/\\\/www.organisator.ch\\\/\"},{\"@type\":\"ListItem\",\"position\":2,\"name\":\"AKW M\u00fchleberg geht 2019 endg\u00fcltig vom Netz\"}]},{\"@type\":\"WebSite\",\"@id\":\"https:\\\/\\\/www.organisator.ch\\\/#website\",\"url\":\"https:\\\/\\\/www.organisator.ch\\\/\",\"name\":\"Organisator\",\"description\":\"Kompetent. Praxisnah. Der ORGANISATOR bereitet in 10 Ausgaben pro Jahr die wesentlichen Themen f\u00fcr F\u00fchrungskr\u00e4fte von KMU auf.\",\"publisher\":{\"@id\":\"https:\\\/\\\/www.organisator.ch\\\/#organization\"},\"potentialAction\":[{\"@type\":\"SearchAction\",\"target\":{\"@type\":\"EntryPoint\",\"urlTemplate\":\"https:\\\/\\\/www.organisator.ch\\\/?s={search_term_string}\"},\"query-input\":{\"@type\":\"PropertyValueSpecification\",\"valueRequired\":true,\"valueName\":\"search_term_string\"}}],\"inLanguage\":\"fr-FR\"},{\"@type\":\"Organization\",\"@id\":\"https:\\\/\\\/www.organisator.ch\\\/#organization\",\"name\":\"Organisator\",\"url\":\"https:\\\/\\\/www.organisator.ch\\\/\",\"logo\":{\"@type\":\"ImageObject\",\"inLanguage\":\"fr-FR\",\"@id\":\"https:\\\/\\\/www.organisator.ch\\\/#\\\/schema\\\/logo\\\/image\\\/\",\"url\":\"https:\\\/\\\/www.organisator.ch\\\/wp-content\\\/uploads\\\/2022\\\/01\\\/Logo_Organisator_Website.png\",\"contentUrl\":\"https:\\\/\\\/www.organisator.ch\\\/wp-content\\\/uploads\\\/2022\\\/01\\\/Logo_Organisator_Website.png\",\"width\":800,\"height\":77,\"caption\":\"Organisator\"},\"image\":{\"@id\":\"https:\\\/\\\/www.organisator.ch\\\/#\\\/schema\\\/logo\\\/image\\\/\"},\"sameAs\":[\"https:\\\/\\\/www.facebook.com\\\/OrganisatorFachmagazin\",\"https:\\\/\\\/www.linkedin.com\\\/showcase\\\/organisator-das-magazin-fr-kmu\",\"https:\\\/\\\/www.xing.com\\\/news\\\/pages\\\/organisator-ch-695\",\"https:\\\/\\\/www.youtube.com\\\/channel\\\/UCGP2Sq0iWaZwT3BdIAQFYpw\"]},{\"@type\":\"Person\",\"@id\":\"https:\\\/\\\/www.organisator.ch\\\/#\\\/schema\\\/person\\\/aa2bace6c5c5aad60102004a50c4eb1c\",\"name\":\"admin\",\"image\":{\"@type\":\"ImageObject\",\"inLanguage\":\"fr-FR\",\"@id\":\"https:\\\/\\\/secure.gravatar.com\\\/avatar\\\/ae2f4d718e6c49043e314ce431e7e645d646302a24a5ef5a8bc8e3f5a032e319?s=96&d=mm&r=g\",\"url\":\"https:\\\/\\\/secure.gravatar.com\\\/avatar\\\/ae2f4d718e6c49043e314ce431e7e645d646302a24a5ef5a8bc8e3f5a032e319?s=96&d=mm&r=g\",\"contentUrl\":\"https:\\\/\\\/secure.gravatar.com\\\/avatar\\\/ae2f4d718e6c49043e314ce431e7e645d646302a24a5ef5a8bc8e3f5a032e319?s=96&d=mm&r=g\",\"caption\":\"admin\"},\"sameAs\":[\"https:\\\/\\\/www.organisator.ch\"],\"url\":\"https:\\\/\\\/www.organisator.ch\\\/fr\\\/author\\\/admin\\\/\"}]}<\/script>\n<!-- \/ Yoast SEO plugin. -->","yoast_head_json":{"title":"La centrale nucl\u00e9aire de M\u00fchleberg sera d\u00e9finitivement d\u00e9branch\u00e9e en 2019 - Organisateur","description":"La centrale nucl\u00e9aire de M\u00fchleberg cessera d\u00e9finitivement son activit\u00e9 le 20 d\u00e9cembre 2019. A partir de cette date, elle ne produira plus d'\u00e9lectricit\u00e9.","robots":{"index":"index","follow":"follow","max-snippet":"max-snippet:-1","max-image-preview":"max-image-preview:large","max-video-preview":"max-video-preview:-1"},"canonical":"https:\/\/www.organisator.ch\/fr\/sustainability\/2016-03-03\/akw-muehleberg-geht-2019-endgueltig-vom-netz\/","og_locale":"fr_FR","og_type":"article","og_title":"AKW M\u00fchleberg geht 2019 endg\u00fcltig vom Netz - Organisator","og_description":"Das Kernkraftwerk M\u00fchleberg stellt am 20. Dezember 2019 definitiv den Betrieb ein. Ab diesem Datum wird dort kein Strom mehr produziert.","og_url":"https:\/\/www.organisator.ch\/fr\/sustainability\/2016-03-03\/akw-muehleberg-geht-2019-endgueltig-vom-netz\/","og_site_name":"Organisator","article_publisher":"https:\/\/www.facebook.com\/OrganisatorFachmagazin","article_published_time":"2016-03-03T13:58:15+00:00","article_modified_time":"2022-02-09T10:06:25+00:00","og_image":[{"width":2400,"height":1797,"url":"https:\/\/www.organisator.ch\/wp-content\/uploads\/2016\/12\/AKW-Muehleberg-geht-2019-endgueltig-vom-Netz-umweltperspektiven.jpg","type":"image\/jpeg"}],"author":"admin","twitter_card":"summary_large_image","schema":{"@context":"https:\/\/schema.org","@graph":[{"@type":"Article","@id":"https:\/\/www.organisator.ch\/sustainability\/2016-03-03\/akw-muehleberg-geht-2019-endgueltig-vom-netz\/#article","isPartOf":{"@id":"https:\/\/www.organisator.ch\/sustainability\/2016-03-03\/akw-muehleberg-geht-2019-endgueltig-vom-netz\/"},"author":{"name":"admin","@id":"https:\/\/www.organisator.ch\/#\/schema\/person\/aa2bace6c5c5aad60102004a50c4eb1c"},"headline":"AKW M\u00fchleberg geht 2019 endg\u00fcltig vom Netz","datePublished":"2016-03-03T13:58:15+00:00","dateModified":"2022-02-09T10:06:25+00:00","mainEntityOfPage":{"@id":"https:\/\/www.organisator.ch\/sustainability\/2016-03-03\/akw-muehleberg-geht-2019-endgueltig-vom-netz\/"},"wordCount":383,"commentCount":0,"publisher":{"@id":"https:\/\/www.organisator.ch\/#organization"},"image":{"@id":"https:\/\/www.organisator.ch\/sustainability\/2016-03-03\/akw-muehleberg-geht-2019-endgueltig-vom-netz\/#primaryimage"},"thumbnailUrl":"https:\/\/www.organisator.ch\/wp-content\/uploads\/2016\/12\/AKW-Muehleberg-geht-2019-endgueltig-vom-Netz-umweltperspektiven.jpg","keywords":["BKW","KKW","M\u00fchleberg","Nuklearenergie"],"articleSection":["SUSTAINABILITY"],"inLanguage":"fr-FR"},{"@type":"WebPage","@id":"https:\/\/www.organisator.ch\/sustainability\/2016-03-03\/akw-muehleberg-geht-2019-endgueltig-vom-netz\/","url":"https:\/\/www.organisator.ch\/sustainability\/2016-03-03\/akw-muehleberg-geht-2019-endgueltig-vom-netz\/","name":"La centrale nucl\u00e9aire de M\u00fchleberg sera d\u00e9finitivement d\u00e9branch\u00e9e en 2019 - Organisateur","isPartOf":{"@id":"https:\/\/www.organisator.ch\/#website"},"primaryImageOfPage":{"@id":"https:\/\/www.organisator.ch\/sustainability\/2016-03-03\/akw-muehleberg-geht-2019-endgueltig-vom-netz\/#primaryimage"},"image":{"@id":"https:\/\/www.organisator.ch\/sustainability\/2016-03-03\/akw-muehleberg-geht-2019-endgueltig-vom-netz\/#primaryimage"},"thumbnailUrl":"https:\/\/www.organisator.ch\/wp-content\/uploads\/2016\/12\/AKW-Muehleberg-geht-2019-endgueltig-vom-Netz-umweltperspektiven.jpg","datePublished":"2016-03-03T13:58:15+00:00","dateModified":"2022-02-09T10:06:25+00:00","description":"La centrale nucl\u00e9aire de M\u00fchleberg cessera d\u00e9finitivement son activit\u00e9 le 20 d\u00e9cembre 2019. A partir de cette date, elle ne produira plus d'\u00e9lectricit\u00e9.","breadcrumb":{"@id":"https:\/\/www.organisator.ch\/sustainability\/2016-03-03\/akw-muehleberg-geht-2019-endgueltig-vom-netz\/#breadcrumb"},"inLanguage":"fr-FR","potentialAction":[{"@type":"ReadAction","target":["https:\/\/www.organisator.ch\/sustainability\/2016-03-03\/akw-muehleberg-geht-2019-endgueltig-vom-netz\/"]}]},{"@type":"ImageObject","inLanguage":"fr-FR","@id":"https:\/\/www.organisator.ch\/sustainability\/2016-03-03\/akw-muehleberg-geht-2019-endgueltig-vom-netz\/#primaryimage","url":"https:\/\/www.organisator.ch\/wp-content\/uploads\/2016\/12\/AKW-Muehleberg-geht-2019-endgueltig-vom-Netz-umweltperspektiven.jpg","contentUrl":"https:\/\/www.organisator.ch\/wp-content\/uploads\/2016\/12\/AKW-Muehleberg-geht-2019-endgueltig-vom-Netz-umweltperspektiven.jpg","width":2400,"height":1797},{"@type":"BreadcrumbList","@id":"https:\/\/www.organisator.ch\/sustainability\/2016-03-03\/akw-muehleberg-geht-2019-endgueltig-vom-netz\/#breadcrumb","itemListElement":[{"@type":"ListItem","position":1,"name":"Home","item":"https:\/\/www.organisator.ch\/"},{"@type":"ListItem","position":2,"name":"AKW M\u00fchleberg geht 2019 endg\u00fcltig vom Netz"}]},{"@type":"WebSite","@id":"https:\/\/www.organisator.ch\/#website","url":"https:\/\/www.organisator.ch\/","name":"Organisateur","description":"Comp\u00e9tence et comp\u00e9tence. Proches de la pratique. L'ORGANISATEUR pr\u00e9pare 10 num\u00e9ros par an sur les th\u00e8mes essentiels pour les dirigeants de PME.","publisher":{"@id":"https:\/\/www.organisator.ch\/#organization"},"potentialAction":[{"@type":"SearchAction","target":{"@type":"EntryPoint","urlTemplate":"https:\/\/www.organisator.ch\/?s={search_term_string}"},"query-input":{"@type":"PropertyValueSpecification","valueRequired":true,"valueName":"search_term_string"}}],"inLanguage":"fr-FR"},{"@type":"Organization","@id":"https:\/\/www.organisator.ch\/#organization","name":"Organisateur","url":"https:\/\/www.organisator.ch\/","logo":{"@type":"ImageObject","inLanguage":"fr-FR","@id":"https:\/\/www.organisator.ch\/#\/schema\/logo\/image\/","url":"https:\/\/www.organisator.ch\/wp-content\/uploads\/2022\/01\/Logo_Organisator_Website.png","contentUrl":"https:\/\/www.organisator.ch\/wp-content\/uploads\/2022\/01\/Logo_Organisator_Website.png","width":800,"height":77,"caption":"Organisator"},"image":{"@id":"https:\/\/www.organisator.ch\/#\/schema\/logo\/image\/"},"sameAs":["https:\/\/www.facebook.com\/OrganisatorFachmagazin","https:\/\/www.linkedin.com\/showcase\/organisator-das-magazin-fr-kmu","https:\/\/www.xing.com\/news\/pages\/organisator-ch-695","https:\/\/www.youtube.com\/channel\/UCGP2Sq0iWaZwT3BdIAQFYpw"]},{"@type":"Person","@id":"https:\/\/www.organisator.ch\/#\/schema\/person\/aa2bace6c5c5aad60102004a50c4eb1c","name":"admin","image":{"@type":"ImageObject","inLanguage":"fr-FR","@id":"https:\/\/secure.gravatar.com\/avatar\/ae2f4d718e6c49043e314ce431e7e645d646302a24a5ef5a8bc8e3f5a032e319?s=96&d=mm&r=g","url":"https:\/\/secure.gravatar.com\/avatar\/ae2f4d718e6c49043e314ce431e7e645d646302a24a5ef5a8bc8e3f5a032e319?s=96&d=mm&r=g","contentUrl":"https:\/\/secure.gravatar.com\/avatar\/ae2f4d718e6c49043e314ce431e7e645d646302a24a5ef5a8bc8e3f5a032e319?s=96&d=mm&r=g","caption":"admin"},"sameAs":["https:\/\/www.organisator.ch"],"url":"https:\/\/www.organisator.ch\/fr\/author\/admin\/"}]}},"_links":{"self":[{"href":"https:\/\/www.organisator.ch\/fr\/wp-json\/wp\/v2\/posts\/9922","targetHints":{"allow":["GET"]}}],"collection":[{"href":"https:\/\/www.organisator.ch\/fr\/wp-json\/wp\/v2\/posts"}],"about":[{"href":"https:\/\/www.organisator.ch\/fr\/wp-json\/wp\/v2\/types\/post"}],"author":[{"embeddable":true,"href":"https:\/\/www.organisator.ch\/fr\/wp-json\/wp\/v2\/users\/1"}],"replies":[{"embeddable":true,"href":"https:\/\/www.organisator.ch\/fr\/wp-json\/wp\/v2\/comments?post=9922"}],"version-history":[{"count":1,"href":"https:\/\/www.organisator.ch\/fr\/wp-json\/wp\/v2\/posts\/9922\/revisions"}],"predecessor-version":[{"id":10626,"href":"https:\/\/www.organisator.ch\/fr\/wp-json\/wp\/v2\/posts\/9922\/revisions\/10626"}],"wp:featuredmedia":[{"embeddable":true,"href":"https:\/\/www.organisator.ch\/fr\/wp-json\/wp\/v2\/media\/9356"}],"wp:attachment":[{"href":"https:\/\/www.organisator.ch\/fr\/wp-json\/wp\/v2\/media?parent=9922"}],"wp:term":[{"taxonomy":"category","embeddable":true,"href":"https:\/\/www.organisator.ch\/fr\/wp-json\/wp\/v2\/categories?post=9922"},{"taxonomy":"post_tag","embeddable":true,"href":"https:\/\/www.organisator.ch\/fr\/wp-json\/wp\/v2\/tags?post=9922"}],"curies":[{"name":"wp","href":"https:\/\/api.w.org\/{rel}","templated":true}]}}