{"id":9926,"date":"2016-03-15T15:12:18","date_gmt":"2016-03-15T14:12:18","guid":{"rendered":"https:\/\/dev.umweltperspektiven.ch\/?p=261"},"modified":"2016-03-15T15:12:18","modified_gmt":"2016-03-15T14:12:18","slug":"who-126-millionen-menschen-sterben-jaehrlich-an-umweltverschmutzung","status":"publish","type":"post","link":"https:\/\/www.organisator.ch\/fr\/allgemein\/2016-03-15\/who-126-millionen-menschen-sterben-jaehrlich-an-umweltverschmutzung\/","title":{"rendered":"OMS : 12,6 millions de personnes meurent chaque ann\u00e9e de la pollution de l'environnement"},"content":{"rendered":"<figure id=\"attachment_262\" aria-describedby=\"caption-attachment-262\" style=\"width: 680px\" class=\"wp-caption alignnone\"><a href=\"\/\/dev.umweltperspektiven.ch\/wp-content\/uploads\/2016\/12\/WHO-126-Millionen-Menschen-sterben-j\u00e4hrlich-an-Umweltverschmutzung-umweltperspektiven.jpg\"><img loading=\"lazy\" decoding=\"async\" class=\"size-medium wp-image-262\" src=\"\/\/dev.umweltperspektiven.ch\/wp-content\/uploads\/2016\/12\/WHO-126-Millionen-Menschen-sterben-j\u00e4hrlich-an-Umweltverschmutzung-umweltperspektiven.jpg\" alt=\"La pollution de l&#039;air provoque \u00e0 elle seule des millions de d\u00e9c\u00e8s par an.\" width=\"680\" height=\"455\" \/><\/a><figcaption id=\"caption-attachment-262\" class=\"wp-caption-text\">La pollution de l'air provoque \u00e0 elle seule des millions de d\u00e9c\u00e8s par an.<\/figcaption><\/figure>\n<p>Pr\u00e8s d'un quart des d\u00e9c\u00e8s dans le monde sont dus au fait de travailler et de vivre dans un environnement malsain : C'est la conclusion \u00e0 laquelle parvient l'OMS\u00a0<a href=\"http:\/\/www.who.int\/quantifying_ehimpacts\/publications\/preventing-disease\/en\/\" target=\"_blank\" data-cke-saved-href=\"\/\/www.who.int\/quantifying_ehimpacts\/publications\/preventing-disease\/en\/\" rel=\"noopener\">dans un nouveau rapport<\/a>. Les facteurs de risque environnementaux, tels que la pollution de l'air, de l'eau et du sol, les produits chimiques, le changement climatique et les radiations, contribuent \u00e0 une centaine de maladies et de types de blessures diff\u00e9rents.<\/p>\n<p>La pollution de l'air, y compris le tabagisme passif, s'est r\u00e9v\u00e9l\u00e9e \u00eatre le facteur le plus mortel. L'OMS estime qu'elle provoque \u00e0 elle seule 8,2 millions de d\u00e9c\u00e8s par an dans le monde. La pollution entra\u00eene des attaques c\u00e9r\u00e9brales, des maladies cardio-vasculaires, des cancers et des maladies respiratoires chroniques.<\/p>\n<p><strong>Moins de d\u00e9c\u00e8s dus aux infections<\/strong><br \/>\nEn revanche, les d\u00e9c\u00e8s dus \u00e0 des maladies infectieuses comme la diarrh\u00e9e ou le paludisme, souvent imputables \u00e0 la mauvaise qualit\u00e9 de l'eau, \u00e0 l'insuffisance des infrastructures sanitaires et \u00e0 la gestion des d\u00e9chets, ont diminu\u00e9. Les principaux facteurs de cette \u00e9volution sont le fait que davantage de personnes ont aujourd'hui acc\u00e8s \u00e0 l'eau potable, mais aussi la diffusion croissante des vaccins, des moustiquaires et des m\u00e9dicaments.<\/p>\n<p><strong>Les enfants et les personnes \u00e2g\u00e9es comme victimes<\/strong><br \/>\nLes enfants de moins de cinq ans et les personnes \u00e2g\u00e9es sont particuli\u00e8rement touch\u00e9s par les d\u00e9c\u00e8s pr\u00e9matur\u00e9s dus aux risques environnementaux. Selon l'OMS, la mort de 1,7 million d'enfants pourrait \u00eatre \u00e9vit\u00e9e chaque ann\u00e9e gr\u00e2ce \u00e0 une meilleure gestion de l'environnement. Ces derniers sont particuli\u00e8rement touch\u00e9s par les maladies respiratoires et les maladies diarrh\u00e9iques.<\/p>\n<p>D'un point de vue r\u00e9gional, l'Asie du Sud-Est et la r\u00e9gion du Pacifique occidental sont particuli\u00e8rement touch\u00e9es - principalement des pays \u00e0 revenus faibles \u00e0 moyens.<\/p>\n<p><strong>Mesures simples<\/strong><br \/>\nL'OMS propose des mesures rentables pour inverser la tendance croissante \u00e0 la d\u00e9gradation de la qualit\u00e9 de l'air. Il s'agit notamment d'utiliser des sources d'\u00e9nergie propres pour la cuisine, le chauffage et l'\u00e9clairage, au lieu de br\u00fbler du bois, du charbon et du p\u00e9trole. L'am\u00e9lioration de l'acc\u00e8s \u00e0 l'eau potable et l'incitation \u00e0 se laver les mains font \u00e9galement partie des mesures propos\u00e9es, tout comme l'interdiction de fumer, la protection contre le soleil et des strat\u00e9gies visant \u00e0 r\u00e9duire les \u00e9missions de CO2.<\/p>","protected":false},"excerpt":{"rendered":"<p>Rund ein Viertel aller\u00a0Todesf\u00e4lle\u00a0weltweit sind auf das Arbeiten und Leben in einer ungesunden Umgebung zur\u00fcckzuf\u00fchren: Zu diesem Schluss kommt die WHO\u00a0in einem neuen Report. Umweltrisikofaktoren wie etwa Luft-, Wasser- und Bodenverschmutzung, Chemikalien, der Klimawandel und Strahlung tragen zu rund 100 verschiedenen Erkrankungen und Verletzungsarten bei. Als t\u00f6dlichster Faktor entpuppte sich dabei die Luftverschmutzung; dazu geh\u00f6rt [&hellip;]<\/p>\n","protected":false},"author":1,"featured_media":9359,"comment_status":"open","ping_status":"open","sticky":false,"template":"","format":"standard","meta":{"_acf_changed":false,"_yoast_wpseo_focuskw":"Todesf\u00e4lle","_yoast_wpseo_metadesc":"Lufverschmutzung, verschmutztes Wasser, Chemikalien, Strahlung und Klimawandel: Der Grund f\u00fcr 12,6 Millionen Todesf\u00e4lle pro Jahr.","articlekey":"","footnotes":""},"categories":[1],"tags":[242,2311,2388,2561],"class_list":["post-9926","post","type-post","status-publish","format-standard","has-post-thumbnail","hentry","category-allgemein","tag-gesundheit","tag-todesfaelle","tag-umweltverschmutzung","tag-who"],"acf":[],"yoast_head":"<!-- This site is optimized with the Yoast SEO plugin v27.4 - https:\/\/yoast.com\/product\/yoast-seo-wordpress\/ -->\n<title>WHO: 12,6 Millionen Menschen sterben j\u00e4hrlich an Umweltverschmutzung - Organisator<\/title>\n<meta name=\"description\" content=\"Lufverschmutzung, verschmutztes Wasser, Chemikalien, Strahlung und Klimawandel: Der Grund f\u00fcr 12,6 Millionen Todesf\u00e4lle pro Jahr.\" \/>\n<meta name=\"robots\" content=\"index, follow, max-snippet:-1, max-image-preview:large, max-video-preview:-1\" \/>\n<link rel=\"canonical\" href=\"https:\/\/www.organisator.ch\/fr\/general\/2016-03-15\/who-126-millionen-menschen-sterben-jaehrlich-an-umweltverschmutzung\/\" \/>\n<meta property=\"og:locale\" content=\"fr_FR\" \/>\n<meta property=\"og:type\" content=\"article\" \/>\n<meta property=\"og:title\" content=\"WHO: 12,6 Millionen Menschen sterben j\u00e4hrlich an Umweltverschmutzung - Organisator\" \/>\n<meta property=\"og:description\" content=\"Lufverschmutzung, verschmutztes Wasser, Chemikalien, Strahlung und Klimawandel: Der Grund f\u00fcr 12,6 Millionen Todesf\u00e4lle pro Jahr.\" \/>\n<meta property=\"og:url\" content=\"https:\/\/www.organisator.ch\/fr\/general\/2016-03-15\/who-126-millionen-menschen-sterben-jaehrlich-an-umweltverschmutzung\/\" \/>\n<meta property=\"og:site_name\" content=\"Organisator\" \/>\n<meta property=\"article:publisher\" content=\"https:\/\/www.facebook.com\/OrganisatorFachmagazin\" \/>\n<meta property=\"article:published_time\" content=\"2016-03-15T14:12:18+00:00\" \/>\n<meta property=\"og:image\" content=\"https:\/\/www.organisator.ch\/wp-content\/uploads\/2016\/12\/WHO-126-Millionen-Menschen-sterben-jaehrlich-an-Umweltverschmutzung-umweltperspektiven.jpg\" \/>\n\t<meta property=\"og:image:width\" content=\"1000\" \/>\n\t<meta property=\"og:image:height\" content=\"669\" \/>\n\t<meta property=\"og:image:type\" content=\"image\/jpeg\" \/>\n<meta name=\"author\" content=\"admin\" \/>\n<meta name=\"twitter:card\" content=\"summary_large_image\" \/>\n<script type=\"application\/ld+json\" class=\"yoast-schema-graph\">{\"@context\":\"https:\\\/\\\/schema.org\",\"@graph\":[{\"@type\":\"Article\",\"@id\":\"https:\\\/\\\/www.organisator.ch\\\/en\\\/general\\\/2016-03-15\\\/who-126-millionen-menschen-sterben-jaehrlich-an-umweltverschmutzung\\\/#article\",\"isPartOf\":{\"@id\":\"https:\\\/\\\/www.organisator.ch\\\/en\\\/general\\\/2016-03-15\\\/who-126-millionen-menschen-sterben-jaehrlich-an-umweltverschmutzung\\\/\"},\"author\":{\"name\":\"admin\",\"@id\":\"https:\\\/\\\/www.organisator.ch\\\/#\\\/schema\\\/person\\\/aa2bace6c5c5aad60102004a50c4eb1c\"},\"headline\":\"WHO: 12,6 Millionen Menschen sterben j\u00e4hrlich an Umweltverschmutzung\",\"datePublished\":\"2016-03-15T14:12:18+00:00\",\"mainEntityOfPage\":{\"@id\":\"https:\\\/\\\/www.organisator.ch\\\/en\\\/general\\\/2016-03-15\\\/who-126-millionen-menschen-sterben-jaehrlich-an-umweltverschmutzung\\\/\"},\"wordCount\":316,\"commentCount\":0,\"publisher\":{\"@id\":\"https:\\\/\\\/www.organisator.ch\\\/#organization\"},\"image\":{\"@id\":\"https:\\\/\\\/www.organisator.ch\\\/en\\\/general\\\/2016-03-15\\\/who-126-millionen-menschen-sterben-jaehrlich-an-umweltverschmutzung\\\/#primaryimage\"},\"thumbnailUrl\":\"https:\\\/\\\/www.organisator.ch\\\/wp-content\\\/uploads\\\/2016\\\/12\\\/WHO-126-Millionen-Menschen-sterben-jaehrlich-an-Umweltverschmutzung-umweltperspektiven.jpg\",\"keywords\":[\"Gesundheit\",\"Todesf\u00e4lle\",\"Umweltverschmutzung\",\"WHO\"],\"articleSection\":[\"Allgemein\"],\"inLanguage\":\"fr-FR\"},{\"@type\":\"WebPage\",\"@id\":\"https:\\\/\\\/www.organisator.ch\\\/en\\\/general\\\/2016-03-15\\\/who-126-millionen-menschen-sterben-jaehrlich-an-umweltverschmutzung\\\/\",\"url\":\"https:\\\/\\\/www.organisator.ch\\\/en\\\/general\\\/2016-03-15\\\/who-126-millionen-menschen-sterben-jaehrlich-an-umweltverschmutzung\\\/\",\"name\":\"WHO: 12,6 Millionen Menschen sterben j\u00e4hrlich an Umweltverschmutzung - Organisator\",\"isPartOf\":{\"@id\":\"https:\\\/\\\/www.organisator.ch\\\/#website\"},\"primaryImageOfPage\":{\"@id\":\"https:\\\/\\\/www.organisator.ch\\\/en\\\/general\\\/2016-03-15\\\/who-126-millionen-menschen-sterben-jaehrlich-an-umweltverschmutzung\\\/#primaryimage\"},\"image\":{\"@id\":\"https:\\\/\\\/www.organisator.ch\\\/en\\\/general\\\/2016-03-15\\\/who-126-millionen-menschen-sterben-jaehrlich-an-umweltverschmutzung\\\/#primaryimage\"},\"thumbnailUrl\":\"https:\\\/\\\/www.organisator.ch\\\/wp-content\\\/uploads\\\/2016\\\/12\\\/WHO-126-Millionen-Menschen-sterben-jaehrlich-an-Umweltverschmutzung-umweltperspektiven.jpg\",\"datePublished\":\"2016-03-15T14:12:18+00:00\",\"description\":\"Lufverschmutzung, verschmutztes Wasser, Chemikalien, Strahlung und Klimawandel: Der Grund f\u00fcr 12,6 Millionen Todesf\u00e4lle pro Jahr.\",\"breadcrumb\":{\"@id\":\"https:\\\/\\\/www.organisator.ch\\\/en\\\/general\\\/2016-03-15\\\/who-126-millionen-menschen-sterben-jaehrlich-an-umweltverschmutzung\\\/#breadcrumb\"},\"inLanguage\":\"fr-FR\",\"potentialAction\":[{\"@type\":\"ReadAction\",\"target\":[\"https:\\\/\\\/www.organisator.ch\\\/en\\\/general\\\/2016-03-15\\\/who-126-millionen-menschen-sterben-jaehrlich-an-umweltverschmutzung\\\/\"]}]},{\"@type\":\"ImageObject\",\"inLanguage\":\"fr-FR\",\"@id\":\"https:\\\/\\\/www.organisator.ch\\\/en\\\/general\\\/2016-03-15\\\/who-126-millionen-menschen-sterben-jaehrlich-an-umweltverschmutzung\\\/#primaryimage\",\"url\":\"https:\\\/\\\/www.organisator.ch\\\/wp-content\\\/uploads\\\/2016\\\/12\\\/WHO-126-Millionen-Menschen-sterben-jaehrlich-an-Umweltverschmutzung-umweltperspektiven.jpg\",\"contentUrl\":\"https:\\\/\\\/www.organisator.ch\\\/wp-content\\\/uploads\\\/2016\\\/12\\\/WHO-126-Millionen-Menschen-sterben-jaehrlich-an-Umweltverschmutzung-umweltperspektiven.jpg\",\"width\":1000,\"height\":669,\"caption\":\"Die Luftverschmutzung allein verursacht Millionen Todesf\u00e4lle pro Jahr.\"},{\"@type\":\"BreadcrumbList\",\"@id\":\"https:\\\/\\\/www.organisator.ch\\\/en\\\/general\\\/2016-03-15\\\/who-126-millionen-menschen-sterben-jaehrlich-an-umweltverschmutzung\\\/#breadcrumb\",\"itemListElement\":[{\"@type\":\"ListItem\",\"position\":1,\"name\":\"Home\",\"item\":\"https:\\\/\\\/www.organisator.ch\\\/\"},{\"@type\":\"ListItem\",\"position\":2,\"name\":\"WHO: 12,6 Millionen Menschen sterben j\u00e4hrlich an Umweltverschmutzung\"}]},{\"@type\":\"WebSite\",\"@id\":\"https:\\\/\\\/www.organisator.ch\\\/#website\",\"url\":\"https:\\\/\\\/www.organisator.ch\\\/\",\"name\":\"Organisator\",\"description\":\"Kompetent. Praxisnah. Der ORGANISATOR bereitet in 10 Ausgaben pro Jahr die wesentlichen Themen f\u00fcr F\u00fchrungskr\u00e4fte von KMU auf.\",\"publisher\":{\"@id\":\"https:\\\/\\\/www.organisator.ch\\\/#organization\"},\"potentialAction\":[{\"@type\":\"SearchAction\",\"target\":{\"@type\":\"EntryPoint\",\"urlTemplate\":\"https:\\\/\\\/www.organisator.ch\\\/?s={search_term_string}\"},\"query-input\":{\"@type\":\"PropertyValueSpecification\",\"valueRequired\":true,\"valueName\":\"search_term_string\"}}],\"inLanguage\":\"fr-FR\"},{\"@type\":\"Organization\",\"@id\":\"https:\\\/\\\/www.organisator.ch\\\/#organization\",\"name\":\"Organisator\",\"url\":\"https:\\\/\\\/www.organisator.ch\\\/\",\"logo\":{\"@type\":\"ImageObject\",\"inLanguage\":\"fr-FR\",\"@id\":\"https:\\\/\\\/www.organisator.ch\\\/#\\\/schema\\\/logo\\\/image\\\/\",\"url\":\"https:\\\/\\\/www.organisator.ch\\\/wp-content\\\/uploads\\\/2022\\\/01\\\/Logo_Organisator_Website.png\",\"contentUrl\":\"https:\\\/\\\/www.organisator.ch\\\/wp-content\\\/uploads\\\/2022\\\/01\\\/Logo_Organisator_Website.png\",\"width\":800,\"height\":77,\"caption\":\"Organisator\"},\"image\":{\"@id\":\"https:\\\/\\\/www.organisator.ch\\\/#\\\/schema\\\/logo\\\/image\\\/\"},\"sameAs\":[\"https:\\\/\\\/www.facebook.com\\\/OrganisatorFachmagazin\",\"https:\\\/\\\/www.linkedin.com\\\/showcase\\\/organisator-das-magazin-fr-kmu\",\"https:\\\/\\\/www.xing.com\\\/news\\\/pages\\\/organisator-ch-695\",\"https:\\\/\\\/www.youtube.com\\\/channel\\\/UCGP2Sq0iWaZwT3BdIAQFYpw\"]},{\"@type\":\"Person\",\"@id\":\"https:\\\/\\\/www.organisator.ch\\\/#\\\/schema\\\/person\\\/aa2bace6c5c5aad60102004a50c4eb1c\",\"name\":\"admin\",\"image\":{\"@type\":\"ImageObject\",\"inLanguage\":\"fr-FR\",\"@id\":\"https:\\\/\\\/secure.gravatar.com\\\/avatar\\\/ae2f4d718e6c49043e314ce431e7e645d646302a24a5ef5a8bc8e3f5a032e319?s=96&d=mm&r=g\",\"url\":\"https:\\\/\\\/secure.gravatar.com\\\/avatar\\\/ae2f4d718e6c49043e314ce431e7e645d646302a24a5ef5a8bc8e3f5a032e319?s=96&d=mm&r=g\",\"contentUrl\":\"https:\\\/\\\/secure.gravatar.com\\\/avatar\\\/ae2f4d718e6c49043e314ce431e7e645d646302a24a5ef5a8bc8e3f5a032e319?s=96&d=mm&r=g\",\"caption\":\"admin\"},\"sameAs\":[\"https:\\\/\\\/www.organisator.ch\"],\"url\":\"https:\\\/\\\/www.organisator.ch\\\/fr\\\/author\\\/admin\\\/\"}]}<\/script>\n<!-- \/ Yoast SEO plugin. -->","yoast_head_json":{"title":"OMS : 12,6 millions de personnes meurent chaque ann\u00e9e de la pollution - Organisateur","description":"Pollution de l'air, eau pollu\u00e9e, produits chimiques, radiations et changement climatique : la cause de 12,6 millions de d\u00e9c\u00e8s par an.","robots":{"index":"index","follow":"follow","max-snippet":"max-snippet:-1","max-image-preview":"max-image-preview:large","max-video-preview":"max-video-preview:-1"},"canonical":"https:\/\/www.organisator.ch\/fr\/general\/2016-03-15\/who-126-millionen-menschen-sterben-jaehrlich-an-umweltverschmutzung\/","og_locale":"fr_FR","og_type":"article","og_title":"WHO: 12,6 Millionen Menschen sterben j\u00e4hrlich an Umweltverschmutzung - Organisator","og_description":"Lufverschmutzung, verschmutztes Wasser, Chemikalien, Strahlung und Klimawandel: Der Grund f\u00fcr 12,6 Millionen Todesf\u00e4lle pro Jahr.","og_url":"https:\/\/www.organisator.ch\/fr\/general\/2016-03-15\/who-126-millionen-menschen-sterben-jaehrlich-an-umweltverschmutzung\/","og_site_name":"Organisator","article_publisher":"https:\/\/www.facebook.com\/OrganisatorFachmagazin","article_published_time":"2016-03-15T14:12:18+00:00","og_image":[{"width":1000,"height":669,"url":"https:\/\/www.organisator.ch\/wp-content\/uploads\/2016\/12\/WHO-126-Millionen-Menschen-sterben-jaehrlich-an-Umweltverschmutzung-umweltperspektiven.jpg","type":"image\/jpeg"}],"author":"admin","twitter_card":"summary_large_image","schema":{"@context":"https:\/\/schema.org","@graph":[{"@type":"Article","@id":"https:\/\/www.organisator.ch\/en\/general\/2016-03-15\/who-126-millionen-menschen-sterben-jaehrlich-an-umweltverschmutzung\/#article","isPartOf":{"@id":"https:\/\/www.organisator.ch\/en\/general\/2016-03-15\/who-126-millionen-menschen-sterben-jaehrlich-an-umweltverschmutzung\/"},"author":{"name":"admin","@id":"https:\/\/www.organisator.ch\/#\/schema\/person\/aa2bace6c5c5aad60102004a50c4eb1c"},"headline":"WHO: 12,6 Millionen Menschen sterben j\u00e4hrlich an Umweltverschmutzung","datePublished":"2016-03-15T14:12:18+00:00","mainEntityOfPage":{"@id":"https:\/\/www.organisator.ch\/en\/general\/2016-03-15\/who-126-millionen-menschen-sterben-jaehrlich-an-umweltverschmutzung\/"},"wordCount":316,"commentCount":0,"publisher":{"@id":"https:\/\/www.organisator.ch\/#organization"},"image":{"@id":"https:\/\/www.organisator.ch\/en\/general\/2016-03-15\/who-126-millionen-menschen-sterben-jaehrlich-an-umweltverschmutzung\/#primaryimage"},"thumbnailUrl":"https:\/\/www.organisator.ch\/wp-content\/uploads\/2016\/12\/WHO-126-Millionen-Menschen-sterben-jaehrlich-an-Umweltverschmutzung-umweltperspektiven.jpg","keywords":["Gesundheit","Todesf\u00e4lle","Umweltverschmutzung","WHO"],"articleSection":["Allgemein"],"inLanguage":"fr-FR"},{"@type":"WebPage","@id":"https:\/\/www.organisator.ch\/en\/general\/2016-03-15\/who-126-millionen-menschen-sterben-jaehrlich-an-umweltverschmutzung\/","url":"https:\/\/www.organisator.ch\/en\/general\/2016-03-15\/who-126-millionen-menschen-sterben-jaehrlich-an-umweltverschmutzung\/","name":"OMS : 12,6 millions de personnes meurent chaque ann\u00e9e de la pollution - Organisateur","isPartOf":{"@id":"https:\/\/www.organisator.ch\/#website"},"primaryImageOfPage":{"@id":"https:\/\/www.organisator.ch\/en\/general\/2016-03-15\/who-126-millionen-menschen-sterben-jaehrlich-an-umweltverschmutzung\/#primaryimage"},"image":{"@id":"https:\/\/www.organisator.ch\/en\/general\/2016-03-15\/who-126-millionen-menschen-sterben-jaehrlich-an-umweltverschmutzung\/#primaryimage"},"thumbnailUrl":"https:\/\/www.organisator.ch\/wp-content\/uploads\/2016\/12\/WHO-126-Millionen-Menschen-sterben-jaehrlich-an-Umweltverschmutzung-umweltperspektiven.jpg","datePublished":"2016-03-15T14:12:18+00:00","description":"Pollution de l'air, eau pollu\u00e9e, produits chimiques, radiations et changement climatique : la cause de 12,6 millions de d\u00e9c\u00e8s par an.","breadcrumb":{"@id":"https:\/\/www.organisator.ch\/en\/general\/2016-03-15\/who-126-millionen-menschen-sterben-jaehrlich-an-umweltverschmutzung\/#breadcrumb"},"inLanguage":"fr-FR","potentialAction":[{"@type":"ReadAction","target":["https:\/\/www.organisator.ch\/en\/general\/2016-03-15\/who-126-millionen-menschen-sterben-jaehrlich-an-umweltverschmutzung\/"]}]},{"@type":"ImageObject","inLanguage":"fr-FR","@id":"https:\/\/www.organisator.ch\/en\/general\/2016-03-15\/who-126-millionen-menschen-sterben-jaehrlich-an-umweltverschmutzung\/#primaryimage","url":"https:\/\/www.organisator.ch\/wp-content\/uploads\/2016\/12\/WHO-126-Millionen-Menschen-sterben-jaehrlich-an-Umweltverschmutzung-umweltperspektiven.jpg","contentUrl":"https:\/\/www.organisator.ch\/wp-content\/uploads\/2016\/12\/WHO-126-Millionen-Menschen-sterben-jaehrlich-an-Umweltverschmutzung-umweltperspektiven.jpg","width":1000,"height":669,"caption":"Die Luftverschmutzung allein verursacht Millionen Todesf\u00e4lle pro Jahr."},{"@type":"BreadcrumbList","@id":"https:\/\/www.organisator.ch\/en\/general\/2016-03-15\/who-126-millionen-menschen-sterben-jaehrlich-an-umweltverschmutzung\/#breadcrumb","itemListElement":[{"@type":"ListItem","position":1,"name":"Home","item":"https:\/\/www.organisator.ch\/"},{"@type":"ListItem","position":2,"name":"WHO: 12,6 Millionen Menschen sterben j\u00e4hrlich an Umweltverschmutzung"}]},{"@type":"WebSite","@id":"https:\/\/www.organisator.ch\/#website","url":"https:\/\/www.organisator.ch\/","name":"Organisateur","description":"Comp\u00e9tence et comp\u00e9tence. Proches de la pratique. L'ORGANISATEUR pr\u00e9pare 10 num\u00e9ros par an sur les th\u00e8mes essentiels pour les dirigeants de PME.","publisher":{"@id":"https:\/\/www.organisator.ch\/#organization"},"potentialAction":[{"@type":"SearchAction","target":{"@type":"EntryPoint","urlTemplate":"https:\/\/www.organisator.ch\/?s={search_term_string}"},"query-input":{"@type":"PropertyValueSpecification","valueRequired":true,"valueName":"search_term_string"}}],"inLanguage":"fr-FR"},{"@type":"Organization","@id":"https:\/\/www.organisator.ch\/#organization","name":"Organisateur","url":"https:\/\/www.organisator.ch\/","logo":{"@type":"ImageObject","inLanguage":"fr-FR","@id":"https:\/\/www.organisator.ch\/#\/schema\/logo\/image\/","url":"https:\/\/www.organisator.ch\/wp-content\/uploads\/2022\/01\/Logo_Organisator_Website.png","contentUrl":"https:\/\/www.organisator.ch\/wp-content\/uploads\/2022\/01\/Logo_Organisator_Website.png","width":800,"height":77,"caption":"Organisator"},"image":{"@id":"https:\/\/www.organisator.ch\/#\/schema\/logo\/image\/"},"sameAs":["https:\/\/www.facebook.com\/OrganisatorFachmagazin","https:\/\/www.linkedin.com\/showcase\/organisator-das-magazin-fr-kmu","https:\/\/www.xing.com\/news\/pages\/organisator-ch-695","https:\/\/www.youtube.com\/channel\/UCGP2Sq0iWaZwT3BdIAQFYpw"]},{"@type":"Person","@id":"https:\/\/www.organisator.ch\/#\/schema\/person\/aa2bace6c5c5aad60102004a50c4eb1c","name":"admin","image":{"@type":"ImageObject","inLanguage":"fr-FR","@id":"https:\/\/secure.gravatar.com\/avatar\/ae2f4d718e6c49043e314ce431e7e645d646302a24a5ef5a8bc8e3f5a032e319?s=96&d=mm&r=g","url":"https:\/\/secure.gravatar.com\/avatar\/ae2f4d718e6c49043e314ce431e7e645d646302a24a5ef5a8bc8e3f5a032e319?s=96&d=mm&r=g","contentUrl":"https:\/\/secure.gravatar.com\/avatar\/ae2f4d718e6c49043e314ce431e7e645d646302a24a5ef5a8bc8e3f5a032e319?s=96&d=mm&r=g","caption":"admin"},"sameAs":["https:\/\/www.organisator.ch"],"url":"https:\/\/www.organisator.ch\/fr\/author\/admin\/"}]}},"_links":{"self":[{"href":"https:\/\/www.organisator.ch\/fr\/wp-json\/wp\/v2\/posts\/9926","targetHints":{"allow":["GET"]}}],"collection":[{"href":"https:\/\/www.organisator.ch\/fr\/wp-json\/wp\/v2\/posts"}],"about":[{"href":"https:\/\/www.organisator.ch\/fr\/wp-json\/wp\/v2\/types\/post"}],"author":[{"embeddable":true,"href":"https:\/\/www.organisator.ch\/fr\/wp-json\/wp\/v2\/users\/1"}],"replies":[{"embeddable":true,"href":"https:\/\/www.organisator.ch\/fr\/wp-json\/wp\/v2\/comments?post=9926"}],"version-history":[{"count":0,"href":"https:\/\/www.organisator.ch\/fr\/wp-json\/wp\/v2\/posts\/9926\/revisions"}],"wp:featuredmedia":[{"embeddable":true,"href":"https:\/\/www.organisator.ch\/fr\/wp-json\/wp\/v2\/media\/9359"}],"wp:attachment":[{"href":"https:\/\/www.organisator.ch\/fr\/wp-json\/wp\/v2\/media?parent=9926"}],"wp:term":[{"taxonomy":"category","embeddable":true,"href":"https:\/\/www.organisator.ch\/fr\/wp-json\/wp\/v2\/categories?post=9926"},{"taxonomy":"post_tag","embeddable":true,"href":"https:\/\/www.organisator.ch\/fr\/wp-json\/wp\/v2\/tags?post=9926"}],"curies":[{"name":"wp","href":"https:\/\/api.w.org\/{rel}","templated":true}]}}