{"id":9929,"date":"2016-03-24T15:27:51","date_gmt":"2016-03-24T14:27:51","guid":{"rendered":"https:\/\/dev.umweltperspektiven.ch\/?p=285"},"modified":"2022-02-09T11:05:39","modified_gmt":"2022-02-09T10:05:39","slug":"verordnung-fuer-abfalltransporte-gilt-ab-juli","status":"publish","type":"post","link":"https:\/\/www.organisator.ch\/fr\/sustainability\/2016-03-24\/verordnung-fuer-abfalltransporte-gilt-ab-juli\/","title":{"rendered":"Le r\u00e8glement sur le transport des d\u00e9chets s'applique \u00e0 partir de juillet"},"content":{"rendered":"<figure id=\"attachment_286\" aria-describedby=\"caption-attachment-286\" style=\"width: 680px\" class=\"wp-caption alignnone\"><a href=\"\/\/dev.umweltperspektiven.ch\/wp-content\/uploads\/2016\/12\/Verordnung-f\u00fcr-Abfalltransporte-gilt-ab-Juli-umweltperspektiven.jpg\"><img loading=\"lazy\" decoding=\"async\" class=\"wp-image-286 size-medium\" src=\"\/\/www.umweltperspektiven.ch\/wp-content\/uploads\/2016\/12\/Verordnung-f\u00fcr-Abfalltransporte-gilt-ab-Juli-umweltperspektiven.jpg\" alt=\"Les charges administratives li\u00e9es au transport transfrontalier de d\u00e9chets sont r\u00e9duites.\" width=\"680\" height=\"533\" \/><\/a><figcaption id=\"caption-attachment-286\" class=\"wp-caption-text\">Les charges administratives li\u00e9es au transport transfrontalier de d\u00e9chets sont r\u00e9duites.<\/figcaption><\/figure>\n<p>L'ordonnance r\u00e9vis\u00e9e sur les mouvements de d\u00e9chets sera applicable \u00e0 partir du 1er juillet 2016. Le Conseil f\u00e9d\u00e9ral l'a confirm\u00e9.<\/p>\n<p>Les modifications sont essentiellement d'ordre technique et concernent principalement l'obligation de disposer d'un document de suivi pour certains autres d\u00e9chets soumis \u00e0 contr\u00f4le dont l'\u00e9limination respectueuse de l'environnement n\u00e9cessite des mesures organisationnelles importantes. Il s'agit en g\u00e9n\u00e9ral de d\u00e9chets produits en grandes quantit\u00e9s. Il s'agit par exemple de pneus usag\u00e9s ou de v\u00e9hicules hors d'usage dont l'\u00e9limination inappropri\u00e9e peut mettre en danger l'environnement.<\/p>\n<p><strong>Annoncer les transports par voie \u00e9lectronique<\/strong><br \/>\nChaque ann\u00e9e, l'OFEV approuve environ 900 demandes d'importation et d'exportation de d\u00e9chets. Dans ce cadre, 75 000 transports sont effectu\u00e9s et doivent \u00eatre document\u00e9s par des documents de suivi. La transmission de ces documents par courrier, fax ou e-mail et leur saisie manuelle dans la base de donn\u00e9es \u00e9lectronique repr\u00e9sentent une charge administrative importante pour les entreprises et les autorit\u00e9s comp\u00e9tentes. Au 1er juillet 2017, cette situation sera simplifi\u00e9e : la transmission \u00e9lectronique des notifications relatives aux transports transfrontaliers de d\u00e9chets sera introduite. Ainsi, les exportateurs n'auront plus \u00e0 remettre une copie du document de suivi aux douanes suisses, mais devront d\u00e9clarer le transport par voie \u00e9lectronique sur la base de donn\u00e9es mise \u00e0 disposition par l'OFEV.<\/p>\n<p>Parall\u00e8lement, le DETEC a adapt\u00e9 l'ordonnance d\u00e9partementale sur les listes relatives aux mouvements de d\u00e9chets.<\/p>","protected":false},"excerpt":{"rendered":"<p>Ab dem 1. Juli 2016 gilt die revidierte Verordnung \u00fcber den Verkehr mit Abf\u00e4llen. Dies hat der Bundesrat best\u00e4tigt. Die \u00c4nderungen sind haupts\u00e4chlich technischer Natur und betreffen in erster Linie die Begleitscheinpflicht f\u00fcr bestimmte andere kontrollpflichtige Abf\u00e4lle,\u00a0deren umweltvertr\u00e4gliche Entsorgung umfassende organisatorische Massnahmen erfordert. Dabei handelt es sich in der Regel um Abf\u00e4lle, die in grossen [&hellip;]<\/p>\n","protected":false},"author":1,"featured_media":9364,"comment_status":"open","ping_status":"open","sticky":false,"template":"","format":"standard","meta":{"_acf_changed":false,"_yoast_wpseo_focuskw":"Abfalltransporte","_yoast_wpseo_metadesc":"Abfalltransporte: Der Bundesrat best\u00e4tigt die revidierte Verordnung \u00fcber den Verkehr mit Abf\u00e4llen.","articlekey":"","footnotes":""},"categories":[580],"tags":[657,796,100,1100],"class_list":["post-9929","post","type-post","status-publish","format-standard","has-post-thumbnail","hentry","category-sustainability","tag-abfalltransport","tag-begleitschein","tag-bundesrat","tag-entsorgung"],"acf":[],"yoast_head":"<!-- This site is optimized with the Yoast SEO plugin v27.4 - https:\/\/yoast.com\/product\/yoast-seo-wordpress\/ -->\n<title>Verordnung f\u00fcr Abfalltransporte gilt ab Juli - Organisator<\/title>\n<meta name=\"description\" content=\"Abfalltransporte: Der Bundesrat best\u00e4tigt die revidierte Verordnung \u00fcber den Verkehr mit Abf\u00e4llen.\" \/>\n<meta name=\"robots\" content=\"index, follow, max-snippet:-1, max-image-preview:large, max-video-preview:-1\" \/>\n<link rel=\"canonical\" href=\"https:\/\/www.organisator.ch\/fr\/sustainability\/2016-03-24\/verordnung-fuer-abfalltransporte-gilt-ab-juli\/\" \/>\n<meta property=\"og:locale\" content=\"fr_FR\" \/>\n<meta property=\"og:type\" content=\"article\" \/>\n<meta property=\"og:title\" content=\"Verordnung f\u00fcr Abfalltransporte gilt ab Juli - Organisator\" \/>\n<meta property=\"og:description\" content=\"Abfalltransporte: Der Bundesrat best\u00e4tigt die revidierte Verordnung \u00fcber den Verkehr mit Abf\u00e4llen.\" \/>\n<meta property=\"og:url\" content=\"https:\/\/www.organisator.ch\/fr\/sustainability\/2016-03-24\/verordnung-fuer-abfalltransporte-gilt-ab-juli\/\" \/>\n<meta property=\"og:site_name\" content=\"Organisator\" \/>\n<meta property=\"article:publisher\" content=\"https:\/\/www.facebook.com\/OrganisatorFachmagazin\" \/>\n<meta property=\"article:published_time\" content=\"2016-03-24T14:27:51+00:00\" \/>\n<meta property=\"article:modified_time\" content=\"2022-02-09T10:05:39+00:00\" \/>\n<meta property=\"og:image\" content=\"https:\/\/www.organisator.ch\/wp-content\/uploads\/2016\/12\/Verordnung-fuer-Abfalltransporte-gilt-ab-Juli-umweltperspektiven.jpg\" \/>\n\t<meta property=\"og:image:width\" content=\"1000\" \/>\n\t<meta property=\"og:image:height\" content=\"784\" \/>\n\t<meta property=\"og:image:type\" content=\"image\/jpeg\" \/>\n<meta name=\"author\" content=\"admin\" \/>\n<meta name=\"twitter:card\" content=\"summary_large_image\" \/>\n<script type=\"application\/ld+json\" class=\"yoast-schema-graph\">{\"@context\":\"https:\\\/\\\/schema.org\",\"@graph\":[{\"@type\":\"Article\",\"@id\":\"https:\\\/\\\/www.organisator.ch\\\/sustainability\\\/2016-03-24\\\/verordnung-fuer-abfalltransporte-gilt-ab-juli\\\/#article\",\"isPartOf\":{\"@id\":\"https:\\\/\\\/www.organisator.ch\\\/sustainability\\\/2016-03-24\\\/verordnung-fuer-abfalltransporte-gilt-ab-juli\\\/\"},\"author\":{\"name\":\"admin\",\"@id\":\"https:\\\/\\\/www.organisator.ch\\\/#\\\/schema\\\/person\\\/aa2bace6c5c5aad60102004a50c4eb1c\"},\"headline\":\"Verordnung f\u00fcr Abfalltransporte gilt ab Juli\",\"datePublished\":\"2016-03-24T14:27:51+00:00\",\"dateModified\":\"2022-02-09T10:05:39+00:00\",\"mainEntityOfPage\":{\"@id\":\"https:\\\/\\\/www.organisator.ch\\\/sustainability\\\/2016-03-24\\\/verordnung-fuer-abfalltransporte-gilt-ab-juli\\\/\"},\"wordCount\":232,\"commentCount\":0,\"publisher\":{\"@id\":\"https:\\\/\\\/www.organisator.ch\\\/#organization\"},\"image\":{\"@id\":\"https:\\\/\\\/www.organisator.ch\\\/sustainability\\\/2016-03-24\\\/verordnung-fuer-abfalltransporte-gilt-ab-juli\\\/#primaryimage\"},\"thumbnailUrl\":\"https:\\\/\\\/www.organisator.ch\\\/wp-content\\\/uploads\\\/2016\\\/12\\\/Verordnung-fuer-Abfalltransporte-gilt-ab-Juli-umweltperspektiven.jpg\",\"keywords\":[\"Abfalltransport\",\"Begleitschein\",\"Bundesrat\",\"Entsorgung\"],\"articleSection\":[\"SUSTAINABILITY\"],\"inLanguage\":\"fr-FR\"},{\"@type\":\"WebPage\",\"@id\":\"https:\\\/\\\/www.organisator.ch\\\/sustainability\\\/2016-03-24\\\/verordnung-fuer-abfalltransporte-gilt-ab-juli\\\/\",\"url\":\"https:\\\/\\\/www.organisator.ch\\\/sustainability\\\/2016-03-24\\\/verordnung-fuer-abfalltransporte-gilt-ab-juli\\\/\",\"name\":\"Verordnung f\u00fcr Abfalltransporte gilt ab Juli - Organisator\",\"isPartOf\":{\"@id\":\"https:\\\/\\\/www.organisator.ch\\\/#website\"},\"primaryImageOfPage\":{\"@id\":\"https:\\\/\\\/www.organisator.ch\\\/sustainability\\\/2016-03-24\\\/verordnung-fuer-abfalltransporte-gilt-ab-juli\\\/#primaryimage\"},\"image\":{\"@id\":\"https:\\\/\\\/www.organisator.ch\\\/sustainability\\\/2016-03-24\\\/verordnung-fuer-abfalltransporte-gilt-ab-juli\\\/#primaryimage\"},\"thumbnailUrl\":\"https:\\\/\\\/www.organisator.ch\\\/wp-content\\\/uploads\\\/2016\\\/12\\\/Verordnung-fuer-Abfalltransporte-gilt-ab-Juli-umweltperspektiven.jpg\",\"datePublished\":\"2016-03-24T14:27:51+00:00\",\"dateModified\":\"2022-02-09T10:05:39+00:00\",\"description\":\"Abfalltransporte: Der Bundesrat best\u00e4tigt die revidierte Verordnung \u00fcber den Verkehr mit Abf\u00e4llen.\",\"breadcrumb\":{\"@id\":\"https:\\\/\\\/www.organisator.ch\\\/sustainability\\\/2016-03-24\\\/verordnung-fuer-abfalltransporte-gilt-ab-juli\\\/#breadcrumb\"},\"inLanguage\":\"fr-FR\",\"potentialAction\":[{\"@type\":\"ReadAction\",\"target\":[\"https:\\\/\\\/www.organisator.ch\\\/sustainability\\\/2016-03-24\\\/verordnung-fuer-abfalltransporte-gilt-ab-juli\\\/\"]}]},{\"@type\":\"ImageObject\",\"inLanguage\":\"fr-FR\",\"@id\":\"https:\\\/\\\/www.organisator.ch\\\/sustainability\\\/2016-03-24\\\/verordnung-fuer-abfalltransporte-gilt-ab-juli\\\/#primaryimage\",\"url\":\"https:\\\/\\\/www.organisator.ch\\\/wp-content\\\/uploads\\\/2016\\\/12\\\/Verordnung-fuer-Abfalltransporte-gilt-ab-Juli-umweltperspektiven.jpg\",\"contentUrl\":\"https:\\\/\\\/www.organisator.ch\\\/wp-content\\\/uploads\\\/2016\\\/12\\\/Verordnung-fuer-Abfalltransporte-gilt-ab-Juli-umweltperspektiven.jpg\",\"width\":1000,\"height\":784,\"caption\":\"Der administrative Aufwand beim grenz\u00fcberschreitenden Transport von Abf\u00e4llen wird verringert.\"},{\"@type\":\"BreadcrumbList\",\"@id\":\"https:\\\/\\\/www.organisator.ch\\\/sustainability\\\/2016-03-24\\\/verordnung-fuer-abfalltransporte-gilt-ab-juli\\\/#breadcrumb\",\"itemListElement\":[{\"@type\":\"ListItem\",\"position\":1,\"name\":\"Home\",\"item\":\"https:\\\/\\\/www.organisator.ch\\\/\"},{\"@type\":\"ListItem\",\"position\":2,\"name\":\"Verordnung f\u00fcr Abfalltransporte gilt ab Juli\"}]},{\"@type\":\"WebSite\",\"@id\":\"https:\\\/\\\/www.organisator.ch\\\/#website\",\"url\":\"https:\\\/\\\/www.organisator.ch\\\/\",\"name\":\"Organisator\",\"description\":\"Kompetent. Praxisnah. Der ORGANISATOR bereitet in 10 Ausgaben pro Jahr die wesentlichen Themen f\u00fcr F\u00fchrungskr\u00e4fte von KMU auf.\",\"publisher\":{\"@id\":\"https:\\\/\\\/www.organisator.ch\\\/#organization\"},\"potentialAction\":[{\"@type\":\"SearchAction\",\"target\":{\"@type\":\"EntryPoint\",\"urlTemplate\":\"https:\\\/\\\/www.organisator.ch\\\/?s={search_term_string}\"},\"query-input\":{\"@type\":\"PropertyValueSpecification\",\"valueRequired\":true,\"valueName\":\"search_term_string\"}}],\"inLanguage\":\"fr-FR\"},{\"@type\":\"Organization\",\"@id\":\"https:\\\/\\\/www.organisator.ch\\\/#organization\",\"name\":\"Organisator\",\"url\":\"https:\\\/\\\/www.organisator.ch\\\/\",\"logo\":{\"@type\":\"ImageObject\",\"inLanguage\":\"fr-FR\",\"@id\":\"https:\\\/\\\/www.organisator.ch\\\/#\\\/schema\\\/logo\\\/image\\\/\",\"url\":\"https:\\\/\\\/www.organisator.ch\\\/wp-content\\\/uploads\\\/2022\\\/01\\\/Logo_Organisator_Website.png\",\"contentUrl\":\"https:\\\/\\\/www.organisator.ch\\\/wp-content\\\/uploads\\\/2022\\\/01\\\/Logo_Organisator_Website.png\",\"width\":800,\"height\":77,\"caption\":\"Organisator\"},\"image\":{\"@id\":\"https:\\\/\\\/www.organisator.ch\\\/#\\\/schema\\\/logo\\\/image\\\/\"},\"sameAs\":[\"https:\\\/\\\/www.facebook.com\\\/OrganisatorFachmagazin\",\"https:\\\/\\\/www.linkedin.com\\\/showcase\\\/organisator-das-magazin-fr-kmu\",\"https:\\\/\\\/www.xing.com\\\/news\\\/pages\\\/organisator-ch-695\",\"https:\\\/\\\/www.youtube.com\\\/channel\\\/UCGP2Sq0iWaZwT3BdIAQFYpw\"]},{\"@type\":\"Person\",\"@id\":\"https:\\\/\\\/www.organisator.ch\\\/#\\\/schema\\\/person\\\/aa2bace6c5c5aad60102004a50c4eb1c\",\"name\":\"admin\",\"image\":{\"@type\":\"ImageObject\",\"inLanguage\":\"fr-FR\",\"@id\":\"https:\\\/\\\/secure.gravatar.com\\\/avatar\\\/ae2f4d718e6c49043e314ce431e7e645d646302a24a5ef5a8bc8e3f5a032e319?s=96&d=mm&r=g\",\"url\":\"https:\\\/\\\/secure.gravatar.com\\\/avatar\\\/ae2f4d718e6c49043e314ce431e7e645d646302a24a5ef5a8bc8e3f5a032e319?s=96&d=mm&r=g\",\"contentUrl\":\"https:\\\/\\\/secure.gravatar.com\\\/avatar\\\/ae2f4d718e6c49043e314ce431e7e645d646302a24a5ef5a8bc8e3f5a032e319?s=96&d=mm&r=g\",\"caption\":\"admin\"},\"sameAs\":[\"https:\\\/\\\/www.organisator.ch\"],\"url\":\"https:\\\/\\\/www.organisator.ch\\\/fr\\\/author\\\/admin\\\/\"}]}<\/script>\n<!-- \/ Yoast SEO plugin. -->","yoast_head_json":{"title":"Le r\u00e8glement sur le transport des d\u00e9chets s'applique \u00e0 partir de juillet - Organisateur","description":"Transports de d\u00e9chets : le Conseil f\u00e9d\u00e9ral confirme la r\u00e9vision de l'ordonnance sur les mouvements de d\u00e9chets.","robots":{"index":"index","follow":"follow","max-snippet":"max-snippet:-1","max-image-preview":"max-image-preview:large","max-video-preview":"max-video-preview:-1"},"canonical":"https:\/\/www.organisator.ch\/fr\/sustainability\/2016-03-24\/verordnung-fuer-abfalltransporte-gilt-ab-juli\/","og_locale":"fr_FR","og_type":"article","og_title":"Verordnung f\u00fcr Abfalltransporte gilt ab Juli - Organisator","og_description":"Abfalltransporte: Der Bundesrat best\u00e4tigt die revidierte Verordnung \u00fcber den Verkehr mit Abf\u00e4llen.","og_url":"https:\/\/www.organisator.ch\/fr\/sustainability\/2016-03-24\/verordnung-fuer-abfalltransporte-gilt-ab-juli\/","og_site_name":"Organisator","article_publisher":"https:\/\/www.facebook.com\/OrganisatorFachmagazin","article_published_time":"2016-03-24T14:27:51+00:00","article_modified_time":"2022-02-09T10:05:39+00:00","og_image":[{"width":1000,"height":784,"url":"https:\/\/www.organisator.ch\/wp-content\/uploads\/2016\/12\/Verordnung-fuer-Abfalltransporte-gilt-ab-Juli-umweltperspektiven.jpg","type":"image\/jpeg"}],"author":"admin","twitter_card":"summary_large_image","schema":{"@context":"https:\/\/schema.org","@graph":[{"@type":"Article","@id":"https:\/\/www.organisator.ch\/sustainability\/2016-03-24\/verordnung-fuer-abfalltransporte-gilt-ab-juli\/#article","isPartOf":{"@id":"https:\/\/www.organisator.ch\/sustainability\/2016-03-24\/verordnung-fuer-abfalltransporte-gilt-ab-juli\/"},"author":{"name":"admin","@id":"https:\/\/www.organisator.ch\/#\/schema\/person\/aa2bace6c5c5aad60102004a50c4eb1c"},"headline":"Verordnung f\u00fcr Abfalltransporte gilt ab Juli","datePublished":"2016-03-24T14:27:51+00:00","dateModified":"2022-02-09T10:05:39+00:00","mainEntityOfPage":{"@id":"https:\/\/www.organisator.ch\/sustainability\/2016-03-24\/verordnung-fuer-abfalltransporte-gilt-ab-juli\/"},"wordCount":232,"commentCount":0,"publisher":{"@id":"https:\/\/www.organisator.ch\/#organization"},"image":{"@id":"https:\/\/www.organisator.ch\/sustainability\/2016-03-24\/verordnung-fuer-abfalltransporte-gilt-ab-juli\/#primaryimage"},"thumbnailUrl":"https:\/\/www.organisator.ch\/wp-content\/uploads\/2016\/12\/Verordnung-fuer-Abfalltransporte-gilt-ab-Juli-umweltperspektiven.jpg","keywords":["Abfalltransport","Begleitschein","Bundesrat","Entsorgung"],"articleSection":["SUSTAINABILITY"],"inLanguage":"fr-FR"},{"@type":"WebPage","@id":"https:\/\/www.organisator.ch\/sustainability\/2016-03-24\/verordnung-fuer-abfalltransporte-gilt-ab-juli\/","url":"https:\/\/www.organisator.ch\/sustainability\/2016-03-24\/verordnung-fuer-abfalltransporte-gilt-ab-juli\/","name":"Le r\u00e8glement sur le transport des d\u00e9chets s'applique \u00e0 partir de juillet - Organisateur","isPartOf":{"@id":"https:\/\/www.organisator.ch\/#website"},"primaryImageOfPage":{"@id":"https:\/\/www.organisator.ch\/sustainability\/2016-03-24\/verordnung-fuer-abfalltransporte-gilt-ab-juli\/#primaryimage"},"image":{"@id":"https:\/\/www.organisator.ch\/sustainability\/2016-03-24\/verordnung-fuer-abfalltransporte-gilt-ab-juli\/#primaryimage"},"thumbnailUrl":"https:\/\/www.organisator.ch\/wp-content\/uploads\/2016\/12\/Verordnung-fuer-Abfalltransporte-gilt-ab-Juli-umweltperspektiven.jpg","datePublished":"2016-03-24T14:27:51+00:00","dateModified":"2022-02-09T10:05:39+00:00","description":"Transports de d\u00e9chets : le Conseil f\u00e9d\u00e9ral confirme la r\u00e9vision de l'ordonnance sur les mouvements de d\u00e9chets.","breadcrumb":{"@id":"https:\/\/www.organisator.ch\/sustainability\/2016-03-24\/verordnung-fuer-abfalltransporte-gilt-ab-juli\/#breadcrumb"},"inLanguage":"fr-FR","potentialAction":[{"@type":"ReadAction","target":["https:\/\/www.organisator.ch\/sustainability\/2016-03-24\/verordnung-fuer-abfalltransporte-gilt-ab-juli\/"]}]},{"@type":"ImageObject","inLanguage":"fr-FR","@id":"https:\/\/www.organisator.ch\/sustainability\/2016-03-24\/verordnung-fuer-abfalltransporte-gilt-ab-juli\/#primaryimage","url":"https:\/\/www.organisator.ch\/wp-content\/uploads\/2016\/12\/Verordnung-fuer-Abfalltransporte-gilt-ab-Juli-umweltperspektiven.jpg","contentUrl":"https:\/\/www.organisator.ch\/wp-content\/uploads\/2016\/12\/Verordnung-fuer-Abfalltransporte-gilt-ab-Juli-umweltperspektiven.jpg","width":1000,"height":784,"caption":"Der administrative Aufwand beim grenz\u00fcberschreitenden Transport von Abf\u00e4llen wird verringert."},{"@type":"BreadcrumbList","@id":"https:\/\/www.organisator.ch\/sustainability\/2016-03-24\/verordnung-fuer-abfalltransporte-gilt-ab-juli\/#breadcrumb","itemListElement":[{"@type":"ListItem","position":1,"name":"Home","item":"https:\/\/www.organisator.ch\/"},{"@type":"ListItem","position":2,"name":"Verordnung f\u00fcr Abfalltransporte gilt ab Juli"}]},{"@type":"WebSite","@id":"https:\/\/www.organisator.ch\/#website","url":"https:\/\/www.organisator.ch\/","name":"Organisateur","description":"Comp\u00e9tence et comp\u00e9tence. Proches de la pratique. L'ORGANISATEUR pr\u00e9pare 10 num\u00e9ros par an sur les th\u00e8mes essentiels pour les dirigeants de PME.","publisher":{"@id":"https:\/\/www.organisator.ch\/#organization"},"potentialAction":[{"@type":"SearchAction","target":{"@type":"EntryPoint","urlTemplate":"https:\/\/www.organisator.ch\/?s={search_term_string}"},"query-input":{"@type":"PropertyValueSpecification","valueRequired":true,"valueName":"search_term_string"}}],"inLanguage":"fr-FR"},{"@type":"Organization","@id":"https:\/\/www.organisator.ch\/#organization","name":"Organisateur","url":"https:\/\/www.organisator.ch\/","logo":{"@type":"ImageObject","inLanguage":"fr-FR","@id":"https:\/\/www.organisator.ch\/#\/schema\/logo\/image\/","url":"https:\/\/www.organisator.ch\/wp-content\/uploads\/2022\/01\/Logo_Organisator_Website.png","contentUrl":"https:\/\/www.organisator.ch\/wp-content\/uploads\/2022\/01\/Logo_Organisator_Website.png","width":800,"height":77,"caption":"Organisator"},"image":{"@id":"https:\/\/www.organisator.ch\/#\/schema\/logo\/image\/"},"sameAs":["https:\/\/www.facebook.com\/OrganisatorFachmagazin","https:\/\/www.linkedin.com\/showcase\/organisator-das-magazin-fr-kmu","https:\/\/www.xing.com\/news\/pages\/organisator-ch-695","https:\/\/www.youtube.com\/channel\/UCGP2Sq0iWaZwT3BdIAQFYpw"]},{"@type":"Person","@id":"https:\/\/www.organisator.ch\/#\/schema\/person\/aa2bace6c5c5aad60102004a50c4eb1c","name":"admin","image":{"@type":"ImageObject","inLanguage":"fr-FR","@id":"https:\/\/secure.gravatar.com\/avatar\/ae2f4d718e6c49043e314ce431e7e645d646302a24a5ef5a8bc8e3f5a032e319?s=96&d=mm&r=g","url":"https:\/\/secure.gravatar.com\/avatar\/ae2f4d718e6c49043e314ce431e7e645d646302a24a5ef5a8bc8e3f5a032e319?s=96&d=mm&r=g","contentUrl":"https:\/\/secure.gravatar.com\/avatar\/ae2f4d718e6c49043e314ce431e7e645d646302a24a5ef5a8bc8e3f5a032e319?s=96&d=mm&r=g","caption":"admin"},"sameAs":["https:\/\/www.organisator.ch"],"url":"https:\/\/www.organisator.ch\/fr\/author\/admin\/"}]}},"_links":{"self":[{"href":"https:\/\/www.organisator.ch\/fr\/wp-json\/wp\/v2\/posts\/9929","targetHints":{"allow":["GET"]}}],"collection":[{"href":"https:\/\/www.organisator.ch\/fr\/wp-json\/wp\/v2\/posts"}],"about":[{"href":"https:\/\/www.organisator.ch\/fr\/wp-json\/wp\/v2\/types\/post"}],"author":[{"embeddable":true,"href":"https:\/\/www.organisator.ch\/fr\/wp-json\/wp\/v2\/users\/1"}],"replies":[{"embeddable":true,"href":"https:\/\/www.organisator.ch\/fr\/wp-json\/wp\/v2\/comments?post=9929"}],"version-history":[{"count":1,"href":"https:\/\/www.organisator.ch\/fr\/wp-json\/wp\/v2\/posts\/9929\/revisions"}],"predecessor-version":[{"id":10438,"href":"https:\/\/www.organisator.ch\/fr\/wp-json\/wp\/v2\/posts\/9929\/revisions\/10438"}],"wp:featuredmedia":[{"embeddable":true,"href":"https:\/\/www.organisator.ch\/fr\/wp-json\/wp\/v2\/media\/9364"}],"wp:attachment":[{"href":"https:\/\/www.organisator.ch\/fr\/wp-json\/wp\/v2\/media?parent=9929"}],"wp:term":[{"taxonomy":"category","embeddable":true,"href":"https:\/\/www.organisator.ch\/fr\/wp-json\/wp\/v2\/categories?post=9929"},{"taxonomy":"post_tag","embeddable":true,"href":"https:\/\/www.organisator.ch\/fr\/wp-json\/wp\/v2\/tags?post=9929"}],"curies":[{"name":"wp","href":"https:\/\/api.w.org\/{rel}","templated":true}]}}