{"id":9935,"date":"2016-04-14T15:48:20","date_gmt":"2016-04-14T13:48:20","guid":{"rendered":"https:\/\/dev.umweltperspektiven.ch\/?p=319"},"modified":"2016-04-14T15:48:20","modified_gmt":"2016-04-14T13:48:20","slug":"one-way-carsharing-auf-erfolgskurs","status":"publish","type":"post","link":"https:\/\/www.organisator.ch\/fr\/allgemein\/2016-04-14\/one-way-carsharing-auf-erfolgskurs\/","title":{"rendered":"L'autopartage \u00e0 sens unique sur la voie du succ\u00e8s"},"content":{"rendered":"<figure id=\"attachment_320\" aria-describedby=\"caption-attachment-320\" style=\"width: 680px\" class=\"wp-caption alignnone\"><a href=\"\/\/dev.umweltperspektiven.ch\/wp-content\/uploads\/2016\/12\/One-Way-Carsharing-auf-Erfolgskurs-umweltperspektiven.jpg\"><img loading=\"lazy\" decoding=\"async\" class=\"size-medium wp-image-320\" src=\"\/\/dev.umweltperspektiven.ch\/wp-content\/uploads\/2016\/12\/One-Way-Carsharing-auf-Erfolgskurs-umweltperspektiven.jpg\" alt=\"Conduire la voiture \u00e0 l&#039;a\u00e9roport - et la laisser tout simplement : c&#039;est possible gr\u00e2ce au car sharing ind\u00e9pendant de l&#039;emplacement.\" width=\"680\" height=\"453\" \/><\/a><figcaption id=\"caption-attachment-320\" class=\"wp-caption-text\">Conduire la voiture \u00e0 l'a\u00e9roport - et la laisser tout simplement : le car sharing ind\u00e9pendant de l'emplacement le rend possible.<\/figcaption><\/figure>\n<p>Catch a Car, filiale de Mobility, tire un bilan positif de son projet pilote \u00e0 B\u00e2le : plus de 5'000 clients utilisent aujourd'hui son offre de car sharing sans station, qui, selon les derniers r\u00e9sultats de recherche de l'EPF, r\u00e9duit le trafic. La ville de B\u00e2le poursuit sa collaboration, des n\u00e9gociations sont en cours avec d'autres villes.<\/p>\n<p><strong>Des clients satisfaits<\/strong><br \/>\nLa phase pilote de deux ans l'a montr\u00e9 : le car sharing sans station fonctionne aussi dans les villes suisses. Catch a Car a r\u00e9ussi \u00e0 \u00e9tablir son offre \u00e0 B\u00e2le et enregistre un nombre d'inscriptions et de trajets en constante augmentation. Aujourd'hui, plus de 5'000 clients se d\u00e9placent avec 120 voitures.<\/p>\n<p>La directrice Silena Medici se montre tr\u00e8s satisfaite : \"Le syst\u00e8me fonctionne parfaitement et rencontre un grand \u00e9cho. C'est pourquoi nous continuons \u00e0 le g\u00e9rer et voulons l'\u00e9tendre. Nous sommes d\u00e9j\u00e0 en discussion avec d'autres villes\". Le conseiller d'Etat Hans-Peter Wessels est tout aussi satisfait : \"Catch a Car est devenu une partie \u00e9vidente de la mobilit\u00e9 urbaine \u00e0 B\u00e2le et est appr\u00e9ci\u00e9 par les habitants\". Comme il est prouv\u00e9 que l'offre de car sharing a un effet r\u00e9ducteur sur les voitures et le trafic, \"nous poursuivons tr\u00e8s volontiers notre collaboration\".<\/p>\n<p><strong>\u00c9tude de l'EPFZ : moins de voitures et moins de CO2 gr\u00e2ce \u00e0 Catch a Car<\/strong><\/p>\n<p>Catch a Car a \u00e9t\u00e9 suivi pendant deux ans par l'EPF de Zurich, qui a \u00e9valu\u00e9 les effets sur le trafic et l'environnement. Les r\u00e9sultats sont tous positifs : Comme les covoitureurs modifient durablement leur comportement de mobilit\u00e9, Catch a Car \u00e9vite - en se basant sur le nombre actuel d'utilisateurs - 363 voitures sur les routes b\u00e2loises. De plus, selon une estimation qualifi\u00e9e de l'EPF, l'utilisation moyenne de v\u00e9hicules priv\u00e9s diminue de 560'000 kilom\u00e8tres par an. Cela correspond \u00e0 2'240 trajets de B\u00e2le \u00e0 Gen\u00e8ve ou \u00e0 une \u00e9conomie de 45'000 litres de carburant par an, respectivement 104 tonnes de CO2.<\/p>\n<p>En contrepartie, les utilisateurs de Catch a Car se d\u00e9placent plus souvent en transports publics que les propri\u00e9taires de voitures priv\u00e9es, \"ce qui prouve que notre concept d'autopartage ne concurrence pas les transports publics, mais les compl\u00e8te judicieusement\", conclut Medici.<\/p>\n<p><strong>Allianz et AMAG participent au capital-actions<\/strong><\/p>\n<p>Tous les partenaires commerciaux actuels de Catch a Car resteront en place \u00e0 l'avenir. Alors que la collaboration avec SuisseEnergie et les CFF se poursuit comme auparavant au niveau strat\u00e9gique, Allianz et AMAG entreront m\u00eame dans l'entreprise lucernoise en tant qu'investisseurs \u00e0 partir de l'\u00e9t\u00e9 2016. \"En tant qu'assureur innovant, nous voulons jouer un r\u00f4le actif dans la conception des solutions de mobilit\u00e9 futures\", affirme Thomas Wegmann, responsable de la gestion du march\u00e9 chez Allianz Suisse. Bernhard Soltermann (Managing Director AMAG Import) ajoute : \"Catch a Car repr\u00e9sente pour nous, en tant que plus grand prestataire de services automobiles de Suisse, une excellente opportunit\u00e9 de d\u00e9velopper notre engagement et notre pr\u00e9sence sur le th\u00e8me de la mobilit\u00e9 au niveau national et r\u00e9gional\".<\/p>\n<p>(Catch-A-Car)<\/p>","protected":false},"excerpt":{"rendered":"<p>Die Mobility-Tochter Catch a Car zieht ein erfolgreiches Fazit aus ihrem Pilotprojekt in Basel: \u00dcber 5&#8217;000 Kunden nutzen heute ihr stationsungebundenes Carsharing-Angebot, welches laut neusten ETH-Forschungsresultaten den Verkehr reduziert. Die Stadt Basel f\u00fchrt die Zusammenarbeit weiter, Verhandlungen mit weiteren St\u00e4dten laufen. Zufriedene Kunden Die zweij\u00e4hrige Pilotphase hat gezeigt: Stationsungebundenes Carsharing funktioniert auch in Schweizer St\u00e4dten. [&hellip;]<\/p>\n","protected":false},"author":1,"featured_media":9369,"comment_status":"open","ping_status":"open","sticky":false,"template":"","format":"standard","meta":{"_acf_changed":false,"_yoast_wpseo_focuskw":"Carsharing","_yoast_wpseo_metadesc":"Stationsungebundenes Carsharing funktioniert auch in Schweizer St\u00e4dten - und ist beliebt. Dies ist das Fazit eines Pilotprojekts in Basel.","articlekey":"","footnotes":""},"categories":[1],"tags":[899,1127,1729,1911],"class_list":["post-9935","post","type-post","status-publish","format-standard","has-post-thumbnail","hentry","category-allgemein","tag-carsharing","tag-eth","tag-mobility","tag-pilotprojekt"],"acf":[],"yoast_head":"<!-- This site is optimized with the Yoast SEO plugin v27.4 - https:\/\/yoast.com\/product\/yoast-seo-wordpress\/ -->\n<title>One-Way-Carsharing auf Erfolgskurs - Organisator<\/title>\n<meta name=\"description\" content=\"Stationsungebundenes Carsharing funktioniert auch in Schweizer St\u00e4dten - und ist beliebt. Dies ist das Fazit eines Pilotprojekts in Basel.\" \/>\n<meta name=\"robots\" content=\"index, follow, max-snippet:-1, max-image-preview:large, max-video-preview:-1\" \/>\n<link rel=\"canonical\" href=\"https:\/\/www.organisator.ch\/fr\/general\/2016-04-14\/one-way-carsharing-auf-erfolgskurs\/\" \/>\n<meta property=\"og:locale\" content=\"fr_FR\" \/>\n<meta property=\"og:type\" content=\"article\" \/>\n<meta property=\"og:title\" content=\"One-Way-Carsharing auf Erfolgskurs - Organisator\" \/>\n<meta property=\"og:description\" content=\"Stationsungebundenes Carsharing funktioniert auch in Schweizer St\u00e4dten - und ist beliebt. Dies ist das Fazit eines Pilotprojekts in Basel.\" \/>\n<meta property=\"og:url\" content=\"https:\/\/www.organisator.ch\/fr\/general\/2016-04-14\/one-way-carsharing-auf-erfolgskurs\/\" \/>\n<meta property=\"og:site_name\" content=\"Organisator\" \/>\n<meta property=\"article:publisher\" content=\"https:\/\/www.facebook.com\/OrganisatorFachmagazin\" \/>\n<meta property=\"article:published_time\" content=\"2016-04-14T13:48:20+00:00\" \/>\n<meta property=\"og:image\" content=\"https:\/\/www.organisator.ch\/wp-content\/uploads\/2016\/12\/One-Way-Carsharing-auf-Erfolgskurs-umweltperspektiven-scaled.jpg\" \/>\n\t<meta property=\"og:image:width\" content=\"2560\" \/>\n\t<meta property=\"og:image:height\" content=\"1705\" \/>\n\t<meta property=\"og:image:type\" content=\"image\/jpeg\" \/>\n<meta name=\"author\" content=\"admin\" \/>\n<meta name=\"twitter:card\" content=\"summary_large_image\" \/>\n<script type=\"application\/ld+json\" class=\"yoast-schema-graph\">{\"@context\":\"https:\\\/\\\/schema.org\",\"@graph\":[{\"@type\":\"Article\",\"@id\":\"https:\\\/\\\/www.organisator.ch\\\/it\\\/generale\\\/2016-04-14\\\/one-way-carsharing-auf-erfolgskurs\\\/#article\",\"isPartOf\":{\"@id\":\"https:\\\/\\\/www.organisator.ch\\\/it\\\/generale\\\/2016-04-14\\\/one-way-carsharing-auf-erfolgskurs\\\/\"},\"author\":{\"name\":\"admin\",\"@id\":\"https:\\\/\\\/www.organisator.ch\\\/#\\\/schema\\\/person\\\/aa2bace6c5c5aad60102004a50c4eb1c\"},\"headline\":\"One-Way-Carsharing auf Erfolgskurs\",\"datePublished\":\"2016-04-14T13:48:20+00:00\",\"mainEntityOfPage\":{\"@id\":\"https:\\\/\\\/www.organisator.ch\\\/it\\\/generale\\\/2016-04-14\\\/one-way-carsharing-auf-erfolgskurs\\\/\"},\"wordCount\":438,\"commentCount\":0,\"publisher\":{\"@id\":\"https:\\\/\\\/www.organisator.ch\\\/#organization\"},\"image\":{\"@id\":\"https:\\\/\\\/www.organisator.ch\\\/it\\\/generale\\\/2016-04-14\\\/one-way-carsharing-auf-erfolgskurs\\\/#primaryimage\"},\"thumbnailUrl\":\"https:\\\/\\\/www.organisator.ch\\\/wp-content\\\/uploads\\\/2016\\\/12\\\/One-Way-Carsharing-auf-Erfolgskurs-umweltperspektiven-scaled.jpg\",\"keywords\":[\"Carsharing\",\"ETH\",\"Mobility\",\"Pilotprojekt\"],\"articleSection\":[\"Allgemein\"],\"inLanguage\":\"fr-FR\"},{\"@type\":\"WebPage\",\"@id\":\"https:\\\/\\\/www.organisator.ch\\\/it\\\/generale\\\/2016-04-14\\\/one-way-carsharing-auf-erfolgskurs\\\/\",\"url\":\"https:\\\/\\\/www.organisator.ch\\\/it\\\/generale\\\/2016-04-14\\\/one-way-carsharing-auf-erfolgskurs\\\/\",\"name\":\"One-Way-Carsharing auf Erfolgskurs - Organisator\",\"isPartOf\":{\"@id\":\"https:\\\/\\\/www.organisator.ch\\\/#website\"},\"primaryImageOfPage\":{\"@id\":\"https:\\\/\\\/www.organisator.ch\\\/it\\\/generale\\\/2016-04-14\\\/one-way-carsharing-auf-erfolgskurs\\\/#primaryimage\"},\"image\":{\"@id\":\"https:\\\/\\\/www.organisator.ch\\\/it\\\/generale\\\/2016-04-14\\\/one-way-carsharing-auf-erfolgskurs\\\/#primaryimage\"},\"thumbnailUrl\":\"https:\\\/\\\/www.organisator.ch\\\/wp-content\\\/uploads\\\/2016\\\/12\\\/One-Way-Carsharing-auf-Erfolgskurs-umweltperspektiven-scaled.jpg\",\"datePublished\":\"2016-04-14T13:48:20+00:00\",\"description\":\"Stationsungebundenes Carsharing funktioniert auch in Schweizer St\u00e4dten - und ist beliebt. Dies ist das Fazit eines Pilotprojekts in Basel.\",\"breadcrumb\":{\"@id\":\"https:\\\/\\\/www.organisator.ch\\\/it\\\/generale\\\/2016-04-14\\\/one-way-carsharing-auf-erfolgskurs\\\/#breadcrumb\"},\"inLanguage\":\"fr-FR\",\"potentialAction\":[{\"@type\":\"ReadAction\",\"target\":[\"https:\\\/\\\/www.organisator.ch\\\/it\\\/generale\\\/2016-04-14\\\/one-way-carsharing-auf-erfolgskurs\\\/\"]}]},{\"@type\":\"ImageObject\",\"inLanguage\":\"fr-FR\",\"@id\":\"https:\\\/\\\/www.organisator.ch\\\/it\\\/generale\\\/2016-04-14\\\/one-way-carsharing-auf-erfolgskurs\\\/#primaryimage\",\"url\":\"https:\\\/\\\/www.organisator.ch\\\/wp-content\\\/uploads\\\/2016\\\/12\\\/One-Way-Carsharing-auf-Erfolgskurs-umweltperspektiven-scaled.jpg\",\"contentUrl\":\"https:\\\/\\\/www.organisator.ch\\\/wp-content\\\/uploads\\\/2016\\\/12\\\/One-Way-Carsharing-auf-Erfolgskurs-umweltperspektiven-scaled.jpg\",\"width\":2560,\"height\":1705,\"caption\":\"Das Auto an den Flughafen fahren - und einfach stehen lassen: Standortunabh\u00e4ngiges Carsharing macht's m\u00f6glich.\"},{\"@type\":\"BreadcrumbList\",\"@id\":\"https:\\\/\\\/www.organisator.ch\\\/it\\\/generale\\\/2016-04-14\\\/one-way-carsharing-auf-erfolgskurs\\\/#breadcrumb\",\"itemListElement\":[{\"@type\":\"ListItem\",\"position\":1,\"name\":\"Home\",\"item\":\"https:\\\/\\\/www.organisator.ch\\\/\"},{\"@type\":\"ListItem\",\"position\":2,\"name\":\"One-Way-Carsharing auf Erfolgskurs\"}]},{\"@type\":\"WebSite\",\"@id\":\"https:\\\/\\\/www.organisator.ch\\\/#website\",\"url\":\"https:\\\/\\\/www.organisator.ch\\\/\",\"name\":\"Organisator\",\"description\":\"Kompetent. Praxisnah. Der ORGANISATOR bereitet in 10 Ausgaben pro Jahr die wesentlichen Themen f\u00fcr F\u00fchrungskr\u00e4fte von KMU auf.\",\"publisher\":{\"@id\":\"https:\\\/\\\/www.organisator.ch\\\/#organization\"},\"potentialAction\":[{\"@type\":\"SearchAction\",\"target\":{\"@type\":\"EntryPoint\",\"urlTemplate\":\"https:\\\/\\\/www.organisator.ch\\\/?s={search_term_string}\"},\"query-input\":{\"@type\":\"PropertyValueSpecification\",\"valueRequired\":true,\"valueName\":\"search_term_string\"}}],\"inLanguage\":\"fr-FR\"},{\"@type\":\"Organization\",\"@id\":\"https:\\\/\\\/www.organisator.ch\\\/#organization\",\"name\":\"Organisator\",\"url\":\"https:\\\/\\\/www.organisator.ch\\\/\",\"logo\":{\"@type\":\"ImageObject\",\"inLanguage\":\"fr-FR\",\"@id\":\"https:\\\/\\\/www.organisator.ch\\\/#\\\/schema\\\/logo\\\/image\\\/\",\"url\":\"https:\\\/\\\/www.organisator.ch\\\/wp-content\\\/uploads\\\/2022\\\/01\\\/Logo_Organisator_Website.png\",\"contentUrl\":\"https:\\\/\\\/www.organisator.ch\\\/wp-content\\\/uploads\\\/2022\\\/01\\\/Logo_Organisator_Website.png\",\"width\":800,\"height\":77,\"caption\":\"Organisator\"},\"image\":{\"@id\":\"https:\\\/\\\/www.organisator.ch\\\/#\\\/schema\\\/logo\\\/image\\\/\"},\"sameAs\":[\"https:\\\/\\\/www.facebook.com\\\/OrganisatorFachmagazin\",\"https:\\\/\\\/www.linkedin.com\\\/showcase\\\/organisator-das-magazin-fr-kmu\",\"https:\\\/\\\/www.xing.com\\\/news\\\/pages\\\/organisator-ch-695\",\"https:\\\/\\\/www.youtube.com\\\/channel\\\/UCGP2Sq0iWaZwT3BdIAQFYpw\"]},{\"@type\":\"Person\",\"@id\":\"https:\\\/\\\/www.organisator.ch\\\/#\\\/schema\\\/person\\\/aa2bace6c5c5aad60102004a50c4eb1c\",\"name\":\"admin\",\"image\":{\"@type\":\"ImageObject\",\"inLanguage\":\"fr-FR\",\"@id\":\"https:\\\/\\\/secure.gravatar.com\\\/avatar\\\/ae2f4d718e6c49043e314ce431e7e645d646302a24a5ef5a8bc8e3f5a032e319?s=96&d=mm&r=g\",\"url\":\"https:\\\/\\\/secure.gravatar.com\\\/avatar\\\/ae2f4d718e6c49043e314ce431e7e645d646302a24a5ef5a8bc8e3f5a032e319?s=96&d=mm&r=g\",\"contentUrl\":\"https:\\\/\\\/secure.gravatar.com\\\/avatar\\\/ae2f4d718e6c49043e314ce431e7e645d646302a24a5ef5a8bc8e3f5a032e319?s=96&d=mm&r=g\",\"caption\":\"admin\"},\"sameAs\":[\"https:\\\/\\\/www.organisator.ch\"],\"url\":\"https:\\\/\\\/www.organisator.ch\\\/fr\\\/author\\\/admin\\\/\"}]}<\/script>\n<!-- \/ Yoast SEO plugin. -->","yoast_head_json":{"title":"L'autopartage \u00e0 sens unique sur la voie du succ\u00e8s - Organisateur","description":"Le car sharing sans station fonctionne aussi dans les villes suisses - et il est appr\u00e9ci\u00e9. C'est la conclusion d'un projet pilote men\u00e9 \u00e0 B\u00e2le.","robots":{"index":"index","follow":"follow","max-snippet":"max-snippet:-1","max-image-preview":"max-image-preview:large","max-video-preview":"max-video-preview:-1"},"canonical":"https:\/\/www.organisator.ch\/fr\/general\/2016-04-14\/one-way-carsharing-auf-erfolgskurs\/","og_locale":"fr_FR","og_type":"article","og_title":"One-Way-Carsharing auf Erfolgskurs - Organisator","og_description":"Stationsungebundenes Carsharing funktioniert auch in Schweizer St\u00e4dten - und ist beliebt. Dies ist das Fazit eines Pilotprojekts in Basel.","og_url":"https:\/\/www.organisator.ch\/fr\/general\/2016-04-14\/one-way-carsharing-auf-erfolgskurs\/","og_site_name":"Organisator","article_publisher":"https:\/\/www.facebook.com\/OrganisatorFachmagazin","article_published_time":"2016-04-14T13:48:20+00:00","og_image":[{"width":2560,"height":1705,"url":"https:\/\/www.organisator.ch\/wp-content\/uploads\/2016\/12\/One-Way-Carsharing-auf-Erfolgskurs-umweltperspektiven-scaled.jpg","type":"image\/jpeg"}],"author":"admin","twitter_card":"summary_large_image","schema":{"@context":"https:\/\/schema.org","@graph":[{"@type":"Article","@id":"https:\/\/www.organisator.ch\/it\/generale\/2016-04-14\/one-way-carsharing-auf-erfolgskurs\/#article","isPartOf":{"@id":"https:\/\/www.organisator.ch\/it\/generale\/2016-04-14\/one-way-carsharing-auf-erfolgskurs\/"},"author":{"name":"admin","@id":"https:\/\/www.organisator.ch\/#\/schema\/person\/aa2bace6c5c5aad60102004a50c4eb1c"},"headline":"One-Way-Carsharing auf Erfolgskurs","datePublished":"2016-04-14T13:48:20+00:00","mainEntityOfPage":{"@id":"https:\/\/www.organisator.ch\/it\/generale\/2016-04-14\/one-way-carsharing-auf-erfolgskurs\/"},"wordCount":438,"commentCount":0,"publisher":{"@id":"https:\/\/www.organisator.ch\/#organization"},"image":{"@id":"https:\/\/www.organisator.ch\/it\/generale\/2016-04-14\/one-way-carsharing-auf-erfolgskurs\/#primaryimage"},"thumbnailUrl":"https:\/\/www.organisator.ch\/wp-content\/uploads\/2016\/12\/One-Way-Carsharing-auf-Erfolgskurs-umweltperspektiven-scaled.jpg","keywords":["Carsharing","ETH","Mobility","Pilotprojekt"],"articleSection":["Allgemein"],"inLanguage":"fr-FR"},{"@type":"WebPage","@id":"https:\/\/www.organisator.ch\/it\/generale\/2016-04-14\/one-way-carsharing-auf-erfolgskurs\/","url":"https:\/\/www.organisator.ch\/it\/generale\/2016-04-14\/one-way-carsharing-auf-erfolgskurs\/","name":"L'autopartage \u00e0 sens unique sur la voie du succ\u00e8s - Organisateur","isPartOf":{"@id":"https:\/\/www.organisator.ch\/#website"},"primaryImageOfPage":{"@id":"https:\/\/www.organisator.ch\/it\/generale\/2016-04-14\/one-way-carsharing-auf-erfolgskurs\/#primaryimage"},"image":{"@id":"https:\/\/www.organisator.ch\/it\/generale\/2016-04-14\/one-way-carsharing-auf-erfolgskurs\/#primaryimage"},"thumbnailUrl":"https:\/\/www.organisator.ch\/wp-content\/uploads\/2016\/12\/One-Way-Carsharing-auf-Erfolgskurs-umweltperspektiven-scaled.jpg","datePublished":"2016-04-14T13:48:20+00:00","description":"Le car sharing sans station fonctionne aussi dans les villes suisses - et il est appr\u00e9ci\u00e9. C'est la conclusion d'un projet pilote men\u00e9 \u00e0 B\u00e2le.","breadcrumb":{"@id":"https:\/\/www.organisator.ch\/it\/generale\/2016-04-14\/one-way-carsharing-auf-erfolgskurs\/#breadcrumb"},"inLanguage":"fr-FR","potentialAction":[{"@type":"ReadAction","target":["https:\/\/www.organisator.ch\/it\/generale\/2016-04-14\/one-way-carsharing-auf-erfolgskurs\/"]}]},{"@type":"ImageObject","inLanguage":"fr-FR","@id":"https:\/\/www.organisator.ch\/it\/generale\/2016-04-14\/one-way-carsharing-auf-erfolgskurs\/#primaryimage","url":"https:\/\/www.organisator.ch\/wp-content\/uploads\/2016\/12\/One-Way-Carsharing-auf-Erfolgskurs-umweltperspektiven-scaled.jpg","contentUrl":"https:\/\/www.organisator.ch\/wp-content\/uploads\/2016\/12\/One-Way-Carsharing-auf-Erfolgskurs-umweltperspektiven-scaled.jpg","width":2560,"height":1705,"caption":"Das Auto an den Flughafen fahren - und einfach stehen lassen: Standortunabh\u00e4ngiges Carsharing macht's m\u00f6glich."},{"@type":"BreadcrumbList","@id":"https:\/\/www.organisator.ch\/it\/generale\/2016-04-14\/one-way-carsharing-auf-erfolgskurs\/#breadcrumb","itemListElement":[{"@type":"ListItem","position":1,"name":"Home","item":"https:\/\/www.organisator.ch\/"},{"@type":"ListItem","position":2,"name":"One-Way-Carsharing auf Erfolgskurs"}]},{"@type":"WebSite","@id":"https:\/\/www.organisator.ch\/#website","url":"https:\/\/www.organisator.ch\/","name":"Organisateur","description":"Comp\u00e9tence et comp\u00e9tence. Proches de la pratique. L'ORGANISATEUR pr\u00e9pare 10 num\u00e9ros par an sur les th\u00e8mes essentiels pour les dirigeants de PME.","publisher":{"@id":"https:\/\/www.organisator.ch\/#organization"},"potentialAction":[{"@type":"SearchAction","target":{"@type":"EntryPoint","urlTemplate":"https:\/\/www.organisator.ch\/?s={search_term_string}"},"query-input":{"@type":"PropertyValueSpecification","valueRequired":true,"valueName":"search_term_string"}}],"inLanguage":"fr-FR"},{"@type":"Organization","@id":"https:\/\/www.organisator.ch\/#organization","name":"Organisateur","url":"https:\/\/www.organisator.ch\/","logo":{"@type":"ImageObject","inLanguage":"fr-FR","@id":"https:\/\/www.organisator.ch\/#\/schema\/logo\/image\/","url":"https:\/\/www.organisator.ch\/wp-content\/uploads\/2022\/01\/Logo_Organisator_Website.png","contentUrl":"https:\/\/www.organisator.ch\/wp-content\/uploads\/2022\/01\/Logo_Organisator_Website.png","width":800,"height":77,"caption":"Organisator"},"image":{"@id":"https:\/\/www.organisator.ch\/#\/schema\/logo\/image\/"},"sameAs":["https:\/\/www.facebook.com\/OrganisatorFachmagazin","https:\/\/www.linkedin.com\/showcase\/organisator-das-magazin-fr-kmu","https:\/\/www.xing.com\/news\/pages\/organisator-ch-695","https:\/\/www.youtube.com\/channel\/UCGP2Sq0iWaZwT3BdIAQFYpw"]},{"@type":"Person","@id":"https:\/\/www.organisator.ch\/#\/schema\/person\/aa2bace6c5c5aad60102004a50c4eb1c","name":"admin","image":{"@type":"ImageObject","inLanguage":"fr-FR","@id":"https:\/\/secure.gravatar.com\/avatar\/ae2f4d718e6c49043e314ce431e7e645d646302a24a5ef5a8bc8e3f5a032e319?s=96&d=mm&r=g","url":"https:\/\/secure.gravatar.com\/avatar\/ae2f4d718e6c49043e314ce431e7e645d646302a24a5ef5a8bc8e3f5a032e319?s=96&d=mm&r=g","contentUrl":"https:\/\/secure.gravatar.com\/avatar\/ae2f4d718e6c49043e314ce431e7e645d646302a24a5ef5a8bc8e3f5a032e319?s=96&d=mm&r=g","caption":"admin"},"sameAs":["https:\/\/www.organisator.ch"],"url":"https:\/\/www.organisator.ch\/fr\/author\/admin\/"}]}},"_links":{"self":[{"href":"https:\/\/www.organisator.ch\/fr\/wp-json\/wp\/v2\/posts\/9935","targetHints":{"allow":["GET"]}}],"collection":[{"href":"https:\/\/www.organisator.ch\/fr\/wp-json\/wp\/v2\/posts"}],"about":[{"href":"https:\/\/www.organisator.ch\/fr\/wp-json\/wp\/v2\/types\/post"}],"author":[{"embeddable":true,"href":"https:\/\/www.organisator.ch\/fr\/wp-json\/wp\/v2\/users\/1"}],"replies":[{"embeddable":true,"href":"https:\/\/www.organisator.ch\/fr\/wp-json\/wp\/v2\/comments?post=9935"}],"version-history":[{"count":0,"href":"https:\/\/www.organisator.ch\/fr\/wp-json\/wp\/v2\/posts\/9935\/revisions"}],"wp:featuredmedia":[{"embeddable":true,"href":"https:\/\/www.organisator.ch\/fr\/wp-json\/wp\/v2\/media\/9369"}],"wp:attachment":[{"href":"https:\/\/www.organisator.ch\/fr\/wp-json\/wp\/v2\/media?parent=9935"}],"wp:term":[{"taxonomy":"category","embeddable":true,"href":"https:\/\/www.organisator.ch\/fr\/wp-json\/wp\/v2\/categories?post=9935"},{"taxonomy":"post_tag","embeddable":true,"href":"https:\/\/www.organisator.ch\/fr\/wp-json\/wp\/v2\/tags?post=9935"}],"curies":[{"name":"wp","href":"https:\/\/api.w.org\/{rel}","templated":true}]}}