{"id":9937,"date":"2016-04-20T15:51:32","date_gmt":"2016-04-20T13:51:32","guid":{"rendered":"https:\/\/dev.umweltperspektiven.ch\/?p=325"},"modified":"2016-04-20T15:51:32","modified_gmt":"2016-04-20T13:51:32","slug":"fokussierte-koordination-im-cleantech-bereich","status":"publish","type":"post","link":"https:\/\/www.organisator.ch\/fr\/allgemein\/2016-04-20\/fokussierte-koordination-im-cleantech-bereich\/","title":{"rendered":"Coordination cibl\u00e9e dans le domaine des cleantech"},"content":{"rendered":"<figure id=\"attachment_326\" aria-describedby=\"caption-attachment-326\" style=\"width: 680px\" class=\"wp-caption alignnone\"><a href=\"\/\/dev.umweltperspektiven.ch\/wp-content\/uploads\/2016\/12\/Fokussierte-Koordination-im-Cleantech-Bereich-umweltperspektiven.jpg\"><img loading=\"lazy\" decoding=\"async\" class=\"size-medium wp-image-326\" src=\"\/\/dev.umweltperspektiven.ch\/wp-content\/uploads\/2016\/12\/Fokussierte-Koordination-im-Cleantech-Bereich-umweltperspektiven.jpg\" alt=\"La Strat\u00e9gie Cleantech mise en place jusqu&#039;\u00e0 pr\u00e9sent a fait ses preuves et a d\u00e9clench\u00e9 de nombreuses activit\u00e9s au niveau du secteur public et de l&#039;\u00e9conomie priv\u00e9e.\" width=\"680\" height=\"454\" \/><\/a><figcaption id=\"caption-attachment-326\" class=\"wp-caption-text\">La Strat\u00e9gie Cleantech mise en place jusqu'\u00e0 pr\u00e9sent a fait ses preuves et a d\u00e9clench\u00e9 de nombreuses activit\u00e9s au niveau du secteur public et de l'\u00e9conomie priv\u00e9e.<\/figcaption><\/figure>\n<p>Les cleantech sont un march\u00e9 d'avenir en pleine croissance dans le monde entier, sur lequel de nombreuses entreprises suisses parviennent de plus en plus \u00e0 se positionner avec succ\u00e8s. La Strat\u00e9gie en mati\u00e8re d'efficacit\u00e9 des ressources adopt\u00e9e par le Conseil f\u00e9d\u00e9ral en 2011 y a largement contribu\u00e9. Avec son Masterplan Cleantech, la Conf\u00e9d\u00e9ration a d\u00e9fini son r\u00f4le d'ouvreur de portes afin de rassembler les forces et de cr\u00e9er des synergies entre les acteurs de la science, de l'\u00e9conomie, de l'administration et de la politique. Le rapport de mise en \u0153uvre, dont le Conseil f\u00e9d\u00e9ral a pris connaissance en mai 2015, montre que cet objectif a \u00e9t\u00e9 atteint.<\/p>\n<p>Apr\u00e8s une nouvelle analyse de la situation, le Conseil f\u00e9d\u00e9ral a d\u00e9cid\u00e9 aujourd'hui de ne plus poursuivre le Masterplan en tant que strat\u00e9gie autonome, mais de poursuivre les mesures d\u00e9j\u00e0 en cours dans le cadre d'autres strat\u00e9gies existantes (notamment le rapport sur l'\u00e9conomie verte et la strat\u00e9gie pour le d\u00e9veloppement durable). L'Office f\u00e9d\u00e9ral de l'\u00e9nergie reste le premier point de contact pour les demandes dans le domaine des cleantech et assume la fonction de coordination au sein de l'administration f\u00e9d\u00e9rale.<\/p>\n<p>En mai 2015, le Conseil f\u00e9d\u00e9ral a pris connaissance du rapport de mise en \u0153uvre du Masterplan Cleantech et a charg\u00e9 le D\u00e9partement f\u00e9d\u00e9ral de l'environnement, des transports, de l'\u00e9nergie et de la communication (DETEC) et le D\u00e9partement f\u00e9d\u00e9ral de l'\u00e9conomie, de la formation et de la recherche (DEFR) de lui soumettre une proposition pour la suite de la proc\u00e9dure. A cet effet, les services f\u00e9d\u00e9raux concern\u00e9s ont proc\u00e9d\u00e9 \u00e0 une analyse compl\u00e8te de la situation en collaboration avec la Conf\u00e9rence des chefs des d\u00e9partements cantonaux de l'\u00e9conomie publique (CDEP).<\/p>\n<p><strong>Une strat\u00e9gie qui a fait ses preuves<\/strong><\/p>\n<p>L'analyse montre que la Strat\u00e9gie Cleantech men\u00e9e jusqu'\u00e0 pr\u00e9sent a fait ses preuves et a d\u00e9clench\u00e9 de nombreuses activit\u00e9s au niveau du secteur public et priv\u00e9. La plupart des mesures d\u00e9finies en 2011 ont \u00e9t\u00e9 mises en \u0153uvre avec succ\u00e8s. Un principe important pour les travaux futurs a \u00e9t\u00e9 r\u00e9affirm\u00e9 : la Conf\u00e9d\u00e9ration doit en premier lieu veiller \u00e0 ce que les conditions-cadres soient bonnes.<\/p>\n<p>Dans ce contexte, le Conseil f\u00e9d\u00e9ral arrive \u00e0 la conclusion qu'une poursuite autonome du Masterplan Cleantech ne s'impose plus. Les mesures encore en cours peuvent \u00eatre abord\u00e9es dans le cadre d'autres strat\u00e9gies existantes.<\/p>\n<p>Le Conseil f\u00e9d\u00e9ral continue d'attacher de l'importance \u00e0 une proc\u00e9dure coordonn\u00e9e dans le domaine des cleantech et a confi\u00e9 aujourd'hui \u00e0 cet effet le r\u00f4le de coordination au DETEC (Office f\u00e9d\u00e9ral de l'\u00e9nergie). Il se fera \u00e0 nouveau informer au plus tard fin 2019 de l'\u00e9tat actuel des travaux par une vue d'ensemble et d\u00e9cidera alors de la marche \u00e0 suivre.<\/p>\n<p>(BR)<\/p>","protected":false},"excerpt":{"rendered":"<p>Cleantech ist ein weltweit wachsender Zukunftsmarkt, auf dem sich viele Schweizer Firmen zunehmend erfolgreich positionieren k\u00f6nnen. Die vom Bundesrat 2011 verabschiedete Strategie f\u00fcr Ressourceneffizienz hat massgeblich dazu beigetragen. Mit seinem Masterplan Cleantech hat der Bund seine Rolle als T\u00fcr\u00f6ffner definiert, um Kr\u00e4fte zu b\u00fcndeln und Synergien zwischen den Akteuren aus Wissenschaft, Wirtschaft, Verwaltung und Politik [&hellip;]<\/p>\n","protected":false},"author":1,"featured_media":9371,"comment_status":"open","ping_status":"open","sticky":false,"template":"","format":"standard","meta":{"_acf_changed":false,"_yoast_wpseo_focuskw":"Cleantech","_yoast_wpseo_metadesc":"Der Bundesrat will den Masterplan Cleantech nicht l\u00e4nger als eigene Strategie f\u00fchren, sondern die Massnahmen im Rahmen anderer Strategien weiterf\u00fchren.","articlekey":"","footnotes":""},"categories":[1],"tags":[100,919,1668,458],"class_list":["post-9937","post","type-post","status-publish","format-standard","has-post-thumbnail","hentry","category-allgemein","tag-bundesrat","tag-cleantech","tag-masterplan","tag-strategie"],"acf":[],"yoast_head":"<!-- This site is optimized with the Yoast SEO plugin v27.4 - https:\/\/yoast.com\/product\/yoast-seo-wordpress\/ -->\n<title>Fokussierte Koordination im Cleantech-Bereich - Organisator<\/title>\n<meta name=\"description\" content=\"Der Bundesrat will den Masterplan Cleantech nicht l\u00e4nger als eigene Strategie f\u00fchren, sondern die Massnahmen im Rahmen anderer Strategien weiterf\u00fchren.\" \/>\n<meta name=\"robots\" content=\"index, follow, max-snippet:-1, max-image-preview:large, max-video-preview:-1\" \/>\n<link rel=\"canonical\" href=\"https:\/\/www.organisator.ch\/fr\/general\/2016-04-20\/fokussierte-koordination-im-cleantech-bereich\/\" \/>\n<meta property=\"og:locale\" content=\"fr_FR\" \/>\n<meta property=\"og:type\" content=\"article\" \/>\n<meta property=\"og:title\" content=\"Fokussierte Koordination im Cleantech-Bereich - Organisator\" \/>\n<meta property=\"og:description\" content=\"Der Bundesrat will den Masterplan Cleantech nicht l\u00e4nger als eigene Strategie f\u00fchren, sondern die Massnahmen im Rahmen anderer Strategien weiterf\u00fchren.\" \/>\n<meta property=\"og:url\" content=\"https:\/\/www.organisator.ch\/fr\/general\/2016-04-20\/fokussierte-koordination-im-cleantech-bereich\/\" \/>\n<meta property=\"og:site_name\" content=\"Organisator\" \/>\n<meta property=\"article:publisher\" content=\"https:\/\/www.facebook.com\/OrganisatorFachmagazin\" \/>\n<meta property=\"article:published_time\" content=\"2016-04-20T13:51:32+00:00\" \/>\n<meta property=\"og:image\" content=\"https:\/\/www.organisator.ch\/wp-content\/uploads\/2016\/12\/Fokussierte-Koordination-im-Cleantech-Bereich-umweltperspektiven.jpg\" \/>\n\t<meta property=\"og:image:width\" content=\"1000\" \/>\n\t<meta property=\"og:image:height\" content=\"667\" \/>\n\t<meta property=\"og:image:type\" content=\"image\/jpeg\" \/>\n<meta name=\"author\" content=\"admin\" \/>\n<meta name=\"twitter:card\" content=\"summary_large_image\" \/>\n<script type=\"application\/ld+json\" class=\"yoast-schema-graph\">{\"@context\":\"https:\\\/\\\/schema.org\",\"@graph\":[{\"@type\":\"Article\",\"@id\":\"https:\\\/\\\/www.organisator.ch\\\/en\\\/general\\\/2016-04-20\\\/fokussierte-koordination-im-cleantech-bereich\\\/#article\",\"isPartOf\":{\"@id\":\"https:\\\/\\\/www.organisator.ch\\\/en\\\/general\\\/2016-04-20\\\/fokussierte-koordination-im-cleantech-bereich\\\/\"},\"author\":{\"name\":\"admin\",\"@id\":\"https:\\\/\\\/www.organisator.ch\\\/#\\\/schema\\\/person\\\/aa2bace6c5c5aad60102004a50c4eb1c\"},\"headline\":\"Fokussierte Koordination im Cleantech-Bereich\",\"datePublished\":\"2016-04-20T13:51:32+00:00\",\"mainEntityOfPage\":{\"@id\":\"https:\\\/\\\/www.organisator.ch\\\/en\\\/general\\\/2016-04-20\\\/fokussierte-koordination-im-cleantech-bereich\\\/\"},\"wordCount\":381,\"commentCount\":0,\"publisher\":{\"@id\":\"https:\\\/\\\/www.organisator.ch\\\/#organization\"},\"image\":{\"@id\":\"https:\\\/\\\/www.organisator.ch\\\/en\\\/general\\\/2016-04-20\\\/fokussierte-koordination-im-cleantech-bereich\\\/#primaryimage\"},\"thumbnailUrl\":\"https:\\\/\\\/www.organisator.ch\\\/wp-content\\\/uploads\\\/2016\\\/12\\\/Fokussierte-Koordination-im-Cleantech-Bereich-umweltperspektiven.jpg\",\"keywords\":[\"Bundesrat\",\"Cleantech\",\"Masterplan\",\"Strategie\"],\"articleSection\":[\"Allgemein\"],\"inLanguage\":\"fr-FR\"},{\"@type\":\"WebPage\",\"@id\":\"https:\\\/\\\/www.organisator.ch\\\/en\\\/general\\\/2016-04-20\\\/fokussierte-koordination-im-cleantech-bereich\\\/\",\"url\":\"https:\\\/\\\/www.organisator.ch\\\/en\\\/general\\\/2016-04-20\\\/fokussierte-koordination-im-cleantech-bereich\\\/\",\"name\":\"Fokussierte Koordination im Cleantech-Bereich - Organisator\",\"isPartOf\":{\"@id\":\"https:\\\/\\\/www.organisator.ch\\\/#website\"},\"primaryImageOfPage\":{\"@id\":\"https:\\\/\\\/www.organisator.ch\\\/en\\\/general\\\/2016-04-20\\\/fokussierte-koordination-im-cleantech-bereich\\\/#primaryimage\"},\"image\":{\"@id\":\"https:\\\/\\\/www.organisator.ch\\\/en\\\/general\\\/2016-04-20\\\/fokussierte-koordination-im-cleantech-bereich\\\/#primaryimage\"},\"thumbnailUrl\":\"https:\\\/\\\/www.organisator.ch\\\/wp-content\\\/uploads\\\/2016\\\/12\\\/Fokussierte-Koordination-im-Cleantech-Bereich-umweltperspektiven.jpg\",\"datePublished\":\"2016-04-20T13:51:32+00:00\",\"description\":\"Der Bundesrat will den Masterplan Cleantech nicht l\u00e4nger als eigene Strategie f\u00fchren, sondern die Massnahmen im Rahmen anderer Strategien weiterf\u00fchren.\",\"breadcrumb\":{\"@id\":\"https:\\\/\\\/www.organisator.ch\\\/en\\\/general\\\/2016-04-20\\\/fokussierte-koordination-im-cleantech-bereich\\\/#breadcrumb\"},\"inLanguage\":\"fr-FR\",\"potentialAction\":[{\"@type\":\"ReadAction\",\"target\":[\"https:\\\/\\\/www.organisator.ch\\\/en\\\/general\\\/2016-04-20\\\/fokussierte-koordination-im-cleantech-bereich\\\/\"]}]},{\"@type\":\"ImageObject\",\"inLanguage\":\"fr-FR\",\"@id\":\"https:\\\/\\\/www.organisator.ch\\\/en\\\/general\\\/2016-04-20\\\/fokussierte-koordination-im-cleantech-bereich\\\/#primaryimage\",\"url\":\"https:\\\/\\\/www.organisator.ch\\\/wp-content\\\/uploads\\\/2016\\\/12\\\/Fokussierte-Koordination-im-Cleantech-Bereich-umweltperspektiven.jpg\",\"contentUrl\":\"https:\\\/\\\/www.organisator.ch\\\/wp-content\\\/uploads\\\/2016\\\/12\\\/Fokussierte-Koordination-im-Cleantech-Bereich-umweltperspektiven.jpg\",\"width\":1000,\"height\":667,\"caption\":\"Die bisherige Cleantech-Strategie hat sich bew\u00e4hrt und auf \u00f6ffentlicher und privatwirtschaftlicher Ebene zahlreiche Aktivit\u00e4ten ausgel\u00f6st.\"},{\"@type\":\"BreadcrumbList\",\"@id\":\"https:\\\/\\\/www.organisator.ch\\\/en\\\/general\\\/2016-04-20\\\/fokussierte-koordination-im-cleantech-bereich\\\/#breadcrumb\",\"itemListElement\":[{\"@type\":\"ListItem\",\"position\":1,\"name\":\"Home\",\"item\":\"https:\\\/\\\/www.organisator.ch\\\/\"},{\"@type\":\"ListItem\",\"position\":2,\"name\":\"Fokussierte Koordination im Cleantech-Bereich\"}]},{\"@type\":\"WebSite\",\"@id\":\"https:\\\/\\\/www.organisator.ch\\\/#website\",\"url\":\"https:\\\/\\\/www.organisator.ch\\\/\",\"name\":\"Organisator\",\"description\":\"Kompetent. Praxisnah. Der ORGANISATOR bereitet in 10 Ausgaben pro Jahr die wesentlichen Themen f\u00fcr F\u00fchrungskr\u00e4fte von KMU auf.\",\"publisher\":{\"@id\":\"https:\\\/\\\/www.organisator.ch\\\/#organization\"},\"potentialAction\":[{\"@type\":\"SearchAction\",\"target\":{\"@type\":\"EntryPoint\",\"urlTemplate\":\"https:\\\/\\\/www.organisator.ch\\\/?s={search_term_string}\"},\"query-input\":{\"@type\":\"PropertyValueSpecification\",\"valueRequired\":true,\"valueName\":\"search_term_string\"}}],\"inLanguage\":\"fr-FR\"},{\"@type\":\"Organization\",\"@id\":\"https:\\\/\\\/www.organisator.ch\\\/#organization\",\"name\":\"Organisator\",\"url\":\"https:\\\/\\\/www.organisator.ch\\\/\",\"logo\":{\"@type\":\"ImageObject\",\"inLanguage\":\"fr-FR\",\"@id\":\"https:\\\/\\\/www.organisator.ch\\\/#\\\/schema\\\/logo\\\/image\\\/\",\"url\":\"https:\\\/\\\/www.organisator.ch\\\/wp-content\\\/uploads\\\/2022\\\/01\\\/Logo_Organisator_Website.png\",\"contentUrl\":\"https:\\\/\\\/www.organisator.ch\\\/wp-content\\\/uploads\\\/2022\\\/01\\\/Logo_Organisator_Website.png\",\"width\":800,\"height\":77,\"caption\":\"Organisator\"},\"image\":{\"@id\":\"https:\\\/\\\/www.organisator.ch\\\/#\\\/schema\\\/logo\\\/image\\\/\"},\"sameAs\":[\"https:\\\/\\\/www.facebook.com\\\/OrganisatorFachmagazin\",\"https:\\\/\\\/www.linkedin.com\\\/showcase\\\/organisator-das-magazin-fr-kmu\",\"https:\\\/\\\/www.xing.com\\\/news\\\/pages\\\/organisator-ch-695\",\"https:\\\/\\\/www.youtube.com\\\/channel\\\/UCGP2Sq0iWaZwT3BdIAQFYpw\"]},{\"@type\":\"Person\",\"@id\":\"https:\\\/\\\/www.organisator.ch\\\/#\\\/schema\\\/person\\\/aa2bace6c5c5aad60102004a50c4eb1c\",\"name\":\"admin\",\"image\":{\"@type\":\"ImageObject\",\"inLanguage\":\"fr-FR\",\"@id\":\"https:\\\/\\\/secure.gravatar.com\\\/avatar\\\/ae2f4d718e6c49043e314ce431e7e645d646302a24a5ef5a8bc8e3f5a032e319?s=96&d=mm&r=g\",\"url\":\"https:\\\/\\\/secure.gravatar.com\\\/avatar\\\/ae2f4d718e6c49043e314ce431e7e645d646302a24a5ef5a8bc8e3f5a032e319?s=96&d=mm&r=g\",\"contentUrl\":\"https:\\\/\\\/secure.gravatar.com\\\/avatar\\\/ae2f4d718e6c49043e314ce431e7e645d646302a24a5ef5a8bc8e3f5a032e319?s=96&d=mm&r=g\",\"caption\":\"admin\"},\"sameAs\":[\"https:\\\/\\\/www.organisator.ch\"],\"url\":\"https:\\\/\\\/www.organisator.ch\\\/fr\\\/author\\\/admin\\\/\"}]}<\/script>\n<!-- \/ Yoast SEO plugin. -->","yoast_head_json":{"title":"Coordination cibl\u00e9e dans le domaine des cleantech - Organisateur","description":"Le Conseil f\u00e9d\u00e9ral ne veut plus g\u00e9rer le Masterplan Cleantech comme une strat\u00e9gie \u00e0 part enti\u00e8re, mais poursuivre les mesures dans le cadre d'autres strat\u00e9gies.","robots":{"index":"index","follow":"follow","max-snippet":"max-snippet:-1","max-image-preview":"max-image-preview:large","max-video-preview":"max-video-preview:-1"},"canonical":"https:\/\/www.organisator.ch\/fr\/general\/2016-04-20\/fokussierte-koordination-im-cleantech-bereich\/","og_locale":"fr_FR","og_type":"article","og_title":"Fokussierte Koordination im Cleantech-Bereich - Organisator","og_description":"Der Bundesrat will den Masterplan Cleantech nicht l\u00e4nger als eigene Strategie f\u00fchren, sondern die Massnahmen im Rahmen anderer Strategien weiterf\u00fchren.","og_url":"https:\/\/www.organisator.ch\/fr\/general\/2016-04-20\/fokussierte-koordination-im-cleantech-bereich\/","og_site_name":"Organisator","article_publisher":"https:\/\/www.facebook.com\/OrganisatorFachmagazin","article_published_time":"2016-04-20T13:51:32+00:00","og_image":[{"width":1000,"height":667,"url":"https:\/\/www.organisator.ch\/wp-content\/uploads\/2016\/12\/Fokussierte-Koordination-im-Cleantech-Bereich-umweltperspektiven.jpg","type":"image\/jpeg"}],"author":"admin","twitter_card":"summary_large_image","schema":{"@context":"https:\/\/schema.org","@graph":[{"@type":"Article","@id":"https:\/\/www.organisator.ch\/en\/general\/2016-04-20\/fokussierte-koordination-im-cleantech-bereich\/#article","isPartOf":{"@id":"https:\/\/www.organisator.ch\/en\/general\/2016-04-20\/fokussierte-koordination-im-cleantech-bereich\/"},"author":{"name":"admin","@id":"https:\/\/www.organisator.ch\/#\/schema\/person\/aa2bace6c5c5aad60102004a50c4eb1c"},"headline":"Fokussierte Koordination im Cleantech-Bereich","datePublished":"2016-04-20T13:51:32+00:00","mainEntityOfPage":{"@id":"https:\/\/www.organisator.ch\/en\/general\/2016-04-20\/fokussierte-koordination-im-cleantech-bereich\/"},"wordCount":381,"commentCount":0,"publisher":{"@id":"https:\/\/www.organisator.ch\/#organization"},"image":{"@id":"https:\/\/www.organisator.ch\/en\/general\/2016-04-20\/fokussierte-koordination-im-cleantech-bereich\/#primaryimage"},"thumbnailUrl":"https:\/\/www.organisator.ch\/wp-content\/uploads\/2016\/12\/Fokussierte-Koordination-im-Cleantech-Bereich-umweltperspektiven.jpg","keywords":["Bundesrat","Cleantech","Masterplan","Strategie"],"articleSection":["Allgemein"],"inLanguage":"fr-FR"},{"@type":"WebPage","@id":"https:\/\/www.organisator.ch\/en\/general\/2016-04-20\/fokussierte-koordination-im-cleantech-bereich\/","url":"https:\/\/www.organisator.ch\/en\/general\/2016-04-20\/fokussierte-koordination-im-cleantech-bereich\/","name":"Coordination cibl\u00e9e dans le domaine des cleantech - Organisateur","isPartOf":{"@id":"https:\/\/www.organisator.ch\/#website"},"primaryImageOfPage":{"@id":"https:\/\/www.organisator.ch\/en\/general\/2016-04-20\/fokussierte-koordination-im-cleantech-bereich\/#primaryimage"},"image":{"@id":"https:\/\/www.organisator.ch\/en\/general\/2016-04-20\/fokussierte-koordination-im-cleantech-bereich\/#primaryimage"},"thumbnailUrl":"https:\/\/www.organisator.ch\/wp-content\/uploads\/2016\/12\/Fokussierte-Koordination-im-Cleantech-Bereich-umweltperspektiven.jpg","datePublished":"2016-04-20T13:51:32+00:00","description":"Le Conseil f\u00e9d\u00e9ral ne veut plus g\u00e9rer le Masterplan Cleantech comme une strat\u00e9gie \u00e0 part enti\u00e8re, mais poursuivre les mesures dans le cadre d'autres strat\u00e9gies.","breadcrumb":{"@id":"https:\/\/www.organisator.ch\/en\/general\/2016-04-20\/fokussierte-koordination-im-cleantech-bereich\/#breadcrumb"},"inLanguage":"fr-FR","potentialAction":[{"@type":"ReadAction","target":["https:\/\/www.organisator.ch\/en\/general\/2016-04-20\/fokussierte-koordination-im-cleantech-bereich\/"]}]},{"@type":"ImageObject","inLanguage":"fr-FR","@id":"https:\/\/www.organisator.ch\/en\/general\/2016-04-20\/fokussierte-koordination-im-cleantech-bereich\/#primaryimage","url":"https:\/\/www.organisator.ch\/wp-content\/uploads\/2016\/12\/Fokussierte-Koordination-im-Cleantech-Bereich-umweltperspektiven.jpg","contentUrl":"https:\/\/www.organisator.ch\/wp-content\/uploads\/2016\/12\/Fokussierte-Koordination-im-Cleantech-Bereich-umweltperspektiven.jpg","width":1000,"height":667,"caption":"Die bisherige Cleantech-Strategie hat sich bew\u00e4hrt und auf \u00f6ffentlicher und privatwirtschaftlicher Ebene zahlreiche Aktivit\u00e4ten ausgel\u00f6st."},{"@type":"BreadcrumbList","@id":"https:\/\/www.organisator.ch\/en\/general\/2016-04-20\/fokussierte-koordination-im-cleantech-bereich\/#breadcrumb","itemListElement":[{"@type":"ListItem","position":1,"name":"Home","item":"https:\/\/www.organisator.ch\/"},{"@type":"ListItem","position":2,"name":"Fokussierte Koordination im Cleantech-Bereich"}]},{"@type":"WebSite","@id":"https:\/\/www.organisator.ch\/#website","url":"https:\/\/www.organisator.ch\/","name":"Organisateur","description":"Comp\u00e9tence et comp\u00e9tence. Proches de la pratique. L'ORGANISATEUR pr\u00e9pare 10 num\u00e9ros par an sur les th\u00e8mes essentiels pour les dirigeants de PME.","publisher":{"@id":"https:\/\/www.organisator.ch\/#organization"},"potentialAction":[{"@type":"SearchAction","target":{"@type":"EntryPoint","urlTemplate":"https:\/\/www.organisator.ch\/?s={search_term_string}"},"query-input":{"@type":"PropertyValueSpecification","valueRequired":true,"valueName":"search_term_string"}}],"inLanguage":"fr-FR"},{"@type":"Organization","@id":"https:\/\/www.organisator.ch\/#organization","name":"Organisateur","url":"https:\/\/www.organisator.ch\/","logo":{"@type":"ImageObject","inLanguage":"fr-FR","@id":"https:\/\/www.organisator.ch\/#\/schema\/logo\/image\/","url":"https:\/\/www.organisator.ch\/wp-content\/uploads\/2022\/01\/Logo_Organisator_Website.png","contentUrl":"https:\/\/www.organisator.ch\/wp-content\/uploads\/2022\/01\/Logo_Organisator_Website.png","width":800,"height":77,"caption":"Organisator"},"image":{"@id":"https:\/\/www.organisator.ch\/#\/schema\/logo\/image\/"},"sameAs":["https:\/\/www.facebook.com\/OrganisatorFachmagazin","https:\/\/www.linkedin.com\/showcase\/organisator-das-magazin-fr-kmu","https:\/\/www.xing.com\/news\/pages\/organisator-ch-695","https:\/\/www.youtube.com\/channel\/UCGP2Sq0iWaZwT3BdIAQFYpw"]},{"@type":"Person","@id":"https:\/\/www.organisator.ch\/#\/schema\/person\/aa2bace6c5c5aad60102004a50c4eb1c","name":"admin","image":{"@type":"ImageObject","inLanguage":"fr-FR","@id":"https:\/\/secure.gravatar.com\/avatar\/ae2f4d718e6c49043e314ce431e7e645d646302a24a5ef5a8bc8e3f5a032e319?s=96&d=mm&r=g","url":"https:\/\/secure.gravatar.com\/avatar\/ae2f4d718e6c49043e314ce431e7e645d646302a24a5ef5a8bc8e3f5a032e319?s=96&d=mm&r=g","contentUrl":"https:\/\/secure.gravatar.com\/avatar\/ae2f4d718e6c49043e314ce431e7e645d646302a24a5ef5a8bc8e3f5a032e319?s=96&d=mm&r=g","caption":"admin"},"sameAs":["https:\/\/www.organisator.ch"],"url":"https:\/\/www.organisator.ch\/fr\/author\/admin\/"}]}},"_links":{"self":[{"href":"https:\/\/www.organisator.ch\/fr\/wp-json\/wp\/v2\/posts\/9937","targetHints":{"allow":["GET"]}}],"collection":[{"href":"https:\/\/www.organisator.ch\/fr\/wp-json\/wp\/v2\/posts"}],"about":[{"href":"https:\/\/www.organisator.ch\/fr\/wp-json\/wp\/v2\/types\/post"}],"author":[{"embeddable":true,"href":"https:\/\/www.organisator.ch\/fr\/wp-json\/wp\/v2\/users\/1"}],"replies":[{"embeddable":true,"href":"https:\/\/www.organisator.ch\/fr\/wp-json\/wp\/v2\/comments?post=9937"}],"version-history":[{"count":0,"href":"https:\/\/www.organisator.ch\/fr\/wp-json\/wp\/v2\/posts\/9937\/revisions"}],"wp:featuredmedia":[{"embeddable":true,"href":"https:\/\/www.organisator.ch\/fr\/wp-json\/wp\/v2\/media\/9371"}],"wp:attachment":[{"href":"https:\/\/www.organisator.ch\/fr\/wp-json\/wp\/v2\/media?parent=9937"}],"wp:term":[{"taxonomy":"category","embeddable":true,"href":"https:\/\/www.organisator.ch\/fr\/wp-json\/wp\/v2\/categories?post=9937"},{"taxonomy":"post_tag","embeddable":true,"href":"https:\/\/www.organisator.ch\/fr\/wp-json\/wp\/v2\/tags?post=9937"}],"curies":[{"name":"wp","href":"https:\/\/api.w.org\/{rel}","templated":true}]}}