{"id":9938,"date":"2016-04-24T15:52:38","date_gmt":"2016-04-24T13:52:38","guid":{"rendered":"https:\/\/dev.umweltperspektiven.ch\/?p=329"},"modified":"2016-04-24T15:52:38","modified_gmt":"2016-04-24T13:52:38","slug":"hundertausende-ladezyklen-ohne-effizienzverlust","status":"publish","type":"post","link":"https:\/\/www.organisator.ch\/fr\/allgemein\/2016-04-24\/hundertausende-ladezyklen-ohne-effizienzverlust\/","title":{"rendered":"Des centaines de milliers de cycles de charge sans perte d'efficacit\u00e9"},"content":{"rendered":"<figure id=\"attachment_330\" aria-describedby=\"caption-attachment-330\" style=\"width: 680px\" class=\"wp-caption alignnone\"><a href=\"\/\/dev.umweltperspektiven.ch\/wp-content\/uploads\/2016\/12\/Hundertausende-Ladezyklen-ohne-Effizienzverlust-umweltperspektiven.jpg\"><img loading=\"lazy\" decoding=\"async\" class=\"size-medium wp-image-330\" src=\"\/\/dev.umweltperspektiven.ch\/wp-content\/uploads\/2016\/12\/Hundertausende-Ladezyklen-ohne-Effizienzverlust-umweltperspektiven.jpg\" alt=\"La batterie \u00e0 base de nanofils permet des centaines de milliers de cycles de charge. (Image : Steve Zylius\/UCI)\" width=\"680\" height=\"460\" \/><\/a><figcaption id=\"caption-attachment-330\" class=\"wp-caption-text\">La batterie \u00e0 base de nanofils permet des centaines de milliers de cycles de charge. (Image : Steve Zylius\/UCI)<\/figcaption><\/figure>\n<p>Des piles qui n'ont jamais besoin d'\u00eatre remplac\u00e9es, ont d\u00e9couvert des chercheurs de la <a href=\"http:\/\/uci.edu\" target=\"_blank\" data-cke-saved-href=\"\/\/uci.edu\" rel=\"noopener\">Universit\u00e9 de Californie, Irvine<\/a> a \u00e9t\u00e9 con\u00e7ue. Concr\u00e8tement, il s'agit d'une batterie lithium-ion avec des nanofils qui, gr\u00e2ce \u00e0 un rev\u00eatement sp\u00e9cial, peut actuellement supporter environ 200.000 cycles de charge sans perte d'efficacit\u00e9.<\/p>\n<p><strong>Gel de type plexiglas<\/strong><\/p>\n<p>Les nanofils sont extr\u00eamement conducteurs et constituent un bon moyen de transf\u00e9rer et de stocker des \u00e9lectrons. Mais ils sont en m\u00eame temps particuli\u00e8rement filigranes et ne supportent pas tr\u00e8s bien le processus de charge et de d\u00e9charge continuelles. Lors des essais r\u00e9alis\u00e9s jusqu'\u00e0 pr\u00e9sent, les nanofils se dilataient au bout d'un certain temps et devenaient cassants. A l'UCI, les nanofils en or ont \u00e9t\u00e9 pr\u00e9alablement recouverts de dioxyde de mangan\u00e8se, puis int\u00e9gr\u00e9s dans un gel de type plexiglas - avec un grand succ\u00e8s.<\/p>\n<p>\"L'\u00e9lectrode rev\u00eatue conserve beaucoup mieux sa forme, ce qui en fait une solution plus fiable\", se r\u00e9jouit la doctorante Mya Le Thai. \"Ce travail de recherche montre qu'une \u00e9lectrode de batterie bas\u00e9e sur des nanofils peut avoir une longue dur\u00e9e de vie et que nous pouvons faire de telles batteries une r\u00e9alit\u00e9\".<\/p>\n<p><strong>Pas de perte de puissance<\/strong><\/p>\n<p>\"Mya a bricol\u00e9 et elle a recouvert toute cette chose d'une tr\u00e8s fine couche de gel et a commenc\u00e9 \u00e0 charger et \u00e0 d\u00e9charger la batterie\", raconte le co-auteur Reginald Penner. \"Ce faisant, elle a d\u00e9couvert qu'elle pouvait effectuer des centaines de milliers de cycles de charge sans perte de performance, simplement en utilisant ce gel\".<\/p>\n<p>Les derni\u00e8res batteries avec des nanofils \u00e0 l'int\u00e9rieur se sont cass\u00e9es apr\u00e8s seulement 5.000 \u00e0 7.000 cycles de charge. Les chercheurs pensent que le gel rend l'oxyde m\u00e9tallique \u00e0 l'int\u00e9rieur de la batterie souple et mall\u00e9able, assurant ainsi une flexibilit\u00e9 qui emp\u00eache la fragilisation.<\/p>\n<p>(communiqu\u00e9 de presse)<\/p>","protected":false},"excerpt":{"rendered":"<p>Batterien, die nie ausgetauscht werden m\u00fcssen, haben Forscher der University of California, Irvine entworfen. Konkret geht es um eine Lithium-Ionen-Batterie mit Nanodr\u00e4hten, die durch eine spezielle Beschichtung derzeit rund 200.000 Ladezyklen ohne Effizienzverlust durchlebt. Plexiglas-artiges Gel Nanodr\u00e4hte sind extrem leitf\u00e4hig und bieten eine gute M\u00f6glichkeit, um Elektronen zu \u00fcbertragen und zu speichern. Aber sie sind [&hellip;]<\/p>\n","protected":false},"author":1,"featured_media":9372,"comment_status":"open","ping_status":"open","sticky":false,"template":"","format":"standard","meta":{"_acf_changed":false,"_yoast_wpseo_focuskw":"Nanodr\u00e4hten","_yoast_wpseo_metadesc":"Batterien, die nie ausgetauscht werden m\u00fcssen. Mit Hilfe von Nanodr\u00e4hten haben Forscher der University of California einen Prototypen entworfen.","articlekey":"","footnotes":""},"categories":[1],"tags":[687,774,218,1798],"class_list":["post-9938","post","type-post","status-publish","format-standard","has-post-thumbnail","hentry","category-allgemein","tag-akku","tag-batterie","tag-forschung","tag-nanodraht"],"acf":[],"yoast_head":"<!-- This site is optimized with the Yoast SEO plugin v27.4 - https:\/\/yoast.com\/product\/yoast-seo-wordpress\/ -->\n<title>Hundertausende Ladezyklen ohne Effizienzverlust - Organisator<\/title>\n<meta name=\"description\" content=\"Batterien, die nie ausgetauscht werden m\u00fcssen. Mit Hilfe von Nanodr\u00e4hten haben Forscher der University of California einen Prototypen entworfen.\" \/>\n<meta name=\"robots\" content=\"index, follow, max-snippet:-1, max-image-preview:large, max-video-preview:-1\" \/>\n<link rel=\"canonical\" href=\"https:\/\/www.organisator.ch\/fr\/general\/2016-04-24\/hundertausende-ladezyklen-ohne-effizienzverlust\/\" \/>\n<meta property=\"og:locale\" content=\"fr_FR\" \/>\n<meta property=\"og:type\" content=\"article\" \/>\n<meta property=\"og:title\" content=\"Hundertausende Ladezyklen ohne Effizienzverlust - Organisator\" \/>\n<meta property=\"og:description\" content=\"Batterien, die nie ausgetauscht werden m\u00fcssen. Mit Hilfe von Nanodr\u00e4hten haben Forscher der University of California einen Prototypen entworfen.\" \/>\n<meta property=\"og:url\" content=\"https:\/\/www.organisator.ch\/fr\/general\/2016-04-24\/hundertausende-ladezyklen-ohne-effizienzverlust\/\" \/>\n<meta property=\"og:site_name\" content=\"Organisator\" \/>\n<meta property=\"article:publisher\" content=\"https:\/\/www.facebook.com\/OrganisatorFachmagazin\" \/>\n<meta property=\"article:published_time\" content=\"2016-04-24T13:52:38+00:00\" \/>\n<meta property=\"og:image\" content=\"https:\/\/www.organisator.ch\/wp-content\/uploads\/2016\/12\/Hundertausende-Ladezyklen-ohne-Effizienzverlust-umweltperspektiven.jpg\" \/>\n\t<meta property=\"og:image:width\" content=\"1500\" \/>\n\t<meta property=\"og:image:height\" content=\"1014\" \/>\n\t<meta property=\"og:image:type\" content=\"image\/jpeg\" \/>\n<meta name=\"author\" content=\"admin\" \/>\n<meta name=\"twitter:card\" content=\"summary_large_image\" \/>\n<script type=\"application\/ld+json\" class=\"yoast-schema-graph\">{\"@context\":\"https:\\\/\\\/schema.org\",\"@graph\":[{\"@type\":\"Article\",\"@id\":\"https:\\\/\\\/www.organisator.ch\\\/en\\\/general\\\/2016-04-24\\\/hundertausende-ladezyklen-ohne-effizienzverlust\\\/#article\",\"isPartOf\":{\"@id\":\"https:\\\/\\\/www.organisator.ch\\\/en\\\/general\\\/2016-04-24\\\/hundertausende-ladezyklen-ohne-effizienzverlust\\\/\"},\"author\":{\"name\":\"admin\",\"@id\":\"https:\\\/\\\/www.organisator.ch\\\/#\\\/schema\\\/person\\\/aa2bace6c5c5aad60102004a50c4eb1c\"},\"headline\":\"Hundertausende Ladezyklen ohne Effizienzverlust\",\"datePublished\":\"2016-04-24T13:52:38+00:00\",\"mainEntityOfPage\":{\"@id\":\"https:\\\/\\\/www.organisator.ch\\\/en\\\/general\\\/2016-04-24\\\/hundertausende-ladezyklen-ohne-effizienzverlust\\\/\"},\"wordCount\":282,\"commentCount\":0,\"publisher\":{\"@id\":\"https:\\\/\\\/www.organisator.ch\\\/#organization\"},\"image\":{\"@id\":\"https:\\\/\\\/www.organisator.ch\\\/en\\\/general\\\/2016-04-24\\\/hundertausende-ladezyklen-ohne-effizienzverlust\\\/#primaryimage\"},\"thumbnailUrl\":\"https:\\\/\\\/www.organisator.ch\\\/wp-content\\\/uploads\\\/2016\\\/12\\\/Hundertausende-Ladezyklen-ohne-Effizienzverlust-umweltperspektiven.jpg\",\"keywords\":[\"Akku\",\"Batterie\",\"Forschung\",\"Nanodraht\"],\"articleSection\":[\"Allgemein\"],\"inLanguage\":\"fr-FR\"},{\"@type\":\"WebPage\",\"@id\":\"https:\\\/\\\/www.organisator.ch\\\/en\\\/general\\\/2016-04-24\\\/hundertausende-ladezyklen-ohne-effizienzverlust\\\/\",\"url\":\"https:\\\/\\\/www.organisator.ch\\\/en\\\/general\\\/2016-04-24\\\/hundertausende-ladezyklen-ohne-effizienzverlust\\\/\",\"name\":\"Hundertausende Ladezyklen ohne Effizienzverlust - Organisator\",\"isPartOf\":{\"@id\":\"https:\\\/\\\/www.organisator.ch\\\/#website\"},\"primaryImageOfPage\":{\"@id\":\"https:\\\/\\\/www.organisator.ch\\\/en\\\/general\\\/2016-04-24\\\/hundertausende-ladezyklen-ohne-effizienzverlust\\\/#primaryimage\"},\"image\":{\"@id\":\"https:\\\/\\\/www.organisator.ch\\\/en\\\/general\\\/2016-04-24\\\/hundertausende-ladezyklen-ohne-effizienzverlust\\\/#primaryimage\"},\"thumbnailUrl\":\"https:\\\/\\\/www.organisator.ch\\\/wp-content\\\/uploads\\\/2016\\\/12\\\/Hundertausende-Ladezyklen-ohne-Effizienzverlust-umweltperspektiven.jpg\",\"datePublished\":\"2016-04-24T13:52:38+00:00\",\"description\":\"Batterien, die nie ausgetauscht werden m\u00fcssen. Mit Hilfe von Nanodr\u00e4hten haben Forscher der University of California einen Prototypen entworfen.\",\"breadcrumb\":{\"@id\":\"https:\\\/\\\/www.organisator.ch\\\/en\\\/general\\\/2016-04-24\\\/hundertausende-ladezyklen-ohne-effizienzverlust\\\/#breadcrumb\"},\"inLanguage\":\"fr-FR\",\"potentialAction\":[{\"@type\":\"ReadAction\",\"target\":[\"https:\\\/\\\/www.organisator.ch\\\/en\\\/general\\\/2016-04-24\\\/hundertausende-ladezyklen-ohne-effizienzverlust\\\/\"]}]},{\"@type\":\"ImageObject\",\"inLanguage\":\"fr-FR\",\"@id\":\"https:\\\/\\\/www.organisator.ch\\\/en\\\/general\\\/2016-04-24\\\/hundertausende-ladezyklen-ohne-effizienzverlust\\\/#primaryimage\",\"url\":\"https:\\\/\\\/www.organisator.ch\\\/wp-content\\\/uploads\\\/2016\\\/12\\\/Hundertausende-Ladezyklen-ohne-Effizienzverlust-umweltperspektiven.jpg\",\"contentUrl\":\"https:\\\/\\\/www.organisator.ch\\\/wp-content\\\/uploads\\\/2016\\\/12\\\/Hundertausende-Ladezyklen-ohne-Effizienzverlust-umweltperspektiven.jpg\",\"width\":1500,\"height\":1014,\"caption\":\"Die auf Nanodr\u00e4hten basierende Batterie erm\u00f6glicht hundertausende Ladezyklen. (Bild: Steve Zylius\\\/UCI)\"},{\"@type\":\"BreadcrumbList\",\"@id\":\"https:\\\/\\\/www.organisator.ch\\\/en\\\/general\\\/2016-04-24\\\/hundertausende-ladezyklen-ohne-effizienzverlust\\\/#breadcrumb\",\"itemListElement\":[{\"@type\":\"ListItem\",\"position\":1,\"name\":\"Home\",\"item\":\"https:\\\/\\\/www.organisator.ch\\\/\"},{\"@type\":\"ListItem\",\"position\":2,\"name\":\"Hundertausende Ladezyklen ohne Effizienzverlust\"}]},{\"@type\":\"WebSite\",\"@id\":\"https:\\\/\\\/www.organisator.ch\\\/#website\",\"url\":\"https:\\\/\\\/www.organisator.ch\\\/\",\"name\":\"Organisator\",\"description\":\"Kompetent. Praxisnah. Der ORGANISATOR bereitet in 10 Ausgaben pro Jahr die wesentlichen Themen f\u00fcr F\u00fchrungskr\u00e4fte von KMU auf.\",\"publisher\":{\"@id\":\"https:\\\/\\\/www.organisator.ch\\\/#organization\"},\"potentialAction\":[{\"@type\":\"SearchAction\",\"target\":{\"@type\":\"EntryPoint\",\"urlTemplate\":\"https:\\\/\\\/www.organisator.ch\\\/?s={search_term_string}\"},\"query-input\":{\"@type\":\"PropertyValueSpecification\",\"valueRequired\":true,\"valueName\":\"search_term_string\"}}],\"inLanguage\":\"fr-FR\"},{\"@type\":\"Organization\",\"@id\":\"https:\\\/\\\/www.organisator.ch\\\/#organization\",\"name\":\"Organisator\",\"url\":\"https:\\\/\\\/www.organisator.ch\\\/\",\"logo\":{\"@type\":\"ImageObject\",\"inLanguage\":\"fr-FR\",\"@id\":\"https:\\\/\\\/www.organisator.ch\\\/#\\\/schema\\\/logo\\\/image\\\/\",\"url\":\"https:\\\/\\\/www.organisator.ch\\\/wp-content\\\/uploads\\\/2022\\\/01\\\/Logo_Organisator_Website.png\",\"contentUrl\":\"https:\\\/\\\/www.organisator.ch\\\/wp-content\\\/uploads\\\/2022\\\/01\\\/Logo_Organisator_Website.png\",\"width\":800,\"height\":77,\"caption\":\"Organisator\"},\"image\":{\"@id\":\"https:\\\/\\\/www.organisator.ch\\\/#\\\/schema\\\/logo\\\/image\\\/\"},\"sameAs\":[\"https:\\\/\\\/www.facebook.com\\\/OrganisatorFachmagazin\",\"https:\\\/\\\/www.linkedin.com\\\/showcase\\\/organisator-das-magazin-fr-kmu\",\"https:\\\/\\\/www.xing.com\\\/news\\\/pages\\\/organisator-ch-695\",\"https:\\\/\\\/www.youtube.com\\\/channel\\\/UCGP2Sq0iWaZwT3BdIAQFYpw\"]},{\"@type\":\"Person\",\"@id\":\"https:\\\/\\\/www.organisator.ch\\\/#\\\/schema\\\/person\\\/aa2bace6c5c5aad60102004a50c4eb1c\",\"name\":\"admin\",\"image\":{\"@type\":\"ImageObject\",\"inLanguage\":\"fr-FR\",\"@id\":\"https:\\\/\\\/secure.gravatar.com\\\/avatar\\\/ae2f4d718e6c49043e314ce431e7e645d646302a24a5ef5a8bc8e3f5a032e319?s=96&d=mm&r=g\",\"url\":\"https:\\\/\\\/secure.gravatar.com\\\/avatar\\\/ae2f4d718e6c49043e314ce431e7e645d646302a24a5ef5a8bc8e3f5a032e319?s=96&d=mm&r=g\",\"contentUrl\":\"https:\\\/\\\/secure.gravatar.com\\\/avatar\\\/ae2f4d718e6c49043e314ce431e7e645d646302a24a5ef5a8bc8e3f5a032e319?s=96&d=mm&r=g\",\"caption\":\"admin\"},\"sameAs\":[\"https:\\\/\\\/www.organisator.ch\"],\"url\":\"https:\\\/\\\/www.organisator.ch\\\/fr\\\/author\\\/admin\\\/\"}]}<\/script>\n<!-- \/ Yoast SEO plugin. -->","yoast_head_json":{"title":"Des centaines de milliers de cycles de charge sans perte d'efficacit\u00e9 - Organisateur","description":"Des batteries qui ne doivent jamais \u00eatre remplac\u00e9es. Des chercheurs de l'Universit\u00e9 de Californie ont con\u00e7u un prototype \u00e0 l'aide de nanofils.","robots":{"index":"index","follow":"follow","max-snippet":"max-snippet:-1","max-image-preview":"max-image-preview:large","max-video-preview":"max-video-preview:-1"},"canonical":"https:\/\/www.organisator.ch\/fr\/general\/2016-04-24\/hundertausende-ladezyklen-ohne-effizienzverlust\/","og_locale":"fr_FR","og_type":"article","og_title":"Hundertausende Ladezyklen ohne Effizienzverlust - Organisator","og_description":"Batterien, die nie ausgetauscht werden m\u00fcssen. Mit Hilfe von Nanodr\u00e4hten haben Forscher der University of California einen Prototypen entworfen.","og_url":"https:\/\/www.organisator.ch\/fr\/general\/2016-04-24\/hundertausende-ladezyklen-ohne-effizienzverlust\/","og_site_name":"Organisator","article_publisher":"https:\/\/www.facebook.com\/OrganisatorFachmagazin","article_published_time":"2016-04-24T13:52:38+00:00","og_image":[{"width":1500,"height":1014,"url":"https:\/\/www.organisator.ch\/wp-content\/uploads\/2016\/12\/Hundertausende-Ladezyklen-ohne-Effizienzverlust-umweltperspektiven.jpg","type":"image\/jpeg"}],"author":"admin","twitter_card":"summary_large_image","schema":{"@context":"https:\/\/schema.org","@graph":[{"@type":"Article","@id":"https:\/\/www.organisator.ch\/en\/general\/2016-04-24\/hundertausende-ladezyklen-ohne-effizienzverlust\/#article","isPartOf":{"@id":"https:\/\/www.organisator.ch\/en\/general\/2016-04-24\/hundertausende-ladezyklen-ohne-effizienzverlust\/"},"author":{"name":"admin","@id":"https:\/\/www.organisator.ch\/#\/schema\/person\/aa2bace6c5c5aad60102004a50c4eb1c"},"headline":"Hundertausende Ladezyklen ohne Effizienzverlust","datePublished":"2016-04-24T13:52:38+00:00","mainEntityOfPage":{"@id":"https:\/\/www.organisator.ch\/en\/general\/2016-04-24\/hundertausende-ladezyklen-ohne-effizienzverlust\/"},"wordCount":282,"commentCount":0,"publisher":{"@id":"https:\/\/www.organisator.ch\/#organization"},"image":{"@id":"https:\/\/www.organisator.ch\/en\/general\/2016-04-24\/hundertausende-ladezyklen-ohne-effizienzverlust\/#primaryimage"},"thumbnailUrl":"https:\/\/www.organisator.ch\/wp-content\/uploads\/2016\/12\/Hundertausende-Ladezyklen-ohne-Effizienzverlust-umweltperspektiven.jpg","keywords":["Akku","Batterie","Forschung","Nanodraht"],"articleSection":["Allgemein"],"inLanguage":"fr-FR"},{"@type":"WebPage","@id":"https:\/\/www.organisator.ch\/en\/general\/2016-04-24\/hundertausende-ladezyklen-ohne-effizienzverlust\/","url":"https:\/\/www.organisator.ch\/en\/general\/2016-04-24\/hundertausende-ladezyklen-ohne-effizienzverlust\/","name":"Des centaines de milliers de cycles de charge sans perte d'efficacit\u00e9 - Organisateur","isPartOf":{"@id":"https:\/\/www.organisator.ch\/#website"},"primaryImageOfPage":{"@id":"https:\/\/www.organisator.ch\/en\/general\/2016-04-24\/hundertausende-ladezyklen-ohne-effizienzverlust\/#primaryimage"},"image":{"@id":"https:\/\/www.organisator.ch\/en\/general\/2016-04-24\/hundertausende-ladezyklen-ohne-effizienzverlust\/#primaryimage"},"thumbnailUrl":"https:\/\/www.organisator.ch\/wp-content\/uploads\/2016\/12\/Hundertausende-Ladezyklen-ohne-Effizienzverlust-umweltperspektiven.jpg","datePublished":"2016-04-24T13:52:38+00:00","description":"Des batteries qui ne doivent jamais \u00eatre remplac\u00e9es. Des chercheurs de l'Universit\u00e9 de Californie ont con\u00e7u un prototype \u00e0 l'aide de nanofils.","breadcrumb":{"@id":"https:\/\/www.organisator.ch\/en\/general\/2016-04-24\/hundertausende-ladezyklen-ohne-effizienzverlust\/#breadcrumb"},"inLanguage":"fr-FR","potentialAction":[{"@type":"ReadAction","target":["https:\/\/www.organisator.ch\/en\/general\/2016-04-24\/hundertausende-ladezyklen-ohne-effizienzverlust\/"]}]},{"@type":"ImageObject","inLanguage":"fr-FR","@id":"https:\/\/www.organisator.ch\/en\/general\/2016-04-24\/hundertausende-ladezyklen-ohne-effizienzverlust\/#primaryimage","url":"https:\/\/www.organisator.ch\/wp-content\/uploads\/2016\/12\/Hundertausende-Ladezyklen-ohne-Effizienzverlust-umweltperspektiven.jpg","contentUrl":"https:\/\/www.organisator.ch\/wp-content\/uploads\/2016\/12\/Hundertausende-Ladezyklen-ohne-Effizienzverlust-umweltperspektiven.jpg","width":1500,"height":1014,"caption":"Die auf Nanodr\u00e4hten basierende Batterie erm\u00f6glicht hundertausende Ladezyklen. (Bild: Steve Zylius\/UCI)"},{"@type":"BreadcrumbList","@id":"https:\/\/www.organisator.ch\/en\/general\/2016-04-24\/hundertausende-ladezyklen-ohne-effizienzverlust\/#breadcrumb","itemListElement":[{"@type":"ListItem","position":1,"name":"Home","item":"https:\/\/www.organisator.ch\/"},{"@type":"ListItem","position":2,"name":"Hundertausende Ladezyklen ohne Effizienzverlust"}]},{"@type":"WebSite","@id":"https:\/\/www.organisator.ch\/#website","url":"https:\/\/www.organisator.ch\/","name":"Organisateur","description":"Comp\u00e9tence et comp\u00e9tence. Proches de la pratique. L'ORGANISATEUR pr\u00e9pare 10 num\u00e9ros par an sur les th\u00e8mes essentiels pour les dirigeants de PME.","publisher":{"@id":"https:\/\/www.organisator.ch\/#organization"},"potentialAction":[{"@type":"SearchAction","target":{"@type":"EntryPoint","urlTemplate":"https:\/\/www.organisator.ch\/?s={search_term_string}"},"query-input":{"@type":"PropertyValueSpecification","valueRequired":true,"valueName":"search_term_string"}}],"inLanguage":"fr-FR"},{"@type":"Organization","@id":"https:\/\/www.organisator.ch\/#organization","name":"Organisateur","url":"https:\/\/www.organisator.ch\/","logo":{"@type":"ImageObject","inLanguage":"fr-FR","@id":"https:\/\/www.organisator.ch\/#\/schema\/logo\/image\/","url":"https:\/\/www.organisator.ch\/wp-content\/uploads\/2022\/01\/Logo_Organisator_Website.png","contentUrl":"https:\/\/www.organisator.ch\/wp-content\/uploads\/2022\/01\/Logo_Organisator_Website.png","width":800,"height":77,"caption":"Organisator"},"image":{"@id":"https:\/\/www.organisator.ch\/#\/schema\/logo\/image\/"},"sameAs":["https:\/\/www.facebook.com\/OrganisatorFachmagazin","https:\/\/www.linkedin.com\/showcase\/organisator-das-magazin-fr-kmu","https:\/\/www.xing.com\/news\/pages\/organisator-ch-695","https:\/\/www.youtube.com\/channel\/UCGP2Sq0iWaZwT3BdIAQFYpw"]},{"@type":"Person","@id":"https:\/\/www.organisator.ch\/#\/schema\/person\/aa2bace6c5c5aad60102004a50c4eb1c","name":"admin","image":{"@type":"ImageObject","inLanguage":"fr-FR","@id":"https:\/\/secure.gravatar.com\/avatar\/ae2f4d718e6c49043e314ce431e7e645d646302a24a5ef5a8bc8e3f5a032e319?s=96&d=mm&r=g","url":"https:\/\/secure.gravatar.com\/avatar\/ae2f4d718e6c49043e314ce431e7e645d646302a24a5ef5a8bc8e3f5a032e319?s=96&d=mm&r=g","contentUrl":"https:\/\/secure.gravatar.com\/avatar\/ae2f4d718e6c49043e314ce431e7e645d646302a24a5ef5a8bc8e3f5a032e319?s=96&d=mm&r=g","caption":"admin"},"sameAs":["https:\/\/www.organisator.ch"],"url":"https:\/\/www.organisator.ch\/fr\/author\/admin\/"}]}},"_links":{"self":[{"href":"https:\/\/www.organisator.ch\/fr\/wp-json\/wp\/v2\/posts\/9938","targetHints":{"allow":["GET"]}}],"collection":[{"href":"https:\/\/www.organisator.ch\/fr\/wp-json\/wp\/v2\/posts"}],"about":[{"href":"https:\/\/www.organisator.ch\/fr\/wp-json\/wp\/v2\/types\/post"}],"author":[{"embeddable":true,"href":"https:\/\/www.organisator.ch\/fr\/wp-json\/wp\/v2\/users\/1"}],"replies":[{"embeddable":true,"href":"https:\/\/www.organisator.ch\/fr\/wp-json\/wp\/v2\/comments?post=9938"}],"version-history":[{"count":0,"href":"https:\/\/www.organisator.ch\/fr\/wp-json\/wp\/v2\/posts\/9938\/revisions"}],"wp:featuredmedia":[{"embeddable":true,"href":"https:\/\/www.organisator.ch\/fr\/wp-json\/wp\/v2\/media\/9372"}],"wp:attachment":[{"href":"https:\/\/www.organisator.ch\/fr\/wp-json\/wp\/v2\/media?parent=9938"}],"wp:term":[{"taxonomy":"category","embeddable":true,"href":"https:\/\/www.organisator.ch\/fr\/wp-json\/wp\/v2\/categories?post=9938"},{"taxonomy":"post_tag","embeddable":true,"href":"https:\/\/www.organisator.ch\/fr\/wp-json\/wp\/v2\/tags?post=9938"}],"curies":[{"name":"wp","href":"https:\/\/api.w.org\/{rel}","templated":true}]}}