{"id":9947,"date":"2016-06-27T16:21:19","date_gmt":"2016-06-27T14:21:19","guid":{"rendered":"https:\/\/dev.umweltperspektiven.ch\/?p=379"},"modified":"2016-06-27T16:21:19","modified_gmt":"2016-06-27T14:21:19","slug":"letzter-binding-waldpreis-verliehen","status":"publish","type":"post","link":"https:\/\/www.organisator.ch\/fr\/allgemein\/2016-06-27\/letzter-binding-waldpreis-verliehen\/","title":{"rendered":"Le dernier Prix Binding pour la for\u00eat a \u00e9t\u00e9 d\u00e9cern\u00e9"},"content":{"rendered":"<figure id=\"attachment_380\" aria-describedby=\"caption-attachment-380\" style=\"width: 680px\" class=\"wp-caption alignnone\"><a href=\"\/\/dev.umweltperspektiven.ch\/wp-content\/uploads\/2016\/12\/Letzter-Binding-Waldpreis-verliehen-umweltperspektiven.jpg\"><img loading=\"lazy\" decoding=\"async\" class=\"size-medium wp-image-380\" src=\"\/\/dev.umweltperspektiven.ch\/wp-content\/uploads\/2016\/12\/Letzter-Binding-Waldpreis-verliehen-umweltperspektiven.jpg\" alt=\"La for\u00eat excellente : une exploitation mod\u00e9r\u00e9e du bois permet d&#039;obtenir une for\u00eat riche en structures et en biodiversit\u00e9. (Photo : Walter Ackermann)\" width=\"680\" height=\"455\" srcset=\"https:\/\/www.organisator.ch\/wp-content\/uploads\/2016\/12\/Letzter-Binding-Waldpreis-verliehen-umweltperspektiven.jpg 1654w, https:\/\/www.organisator.ch\/wp-content\/uploads\/2016\/12\/Letzter-Binding-Waldpreis-verliehen-umweltperspektiven-680x455.jpg 680w, https:\/\/www.organisator.ch\/wp-content\/uploads\/2016\/12\/Letzter-Binding-Waldpreis-verliehen-umweltperspektiven-1024x685.jpg 1024w, https:\/\/www.organisator.ch\/wp-content\/uploads\/2016\/12\/Letzter-Binding-Waldpreis-verliehen-umweltperspektiven-768x514.jpg 768w, https:\/\/www.organisator.ch\/wp-content\/uploads\/2016\/12\/Letzter-Binding-Waldpreis-verliehen-umweltperspektiven-1536x1027.jpg 1536w, https:\/\/www.organisator.ch\/wp-content\/uploads\/2016\/12\/Letzter-Binding-Waldpreis-verliehen-umweltperspektiven-18x12.jpg 18w, https:\/\/www.organisator.ch\/wp-content\/uploads\/2016\/12\/Letzter-Binding-Waldpreis-verliehen-umweltperspektiven-262x175.jpg 262w, https:\/\/www.organisator.ch\/wp-content\/uploads\/2016\/12\/Letzter-Binding-Waldpreis-verliehen-umweltperspektiven-523x350.jpg 523w, https:\/\/www.organisator.ch\/wp-content\/uploads\/2016\/12\/Letzter-Binding-Waldpreis-verliehen-umweltperspektiven-1196x800.jpg 1196w, https:\/\/www.organisator.ch\/wp-content\/uploads\/2016\/12\/Letzter-Binding-Waldpreis-verliehen-umweltperspektiven-920x615.jpg 920w, https:\/\/www.organisator.ch\/wp-content\/uploads\/2016\/12\/Letzter-Binding-Waldpreis-verliehen-umweltperspektiven-1400x936.jpg 1400w, https:\/\/www.organisator.ch\/wp-content\/uploads\/2016\/12\/Letzter-Binding-Waldpreis-verliehen-umweltperspektiven-300x201.jpg 300w\" sizes=\"auto, (max-width: 680px) 100vw, 680px\" \/><\/a><figcaption id=\"caption-attachment-380\" class=\"wp-caption-text\">La for\u00eat excellente : une exploitation mod\u00e9r\u00e9e du bois permet d'obtenir une for\u00eat riche en structures et en biodiversit\u00e9. (Photo : Walter Ackermann)<\/figcaption><\/figure>\n<p>Le site <a href=\"http:\/\/www.binding-stiftung.ch\/de\/waldpreis\/index.php\" target=\"_blank\" data-cke-saved-href=\"\/\/www.binding-stiftung.ch\/de\/waldpreis\/index.php\" rel=\"noopener\">Prix Binding pour la for\u00eat<\/a> a toujours \u00e9t\u00e9 organis\u00e9 sur un th\u00e8me annuel sp\u00e9cifique. Cette ann\u00e9e, le th\u00e8me \u00e9tait \"Moins, c'est plus - la suffisance comme cl\u00e9 du succ\u00e8s\". La commune bourgeoise de Basadingen-Schlattingen, r\u00e9compens\u00e9e aujourd'hui, pratique une sylviculture suffisante par conviction et avec beaucoup de succ\u00e8s. Renoncer en faveur des g\u00e9n\u00e9rations futures est depuis longtemps un programme chez le laur\u00e9at, a d\u00e9clar\u00e9 le pr\u00e9sident du curatorium Georg Schoop lors de la c\u00e9r\u00e9monie du 23 juin 2016. La laur\u00e9ate mise sur l'entretien individuel des arbres et n'abat les vieux arbres que lorsqu'ils sont arriv\u00e9s au bout de leur force vitale. Cette m\u00e9thode est \u00e9cologiquement pr\u00e9cieuse et permet d'obtenir des arbres de grande valeur avec peu de moyens.<\/p>\n<p><strong>\"Moins, c'est plus\" - une approche porteuse d'avenir pour d'autres secteurs \u00e9galement<\/strong><br \/>\nL'orateur principal, le professeur Mathias Binswanger, a plac\u00e9 le principe \"moins, c'est plus\" dans un contexte plus large de l'\u00e9conomie et de la recherche sur le bonheur. \"Il existe diff\u00e9rents indices empiriques montrant que davantage de suffisance ne favorise pas seulement un d\u00e9veloppement durable, mais contribue \u00e9galement \u00e0 une vie plus heureuse ou plus satisfaisante pour de nombreuses personnes\", a constat\u00e9 Binswanger. Comme notre \u00e9conomie mon\u00e9taire actuelle est fondamentalement ax\u00e9e sur la croissance et que, sans croissance, elle rencontre des probl\u00e8mes, la suffisance devient rapidement un facteur perturbateur pour la poursuite du d\u00e9veloppement \u00e9conomique, a-t-il poursuivi. Cette contradiction entre la dynamique de croissance inh\u00e9rente \u00e0 l'\u00e9conomie actuelle et la suffisance constitue un d\u00e9fi central pour l'avenir.<\/p>\n<p><strong>Le Prix Binding pour la for\u00eat a fait son effet<\/strong><br \/>\nAvec le dernier th\u00e8me annuel \"Moins, c'est plus - la suffisance, cl\u00e9 du succ\u00e8s\", la Fondation Sophie et Karl Binding met un point final \u00e0 30 ans d'existence. Durant cette p\u00e9riode, elle a r\u00e9compens\u00e9 30 propri\u00e9taires forestiers qui g\u00e8rent leurs for\u00eats de mani\u00e8re exemplaire dans le sens de la durabilit\u00e9 \u00e9cologique, sociale et \u00e9conomique. Le Prix Binding pour la for\u00eat a r\u00e9ussi \u00e0 montrer, \u00e0 l'aide d'exemples concrets et exemplaires, comment des strat\u00e9gies de gestion foresti\u00e8re orient\u00e9es sur le long terme peuvent \u00eatre mises en \u0153uvre avec succ\u00e8s. Les laur\u00e9ats du prix<br \/>\nont r\u00e9ussi \u00e0 d\u00e9velopper le potentiel \u00e9cologique de leurs for\u00eats, \u00e0 couvrir les besoins de la soci\u00e9t\u00e9 et \u00e0 fournir des prestations \u00e9conomiques sup\u00e9rieures \u00e0 la moyenne. La biodiversit\u00e9 dans la for\u00eat suisse a aujourd'hui atteint un niveau \u00e9lev\u00e9 par rapport \u00e0 d'autres types d'habitats. Le Prix Binding pour la for\u00eat a donn\u00e9 des impulsions et encourag\u00e9 les propri\u00e9taires forestiers et leurs entreprises foresti\u00e8res \u00e0 mettre en \u0153uvre des id\u00e9es innovantes.<\/p>\n<p>Au cours des 30 derni\u00e8res ann\u00e9es, la Fondation Binding a investi environ 10 millions de francs dans l'organisation et la mise en \u0153uvre du Prix Binding pour la for\u00eat. Elle a ainsi soutenu de nombreux nouveaux projets porteurs d'avenir et contribu\u00e9 \u00e0 leur r\u00e9alisation. Les exemples positifs des laur\u00e9ats du Prix Binding pour la for\u00eat ont eu un effet encourageant. L'inqui\u00e9tude et la paralysie qui r\u00e9gnaient dans les ann\u00e9es 1980 autour du th\u00e8me du \"d\u00e9p\u00e9rissement des for\u00eats\" et qui ont motiv\u00e9 la cr\u00e9ation du Prix Binding pour la for\u00eat ont fait place \u00e0 une gestion foresti\u00e8re innovante et diversifi\u00e9e, capable de relever les d\u00e9fis actuels.<\/p>\n<p><strong>La fondation reste active dans le domaine de l'environnement<\/strong><br \/>\nApr\u00e8s 30 ans d'existence du Prix Binding pour la for\u00eat, le conseil de la fondation a d\u00e9cid\u00e9 que l'argent utilis\u00e9 jusqu'\u00e0 pr\u00e9sent pour le Prix Binding pour la for\u00eat serait d\u00e9sormais utilis\u00e9 pour d'autres projets dans le cadre des objectifs de la fondation. L'engagement pour le domaine de l'environnement et le th\u00e8me du programme \"Protection du paysage\" reste d'actualit\u00e9 au sein de la fondation. Le ou les projets qui remplaceront le Prix de la for\u00eat ne sont pas encore d\u00e9finis \u00e0 l'heure actuelle.<\/p>","protected":false},"excerpt":{"rendered":"<p>Der Binding Waldpreis wurde jeweils zu einem spezifischen Jahresthema ausgeschrieben. Dieses Jahr stand\u00a0\u00abWeniger ist mehr \u2013 Suffizienz als Schl\u00fcssel zum Erfolg\u00bb im Fokus. Die heute ausgezeichnete B\u00fcrgergemeinde\u00a0Basadingen-Schlattingen betreibt suffiziente Waldpflege aus \u00dcberzeugung und sehr erfolgreich. Verzicht zu\u00a0Gunsten kommender Generationen sei bei dem Preistr\u00e4ger seit langem Programm, sagte Kuratoriumspr\u00e4sident\u00a0Georg Schoop am Festakt zum 23.Juni 2016. Die [&hellip;]<\/p>\n","protected":false},"author":1,"featured_media":380,"comment_status":"open","ping_status":"open","sticky":false,"template":"","format":"standard","meta":{"_acf_changed":false,"_yoast_wpseo_focuskw":"Waldpreis","_yoast_wpseo_metadesc":"Der Binding Waldpreis wurde in diesem Jahr zum 30. und letzten Mal verliehen. Er geht an die B\u00fcrgergemeinde Basadingen-Schlattigen TG.","articlekey":"","footnotes":""},"categories":[1],"tags":[817,1943,2372,2499],"class_list":["post-9947","post","type-post","status-publish","format-standard","has-post-thumbnail","hentry","category-allgemein","tag-binding-waldpreis","tag-preis","tag-umweltpreis","tag-wald"],"acf":[],"yoast_head":"<!-- This site is optimized with the Yoast SEO plugin v27.4 - https:\/\/yoast.com\/product\/yoast-seo-wordpress\/ -->\n<title>Letzter Binding Waldpreis verliehen - Organisator<\/title>\n<meta name=\"description\" content=\"Der Binding Waldpreis wurde in diesem Jahr zum 30. und letzten Mal verliehen. Er geht an die B\u00fcrgergemeinde Basadingen-Schlattigen TG.\" \/>\n<meta name=\"robots\" content=\"index, follow, max-snippet:-1, max-image-preview:large, max-video-preview:-1\" \/>\n<link rel=\"canonical\" href=\"https:\/\/www.organisator.ch\/fr\/general\/2016-06-27\/letzter-binding-waldpreis-verliehen\/\" \/>\n<meta property=\"og:locale\" content=\"fr_FR\" \/>\n<meta property=\"og:type\" content=\"article\" \/>\n<meta property=\"og:title\" content=\"Letzter Binding Waldpreis verliehen - Organisator\" \/>\n<meta property=\"og:description\" content=\"Der Binding Waldpreis wurde in diesem Jahr zum 30. und letzten Mal verliehen. Er geht an die B\u00fcrgergemeinde Basadingen-Schlattigen TG.\" \/>\n<meta property=\"og:url\" content=\"https:\/\/www.organisator.ch\/fr\/general\/2016-06-27\/letzter-binding-waldpreis-verliehen\/\" \/>\n<meta property=\"og:site_name\" content=\"Organisator\" \/>\n<meta property=\"article:publisher\" content=\"https:\/\/www.facebook.com\/OrganisatorFachmagazin\" \/>\n<meta property=\"article:published_time\" content=\"2016-06-27T14:21:19+00:00\" \/>\n<meta property=\"og:image\" content=\"https:\/\/www.organisator.ch\/wp-content\/uploads\/2016\/12\/Letzter-Binding-Waldpreis-verliehen-umweltperspektiven.jpg\" \/>\n\t<meta property=\"og:image:width\" content=\"1654\" \/>\n\t<meta property=\"og:image:height\" content=\"1106\" \/>\n\t<meta property=\"og:image:type\" content=\"image\/jpeg\" \/>\n<meta name=\"author\" content=\"admin\" \/>\n<meta name=\"twitter:card\" content=\"summary_large_image\" \/>\n<script type=\"application\/ld+json\" class=\"yoast-schema-graph\">{\"@context\":\"https:\\\/\\\/schema.org\",\"@graph\":[{\"@type\":\"Article\",\"@id\":\"https:\\\/\\\/www.organisator.ch\\\/de\\\/allgemein\\\/2016-06-27\\\/letzter-binding-waldpreis-verliehen\\\/#article\",\"isPartOf\":{\"@id\":\"https:\\\/\\\/www.organisator.ch\\\/de\\\/allgemein\\\/2016-06-27\\\/letzter-binding-waldpreis-verliehen\\\/\"},\"author\":{\"name\":\"admin\",\"@id\":\"https:\\\/\\\/www.organisator.ch\\\/#\\\/schema\\\/person\\\/aa2bace6c5c5aad60102004a50c4eb1c\"},\"headline\":\"Letzter Binding Waldpreis verliehen\",\"datePublished\":\"2016-06-27T14:21:19+00:00\",\"mainEntityOfPage\":{\"@id\":\"https:\\\/\\\/www.organisator.ch\\\/de\\\/allgemein\\\/2016-06-27\\\/letzter-binding-waldpreis-verliehen\\\/\"},\"wordCount\":520,\"commentCount\":0,\"publisher\":{\"@id\":\"https:\\\/\\\/www.organisator.ch\\\/#organization\"},\"image\":{\"@id\":\"https:\\\/\\\/www.organisator.ch\\\/de\\\/allgemein\\\/2016-06-27\\\/letzter-binding-waldpreis-verliehen\\\/#primaryimage\"},\"thumbnailUrl\":\"https:\\\/\\\/www.organisator.ch\\\/wp-content\\\/uploads\\\/2016\\\/12\\\/Letzter-Binding-Waldpreis-verliehen-umweltperspektiven.jpg\",\"keywords\":[\"Binding Waldpreis\",\"Preis\",\"Umweltpreis\",\"Wald\"],\"articleSection\":[\"Allgemein\"],\"inLanguage\":\"fr-FR\"},{\"@type\":\"WebPage\",\"@id\":\"https:\\\/\\\/www.organisator.ch\\\/de\\\/allgemein\\\/2016-06-27\\\/letzter-binding-waldpreis-verliehen\\\/\",\"url\":\"https:\\\/\\\/www.organisator.ch\\\/de\\\/allgemein\\\/2016-06-27\\\/letzter-binding-waldpreis-verliehen\\\/\",\"name\":\"Letzter Binding Waldpreis verliehen - Organisator\",\"isPartOf\":{\"@id\":\"https:\\\/\\\/www.organisator.ch\\\/#website\"},\"primaryImageOfPage\":{\"@id\":\"https:\\\/\\\/www.organisator.ch\\\/de\\\/allgemein\\\/2016-06-27\\\/letzter-binding-waldpreis-verliehen\\\/#primaryimage\"},\"image\":{\"@id\":\"https:\\\/\\\/www.organisator.ch\\\/de\\\/allgemein\\\/2016-06-27\\\/letzter-binding-waldpreis-verliehen\\\/#primaryimage\"},\"thumbnailUrl\":\"https:\\\/\\\/www.organisator.ch\\\/wp-content\\\/uploads\\\/2016\\\/12\\\/Letzter-Binding-Waldpreis-verliehen-umweltperspektiven.jpg\",\"datePublished\":\"2016-06-27T14:21:19+00:00\",\"description\":\"Der Binding Waldpreis wurde in diesem Jahr zum 30. und letzten Mal verliehen. Er geht an die B\u00fcrgergemeinde Basadingen-Schlattigen TG.\",\"breadcrumb\":{\"@id\":\"https:\\\/\\\/www.organisator.ch\\\/de\\\/allgemein\\\/2016-06-27\\\/letzter-binding-waldpreis-verliehen\\\/#breadcrumb\"},\"inLanguage\":\"fr-FR\",\"potentialAction\":[{\"@type\":\"ReadAction\",\"target\":[\"https:\\\/\\\/www.organisator.ch\\\/de\\\/allgemein\\\/2016-06-27\\\/letzter-binding-waldpreis-verliehen\\\/\"]}]},{\"@type\":\"ImageObject\",\"inLanguage\":\"fr-FR\",\"@id\":\"https:\\\/\\\/www.organisator.ch\\\/de\\\/allgemein\\\/2016-06-27\\\/letzter-binding-waldpreis-verliehen\\\/#primaryimage\",\"url\":\"https:\\\/\\\/www.organisator.ch\\\/wp-content\\\/uploads\\\/2016\\\/12\\\/Letzter-Binding-Waldpreis-verliehen-umweltperspektiven.jpg\",\"contentUrl\":\"https:\\\/\\\/www.organisator.ch\\\/wp-content\\\/uploads\\\/2016\\\/12\\\/Letzter-Binding-Waldpreis-verliehen-umweltperspektiven.jpg\",\"width\":1654,\"height\":1106,\"caption\":\"Der ausgezeichnete Wald: Mit massvoller Holznutzung wird ein strukturreicher Wald mit hoher Artenvielfalt erreicht. (Bild: Walter Ackermann)\"},{\"@type\":\"BreadcrumbList\",\"@id\":\"https:\\\/\\\/www.organisator.ch\\\/de\\\/allgemein\\\/2016-06-27\\\/letzter-binding-waldpreis-verliehen\\\/#breadcrumb\",\"itemListElement\":[{\"@type\":\"ListItem\",\"position\":1,\"name\":\"Home\",\"item\":\"https:\\\/\\\/www.organisator.ch\\\/\"},{\"@type\":\"ListItem\",\"position\":2,\"name\":\"Letzter Binding Waldpreis verliehen\"}]},{\"@type\":\"WebSite\",\"@id\":\"https:\\\/\\\/www.organisator.ch\\\/#website\",\"url\":\"https:\\\/\\\/www.organisator.ch\\\/\",\"name\":\"Organisator\",\"description\":\"Kompetent. Praxisnah. Der ORGANISATOR bereitet in 10 Ausgaben pro Jahr die wesentlichen Themen f\u00fcr F\u00fchrungskr\u00e4fte von KMU auf.\",\"publisher\":{\"@id\":\"https:\\\/\\\/www.organisator.ch\\\/#organization\"},\"potentialAction\":[{\"@type\":\"SearchAction\",\"target\":{\"@type\":\"EntryPoint\",\"urlTemplate\":\"https:\\\/\\\/www.organisator.ch\\\/?s={search_term_string}\"},\"query-input\":{\"@type\":\"PropertyValueSpecification\",\"valueRequired\":true,\"valueName\":\"search_term_string\"}}],\"inLanguage\":\"fr-FR\"},{\"@type\":\"Organization\",\"@id\":\"https:\\\/\\\/www.organisator.ch\\\/#organization\",\"name\":\"Organisator\",\"url\":\"https:\\\/\\\/www.organisator.ch\\\/\",\"logo\":{\"@type\":\"ImageObject\",\"inLanguage\":\"fr-FR\",\"@id\":\"https:\\\/\\\/www.organisator.ch\\\/#\\\/schema\\\/logo\\\/image\\\/\",\"url\":\"https:\\\/\\\/www.organisator.ch\\\/wp-content\\\/uploads\\\/2022\\\/01\\\/Logo_Organisator_Website.png\",\"contentUrl\":\"https:\\\/\\\/www.organisator.ch\\\/wp-content\\\/uploads\\\/2022\\\/01\\\/Logo_Organisator_Website.png\",\"width\":800,\"height\":77,\"caption\":\"Organisator\"},\"image\":{\"@id\":\"https:\\\/\\\/www.organisator.ch\\\/#\\\/schema\\\/logo\\\/image\\\/\"},\"sameAs\":[\"https:\\\/\\\/www.facebook.com\\\/OrganisatorFachmagazin\",\"https:\\\/\\\/www.linkedin.com\\\/showcase\\\/organisator-das-magazin-fr-kmu\",\"https:\\\/\\\/www.xing.com\\\/news\\\/pages\\\/organisator-ch-695\",\"https:\\\/\\\/www.youtube.com\\\/channel\\\/UCGP2Sq0iWaZwT3BdIAQFYpw\"]},{\"@type\":\"Person\",\"@id\":\"https:\\\/\\\/www.organisator.ch\\\/#\\\/schema\\\/person\\\/aa2bace6c5c5aad60102004a50c4eb1c\",\"name\":\"admin\",\"image\":{\"@type\":\"ImageObject\",\"inLanguage\":\"fr-FR\",\"@id\":\"https:\\\/\\\/secure.gravatar.com\\\/avatar\\\/ae2f4d718e6c49043e314ce431e7e645d646302a24a5ef5a8bc8e3f5a032e319?s=96&d=mm&r=g\",\"url\":\"https:\\\/\\\/secure.gravatar.com\\\/avatar\\\/ae2f4d718e6c49043e314ce431e7e645d646302a24a5ef5a8bc8e3f5a032e319?s=96&d=mm&r=g\",\"contentUrl\":\"https:\\\/\\\/secure.gravatar.com\\\/avatar\\\/ae2f4d718e6c49043e314ce431e7e645d646302a24a5ef5a8bc8e3f5a032e319?s=96&d=mm&r=g\",\"caption\":\"admin\"},\"sameAs\":[\"https:\\\/\\\/www.organisator.ch\"],\"url\":\"https:\\\/\\\/www.organisator.ch\\\/fr\\\/author\\\/admin\\\/\"}]}<\/script>\n<!-- \/ Yoast SEO plugin. -->","yoast_head_json":{"title":"Dernier Prix Binding pour la for\u00eat d\u00e9cern\u00e9 - Organisateur","description":"Le Prix Binding pour la for\u00eat a \u00e9t\u00e9 d\u00e9cern\u00e9 cette ann\u00e9e pour la 30e et derni\u00e8re fois. Il a \u00e9t\u00e9 attribu\u00e9 \u00e0 la commune bourgeoise de Basadingen-Schlattigen TG.","robots":{"index":"index","follow":"follow","max-snippet":"max-snippet:-1","max-image-preview":"max-image-preview:large","max-video-preview":"max-video-preview:-1"},"canonical":"https:\/\/www.organisator.ch\/fr\/general\/2016-06-27\/letzter-binding-waldpreis-verliehen\/","og_locale":"fr_FR","og_type":"article","og_title":"Letzter Binding Waldpreis verliehen - Organisator","og_description":"Der Binding Waldpreis wurde in diesem Jahr zum 30. und letzten Mal verliehen. Er geht an die B\u00fcrgergemeinde Basadingen-Schlattigen TG.","og_url":"https:\/\/www.organisator.ch\/fr\/general\/2016-06-27\/letzter-binding-waldpreis-verliehen\/","og_site_name":"Organisator","article_publisher":"https:\/\/www.facebook.com\/OrganisatorFachmagazin","article_published_time":"2016-06-27T14:21:19+00:00","og_image":[{"width":1654,"height":1106,"url":"https:\/\/www.organisator.ch\/wp-content\/uploads\/2016\/12\/Letzter-Binding-Waldpreis-verliehen-umweltperspektiven.jpg","type":"image\/jpeg"}],"author":"admin","twitter_card":"summary_large_image","schema":{"@context":"https:\/\/schema.org","@graph":[{"@type":"Article","@id":"https:\/\/www.organisator.ch\/de\/allgemein\/2016-06-27\/letzter-binding-waldpreis-verliehen\/#article","isPartOf":{"@id":"https:\/\/www.organisator.ch\/de\/allgemein\/2016-06-27\/letzter-binding-waldpreis-verliehen\/"},"author":{"name":"admin","@id":"https:\/\/www.organisator.ch\/#\/schema\/person\/aa2bace6c5c5aad60102004a50c4eb1c"},"headline":"Letzter Binding Waldpreis verliehen","datePublished":"2016-06-27T14:21:19+00:00","mainEntityOfPage":{"@id":"https:\/\/www.organisator.ch\/de\/allgemein\/2016-06-27\/letzter-binding-waldpreis-verliehen\/"},"wordCount":520,"commentCount":0,"publisher":{"@id":"https:\/\/www.organisator.ch\/#organization"},"image":{"@id":"https:\/\/www.organisator.ch\/de\/allgemein\/2016-06-27\/letzter-binding-waldpreis-verliehen\/#primaryimage"},"thumbnailUrl":"https:\/\/www.organisator.ch\/wp-content\/uploads\/2016\/12\/Letzter-Binding-Waldpreis-verliehen-umweltperspektiven.jpg","keywords":["Binding Waldpreis","Preis","Umweltpreis","Wald"],"articleSection":["Allgemein"],"inLanguage":"fr-FR"},{"@type":"WebPage","@id":"https:\/\/www.organisator.ch\/de\/allgemein\/2016-06-27\/letzter-binding-waldpreis-verliehen\/","url":"https:\/\/www.organisator.ch\/de\/allgemein\/2016-06-27\/letzter-binding-waldpreis-verliehen\/","name":"Dernier Prix Binding pour la for\u00eat d\u00e9cern\u00e9 - Organisateur","isPartOf":{"@id":"https:\/\/www.organisator.ch\/#website"},"primaryImageOfPage":{"@id":"https:\/\/www.organisator.ch\/de\/allgemein\/2016-06-27\/letzter-binding-waldpreis-verliehen\/#primaryimage"},"image":{"@id":"https:\/\/www.organisator.ch\/de\/allgemein\/2016-06-27\/letzter-binding-waldpreis-verliehen\/#primaryimage"},"thumbnailUrl":"https:\/\/www.organisator.ch\/wp-content\/uploads\/2016\/12\/Letzter-Binding-Waldpreis-verliehen-umweltperspektiven.jpg","datePublished":"2016-06-27T14:21:19+00:00","description":"Le Prix Binding pour la for\u00eat a \u00e9t\u00e9 d\u00e9cern\u00e9 cette ann\u00e9e pour la 30e et derni\u00e8re fois. Il a \u00e9t\u00e9 attribu\u00e9 \u00e0 la commune bourgeoise de Basadingen-Schlattigen TG.","breadcrumb":{"@id":"https:\/\/www.organisator.ch\/de\/allgemein\/2016-06-27\/letzter-binding-waldpreis-verliehen\/#breadcrumb"},"inLanguage":"fr-FR","potentialAction":[{"@type":"ReadAction","target":["https:\/\/www.organisator.ch\/de\/allgemein\/2016-06-27\/letzter-binding-waldpreis-verliehen\/"]}]},{"@type":"ImageObject","inLanguage":"fr-FR","@id":"https:\/\/www.organisator.ch\/de\/allgemein\/2016-06-27\/letzter-binding-waldpreis-verliehen\/#primaryimage","url":"https:\/\/www.organisator.ch\/wp-content\/uploads\/2016\/12\/Letzter-Binding-Waldpreis-verliehen-umweltperspektiven.jpg","contentUrl":"https:\/\/www.organisator.ch\/wp-content\/uploads\/2016\/12\/Letzter-Binding-Waldpreis-verliehen-umweltperspektiven.jpg","width":1654,"height":1106,"caption":"Der ausgezeichnete Wald: Mit massvoller Holznutzung wird ein strukturreicher Wald mit hoher Artenvielfalt erreicht. (Bild: Walter Ackermann)"},{"@type":"BreadcrumbList","@id":"https:\/\/www.organisator.ch\/de\/allgemein\/2016-06-27\/letzter-binding-waldpreis-verliehen\/#breadcrumb","itemListElement":[{"@type":"ListItem","position":1,"name":"Home","item":"https:\/\/www.organisator.ch\/"},{"@type":"ListItem","position":2,"name":"Letzter Binding Waldpreis verliehen"}]},{"@type":"WebSite","@id":"https:\/\/www.organisator.ch\/#website","url":"https:\/\/www.organisator.ch\/","name":"Organisateur","description":"Comp\u00e9tence et comp\u00e9tence. Proches de la pratique. L'ORGANISATEUR pr\u00e9pare 10 num\u00e9ros par an sur les th\u00e8mes essentiels pour les dirigeants de PME.","publisher":{"@id":"https:\/\/www.organisator.ch\/#organization"},"potentialAction":[{"@type":"SearchAction","target":{"@type":"EntryPoint","urlTemplate":"https:\/\/www.organisator.ch\/?s={search_term_string}"},"query-input":{"@type":"PropertyValueSpecification","valueRequired":true,"valueName":"search_term_string"}}],"inLanguage":"fr-FR"},{"@type":"Organization","@id":"https:\/\/www.organisator.ch\/#organization","name":"Organisateur","url":"https:\/\/www.organisator.ch\/","logo":{"@type":"ImageObject","inLanguage":"fr-FR","@id":"https:\/\/www.organisator.ch\/#\/schema\/logo\/image\/","url":"https:\/\/www.organisator.ch\/wp-content\/uploads\/2022\/01\/Logo_Organisator_Website.png","contentUrl":"https:\/\/www.organisator.ch\/wp-content\/uploads\/2022\/01\/Logo_Organisator_Website.png","width":800,"height":77,"caption":"Organisator"},"image":{"@id":"https:\/\/www.organisator.ch\/#\/schema\/logo\/image\/"},"sameAs":["https:\/\/www.facebook.com\/OrganisatorFachmagazin","https:\/\/www.linkedin.com\/showcase\/organisator-das-magazin-fr-kmu","https:\/\/www.xing.com\/news\/pages\/organisator-ch-695","https:\/\/www.youtube.com\/channel\/UCGP2Sq0iWaZwT3BdIAQFYpw"]},{"@type":"Person","@id":"https:\/\/www.organisator.ch\/#\/schema\/person\/aa2bace6c5c5aad60102004a50c4eb1c","name":"admin","image":{"@type":"ImageObject","inLanguage":"fr-FR","@id":"https:\/\/secure.gravatar.com\/avatar\/ae2f4d718e6c49043e314ce431e7e645d646302a24a5ef5a8bc8e3f5a032e319?s=96&d=mm&r=g","url":"https:\/\/secure.gravatar.com\/avatar\/ae2f4d718e6c49043e314ce431e7e645d646302a24a5ef5a8bc8e3f5a032e319?s=96&d=mm&r=g","contentUrl":"https:\/\/secure.gravatar.com\/avatar\/ae2f4d718e6c49043e314ce431e7e645d646302a24a5ef5a8bc8e3f5a032e319?s=96&d=mm&r=g","caption":"admin"},"sameAs":["https:\/\/www.organisator.ch"],"url":"https:\/\/www.organisator.ch\/fr\/author\/admin\/"}]}},"_links":{"self":[{"href":"https:\/\/www.organisator.ch\/fr\/wp-json\/wp\/v2\/posts\/9947","targetHints":{"allow":["GET"]}}],"collection":[{"href":"https:\/\/www.organisator.ch\/fr\/wp-json\/wp\/v2\/posts"}],"about":[{"href":"https:\/\/www.organisator.ch\/fr\/wp-json\/wp\/v2\/types\/post"}],"author":[{"embeddable":true,"href":"https:\/\/www.organisator.ch\/fr\/wp-json\/wp\/v2\/users\/1"}],"replies":[{"embeddable":true,"href":"https:\/\/www.organisator.ch\/fr\/wp-json\/wp\/v2\/comments?post=9947"}],"version-history":[{"count":0,"href":"https:\/\/www.organisator.ch\/fr\/wp-json\/wp\/v2\/posts\/9947\/revisions"}],"wp:featuredmedia":[{"embeddable":true,"href":"https:\/\/www.organisator.ch\/fr\/wp-json\/wp\/v2\/media\/380"}],"wp:attachment":[{"href":"https:\/\/www.organisator.ch\/fr\/wp-json\/wp\/v2\/media?parent=9947"}],"wp:term":[{"taxonomy":"category","embeddable":true,"href":"https:\/\/www.organisator.ch\/fr\/wp-json\/wp\/v2\/categories?post=9947"},{"taxonomy":"post_tag","embeddable":true,"href":"https:\/\/www.organisator.ch\/fr\/wp-json\/wp\/v2\/tags?post=9947"}],"curies":[{"name":"wp","href":"https:\/\/api.w.org\/{rel}","templated":true}]}}