{"id":9948,"date":"2016-07-01T16:22:30","date_gmt":"2016-07-01T14:22:30","guid":{"rendered":"https:\/\/dev.umweltperspektiven.ch\/?p=382"},"modified":"2025-06-10T11:48:21","modified_gmt":"2025-06-10T09:48:21","slug":"innovationsfoerderung-fuer-kmu-verstaerkt","status":"publish","type":"post","link":"https:\/\/www.organisator.ch\/fr\/allgemein\/2016-07-01\/innovationsfoerderung-fuer-kmu-verstaerkt\/","title":{"rendered":"Renforcement de l'aide \u00e0 l'innovation pour les PME"},"content":{"rendered":"<figure id=\"attachment_383\" aria-describedby=\"caption-attachment-383\" style=\"width: 680px\" class=\"wp-caption alignnone\"><a href=\"\/\/dev.umweltperspektiven.ch\/wp-content\/uploads\/2016\/12\/Innovationsf\u00f6rderung-f\u00fcr-KMU-verst\u00e4rkt-umweltperspektiven.jpg\"><img loading=\"lazy\" decoding=\"async\" class=\"size-medium wp-image-383\" src=\"\/\/dev.umweltperspektiven.ch\/wp-content\/uploads\/2016\/12\/Innovationsf\u00f6rderung-f\u00fcr-KMU-verst\u00e4rkt-umweltperspektiven.jpg\" alt=\"C&#039;est justement en temps de crise qu&#039;il faut rester innovant.\" width=\"680\" height=\"560\" \/><\/a><figcaption id=\"caption-attachment-383\" class=\"wp-caption-text\">C'est justement en temps de crise qu'il faut rester innovant.<\/figcaption><\/figure>\n<p>Pour la deuxi\u00e8me fois, la Commission pour la technologie et l'innovation (CTI) peut aider les petites et moyennes entreprises (PME) orient\u00e9es vers l'exportation \u00e0 renforcer leur capacit\u00e9 d'innovation. Dans le cadre de la proc\u00e9dure de suppl\u00e9ment au budget 2016, les Chambres f\u00e9d\u00e9rales ont approuv\u00e9 les moyens demand\u00e9s par le Conseil f\u00e9d\u00e9ral. Le financement est assur\u00e9 par compensation des moyens allou\u00e9s au domaine FRI durant la p\u00e9riode en cours.<\/p>\n<p>C'est la deuxi\u00e8me fois, apr\u00e8s 2015, que la Conf\u00e9d\u00e9ration r\u00e9agit de mani\u00e8re cibl\u00e9e aux difficult\u00e9s persistantes des PME orient\u00e9es vers l'exportation et les aide \u00e0 investir dans l'innovation et \u00e0 maintenir ou \u00e0 d\u00e9velopper leurs capacit\u00e9s de recherche et de d\u00e9veloppement.<\/p>\n<p><strong>Programme de mentorat<\/strong><\/p>\n<p>Les mesures sp\u00e9ciales permettent non seulement aux partenaires \u00e9conomiques de r\u00e9duire la contribution en esp\u00e8ces dans les projets d'innovation, mais elles leur permettent \u00e9galement de participer plus faiblement aux co\u00fbts des projets. Parall\u00e8lement, le recours aux mentors de l'innovation de la CTI pour encadrer les PME cibl\u00e9es est renforc\u00e9. Les premi\u00e8res mesures sp\u00e9ciales prises en 2015 ont d\u00e9j\u00e0 montr\u00e9 que de telles mesures sont efficaces.<\/p>\n<p>En plus des projets r\u00e9guliers, 314 projets ont \u00e9t\u00e9 \u00e9valu\u00e9s dans le cadre des mesures sp\u00e9ciales. Parmi eux, 154 ont \u00e9t\u00e9 approuv\u00e9s et soutenus par une contribution f\u00e9d\u00e9rale d'un montant total de 57,7 millions de francs. Et la demande de soutien des PME par les mentors de l'innovation a \u00e9galement continu\u00e9 d'augmenter avec les mesures sp\u00e9ciales. Ainsi, en 2015, environ 70% de projets de recherche et d\u00e9veloppement et de ch\u00e8ques d'innovation en plus ont \u00e9t\u00e9 lanc\u00e9s avec des mentors d'innovation par rapport \u00e0 l'ann\u00e9e pr\u00e9c\u00e9dente.<\/p>\n<p>Le pr\u00e9sident de la Conf\u00e9d\u00e9ration et chef du DEFR, Johann N. Schneider-Ammann, qui avait d\u00e9j\u00e0 initi\u00e9 les premi\u00e8res mesures visant \u00e0 att\u00e9nuer la force du franc en 2015, est convaincu de pouvoir \u00e0 nouveau apporter une contribution directement efficace : \"Nous avons r\u00e9ussi \u00e0 mettre en place des incitations cibl\u00e9es pour la capacit\u00e9 d'innovation des PME fortement orient\u00e9es vers l'exportation. Elles peuvent ainsi renforcer leur comp\u00e9titivit\u00e9 m\u00eame dans cette phase difficile et garantir les emplois\".<\/p>","protected":false},"excerpt":{"rendered":"<p>Die Kommission f\u00fcr Technologie und Innovation (KTI) kann zum zweiten Mal exportorientierten klein- und mittelst\u00e4ndischen Unternehmen (KMU) helfen, deren Innovationskraft zu st\u00e4rken. Die eidgen\u00f6ssischen R\u00e4te haben im Rahmen des Nachtragsverfahrens zum Voranschlag 2016 die vom Bundesrat beantragten Mittel gutgeheissen. Die Finanzierung wird mittels Kompensation der in der laufenden Periode zu Gunsten des BFI-Bereichs bewilligten Mittel [&hellip;]<\/p>\n","protected":false},"author":1,"featured_media":0,"comment_status":"closed","ping_status":"closed","sticky":false,"template":"","format":"standard","meta":{"_acf_changed":false,"_yoast_wpseo_focuskw":"Innovation","_yoast_wpseo_metadesc":"Exportorientierte KMU werden im laufenden Jahr mit zus\u00e4tzlichen 61 Millionen Franken f\u00fcr die Innovationsf\u00f6rderung unterst\u00fctzt.","articlekey":"","footnotes":""},"categories":[1],"tags":[1215,274,301,1571],"class_list":["post-9948","post","type-post","status-publish","format-standard","hentry","category-allgemein","tag-foerderung","tag-innovation","tag-kmu","tag-kti"],"acf":[],"yoast_head":"<!-- This site is optimized with the Yoast SEO plugin v27.4 - https:\/\/yoast.com\/product\/yoast-seo-wordpress\/ -->\n<title>Innovationsf\u00f6rderung f\u00fcr KMU verst\u00e4rkt - Organisator<\/title>\n<meta name=\"description\" content=\"Exportorientierte KMU werden im laufenden Jahr mit zus\u00e4tzlichen 61 Millionen Franken f\u00fcr die Innovationsf\u00f6rderung unterst\u00fctzt.\" \/>\n<meta name=\"robots\" content=\"index, follow, max-snippet:-1, max-image-preview:large, max-video-preview:-1\" \/>\n<link rel=\"canonical\" href=\"https:\/\/www.organisator.ch\/fr\/general\/2016-07-01\/innovationsfoerderung-fuer-kmu-verstaerkt\/\" \/>\n<meta property=\"og:locale\" content=\"fr_FR\" \/>\n<meta property=\"og:type\" content=\"article\" \/>\n<meta property=\"og:title\" content=\"Innovationsf\u00f6rderung f\u00fcr KMU verst\u00e4rkt - Organisator\" \/>\n<meta property=\"og:description\" content=\"Exportorientierte KMU werden im laufenden Jahr mit zus\u00e4tzlichen 61 Millionen Franken f\u00fcr die Innovationsf\u00f6rderung unterst\u00fctzt.\" \/>\n<meta property=\"og:url\" content=\"https:\/\/www.organisator.ch\/fr\/general\/2016-07-01\/innovationsfoerderung-fuer-kmu-verstaerkt\/\" \/>\n<meta property=\"og:site_name\" content=\"Organisator\" \/>\n<meta property=\"article:publisher\" content=\"https:\/\/www.facebook.com\/OrganisatorFachmagazin\" \/>\n<meta property=\"article:published_time\" content=\"2016-07-01T14:22:30+00:00\" \/>\n<meta property=\"article:modified_time\" content=\"2025-06-10T09:48:21+00:00\" \/>\n<meta name=\"author\" content=\"admin\" \/>\n<meta name=\"twitter:card\" content=\"summary_large_image\" \/>\n<script type=\"application\/ld+json\" class=\"yoast-schema-graph\">{\"@context\":\"https:\\\/\\\/schema.org\",\"@graph\":[{\"@type\":\"Article\",\"@id\":\"https:\\\/\\\/www.organisator.ch\\\/allgemein\\\/2016-07-01\\\/innovationsfoerderung-fuer-kmu-verstaerkt\\\/#article\",\"isPartOf\":{\"@id\":\"https:\\\/\\\/www.organisator.ch\\\/allgemein\\\/2016-07-01\\\/innovationsfoerderung-fuer-kmu-verstaerkt\\\/\"},\"author\":{\"name\":\"admin\",\"@id\":\"https:\\\/\\\/www.organisator.ch\\\/#\\\/schema\\\/person\\\/aa2bace6c5c5aad60102004a50c4eb1c\"},\"headline\":\"Innovationsf\u00f6rderung f\u00fcr KMU verst\u00e4rkt\",\"datePublished\":\"2016-07-01T14:22:30+00:00\",\"dateModified\":\"2025-06-10T09:48:21+00:00\",\"mainEntityOfPage\":{\"@id\":\"https:\\\/\\\/www.organisator.ch\\\/allgemein\\\/2016-07-01\\\/innovationsfoerderung-fuer-kmu-verstaerkt\\\/\"},\"wordCount\":293,\"publisher\":{\"@id\":\"https:\\\/\\\/www.organisator.ch\\\/#organization\"},\"keywords\":[\"F\u00f6rderung\",\"Innovation\",\"KMU\",\"KTI\"],\"articleSection\":[\"Allgemein\"],\"inLanguage\":\"fr-FR\"},{\"@type\":\"WebPage\",\"@id\":\"https:\\\/\\\/www.organisator.ch\\\/allgemein\\\/2016-07-01\\\/innovationsfoerderung-fuer-kmu-verstaerkt\\\/\",\"url\":\"https:\\\/\\\/www.organisator.ch\\\/allgemein\\\/2016-07-01\\\/innovationsfoerderung-fuer-kmu-verstaerkt\\\/\",\"name\":\"Innovationsf\u00f6rderung f\u00fcr KMU verst\u00e4rkt - Organisator\",\"isPartOf\":{\"@id\":\"https:\\\/\\\/www.organisator.ch\\\/#website\"},\"datePublished\":\"2016-07-01T14:22:30+00:00\",\"dateModified\":\"2025-06-10T09:48:21+00:00\",\"description\":\"Exportorientierte KMU werden im laufenden Jahr mit zus\u00e4tzlichen 61 Millionen Franken f\u00fcr die Innovationsf\u00f6rderung unterst\u00fctzt.\",\"breadcrumb\":{\"@id\":\"https:\\\/\\\/www.organisator.ch\\\/allgemein\\\/2016-07-01\\\/innovationsfoerderung-fuer-kmu-verstaerkt\\\/#breadcrumb\"},\"inLanguage\":\"fr-FR\",\"potentialAction\":[{\"@type\":\"ReadAction\",\"target\":[\"https:\\\/\\\/www.organisator.ch\\\/allgemein\\\/2016-07-01\\\/innovationsfoerderung-fuer-kmu-verstaerkt\\\/\"]}]},{\"@type\":\"BreadcrumbList\",\"@id\":\"https:\\\/\\\/www.organisator.ch\\\/allgemein\\\/2016-07-01\\\/innovationsfoerderung-fuer-kmu-verstaerkt\\\/#breadcrumb\",\"itemListElement\":[{\"@type\":\"ListItem\",\"position\":1,\"name\":\"Home\",\"item\":\"https:\\\/\\\/www.organisator.ch\\\/\"},{\"@type\":\"ListItem\",\"position\":2,\"name\":\"Innovationsf\u00f6rderung f\u00fcr KMU verst\u00e4rkt\"}]},{\"@type\":\"WebSite\",\"@id\":\"https:\\\/\\\/www.organisator.ch\\\/#website\",\"url\":\"https:\\\/\\\/www.organisator.ch\\\/\",\"name\":\"Organisator\",\"description\":\"Kompetent. Praxisnah. Der ORGANISATOR bereitet in 10 Ausgaben pro Jahr die wesentlichen Themen f\u00fcr F\u00fchrungskr\u00e4fte von KMU auf.\",\"publisher\":{\"@id\":\"https:\\\/\\\/www.organisator.ch\\\/#organization\"},\"potentialAction\":[{\"@type\":\"SearchAction\",\"target\":{\"@type\":\"EntryPoint\",\"urlTemplate\":\"https:\\\/\\\/www.organisator.ch\\\/?s={search_term_string}\"},\"query-input\":{\"@type\":\"PropertyValueSpecification\",\"valueRequired\":true,\"valueName\":\"search_term_string\"}}],\"inLanguage\":\"fr-FR\"},{\"@type\":\"Organization\",\"@id\":\"https:\\\/\\\/www.organisator.ch\\\/#organization\",\"name\":\"Organisator\",\"url\":\"https:\\\/\\\/www.organisator.ch\\\/\",\"logo\":{\"@type\":\"ImageObject\",\"inLanguage\":\"fr-FR\",\"@id\":\"https:\\\/\\\/www.organisator.ch\\\/#\\\/schema\\\/logo\\\/image\\\/\",\"url\":\"https:\\\/\\\/www.organisator.ch\\\/wp-content\\\/uploads\\\/2022\\\/01\\\/Logo_Organisator_Website.png\",\"contentUrl\":\"https:\\\/\\\/www.organisator.ch\\\/wp-content\\\/uploads\\\/2022\\\/01\\\/Logo_Organisator_Website.png\",\"width\":800,\"height\":77,\"caption\":\"Organisator\"},\"image\":{\"@id\":\"https:\\\/\\\/www.organisator.ch\\\/#\\\/schema\\\/logo\\\/image\\\/\"},\"sameAs\":[\"https:\\\/\\\/www.facebook.com\\\/OrganisatorFachmagazin\",\"https:\\\/\\\/www.linkedin.com\\\/showcase\\\/organisator-das-magazin-fr-kmu\",\"https:\\\/\\\/www.xing.com\\\/news\\\/pages\\\/organisator-ch-695\",\"https:\\\/\\\/www.youtube.com\\\/channel\\\/UCGP2Sq0iWaZwT3BdIAQFYpw\"]},{\"@type\":\"Person\",\"@id\":\"https:\\\/\\\/www.organisator.ch\\\/#\\\/schema\\\/person\\\/aa2bace6c5c5aad60102004a50c4eb1c\",\"name\":\"admin\",\"image\":{\"@type\":\"ImageObject\",\"inLanguage\":\"fr-FR\",\"@id\":\"https:\\\/\\\/secure.gravatar.com\\\/avatar\\\/ae2f4d718e6c49043e314ce431e7e645d646302a24a5ef5a8bc8e3f5a032e319?s=96&d=mm&r=g\",\"url\":\"https:\\\/\\\/secure.gravatar.com\\\/avatar\\\/ae2f4d718e6c49043e314ce431e7e645d646302a24a5ef5a8bc8e3f5a032e319?s=96&d=mm&r=g\",\"contentUrl\":\"https:\\\/\\\/secure.gravatar.com\\\/avatar\\\/ae2f4d718e6c49043e314ce431e7e645d646302a24a5ef5a8bc8e3f5a032e319?s=96&d=mm&r=g\",\"caption\":\"admin\"},\"sameAs\":[\"https:\\\/\\\/www.organisator.ch\"],\"url\":\"https:\\\/\\\/www.organisator.ch\\\/fr\\\/author\\\/admin\\\/\"}]}<\/script>\n<!-- \/ Yoast SEO plugin. -->","yoast_head_json":{"title":"Renforcement de la promotion de l'innovation pour les PME - Organisateur","description":"Les PME orient\u00e9es vers l'exportation b\u00e9n\u00e9ficieront cette ann\u00e9e de 61 millions de francs suppl\u00e9mentaires pour la promotion de l'innovation.","robots":{"index":"index","follow":"follow","max-snippet":"max-snippet:-1","max-image-preview":"max-image-preview:large","max-video-preview":"max-video-preview:-1"},"canonical":"https:\/\/www.organisator.ch\/fr\/general\/2016-07-01\/innovationsfoerderung-fuer-kmu-verstaerkt\/","og_locale":"fr_FR","og_type":"article","og_title":"Innovationsf\u00f6rderung f\u00fcr KMU verst\u00e4rkt - Organisator","og_description":"Exportorientierte KMU werden im laufenden Jahr mit zus\u00e4tzlichen 61 Millionen Franken f\u00fcr die Innovationsf\u00f6rderung unterst\u00fctzt.","og_url":"https:\/\/www.organisator.ch\/fr\/general\/2016-07-01\/innovationsfoerderung-fuer-kmu-verstaerkt\/","og_site_name":"Organisator","article_publisher":"https:\/\/www.facebook.com\/OrganisatorFachmagazin","article_published_time":"2016-07-01T14:22:30+00:00","article_modified_time":"2025-06-10T09:48:21+00:00","author":"admin","twitter_card":"summary_large_image","schema":{"@context":"https:\/\/schema.org","@graph":[{"@type":"Article","@id":"https:\/\/www.organisator.ch\/allgemein\/2016-07-01\/innovationsfoerderung-fuer-kmu-verstaerkt\/#article","isPartOf":{"@id":"https:\/\/www.organisator.ch\/allgemein\/2016-07-01\/innovationsfoerderung-fuer-kmu-verstaerkt\/"},"author":{"name":"admin","@id":"https:\/\/www.organisator.ch\/#\/schema\/person\/aa2bace6c5c5aad60102004a50c4eb1c"},"headline":"Innovationsf\u00f6rderung f\u00fcr KMU verst\u00e4rkt","datePublished":"2016-07-01T14:22:30+00:00","dateModified":"2025-06-10T09:48:21+00:00","mainEntityOfPage":{"@id":"https:\/\/www.organisator.ch\/allgemein\/2016-07-01\/innovationsfoerderung-fuer-kmu-verstaerkt\/"},"wordCount":293,"publisher":{"@id":"https:\/\/www.organisator.ch\/#organization"},"keywords":["F\u00f6rderung","Innovation","KMU","KTI"],"articleSection":["Allgemein"],"inLanguage":"fr-FR"},{"@type":"WebPage","@id":"https:\/\/www.organisator.ch\/allgemein\/2016-07-01\/innovationsfoerderung-fuer-kmu-verstaerkt\/","url":"https:\/\/www.organisator.ch\/allgemein\/2016-07-01\/innovationsfoerderung-fuer-kmu-verstaerkt\/","name":"Renforcement de la promotion de l'innovation pour les PME - Organisateur","isPartOf":{"@id":"https:\/\/www.organisator.ch\/#website"},"datePublished":"2016-07-01T14:22:30+00:00","dateModified":"2025-06-10T09:48:21+00:00","description":"Les PME orient\u00e9es vers l'exportation b\u00e9n\u00e9ficieront cette ann\u00e9e de 61 millions de francs suppl\u00e9mentaires pour la promotion de l'innovation.","breadcrumb":{"@id":"https:\/\/www.organisator.ch\/allgemein\/2016-07-01\/innovationsfoerderung-fuer-kmu-verstaerkt\/#breadcrumb"},"inLanguage":"fr-FR","potentialAction":[{"@type":"ReadAction","target":["https:\/\/www.organisator.ch\/allgemein\/2016-07-01\/innovationsfoerderung-fuer-kmu-verstaerkt\/"]}]},{"@type":"BreadcrumbList","@id":"https:\/\/www.organisator.ch\/allgemein\/2016-07-01\/innovationsfoerderung-fuer-kmu-verstaerkt\/#breadcrumb","itemListElement":[{"@type":"ListItem","position":1,"name":"Home","item":"https:\/\/www.organisator.ch\/"},{"@type":"ListItem","position":2,"name":"Innovationsf\u00f6rderung f\u00fcr KMU verst\u00e4rkt"}]},{"@type":"WebSite","@id":"https:\/\/www.organisator.ch\/#website","url":"https:\/\/www.organisator.ch\/","name":"Organisateur","description":"Comp\u00e9tence et comp\u00e9tence. Proches de la pratique. L'ORGANISATEUR pr\u00e9pare 10 num\u00e9ros par an sur les th\u00e8mes essentiels pour les dirigeants de PME.","publisher":{"@id":"https:\/\/www.organisator.ch\/#organization"},"potentialAction":[{"@type":"SearchAction","target":{"@type":"EntryPoint","urlTemplate":"https:\/\/www.organisator.ch\/?s={search_term_string}"},"query-input":{"@type":"PropertyValueSpecification","valueRequired":true,"valueName":"search_term_string"}}],"inLanguage":"fr-FR"},{"@type":"Organization","@id":"https:\/\/www.organisator.ch\/#organization","name":"Organisateur","url":"https:\/\/www.organisator.ch\/","logo":{"@type":"ImageObject","inLanguage":"fr-FR","@id":"https:\/\/www.organisator.ch\/#\/schema\/logo\/image\/","url":"https:\/\/www.organisator.ch\/wp-content\/uploads\/2022\/01\/Logo_Organisator_Website.png","contentUrl":"https:\/\/www.organisator.ch\/wp-content\/uploads\/2022\/01\/Logo_Organisator_Website.png","width":800,"height":77,"caption":"Organisator"},"image":{"@id":"https:\/\/www.organisator.ch\/#\/schema\/logo\/image\/"},"sameAs":["https:\/\/www.facebook.com\/OrganisatorFachmagazin","https:\/\/www.linkedin.com\/showcase\/organisator-das-magazin-fr-kmu","https:\/\/www.xing.com\/news\/pages\/organisator-ch-695","https:\/\/www.youtube.com\/channel\/UCGP2Sq0iWaZwT3BdIAQFYpw"]},{"@type":"Person","@id":"https:\/\/www.organisator.ch\/#\/schema\/person\/aa2bace6c5c5aad60102004a50c4eb1c","name":"admin","image":{"@type":"ImageObject","inLanguage":"fr-FR","@id":"https:\/\/secure.gravatar.com\/avatar\/ae2f4d718e6c49043e314ce431e7e645d646302a24a5ef5a8bc8e3f5a032e319?s=96&d=mm&r=g","url":"https:\/\/secure.gravatar.com\/avatar\/ae2f4d718e6c49043e314ce431e7e645d646302a24a5ef5a8bc8e3f5a032e319?s=96&d=mm&r=g","contentUrl":"https:\/\/secure.gravatar.com\/avatar\/ae2f4d718e6c49043e314ce431e7e645d646302a24a5ef5a8bc8e3f5a032e319?s=96&d=mm&r=g","caption":"admin"},"sameAs":["https:\/\/www.organisator.ch"],"url":"https:\/\/www.organisator.ch\/fr\/author\/admin\/"}]}},"_links":{"self":[{"href":"https:\/\/www.organisator.ch\/fr\/wp-json\/wp\/v2\/posts\/9948","targetHints":{"allow":["GET"]}}],"collection":[{"href":"https:\/\/www.organisator.ch\/fr\/wp-json\/wp\/v2\/posts"}],"about":[{"href":"https:\/\/www.organisator.ch\/fr\/wp-json\/wp\/v2\/types\/post"}],"author":[{"embeddable":true,"href":"https:\/\/www.organisator.ch\/fr\/wp-json\/wp\/v2\/users\/1"}],"replies":[{"embeddable":true,"href":"https:\/\/www.organisator.ch\/fr\/wp-json\/wp\/v2\/comments?post=9948"}],"version-history":[{"count":1,"href":"https:\/\/www.organisator.ch\/fr\/wp-json\/wp\/v2\/posts\/9948\/revisions"}],"predecessor-version":[{"id":38779,"href":"https:\/\/www.organisator.ch\/fr\/wp-json\/wp\/v2\/posts\/9948\/revisions\/38779"}],"wp:attachment":[{"href":"https:\/\/www.organisator.ch\/fr\/wp-json\/wp\/v2\/media?parent=9948"}],"wp:term":[{"taxonomy":"category","embeddable":true,"href":"https:\/\/www.organisator.ch\/fr\/wp-json\/wp\/v2\/categories?post=9948"},{"taxonomy":"post_tag","embeddable":true,"href":"https:\/\/www.organisator.ch\/fr\/wp-json\/wp\/v2\/tags?post=9948"}],"curies":[{"name":"wp","href":"https:\/\/api.w.org\/{rel}","templated":true}]}}