{"id":9949,"date":"2016-07-04T16:23:58","date_gmt":"2016-07-04T14:23:58","guid":{"rendered":"https:\/\/dev.umweltperspektiven.ch\/?p=385"},"modified":"2016-07-04T16:23:58","modified_gmt":"2016-07-04T14:23:58","slug":"erste-jobboerse-fuer-umweltjobs","status":"publish","type":"post","link":"https:\/\/www.organisator.ch\/fr\/allgemein\/2016-07-04\/erste-jobboerse-fuer-umweltjobs\/","title":{"rendered":"Premi\u00e8re bourse de l'emploi pour les emplois environnementaux"},"content":{"rendered":"<figure id=\"attachment_386\" aria-describedby=\"caption-attachment-386\" style=\"width: 680px\" class=\"wp-caption alignnone\"><a href=\"\/\/dev.umweltperspektiven.ch\/wp-content\/uploads\/2016\/12\/Erste-Jobb\u00f6rse-f\u00fcr-Umweltjobs-umweltperspektiven.jpg\"><img loading=\"lazy\" decoding=\"async\" class=\"wp-image-386 size-medium\" src=\"\/\/www.umweltperspektiven.ch\/wp-content\/uploads\/2016\/12\/Erste-Jobb\u00f6rse-f\u00fcr-Umweltjobs-umweltperspektiven.jpg\" alt=\"Simplifier la recherche d&#039;emploi pour les professionnels de l&#039;environnement : C&#039;est ce que veut faire une nouvelle bourse de l&#039;emploi en ligne\" width=\"680\" height=\"454\" \/><\/a><figcaption id=\"caption-attachment-386\" class=\"wp-caption-text\">Simplifier la recherche d'emploi pour les professionnels de l'environnement : C'est ce que veut faire une nouvelle bourse de l'emploi en ligne<\/figcaption><\/figure>\n<p>Simplifier la recherche d'emploi et de candidats pour les m\u00e9tiers de l'environnement et des cleantech : C'est ce que veut faire la bourse de l'emploi en ligne ouverte depuis le 1er juillet.\u00a0<a href=\"http:\/\/umweltprofis-jobs.ch\/jobs\" target=\"_blank\" data-cke-saved-href=\"\/\/umweltprofis-jobs.ch\/jobs\" rel=\"noopener\">professionnels-de-l'environnement.ch<\/a>.<\/p>\n<p>L'association Organisation du monde du travail (OrTra) Environnement a pour objectif de promouvoir les m\u00e9tiers de l'environnement dans la formation professionnelle en tant que domaine professionnel d'avenir, de renforcer leur image et de contribuer \u00e0 l'\u00e9change d'informations et d'opinions.<\/p>\n<p>L'objectif de la nouvelle plate-forme est de servir de passerelle entre les employeurs sp\u00e9cialis\u00e9s et les travailleurs et de contribuer ainsi \u00e0 lutter contre la p\u00e9nurie de main-d'\u0153uvre qualifi\u00e9e. Concr\u00e8tement, la bourse de l'emploi doit permettre de r\u00e9duire les efforts de recherche, tant pour les entreprises que pour les professionnels : les employeurs trouveront des candidats mieux qualifi\u00e9s et les employ\u00e9s des offres d'emploi adapt\u00e9es \u00e0 leurs comp\u00e9tences.<\/p>\n<p>Les offres sont r\u00e9parties dans les domaines suivants : \"Gestion des d\u00e9chets et recyclage\", \"Efficacit\u00e9 \u00e9nerg\u00e9tique et \u00e9nergies renouvelables\", \"Protection de la nature et du paysage\", \"Protection de l'environnement et ing\u00e9nierie environnementale\" et \"Eau et assainissement\".  L'ensemble de la Suisse est couvert. Les postes vacants peuvent \u00eatre filtr\u00e9s par activit\u00e9.<\/p>","protected":false},"excerpt":{"rendered":"<p>Die Job- und Kandidatensuche f\u00fcr Umwelt- und Cleantechberufe vereinfachen: Das will die seit dem 1. Juli aufgeschaltete\u00a0Online-Jobb\u00f6rse\u00a0umweltprofis-jobs.ch. Dahinter steht der Verein Organisation der Arbeitswelt (OdA) Umwelt, der sich dem Ziel verschrieben hat, die Umweltberufe in der Berufsbildung\u00a0als zukunftsf\u00e4higes Berufsfeld zu f\u00f6rdern, deren Image zu\u00a0st\u00e4rken und zum Informations- sowie Meinungsaustausch beizutragen. Ziel der neuen Plattform ist [&hellip;]<\/p>\n","protected":false},"author":1,"featured_media":9385,"comment_status":"open","ping_status":"open","sticky":false,"template":"","format":"standard","meta":{"_acf_changed":false,"_yoast_wpseo_focuskw":"Jobb\u00f6rse f\u00fcr Umweltjobs","_yoast_wpseo_metadesc":"Jobb\u00f6rse f\u00fcr Umweltjobs: Die Online-Jobb\u00f6rse umweltprofis-jobs.ch will die Job- und Kandidatensuche f\u00fcr Umwelt- und Cleantechberufe vereinfachen.","articlekey":"","footnotes":""},"categories":[1],"tags":[42,1463,1464,2367],"class_list":["post-9949","post","type-post","status-publish","format-standard","has-post-thumbnail","hentry","category-allgemein","tag-arbeit","tag-job","tag-jobboerse","tag-umweltjobs"],"acf":[],"yoast_head":"<!-- This site is optimized with the Yoast SEO plugin v27.4 - https:\/\/yoast.com\/product\/yoast-seo-wordpress\/ -->\n<title>Erste Jobb\u00f6rse f\u00fcr Umweltjobs - Organisator<\/title>\n<meta name=\"description\" content=\"Jobb\u00f6rse f\u00fcr Umweltjobs: Die Online-Jobb\u00f6rse umweltprofis-jobs.ch will die Job- und Kandidatensuche f\u00fcr Umwelt- und Cleantechberufe vereinfachen.\" \/>\n<meta name=\"robots\" content=\"index, follow, max-snippet:-1, max-image-preview:large, max-video-preview:-1\" \/>\n<link rel=\"canonical\" href=\"https:\/\/www.organisator.ch\/fr\/general\/2016-07-04\/erste-jobboerse-fuer-umweltjobs\/\" \/>\n<meta property=\"og:locale\" content=\"fr_FR\" \/>\n<meta property=\"og:type\" content=\"article\" \/>\n<meta property=\"og:title\" content=\"Erste Jobb\u00f6rse f\u00fcr Umweltjobs - Organisator\" \/>\n<meta property=\"og:description\" content=\"Jobb\u00f6rse f\u00fcr Umweltjobs: Die Online-Jobb\u00f6rse umweltprofis-jobs.ch will die Job- und Kandidatensuche f\u00fcr Umwelt- und Cleantechberufe vereinfachen.\" \/>\n<meta property=\"og:url\" content=\"https:\/\/www.organisator.ch\/fr\/general\/2016-07-04\/erste-jobboerse-fuer-umweltjobs\/\" \/>\n<meta property=\"og:site_name\" content=\"Organisator\" \/>\n<meta property=\"article:publisher\" content=\"https:\/\/www.facebook.com\/OrganisatorFachmagazin\" \/>\n<meta property=\"article:published_time\" content=\"2016-07-04T14:23:58+00:00\" \/>\n<meta property=\"og:image\" content=\"https:\/\/www.organisator.ch\/wp-content\/uploads\/2016\/12\/Erste-Jobboerse-fuer-Umweltjobs-umweltperspektiven.jpg\" \/>\n\t<meta property=\"og:image:width\" content=\"1000\" \/>\n\t<meta property=\"og:image:height\" content=\"667\" \/>\n\t<meta property=\"og:image:type\" content=\"image\/jpeg\" \/>\n<meta name=\"author\" content=\"admin\" \/>\n<meta name=\"twitter:card\" content=\"summary_large_image\" \/>\n<script type=\"application\/ld+json\" class=\"yoast-schema-graph\">{\"@context\":\"https:\\\/\\\/schema.org\",\"@graph\":[{\"@type\":\"Article\",\"@id\":\"https:\\\/\\\/www.organisator.ch\\\/en\\\/general\\\/2016-07-04\\\/erste-jobboerse-fuer-umweltjobs\\\/#article\",\"isPartOf\":{\"@id\":\"https:\\\/\\\/www.organisator.ch\\\/en\\\/general\\\/2016-07-04\\\/erste-jobboerse-fuer-umweltjobs\\\/\"},\"author\":{\"name\":\"admin\",\"@id\":\"https:\\\/\\\/www.organisator.ch\\\/#\\\/schema\\\/person\\\/aa2bace6c5c5aad60102004a50c4eb1c\"},\"headline\":\"Erste Jobb\u00f6rse f\u00fcr Umweltjobs\",\"datePublished\":\"2016-07-04T14:23:58+00:00\",\"mainEntityOfPage\":{\"@id\":\"https:\\\/\\\/www.organisator.ch\\\/en\\\/general\\\/2016-07-04\\\/erste-jobboerse-fuer-umweltjobs\\\/\"},\"wordCount\":182,\"commentCount\":0,\"publisher\":{\"@id\":\"https:\\\/\\\/www.organisator.ch\\\/#organization\"},\"image\":{\"@id\":\"https:\\\/\\\/www.organisator.ch\\\/en\\\/general\\\/2016-07-04\\\/erste-jobboerse-fuer-umweltjobs\\\/#primaryimage\"},\"thumbnailUrl\":\"https:\\\/\\\/www.organisator.ch\\\/wp-content\\\/uploads\\\/2016\\\/12\\\/Erste-Jobboerse-fuer-Umweltjobs-umweltperspektiven.jpg\",\"keywords\":[\"Arbeit\",\"Job\",\"Jobb\u00f6rse\",\"Umweltjobs\"],\"articleSection\":[\"Allgemein\"],\"inLanguage\":\"fr-FR\"},{\"@type\":\"WebPage\",\"@id\":\"https:\\\/\\\/www.organisator.ch\\\/en\\\/general\\\/2016-07-04\\\/erste-jobboerse-fuer-umweltjobs\\\/\",\"url\":\"https:\\\/\\\/www.organisator.ch\\\/en\\\/general\\\/2016-07-04\\\/erste-jobboerse-fuer-umweltjobs\\\/\",\"name\":\"Erste Jobb\u00f6rse f\u00fcr Umweltjobs - Organisator\",\"isPartOf\":{\"@id\":\"https:\\\/\\\/www.organisator.ch\\\/#website\"},\"primaryImageOfPage\":{\"@id\":\"https:\\\/\\\/www.organisator.ch\\\/en\\\/general\\\/2016-07-04\\\/erste-jobboerse-fuer-umweltjobs\\\/#primaryimage\"},\"image\":{\"@id\":\"https:\\\/\\\/www.organisator.ch\\\/en\\\/general\\\/2016-07-04\\\/erste-jobboerse-fuer-umweltjobs\\\/#primaryimage\"},\"thumbnailUrl\":\"https:\\\/\\\/www.organisator.ch\\\/wp-content\\\/uploads\\\/2016\\\/12\\\/Erste-Jobboerse-fuer-Umweltjobs-umweltperspektiven.jpg\",\"datePublished\":\"2016-07-04T14:23:58+00:00\",\"description\":\"Jobb\u00f6rse f\u00fcr Umweltjobs: Die Online-Jobb\u00f6rse umweltprofis-jobs.ch will die Job- und Kandidatensuche f\u00fcr Umwelt- und Cleantechberufe vereinfachen.\",\"breadcrumb\":{\"@id\":\"https:\\\/\\\/www.organisator.ch\\\/en\\\/general\\\/2016-07-04\\\/erste-jobboerse-fuer-umweltjobs\\\/#breadcrumb\"},\"inLanguage\":\"fr-FR\",\"potentialAction\":[{\"@type\":\"ReadAction\",\"target\":[\"https:\\\/\\\/www.organisator.ch\\\/en\\\/general\\\/2016-07-04\\\/erste-jobboerse-fuer-umweltjobs\\\/\"]}]},{\"@type\":\"ImageObject\",\"inLanguage\":\"fr-FR\",\"@id\":\"https:\\\/\\\/www.organisator.ch\\\/en\\\/general\\\/2016-07-04\\\/erste-jobboerse-fuer-umweltjobs\\\/#primaryimage\",\"url\":\"https:\\\/\\\/www.organisator.ch\\\/wp-content\\\/uploads\\\/2016\\\/12\\\/Erste-Jobboerse-fuer-Umweltjobs-umweltperspektiven.jpg\",\"contentUrl\":\"https:\\\/\\\/www.organisator.ch\\\/wp-content\\\/uploads\\\/2016\\\/12\\\/Erste-Jobboerse-fuer-Umweltjobs-umweltperspektiven.jpg\",\"width\":1000,\"height\":667,\"caption\":\"Die Jobsuche f\u00fcr Umweltprofis vereinfachen: Dies will eine neue Online-Jobb\u00f6rse\"},{\"@type\":\"BreadcrumbList\",\"@id\":\"https:\\\/\\\/www.organisator.ch\\\/en\\\/general\\\/2016-07-04\\\/erste-jobboerse-fuer-umweltjobs\\\/#breadcrumb\",\"itemListElement\":[{\"@type\":\"ListItem\",\"position\":1,\"name\":\"Home\",\"item\":\"https:\\\/\\\/www.organisator.ch\\\/\"},{\"@type\":\"ListItem\",\"position\":2,\"name\":\"Erste Jobb\u00f6rse f\u00fcr Umweltjobs\"}]},{\"@type\":\"WebSite\",\"@id\":\"https:\\\/\\\/www.organisator.ch\\\/#website\",\"url\":\"https:\\\/\\\/www.organisator.ch\\\/\",\"name\":\"Organisator\",\"description\":\"Kompetent. Praxisnah. Der ORGANISATOR bereitet in 10 Ausgaben pro Jahr die wesentlichen Themen f\u00fcr F\u00fchrungskr\u00e4fte von KMU auf.\",\"publisher\":{\"@id\":\"https:\\\/\\\/www.organisator.ch\\\/#organization\"},\"potentialAction\":[{\"@type\":\"SearchAction\",\"target\":{\"@type\":\"EntryPoint\",\"urlTemplate\":\"https:\\\/\\\/www.organisator.ch\\\/?s={search_term_string}\"},\"query-input\":{\"@type\":\"PropertyValueSpecification\",\"valueRequired\":true,\"valueName\":\"search_term_string\"}}],\"inLanguage\":\"fr-FR\"},{\"@type\":\"Organization\",\"@id\":\"https:\\\/\\\/www.organisator.ch\\\/#organization\",\"name\":\"Organisator\",\"url\":\"https:\\\/\\\/www.organisator.ch\\\/\",\"logo\":{\"@type\":\"ImageObject\",\"inLanguage\":\"fr-FR\",\"@id\":\"https:\\\/\\\/www.organisator.ch\\\/#\\\/schema\\\/logo\\\/image\\\/\",\"url\":\"https:\\\/\\\/www.organisator.ch\\\/wp-content\\\/uploads\\\/2022\\\/01\\\/Logo_Organisator_Website.png\",\"contentUrl\":\"https:\\\/\\\/www.organisator.ch\\\/wp-content\\\/uploads\\\/2022\\\/01\\\/Logo_Organisator_Website.png\",\"width\":800,\"height\":77,\"caption\":\"Organisator\"},\"image\":{\"@id\":\"https:\\\/\\\/www.organisator.ch\\\/#\\\/schema\\\/logo\\\/image\\\/\"},\"sameAs\":[\"https:\\\/\\\/www.facebook.com\\\/OrganisatorFachmagazin\",\"https:\\\/\\\/www.linkedin.com\\\/showcase\\\/organisator-das-magazin-fr-kmu\",\"https:\\\/\\\/www.xing.com\\\/news\\\/pages\\\/organisator-ch-695\",\"https:\\\/\\\/www.youtube.com\\\/channel\\\/UCGP2Sq0iWaZwT3BdIAQFYpw\"]},{\"@type\":\"Person\",\"@id\":\"https:\\\/\\\/www.organisator.ch\\\/#\\\/schema\\\/person\\\/aa2bace6c5c5aad60102004a50c4eb1c\",\"name\":\"admin\",\"image\":{\"@type\":\"ImageObject\",\"inLanguage\":\"fr-FR\",\"@id\":\"https:\\\/\\\/secure.gravatar.com\\\/avatar\\\/ae2f4d718e6c49043e314ce431e7e645d646302a24a5ef5a8bc8e3f5a032e319?s=96&d=mm&r=g\",\"url\":\"https:\\\/\\\/secure.gravatar.com\\\/avatar\\\/ae2f4d718e6c49043e314ce431e7e645d646302a24a5ef5a8bc8e3f5a032e319?s=96&d=mm&r=g\",\"contentUrl\":\"https:\\\/\\\/secure.gravatar.com\\\/avatar\\\/ae2f4d718e6c49043e314ce431e7e645d646302a24a5ef5a8bc8e3f5a032e319?s=96&d=mm&r=g\",\"caption\":\"admin\"},\"sameAs\":[\"https:\\\/\\\/www.organisator.ch\"],\"url\":\"https:\\\/\\\/www.organisator.ch\\\/fr\\\/author\\\/admin\\\/\"}]}<\/script>\n<!-- \/ Yoast SEO plugin. -->","yoast_head_json":{"title":"Premier site d'emploi pour les emplois environnementaux - Organisateur","description":"Bourse de l'emploi pour les m\u00e9tiers de l'environnement : La bourse de l'emploi en ligne umweltprofis-jobs.ch veut simplifier la recherche d'emplois et de candidats pour les m\u00e9tiers de l'environnement et des cleantech.","robots":{"index":"index","follow":"follow","max-snippet":"max-snippet:-1","max-image-preview":"max-image-preview:large","max-video-preview":"max-video-preview:-1"},"canonical":"https:\/\/www.organisator.ch\/fr\/general\/2016-07-04\/erste-jobboerse-fuer-umweltjobs\/","og_locale":"fr_FR","og_type":"article","og_title":"Erste Jobb\u00f6rse f\u00fcr Umweltjobs - Organisator","og_description":"Jobb\u00f6rse f\u00fcr Umweltjobs: Die Online-Jobb\u00f6rse umweltprofis-jobs.ch will die Job- und Kandidatensuche f\u00fcr Umwelt- und Cleantechberufe vereinfachen.","og_url":"https:\/\/www.organisator.ch\/fr\/general\/2016-07-04\/erste-jobboerse-fuer-umweltjobs\/","og_site_name":"Organisator","article_publisher":"https:\/\/www.facebook.com\/OrganisatorFachmagazin","article_published_time":"2016-07-04T14:23:58+00:00","og_image":[{"width":1000,"height":667,"url":"https:\/\/www.organisator.ch\/wp-content\/uploads\/2016\/12\/Erste-Jobboerse-fuer-Umweltjobs-umweltperspektiven.jpg","type":"image\/jpeg"}],"author":"admin","twitter_card":"summary_large_image","schema":{"@context":"https:\/\/schema.org","@graph":[{"@type":"Article","@id":"https:\/\/www.organisator.ch\/en\/general\/2016-07-04\/erste-jobboerse-fuer-umweltjobs\/#article","isPartOf":{"@id":"https:\/\/www.organisator.ch\/en\/general\/2016-07-04\/erste-jobboerse-fuer-umweltjobs\/"},"author":{"name":"admin","@id":"https:\/\/www.organisator.ch\/#\/schema\/person\/aa2bace6c5c5aad60102004a50c4eb1c"},"headline":"Erste Jobb\u00f6rse f\u00fcr Umweltjobs","datePublished":"2016-07-04T14:23:58+00:00","mainEntityOfPage":{"@id":"https:\/\/www.organisator.ch\/en\/general\/2016-07-04\/erste-jobboerse-fuer-umweltjobs\/"},"wordCount":182,"commentCount":0,"publisher":{"@id":"https:\/\/www.organisator.ch\/#organization"},"image":{"@id":"https:\/\/www.organisator.ch\/en\/general\/2016-07-04\/erste-jobboerse-fuer-umweltjobs\/#primaryimage"},"thumbnailUrl":"https:\/\/www.organisator.ch\/wp-content\/uploads\/2016\/12\/Erste-Jobboerse-fuer-Umweltjobs-umweltperspektiven.jpg","keywords":["Arbeit","Job","Jobb\u00f6rse","Umweltjobs"],"articleSection":["Allgemein"],"inLanguage":"fr-FR"},{"@type":"WebPage","@id":"https:\/\/www.organisator.ch\/en\/general\/2016-07-04\/erste-jobboerse-fuer-umweltjobs\/","url":"https:\/\/www.organisator.ch\/en\/general\/2016-07-04\/erste-jobboerse-fuer-umweltjobs\/","name":"Premier site d'emploi pour les emplois environnementaux - Organisateur","isPartOf":{"@id":"https:\/\/www.organisator.ch\/#website"},"primaryImageOfPage":{"@id":"https:\/\/www.organisator.ch\/en\/general\/2016-07-04\/erste-jobboerse-fuer-umweltjobs\/#primaryimage"},"image":{"@id":"https:\/\/www.organisator.ch\/en\/general\/2016-07-04\/erste-jobboerse-fuer-umweltjobs\/#primaryimage"},"thumbnailUrl":"https:\/\/www.organisator.ch\/wp-content\/uploads\/2016\/12\/Erste-Jobboerse-fuer-Umweltjobs-umweltperspektiven.jpg","datePublished":"2016-07-04T14:23:58+00:00","description":"Bourse de l'emploi pour les m\u00e9tiers de l'environnement : La bourse de l'emploi en ligne umweltprofis-jobs.ch veut simplifier la recherche d'emplois et de candidats pour les m\u00e9tiers de l'environnement et des cleantech.","breadcrumb":{"@id":"https:\/\/www.organisator.ch\/en\/general\/2016-07-04\/erste-jobboerse-fuer-umweltjobs\/#breadcrumb"},"inLanguage":"fr-FR","potentialAction":[{"@type":"ReadAction","target":["https:\/\/www.organisator.ch\/en\/general\/2016-07-04\/erste-jobboerse-fuer-umweltjobs\/"]}]},{"@type":"ImageObject","inLanguage":"fr-FR","@id":"https:\/\/www.organisator.ch\/en\/general\/2016-07-04\/erste-jobboerse-fuer-umweltjobs\/#primaryimage","url":"https:\/\/www.organisator.ch\/wp-content\/uploads\/2016\/12\/Erste-Jobboerse-fuer-Umweltjobs-umweltperspektiven.jpg","contentUrl":"https:\/\/www.organisator.ch\/wp-content\/uploads\/2016\/12\/Erste-Jobboerse-fuer-Umweltjobs-umweltperspektiven.jpg","width":1000,"height":667,"caption":"Die Jobsuche f\u00fcr Umweltprofis vereinfachen: Dies will eine neue Online-Jobb\u00f6rse"},{"@type":"BreadcrumbList","@id":"https:\/\/www.organisator.ch\/en\/general\/2016-07-04\/erste-jobboerse-fuer-umweltjobs\/#breadcrumb","itemListElement":[{"@type":"ListItem","position":1,"name":"Home","item":"https:\/\/www.organisator.ch\/"},{"@type":"ListItem","position":2,"name":"Erste Jobb\u00f6rse f\u00fcr Umweltjobs"}]},{"@type":"WebSite","@id":"https:\/\/www.organisator.ch\/#website","url":"https:\/\/www.organisator.ch\/","name":"Organisateur","description":"Comp\u00e9tence et comp\u00e9tence. Proches de la pratique. L'ORGANISATEUR pr\u00e9pare 10 num\u00e9ros par an sur les th\u00e8mes essentiels pour les dirigeants de PME.","publisher":{"@id":"https:\/\/www.organisator.ch\/#organization"},"potentialAction":[{"@type":"SearchAction","target":{"@type":"EntryPoint","urlTemplate":"https:\/\/www.organisator.ch\/?s={search_term_string}"},"query-input":{"@type":"PropertyValueSpecification","valueRequired":true,"valueName":"search_term_string"}}],"inLanguage":"fr-FR"},{"@type":"Organization","@id":"https:\/\/www.organisator.ch\/#organization","name":"Organisateur","url":"https:\/\/www.organisator.ch\/","logo":{"@type":"ImageObject","inLanguage":"fr-FR","@id":"https:\/\/www.organisator.ch\/#\/schema\/logo\/image\/","url":"https:\/\/www.organisator.ch\/wp-content\/uploads\/2022\/01\/Logo_Organisator_Website.png","contentUrl":"https:\/\/www.organisator.ch\/wp-content\/uploads\/2022\/01\/Logo_Organisator_Website.png","width":800,"height":77,"caption":"Organisator"},"image":{"@id":"https:\/\/www.organisator.ch\/#\/schema\/logo\/image\/"},"sameAs":["https:\/\/www.facebook.com\/OrganisatorFachmagazin","https:\/\/www.linkedin.com\/showcase\/organisator-das-magazin-fr-kmu","https:\/\/www.xing.com\/news\/pages\/organisator-ch-695","https:\/\/www.youtube.com\/channel\/UCGP2Sq0iWaZwT3BdIAQFYpw"]},{"@type":"Person","@id":"https:\/\/www.organisator.ch\/#\/schema\/person\/aa2bace6c5c5aad60102004a50c4eb1c","name":"admin","image":{"@type":"ImageObject","inLanguage":"fr-FR","@id":"https:\/\/secure.gravatar.com\/avatar\/ae2f4d718e6c49043e314ce431e7e645d646302a24a5ef5a8bc8e3f5a032e319?s=96&d=mm&r=g","url":"https:\/\/secure.gravatar.com\/avatar\/ae2f4d718e6c49043e314ce431e7e645d646302a24a5ef5a8bc8e3f5a032e319?s=96&d=mm&r=g","contentUrl":"https:\/\/secure.gravatar.com\/avatar\/ae2f4d718e6c49043e314ce431e7e645d646302a24a5ef5a8bc8e3f5a032e319?s=96&d=mm&r=g","caption":"admin"},"sameAs":["https:\/\/www.organisator.ch"],"url":"https:\/\/www.organisator.ch\/fr\/author\/admin\/"}]}},"_links":{"self":[{"href":"https:\/\/www.organisator.ch\/fr\/wp-json\/wp\/v2\/posts\/9949","targetHints":{"allow":["GET"]}}],"collection":[{"href":"https:\/\/www.organisator.ch\/fr\/wp-json\/wp\/v2\/posts"}],"about":[{"href":"https:\/\/www.organisator.ch\/fr\/wp-json\/wp\/v2\/types\/post"}],"author":[{"embeddable":true,"href":"https:\/\/www.organisator.ch\/fr\/wp-json\/wp\/v2\/users\/1"}],"replies":[{"embeddable":true,"href":"https:\/\/www.organisator.ch\/fr\/wp-json\/wp\/v2\/comments?post=9949"}],"version-history":[{"count":0,"href":"https:\/\/www.organisator.ch\/fr\/wp-json\/wp\/v2\/posts\/9949\/revisions"}],"wp:featuredmedia":[{"embeddable":true,"href":"https:\/\/www.organisator.ch\/fr\/wp-json\/wp\/v2\/media\/9385"}],"wp:attachment":[{"href":"https:\/\/www.organisator.ch\/fr\/wp-json\/wp\/v2\/media?parent=9949"}],"wp:term":[{"taxonomy":"category","embeddable":true,"href":"https:\/\/www.organisator.ch\/fr\/wp-json\/wp\/v2\/categories?post=9949"},{"taxonomy":"post_tag","embeddable":true,"href":"https:\/\/www.organisator.ch\/fr\/wp-json\/wp\/v2\/tags?post=9949"}],"curies":[{"name":"wp","href":"https:\/\/api.w.org\/{rel}","templated":true}]}}