{"id":9950,"date":"2016-07-15T16:39:35","date_gmt":"2016-07-15T14:39:35","guid":{"rendered":"https:\/\/dev.umweltperspektiven.ch\/?p=413"},"modified":"2016-07-15T16:39:35","modified_gmt":"2016-07-15T14:39:35","slug":"metallrecycling-einfach-gemacht","status":"publish","type":"post","link":"https:\/\/www.organisator.ch\/fr\/allgemein\/2016-07-15\/metallrecycling-einfach-gemacht\/","title":{"rendered":"Le recyclage du m\u00e9tal en toute simplicit\u00e9"},"content":{"rendered":"<figure id=\"attachment_414\" aria-describedby=\"caption-attachment-414\" style=\"width: 680px\" class=\"wp-caption alignnone\"><a href=\"\/\/dev.umweltperspektiven.ch\/wp-content\/uploads\/2016\/12\/Metallrecycling-einfach-gemacht-umweltperspektiven.jpg\"><img loading=\"lazy\" decoding=\"async\" class=\"wp-image-414 size-medium\" src=\"\/\/www.umweltperspektiven.ch\/wp-content\/uploads\/2016\/12\/Metallrecycling-einfach-gemacht-umweltperspektiven.jpg\" alt=\"Le Metal Bag vise \u00e0 faciliter \u00e0 l&#039;avenir la collecte et le recyclage des emballages m\u00e9talliques par les consommateurs \u00e0 domicile.\" width=\"680\" height=\"453\" \/><\/a><figcaption id=\"caption-attachment-414\" class=\"wp-caption-text\">Le Metal Bag vise \u00e0 faciliter \u00e0 l'avenir la collecte et le recyclage des emballages m\u00e9talliques par les consommateurs \u00e0 domicile.<\/figcaption><\/figure>\n<p>Le Metal Bag est une action de collecte commune d'emballages alimentaires en m\u00e9tal. Le sac est organis\u00e9 par les deux organisations de recyclage <a href=\"https:\/\/www.igora.ch\/\" target=\"_blank\" data-cke-saved-href=\"\/\/www.igora.ch\/\" rel=\"noopener\">Igora<\/a> et <a href=\"http:\/\/www.ferrorecycling.ch\" target=\"_blank\" data-cke-saved-href=\"\/\/www.ferrorecycling.ch\" rel=\"noopener\">Ferro Recycling<\/a> sera pr\u00e9sent\u00e9 lors d'une tourn\u00e9e suisse et remis aux consommateurs int\u00e9ress\u00e9s. Du 14 au 16 juillet, la nouveaut\u00e9 \u00e0 collectionner se pr\u00e9sentera pour la premi\u00e8re fois \u00e0 la gare centrale de Zurich. D'autres arr\u00eats sont pr\u00e9vus \u00e0 Lausanne, Montreux, Berne, Spreitenbach et dans d'autres endroits.<\/p>\n<p>La question de savoir o\u00f9 jeter les canettes en aluminium et les bo\u00eetes de conserve vides, les barquettes en aluminium ou les tubes alimentaires, etc. ne se posera plus \u00e0 l'avenir. En effet, le nouveau Metal Bag met d\u00e9j\u00e0 de l'ordre dans la collecte des emballages m\u00e9talliques \u00e0 la maison. Lors de la tourn\u00e9e suisse actuelle, le Metal Bag se pr\u00e9sente, peut \u00eatre test\u00e9 et m\u00eame emport\u00e9 \u00e0 la maison.<\/p>\n<p><strong>Commander par SMS et soutenir Pro Infirmis<\/strong><br \/>\nPour tous ceux qui ne rencontreront pas le Metal Bag lors de sa tourn\u00e9e suisse, il est possible de le commander par SMS. La particularit\u00e9 : en achetant un exemplaire pour seulement 5 francs, chacun fait une bonne action pour l'environnement et soutient en m\u00eame temps Pro Infirmis dans son action \"Ensemble pour les enfants handicap\u00e9s\". Pour savoir comment faire, consultez le site <a href=\"http:\/\/metal-recycling.ch\" target=\"_blank\" data-cke-saved-href=\"\/\/metal-recycling.ch\" rel=\"noopener\">metal-recycling.ch<\/a>. Le Metal Bag est fabriqu\u00e9 dans un mat\u00e9riau r\u00e9sistant, lavable et r\u00e9utilisable \u00e0 l'infini.<\/p>\n<p><strong>Collecter quoi<\/strong><\/p>\n<p>Le Metal Bag permet de collecter les emballages en aluminium et en t\u00f4le d'acier qui portent le logo de recyclage correspondant. Il s'agit notamment des bo\u00eetes de boisson et de conserve, des tubes de mayonnaise, de moutarde, etc., des barquettes d'aliments pour animaux domestiques ainsi que des barquettes de barbecue et de repas. La recherche de points de collecte o\u00f9 le Metal Bag peut \u00eatre vid\u00e9 est possible sous <a href=\"http:\/\/recycling-map.ch\" target=\"_blank\" data-cke-saved-href=\"\/\/recycling-map.ch\" rel=\"noopener\">recycling-map.ch<\/a> n'a jamais \u00e9t\u00e9 aussi simple. Il suffit d'indiquer le code postal et la localit\u00e9 pour voir appara\u00eetre les adresses des centres de collecte les plus proches.<\/p>","protected":false},"excerpt":{"rendered":"<p>Der Metal Bag ist eine Aktion f\u00fcr die gemeinsame Sammlung von Lebensmittelverpackungen aus Metall.\u00a0Der Bag wird von den beiden Recyclingorganisationen Igora und Ferro Recycling auf einer Schweizer Tournee vorgestellt und interessierten Konsumenten abgegeben. Vom 14. bis 16. Juli pr\u00e4sentiert sich die Sammelneuigkeit erstmals im Hauptbahnhof in Z\u00fcrich. Weitere Stationen sind Lausanne, Montreux, Bern, Spreitenbach und [&hellip;]<\/p>\n","protected":false},"author":1,"featured_media":9395,"comment_status":"open","ping_status":"open","sticky":false,"template":"","format":"standard","meta":{"_acf_changed":false,"_yoast_wpseo_focuskw":"Metallrecycling","_yoast_wpseo_metadesc":"Metallrecycling: Der Metal Bag will es den Konsumenten k\u00fcnftig einfacher machen, Metallverpackungen zu Hause zu sammeln und zu recyclen.","articlekey":"","footnotes":""},"categories":[1],"tags":[1166,1394,1693,1694,1987],"class_list":["post-9950","post","type-post","status-publish","format-standard","has-post-thumbnail","hentry","category-allgemein","tag-ferro-recycling","tag-igora","tag-metal-bag","tag-metall","tag-recycling"],"acf":[],"yoast_head":"<!-- This site is optimized with the Yoast SEO plugin v27.5 - https:\/\/yoast.com\/product\/yoast-seo-wordpress\/ -->\n<title>Metallrecycling einfach gemacht - Organisator<\/title>\n<meta name=\"description\" content=\"Metallrecycling: Der Metal Bag will es den Konsumenten k\u00fcnftig einfacher machen, Metallverpackungen zu Hause zu sammeln und zu recyclen.\" \/>\n<meta name=\"robots\" content=\"index, follow, max-snippet:-1, max-image-preview:large, max-video-preview:-1\" \/>\n<link rel=\"canonical\" href=\"https:\/\/www.organisator.ch\/fr\/general\/2016-07-15\/metallrecycling-einfach-gemacht\/\" \/>\n<meta property=\"og:locale\" content=\"fr_FR\" \/>\n<meta property=\"og:type\" content=\"article\" \/>\n<meta property=\"og:title\" content=\"Metallrecycling einfach gemacht - Organisator\" \/>\n<meta property=\"og:description\" content=\"Metallrecycling: Der Metal Bag will es den Konsumenten k\u00fcnftig einfacher machen, Metallverpackungen zu Hause zu sammeln und zu recyclen.\" \/>\n<meta property=\"og:url\" content=\"https:\/\/www.organisator.ch\/fr\/general\/2016-07-15\/metallrecycling-einfach-gemacht\/\" \/>\n<meta property=\"og:site_name\" content=\"Organisator\" \/>\n<meta property=\"article:publisher\" content=\"https:\/\/www.facebook.com\/OrganisatorFachmagazin\" \/>\n<meta property=\"article:published_time\" content=\"2016-07-15T14:39:35+00:00\" \/>\n<meta property=\"og:image\" content=\"https:\/\/www.organisator.ch\/wp-content\/uploads\/2016\/12\/Metallrecycling-einfach-gemacht-umweltperspektiven-scaled.jpg\" \/>\n\t<meta property=\"og:image:width\" content=\"2560\" \/>\n\t<meta property=\"og:image:height\" content=\"1707\" \/>\n\t<meta property=\"og:image:type\" content=\"image\/jpeg\" \/>\n<meta name=\"author\" content=\"admin\" \/>\n<meta name=\"twitter:card\" content=\"summary_large_image\" \/>\n<script type=\"application\/ld+json\" class=\"yoast-schema-graph\">{\"@context\":\"https:\\\/\\\/schema.org\",\"@graph\":[{\"@type\":\"Article\",\"@id\":\"https:\\\/\\\/www.organisator.ch\\\/de\\\/allgemein\\\/2016-07-15\\\/metallrecycling-einfach-gemacht\\\/#article\",\"isPartOf\":{\"@id\":\"https:\\\/\\\/www.organisator.ch\\\/de\\\/allgemein\\\/2016-07-15\\\/metallrecycling-einfach-gemacht\\\/\"},\"author\":{\"name\":\"admin\",\"@id\":\"https:\\\/\\\/www.organisator.ch\\\/#\\\/schema\\\/person\\\/aa2bace6c5c5aad60102004a50c4eb1c\"},\"headline\":\"Metallrecycling einfach gemacht\",\"datePublished\":\"2016-07-15T14:39:35+00:00\",\"mainEntityOfPage\":{\"@id\":\"https:\\\/\\\/www.organisator.ch\\\/de\\\/allgemein\\\/2016-07-15\\\/metallrecycling-einfach-gemacht\\\/\"},\"wordCount\":306,\"commentCount\":0,\"publisher\":{\"@id\":\"https:\\\/\\\/www.organisator.ch\\\/#organization\"},\"image\":{\"@id\":\"https:\\\/\\\/www.organisator.ch\\\/de\\\/allgemein\\\/2016-07-15\\\/metallrecycling-einfach-gemacht\\\/#primaryimage\"},\"thumbnailUrl\":\"https:\\\/\\\/www.organisator.ch\\\/wp-content\\\/uploads\\\/2016\\\/12\\\/Metallrecycling-einfach-gemacht-umweltperspektiven-scaled.jpg\",\"keywords\":[\"Ferro Recycling\",\"Igora\",\"Metal Bag\",\"Metall\",\"Recycling\"],\"articleSection\":[\"Allgemein\"],\"inLanguage\":\"fr-FR\"},{\"@type\":\"WebPage\",\"@id\":\"https:\\\/\\\/www.organisator.ch\\\/de\\\/allgemein\\\/2016-07-15\\\/metallrecycling-einfach-gemacht\\\/\",\"url\":\"https:\\\/\\\/www.organisator.ch\\\/de\\\/allgemein\\\/2016-07-15\\\/metallrecycling-einfach-gemacht\\\/\",\"name\":\"Metallrecycling einfach gemacht - Organisator\",\"isPartOf\":{\"@id\":\"https:\\\/\\\/www.organisator.ch\\\/#website\"},\"primaryImageOfPage\":{\"@id\":\"https:\\\/\\\/www.organisator.ch\\\/de\\\/allgemein\\\/2016-07-15\\\/metallrecycling-einfach-gemacht\\\/#primaryimage\"},\"image\":{\"@id\":\"https:\\\/\\\/www.organisator.ch\\\/de\\\/allgemein\\\/2016-07-15\\\/metallrecycling-einfach-gemacht\\\/#primaryimage\"},\"thumbnailUrl\":\"https:\\\/\\\/www.organisator.ch\\\/wp-content\\\/uploads\\\/2016\\\/12\\\/Metallrecycling-einfach-gemacht-umweltperspektiven-scaled.jpg\",\"datePublished\":\"2016-07-15T14:39:35+00:00\",\"description\":\"Metallrecycling: Der Metal Bag will es den Konsumenten k\u00fcnftig einfacher machen, Metallverpackungen zu Hause zu sammeln und zu recyclen.\",\"breadcrumb\":{\"@id\":\"https:\\\/\\\/www.organisator.ch\\\/de\\\/allgemein\\\/2016-07-15\\\/metallrecycling-einfach-gemacht\\\/#breadcrumb\"},\"inLanguage\":\"fr-FR\",\"potentialAction\":[{\"@type\":\"ReadAction\",\"target\":[\"https:\\\/\\\/www.organisator.ch\\\/de\\\/allgemein\\\/2016-07-15\\\/metallrecycling-einfach-gemacht\\\/\"]}]},{\"@type\":\"ImageObject\",\"inLanguage\":\"fr-FR\",\"@id\":\"https:\\\/\\\/www.organisator.ch\\\/de\\\/allgemein\\\/2016-07-15\\\/metallrecycling-einfach-gemacht\\\/#primaryimage\",\"url\":\"https:\\\/\\\/www.organisator.ch\\\/wp-content\\\/uploads\\\/2016\\\/12\\\/Metallrecycling-einfach-gemacht-umweltperspektiven-scaled.jpg\",\"contentUrl\":\"https:\\\/\\\/www.organisator.ch\\\/wp-content\\\/uploads\\\/2016\\\/12\\\/Metallrecycling-einfach-gemacht-umweltperspektiven-scaled.jpg\",\"width\":2560,\"height\":1707,\"caption\":\"Der Metal Bag will es den Konsumenten k\u00fcnftig einfacher machen, Metallverpackungen zu Hause zu sammeln und zu recyclen.\"},{\"@type\":\"BreadcrumbList\",\"@id\":\"https:\\\/\\\/www.organisator.ch\\\/de\\\/allgemein\\\/2016-07-15\\\/metallrecycling-einfach-gemacht\\\/#breadcrumb\",\"itemListElement\":[{\"@type\":\"ListItem\",\"position\":1,\"name\":\"Home\",\"item\":\"https:\\\/\\\/www.organisator.ch\\\/\"},{\"@type\":\"ListItem\",\"position\":2,\"name\":\"Metallrecycling einfach gemacht\"}]},{\"@type\":\"WebSite\",\"@id\":\"https:\\\/\\\/www.organisator.ch\\\/#website\",\"url\":\"https:\\\/\\\/www.organisator.ch\\\/\",\"name\":\"Organisator\",\"description\":\"Kompetent. Praxisnah. Der ORGANISATOR bereitet in 10 Ausgaben pro Jahr die wesentlichen Themen f\u00fcr F\u00fchrungskr\u00e4fte von KMU auf.\",\"publisher\":{\"@id\":\"https:\\\/\\\/www.organisator.ch\\\/#organization\"},\"potentialAction\":[{\"@type\":\"SearchAction\",\"target\":{\"@type\":\"EntryPoint\",\"urlTemplate\":\"https:\\\/\\\/www.organisator.ch\\\/?s={search_term_string}\"},\"query-input\":{\"@type\":\"PropertyValueSpecification\",\"valueRequired\":true,\"valueName\":\"search_term_string\"}}],\"inLanguage\":\"fr-FR\"},{\"@type\":\"Organization\",\"@id\":\"https:\\\/\\\/www.organisator.ch\\\/#organization\",\"name\":\"Organisator\",\"url\":\"https:\\\/\\\/www.organisator.ch\\\/\",\"logo\":{\"@type\":\"ImageObject\",\"inLanguage\":\"fr-FR\",\"@id\":\"https:\\\/\\\/www.organisator.ch\\\/#\\\/schema\\\/logo\\\/image\\\/\",\"url\":\"https:\\\/\\\/www.organisator.ch\\\/wp-content\\\/uploads\\\/2022\\\/01\\\/Logo_Organisator_Website.png\",\"contentUrl\":\"https:\\\/\\\/www.organisator.ch\\\/wp-content\\\/uploads\\\/2022\\\/01\\\/Logo_Organisator_Website.png\",\"width\":800,\"height\":77,\"caption\":\"Organisator\"},\"image\":{\"@id\":\"https:\\\/\\\/www.organisator.ch\\\/#\\\/schema\\\/logo\\\/image\\\/\"},\"sameAs\":[\"https:\\\/\\\/www.facebook.com\\\/OrganisatorFachmagazin\",\"https:\\\/\\\/www.linkedin.com\\\/showcase\\\/organisator-das-magazin-fr-kmu\",\"https:\\\/\\\/www.xing.com\\\/news\\\/pages\\\/organisator-ch-695\",\"https:\\\/\\\/www.youtube.com\\\/channel\\\/UCGP2Sq0iWaZwT3BdIAQFYpw\"]},{\"@type\":\"Person\",\"@id\":\"https:\\\/\\\/www.organisator.ch\\\/#\\\/schema\\\/person\\\/aa2bace6c5c5aad60102004a50c4eb1c\",\"name\":\"admin\",\"image\":{\"@type\":\"ImageObject\",\"inLanguage\":\"fr-FR\",\"@id\":\"https:\\\/\\\/secure.gravatar.com\\\/avatar\\\/ae2f4d718e6c49043e314ce431e7e645d646302a24a5ef5a8bc8e3f5a032e319?s=96&d=mm&r=g\",\"url\":\"https:\\\/\\\/secure.gravatar.com\\\/avatar\\\/ae2f4d718e6c49043e314ce431e7e645d646302a24a5ef5a8bc8e3f5a032e319?s=96&d=mm&r=g\",\"contentUrl\":\"https:\\\/\\\/secure.gravatar.com\\\/avatar\\\/ae2f4d718e6c49043e314ce431e7e645d646302a24a5ef5a8bc8e3f5a032e319?s=96&d=mm&r=g\",\"caption\":\"admin\"},\"sameAs\":[\"https:\\\/\\\/www.organisator.ch\"],\"url\":\"https:\\\/\\\/www.organisator.ch\\\/fr\\\/author\\\/admin\\\/\"}]}<\/script>\n<!-- \/ Yoast SEO plugin. -->","yoast_head_json":{"title":"Le recyclage du m\u00e9tal en toute simplicit\u00e9 - Organisateur","description":"Recyclage des m\u00e9taux : le Metal Bag veut \u00e0 l'avenir faciliter la collecte et le recyclage des emballages m\u00e9talliques \u00e0 domicile pour les consommateurs.","robots":{"index":"index","follow":"follow","max-snippet":"max-snippet:-1","max-image-preview":"max-image-preview:large","max-video-preview":"max-video-preview:-1"},"canonical":"https:\/\/www.organisator.ch\/fr\/general\/2016-07-15\/metallrecycling-einfach-gemacht\/","og_locale":"fr_FR","og_type":"article","og_title":"Metallrecycling einfach gemacht - Organisator","og_description":"Metallrecycling: Der Metal Bag will es den Konsumenten k\u00fcnftig einfacher machen, Metallverpackungen zu Hause zu sammeln und zu recyclen.","og_url":"https:\/\/www.organisator.ch\/fr\/general\/2016-07-15\/metallrecycling-einfach-gemacht\/","og_site_name":"Organisator","article_publisher":"https:\/\/www.facebook.com\/OrganisatorFachmagazin","article_published_time":"2016-07-15T14:39:35+00:00","og_image":[{"width":2560,"height":1707,"url":"https:\/\/www.organisator.ch\/wp-content\/uploads\/2016\/12\/Metallrecycling-einfach-gemacht-umweltperspektiven-scaled.jpg","type":"image\/jpeg"}],"author":"admin","twitter_card":"summary_large_image","schema":{"@context":"https:\/\/schema.org","@graph":[{"@type":"Article","@id":"https:\/\/www.organisator.ch\/de\/allgemein\/2016-07-15\/metallrecycling-einfach-gemacht\/#article","isPartOf":{"@id":"https:\/\/www.organisator.ch\/de\/allgemein\/2016-07-15\/metallrecycling-einfach-gemacht\/"},"author":{"name":"admin","@id":"https:\/\/www.organisator.ch\/#\/schema\/person\/aa2bace6c5c5aad60102004a50c4eb1c"},"headline":"Metallrecycling einfach gemacht","datePublished":"2016-07-15T14:39:35+00:00","mainEntityOfPage":{"@id":"https:\/\/www.organisator.ch\/de\/allgemein\/2016-07-15\/metallrecycling-einfach-gemacht\/"},"wordCount":306,"commentCount":0,"publisher":{"@id":"https:\/\/www.organisator.ch\/#organization"},"image":{"@id":"https:\/\/www.organisator.ch\/de\/allgemein\/2016-07-15\/metallrecycling-einfach-gemacht\/#primaryimage"},"thumbnailUrl":"https:\/\/www.organisator.ch\/wp-content\/uploads\/2016\/12\/Metallrecycling-einfach-gemacht-umweltperspektiven-scaled.jpg","keywords":["Ferro Recycling","Igora","Metal Bag","Metall","Recycling"],"articleSection":["Allgemein"],"inLanguage":"fr-FR"},{"@type":"WebPage","@id":"https:\/\/www.organisator.ch\/de\/allgemein\/2016-07-15\/metallrecycling-einfach-gemacht\/","url":"https:\/\/www.organisator.ch\/de\/allgemein\/2016-07-15\/metallrecycling-einfach-gemacht\/","name":"Le recyclage du m\u00e9tal en toute simplicit\u00e9 - Organisateur","isPartOf":{"@id":"https:\/\/www.organisator.ch\/#website"},"primaryImageOfPage":{"@id":"https:\/\/www.organisator.ch\/de\/allgemein\/2016-07-15\/metallrecycling-einfach-gemacht\/#primaryimage"},"image":{"@id":"https:\/\/www.organisator.ch\/de\/allgemein\/2016-07-15\/metallrecycling-einfach-gemacht\/#primaryimage"},"thumbnailUrl":"https:\/\/www.organisator.ch\/wp-content\/uploads\/2016\/12\/Metallrecycling-einfach-gemacht-umweltperspektiven-scaled.jpg","datePublished":"2016-07-15T14:39:35+00:00","description":"Recyclage des m\u00e9taux : le Metal Bag veut \u00e0 l'avenir faciliter la collecte et le recyclage des emballages m\u00e9talliques \u00e0 domicile pour les consommateurs.","breadcrumb":{"@id":"https:\/\/www.organisator.ch\/de\/allgemein\/2016-07-15\/metallrecycling-einfach-gemacht\/#breadcrumb"},"inLanguage":"fr-FR","potentialAction":[{"@type":"ReadAction","target":["https:\/\/www.organisator.ch\/de\/allgemein\/2016-07-15\/metallrecycling-einfach-gemacht\/"]}]},{"@type":"ImageObject","inLanguage":"fr-FR","@id":"https:\/\/www.organisator.ch\/de\/allgemein\/2016-07-15\/metallrecycling-einfach-gemacht\/#primaryimage","url":"https:\/\/www.organisator.ch\/wp-content\/uploads\/2016\/12\/Metallrecycling-einfach-gemacht-umweltperspektiven-scaled.jpg","contentUrl":"https:\/\/www.organisator.ch\/wp-content\/uploads\/2016\/12\/Metallrecycling-einfach-gemacht-umweltperspektiven-scaled.jpg","width":2560,"height":1707,"caption":"Der Metal Bag will es den Konsumenten k\u00fcnftig einfacher machen, Metallverpackungen zu Hause zu sammeln und zu recyclen."},{"@type":"BreadcrumbList","@id":"https:\/\/www.organisator.ch\/de\/allgemein\/2016-07-15\/metallrecycling-einfach-gemacht\/#breadcrumb","itemListElement":[{"@type":"ListItem","position":1,"name":"Home","item":"https:\/\/www.organisator.ch\/"},{"@type":"ListItem","position":2,"name":"Metallrecycling einfach gemacht"}]},{"@type":"WebSite","@id":"https:\/\/www.organisator.ch\/#website","url":"https:\/\/www.organisator.ch\/","name":"Organisateur","description":"Comp\u00e9tence et comp\u00e9tence. Proches de la pratique. L'ORGANISATEUR pr\u00e9pare 10 num\u00e9ros par an sur les th\u00e8mes essentiels pour les dirigeants de PME.","publisher":{"@id":"https:\/\/www.organisator.ch\/#organization"},"potentialAction":[{"@type":"SearchAction","target":{"@type":"EntryPoint","urlTemplate":"https:\/\/www.organisator.ch\/?s={search_term_string}"},"query-input":{"@type":"PropertyValueSpecification","valueRequired":true,"valueName":"search_term_string"}}],"inLanguage":"fr-FR"},{"@type":"Organization","@id":"https:\/\/www.organisator.ch\/#organization","name":"Organisateur","url":"https:\/\/www.organisator.ch\/","logo":{"@type":"ImageObject","inLanguage":"fr-FR","@id":"https:\/\/www.organisator.ch\/#\/schema\/logo\/image\/","url":"https:\/\/www.organisator.ch\/wp-content\/uploads\/2022\/01\/Logo_Organisator_Website.png","contentUrl":"https:\/\/www.organisator.ch\/wp-content\/uploads\/2022\/01\/Logo_Organisator_Website.png","width":800,"height":77,"caption":"Organisator"},"image":{"@id":"https:\/\/www.organisator.ch\/#\/schema\/logo\/image\/"},"sameAs":["https:\/\/www.facebook.com\/OrganisatorFachmagazin","https:\/\/www.linkedin.com\/showcase\/organisator-das-magazin-fr-kmu","https:\/\/www.xing.com\/news\/pages\/organisator-ch-695","https:\/\/www.youtube.com\/channel\/UCGP2Sq0iWaZwT3BdIAQFYpw"]},{"@type":"Person","@id":"https:\/\/www.organisator.ch\/#\/schema\/person\/aa2bace6c5c5aad60102004a50c4eb1c","name":"admin","image":{"@type":"ImageObject","inLanguage":"fr-FR","@id":"https:\/\/secure.gravatar.com\/avatar\/ae2f4d718e6c49043e314ce431e7e645d646302a24a5ef5a8bc8e3f5a032e319?s=96&d=mm&r=g","url":"https:\/\/secure.gravatar.com\/avatar\/ae2f4d718e6c49043e314ce431e7e645d646302a24a5ef5a8bc8e3f5a032e319?s=96&d=mm&r=g","contentUrl":"https:\/\/secure.gravatar.com\/avatar\/ae2f4d718e6c49043e314ce431e7e645d646302a24a5ef5a8bc8e3f5a032e319?s=96&d=mm&r=g","caption":"admin"},"sameAs":["https:\/\/www.organisator.ch"],"url":"https:\/\/www.organisator.ch\/fr\/author\/admin\/"}]}},"_links":{"self":[{"href":"https:\/\/www.organisator.ch\/fr\/wp-json\/wp\/v2\/posts\/9950","targetHints":{"allow":["GET"]}}],"collection":[{"href":"https:\/\/www.organisator.ch\/fr\/wp-json\/wp\/v2\/posts"}],"about":[{"href":"https:\/\/www.organisator.ch\/fr\/wp-json\/wp\/v2\/types\/post"}],"author":[{"embeddable":true,"href":"https:\/\/www.organisator.ch\/fr\/wp-json\/wp\/v2\/users\/1"}],"replies":[{"embeddable":true,"href":"https:\/\/www.organisator.ch\/fr\/wp-json\/wp\/v2\/comments?post=9950"}],"version-history":[{"count":0,"href":"https:\/\/www.organisator.ch\/fr\/wp-json\/wp\/v2\/posts\/9950\/revisions"}],"wp:featuredmedia":[{"embeddable":true,"href":"https:\/\/www.organisator.ch\/fr\/wp-json\/wp\/v2\/media\/9395"}],"wp:attachment":[{"href":"https:\/\/www.organisator.ch\/fr\/wp-json\/wp\/v2\/media?parent=9950"}],"wp:term":[{"taxonomy":"category","embeddable":true,"href":"https:\/\/www.organisator.ch\/fr\/wp-json\/wp\/v2\/categories?post=9950"},{"taxonomy":"post_tag","embeddable":true,"href":"https:\/\/www.organisator.ch\/fr\/wp-json\/wp\/v2\/tags?post=9950"}],"curies":[{"name":"wp","href":"https:\/\/api.w.org\/{rel}","templated":true}]}}