{"id":9952,"date":"2016-07-19T16:44:01","date_gmt":"2016-07-19T14:44:01","guid":{"rendered":"https:\/\/dev.umweltperspektiven.ch\/?p=420"},"modified":"2022-02-09T11:06:58","modified_gmt":"2022-02-09T10:06:58","slug":"co2-kompensationen-erstmals-ruecklaeufig","status":"publish","type":"post","link":"https:\/\/www.organisator.ch\/fr\/sustainability\/2016-07-19\/co2-kompensationen-erstmals-ruecklaeufig\/","title":{"rendered":"Les compensations de CO2 en baisse pour la premi\u00e8re fois"},"content":{"rendered":"<figure id=\"attachment_421\" aria-describedby=\"caption-attachment-421\" style=\"width: 680px\" class=\"wp-caption alignnone\"><a href=\"\/\/dev.umweltperspektiven.ch\/wp-content\/uploads\/2016\/12\/CO2-Kompensationen-erstmals-r\u00fcckl\u00e4ufig-umweltperspektiven.jpg\"><img loading=\"lazy\" decoding=\"async\" class=\"size-medium wp-image-421\" src=\"\/\/dev.umweltperspektiven.ch\/wp-content\/uploads\/2016\/12\/CO2-Kompensationen-erstmals-r\u00fcckl\u00e4ufig-umweltperspektiven.jpg\" alt=\"Malgr\u00e9 des prix toujours plus avantageux, de plus en plus de Suisses renoncent \u00e0 compenser leurs \u00e9missions de CO2.\" width=\"680\" height=\"510\" \/><\/a><figcaption id=\"caption-attachment-421\" class=\"wp-caption-text\">Malgr\u00e9 des prix toujours plus avantageux, de plus en plus de Suisses renoncent \u00e0 compenser leurs \u00e9missions de CO2.<\/figcaption><\/figure>\n<p>La compensation volontaire des \u00e9missions de CO2 est pour la premi\u00e8re fois en baisse : c'est ce qu'annonce la fondation MyClimate dans son <a href=\"https:\/\/www.myclimate.org\/fileadmin\/myc\/ueber-uns\/jahresbericht\/myclimate-jahresbericht-2015.pdf\" target=\"_blank\" data-cke-saved-href=\"\/\/www.myclimate.org\/fileadmin\/myc\/ueber-uns\/jahresbericht\/myclimate-jahresbericht-2015.pdf\" rel=\"noopener\">Rapport annuel 2015<\/a>. Au total, 550 000 tonnes de CO2 ont \u00e9t\u00e9 compens\u00e9es l'ann\u00e9e derni\u00e8re gr\u00e2ce aux projets de protection climatique de la fondation, ce qui correspond au niveau de 2013.<\/p>\n<p>L'ann\u00e9e derni\u00e8re a \u00e9t\u00e9 positive pour la protection du climat : avec l'accord de Paris, le monde s'est engag\u00e9 pour la premi\u00e8re fois \u00e0 prendre des mesures d'am\u00e9lioration du climat. Parall\u00e8lement, les prix du p\u00e9trole et de l'\u00e9nergie ont atteint des niveaux records, ce qui aurait d\u00fb donner un coup de pouce aux paiements compensatoires. En effet, les paiements pour les 13,5 tonnes de CO2 que le Suisse moyen \u00e9met par habitant et par an sont, avec 400 francs, moins chers que ce qu'il a \u00e9conomis\u00e9 gr\u00e2ce aux prix bas.<\/p>\n<p>MyClimate d\u00e9plore le manque de volont\u00e9 des particuliers et des entreprises \u00e0 compenser volontairement leurs \u00e9missions. Ren\u00e9 Estermann le r\u00e9sume ainsi dans son rapport : \"Nous pourrions et souhaiterions r\u00e9aliser beaucoup plus rapidement une protection climatique nettement plus importante avec des installations de biogaz, des fours efficaces ou des installations solaires. Mais faute de moyens financiers, nous devons limiter massivement le d\u00e9veloppement de projets existants. De plus, des dizaines de nouveaux projets potentiels sont en attente. Nous devons \u00e9galement les repousser au moment o\u00f9 davantage d'entreprises et de personnes seront pr\u00eates \u00e0 internaliser les co\u00fbts de leurs \u00e9missions de CO2 ou devront le faire \u00e0 ce moment-l\u00e0\".<\/p>\n<p><strong>Renforcer la coop\u00e9ration<\/strong><\/p>\n<p>Il y a tout de m\u00eame une nouvelle r\u00e9jouissante : <a href=\"http:\/\/co2.myclimate.org\/de\/offset_further_emissions\" target=\"_blank\" data-cke-saved-href=\"\/\/co2.myclimate.org\/de\/offset_further_emissions\" rel=\"noopener\">Les calculateurs de MyClimate<\/a> ont \u00e9t\u00e9 utilis\u00e9s par 25% de personnes en plus. Les utilisateurs peuvent ainsi calculer combien d'\u00e9missions de CO2 sont g\u00e9n\u00e9r\u00e9es par les vols, les trajets en voiture, le m\u00e9nage ou l'entreprise.<\/p>\n<p>En outre, MyClimate souhaite renforcer les coop\u00e9rations, comme c'est d\u00e9j\u00e0 le cas avec Mobility ou le fournisseur de mobilit\u00e9 allemand BlaBlaCars : Alors que chez les premiers, on demande aux clients \u00e0 chaque r\u00e9servation s'ils veulent compenser leur trajet, chez les seconds, la compensation est d\u00e9j\u00e0 automatiquement incluse dans le prix de la r\u00e9servation. Les utilisateurs de BlaBlaCars peuvent en outre voter sur les projets dans lesquels les fonds doivent \u00eatre investis.<\/p>","protected":false},"excerpt":{"rendered":"<p>Die freiwillige Kompensation von CO2-Emissionen ist erstmals r\u00fcckl\u00e4ufig: Dies meldet die Stiftung MyClimate in ihrem Jahresbericht 2015. Insgesamt wurden im vergangenen Jahr 550&#8217;000 Tonnen CO2 mit den Klimaschutzprojekten der Stiftung kompensiert, was dem Niveau von 2013 entspricht. Das vergangene Jahr war eigentlich ein Positives f\u00fcr den Klimaschutz: Mit dem Pariser Abkommen bekannte sich die Welt [&hellip;]<\/p>\n","protected":false},"author":1,"featured_media":421,"comment_status":"open","ping_status":"open","sticky":false,"template":"","format":"standard","meta":{"_acf_changed":false,"_yoast_wpseo_focuskw":"CO2","_yoast_wpseo_metadesc":"Die Schweizer wollen ihren CO2-Verbrauch immer weniger kompensieren: Die Stiftung MyClimate meldet zum ersten Mal r\u00fcckl\u00e4ufige Zahlen.","articlekey":"","footnotes":""},"categories":[580],"tags":[928,1047,1550,1749],"class_list":["post-9952","post","type-post","status-publish","format-standard","has-post-thumbnail","hentry","category-sustainability","tag-co2","tag-emissionen","tag-kompensation","tag-myclimate"],"acf":[],"yoast_head":"<!-- This site is optimized with the Yoast SEO plugin v27.5 - https:\/\/yoast.com\/product\/yoast-seo-wordpress\/ -->\n<title>CO2-Kompensationen erstmals r\u00fcckl\u00e4ufig - Organisator<\/title>\n<meta name=\"description\" content=\"Die Schweizer wollen ihren CO2-Verbrauch immer weniger kompensieren: Die Stiftung MyClimate meldet zum ersten Mal r\u00fcckl\u00e4ufige Zahlen.\" \/>\n<meta name=\"robots\" content=\"index, follow, max-snippet:-1, max-image-preview:large, max-video-preview:-1\" \/>\n<link rel=\"canonical\" href=\"https:\/\/www.organisator.ch\/fr\/sustainability\/2016-07-19\/co2-kompensationen-erstmals-ruecklaeufig\/\" \/>\n<meta property=\"og:locale\" content=\"fr_FR\" \/>\n<meta property=\"og:type\" content=\"article\" \/>\n<meta property=\"og:title\" content=\"CO2-Kompensationen erstmals r\u00fcckl\u00e4ufig - Organisator\" \/>\n<meta property=\"og:description\" content=\"Die Schweizer wollen ihren CO2-Verbrauch immer weniger kompensieren: Die Stiftung MyClimate meldet zum ersten Mal r\u00fcckl\u00e4ufige Zahlen.\" \/>\n<meta property=\"og:url\" content=\"https:\/\/www.organisator.ch\/fr\/sustainability\/2016-07-19\/co2-kompensationen-erstmals-ruecklaeufig\/\" \/>\n<meta property=\"og:site_name\" content=\"Organisator\" \/>\n<meta property=\"article:publisher\" content=\"https:\/\/www.facebook.com\/OrganisatorFachmagazin\" \/>\n<meta property=\"article:published_time\" content=\"2016-07-19T14:44:01+00:00\" \/>\n<meta property=\"article:modified_time\" content=\"2022-02-09T10:06:58+00:00\" \/>\n<meta property=\"og:image\" content=\"https:\/\/www.organisator.ch\/wp-content\/uploads\/2016\/12\/CO2-Kompensationen-erstmals-ruecklaeufig-umweltperspektiven.jpg\" \/>\n\t<meta property=\"og:image:width\" content=\"1000\" \/>\n\t<meta property=\"og:image:height\" content=\"750\" \/>\n\t<meta property=\"og:image:type\" content=\"image\/jpeg\" \/>\n<meta name=\"author\" content=\"admin\" \/>\n<meta name=\"twitter:card\" content=\"summary_large_image\" \/>\n<script type=\"application\/ld+json\" class=\"yoast-schema-graph\">{\"@context\":\"https:\\\/\\\/schema.org\",\"@graph\":[{\"@type\":\"Article\",\"@id\":\"https:\\\/\\\/www.organisator.ch\\\/sustainability\\\/2016-07-19\\\/co2-kompensationen-erstmals-ruecklaeufig\\\/#article\",\"isPartOf\":{\"@id\":\"https:\\\/\\\/www.organisator.ch\\\/sustainability\\\/2016-07-19\\\/co2-kompensationen-erstmals-ruecklaeufig\\\/\"},\"author\":{\"name\":\"admin\",\"@id\":\"https:\\\/\\\/www.organisator.ch\\\/#\\\/schema\\\/person\\\/aa2bace6c5c5aad60102004a50c4eb1c\"},\"headline\":\"CO2-Kompensationen erstmals r\u00fcckl\u00e4ufig\",\"datePublished\":\"2016-07-19T14:44:01+00:00\",\"dateModified\":\"2022-02-09T10:06:58+00:00\",\"mainEntityOfPage\":{\"@id\":\"https:\\\/\\\/www.organisator.ch\\\/sustainability\\\/2016-07-19\\\/co2-kompensationen-erstmals-ruecklaeufig\\\/\"},\"wordCount\":347,\"commentCount\":0,\"publisher\":{\"@id\":\"https:\\\/\\\/www.organisator.ch\\\/#organization\"},\"image\":{\"@id\":\"https:\\\/\\\/www.organisator.ch\\\/sustainability\\\/2016-07-19\\\/co2-kompensationen-erstmals-ruecklaeufig\\\/#primaryimage\"},\"thumbnailUrl\":\"https:\\\/\\\/www.organisator.ch\\\/wp-content\\\/uploads\\\/2016\\\/12\\\/CO2-Kompensationen-erstmals-ruecklaeufig-umweltperspektiven.jpg\",\"keywords\":[\"CO2\",\"Emissionen\",\"Kompensation\",\"myclimate\"],\"articleSection\":[\"SUSTAINABILITY\"],\"inLanguage\":\"fr-FR\"},{\"@type\":\"WebPage\",\"@id\":\"https:\\\/\\\/www.organisator.ch\\\/sustainability\\\/2016-07-19\\\/co2-kompensationen-erstmals-ruecklaeufig\\\/\",\"url\":\"https:\\\/\\\/www.organisator.ch\\\/sustainability\\\/2016-07-19\\\/co2-kompensationen-erstmals-ruecklaeufig\\\/\",\"name\":\"CO2-Kompensationen erstmals r\u00fcckl\u00e4ufig - Organisator\",\"isPartOf\":{\"@id\":\"https:\\\/\\\/www.organisator.ch\\\/#website\"},\"primaryImageOfPage\":{\"@id\":\"https:\\\/\\\/www.organisator.ch\\\/sustainability\\\/2016-07-19\\\/co2-kompensationen-erstmals-ruecklaeufig\\\/#primaryimage\"},\"image\":{\"@id\":\"https:\\\/\\\/www.organisator.ch\\\/sustainability\\\/2016-07-19\\\/co2-kompensationen-erstmals-ruecklaeufig\\\/#primaryimage\"},\"thumbnailUrl\":\"https:\\\/\\\/www.organisator.ch\\\/wp-content\\\/uploads\\\/2016\\\/12\\\/CO2-Kompensationen-erstmals-ruecklaeufig-umweltperspektiven.jpg\",\"datePublished\":\"2016-07-19T14:44:01+00:00\",\"dateModified\":\"2022-02-09T10:06:58+00:00\",\"description\":\"Die Schweizer wollen ihren CO2-Verbrauch immer weniger kompensieren: Die Stiftung MyClimate meldet zum ersten Mal r\u00fcckl\u00e4ufige Zahlen.\",\"breadcrumb\":{\"@id\":\"https:\\\/\\\/www.organisator.ch\\\/sustainability\\\/2016-07-19\\\/co2-kompensationen-erstmals-ruecklaeufig\\\/#breadcrumb\"},\"inLanguage\":\"fr-FR\",\"potentialAction\":[{\"@type\":\"ReadAction\",\"target\":[\"https:\\\/\\\/www.organisator.ch\\\/sustainability\\\/2016-07-19\\\/co2-kompensationen-erstmals-ruecklaeufig\\\/\"]}]},{\"@type\":\"ImageObject\",\"inLanguage\":\"fr-FR\",\"@id\":\"https:\\\/\\\/www.organisator.ch\\\/sustainability\\\/2016-07-19\\\/co2-kompensationen-erstmals-ruecklaeufig\\\/#primaryimage\",\"url\":\"https:\\\/\\\/www.organisator.ch\\\/wp-content\\\/uploads\\\/2016\\\/12\\\/CO2-Kompensationen-erstmals-ruecklaeufig-umweltperspektiven.jpg\",\"contentUrl\":\"https:\\\/\\\/www.organisator.ch\\\/wp-content\\\/uploads\\\/2016\\\/12\\\/CO2-Kompensationen-erstmals-ruecklaeufig-umweltperspektiven.jpg\",\"width\":1000,\"height\":750,\"caption\":\"Trotz immer g\u00fcnstigerer Preise verzichten immer mehr Schweizer darauf, ihren CO2-Ausstoss zu kompensieren.\"},{\"@type\":\"BreadcrumbList\",\"@id\":\"https:\\\/\\\/www.organisator.ch\\\/sustainability\\\/2016-07-19\\\/co2-kompensationen-erstmals-ruecklaeufig\\\/#breadcrumb\",\"itemListElement\":[{\"@type\":\"ListItem\",\"position\":1,\"name\":\"Home\",\"item\":\"https:\\\/\\\/www.organisator.ch\\\/\"},{\"@type\":\"ListItem\",\"position\":2,\"name\":\"CO2-Kompensationen erstmals r\u00fcckl\u00e4ufig\"}]},{\"@type\":\"WebSite\",\"@id\":\"https:\\\/\\\/www.organisator.ch\\\/#website\",\"url\":\"https:\\\/\\\/www.organisator.ch\\\/\",\"name\":\"Organisator\",\"description\":\"Kompetent. Praxisnah. Der ORGANISATOR bereitet in 10 Ausgaben pro Jahr die wesentlichen Themen f\u00fcr F\u00fchrungskr\u00e4fte von KMU auf.\",\"publisher\":{\"@id\":\"https:\\\/\\\/www.organisator.ch\\\/#organization\"},\"potentialAction\":[{\"@type\":\"SearchAction\",\"target\":{\"@type\":\"EntryPoint\",\"urlTemplate\":\"https:\\\/\\\/www.organisator.ch\\\/?s={search_term_string}\"},\"query-input\":{\"@type\":\"PropertyValueSpecification\",\"valueRequired\":true,\"valueName\":\"search_term_string\"}}],\"inLanguage\":\"fr-FR\"},{\"@type\":\"Organization\",\"@id\":\"https:\\\/\\\/www.organisator.ch\\\/#organization\",\"name\":\"Organisator\",\"url\":\"https:\\\/\\\/www.organisator.ch\\\/\",\"logo\":{\"@type\":\"ImageObject\",\"inLanguage\":\"fr-FR\",\"@id\":\"https:\\\/\\\/www.organisator.ch\\\/#\\\/schema\\\/logo\\\/image\\\/\",\"url\":\"https:\\\/\\\/www.organisator.ch\\\/wp-content\\\/uploads\\\/2022\\\/01\\\/Logo_Organisator_Website.png\",\"contentUrl\":\"https:\\\/\\\/www.organisator.ch\\\/wp-content\\\/uploads\\\/2022\\\/01\\\/Logo_Organisator_Website.png\",\"width\":800,\"height\":77,\"caption\":\"Organisator\"},\"image\":{\"@id\":\"https:\\\/\\\/www.organisator.ch\\\/#\\\/schema\\\/logo\\\/image\\\/\"},\"sameAs\":[\"https:\\\/\\\/www.facebook.com\\\/OrganisatorFachmagazin\",\"https:\\\/\\\/www.linkedin.com\\\/showcase\\\/organisator-das-magazin-fr-kmu\",\"https:\\\/\\\/www.xing.com\\\/news\\\/pages\\\/organisator-ch-695\",\"https:\\\/\\\/www.youtube.com\\\/channel\\\/UCGP2Sq0iWaZwT3BdIAQFYpw\"]},{\"@type\":\"Person\",\"@id\":\"https:\\\/\\\/www.organisator.ch\\\/#\\\/schema\\\/person\\\/aa2bace6c5c5aad60102004a50c4eb1c\",\"name\":\"admin\",\"image\":{\"@type\":\"ImageObject\",\"inLanguage\":\"fr-FR\",\"@id\":\"https:\\\/\\\/secure.gravatar.com\\\/avatar\\\/ae2f4d718e6c49043e314ce431e7e645d646302a24a5ef5a8bc8e3f5a032e319?s=96&d=mm&r=g\",\"url\":\"https:\\\/\\\/secure.gravatar.com\\\/avatar\\\/ae2f4d718e6c49043e314ce431e7e645d646302a24a5ef5a8bc8e3f5a032e319?s=96&d=mm&r=g\",\"contentUrl\":\"https:\\\/\\\/secure.gravatar.com\\\/avatar\\\/ae2f4d718e6c49043e314ce431e7e645d646302a24a5ef5a8bc8e3f5a032e319?s=96&d=mm&r=g\",\"caption\":\"admin\"},\"sameAs\":[\"https:\\\/\\\/www.organisator.ch\"],\"url\":\"https:\\\/\\\/www.organisator.ch\\\/fr\\\/author\\\/admin\\\/\"}]}<\/script>\n<!-- \/ Yoast SEO plugin. -->","yoast_head_json":{"title":"Les compensations de CO2 en baisse pour la premi\u00e8re fois - Organisateur","description":"Les Suisses veulent de moins en moins compenser leur consommation de CO2 : La fondation MyClimate annonce pour la premi\u00e8re fois des chiffres en baisse.","robots":{"index":"index","follow":"follow","max-snippet":"max-snippet:-1","max-image-preview":"max-image-preview:large","max-video-preview":"max-video-preview:-1"},"canonical":"https:\/\/www.organisator.ch\/fr\/sustainability\/2016-07-19\/co2-kompensationen-erstmals-ruecklaeufig\/","og_locale":"fr_FR","og_type":"article","og_title":"CO2-Kompensationen erstmals r\u00fcckl\u00e4ufig - Organisator","og_description":"Die Schweizer wollen ihren CO2-Verbrauch immer weniger kompensieren: Die Stiftung MyClimate meldet zum ersten Mal r\u00fcckl\u00e4ufige Zahlen.","og_url":"https:\/\/www.organisator.ch\/fr\/sustainability\/2016-07-19\/co2-kompensationen-erstmals-ruecklaeufig\/","og_site_name":"Organisator","article_publisher":"https:\/\/www.facebook.com\/OrganisatorFachmagazin","article_published_time":"2016-07-19T14:44:01+00:00","article_modified_time":"2022-02-09T10:06:58+00:00","og_image":[{"width":1000,"height":750,"url":"https:\/\/www.organisator.ch\/wp-content\/uploads\/2016\/12\/CO2-Kompensationen-erstmals-ruecklaeufig-umweltperspektiven.jpg","type":"image\/jpeg"}],"author":"admin","twitter_card":"summary_large_image","schema":{"@context":"https:\/\/schema.org","@graph":[{"@type":"Article","@id":"https:\/\/www.organisator.ch\/sustainability\/2016-07-19\/co2-kompensationen-erstmals-ruecklaeufig\/#article","isPartOf":{"@id":"https:\/\/www.organisator.ch\/sustainability\/2016-07-19\/co2-kompensationen-erstmals-ruecklaeufig\/"},"author":{"name":"admin","@id":"https:\/\/www.organisator.ch\/#\/schema\/person\/aa2bace6c5c5aad60102004a50c4eb1c"},"headline":"CO2-Kompensationen erstmals r\u00fcckl\u00e4ufig","datePublished":"2016-07-19T14:44:01+00:00","dateModified":"2022-02-09T10:06:58+00:00","mainEntityOfPage":{"@id":"https:\/\/www.organisator.ch\/sustainability\/2016-07-19\/co2-kompensationen-erstmals-ruecklaeufig\/"},"wordCount":347,"commentCount":0,"publisher":{"@id":"https:\/\/www.organisator.ch\/#organization"},"image":{"@id":"https:\/\/www.organisator.ch\/sustainability\/2016-07-19\/co2-kompensationen-erstmals-ruecklaeufig\/#primaryimage"},"thumbnailUrl":"https:\/\/www.organisator.ch\/wp-content\/uploads\/2016\/12\/CO2-Kompensationen-erstmals-ruecklaeufig-umweltperspektiven.jpg","keywords":["CO2","Emissionen","Kompensation","myclimate"],"articleSection":["SUSTAINABILITY"],"inLanguage":"fr-FR"},{"@type":"WebPage","@id":"https:\/\/www.organisator.ch\/sustainability\/2016-07-19\/co2-kompensationen-erstmals-ruecklaeufig\/","url":"https:\/\/www.organisator.ch\/sustainability\/2016-07-19\/co2-kompensationen-erstmals-ruecklaeufig\/","name":"Les compensations de CO2 en baisse pour la premi\u00e8re fois - Organisateur","isPartOf":{"@id":"https:\/\/www.organisator.ch\/#website"},"primaryImageOfPage":{"@id":"https:\/\/www.organisator.ch\/sustainability\/2016-07-19\/co2-kompensationen-erstmals-ruecklaeufig\/#primaryimage"},"image":{"@id":"https:\/\/www.organisator.ch\/sustainability\/2016-07-19\/co2-kompensationen-erstmals-ruecklaeufig\/#primaryimage"},"thumbnailUrl":"https:\/\/www.organisator.ch\/wp-content\/uploads\/2016\/12\/CO2-Kompensationen-erstmals-ruecklaeufig-umweltperspektiven.jpg","datePublished":"2016-07-19T14:44:01+00:00","dateModified":"2022-02-09T10:06:58+00:00","description":"Les Suisses veulent de moins en moins compenser leur consommation de CO2 : La fondation MyClimate annonce pour la premi\u00e8re fois des chiffres en baisse.","breadcrumb":{"@id":"https:\/\/www.organisator.ch\/sustainability\/2016-07-19\/co2-kompensationen-erstmals-ruecklaeufig\/#breadcrumb"},"inLanguage":"fr-FR","potentialAction":[{"@type":"ReadAction","target":["https:\/\/www.organisator.ch\/sustainability\/2016-07-19\/co2-kompensationen-erstmals-ruecklaeufig\/"]}]},{"@type":"ImageObject","inLanguage":"fr-FR","@id":"https:\/\/www.organisator.ch\/sustainability\/2016-07-19\/co2-kompensationen-erstmals-ruecklaeufig\/#primaryimage","url":"https:\/\/www.organisator.ch\/wp-content\/uploads\/2016\/12\/CO2-Kompensationen-erstmals-ruecklaeufig-umweltperspektiven.jpg","contentUrl":"https:\/\/www.organisator.ch\/wp-content\/uploads\/2016\/12\/CO2-Kompensationen-erstmals-ruecklaeufig-umweltperspektiven.jpg","width":1000,"height":750,"caption":"Trotz immer g\u00fcnstigerer Preise verzichten immer mehr Schweizer darauf, ihren CO2-Ausstoss zu kompensieren."},{"@type":"BreadcrumbList","@id":"https:\/\/www.organisator.ch\/sustainability\/2016-07-19\/co2-kompensationen-erstmals-ruecklaeufig\/#breadcrumb","itemListElement":[{"@type":"ListItem","position":1,"name":"Home","item":"https:\/\/www.organisator.ch\/"},{"@type":"ListItem","position":2,"name":"CO2-Kompensationen erstmals r\u00fcckl\u00e4ufig"}]},{"@type":"WebSite","@id":"https:\/\/www.organisator.ch\/#website","url":"https:\/\/www.organisator.ch\/","name":"Organisateur","description":"Comp\u00e9tence et comp\u00e9tence. Proches de la pratique. L'ORGANISATEUR pr\u00e9pare 10 num\u00e9ros par an sur les th\u00e8mes essentiels pour les dirigeants de PME.","publisher":{"@id":"https:\/\/www.organisator.ch\/#organization"},"potentialAction":[{"@type":"SearchAction","target":{"@type":"EntryPoint","urlTemplate":"https:\/\/www.organisator.ch\/?s={search_term_string}"},"query-input":{"@type":"PropertyValueSpecification","valueRequired":true,"valueName":"search_term_string"}}],"inLanguage":"fr-FR"},{"@type":"Organization","@id":"https:\/\/www.organisator.ch\/#organization","name":"Organisateur","url":"https:\/\/www.organisator.ch\/","logo":{"@type":"ImageObject","inLanguage":"fr-FR","@id":"https:\/\/www.organisator.ch\/#\/schema\/logo\/image\/","url":"https:\/\/www.organisator.ch\/wp-content\/uploads\/2022\/01\/Logo_Organisator_Website.png","contentUrl":"https:\/\/www.organisator.ch\/wp-content\/uploads\/2022\/01\/Logo_Organisator_Website.png","width":800,"height":77,"caption":"Organisator"},"image":{"@id":"https:\/\/www.organisator.ch\/#\/schema\/logo\/image\/"},"sameAs":["https:\/\/www.facebook.com\/OrganisatorFachmagazin","https:\/\/www.linkedin.com\/showcase\/organisator-das-magazin-fr-kmu","https:\/\/www.xing.com\/news\/pages\/organisator-ch-695","https:\/\/www.youtube.com\/channel\/UCGP2Sq0iWaZwT3BdIAQFYpw"]},{"@type":"Person","@id":"https:\/\/www.organisator.ch\/#\/schema\/person\/aa2bace6c5c5aad60102004a50c4eb1c","name":"admin","image":{"@type":"ImageObject","inLanguage":"fr-FR","@id":"https:\/\/secure.gravatar.com\/avatar\/ae2f4d718e6c49043e314ce431e7e645d646302a24a5ef5a8bc8e3f5a032e319?s=96&d=mm&r=g","url":"https:\/\/secure.gravatar.com\/avatar\/ae2f4d718e6c49043e314ce431e7e645d646302a24a5ef5a8bc8e3f5a032e319?s=96&d=mm&r=g","contentUrl":"https:\/\/secure.gravatar.com\/avatar\/ae2f4d718e6c49043e314ce431e7e645d646302a24a5ef5a8bc8e3f5a032e319?s=96&d=mm&r=g","caption":"admin"},"sameAs":["https:\/\/www.organisator.ch"],"url":"https:\/\/www.organisator.ch\/fr\/author\/admin\/"}]}},"_links":{"self":[{"href":"https:\/\/www.organisator.ch\/fr\/wp-json\/wp\/v2\/posts\/9952","targetHints":{"allow":["GET"]}}],"collection":[{"href":"https:\/\/www.organisator.ch\/fr\/wp-json\/wp\/v2\/posts"}],"about":[{"href":"https:\/\/www.organisator.ch\/fr\/wp-json\/wp\/v2\/types\/post"}],"author":[{"embeddable":true,"href":"https:\/\/www.organisator.ch\/fr\/wp-json\/wp\/v2\/users\/1"}],"replies":[{"embeddable":true,"href":"https:\/\/www.organisator.ch\/fr\/wp-json\/wp\/v2\/comments?post=9952"}],"version-history":[{"count":1,"href":"https:\/\/www.organisator.ch\/fr\/wp-json\/wp\/v2\/posts\/9952\/revisions"}],"predecessor-version":[{"id":10751,"href":"https:\/\/www.organisator.ch\/fr\/wp-json\/wp\/v2\/posts\/9952\/revisions\/10751"}],"wp:featuredmedia":[{"embeddable":true,"href":"https:\/\/www.organisator.ch\/fr\/wp-json\/wp\/v2\/media\/421"}],"wp:attachment":[{"href":"https:\/\/www.organisator.ch\/fr\/wp-json\/wp\/v2\/media?parent=9952"}],"wp:term":[{"taxonomy":"category","embeddable":true,"href":"https:\/\/www.organisator.ch\/fr\/wp-json\/wp\/v2\/categories?post=9952"},{"taxonomy":"post_tag","embeddable":true,"href":"https:\/\/www.organisator.ch\/fr\/wp-json\/wp\/v2\/tags?post=9952"}],"curies":[{"name":"wp","href":"https:\/\/api.w.org\/{rel}","templated":true}]}}