{"id":9953,"date":"2016-07-21T16:46:14","date_gmt":"2016-07-21T14:46:14","guid":{"rendered":"https:\/\/dev.umweltperspektiven.ch\/?p=424"},"modified":"2016-07-21T16:46:14","modified_gmt":"2016-07-21T14:46:14","slug":"solardaecher-autopiloten-und-lastwagen-das-ist-der-neue-tesla-masterplan","status":"publish","type":"post","link":"https:\/\/www.organisator.ch\/fr\/allgemein\/2016-07-21\/solardaecher-autopiloten-und-lastwagen-das-ist-der-neue-tesla-masterplan\/","title":{"rendered":"Toits solaires, pilotes automatiques et camions : voici le nouveau plan directeur de Tesla"},"content":{"rendered":"<figure id=\"attachment_425\" aria-describedby=\"caption-attachment-425\" style=\"width: 680px\" class=\"wp-caption alignnone\"><a href=\"\/\/dev.umweltperspektiven.ch\/wp-content\/uploads\/2016\/12\/Solard\u00e4cher-Autopiloten-und-Lastwagen-Das-ist-der-neue-Tesla-Masterplan-umweltperspektiven.jpg\"><img loading=\"lazy\" decoding=\"async\" class=\"size-medium wp-image-425\" src=\"\/\/dev.umweltperspektiven.ch\/wp-content\/uploads\/2016\/12\/Solard\u00e4cher-Autopiloten-und-Lastwagen-Das-ist-der-neue-Tesla-Masterplan-umweltperspektiven.jpg\" alt=\"Elon Musk vise haut avec Tesla.\" width=\"680\" height=\"565\" \/><\/a><figcaption id=\"caption-attachment-425\" class=\"wp-caption-text\">Elon Musk vise haut avec Tesla.<\/figcaption><\/figure>\n<p>Tesla publie un nouveau plan directeur pour ses v\u00e9hicules \u00e9lectriques. Le fondateur Elon Musk cite comme objectif central d'acc\u00e9l\u00e9rer l'arriv\u00e9e de l'\u00e8re de l'\u00e9nergie renouvelable - car \"plus vite nous atteindrons la durabilit\u00e9, mieux ce sera\".<\/p>\n<p>Musk met l'accent sur quatre points<\/p>\n<p>1) \u00c9nergie solaire et stockage : \u00e0 l'avenir, les Tesla devraient \u00eatre \u00e9quip\u00e9es d'un toit solaire int\u00e9gr\u00e9 avec une unit\u00e9 de batterie. Pour ce faire, Solarcity, le sp\u00e9cialiste du photovolta\u00efque \u00e9galement fond\u00e9 par Elon Musk, devrait \u00eatre int\u00e9gr\u00e9 \u00e0 Tesla.<\/p>\n<p>2) De nouveaux segments : Outre de nouveaux types de v\u00e9hicules pour l'usage priv\u00e9, les transports de marchandises seront \u00e9galement \u00e9quip\u00e9s de la technologie Tesla \u00e0 l'avenir. Il est d'abord pr\u00e9vu de construire des pick-up et des SUV, puis des camions et des v\u00e9hicules pour les transports publics. Ces deux derniers types sont encore en phase de planification et devraient \u00eatre pr\u00e9sent\u00e9s pour la premi\u00e8re fois l'ann\u00e9e prochaine.<\/p>\n<p>3) Autonomie : malgr\u00e9 les premiers titres n\u00e9gatifs sur l'Autopilote, Tesla veut faire avancer le pilotage autonome. D\u00e8s que le pilote automatique aura prouv\u00e9 qu'il est dix fois plus s\u00fbr que le v\u00e9hicule am\u00e9ricain moyen, il sera d\u00e9finitivement lib\u00e9r\u00e9 de la phase de test. Le plus grand d\u00e9fi reste le logiciel, selon Musk. Il n'en reste pas moins qu'aujourd'hui d\u00e9j\u00e0, la conduite semi-autonome est plus s\u00fbre qu'une personne qui conduit sans assistance.<\/p>\n<p>4) Carsharing : \u00e0 l'avenir, les propri\u00e9taires de Teslab gagneront de l'argent avec leur v\u00e9hicule lorsqu'ils ne l'utiliseront pas. La vision : en appuyant sur une touche d'une application, le propri\u00e9taire peut autoriser l'utilisation de sa voiture. L'Autopilot conduit le v\u00e9hicule de mani\u00e8re autonome chez le client - et revient de mani\u00e8re autonome chez le propri\u00e9taire lorsqu'il en a \u00e0 nouveau besoin. Tesla pourrait ainsi concurrencer \u00e0 l'avenir des prestataires comme Uber ou Lyft.<\/p>\n<p>Les plans ne sont toutefois pas encore tr\u00e8s concrets - il n'est en tout cas pas possible de trouver un calendrier pr\u00e9cis. Mais Musk se montre confiant quant \u00e0 la r\u00e9ussite de son nouveau plan directeur.<\/p>","protected":false},"excerpt":{"rendered":"<p>Tesla ver\u00f6ffentlicht einen neuen Masterplan f\u00fcr seine Elektrofahrzeuge. Als zentrales Ziel nennt Gr\u00fcnder Elon Musk, die Ankunft des Zeitalters der erneuerbaren Energie zu beschleunigen &#8211; denn: &#8222;Je schneller wir Nachhaltigkeit erreichen, desto besser.&#8220; Vier Punkte stellt Musk daf\u00fcr ins Zentrum 1) Solarstrom und Speicher: Teslas sollen k\u00fcnftig mit einem integrierten Solardach mit Batterieeinheit ausgestattet werden. [&hellip;]<\/p>\n","protected":false},"author":1,"featured_media":9397,"comment_status":"open","ping_status":"open","sticky":false,"template":"","format":"standard","meta":{"_acf_changed":false,"_yoast_wpseo_focuskw":"Tesla","_yoast_wpseo_metadesc":"Mit dem zweiten Masterplan von Telsla sollen die Elektrofahrzeuge k\u00fcnftig noch umweltfreundlicher und sicherer werden - und den Besitzern Geld bringen.","articlekey":"","footnotes":""},"categories":[1],"tags":[1038,1044,1668,2295],"class_list":["post-9953","post","type-post","status-publish","format-standard","has-post-thumbnail","hentry","category-allgemein","tag-elektromobilitaet","tag-elon-musk","tag-masterplan","tag-tesla"],"acf":[],"yoast_head":"<!-- This site is optimized with the Yoast SEO plugin v27.4 - https:\/\/yoast.com\/product\/yoast-seo-wordpress\/ -->\n<title>Solard\u00e4cher, Autopiloten und Lastwagen: Das ist der neue Tesla-Masterplan - Organisator<\/title>\n<meta name=\"description\" content=\"Mit dem zweiten Masterplan von Telsla sollen die Elektrofahrzeuge k\u00fcnftig noch umweltfreundlicher und sicherer werden - und den Besitzern Geld bringen.\" \/>\n<meta name=\"robots\" content=\"index, follow, max-snippet:-1, max-image-preview:large, max-video-preview:-1\" \/>\n<link rel=\"canonical\" href=\"https:\/\/www.organisator.ch\/fr\/general\/2016-07-21\/solardaecher-autopiloten-und-lastwagen-das-ist-der-neue-tesla-masterplan\/\" \/>\n<meta property=\"og:locale\" content=\"fr_FR\" \/>\n<meta property=\"og:type\" content=\"article\" \/>\n<meta property=\"og:title\" content=\"Solard\u00e4cher, Autopiloten und Lastwagen: Das ist der neue Tesla-Masterplan - Organisator\" \/>\n<meta property=\"og:description\" content=\"Mit dem zweiten Masterplan von Telsla sollen die Elektrofahrzeuge k\u00fcnftig noch umweltfreundlicher und sicherer werden - und den Besitzern Geld bringen.\" \/>\n<meta property=\"og:url\" content=\"https:\/\/www.organisator.ch\/fr\/general\/2016-07-21\/solardaecher-autopiloten-und-lastwagen-das-ist-der-neue-tesla-masterplan\/\" \/>\n<meta property=\"og:site_name\" content=\"Organisator\" \/>\n<meta property=\"article:publisher\" content=\"https:\/\/www.facebook.com\/OrganisatorFachmagazin\" \/>\n<meta property=\"article:published_time\" content=\"2016-07-21T14:46:14+00:00\" \/>\n<meta property=\"og:image\" content=\"https:\/\/www.organisator.ch\/wp-content\/uploads\/2016\/12\/Solardaecher-Autopiloten-und-Lastwagen-Das-ist-der-neue-Tesla-Masterplan-umweltperspektiven.jpg\" \/>\n\t<meta property=\"og:image:width\" content=\"2224\" \/>\n\t<meta property=\"og:image:height\" content=\"1848\" \/>\n\t<meta property=\"og:image:type\" content=\"image\/jpeg\" \/>\n<meta name=\"author\" content=\"admin\" \/>\n<meta name=\"twitter:card\" content=\"summary_large_image\" \/>\n<script type=\"application\/ld+json\" class=\"yoast-schema-graph\">{\"@context\":\"https:\\\/\\\/schema.org\",\"@graph\":[{\"@type\":\"Article\",\"@id\":\"https:\\\/\\\/www.organisator.ch\\\/it\\\/generale\\\/2016-07-21\\\/solardaecher-autopiloten-und-lastwagen-das-ist-der-neue-tesla-masterplan\\\/#article\",\"isPartOf\":{\"@id\":\"https:\\\/\\\/www.organisator.ch\\\/it\\\/generale\\\/2016-07-21\\\/solardaecher-autopiloten-und-lastwagen-das-ist-der-neue-tesla-masterplan\\\/\"},\"author\":{\"name\":\"admin\",\"@id\":\"https:\\\/\\\/www.organisator.ch\\\/#\\\/schema\\\/person\\\/aa2bace6c5c5aad60102004a50c4eb1c\"},\"headline\":\"Solard\u00e4cher, Autopiloten und Lastwagen: Das ist der neue Tesla-Masterplan\",\"datePublished\":\"2016-07-21T14:46:14+00:00\",\"mainEntityOfPage\":{\"@id\":\"https:\\\/\\\/www.organisator.ch\\\/it\\\/generale\\\/2016-07-21\\\/solardaecher-autopiloten-und-lastwagen-das-ist-der-neue-tesla-masterplan\\\/\"},\"wordCount\":313,\"commentCount\":0,\"publisher\":{\"@id\":\"https:\\\/\\\/www.organisator.ch\\\/#organization\"},\"image\":{\"@id\":\"https:\\\/\\\/www.organisator.ch\\\/it\\\/generale\\\/2016-07-21\\\/solardaecher-autopiloten-und-lastwagen-das-ist-der-neue-tesla-masterplan\\\/#primaryimage\"},\"thumbnailUrl\":\"https:\\\/\\\/www.organisator.ch\\\/wp-content\\\/uploads\\\/2016\\\/12\\\/Solardaecher-Autopiloten-und-Lastwagen-Das-ist-der-neue-Tesla-Masterplan-umweltperspektiven.jpg\",\"keywords\":[\"Elektromobilit\u00e4t\",\"Elon Musk\",\"Masterplan\",\"Tesla\"],\"articleSection\":[\"Allgemein\"],\"inLanguage\":\"fr-FR\"},{\"@type\":\"WebPage\",\"@id\":\"https:\\\/\\\/www.organisator.ch\\\/it\\\/generale\\\/2016-07-21\\\/solardaecher-autopiloten-und-lastwagen-das-ist-der-neue-tesla-masterplan\\\/\",\"url\":\"https:\\\/\\\/www.organisator.ch\\\/it\\\/generale\\\/2016-07-21\\\/solardaecher-autopiloten-und-lastwagen-das-ist-der-neue-tesla-masterplan\\\/\",\"name\":\"Solard\u00e4cher, Autopiloten und Lastwagen: Das ist der neue Tesla-Masterplan - Organisator\",\"isPartOf\":{\"@id\":\"https:\\\/\\\/www.organisator.ch\\\/#website\"},\"primaryImageOfPage\":{\"@id\":\"https:\\\/\\\/www.organisator.ch\\\/it\\\/generale\\\/2016-07-21\\\/solardaecher-autopiloten-und-lastwagen-das-ist-der-neue-tesla-masterplan\\\/#primaryimage\"},\"image\":{\"@id\":\"https:\\\/\\\/www.organisator.ch\\\/it\\\/generale\\\/2016-07-21\\\/solardaecher-autopiloten-und-lastwagen-das-ist-der-neue-tesla-masterplan\\\/#primaryimage\"},\"thumbnailUrl\":\"https:\\\/\\\/www.organisator.ch\\\/wp-content\\\/uploads\\\/2016\\\/12\\\/Solardaecher-Autopiloten-und-Lastwagen-Das-ist-der-neue-Tesla-Masterplan-umweltperspektiven.jpg\",\"datePublished\":\"2016-07-21T14:46:14+00:00\",\"description\":\"Mit dem zweiten Masterplan von Telsla sollen die Elektrofahrzeuge k\u00fcnftig noch umweltfreundlicher und sicherer werden - und den Besitzern Geld bringen.\",\"breadcrumb\":{\"@id\":\"https:\\\/\\\/www.organisator.ch\\\/it\\\/generale\\\/2016-07-21\\\/solardaecher-autopiloten-und-lastwagen-das-ist-der-neue-tesla-masterplan\\\/#breadcrumb\"},\"inLanguage\":\"fr-FR\",\"potentialAction\":[{\"@type\":\"ReadAction\",\"target\":[\"https:\\\/\\\/www.organisator.ch\\\/it\\\/generale\\\/2016-07-21\\\/solardaecher-autopiloten-und-lastwagen-das-ist-der-neue-tesla-masterplan\\\/\"]}]},{\"@type\":\"ImageObject\",\"inLanguage\":\"fr-FR\",\"@id\":\"https:\\\/\\\/www.organisator.ch\\\/it\\\/generale\\\/2016-07-21\\\/solardaecher-autopiloten-und-lastwagen-das-ist-der-neue-tesla-masterplan\\\/#primaryimage\",\"url\":\"https:\\\/\\\/www.organisator.ch\\\/wp-content\\\/uploads\\\/2016\\\/12\\\/Solardaecher-Autopiloten-und-Lastwagen-Das-ist-der-neue-Tesla-Masterplan-umweltperspektiven.jpg\",\"contentUrl\":\"https:\\\/\\\/www.organisator.ch\\\/wp-content\\\/uploads\\\/2016\\\/12\\\/Solardaecher-Autopiloten-und-Lastwagen-Das-ist-der-neue-Tesla-Masterplan-umweltperspektiven.jpg\",\"width\":2224,\"height\":1848,\"caption\":\"Elon Musk will mit Tesla hoch hinaus.\"},{\"@type\":\"BreadcrumbList\",\"@id\":\"https:\\\/\\\/www.organisator.ch\\\/it\\\/generale\\\/2016-07-21\\\/solardaecher-autopiloten-und-lastwagen-das-ist-der-neue-tesla-masterplan\\\/#breadcrumb\",\"itemListElement\":[{\"@type\":\"ListItem\",\"position\":1,\"name\":\"Home\",\"item\":\"https:\\\/\\\/www.organisator.ch\\\/\"},{\"@type\":\"ListItem\",\"position\":2,\"name\":\"Solard\u00e4cher, Autopiloten und Lastwagen: Das ist der neue Tesla-Masterplan\"}]},{\"@type\":\"WebSite\",\"@id\":\"https:\\\/\\\/www.organisator.ch\\\/#website\",\"url\":\"https:\\\/\\\/www.organisator.ch\\\/\",\"name\":\"Organisator\",\"description\":\"Kompetent. Praxisnah. Der ORGANISATOR bereitet in 10 Ausgaben pro Jahr die wesentlichen Themen f\u00fcr F\u00fchrungskr\u00e4fte von KMU auf.\",\"publisher\":{\"@id\":\"https:\\\/\\\/www.organisator.ch\\\/#organization\"},\"potentialAction\":[{\"@type\":\"SearchAction\",\"target\":{\"@type\":\"EntryPoint\",\"urlTemplate\":\"https:\\\/\\\/www.organisator.ch\\\/?s={search_term_string}\"},\"query-input\":{\"@type\":\"PropertyValueSpecification\",\"valueRequired\":true,\"valueName\":\"search_term_string\"}}],\"inLanguage\":\"fr-FR\"},{\"@type\":\"Organization\",\"@id\":\"https:\\\/\\\/www.organisator.ch\\\/#organization\",\"name\":\"Organisator\",\"url\":\"https:\\\/\\\/www.organisator.ch\\\/\",\"logo\":{\"@type\":\"ImageObject\",\"inLanguage\":\"fr-FR\",\"@id\":\"https:\\\/\\\/www.organisator.ch\\\/#\\\/schema\\\/logo\\\/image\\\/\",\"url\":\"https:\\\/\\\/www.organisator.ch\\\/wp-content\\\/uploads\\\/2022\\\/01\\\/Logo_Organisator_Website.png\",\"contentUrl\":\"https:\\\/\\\/www.organisator.ch\\\/wp-content\\\/uploads\\\/2022\\\/01\\\/Logo_Organisator_Website.png\",\"width\":800,\"height\":77,\"caption\":\"Organisator\"},\"image\":{\"@id\":\"https:\\\/\\\/www.organisator.ch\\\/#\\\/schema\\\/logo\\\/image\\\/\"},\"sameAs\":[\"https:\\\/\\\/www.facebook.com\\\/OrganisatorFachmagazin\",\"https:\\\/\\\/www.linkedin.com\\\/showcase\\\/organisator-das-magazin-fr-kmu\",\"https:\\\/\\\/www.xing.com\\\/news\\\/pages\\\/organisator-ch-695\",\"https:\\\/\\\/www.youtube.com\\\/channel\\\/UCGP2Sq0iWaZwT3BdIAQFYpw\"]},{\"@type\":\"Person\",\"@id\":\"https:\\\/\\\/www.organisator.ch\\\/#\\\/schema\\\/person\\\/aa2bace6c5c5aad60102004a50c4eb1c\",\"name\":\"admin\",\"image\":{\"@type\":\"ImageObject\",\"inLanguage\":\"fr-FR\",\"@id\":\"https:\\\/\\\/secure.gravatar.com\\\/avatar\\\/ae2f4d718e6c49043e314ce431e7e645d646302a24a5ef5a8bc8e3f5a032e319?s=96&d=mm&r=g\",\"url\":\"https:\\\/\\\/secure.gravatar.com\\\/avatar\\\/ae2f4d718e6c49043e314ce431e7e645d646302a24a5ef5a8bc8e3f5a032e319?s=96&d=mm&r=g\",\"contentUrl\":\"https:\\\/\\\/secure.gravatar.com\\\/avatar\\\/ae2f4d718e6c49043e314ce431e7e645d646302a24a5ef5a8bc8e3f5a032e319?s=96&d=mm&r=g\",\"caption\":\"admin\"},\"sameAs\":[\"https:\\\/\\\/www.organisator.ch\"],\"url\":\"https:\\\/\\\/www.organisator.ch\\\/fr\\\/author\\\/admin\\\/\"}]}<\/script>\n<!-- \/ Yoast SEO plugin. -->","yoast_head_json":{"title":"Toits solaires, pilotes automatiques et camions : voici le nouveau plan directeur de Tesla - Organisateur","description":"Avec le deuxi\u00e8me plan directeur de Telsla, les v\u00e9hicules \u00e9lectriques devraient \u00e0 l'avenir \u00eatre encore plus \u00e9cologiques et plus s\u00fbrs - et rapporter de l'argent \u00e0 leurs propri\u00e9taires.","robots":{"index":"index","follow":"follow","max-snippet":"max-snippet:-1","max-image-preview":"max-image-preview:large","max-video-preview":"max-video-preview:-1"},"canonical":"https:\/\/www.organisator.ch\/fr\/general\/2016-07-21\/solardaecher-autopiloten-und-lastwagen-das-ist-der-neue-tesla-masterplan\/","og_locale":"fr_FR","og_type":"article","og_title":"Solard\u00e4cher, Autopiloten und Lastwagen: Das ist der neue Tesla-Masterplan - Organisator","og_description":"Mit dem zweiten Masterplan von Telsla sollen die Elektrofahrzeuge k\u00fcnftig noch umweltfreundlicher und sicherer werden - und den Besitzern Geld bringen.","og_url":"https:\/\/www.organisator.ch\/fr\/general\/2016-07-21\/solardaecher-autopiloten-und-lastwagen-das-ist-der-neue-tesla-masterplan\/","og_site_name":"Organisator","article_publisher":"https:\/\/www.facebook.com\/OrganisatorFachmagazin","article_published_time":"2016-07-21T14:46:14+00:00","og_image":[{"width":2224,"height":1848,"url":"https:\/\/www.organisator.ch\/wp-content\/uploads\/2016\/12\/Solardaecher-Autopiloten-und-Lastwagen-Das-ist-der-neue-Tesla-Masterplan-umweltperspektiven.jpg","type":"image\/jpeg"}],"author":"admin","twitter_card":"summary_large_image","schema":{"@context":"https:\/\/schema.org","@graph":[{"@type":"Article","@id":"https:\/\/www.organisator.ch\/it\/generale\/2016-07-21\/solardaecher-autopiloten-und-lastwagen-das-ist-der-neue-tesla-masterplan\/#article","isPartOf":{"@id":"https:\/\/www.organisator.ch\/it\/generale\/2016-07-21\/solardaecher-autopiloten-und-lastwagen-das-ist-der-neue-tesla-masterplan\/"},"author":{"name":"admin","@id":"https:\/\/www.organisator.ch\/#\/schema\/person\/aa2bace6c5c5aad60102004a50c4eb1c"},"headline":"Solard\u00e4cher, Autopiloten und Lastwagen: Das ist der neue Tesla-Masterplan","datePublished":"2016-07-21T14:46:14+00:00","mainEntityOfPage":{"@id":"https:\/\/www.organisator.ch\/it\/generale\/2016-07-21\/solardaecher-autopiloten-und-lastwagen-das-ist-der-neue-tesla-masterplan\/"},"wordCount":313,"commentCount":0,"publisher":{"@id":"https:\/\/www.organisator.ch\/#organization"},"image":{"@id":"https:\/\/www.organisator.ch\/it\/generale\/2016-07-21\/solardaecher-autopiloten-und-lastwagen-das-ist-der-neue-tesla-masterplan\/#primaryimage"},"thumbnailUrl":"https:\/\/www.organisator.ch\/wp-content\/uploads\/2016\/12\/Solardaecher-Autopiloten-und-Lastwagen-Das-ist-der-neue-Tesla-Masterplan-umweltperspektiven.jpg","keywords":["Elektromobilit\u00e4t","Elon Musk","Masterplan","Tesla"],"articleSection":["Allgemein"],"inLanguage":"fr-FR"},{"@type":"WebPage","@id":"https:\/\/www.organisator.ch\/it\/generale\/2016-07-21\/solardaecher-autopiloten-und-lastwagen-das-ist-der-neue-tesla-masterplan\/","url":"https:\/\/www.organisator.ch\/it\/generale\/2016-07-21\/solardaecher-autopiloten-und-lastwagen-das-ist-der-neue-tesla-masterplan\/","name":"Toits solaires, pilotes automatiques et camions : voici le nouveau plan directeur de Tesla - Organisateur","isPartOf":{"@id":"https:\/\/www.organisator.ch\/#website"},"primaryImageOfPage":{"@id":"https:\/\/www.organisator.ch\/it\/generale\/2016-07-21\/solardaecher-autopiloten-und-lastwagen-das-ist-der-neue-tesla-masterplan\/#primaryimage"},"image":{"@id":"https:\/\/www.organisator.ch\/it\/generale\/2016-07-21\/solardaecher-autopiloten-und-lastwagen-das-ist-der-neue-tesla-masterplan\/#primaryimage"},"thumbnailUrl":"https:\/\/www.organisator.ch\/wp-content\/uploads\/2016\/12\/Solardaecher-Autopiloten-und-Lastwagen-Das-ist-der-neue-Tesla-Masterplan-umweltperspektiven.jpg","datePublished":"2016-07-21T14:46:14+00:00","description":"Avec le deuxi\u00e8me plan directeur de Telsla, les v\u00e9hicules \u00e9lectriques devraient \u00e0 l'avenir \u00eatre encore plus \u00e9cologiques et plus s\u00fbrs - et rapporter de l'argent \u00e0 leurs propri\u00e9taires.","breadcrumb":{"@id":"https:\/\/www.organisator.ch\/it\/generale\/2016-07-21\/solardaecher-autopiloten-und-lastwagen-das-ist-der-neue-tesla-masterplan\/#breadcrumb"},"inLanguage":"fr-FR","potentialAction":[{"@type":"ReadAction","target":["https:\/\/www.organisator.ch\/it\/generale\/2016-07-21\/solardaecher-autopiloten-und-lastwagen-das-ist-der-neue-tesla-masterplan\/"]}]},{"@type":"ImageObject","inLanguage":"fr-FR","@id":"https:\/\/www.organisator.ch\/it\/generale\/2016-07-21\/solardaecher-autopiloten-und-lastwagen-das-ist-der-neue-tesla-masterplan\/#primaryimage","url":"https:\/\/www.organisator.ch\/wp-content\/uploads\/2016\/12\/Solardaecher-Autopiloten-und-Lastwagen-Das-ist-der-neue-Tesla-Masterplan-umweltperspektiven.jpg","contentUrl":"https:\/\/www.organisator.ch\/wp-content\/uploads\/2016\/12\/Solardaecher-Autopiloten-und-Lastwagen-Das-ist-der-neue-Tesla-Masterplan-umweltperspektiven.jpg","width":2224,"height":1848,"caption":"Elon Musk will mit Tesla hoch hinaus."},{"@type":"BreadcrumbList","@id":"https:\/\/www.organisator.ch\/it\/generale\/2016-07-21\/solardaecher-autopiloten-und-lastwagen-das-ist-der-neue-tesla-masterplan\/#breadcrumb","itemListElement":[{"@type":"ListItem","position":1,"name":"Home","item":"https:\/\/www.organisator.ch\/"},{"@type":"ListItem","position":2,"name":"Solard\u00e4cher, Autopiloten und Lastwagen: Das ist der neue Tesla-Masterplan"}]},{"@type":"WebSite","@id":"https:\/\/www.organisator.ch\/#website","url":"https:\/\/www.organisator.ch\/","name":"Organisateur","description":"Comp\u00e9tence et comp\u00e9tence. Proches de la pratique. L'ORGANISATEUR pr\u00e9pare 10 num\u00e9ros par an sur les th\u00e8mes essentiels pour les dirigeants de PME.","publisher":{"@id":"https:\/\/www.organisator.ch\/#organization"},"potentialAction":[{"@type":"SearchAction","target":{"@type":"EntryPoint","urlTemplate":"https:\/\/www.organisator.ch\/?s={search_term_string}"},"query-input":{"@type":"PropertyValueSpecification","valueRequired":true,"valueName":"search_term_string"}}],"inLanguage":"fr-FR"},{"@type":"Organization","@id":"https:\/\/www.organisator.ch\/#organization","name":"Organisateur","url":"https:\/\/www.organisator.ch\/","logo":{"@type":"ImageObject","inLanguage":"fr-FR","@id":"https:\/\/www.organisator.ch\/#\/schema\/logo\/image\/","url":"https:\/\/www.organisator.ch\/wp-content\/uploads\/2022\/01\/Logo_Organisator_Website.png","contentUrl":"https:\/\/www.organisator.ch\/wp-content\/uploads\/2022\/01\/Logo_Organisator_Website.png","width":800,"height":77,"caption":"Organisator"},"image":{"@id":"https:\/\/www.organisator.ch\/#\/schema\/logo\/image\/"},"sameAs":["https:\/\/www.facebook.com\/OrganisatorFachmagazin","https:\/\/www.linkedin.com\/showcase\/organisator-das-magazin-fr-kmu","https:\/\/www.xing.com\/news\/pages\/organisator-ch-695","https:\/\/www.youtube.com\/channel\/UCGP2Sq0iWaZwT3BdIAQFYpw"]},{"@type":"Person","@id":"https:\/\/www.organisator.ch\/#\/schema\/person\/aa2bace6c5c5aad60102004a50c4eb1c","name":"admin","image":{"@type":"ImageObject","inLanguage":"fr-FR","@id":"https:\/\/secure.gravatar.com\/avatar\/ae2f4d718e6c49043e314ce431e7e645d646302a24a5ef5a8bc8e3f5a032e319?s=96&d=mm&r=g","url":"https:\/\/secure.gravatar.com\/avatar\/ae2f4d718e6c49043e314ce431e7e645d646302a24a5ef5a8bc8e3f5a032e319?s=96&d=mm&r=g","contentUrl":"https:\/\/secure.gravatar.com\/avatar\/ae2f4d718e6c49043e314ce431e7e645d646302a24a5ef5a8bc8e3f5a032e319?s=96&d=mm&r=g","caption":"admin"},"sameAs":["https:\/\/www.organisator.ch"],"url":"https:\/\/www.organisator.ch\/fr\/author\/admin\/"}]}},"_links":{"self":[{"href":"https:\/\/www.organisator.ch\/fr\/wp-json\/wp\/v2\/posts\/9953","targetHints":{"allow":["GET"]}}],"collection":[{"href":"https:\/\/www.organisator.ch\/fr\/wp-json\/wp\/v2\/posts"}],"about":[{"href":"https:\/\/www.organisator.ch\/fr\/wp-json\/wp\/v2\/types\/post"}],"author":[{"embeddable":true,"href":"https:\/\/www.organisator.ch\/fr\/wp-json\/wp\/v2\/users\/1"}],"replies":[{"embeddable":true,"href":"https:\/\/www.organisator.ch\/fr\/wp-json\/wp\/v2\/comments?post=9953"}],"version-history":[{"count":0,"href":"https:\/\/www.organisator.ch\/fr\/wp-json\/wp\/v2\/posts\/9953\/revisions"}],"wp:featuredmedia":[{"embeddable":true,"href":"https:\/\/www.organisator.ch\/fr\/wp-json\/wp\/v2\/media\/9397"}],"wp:attachment":[{"href":"https:\/\/www.organisator.ch\/fr\/wp-json\/wp\/v2\/media?parent=9953"}],"wp:term":[{"taxonomy":"category","embeddable":true,"href":"https:\/\/www.organisator.ch\/fr\/wp-json\/wp\/v2\/categories?post=9953"},{"taxonomy":"post_tag","embeddable":true,"href":"https:\/\/www.organisator.ch\/fr\/wp-json\/wp\/v2\/tags?post=9953"}],"curies":[{"name":"wp","href":"https:\/\/api.w.org\/{rel}","templated":true}]}}