{"id":9956,"date":"2016-08-15T16:57:10","date_gmt":"2016-08-15T14:57:10","guid":{"rendered":"https:\/\/dev.umweltperspektiven.ch\/?p=447"},"modified":"2016-08-15T16:57:10","modified_gmt":"2016-08-15T14:57:10","slug":"studie-zeigt-schwachstellen-bei-der-zulassung-von-pestiziden-auf","status":"publish","type":"post","link":"https:\/\/www.organisator.ch\/fr\/allgemein\/2016-08-15\/studie-zeigt-schwachstellen-bei-der-zulassung-von-pestiziden-auf\/","title":{"rendered":"Une \u00e9tude r\u00e9v\u00e8le les faiblesses de l'autorisation des pesticides"},"content":{"rendered":"<figure id=\"attachment_448\" aria-describedby=\"caption-attachment-448\" style=\"width: 680px\" class=\"wp-caption alignnone\"><a href=\"\/\/dev.umweltperspektiven.ch\/wp-content\/uploads\/2016\/12\/Studie-zeigt-Schwachstellen-bei-der-Zulassung-von-Pestiziden-auf-umweltperspektiven.jpg\"><img loading=\"lazy\" decoding=\"async\" class=\"size-medium wp-image-448\" src=\"\/\/dev.umweltperspektiven.ch\/wp-content\/uploads\/2016\/12\/Studie-zeigt-Schwachstellen-bei-der-Zulassung-von-Pestiziden-auf-umweltperspektiven.jpg\" alt=\"Les organisations environnementales critiquent le manque de transparence dans l&#039;autorisation de nouveaux pesticides\" width=\"680\" height=\"453\" srcset=\"https:\/\/www.organisator.ch\/wp-content\/uploads\/2016\/12\/Studie-zeigt-Schwachstellen-bei-der-Zulassung-von-Pestiziden-auf-umweltperspektiven.jpg 2000w, https:\/\/www.organisator.ch\/wp-content\/uploads\/2016\/12\/Studie-zeigt-Schwachstellen-bei-der-Zulassung-von-Pestiziden-auf-umweltperspektiven-680x453.jpg 680w, https:\/\/www.organisator.ch\/wp-content\/uploads\/2016\/12\/Studie-zeigt-Schwachstellen-bei-der-Zulassung-von-Pestiziden-auf-umweltperspektiven-1024x682.jpg 1024w, https:\/\/www.organisator.ch\/wp-content\/uploads\/2016\/12\/Studie-zeigt-Schwachstellen-bei-der-Zulassung-von-Pestiziden-auf-umweltperspektiven-768x512.jpg 768w, https:\/\/www.organisator.ch\/wp-content\/uploads\/2016\/12\/Studie-zeigt-Schwachstellen-bei-der-Zulassung-von-Pestiziden-auf-umweltperspektiven-1536x1024.jpg 1536w, https:\/\/www.organisator.ch\/wp-content\/uploads\/2016\/12\/Studie-zeigt-Schwachstellen-bei-der-Zulassung-von-Pestiziden-auf-umweltperspektiven-18x12.jpg 18w, https:\/\/www.organisator.ch\/wp-content\/uploads\/2016\/12\/Studie-zeigt-Schwachstellen-bei-der-Zulassung-von-Pestiziden-auf-umweltperspektiven-263x175.jpg 263w, https:\/\/www.organisator.ch\/wp-content\/uploads\/2016\/12\/Studie-zeigt-Schwachstellen-bei-der-Zulassung-von-Pestiziden-auf-umweltperspektiven-525x350.jpg 525w, https:\/\/www.organisator.ch\/wp-content\/uploads\/2016\/12\/Studie-zeigt-Schwachstellen-bei-der-Zulassung-von-Pestiziden-auf-umweltperspektiven-1200x800.jpg 1200w, https:\/\/www.organisator.ch\/wp-content\/uploads\/2016\/12\/Studie-zeigt-Schwachstellen-bei-der-Zulassung-von-Pestiziden-auf-umweltperspektiven-920x613.jpg 920w, https:\/\/www.organisator.ch\/wp-content\/uploads\/2016\/12\/Studie-zeigt-Schwachstellen-bei-der-Zulassung-von-Pestiziden-auf-umweltperspektiven-1400x933.jpg 1400w, https:\/\/www.organisator.ch\/wp-content\/uploads\/2016\/12\/Studie-zeigt-Schwachstellen-bei-der-Zulassung-von-Pestiziden-auf-umweltperspektiven-300x200.jpg 300w\" sizes=\"auto, (max-width: 680px) 100vw, 680px\" \/><\/a><figcaption id=\"caption-attachment-448\" class=\"wp-caption-text\">Les organisations environnementales critiquent le manque de transparence dans l'autorisation de nouveaux pesticides<\/figcaption><\/figure>\n<p>Les pesticides sont test\u00e9s par les autorit\u00e9s suisses quant aux risques qu'ils pr\u00e9sentent pour la sant\u00e9 et l'environnement avant d'\u00eatre autoris\u00e9s \u00e0 \u00eatre utilis\u00e9s en Suisse. L'objectif de l'autorisation est de r\u00e9glementer l'utilisation des pesticides de mani\u00e8re \u00e0 ce que l'environnement et la sant\u00e9 ne soient pas menac\u00e9s. Un site <a href=\"https:\/\/assets.wwf.ch\/downloads\/bericht_zulassungsverfahren_pflanzenschutzmittel_wwf_2016_06_30_interface.pdf\" target=\"_blank\" rel=\"noreferrer noopener\" data-cke-saved-href=\"\/\/assets.wwf.ch\/downloads\/bericht_zulassungsverfahren_pflanzenschutzmittel_wwf_2016_06_30_interface.pdf\">\u00c9tude de l'institut de recherche Interface<\/a> mandat\u00e9e par les organisations environnementales BirdLife Suisse, Greenpeace Suisse, Pro Natura et WWF Suisse, met en \u00e9vidence des lacunes dans la proc\u00e9dure d'autorisation suisse.<\/p>\n<p>L'\u00e9tude compare le processus d'autorisation suisse avec des proc\u00e9dures d'autorisation similaires (l'autorisation des biocides) et la proc\u00e9dure en Allemagne et en Nouvelle-Z\u00e9lande. Sur la base de cette \u00e9tude, les organisations environnementales identifient cinq points faibles pertinents :<\/p>\n<ol>\n<li>Manque de transparence : les raisons du refus ou de l'autorisation d'un pesticide ne sont pas accessibles au public.<\/li>\n<li>Double r\u00f4le de l'Office f\u00e9d\u00e9ral de l'agriculture (OFAG) : l'OFAG est \u00e0 la fois le point de contact des demandeurs (c'est-\u00e0-dire des entreprises de pesticides) et l'autorit\u00e9 de d\u00e9cision. La proc\u00e9dure d'autorisation administrative et la d\u00e9cision finale devraient \u00eatre prises par des instances ind\u00e9pendantes les unes des autres (comme dans le cas des biocides ou de l'autorisation des pesticides en Allemagne).<\/li>\n<li>R\u00f4le trop faible de l'Office f\u00e9d\u00e9ral de l'environnement (OFEV) dans le processus : l'OFEV n'a gu\u00e8re de comp\u00e9tences pour refuser l'autorisation de pesticides ou pour limiter leur autorisation.<\/li>\n<li>L'acc\u00e8s limit\u00e9 aux donn\u00e9es de l'espace europ\u00e9en : de nombreuses conclusions de l'UE sont reprises, mais les autorit\u00e9s suisses n'ont qu'un acc\u00e8s limit\u00e9 aux donn\u00e9es de base dont disposent les autorit\u00e9s europ\u00e9ennes.<\/li>\n<li>Pas de taxes couvrant les co\u00fbts : Les entreprises de pesticides qui d\u00e9posent une demande ne paient qu'une infime partie des frais d'autorisation encourus par la collectivit\u00e9.<\/li>\n<\/ol>\n<p>En juin, l'administration f\u00e9d\u00e9rale a lanc\u00e9 l'audition sur le plan d'action pour la r\u00e9duction des risques et l'utilisation durable des produits phytosanitaires. \"Le projet d'audition ne contient pas de propositions visant \u00e0 am\u00e9liorer le syst\u00e8me d'autorisation suisse. Or, pour r\u00e9duire les risques li\u00e9s aux pesticides pour l'homme et l'environnement, des mesures sont \u00e9galement n\u00e9cessaires dans ce domaine\", souligne Daniela Hoffman, experte en agriculture au WWF Suisse.<\/p>\n<p><strong>Les associations demandent plus de transparence<\/strong><\/p>\n<p>Hormis dans le cas d'exemples isol\u00e9s et spectaculaires, comme les n\u00e9onicotino\u00efdes, dangereux pour les abeilles, ou le glyphosate, probablement canc\u00e9rig\u00e8ne, l'autorisation des pesticides se fait \"en chambre\". Ces exemples montrent clairement que la grande complexit\u00e9 de la proc\u00e9dure et la politique d'information restrictive de la Conf\u00e9d\u00e9ration peuvent susciter la m\u00e9fiance et contribuer \u00e0 l'ins\u00e9curit\u00e9 de la population.<\/p>\n<p>Avec cette \u00e9tude, les organisations environnementales souhaitent cr\u00e9er une plus grande transparence et mettre en \u00e9vidence les faiblesses du syst\u00e8me. Les organisations environnementales demandent \u00e0 la Conf\u00e9d\u00e9ration de rem\u00e9dier aux points faibles mentionn\u00e9s dans l'autorisation afin de prot\u00e9ger \u00e0 l'avenir de mani\u00e8re ad\u00e9quate l'environnement et la sant\u00e9 de la population contre les effets nocifs de l'utilisation des pesticides en Suisse.<\/p>\n<p>Des exemples du pass\u00e9 montrent que le contr\u00f4le des produits chimiques a toujours pr\u00e9sent\u00e9 de graves lacunes. Si, par exemple, le DDT, officiellement autoris\u00e9, \u00e9tait encore consid\u00e9r\u00e9 comme inoffensif il y a des d\u00e9cennies, nous savons aujourd'hui quelles sont les cons\u00e9quences fatales de son utilisation g\u00e9n\u00e9ralis\u00e9e \u00e0 l'\u00e9poque. Pour \u00e9viter de tels d\u00e9rapages \u00e0 l'avenir, il faut une proc\u00e9dure d'autorisation s\u00fbre de bout en bout.<\/p>","protected":false},"excerpt":{"rendered":"<p>Pestizide werden von den Schweizer Beh\u00f6rden auf ihre Gesundheits- und Umweltrisiken gepr\u00fcft bevor sie in der Schweiz eingesetzt werden d\u00fcrfen. Ziel der Zulassung ist es, den Einsatz von Pestiziden so zu reglementieren, dass Umwelt und Gesundheit nicht gef\u00e4hrdet werden. Eine Studie des Forschungsinstituts Interface im Auftrag der Umweltverb\u00e4nde BirdLife Schweiz, Greenpeace Schweiz, Pro Natura\u00a0 und [&hellip;]<\/p>\n","protected":false},"author":1,"featured_media":448,"comment_status":"open","ping_status":"open","sticky":false,"template":"","format":"standard","meta":{"_acf_changed":false,"_yoast_wpseo_focuskw":"Pestiziden","_yoast_wpseo_metadesc":"Das Schweizer Zulassungssystem f\u00fcr Pestizide weist Schw\u00e4chen auf, die f\u00fcr den Schutz der Umwelt und der Gesundheit der Bev\u00f6lkerung Risiken mit sich bringen k\u00f6nnten. Dies zeigt eine neue Studie","articlekey":"","footnotes":""},"categories":[1],"tags":[762,1319,1592,1894,2586],"class_list":["post-9956","post","type-post","status-publish","format-standard","has-post-thumbnail","hentry","category-allgemein","tag-bafu","tag-greenpeace","tag-landwirtschaft","tag-pestizide","tag-wwf"],"acf":[],"yoast_head":"<!-- This site is optimized with the Yoast SEO plugin v27.4 - https:\/\/yoast.com\/product\/yoast-seo-wordpress\/ -->\n<title>Studie zeigt Schwachstellen bei der Zulassung von Pestiziden auf - Organisator<\/title>\n<meta name=\"description\" content=\"Das Schweizer Zulassungssystem f\u00fcr Pestizide weist Schw\u00e4chen auf, die f\u00fcr den Schutz der Umwelt und der Gesundheit der Bev\u00f6lkerung Risiken mit sich bringen k\u00f6nnten. Dies zeigt eine neue Studie\" \/>\n<meta name=\"robots\" content=\"index, follow, max-snippet:-1, max-image-preview:large, max-video-preview:-1\" \/>\n<link rel=\"canonical\" href=\"https:\/\/www.organisator.ch\/fr\/general\/2016-08-15\/studie-zeigt-schwachstellen-bei-der-zulassung-von-pestiziden-auf\/\" \/>\n<meta property=\"og:locale\" content=\"fr_FR\" \/>\n<meta property=\"og:type\" content=\"article\" \/>\n<meta property=\"og:title\" content=\"Studie zeigt Schwachstellen bei der Zulassung von Pestiziden auf - Organisator\" \/>\n<meta property=\"og:description\" content=\"Das Schweizer Zulassungssystem f\u00fcr Pestizide weist Schw\u00e4chen auf, die f\u00fcr den Schutz der Umwelt und der Gesundheit der Bev\u00f6lkerung Risiken mit sich bringen k\u00f6nnten. Dies zeigt eine neue Studie\" \/>\n<meta property=\"og:url\" content=\"https:\/\/www.organisator.ch\/fr\/general\/2016-08-15\/studie-zeigt-schwachstellen-bei-der-zulassung-von-pestiziden-auf\/\" \/>\n<meta property=\"og:site_name\" content=\"Organisator\" \/>\n<meta property=\"article:publisher\" content=\"https:\/\/www.facebook.com\/OrganisatorFachmagazin\" \/>\n<meta property=\"article:published_time\" content=\"2016-08-15T14:57:10+00:00\" \/>\n<meta property=\"og:image\" content=\"https:\/\/www.organisator.ch\/wp-content\/uploads\/2016\/12\/Studie-zeigt-Schwachstellen-bei-der-Zulassung-von-Pestiziden-auf-umweltperspektiven-1024x682.jpg\" \/>\n\t<meta property=\"og:image:width\" content=\"1024\" \/>\n\t<meta property=\"og:image:height\" content=\"682\" \/>\n\t<meta property=\"og:image:type\" content=\"image\/jpeg\" \/>\n<meta name=\"author\" content=\"admin\" \/>\n<meta name=\"twitter:card\" content=\"summary_large_image\" \/>\n<script type=\"application\/ld+json\" class=\"yoast-schema-graph\">{\"@context\":\"https:\\\/\\\/schema.org\",\"@graph\":[{\"@type\":\"Article\",\"@id\":\"https:\\\/\\\/www.organisator.ch\\\/en\\\/general\\\/2016-08-15\\\/studie-zeigt-schwachstellen-bei-der-zulassung-von-pestiziden-auf\\\/#article\",\"isPartOf\":{\"@id\":\"https:\\\/\\\/www.organisator.ch\\\/en\\\/general\\\/2016-08-15\\\/studie-zeigt-schwachstellen-bei-der-zulassung-von-pestiziden-auf\\\/\"},\"author\":{\"name\":\"admin\",\"@id\":\"https:\\\/\\\/www.organisator.ch\\\/#\\\/schema\\\/person\\\/aa2bace6c5c5aad60102004a50c4eb1c\"},\"headline\":\"Studie zeigt Schwachstellen bei der Zulassung von Pestiziden auf\",\"datePublished\":\"2016-08-15T14:57:10+00:00\",\"mainEntityOfPage\":{\"@id\":\"https:\\\/\\\/www.organisator.ch\\\/en\\\/general\\\/2016-08-15\\\/studie-zeigt-schwachstellen-bei-der-zulassung-von-pestiziden-auf\\\/\"},\"wordCount\":512,\"commentCount\":0,\"publisher\":{\"@id\":\"https:\\\/\\\/www.organisator.ch\\\/#organization\"},\"image\":{\"@id\":\"https:\\\/\\\/www.organisator.ch\\\/en\\\/general\\\/2016-08-15\\\/studie-zeigt-schwachstellen-bei-der-zulassung-von-pestiziden-auf\\\/#primaryimage\"},\"thumbnailUrl\":\"https:\\\/\\\/www.organisator.ch\\\/wp-content\\\/uploads\\\/2016\\\/12\\\/Studie-zeigt-Schwachstellen-bei-der-Zulassung-von-Pestiziden-auf-umweltperspektiven.jpg\",\"keywords\":[\"BAFU\",\"Greenpeace\",\"Landwirtschaft\",\"Pestizide\",\"WWF\"],\"articleSection\":[\"Allgemein\"],\"inLanguage\":\"fr-FR\"},{\"@type\":\"WebPage\",\"@id\":\"https:\\\/\\\/www.organisator.ch\\\/en\\\/general\\\/2016-08-15\\\/studie-zeigt-schwachstellen-bei-der-zulassung-von-pestiziden-auf\\\/\",\"url\":\"https:\\\/\\\/www.organisator.ch\\\/en\\\/general\\\/2016-08-15\\\/studie-zeigt-schwachstellen-bei-der-zulassung-von-pestiziden-auf\\\/\",\"name\":\"Studie zeigt Schwachstellen bei der Zulassung von Pestiziden auf - Organisator\",\"isPartOf\":{\"@id\":\"https:\\\/\\\/www.organisator.ch\\\/#website\"},\"primaryImageOfPage\":{\"@id\":\"https:\\\/\\\/www.organisator.ch\\\/en\\\/general\\\/2016-08-15\\\/studie-zeigt-schwachstellen-bei-der-zulassung-von-pestiziden-auf\\\/#primaryimage\"},\"image\":{\"@id\":\"https:\\\/\\\/www.organisator.ch\\\/en\\\/general\\\/2016-08-15\\\/studie-zeigt-schwachstellen-bei-der-zulassung-von-pestiziden-auf\\\/#primaryimage\"},\"thumbnailUrl\":\"https:\\\/\\\/www.organisator.ch\\\/wp-content\\\/uploads\\\/2016\\\/12\\\/Studie-zeigt-Schwachstellen-bei-der-Zulassung-von-Pestiziden-auf-umweltperspektiven.jpg\",\"datePublished\":\"2016-08-15T14:57:10+00:00\",\"description\":\"Das Schweizer Zulassungssystem f\u00fcr Pestizide weist Schw\u00e4chen auf, die f\u00fcr den Schutz der Umwelt und der Gesundheit der Bev\u00f6lkerung Risiken mit sich bringen k\u00f6nnten. Dies zeigt eine neue Studie\",\"breadcrumb\":{\"@id\":\"https:\\\/\\\/www.organisator.ch\\\/en\\\/general\\\/2016-08-15\\\/studie-zeigt-schwachstellen-bei-der-zulassung-von-pestiziden-auf\\\/#breadcrumb\"},\"inLanguage\":\"fr-FR\",\"potentialAction\":[{\"@type\":\"ReadAction\",\"target\":[\"https:\\\/\\\/www.organisator.ch\\\/en\\\/general\\\/2016-08-15\\\/studie-zeigt-schwachstellen-bei-der-zulassung-von-pestiziden-auf\\\/\"]}]},{\"@type\":\"ImageObject\",\"inLanguage\":\"fr-FR\",\"@id\":\"https:\\\/\\\/www.organisator.ch\\\/en\\\/general\\\/2016-08-15\\\/studie-zeigt-schwachstellen-bei-der-zulassung-von-pestiziden-auf\\\/#primaryimage\",\"url\":\"https:\\\/\\\/www.organisator.ch\\\/wp-content\\\/uploads\\\/2016\\\/12\\\/Studie-zeigt-Schwachstellen-bei-der-Zulassung-von-Pestiziden-auf-umweltperspektiven.jpg\",\"contentUrl\":\"https:\\\/\\\/www.organisator.ch\\\/wp-content\\\/uploads\\\/2016\\\/12\\\/Studie-zeigt-Schwachstellen-bei-der-Zulassung-von-Pestiziden-auf-umweltperspektiven.jpg\",\"width\":2000,\"height\":1333,\"caption\":\"Umweltverb\u00e4nde kritisieren die fehlende Transparenz bei der Zulassung neuer Pestizide\"},{\"@type\":\"BreadcrumbList\",\"@id\":\"https:\\\/\\\/www.organisator.ch\\\/en\\\/general\\\/2016-08-15\\\/studie-zeigt-schwachstellen-bei-der-zulassung-von-pestiziden-auf\\\/#breadcrumb\",\"itemListElement\":[{\"@type\":\"ListItem\",\"position\":1,\"name\":\"Home\",\"item\":\"https:\\\/\\\/www.organisator.ch\\\/\"},{\"@type\":\"ListItem\",\"position\":2,\"name\":\"Studie zeigt Schwachstellen bei der Zulassung von Pestiziden auf\"}]},{\"@type\":\"WebSite\",\"@id\":\"https:\\\/\\\/www.organisator.ch\\\/#website\",\"url\":\"https:\\\/\\\/www.organisator.ch\\\/\",\"name\":\"Organisator\",\"description\":\"Kompetent. Praxisnah. Der ORGANISATOR bereitet in 10 Ausgaben pro Jahr die wesentlichen Themen f\u00fcr F\u00fchrungskr\u00e4fte von KMU auf.\",\"publisher\":{\"@id\":\"https:\\\/\\\/www.organisator.ch\\\/#organization\"},\"potentialAction\":[{\"@type\":\"SearchAction\",\"target\":{\"@type\":\"EntryPoint\",\"urlTemplate\":\"https:\\\/\\\/www.organisator.ch\\\/?s={search_term_string}\"},\"query-input\":{\"@type\":\"PropertyValueSpecification\",\"valueRequired\":true,\"valueName\":\"search_term_string\"}}],\"inLanguage\":\"fr-FR\"},{\"@type\":\"Organization\",\"@id\":\"https:\\\/\\\/www.organisator.ch\\\/#organization\",\"name\":\"Organisator\",\"url\":\"https:\\\/\\\/www.organisator.ch\\\/\",\"logo\":{\"@type\":\"ImageObject\",\"inLanguage\":\"fr-FR\",\"@id\":\"https:\\\/\\\/www.organisator.ch\\\/#\\\/schema\\\/logo\\\/image\\\/\",\"url\":\"https:\\\/\\\/www.organisator.ch\\\/wp-content\\\/uploads\\\/2022\\\/01\\\/Logo_Organisator_Website.png\",\"contentUrl\":\"https:\\\/\\\/www.organisator.ch\\\/wp-content\\\/uploads\\\/2022\\\/01\\\/Logo_Organisator_Website.png\",\"width\":800,\"height\":77,\"caption\":\"Organisator\"},\"image\":{\"@id\":\"https:\\\/\\\/www.organisator.ch\\\/#\\\/schema\\\/logo\\\/image\\\/\"},\"sameAs\":[\"https:\\\/\\\/www.facebook.com\\\/OrganisatorFachmagazin\",\"https:\\\/\\\/www.linkedin.com\\\/showcase\\\/organisator-das-magazin-fr-kmu\",\"https:\\\/\\\/www.xing.com\\\/news\\\/pages\\\/organisator-ch-695\",\"https:\\\/\\\/www.youtube.com\\\/channel\\\/UCGP2Sq0iWaZwT3BdIAQFYpw\"]},{\"@type\":\"Person\",\"@id\":\"https:\\\/\\\/www.organisator.ch\\\/#\\\/schema\\\/person\\\/aa2bace6c5c5aad60102004a50c4eb1c\",\"name\":\"admin\",\"image\":{\"@type\":\"ImageObject\",\"inLanguage\":\"fr-FR\",\"@id\":\"https:\\\/\\\/secure.gravatar.com\\\/avatar\\\/ae2f4d718e6c49043e314ce431e7e645d646302a24a5ef5a8bc8e3f5a032e319?s=96&d=mm&r=g\",\"url\":\"https:\\\/\\\/secure.gravatar.com\\\/avatar\\\/ae2f4d718e6c49043e314ce431e7e645d646302a24a5ef5a8bc8e3f5a032e319?s=96&d=mm&r=g\",\"contentUrl\":\"https:\\\/\\\/secure.gravatar.com\\\/avatar\\\/ae2f4d718e6c49043e314ce431e7e645d646302a24a5ef5a8bc8e3f5a032e319?s=96&d=mm&r=g\",\"caption\":\"admin\"},\"sameAs\":[\"https:\\\/\\\/www.organisator.ch\"],\"url\":\"https:\\\/\\\/www.organisator.ch\\\/fr\\\/author\\\/admin\\\/\"}]}<\/script>\n<!-- \/ Yoast SEO plugin. -->","yoast_head_json":{"title":"Une \u00e9tude r\u00e9v\u00e8le des faiblesses dans l'autorisation des pesticides - Organisateur","description":"Le syst\u00e8me suisse d'autorisation des pesticides pr\u00e9sente des faiblesses qui pourraient entra\u00eener des risques pour la protection de l'environnement et de la sant\u00e9 publique. C'est ce que montre une nouvelle \u00e9tude","robots":{"index":"index","follow":"follow","max-snippet":"max-snippet:-1","max-image-preview":"max-image-preview:large","max-video-preview":"max-video-preview:-1"},"canonical":"https:\/\/www.organisator.ch\/fr\/general\/2016-08-15\/studie-zeigt-schwachstellen-bei-der-zulassung-von-pestiziden-auf\/","og_locale":"fr_FR","og_type":"article","og_title":"Studie zeigt Schwachstellen bei der Zulassung von Pestiziden auf - Organisator","og_description":"Das Schweizer Zulassungssystem f\u00fcr Pestizide weist Schw\u00e4chen auf, die f\u00fcr den Schutz der Umwelt und der Gesundheit der Bev\u00f6lkerung Risiken mit sich bringen k\u00f6nnten. Dies zeigt eine neue Studie","og_url":"https:\/\/www.organisator.ch\/fr\/general\/2016-08-15\/studie-zeigt-schwachstellen-bei-der-zulassung-von-pestiziden-auf\/","og_site_name":"Organisator","article_publisher":"https:\/\/www.facebook.com\/OrganisatorFachmagazin","article_published_time":"2016-08-15T14:57:10+00:00","og_image":[{"width":1024,"height":682,"url":"https:\/\/www.organisator.ch\/wp-content\/uploads\/2016\/12\/Studie-zeigt-Schwachstellen-bei-der-Zulassung-von-Pestiziden-auf-umweltperspektiven-1024x682.jpg","type":"image\/jpeg"}],"author":"admin","twitter_card":"summary_large_image","schema":{"@context":"https:\/\/schema.org","@graph":[{"@type":"Article","@id":"https:\/\/www.organisator.ch\/en\/general\/2016-08-15\/studie-zeigt-schwachstellen-bei-der-zulassung-von-pestiziden-auf\/#article","isPartOf":{"@id":"https:\/\/www.organisator.ch\/en\/general\/2016-08-15\/studie-zeigt-schwachstellen-bei-der-zulassung-von-pestiziden-auf\/"},"author":{"name":"admin","@id":"https:\/\/www.organisator.ch\/#\/schema\/person\/aa2bace6c5c5aad60102004a50c4eb1c"},"headline":"Studie zeigt Schwachstellen bei der Zulassung von Pestiziden auf","datePublished":"2016-08-15T14:57:10+00:00","mainEntityOfPage":{"@id":"https:\/\/www.organisator.ch\/en\/general\/2016-08-15\/studie-zeigt-schwachstellen-bei-der-zulassung-von-pestiziden-auf\/"},"wordCount":512,"commentCount":0,"publisher":{"@id":"https:\/\/www.organisator.ch\/#organization"},"image":{"@id":"https:\/\/www.organisator.ch\/en\/general\/2016-08-15\/studie-zeigt-schwachstellen-bei-der-zulassung-von-pestiziden-auf\/#primaryimage"},"thumbnailUrl":"https:\/\/www.organisator.ch\/wp-content\/uploads\/2016\/12\/Studie-zeigt-Schwachstellen-bei-der-Zulassung-von-Pestiziden-auf-umweltperspektiven.jpg","keywords":["BAFU","Greenpeace","Landwirtschaft","Pestizide","WWF"],"articleSection":["Allgemein"],"inLanguage":"fr-FR"},{"@type":"WebPage","@id":"https:\/\/www.organisator.ch\/en\/general\/2016-08-15\/studie-zeigt-schwachstellen-bei-der-zulassung-von-pestiziden-auf\/","url":"https:\/\/www.organisator.ch\/en\/general\/2016-08-15\/studie-zeigt-schwachstellen-bei-der-zulassung-von-pestiziden-auf\/","name":"Une \u00e9tude r\u00e9v\u00e8le des faiblesses dans l'autorisation des pesticides - Organisateur","isPartOf":{"@id":"https:\/\/www.organisator.ch\/#website"},"primaryImageOfPage":{"@id":"https:\/\/www.organisator.ch\/en\/general\/2016-08-15\/studie-zeigt-schwachstellen-bei-der-zulassung-von-pestiziden-auf\/#primaryimage"},"image":{"@id":"https:\/\/www.organisator.ch\/en\/general\/2016-08-15\/studie-zeigt-schwachstellen-bei-der-zulassung-von-pestiziden-auf\/#primaryimage"},"thumbnailUrl":"https:\/\/www.organisator.ch\/wp-content\/uploads\/2016\/12\/Studie-zeigt-Schwachstellen-bei-der-Zulassung-von-Pestiziden-auf-umweltperspektiven.jpg","datePublished":"2016-08-15T14:57:10+00:00","description":"Le syst\u00e8me suisse d'autorisation des pesticides pr\u00e9sente des faiblesses qui pourraient entra\u00eener des risques pour la protection de l'environnement et de la sant\u00e9 publique. C'est ce que montre une nouvelle \u00e9tude","breadcrumb":{"@id":"https:\/\/www.organisator.ch\/en\/general\/2016-08-15\/studie-zeigt-schwachstellen-bei-der-zulassung-von-pestiziden-auf\/#breadcrumb"},"inLanguage":"fr-FR","potentialAction":[{"@type":"ReadAction","target":["https:\/\/www.organisator.ch\/en\/general\/2016-08-15\/studie-zeigt-schwachstellen-bei-der-zulassung-von-pestiziden-auf\/"]}]},{"@type":"ImageObject","inLanguage":"fr-FR","@id":"https:\/\/www.organisator.ch\/en\/general\/2016-08-15\/studie-zeigt-schwachstellen-bei-der-zulassung-von-pestiziden-auf\/#primaryimage","url":"https:\/\/www.organisator.ch\/wp-content\/uploads\/2016\/12\/Studie-zeigt-Schwachstellen-bei-der-Zulassung-von-Pestiziden-auf-umweltperspektiven.jpg","contentUrl":"https:\/\/www.organisator.ch\/wp-content\/uploads\/2016\/12\/Studie-zeigt-Schwachstellen-bei-der-Zulassung-von-Pestiziden-auf-umweltperspektiven.jpg","width":2000,"height":1333,"caption":"Umweltverb\u00e4nde kritisieren die fehlende Transparenz bei der Zulassung neuer Pestizide"},{"@type":"BreadcrumbList","@id":"https:\/\/www.organisator.ch\/en\/general\/2016-08-15\/studie-zeigt-schwachstellen-bei-der-zulassung-von-pestiziden-auf\/#breadcrumb","itemListElement":[{"@type":"ListItem","position":1,"name":"Home","item":"https:\/\/www.organisator.ch\/"},{"@type":"ListItem","position":2,"name":"Studie zeigt Schwachstellen bei der Zulassung von Pestiziden auf"}]},{"@type":"WebSite","@id":"https:\/\/www.organisator.ch\/#website","url":"https:\/\/www.organisator.ch\/","name":"Organisateur","description":"Comp\u00e9tence et comp\u00e9tence. Proches de la pratique. L'ORGANISATEUR pr\u00e9pare 10 num\u00e9ros par an sur les th\u00e8mes essentiels pour les dirigeants de PME.","publisher":{"@id":"https:\/\/www.organisator.ch\/#organization"},"potentialAction":[{"@type":"SearchAction","target":{"@type":"EntryPoint","urlTemplate":"https:\/\/www.organisator.ch\/?s={search_term_string}"},"query-input":{"@type":"PropertyValueSpecification","valueRequired":true,"valueName":"search_term_string"}}],"inLanguage":"fr-FR"},{"@type":"Organization","@id":"https:\/\/www.organisator.ch\/#organization","name":"Organisateur","url":"https:\/\/www.organisator.ch\/","logo":{"@type":"ImageObject","inLanguage":"fr-FR","@id":"https:\/\/www.organisator.ch\/#\/schema\/logo\/image\/","url":"https:\/\/www.organisator.ch\/wp-content\/uploads\/2022\/01\/Logo_Organisator_Website.png","contentUrl":"https:\/\/www.organisator.ch\/wp-content\/uploads\/2022\/01\/Logo_Organisator_Website.png","width":800,"height":77,"caption":"Organisator"},"image":{"@id":"https:\/\/www.organisator.ch\/#\/schema\/logo\/image\/"},"sameAs":["https:\/\/www.facebook.com\/OrganisatorFachmagazin","https:\/\/www.linkedin.com\/showcase\/organisator-das-magazin-fr-kmu","https:\/\/www.xing.com\/news\/pages\/organisator-ch-695","https:\/\/www.youtube.com\/channel\/UCGP2Sq0iWaZwT3BdIAQFYpw"]},{"@type":"Person","@id":"https:\/\/www.organisator.ch\/#\/schema\/person\/aa2bace6c5c5aad60102004a50c4eb1c","name":"admin","image":{"@type":"ImageObject","inLanguage":"fr-FR","@id":"https:\/\/secure.gravatar.com\/avatar\/ae2f4d718e6c49043e314ce431e7e645d646302a24a5ef5a8bc8e3f5a032e319?s=96&d=mm&r=g","url":"https:\/\/secure.gravatar.com\/avatar\/ae2f4d718e6c49043e314ce431e7e645d646302a24a5ef5a8bc8e3f5a032e319?s=96&d=mm&r=g","contentUrl":"https:\/\/secure.gravatar.com\/avatar\/ae2f4d718e6c49043e314ce431e7e645d646302a24a5ef5a8bc8e3f5a032e319?s=96&d=mm&r=g","caption":"admin"},"sameAs":["https:\/\/www.organisator.ch"],"url":"https:\/\/www.organisator.ch\/fr\/author\/admin\/"}]}},"_links":{"self":[{"href":"https:\/\/www.organisator.ch\/fr\/wp-json\/wp\/v2\/posts\/9956","targetHints":{"allow":["GET"]}}],"collection":[{"href":"https:\/\/www.organisator.ch\/fr\/wp-json\/wp\/v2\/posts"}],"about":[{"href":"https:\/\/www.organisator.ch\/fr\/wp-json\/wp\/v2\/types\/post"}],"author":[{"embeddable":true,"href":"https:\/\/www.organisator.ch\/fr\/wp-json\/wp\/v2\/users\/1"}],"replies":[{"embeddable":true,"href":"https:\/\/www.organisator.ch\/fr\/wp-json\/wp\/v2\/comments?post=9956"}],"version-history":[{"count":0,"href":"https:\/\/www.organisator.ch\/fr\/wp-json\/wp\/v2\/posts\/9956\/revisions"}],"wp:featuredmedia":[{"embeddable":true,"href":"https:\/\/www.organisator.ch\/fr\/wp-json\/wp\/v2\/media\/448"}],"wp:attachment":[{"href":"https:\/\/www.organisator.ch\/fr\/wp-json\/wp\/v2\/media?parent=9956"}],"wp:term":[{"taxonomy":"category","embeddable":true,"href":"https:\/\/www.organisator.ch\/fr\/wp-json\/wp\/v2\/categories?post=9956"},{"taxonomy":"post_tag","embeddable":true,"href":"https:\/\/www.organisator.ch\/fr\/wp-json\/wp\/v2\/tags?post=9956"}],"curies":[{"name":"wp","href":"https:\/\/api.w.org\/{rel}","templated":true}]}}