{"id":9961,"date":"2016-09-01T16:01:46","date_gmt":"2016-09-01T14:01:46","guid":{"rendered":"https:\/\/dev.umweltperspektiven.ch\/?p=496"},"modified":"2022-02-09T11:05:39","modified_gmt":"2022-02-09T10:05:39","slug":"europaeische-waste-to-energy-branche-bleibt-optimistisch","status":"publish","type":"post","link":"https:\/\/www.organisator.ch\/fr\/sustainability\/2016-09-01\/europaeische-waste-to-energy-branche-bleibt-optimistisch\/","title":{"rendered":"Le secteur europ\u00e9en du Waste-to-Energy reste optimiste"},"content":{"rendered":"<figure id=\"attachment_497\" aria-describedby=\"caption-attachment-497\" style=\"width: 680px\" class=\"wp-caption alignnone\"><a href=\"\/\/dev.umweltperspektiven.ch\/wp-content\/uploads\/2016\/12\/Europ\u00e4ische-Waste-to-Energy-Branche-bleibt-optimistisch-umweltperspektiven.jpg\"><img loading=\"lazy\" decoding=\"async\" class=\"size-medium wp-image-497\" src=\"\/\/dev.umweltperspektiven.ch\/wp-content\/uploads\/2016\/12\/Europ\u00e4ische-Waste-to-Energy-Branche-bleibt-optimistisch-umweltperspektiven.jpg\" alt=\"Les exploitants d&#039;installations de valorisation thermique des d\u00e9chets sont positifs. (En illustration : KEZO Hinwil)\" width=\"680\" height=\"453\" \/><\/a><figcaption id=\"caption-attachment-497\" class=\"wp-caption-text\">Les exploitants d'installations de valorisation thermique des d\u00e9chets sont positifs. (En illustration : KEZO Hinwil)<\/figcaption><\/figure>\n<p>Par rapport au niveau d\u00e9j\u00e0 \u00e9lev\u00e9 de l'ann\u00e9e pr\u00e9c\u00e9dente, le climat des affaires dans le secteur Waste-to-Energy en Europe s'est encore am\u00e9lior\u00e9. Cependant, l'\u00e9cart entre les exploitants et les \u00e9quipementiers d'installations de valorisation thermique des d\u00e9chets continue de se creuser. Alors que chez les exploitants, le moral d\u00e9j\u00e0 tr\u00e8s bon de l'ann\u00e9e derni\u00e8re s'est encore nettement am\u00e9lior\u00e9, la situation de l'industrie reste difficile.<\/p>\n<p>Les exploitants d'installations de valorisation thermique des d\u00e9chets \u00e9valuent positivement tant leur situation commerciale actuelle que leurs perspectives commerciales futures. Pr\u00e8s de 80% d'entre eux estiment que le taux d'utilisation actuel de leur installation est relativement \u00e9lev\u00e9. Par rapport \u00e0 l'ann\u00e9e 2015, d\u00e9j\u00e0 jug\u00e9e tr\u00e8s positive, 60% des exploitants ayant particip\u00e9 \u00e0 l'enqu\u00eate font encore \u00e9tat d'une augmentation de la demande sur le march\u00e9 spot. Deux tiers ont pu stabiliser le taux d'utilisation \u00e9lev\u00e9 de l'ann\u00e9e derni\u00e8re, et pr\u00e8s d'un tiers l'ont m\u00eame encore augment\u00e9.<\/p>\n<p><strong>Hausse des prix attendue<\/strong><\/p>\n<p>Pour les mois \u00e0 venir, 40% des exploitants s'attendent m\u00eame \u00e0 une nouvelle am\u00e9lioration de leur situation commerciale, seuls 1% s'attendent \u00e0 des affaires moins bonnes. Comme il n'est gu\u00e8re possible, dans de nombreux cas, d'augmenter le taux d'utilisation de sa propre installation, les attentes commerciales positives sont surtout li\u00e9es \u00e0 la poursuite de la hausse des prix. Pr\u00e8s de 60% des personnes interrog\u00e9es s'attendent \u00e0 une telle hausse des prix.<\/p>\n<p>Il en va autrement des constructeurs d'installations dans le secteur WtE : ceux-ci consid\u00e8rent leur situation commerciale actuelle comme mauvaise. Plus de 50% des repr\u00e9sentants de l'industrie interrog\u00e9s consid\u00e8rent leur carnet de commandes comme trop faible, et dans l'ensemble, celui-ci a diminu\u00e9 au cours des derniers mois pour un plus grand nombre d'entreprises que ce n'\u00e9tait le cas auparavant.<\/p>\n<p>Pour le proche avenir, plus de la moiti\u00e9 des entreprises ne s'attendent certes pas \u00e0 un changement de la situation, mais le nombre d'optimistes est tout de m\u00eame nettement sup\u00e9rieur \u00e0 celui des pessimistes.<\/p>\n<p>Le Barom\u00e8tre sectoriel WtE 2016 recense le climat actuel des affaires dans le secteur WtE selon une syst\u00e9matique d\u00e9velopp\u00e9e par l'institut IFO. En outre, des questions sur les d\u00e9veloppements actuels ont \u00e9t\u00e9 examin\u00e9es. Ainsi, les exploitants d'installations de traitement thermique des d\u00e9chets ont \u00e9t\u00e9 interrog\u00e9s, entre autres, sur leurs attentes concernant le paquet \u00e9conomie circulaire de l'UE, les cons\u00e9quences du Brexit ou les rachats d'entreprises par des soci\u00e9t\u00e9s chinoises. Les fournisseurs de technologie ont en outre fourni des informations sur leur \u00e9valuation des diff\u00e9rentes r\u00e9gions de march\u00e9 dans le monde.<\/p>\n<p>Le barom\u00e8tre sectoriel WtE est r\u00e9alis\u00e9 par l'entreprise de conseil Ecoprog GmbH de Cologne. La CEWEP (Confederation of European Waste-to-Energy Plants), l'association europ\u00e9enne des exploitants d'installations de valorisation thermique des d\u00e9chets, soutient l'enqu\u00eate.<\/p>\n<p>Le barom\u00e8tre sectoriel peut \u00eatre t\u00e9l\u00e9charg\u00e9 gratuitement sur le site <a href=\"http:\/\/www.cewep.eu\/news\/1391.Waste-to-Energy_plant_operators_in_good_mood.html\" target=\"_blank\" rel=\"noreferrer noopener\" data-cke-saved-href=\"\/\/www.cewep.eu\/news\/1391.Waste-to-Energy_plant_operators_in_good_mood.html\">Site web du CEWEP<\/a> disponible.<\/p>\n<p>Source : Ecoprog<\/p>","protected":false},"excerpt":{"rendered":"<p>Gegen\u00fcber dem bereits hohen Niveau des Vorjahres hat sich das Gesch\u00e4ftsklima in der Waste-to-Energy-Branche in Europa\u00a0noch einmal gebessert. Allerdings geht die Schere zwischen Betreibern und Ausr\u00fcstern von Anlagen zur thermischen Abfallverwertung weiter auseinander. W\u00e4hrend bei den Betreibern die ohnehin schon sehr gute Stimmung aus dem letzten Jahr noch einmal deutlich gestiegen ist, bleibt die Lage [&hellip;]<\/p>\n","protected":false},"author":1,"featured_media":9413,"comment_status":"open","ping_status":"open","sticky":false,"template":"","format":"standard","meta":{"_acf_changed":false,"_yoast_wpseo_focuskw":"Waste","_yoast_wpseo_metadesc":"Der Gesch\u00e4ftsklimaindex in der thermischen Abfallverwertung hat sich 2016 auf einem hohen Niveau stabilisiert. Das ist das Ergebnis des aktuellen Waste-to-Energy (WtE) Branchenbarometers.","articlekey":"","footnotes":""},"categories":[580],"tags":[654,868,906,2534],"class_list":["post-9961","post","type-post","status-publish","format-standard","has-post-thumbnail","hentry","category-sustainability","tag-abfall","tag-branchenbarometer","tag-cewep","tag-waste-to-energy"],"acf":[],"yoast_head":"<!-- This site is optimized with the Yoast SEO plugin v27.4 - https:\/\/yoast.com\/product\/yoast-seo-wordpress\/ -->\n<title>Europ\u00e4ische Waste-to-Energy-Branche bleibt optimistisch - Organisator<\/title>\n<meta name=\"description\" content=\"Der Gesch\u00e4ftsklimaindex in der thermischen Abfallverwertung hat sich 2016 auf einem hohen Niveau stabilisiert. Das ist das Ergebnis des aktuellen Waste-to-Energy (WtE) Branchenbarometers.\" \/>\n<meta name=\"robots\" content=\"index, follow, max-snippet:-1, max-image-preview:large, max-video-preview:-1\" \/>\n<link rel=\"canonical\" href=\"https:\/\/www.organisator.ch\/fr\/sustainability\/2016-09-01\/europaeische-waste-to-energy-branche-bleibt-optimistisch\/\" \/>\n<meta property=\"og:locale\" content=\"fr_FR\" \/>\n<meta property=\"og:type\" content=\"article\" \/>\n<meta property=\"og:title\" content=\"Europ\u00e4ische Waste-to-Energy-Branche bleibt optimistisch - Organisator\" \/>\n<meta property=\"og:description\" content=\"Der Gesch\u00e4ftsklimaindex in der thermischen Abfallverwertung hat sich 2016 auf einem hohen Niveau stabilisiert. Das ist das Ergebnis des aktuellen Waste-to-Energy (WtE) Branchenbarometers.\" \/>\n<meta property=\"og:url\" content=\"https:\/\/www.organisator.ch\/fr\/sustainability\/2016-09-01\/europaeische-waste-to-energy-branche-bleibt-optimistisch\/\" \/>\n<meta property=\"og:site_name\" content=\"Organisator\" \/>\n<meta property=\"article:publisher\" content=\"https:\/\/www.facebook.com\/OrganisatorFachmagazin\" \/>\n<meta property=\"article:published_time\" content=\"2016-09-01T14:01:46+00:00\" \/>\n<meta property=\"article:modified_time\" content=\"2022-02-09T10:05:39+00:00\" \/>\n<meta property=\"og:image\" content=\"https:\/\/www.organisator.ch\/wp-content\/uploads\/2016\/12\/Europaeische-Waste-to-Energy-Branche-bleibt-optimistisch-umweltperspektiven.jpg\" \/>\n\t<meta property=\"og:image:width\" content=\"1280\" \/>\n\t<meta property=\"og:image:height\" content=\"853\" \/>\n\t<meta property=\"og:image:type\" content=\"image\/jpeg\" \/>\n<meta name=\"author\" content=\"admin\" \/>\n<meta name=\"twitter:card\" content=\"summary_large_image\" \/>\n<script type=\"application\/ld+json\" class=\"yoast-schema-graph\">{\"@context\":\"https:\\\/\\\/schema.org\",\"@graph\":[{\"@type\":\"Article\",\"@id\":\"https:\\\/\\\/www.organisator.ch\\\/sustainability\\\/2016-09-01\\\/europaeische-waste-to-energy-branche-bleibt-optimistisch\\\/#article\",\"isPartOf\":{\"@id\":\"https:\\\/\\\/www.organisator.ch\\\/sustainability\\\/2016-09-01\\\/europaeische-waste-to-energy-branche-bleibt-optimistisch\\\/\"},\"author\":{\"name\":\"admin\",\"@id\":\"https:\\\/\\\/www.organisator.ch\\\/#\\\/schema\\\/person\\\/aa2bace6c5c5aad60102004a50c4eb1c\"},\"headline\":\"Europ\u00e4ische Waste-to-Energy-Branche bleibt optimistisch\",\"datePublished\":\"2016-09-01T14:01:46+00:00\",\"dateModified\":\"2022-02-09T10:05:39+00:00\",\"mainEntityOfPage\":{\"@id\":\"https:\\\/\\\/www.organisator.ch\\\/sustainability\\\/2016-09-01\\\/europaeische-waste-to-energy-branche-bleibt-optimistisch\\\/\"},\"wordCount\":407,\"commentCount\":0,\"publisher\":{\"@id\":\"https:\\\/\\\/www.organisator.ch\\\/#organization\"},\"image\":{\"@id\":\"https:\\\/\\\/www.organisator.ch\\\/sustainability\\\/2016-09-01\\\/europaeische-waste-to-energy-branche-bleibt-optimistisch\\\/#primaryimage\"},\"thumbnailUrl\":\"https:\\\/\\\/www.organisator.ch\\\/wp-content\\\/uploads\\\/2016\\\/12\\\/Europaeische-Waste-to-Energy-Branche-bleibt-optimistisch-umweltperspektiven.jpg\",\"keywords\":[\"Abfall\",\"Branchenbarometer\",\"CEWEP\",\"Waste-to-Energy\"],\"articleSection\":[\"SUSTAINABILITY\"],\"inLanguage\":\"fr-FR\"},{\"@type\":\"WebPage\",\"@id\":\"https:\\\/\\\/www.organisator.ch\\\/sustainability\\\/2016-09-01\\\/europaeische-waste-to-energy-branche-bleibt-optimistisch\\\/\",\"url\":\"https:\\\/\\\/www.organisator.ch\\\/sustainability\\\/2016-09-01\\\/europaeische-waste-to-energy-branche-bleibt-optimistisch\\\/\",\"name\":\"Europ\u00e4ische Waste-to-Energy-Branche bleibt optimistisch - Organisator\",\"isPartOf\":{\"@id\":\"https:\\\/\\\/www.organisator.ch\\\/#website\"},\"primaryImageOfPage\":{\"@id\":\"https:\\\/\\\/www.organisator.ch\\\/sustainability\\\/2016-09-01\\\/europaeische-waste-to-energy-branche-bleibt-optimistisch\\\/#primaryimage\"},\"image\":{\"@id\":\"https:\\\/\\\/www.organisator.ch\\\/sustainability\\\/2016-09-01\\\/europaeische-waste-to-energy-branche-bleibt-optimistisch\\\/#primaryimage\"},\"thumbnailUrl\":\"https:\\\/\\\/www.organisator.ch\\\/wp-content\\\/uploads\\\/2016\\\/12\\\/Europaeische-Waste-to-Energy-Branche-bleibt-optimistisch-umweltperspektiven.jpg\",\"datePublished\":\"2016-09-01T14:01:46+00:00\",\"dateModified\":\"2022-02-09T10:05:39+00:00\",\"description\":\"Der Gesch\u00e4ftsklimaindex in der thermischen Abfallverwertung hat sich 2016 auf einem hohen Niveau stabilisiert. Das ist das Ergebnis des aktuellen Waste-to-Energy (WtE) Branchenbarometers.\",\"breadcrumb\":{\"@id\":\"https:\\\/\\\/www.organisator.ch\\\/sustainability\\\/2016-09-01\\\/europaeische-waste-to-energy-branche-bleibt-optimistisch\\\/#breadcrumb\"},\"inLanguage\":\"fr-FR\",\"potentialAction\":[{\"@type\":\"ReadAction\",\"target\":[\"https:\\\/\\\/www.organisator.ch\\\/sustainability\\\/2016-09-01\\\/europaeische-waste-to-energy-branche-bleibt-optimistisch\\\/\"]}]},{\"@type\":\"ImageObject\",\"inLanguage\":\"fr-FR\",\"@id\":\"https:\\\/\\\/www.organisator.ch\\\/sustainability\\\/2016-09-01\\\/europaeische-waste-to-energy-branche-bleibt-optimistisch\\\/#primaryimage\",\"url\":\"https:\\\/\\\/www.organisator.ch\\\/wp-content\\\/uploads\\\/2016\\\/12\\\/Europaeische-Waste-to-Energy-Branche-bleibt-optimistisch-umweltperspektiven.jpg\",\"contentUrl\":\"https:\\\/\\\/www.organisator.ch\\\/wp-content\\\/uploads\\\/2016\\\/12\\\/Europaeische-Waste-to-Energy-Branche-bleibt-optimistisch-umweltperspektiven.jpg\",\"width\":1280,\"height\":853,\"caption\":\"Die Betreiber von Anlagen zur thermischen Abfallverwertung sind positiv gestimmt. (Im Bild: KEZO Hinwil)\"},{\"@type\":\"BreadcrumbList\",\"@id\":\"https:\\\/\\\/www.organisator.ch\\\/sustainability\\\/2016-09-01\\\/europaeische-waste-to-energy-branche-bleibt-optimistisch\\\/#breadcrumb\",\"itemListElement\":[{\"@type\":\"ListItem\",\"position\":1,\"name\":\"Home\",\"item\":\"https:\\\/\\\/www.organisator.ch\\\/\"},{\"@type\":\"ListItem\",\"position\":2,\"name\":\"Europ\u00e4ische Waste-to-Energy-Branche bleibt optimistisch\"}]},{\"@type\":\"WebSite\",\"@id\":\"https:\\\/\\\/www.organisator.ch\\\/#website\",\"url\":\"https:\\\/\\\/www.organisator.ch\\\/\",\"name\":\"Organisator\",\"description\":\"Kompetent. Praxisnah. Der ORGANISATOR bereitet in 10 Ausgaben pro Jahr die wesentlichen Themen f\u00fcr F\u00fchrungskr\u00e4fte von KMU auf.\",\"publisher\":{\"@id\":\"https:\\\/\\\/www.organisator.ch\\\/#organization\"},\"potentialAction\":[{\"@type\":\"SearchAction\",\"target\":{\"@type\":\"EntryPoint\",\"urlTemplate\":\"https:\\\/\\\/www.organisator.ch\\\/?s={search_term_string}\"},\"query-input\":{\"@type\":\"PropertyValueSpecification\",\"valueRequired\":true,\"valueName\":\"search_term_string\"}}],\"inLanguage\":\"fr-FR\"},{\"@type\":\"Organization\",\"@id\":\"https:\\\/\\\/www.organisator.ch\\\/#organization\",\"name\":\"Organisator\",\"url\":\"https:\\\/\\\/www.organisator.ch\\\/\",\"logo\":{\"@type\":\"ImageObject\",\"inLanguage\":\"fr-FR\",\"@id\":\"https:\\\/\\\/www.organisator.ch\\\/#\\\/schema\\\/logo\\\/image\\\/\",\"url\":\"https:\\\/\\\/www.organisator.ch\\\/wp-content\\\/uploads\\\/2022\\\/01\\\/Logo_Organisator_Website.png\",\"contentUrl\":\"https:\\\/\\\/www.organisator.ch\\\/wp-content\\\/uploads\\\/2022\\\/01\\\/Logo_Organisator_Website.png\",\"width\":800,\"height\":77,\"caption\":\"Organisator\"},\"image\":{\"@id\":\"https:\\\/\\\/www.organisator.ch\\\/#\\\/schema\\\/logo\\\/image\\\/\"},\"sameAs\":[\"https:\\\/\\\/www.facebook.com\\\/OrganisatorFachmagazin\",\"https:\\\/\\\/www.linkedin.com\\\/showcase\\\/organisator-das-magazin-fr-kmu\",\"https:\\\/\\\/www.xing.com\\\/news\\\/pages\\\/organisator-ch-695\",\"https:\\\/\\\/www.youtube.com\\\/channel\\\/UCGP2Sq0iWaZwT3BdIAQFYpw\"]},{\"@type\":\"Person\",\"@id\":\"https:\\\/\\\/www.organisator.ch\\\/#\\\/schema\\\/person\\\/aa2bace6c5c5aad60102004a50c4eb1c\",\"name\":\"admin\",\"image\":{\"@type\":\"ImageObject\",\"inLanguage\":\"fr-FR\",\"@id\":\"https:\\\/\\\/secure.gravatar.com\\\/avatar\\\/ae2f4d718e6c49043e314ce431e7e645d646302a24a5ef5a8bc8e3f5a032e319?s=96&d=mm&r=g\",\"url\":\"https:\\\/\\\/secure.gravatar.com\\\/avatar\\\/ae2f4d718e6c49043e314ce431e7e645d646302a24a5ef5a8bc8e3f5a032e319?s=96&d=mm&r=g\",\"contentUrl\":\"https:\\\/\\\/secure.gravatar.com\\\/avatar\\\/ae2f4d718e6c49043e314ce431e7e645d646302a24a5ef5a8bc8e3f5a032e319?s=96&d=mm&r=g\",\"caption\":\"admin\"},\"sameAs\":[\"https:\\\/\\\/www.organisator.ch\"],\"url\":\"https:\\\/\\\/www.organisator.ch\\\/fr\\\/author\\\/admin\\\/\"}]}<\/script>\n<!-- \/ Yoast SEO plugin. -->","yoast_head_json":{"title":"Le secteur europ\u00e9en Waste-to-Energy reste optimiste - Organisateur","description":"L'indice du climat des affaires dans le secteur de la valorisation thermique des d\u00e9chets s'est stabilis\u00e9 \u00e0 un niveau \u00e9lev\u00e9 en 2016. C'est le r\u00e9sultat du dernier barom\u00e8tre Waste-to-Energy (WtE) du secteur.","robots":{"index":"index","follow":"follow","max-snippet":"max-snippet:-1","max-image-preview":"max-image-preview:large","max-video-preview":"max-video-preview:-1"},"canonical":"https:\/\/www.organisator.ch\/fr\/sustainability\/2016-09-01\/europaeische-waste-to-energy-branche-bleibt-optimistisch\/","og_locale":"fr_FR","og_type":"article","og_title":"Europ\u00e4ische Waste-to-Energy-Branche bleibt optimistisch - Organisator","og_description":"Der Gesch\u00e4ftsklimaindex in der thermischen Abfallverwertung hat sich 2016 auf einem hohen Niveau stabilisiert. Das ist das Ergebnis des aktuellen Waste-to-Energy (WtE) Branchenbarometers.","og_url":"https:\/\/www.organisator.ch\/fr\/sustainability\/2016-09-01\/europaeische-waste-to-energy-branche-bleibt-optimistisch\/","og_site_name":"Organisator","article_publisher":"https:\/\/www.facebook.com\/OrganisatorFachmagazin","article_published_time":"2016-09-01T14:01:46+00:00","article_modified_time":"2022-02-09T10:05:39+00:00","og_image":[{"width":1280,"height":853,"url":"https:\/\/www.organisator.ch\/wp-content\/uploads\/2016\/12\/Europaeische-Waste-to-Energy-Branche-bleibt-optimistisch-umweltperspektiven.jpg","type":"image\/jpeg"}],"author":"admin","twitter_card":"summary_large_image","schema":{"@context":"https:\/\/schema.org","@graph":[{"@type":"Article","@id":"https:\/\/www.organisator.ch\/sustainability\/2016-09-01\/europaeische-waste-to-energy-branche-bleibt-optimistisch\/#article","isPartOf":{"@id":"https:\/\/www.organisator.ch\/sustainability\/2016-09-01\/europaeische-waste-to-energy-branche-bleibt-optimistisch\/"},"author":{"name":"admin","@id":"https:\/\/www.organisator.ch\/#\/schema\/person\/aa2bace6c5c5aad60102004a50c4eb1c"},"headline":"Europ\u00e4ische Waste-to-Energy-Branche bleibt optimistisch","datePublished":"2016-09-01T14:01:46+00:00","dateModified":"2022-02-09T10:05:39+00:00","mainEntityOfPage":{"@id":"https:\/\/www.organisator.ch\/sustainability\/2016-09-01\/europaeische-waste-to-energy-branche-bleibt-optimistisch\/"},"wordCount":407,"commentCount":0,"publisher":{"@id":"https:\/\/www.organisator.ch\/#organization"},"image":{"@id":"https:\/\/www.organisator.ch\/sustainability\/2016-09-01\/europaeische-waste-to-energy-branche-bleibt-optimistisch\/#primaryimage"},"thumbnailUrl":"https:\/\/www.organisator.ch\/wp-content\/uploads\/2016\/12\/Europaeische-Waste-to-Energy-Branche-bleibt-optimistisch-umweltperspektiven.jpg","keywords":["Abfall","Branchenbarometer","CEWEP","Waste-to-Energy"],"articleSection":["SUSTAINABILITY"],"inLanguage":"fr-FR"},{"@type":"WebPage","@id":"https:\/\/www.organisator.ch\/sustainability\/2016-09-01\/europaeische-waste-to-energy-branche-bleibt-optimistisch\/","url":"https:\/\/www.organisator.ch\/sustainability\/2016-09-01\/europaeische-waste-to-energy-branche-bleibt-optimistisch\/","name":"Le secteur europ\u00e9en Waste-to-Energy reste optimiste - Organisateur","isPartOf":{"@id":"https:\/\/www.organisator.ch\/#website"},"primaryImageOfPage":{"@id":"https:\/\/www.organisator.ch\/sustainability\/2016-09-01\/europaeische-waste-to-energy-branche-bleibt-optimistisch\/#primaryimage"},"image":{"@id":"https:\/\/www.organisator.ch\/sustainability\/2016-09-01\/europaeische-waste-to-energy-branche-bleibt-optimistisch\/#primaryimage"},"thumbnailUrl":"https:\/\/www.organisator.ch\/wp-content\/uploads\/2016\/12\/Europaeische-Waste-to-Energy-Branche-bleibt-optimistisch-umweltperspektiven.jpg","datePublished":"2016-09-01T14:01:46+00:00","dateModified":"2022-02-09T10:05:39+00:00","description":"L'indice du climat des affaires dans le secteur de la valorisation thermique des d\u00e9chets s'est stabilis\u00e9 \u00e0 un niveau \u00e9lev\u00e9 en 2016. C'est le r\u00e9sultat du dernier barom\u00e8tre Waste-to-Energy (WtE) du secteur.","breadcrumb":{"@id":"https:\/\/www.organisator.ch\/sustainability\/2016-09-01\/europaeische-waste-to-energy-branche-bleibt-optimistisch\/#breadcrumb"},"inLanguage":"fr-FR","potentialAction":[{"@type":"ReadAction","target":["https:\/\/www.organisator.ch\/sustainability\/2016-09-01\/europaeische-waste-to-energy-branche-bleibt-optimistisch\/"]}]},{"@type":"ImageObject","inLanguage":"fr-FR","@id":"https:\/\/www.organisator.ch\/sustainability\/2016-09-01\/europaeische-waste-to-energy-branche-bleibt-optimistisch\/#primaryimage","url":"https:\/\/www.organisator.ch\/wp-content\/uploads\/2016\/12\/Europaeische-Waste-to-Energy-Branche-bleibt-optimistisch-umweltperspektiven.jpg","contentUrl":"https:\/\/www.organisator.ch\/wp-content\/uploads\/2016\/12\/Europaeische-Waste-to-Energy-Branche-bleibt-optimistisch-umweltperspektiven.jpg","width":1280,"height":853,"caption":"Die Betreiber von Anlagen zur thermischen Abfallverwertung sind positiv gestimmt. (Im Bild: KEZO Hinwil)"},{"@type":"BreadcrumbList","@id":"https:\/\/www.organisator.ch\/sustainability\/2016-09-01\/europaeische-waste-to-energy-branche-bleibt-optimistisch\/#breadcrumb","itemListElement":[{"@type":"ListItem","position":1,"name":"Home","item":"https:\/\/www.organisator.ch\/"},{"@type":"ListItem","position":2,"name":"Europ\u00e4ische Waste-to-Energy-Branche bleibt optimistisch"}]},{"@type":"WebSite","@id":"https:\/\/www.organisator.ch\/#website","url":"https:\/\/www.organisator.ch\/","name":"Organisateur","description":"Comp\u00e9tence et comp\u00e9tence. Proches de la pratique. L'ORGANISATEUR pr\u00e9pare 10 num\u00e9ros par an sur les th\u00e8mes essentiels pour les dirigeants de PME.","publisher":{"@id":"https:\/\/www.organisator.ch\/#organization"},"potentialAction":[{"@type":"SearchAction","target":{"@type":"EntryPoint","urlTemplate":"https:\/\/www.organisator.ch\/?s={search_term_string}"},"query-input":{"@type":"PropertyValueSpecification","valueRequired":true,"valueName":"search_term_string"}}],"inLanguage":"fr-FR"},{"@type":"Organization","@id":"https:\/\/www.organisator.ch\/#organization","name":"Organisateur","url":"https:\/\/www.organisator.ch\/","logo":{"@type":"ImageObject","inLanguage":"fr-FR","@id":"https:\/\/www.organisator.ch\/#\/schema\/logo\/image\/","url":"https:\/\/www.organisator.ch\/wp-content\/uploads\/2022\/01\/Logo_Organisator_Website.png","contentUrl":"https:\/\/www.organisator.ch\/wp-content\/uploads\/2022\/01\/Logo_Organisator_Website.png","width":800,"height":77,"caption":"Organisator"},"image":{"@id":"https:\/\/www.organisator.ch\/#\/schema\/logo\/image\/"},"sameAs":["https:\/\/www.facebook.com\/OrganisatorFachmagazin","https:\/\/www.linkedin.com\/showcase\/organisator-das-magazin-fr-kmu","https:\/\/www.xing.com\/news\/pages\/organisator-ch-695","https:\/\/www.youtube.com\/channel\/UCGP2Sq0iWaZwT3BdIAQFYpw"]},{"@type":"Person","@id":"https:\/\/www.organisator.ch\/#\/schema\/person\/aa2bace6c5c5aad60102004a50c4eb1c","name":"admin","image":{"@type":"ImageObject","inLanguage":"fr-FR","@id":"https:\/\/secure.gravatar.com\/avatar\/ae2f4d718e6c49043e314ce431e7e645d646302a24a5ef5a8bc8e3f5a032e319?s=96&d=mm&r=g","url":"https:\/\/secure.gravatar.com\/avatar\/ae2f4d718e6c49043e314ce431e7e645d646302a24a5ef5a8bc8e3f5a032e319?s=96&d=mm&r=g","contentUrl":"https:\/\/secure.gravatar.com\/avatar\/ae2f4d718e6c49043e314ce431e7e645d646302a24a5ef5a8bc8e3f5a032e319?s=96&d=mm&r=g","caption":"admin"},"sameAs":["https:\/\/www.organisator.ch"],"url":"https:\/\/www.organisator.ch\/fr\/author\/admin\/"}]}},"_links":{"self":[{"href":"https:\/\/www.organisator.ch\/fr\/wp-json\/wp\/v2\/posts\/9961","targetHints":{"allow":["GET"]}}],"collection":[{"href":"https:\/\/www.organisator.ch\/fr\/wp-json\/wp\/v2\/posts"}],"about":[{"href":"https:\/\/www.organisator.ch\/fr\/wp-json\/wp\/v2\/types\/post"}],"author":[{"embeddable":true,"href":"https:\/\/www.organisator.ch\/fr\/wp-json\/wp\/v2\/users\/1"}],"replies":[{"embeddable":true,"href":"https:\/\/www.organisator.ch\/fr\/wp-json\/wp\/v2\/comments?post=9961"}],"version-history":[{"count":1,"href":"https:\/\/www.organisator.ch\/fr\/wp-json\/wp\/v2\/posts\/9961\/revisions"}],"predecessor-version":[{"id":10435,"href":"https:\/\/www.organisator.ch\/fr\/wp-json\/wp\/v2\/posts\/9961\/revisions\/10435"}],"wp:featuredmedia":[{"embeddable":true,"href":"https:\/\/www.organisator.ch\/fr\/wp-json\/wp\/v2\/media\/9413"}],"wp:attachment":[{"href":"https:\/\/www.organisator.ch\/fr\/wp-json\/wp\/v2\/media?parent=9961"}],"wp:term":[{"taxonomy":"category","embeddable":true,"href":"https:\/\/www.organisator.ch\/fr\/wp-json\/wp\/v2\/categories?post=9961"},{"taxonomy":"post_tag","embeddable":true,"href":"https:\/\/www.organisator.ch\/fr\/wp-json\/wp\/v2\/tags?post=9961"}],"curies":[{"name":"wp","href":"https:\/\/api.w.org\/{rel}","templated":true}]}}