{"id":9963,"date":"2016-09-16T16:11:05","date_gmt":"2016-09-16T14:11:05","guid":{"rendered":"https:\/\/dev.umweltperspektiven.ch\/?p=514"},"modified":"2022-02-09T11:06:23","modified_gmt":"2022-02-09T10:06:23","slug":"e-bus-in-zuercher-quartieren","status":"publish","type":"post","link":"https:\/\/www.organisator.ch\/fr\/sustainability\/2016-09-16\/e-bus-in-zuercher-quartieren\/","title":{"rendered":"E-Bus dans les quartiers de Zurich"},"content":{"rendered":"<figure id=\"attachment_515\" aria-describedby=\"caption-attachment-515\" style=\"width: 680px\" class=\"wp-caption alignnone\"><a href=\"\/\/dev.umweltperspektiven.ch\/wp-content\/uploads\/2016\/12\/E-Bus-in-Z\u00fcrcher-Quartieren-umweltperspektiven.jpg\"><img loading=\"lazy\" decoding=\"async\" class=\"size-medium wp-image-515\" src=\"\/\/dev.umweltperspektiven.ch\/wp-content\/uploads\/2016\/12\/E-Bus-in-Z\u00fcrcher-Quartieren-umweltperspektiven.jpg\" alt=\"Les VBZ testent un nouveau bus \u00e9lectrique pour les quartiers ext\u00e9rieurs.\" width=\"680\" height=\"383\" \/><\/a><figcaption id=\"caption-attachment-515\" class=\"wp-caption-text\">Les VBZ testent un nouveau bus \u00e9lectrique pour les quartiers ext\u00e9rieurs.<\/figcaption><\/figure>\n<p>Les Transports publics zurichois (VBZ) testeront \u00e0 partir d'octobre 2016 un bus \u00e0 propulsion \u00e9lectrique sur des lignes de bus de quartier. Les enseignements tir\u00e9s de ces deux ann\u00e9es d'essai serviront de base \u00e0 l'acquisition en s\u00e9rie pr\u00e9vue. L'utilisation de l'eBus de quartier fait partie de la strat\u00e9gie d'\u00e9lectrification \"eBus VBZ\" : celle-ci comprend, outre l'acquisition de bus articul\u00e9s hybrides, la transformation des lignes 69 et 80 en lignes de trolleybus ainsi que le projet phare \"SwissTrolley plus\".<\/p>\n<p>Aujourd'hui d\u00e9j\u00e0, VBZ transporte environ 80% de ses passagers avec des moyens de transport \u00e9lectroniques, c'est-\u00e0-dire des trams et des trolleybus qui roulent \u00e0 l'\u00e9nergie renouvelable de l'EWZ. Les VBZ souhaitent continuer \u00e0 augmenter la part des v\u00e9hicules \u00e9lectriques afin de r\u00e9duire encore la consommation d'\u00e9nergie primaire, les \u00e9missions de gaz \u00e0 effet de serre et de bruit ainsi que la d\u00e9pendance aux carburants fossiles.<\/p>\n<p>Le d\u00e9veloppement technologique des bus \u00e9lectriques a fortement progress\u00e9 ces derni\u00e8res ann\u00e9es et est suivi de pr\u00e8s par les VBZ. L'utilisation sur des lignes de bus de quartier doit permettre de tester l'aptitude \u00e0 la pratique, les caract\u00e9ristiques techniques et les r\u00e9percussions sur l'exploitation des bus de quartier \u00e0 propulsion \u00e9lectrique pour Zurich.<\/p>\n<p><strong>Recharge dans le garage<\/strong><br \/>\nLes bus de quartier VBZ qui circulent actuellement parcourent jusqu'\u00e0 300 km par jour. La capacit\u00e9 de stockage des batteries des eBus disponibles aujourd'hui ne suffit pas pour une prestation journali\u00e8re compl\u00e8te sans recharge interm\u00e9diaire. C'est pourquoi les eBus doivent \u00eatre recharg\u00e9s pendant leur utilisation, par exemple aux terminus ; cela n\u00e9cessite une infrastructure de recharge sp\u00e9ciale. Une autre possibilit\u00e9 consiste \u00e0 \u00e9changer les v\u00e9hicules dont le niveau de charge de la batterie est faible au cours de la journ\u00e9e, comme pr\u00e9vu, et \u00e0 les recharger au garage. Comme les bus de quartier circulent g\u00e9n\u00e9ralement \u00e0 des intervalles moins rapproch\u00e9s, les VBZ poursuivent une recharge au garage. Cette approche s'impose pour les bus de quartier, car les stations de recharge en ligne ne seraient que faiblement exploit\u00e9es.<\/p>\n<p><strong>Les bus hybrides comme technologie de transition<\/strong><br \/>\nLa strat\u00e9gie d'\u00e9lectrification des VBZ comprend \u00e9galement l'utilisation de onze bus hybrides articul\u00e9s pour remplacer une partie de la flotte de bus diesel. Ces bus disposent d'une cha\u00eene cin\u00e9matique partiellement \u00e9lectrique et font le lien entre le bus diesel traditionnel et le v\u00e9hicule \u00e9lectrique. Selon les exp\u00e9riences faites avec un bus articul\u00e9 hybride lou\u00e9, qui est en service r\u00e9gulier chez VBZ depuis mars 2015, il est possible de r\u00e9aliser des \u00e9conomies de carburant d'environ 25 pour cent par rapport \u00e0 des bus diesel comparables. Les nouveaux bus hybrides articul\u00e9s circuleront \u00e0 partir de mi-2017.<\/p>\n<p><em>Source : VBZ<\/em><\/p>","protected":false},"excerpt":{"rendered":"<p>Die Verkehrsbetriebe Z\u00fcrich (VBZ) testen ab Oktober 2016 einen elektrisch angetriebenen Bus auf Quartierbuslinien. Die Erkenntnisse aus dem zweij\u00e4hrigen Probebetrieb sollen die Grundlage f\u00fcr die geplante Serienbeschaffung bilden. Der Einsatz des Quartier-eBus ist ein Teil der Elektrifizierungsstrategie \u00abeBus VBZ\u00bb: Diese umfasst neben der Beschaffung von Hybridgelenkbussen auch die Umstellung der Linien 69 und 80 auf [&hellip;]<\/p>\n","protected":false},"author":1,"featured_media":515,"comment_status":"open","ping_status":"open","sticky":false,"template":"","format":"standard","meta":{"_acf_changed":false,"_yoast_wpseo_focuskw":"E-Bus","_yoast_wpseo_metadesc":"Die Z\u00fcrcher Verkehrsbetriebe VBZ testen einen neuen E-Bus f\u00fcr Aussenquartiere. Ziel ist die vollst\u00e4ndige Elektrifizierung der Flotte.","articlekey":"","footnotes":""},"categories":[580],"tags":[1002,1035,2426],"class_list":["post-9963","post","type-post","status-publish","format-standard","has-post-thumbnail","hentry","category-sustainability","tag-e-bus","tag-elektrofahrzeug","tag-vbz"],"acf":[],"yoast_head":"<!-- This site is optimized with the Yoast SEO plugin v27.4 - https:\/\/yoast.com\/product\/yoast-seo-wordpress\/ -->\n<title>E-Bus in Z\u00fcrcher Quartieren - Organisator<\/title>\n<meta name=\"description\" content=\"Die Z\u00fcrcher Verkehrsbetriebe VBZ testen einen neuen E-Bus f\u00fcr Aussenquartiere. Ziel ist die vollst\u00e4ndige Elektrifizierung der Flotte.\" \/>\n<meta name=\"robots\" content=\"index, follow, max-snippet:-1, max-image-preview:large, max-video-preview:-1\" \/>\n<link rel=\"canonical\" href=\"https:\/\/www.organisator.ch\/fr\/sustainability\/2016-09-16\/e-bus-in-zuercher-quartieren\/\" \/>\n<meta property=\"og:locale\" content=\"fr_FR\" \/>\n<meta property=\"og:type\" content=\"article\" \/>\n<meta property=\"og:title\" content=\"E-Bus in Z\u00fcrcher Quartieren - Organisator\" \/>\n<meta property=\"og:description\" content=\"Die Z\u00fcrcher Verkehrsbetriebe VBZ testen einen neuen E-Bus f\u00fcr Aussenquartiere. Ziel ist die vollst\u00e4ndige Elektrifizierung der Flotte.\" \/>\n<meta property=\"og:url\" content=\"https:\/\/www.organisator.ch\/fr\/sustainability\/2016-09-16\/e-bus-in-zuercher-quartieren\/\" \/>\n<meta property=\"og:site_name\" content=\"Organisator\" \/>\n<meta property=\"article:publisher\" content=\"https:\/\/www.facebook.com\/OrganisatorFachmagazin\" \/>\n<meta property=\"article:published_time\" content=\"2016-09-16T14:11:05+00:00\" \/>\n<meta property=\"article:modified_time\" content=\"2022-02-09T10:06:23+00:00\" \/>\n<meta property=\"og:image\" content=\"https:\/\/www.organisator.ch\/wp-content\/uploads\/2016\/12\/E-Bus-in-Zuercher-Quartieren-umweltperspektiven.jpg\" \/>\n\t<meta property=\"og:image:width\" content=\"1920\" \/>\n\t<meta property=\"og:image:height\" content=\"1080\" \/>\n\t<meta property=\"og:image:type\" content=\"image\/jpeg\" \/>\n<meta name=\"author\" content=\"admin\" \/>\n<meta name=\"twitter:card\" content=\"summary_large_image\" \/>\n<script type=\"application\/ld+json\" class=\"yoast-schema-graph\">{\"@context\":\"https:\\\/\\\/schema.org\",\"@graph\":[{\"@type\":\"Article\",\"@id\":\"https:\\\/\\\/www.organisator.ch\\\/sustainability\\\/2016-09-16\\\/e-bus-in-zuercher-quartieren\\\/#article\",\"isPartOf\":{\"@id\":\"https:\\\/\\\/www.organisator.ch\\\/sustainability\\\/2016-09-16\\\/e-bus-in-zuercher-quartieren\\\/\"},\"author\":{\"name\":\"admin\",\"@id\":\"https:\\\/\\\/www.organisator.ch\\\/#\\\/schema\\\/person\\\/aa2bace6c5c5aad60102004a50c4eb1c\"},\"headline\":\"E-Bus in Z\u00fcrcher Quartieren\",\"datePublished\":\"2016-09-16T14:11:05+00:00\",\"dateModified\":\"2022-02-09T10:06:23+00:00\",\"mainEntityOfPage\":{\"@id\":\"https:\\\/\\\/www.organisator.ch\\\/sustainability\\\/2016-09-16\\\/e-bus-in-zuercher-quartieren\\\/\"},\"wordCount\":367,\"commentCount\":0,\"publisher\":{\"@id\":\"https:\\\/\\\/www.organisator.ch\\\/#organization\"},\"image\":{\"@id\":\"https:\\\/\\\/www.organisator.ch\\\/sustainability\\\/2016-09-16\\\/e-bus-in-zuercher-quartieren\\\/#primaryimage\"},\"thumbnailUrl\":\"https:\\\/\\\/www.organisator.ch\\\/wp-content\\\/uploads\\\/2016\\\/12\\\/E-Bus-in-Zuercher-Quartieren-umweltperspektiven.jpg\",\"keywords\":[\"E-Bus\",\"Elektrofahrzeug\",\"VBZ\"],\"articleSection\":[\"SUSTAINABILITY\"],\"inLanguage\":\"fr-FR\"},{\"@type\":\"WebPage\",\"@id\":\"https:\\\/\\\/www.organisator.ch\\\/sustainability\\\/2016-09-16\\\/e-bus-in-zuercher-quartieren\\\/\",\"url\":\"https:\\\/\\\/www.organisator.ch\\\/sustainability\\\/2016-09-16\\\/e-bus-in-zuercher-quartieren\\\/\",\"name\":\"E-Bus in Z\u00fcrcher Quartieren - Organisator\",\"isPartOf\":{\"@id\":\"https:\\\/\\\/www.organisator.ch\\\/#website\"},\"primaryImageOfPage\":{\"@id\":\"https:\\\/\\\/www.organisator.ch\\\/sustainability\\\/2016-09-16\\\/e-bus-in-zuercher-quartieren\\\/#primaryimage\"},\"image\":{\"@id\":\"https:\\\/\\\/www.organisator.ch\\\/sustainability\\\/2016-09-16\\\/e-bus-in-zuercher-quartieren\\\/#primaryimage\"},\"thumbnailUrl\":\"https:\\\/\\\/www.organisator.ch\\\/wp-content\\\/uploads\\\/2016\\\/12\\\/E-Bus-in-Zuercher-Quartieren-umweltperspektiven.jpg\",\"datePublished\":\"2016-09-16T14:11:05+00:00\",\"dateModified\":\"2022-02-09T10:06:23+00:00\",\"description\":\"Die Z\u00fcrcher Verkehrsbetriebe VBZ testen einen neuen E-Bus f\u00fcr Aussenquartiere. Ziel ist die vollst\u00e4ndige Elektrifizierung der Flotte.\",\"breadcrumb\":{\"@id\":\"https:\\\/\\\/www.organisator.ch\\\/sustainability\\\/2016-09-16\\\/e-bus-in-zuercher-quartieren\\\/#breadcrumb\"},\"inLanguage\":\"fr-FR\",\"potentialAction\":[{\"@type\":\"ReadAction\",\"target\":[\"https:\\\/\\\/www.organisator.ch\\\/sustainability\\\/2016-09-16\\\/e-bus-in-zuercher-quartieren\\\/\"]}]},{\"@type\":\"ImageObject\",\"inLanguage\":\"fr-FR\",\"@id\":\"https:\\\/\\\/www.organisator.ch\\\/sustainability\\\/2016-09-16\\\/e-bus-in-zuercher-quartieren\\\/#primaryimage\",\"url\":\"https:\\\/\\\/www.organisator.ch\\\/wp-content\\\/uploads\\\/2016\\\/12\\\/E-Bus-in-Zuercher-Quartieren-umweltperspektiven.jpg\",\"contentUrl\":\"https:\\\/\\\/www.organisator.ch\\\/wp-content\\\/uploads\\\/2016\\\/12\\\/E-Bus-in-Zuercher-Quartieren-umweltperspektiven.jpg\",\"width\":1920,\"height\":1080,\"caption\":\"Die VBZ testet einen neuen E-Bus f\u00fcr Aussenquartiere.\"},{\"@type\":\"BreadcrumbList\",\"@id\":\"https:\\\/\\\/www.organisator.ch\\\/sustainability\\\/2016-09-16\\\/e-bus-in-zuercher-quartieren\\\/#breadcrumb\",\"itemListElement\":[{\"@type\":\"ListItem\",\"position\":1,\"name\":\"Home\",\"item\":\"https:\\\/\\\/www.organisator.ch\\\/\"},{\"@type\":\"ListItem\",\"position\":2,\"name\":\"E-Bus in Z\u00fcrcher Quartieren\"}]},{\"@type\":\"WebSite\",\"@id\":\"https:\\\/\\\/www.organisator.ch\\\/#website\",\"url\":\"https:\\\/\\\/www.organisator.ch\\\/\",\"name\":\"Organisator\",\"description\":\"Kompetent. Praxisnah. Der ORGANISATOR bereitet in 10 Ausgaben pro Jahr die wesentlichen Themen f\u00fcr F\u00fchrungskr\u00e4fte von KMU auf.\",\"publisher\":{\"@id\":\"https:\\\/\\\/www.organisator.ch\\\/#organization\"},\"potentialAction\":[{\"@type\":\"SearchAction\",\"target\":{\"@type\":\"EntryPoint\",\"urlTemplate\":\"https:\\\/\\\/www.organisator.ch\\\/?s={search_term_string}\"},\"query-input\":{\"@type\":\"PropertyValueSpecification\",\"valueRequired\":true,\"valueName\":\"search_term_string\"}}],\"inLanguage\":\"fr-FR\"},{\"@type\":\"Organization\",\"@id\":\"https:\\\/\\\/www.organisator.ch\\\/#organization\",\"name\":\"Organisator\",\"url\":\"https:\\\/\\\/www.organisator.ch\\\/\",\"logo\":{\"@type\":\"ImageObject\",\"inLanguage\":\"fr-FR\",\"@id\":\"https:\\\/\\\/www.organisator.ch\\\/#\\\/schema\\\/logo\\\/image\\\/\",\"url\":\"https:\\\/\\\/www.organisator.ch\\\/wp-content\\\/uploads\\\/2022\\\/01\\\/Logo_Organisator_Website.png\",\"contentUrl\":\"https:\\\/\\\/www.organisator.ch\\\/wp-content\\\/uploads\\\/2022\\\/01\\\/Logo_Organisator_Website.png\",\"width\":800,\"height\":77,\"caption\":\"Organisator\"},\"image\":{\"@id\":\"https:\\\/\\\/www.organisator.ch\\\/#\\\/schema\\\/logo\\\/image\\\/\"},\"sameAs\":[\"https:\\\/\\\/www.facebook.com\\\/OrganisatorFachmagazin\",\"https:\\\/\\\/www.linkedin.com\\\/showcase\\\/organisator-das-magazin-fr-kmu\",\"https:\\\/\\\/www.xing.com\\\/news\\\/pages\\\/organisator-ch-695\",\"https:\\\/\\\/www.youtube.com\\\/channel\\\/UCGP2Sq0iWaZwT3BdIAQFYpw\"]},{\"@type\":\"Person\",\"@id\":\"https:\\\/\\\/www.organisator.ch\\\/#\\\/schema\\\/person\\\/aa2bace6c5c5aad60102004a50c4eb1c\",\"name\":\"admin\",\"image\":{\"@type\":\"ImageObject\",\"inLanguage\":\"fr-FR\",\"@id\":\"https:\\\/\\\/secure.gravatar.com\\\/avatar\\\/ae2f4d718e6c49043e314ce431e7e645d646302a24a5ef5a8bc8e3f5a032e319?s=96&d=mm&r=g\",\"url\":\"https:\\\/\\\/secure.gravatar.com\\\/avatar\\\/ae2f4d718e6c49043e314ce431e7e645d646302a24a5ef5a8bc8e3f5a032e319?s=96&d=mm&r=g\",\"contentUrl\":\"https:\\\/\\\/secure.gravatar.com\\\/avatar\\\/ae2f4d718e6c49043e314ce431e7e645d646302a24a5ef5a8bc8e3f5a032e319?s=96&d=mm&r=g\",\"caption\":\"admin\"},\"sameAs\":[\"https:\\\/\\\/www.organisator.ch\"],\"url\":\"https:\\\/\\\/www.organisator.ch\\\/fr\\\/author\\\/admin\\\/\"}]}<\/script>\n<!-- \/ Yoast SEO plugin. -->","yoast_head_json":{"title":"E-Bus dans les quartiers de Zurich - Organisateur","description":"Les transports publics zurichois VBZ testent un nouveau bus \u00e9lectrique pour les quartiers ext\u00e9rieurs. L'objectif est d'\u00e9lectrifier enti\u00e8rement la flotte.","robots":{"index":"index","follow":"follow","max-snippet":"max-snippet:-1","max-image-preview":"max-image-preview:large","max-video-preview":"max-video-preview:-1"},"canonical":"https:\/\/www.organisator.ch\/fr\/sustainability\/2016-09-16\/e-bus-in-zuercher-quartieren\/","og_locale":"fr_FR","og_type":"article","og_title":"E-Bus in Z\u00fcrcher Quartieren - Organisator","og_description":"Die Z\u00fcrcher Verkehrsbetriebe VBZ testen einen neuen E-Bus f\u00fcr Aussenquartiere. Ziel ist die vollst\u00e4ndige Elektrifizierung der Flotte.","og_url":"https:\/\/www.organisator.ch\/fr\/sustainability\/2016-09-16\/e-bus-in-zuercher-quartieren\/","og_site_name":"Organisator","article_publisher":"https:\/\/www.facebook.com\/OrganisatorFachmagazin","article_published_time":"2016-09-16T14:11:05+00:00","article_modified_time":"2022-02-09T10:06:23+00:00","og_image":[{"width":1920,"height":1080,"url":"https:\/\/www.organisator.ch\/wp-content\/uploads\/2016\/12\/E-Bus-in-Zuercher-Quartieren-umweltperspektiven.jpg","type":"image\/jpeg"}],"author":"admin","twitter_card":"summary_large_image","schema":{"@context":"https:\/\/schema.org","@graph":[{"@type":"Article","@id":"https:\/\/www.organisator.ch\/sustainability\/2016-09-16\/e-bus-in-zuercher-quartieren\/#article","isPartOf":{"@id":"https:\/\/www.organisator.ch\/sustainability\/2016-09-16\/e-bus-in-zuercher-quartieren\/"},"author":{"name":"admin","@id":"https:\/\/www.organisator.ch\/#\/schema\/person\/aa2bace6c5c5aad60102004a50c4eb1c"},"headline":"E-Bus in Z\u00fcrcher Quartieren","datePublished":"2016-09-16T14:11:05+00:00","dateModified":"2022-02-09T10:06:23+00:00","mainEntityOfPage":{"@id":"https:\/\/www.organisator.ch\/sustainability\/2016-09-16\/e-bus-in-zuercher-quartieren\/"},"wordCount":367,"commentCount":0,"publisher":{"@id":"https:\/\/www.organisator.ch\/#organization"},"image":{"@id":"https:\/\/www.organisator.ch\/sustainability\/2016-09-16\/e-bus-in-zuercher-quartieren\/#primaryimage"},"thumbnailUrl":"https:\/\/www.organisator.ch\/wp-content\/uploads\/2016\/12\/E-Bus-in-Zuercher-Quartieren-umweltperspektiven.jpg","keywords":["E-Bus","Elektrofahrzeug","VBZ"],"articleSection":["SUSTAINABILITY"],"inLanguage":"fr-FR"},{"@type":"WebPage","@id":"https:\/\/www.organisator.ch\/sustainability\/2016-09-16\/e-bus-in-zuercher-quartieren\/","url":"https:\/\/www.organisator.ch\/sustainability\/2016-09-16\/e-bus-in-zuercher-quartieren\/","name":"E-Bus dans les quartiers de Zurich - Organisateur","isPartOf":{"@id":"https:\/\/www.organisator.ch\/#website"},"primaryImageOfPage":{"@id":"https:\/\/www.organisator.ch\/sustainability\/2016-09-16\/e-bus-in-zuercher-quartieren\/#primaryimage"},"image":{"@id":"https:\/\/www.organisator.ch\/sustainability\/2016-09-16\/e-bus-in-zuercher-quartieren\/#primaryimage"},"thumbnailUrl":"https:\/\/www.organisator.ch\/wp-content\/uploads\/2016\/12\/E-Bus-in-Zuercher-Quartieren-umweltperspektiven.jpg","datePublished":"2016-09-16T14:11:05+00:00","dateModified":"2022-02-09T10:06:23+00:00","description":"Les transports publics zurichois VBZ testent un nouveau bus \u00e9lectrique pour les quartiers ext\u00e9rieurs. L'objectif est d'\u00e9lectrifier enti\u00e8rement la flotte.","breadcrumb":{"@id":"https:\/\/www.organisator.ch\/sustainability\/2016-09-16\/e-bus-in-zuercher-quartieren\/#breadcrumb"},"inLanguage":"fr-FR","potentialAction":[{"@type":"ReadAction","target":["https:\/\/www.organisator.ch\/sustainability\/2016-09-16\/e-bus-in-zuercher-quartieren\/"]}]},{"@type":"ImageObject","inLanguage":"fr-FR","@id":"https:\/\/www.organisator.ch\/sustainability\/2016-09-16\/e-bus-in-zuercher-quartieren\/#primaryimage","url":"https:\/\/www.organisator.ch\/wp-content\/uploads\/2016\/12\/E-Bus-in-Zuercher-Quartieren-umweltperspektiven.jpg","contentUrl":"https:\/\/www.organisator.ch\/wp-content\/uploads\/2016\/12\/E-Bus-in-Zuercher-Quartieren-umweltperspektiven.jpg","width":1920,"height":1080,"caption":"Die VBZ testet einen neuen E-Bus f\u00fcr Aussenquartiere."},{"@type":"BreadcrumbList","@id":"https:\/\/www.organisator.ch\/sustainability\/2016-09-16\/e-bus-in-zuercher-quartieren\/#breadcrumb","itemListElement":[{"@type":"ListItem","position":1,"name":"Home","item":"https:\/\/www.organisator.ch\/"},{"@type":"ListItem","position":2,"name":"E-Bus in Z\u00fcrcher Quartieren"}]},{"@type":"WebSite","@id":"https:\/\/www.organisator.ch\/#website","url":"https:\/\/www.organisator.ch\/","name":"Organisateur","description":"Comp\u00e9tence et comp\u00e9tence. Proches de la pratique. L'ORGANISATEUR pr\u00e9pare 10 num\u00e9ros par an sur les th\u00e8mes essentiels pour les dirigeants de PME.","publisher":{"@id":"https:\/\/www.organisator.ch\/#organization"},"potentialAction":[{"@type":"SearchAction","target":{"@type":"EntryPoint","urlTemplate":"https:\/\/www.organisator.ch\/?s={search_term_string}"},"query-input":{"@type":"PropertyValueSpecification","valueRequired":true,"valueName":"search_term_string"}}],"inLanguage":"fr-FR"},{"@type":"Organization","@id":"https:\/\/www.organisator.ch\/#organization","name":"Organisateur","url":"https:\/\/www.organisator.ch\/","logo":{"@type":"ImageObject","inLanguage":"fr-FR","@id":"https:\/\/www.organisator.ch\/#\/schema\/logo\/image\/","url":"https:\/\/www.organisator.ch\/wp-content\/uploads\/2022\/01\/Logo_Organisator_Website.png","contentUrl":"https:\/\/www.organisator.ch\/wp-content\/uploads\/2022\/01\/Logo_Organisator_Website.png","width":800,"height":77,"caption":"Organisator"},"image":{"@id":"https:\/\/www.organisator.ch\/#\/schema\/logo\/image\/"},"sameAs":["https:\/\/www.facebook.com\/OrganisatorFachmagazin","https:\/\/www.linkedin.com\/showcase\/organisator-das-magazin-fr-kmu","https:\/\/www.xing.com\/news\/pages\/organisator-ch-695","https:\/\/www.youtube.com\/channel\/UCGP2Sq0iWaZwT3BdIAQFYpw"]},{"@type":"Person","@id":"https:\/\/www.organisator.ch\/#\/schema\/person\/aa2bace6c5c5aad60102004a50c4eb1c","name":"admin","image":{"@type":"ImageObject","inLanguage":"fr-FR","@id":"https:\/\/secure.gravatar.com\/avatar\/ae2f4d718e6c49043e314ce431e7e645d646302a24a5ef5a8bc8e3f5a032e319?s=96&d=mm&r=g","url":"https:\/\/secure.gravatar.com\/avatar\/ae2f4d718e6c49043e314ce431e7e645d646302a24a5ef5a8bc8e3f5a032e319?s=96&d=mm&r=g","contentUrl":"https:\/\/secure.gravatar.com\/avatar\/ae2f4d718e6c49043e314ce431e7e645d646302a24a5ef5a8bc8e3f5a032e319?s=96&d=mm&r=g","caption":"admin"},"sameAs":["https:\/\/www.organisator.ch"],"url":"https:\/\/www.organisator.ch\/fr\/author\/admin\/"}]}},"_links":{"self":[{"href":"https:\/\/www.organisator.ch\/fr\/wp-json\/wp\/v2\/posts\/9963","targetHints":{"allow":["GET"]}}],"collection":[{"href":"https:\/\/www.organisator.ch\/fr\/wp-json\/wp\/v2\/posts"}],"about":[{"href":"https:\/\/www.organisator.ch\/fr\/wp-json\/wp\/v2\/types\/post"}],"author":[{"embeddable":true,"href":"https:\/\/www.organisator.ch\/fr\/wp-json\/wp\/v2\/users\/1"}],"replies":[{"embeddable":true,"href":"https:\/\/www.organisator.ch\/fr\/wp-json\/wp\/v2\/comments?post=9963"}],"version-history":[{"count":1,"href":"https:\/\/www.organisator.ch\/fr\/wp-json\/wp\/v2\/posts\/9963\/revisions"}],"predecessor-version":[{"id":10608,"href":"https:\/\/www.organisator.ch\/fr\/wp-json\/wp\/v2\/posts\/9963\/revisions\/10608"}],"wp:featuredmedia":[{"embeddable":true,"href":"https:\/\/www.organisator.ch\/fr\/wp-json\/wp\/v2\/media\/515"}],"wp:attachment":[{"href":"https:\/\/www.organisator.ch\/fr\/wp-json\/wp\/v2\/media?parent=9963"}],"wp:term":[{"taxonomy":"category","embeddable":true,"href":"https:\/\/www.organisator.ch\/fr\/wp-json\/wp\/v2\/categories?post=9963"},{"taxonomy":"post_tag","embeddable":true,"href":"https:\/\/www.organisator.ch\/fr\/wp-json\/wp\/v2\/tags?post=9963"}],"curies":[{"name":"wp","href":"https:\/\/api.w.org\/{rel}","templated":true}]}}