{"id":9964,"date":"2016-09-19T16:12:18","date_gmt":"2016-09-19T14:12:18","guid":{"rendered":"https:\/\/dev.umweltperspektiven.ch\/?p=517"},"modified":"2016-09-19T16:12:18","modified_gmt":"2016-09-19T14:12:18","slug":"frankreich-verbietet-plastikbecher","status":"publish","type":"post","link":"https:\/\/www.organisator.ch\/fr\/allgemein\/2016-09-19\/frankreich-verbietet-plastikbecher\/","title":{"rendered":"La France interdit les gobelets en plastique"},"content":{"rendered":"<figure id=\"attachment_518\" aria-describedby=\"caption-attachment-518\" style=\"width: 680px\" class=\"wp-caption alignnone\"><a href=\"\/\/dev.umweltperspektiven.ch\/wp-content\/uploads\/2016\/12\/Frankreich-verbietet-Plastikbecher-umweltperspektiven.jpg\"><img loading=\"lazy\" decoding=\"async\" class=\"size-medium wp-image-518\" src=\"\/\/dev.umweltperspektiven.ch\/wp-content\/uploads\/2016\/12\/Frankreich-verbietet-Plastikbecher-umweltperspektiven.jpg\" alt=\"La vaisselle jetable en plastique bient\u00f4t interdite en France\" width=\"680\" height=\"458\" \/><\/a><figcaption id=\"caption-attachment-518\" class=\"wp-caption-text\">La vaisselle jetable en plastique bient\u00f4t interdite en France<\/figcaption><\/figure>\n<p>La France prend les devants en mati\u00e8re de protection de l'environnement : elle est le premier pays au monde \u00e0 vouloir interdire la vaisselle jetable en plastique.<\/p>\n<p>Le site <a href=\"https:\/\/www.legifrance.gouv.fr\/affichTexte.do?cidTexte=JORFTEXT000033076240&amp;dateTexte=&amp;categorieLien=id\" target=\"_blank\" rel=\"noreferrer noopener\" data-cke-saved-href=\"\/\/www.legifrance.gouv.fr\/affichTexte.do?cidTexte=JORFTEXT000033076240&amp;dateTexte=&amp;categorieLien=id\">R\u00e8glement<\/a>La loi sur l'environnement, adopt\u00e9e le 31 ao\u00fbt, interdit non seulement la vente, mais aussi l'utilisation et la distribution d'assiettes, de couverts et de gobelets en plastique. Il y a toutefois des exceptions : La vaisselle compostable et celle \u00e0 base de bioplastiques sont toujours autoris\u00e9es. Les entreprises et les fabricants ont jusqu'au 1er janvier 2020 pour s'adapter.<\/p>\n<p>Selon le Journal fran\u00e7ais <a href=\"http:\/\/www.lesechos.fr\/27\/07\/2015\/lesechos.fr\/021230146650_environnement---condamnes--les-gobelets-en-plastique-ont-encore-leurs-adeptes.htm\" target=\"_blank\" rel=\"noreferrer noopener\" data-cke-saved-href=\"\/\/www.lesechos.fr\/27\/07\/2015\/lesechos.fr\/021230146650_environnement---condamnes--les-gobelets-en-plastique-ont-encore-leurs-adeptes.htm\">\"Les Echos\"<\/a>\u00a0les Fran\u00e7ais jettent chaque ann\u00e9e 4,73 milliards de gobelets en plastique - empil\u00e9s les uns sur les autres, ils formeraient une pyramide 25 fois plus haute que la tour Eiffel. Seuls 1% d'entre eux sont recycl\u00e9s, la plus grande partie finissant sur des tas d'ordures ou incin\u00e9r\u00e9s.<\/p>\n<p><strong>Comparaison environnementale<\/strong><br \/>\nToutefois, il n'est pas certain que les gobelets en plastique soient toujours la pire option. Les gobelets en c\u00e9ramique, par exemple, sont beaucoup plus gourmands en \u00e9nergie \u00e0 la production et plus lourds, ce qui se r\u00e9percute sur la consommation d'\u00e9nergie pour le transport. Ainsi, selon une \u00e9tude <a href=\"https:\/\/www.tno.nl\/en\/focus-area\/urbanisation\/environment-sustainability\/a-circular-economy-the-basis-for-a-sustainable-society\/tno-investigates-environmental-impact-of-coffee-cups\/\" target=\"_blank\" rel=\"noreferrer noopener\" data-cke-saved-href=\"\/\/www.tno.nl\/en\/focus-area\/urbanisation\/environment-sustainability\/a-circular-economy-the-basis-for-a-sustainable-society\/tno-investigates-environmental-impact-of-coffee-cups\/\">\u00e9tude n\u00e9erlandaise<\/a> Les gobelets en c\u00e9ramique sont plus \u00e9cologiques lorsqu'ils sont r\u00e9utilis\u00e9s entre 500 et 3000 fois. La deuxi\u00e8me alternative est le gobelet en carton. Mais ils ne sont pas forc\u00e9ment meilleurs : le rev\u00eatement en plastique rend leur recyclage difficile et leur fabrication n\u00e9cessite beaucoup plus d'\u00e9nergie et d'eau que celle des gobelets en plastique.<\/p>\n<p>Le d\u00e9cret est motiv\u00e9 par la loi \"Transition \u00e9nerg\u00e9tique pour la croissance verte\" de 2015 et fait suite \u00e0 l'interdiction des sacs plastiques, en vigueur depuis juillet.<\/p>","protected":false},"excerpt":{"rendered":"<p>Frankreich prescht vor in Sachen Umweltschutz: Als erstes Land in der Welt will es Wegwerfgeschirr aus Plastik verbieten. Die Verordnung, das am 31. August verabschiedet wurde, untersagt nicht nur den Verkauf, sondern auch die Verwendung und Verteilung von Tellern, Besteck und Bechern aus Plastik. Es gibt allerdings Ausnahmen: Kompostierbares Geschirr sowie solches, das auf Biokunststoffen [&hellip;]<\/p>\n","protected":false},"author":1,"featured_media":9417,"comment_status":"open","ping_status":"open","sticky":false,"template":"","format":"standard","meta":{"_acf_changed":false,"_yoast_wpseo_focuskw":"Plastik","_yoast_wpseo_metadesc":"Ab dem Jahr 2020 ist in Frankreich das Bereitstellen von Wegwerfgeschirr aus Plastik verboten. Ausgenommen ist solches aus kompostierbaren und biobasierten Kunststoffen.","articlekey":"","footnotes":""},"categories":[1],"tags":[1230,1920,1922,2439],"class_list":["post-9964","post","type-post","status-publish","format-standard","has-post-thumbnail","hentry","category-allgemein","tag-frankreich","tag-plastikbecher","tag-plastikgeschirr","tag-verbot"],"acf":[],"yoast_head":"<!-- This site is optimized with the Yoast SEO plugin v27.4 - https:\/\/yoast.com\/product\/yoast-seo-wordpress\/ -->\n<title>Frankreich verbietet Plastikbecher - Organisator<\/title>\n<meta name=\"description\" content=\"Ab dem Jahr 2020 ist in Frankreich das Bereitstellen von Wegwerfgeschirr aus Plastik verboten. Ausgenommen ist solches aus kompostierbaren und biobasierten Kunststoffen.\" \/>\n<meta name=\"robots\" content=\"index, follow, max-snippet:-1, max-image-preview:large, max-video-preview:-1\" \/>\n<link rel=\"canonical\" href=\"https:\/\/www.organisator.ch\/fr\/general\/2016-09-19\/frankreich-verbietet-plastikbecher\/\" \/>\n<meta property=\"og:locale\" content=\"fr_FR\" \/>\n<meta property=\"og:type\" content=\"article\" \/>\n<meta property=\"og:title\" content=\"Frankreich verbietet Plastikbecher - Organisator\" \/>\n<meta property=\"og:description\" content=\"Ab dem Jahr 2020 ist in Frankreich das Bereitstellen von Wegwerfgeschirr aus Plastik verboten. Ausgenommen ist solches aus kompostierbaren und biobasierten Kunststoffen.\" \/>\n<meta property=\"og:url\" content=\"https:\/\/www.organisator.ch\/fr\/general\/2016-09-19\/frankreich-verbietet-plastikbecher\/\" \/>\n<meta property=\"og:site_name\" content=\"Organisator\" \/>\n<meta property=\"article:publisher\" content=\"https:\/\/www.facebook.com\/OrganisatorFachmagazin\" \/>\n<meta property=\"article:published_time\" content=\"2016-09-19T14:12:18+00:00\" \/>\n<meta property=\"og:image\" content=\"https:\/\/www.organisator.ch\/wp-content\/uploads\/2016\/12\/Frankreich-verbietet-Plastikbecher-umweltperspektiven.jpg\" \/>\n\t<meta property=\"og:image:width\" content=\"1000\" \/>\n\t<meta property=\"og:image:height\" content=\"673\" \/>\n\t<meta property=\"og:image:type\" content=\"image\/jpeg\" \/>\n<meta name=\"author\" content=\"admin\" \/>\n<meta name=\"twitter:card\" content=\"summary_large_image\" \/>\n<script type=\"application\/ld+json\" class=\"yoast-schema-graph\">{\"@context\":\"https:\\\/\\\/schema.org\",\"@graph\":[{\"@type\":\"Article\",\"@id\":\"https:\\\/\\\/www.organisator.ch\\\/en\\\/general\\\/2016-09-19\\\/frankreich-verbietet-plastikbecher\\\/#article\",\"isPartOf\":{\"@id\":\"https:\\\/\\\/www.organisator.ch\\\/en\\\/general\\\/2016-09-19\\\/frankreich-verbietet-plastikbecher\\\/\"},\"author\":{\"name\":\"admin\",\"@id\":\"https:\\\/\\\/www.organisator.ch\\\/#\\\/schema\\\/person\\\/aa2bace6c5c5aad60102004a50c4eb1c\"},\"headline\":\"Frankreich verbietet Plastikbecher\",\"datePublished\":\"2016-09-19T14:12:18+00:00\",\"mainEntityOfPage\":{\"@id\":\"https:\\\/\\\/www.organisator.ch\\\/en\\\/general\\\/2016-09-19\\\/frankreich-verbietet-plastikbecher\\\/\"},\"wordCount\":246,\"commentCount\":0,\"publisher\":{\"@id\":\"https:\\\/\\\/www.organisator.ch\\\/#organization\"},\"image\":{\"@id\":\"https:\\\/\\\/www.organisator.ch\\\/en\\\/general\\\/2016-09-19\\\/frankreich-verbietet-plastikbecher\\\/#primaryimage\"},\"thumbnailUrl\":\"https:\\\/\\\/www.organisator.ch\\\/wp-content\\\/uploads\\\/2016\\\/12\\\/Frankreich-verbietet-Plastikbecher-umweltperspektiven.jpg\",\"keywords\":[\"Frankreich\",\"Plastikbecher\",\"Plastikgeschirr\",\"Verbot\"],\"articleSection\":[\"Allgemein\"],\"inLanguage\":\"fr-FR\"},{\"@type\":\"WebPage\",\"@id\":\"https:\\\/\\\/www.organisator.ch\\\/en\\\/general\\\/2016-09-19\\\/frankreich-verbietet-plastikbecher\\\/\",\"url\":\"https:\\\/\\\/www.organisator.ch\\\/en\\\/general\\\/2016-09-19\\\/frankreich-verbietet-plastikbecher\\\/\",\"name\":\"Frankreich verbietet Plastikbecher - Organisator\",\"isPartOf\":{\"@id\":\"https:\\\/\\\/www.organisator.ch\\\/#website\"},\"primaryImageOfPage\":{\"@id\":\"https:\\\/\\\/www.organisator.ch\\\/en\\\/general\\\/2016-09-19\\\/frankreich-verbietet-plastikbecher\\\/#primaryimage\"},\"image\":{\"@id\":\"https:\\\/\\\/www.organisator.ch\\\/en\\\/general\\\/2016-09-19\\\/frankreich-verbietet-plastikbecher\\\/#primaryimage\"},\"thumbnailUrl\":\"https:\\\/\\\/www.organisator.ch\\\/wp-content\\\/uploads\\\/2016\\\/12\\\/Frankreich-verbietet-Plastikbecher-umweltperspektiven.jpg\",\"datePublished\":\"2016-09-19T14:12:18+00:00\",\"description\":\"Ab dem Jahr 2020 ist in Frankreich das Bereitstellen von Wegwerfgeschirr aus Plastik verboten. Ausgenommen ist solches aus kompostierbaren und biobasierten Kunststoffen.\",\"breadcrumb\":{\"@id\":\"https:\\\/\\\/www.organisator.ch\\\/en\\\/general\\\/2016-09-19\\\/frankreich-verbietet-plastikbecher\\\/#breadcrumb\"},\"inLanguage\":\"fr-FR\",\"potentialAction\":[{\"@type\":\"ReadAction\",\"target\":[\"https:\\\/\\\/www.organisator.ch\\\/en\\\/general\\\/2016-09-19\\\/frankreich-verbietet-plastikbecher\\\/\"]}]},{\"@type\":\"ImageObject\",\"inLanguage\":\"fr-FR\",\"@id\":\"https:\\\/\\\/www.organisator.ch\\\/en\\\/general\\\/2016-09-19\\\/frankreich-verbietet-plastikbecher\\\/#primaryimage\",\"url\":\"https:\\\/\\\/www.organisator.ch\\\/wp-content\\\/uploads\\\/2016\\\/12\\\/Frankreich-verbietet-Plastikbecher-umweltperspektiven.jpg\",\"contentUrl\":\"https:\\\/\\\/www.organisator.ch\\\/wp-content\\\/uploads\\\/2016\\\/12\\\/Frankreich-verbietet-Plastikbecher-umweltperspektiven.jpg\",\"width\":1000,\"height\":673,\"caption\":\"Wegwerfgeschirr aus Kunststoff ist in Frankreich bald verboten\"},{\"@type\":\"BreadcrumbList\",\"@id\":\"https:\\\/\\\/www.organisator.ch\\\/en\\\/general\\\/2016-09-19\\\/frankreich-verbietet-plastikbecher\\\/#breadcrumb\",\"itemListElement\":[{\"@type\":\"ListItem\",\"position\":1,\"name\":\"Home\",\"item\":\"https:\\\/\\\/www.organisator.ch\\\/\"},{\"@type\":\"ListItem\",\"position\":2,\"name\":\"Frankreich verbietet Plastikbecher\"}]},{\"@type\":\"WebSite\",\"@id\":\"https:\\\/\\\/www.organisator.ch\\\/#website\",\"url\":\"https:\\\/\\\/www.organisator.ch\\\/\",\"name\":\"Organisator\",\"description\":\"Kompetent. Praxisnah. Der ORGANISATOR bereitet in 10 Ausgaben pro Jahr die wesentlichen Themen f\u00fcr F\u00fchrungskr\u00e4fte von KMU auf.\",\"publisher\":{\"@id\":\"https:\\\/\\\/www.organisator.ch\\\/#organization\"},\"potentialAction\":[{\"@type\":\"SearchAction\",\"target\":{\"@type\":\"EntryPoint\",\"urlTemplate\":\"https:\\\/\\\/www.organisator.ch\\\/?s={search_term_string}\"},\"query-input\":{\"@type\":\"PropertyValueSpecification\",\"valueRequired\":true,\"valueName\":\"search_term_string\"}}],\"inLanguage\":\"fr-FR\"},{\"@type\":\"Organization\",\"@id\":\"https:\\\/\\\/www.organisator.ch\\\/#organization\",\"name\":\"Organisator\",\"url\":\"https:\\\/\\\/www.organisator.ch\\\/\",\"logo\":{\"@type\":\"ImageObject\",\"inLanguage\":\"fr-FR\",\"@id\":\"https:\\\/\\\/www.organisator.ch\\\/#\\\/schema\\\/logo\\\/image\\\/\",\"url\":\"https:\\\/\\\/www.organisator.ch\\\/wp-content\\\/uploads\\\/2022\\\/01\\\/Logo_Organisator_Website.png\",\"contentUrl\":\"https:\\\/\\\/www.organisator.ch\\\/wp-content\\\/uploads\\\/2022\\\/01\\\/Logo_Organisator_Website.png\",\"width\":800,\"height\":77,\"caption\":\"Organisator\"},\"image\":{\"@id\":\"https:\\\/\\\/www.organisator.ch\\\/#\\\/schema\\\/logo\\\/image\\\/\"},\"sameAs\":[\"https:\\\/\\\/www.facebook.com\\\/OrganisatorFachmagazin\",\"https:\\\/\\\/www.linkedin.com\\\/showcase\\\/organisator-das-magazin-fr-kmu\",\"https:\\\/\\\/www.xing.com\\\/news\\\/pages\\\/organisator-ch-695\",\"https:\\\/\\\/www.youtube.com\\\/channel\\\/UCGP2Sq0iWaZwT3BdIAQFYpw\"]},{\"@type\":\"Person\",\"@id\":\"https:\\\/\\\/www.organisator.ch\\\/#\\\/schema\\\/person\\\/aa2bace6c5c5aad60102004a50c4eb1c\",\"name\":\"admin\",\"image\":{\"@type\":\"ImageObject\",\"inLanguage\":\"fr-FR\",\"@id\":\"https:\\\/\\\/secure.gravatar.com\\\/avatar\\\/ae2f4d718e6c49043e314ce431e7e645d646302a24a5ef5a8bc8e3f5a032e319?s=96&d=mm&r=g\",\"url\":\"https:\\\/\\\/secure.gravatar.com\\\/avatar\\\/ae2f4d718e6c49043e314ce431e7e645d646302a24a5ef5a8bc8e3f5a032e319?s=96&d=mm&r=g\",\"contentUrl\":\"https:\\\/\\\/secure.gravatar.com\\\/avatar\\\/ae2f4d718e6c49043e314ce431e7e645d646302a24a5ef5a8bc8e3f5a032e319?s=96&d=mm&r=g\",\"caption\":\"admin\"},\"sameAs\":[\"https:\\\/\\\/www.organisator.ch\"],\"url\":\"https:\\\/\\\/www.organisator.ch\\\/fr\\\/author\\\/admin\\\/\"}]}<\/script>\n<!-- \/ Yoast SEO plugin. -->","yoast_head_json":{"title":"La France interdit les gobelets en plastique - Organisateur","description":"A partir de 2020, il sera interdit en France de mettre \u00e0 disposition de la vaisselle jetable en plastique. La vaisselle en plastique compostable et biosourc\u00e9 ne sera pas concern\u00e9e.","robots":{"index":"index","follow":"follow","max-snippet":"max-snippet:-1","max-image-preview":"max-image-preview:large","max-video-preview":"max-video-preview:-1"},"canonical":"https:\/\/www.organisator.ch\/fr\/general\/2016-09-19\/frankreich-verbietet-plastikbecher\/","og_locale":"fr_FR","og_type":"article","og_title":"Frankreich verbietet Plastikbecher - Organisator","og_description":"Ab dem Jahr 2020 ist in Frankreich das Bereitstellen von Wegwerfgeschirr aus Plastik verboten. Ausgenommen ist solches aus kompostierbaren und biobasierten Kunststoffen.","og_url":"https:\/\/www.organisator.ch\/fr\/general\/2016-09-19\/frankreich-verbietet-plastikbecher\/","og_site_name":"Organisator","article_publisher":"https:\/\/www.facebook.com\/OrganisatorFachmagazin","article_published_time":"2016-09-19T14:12:18+00:00","og_image":[{"width":1000,"height":673,"url":"https:\/\/www.organisator.ch\/wp-content\/uploads\/2016\/12\/Frankreich-verbietet-Plastikbecher-umweltperspektiven.jpg","type":"image\/jpeg"}],"author":"admin","twitter_card":"summary_large_image","schema":{"@context":"https:\/\/schema.org","@graph":[{"@type":"Article","@id":"https:\/\/www.organisator.ch\/en\/general\/2016-09-19\/frankreich-verbietet-plastikbecher\/#article","isPartOf":{"@id":"https:\/\/www.organisator.ch\/en\/general\/2016-09-19\/frankreich-verbietet-plastikbecher\/"},"author":{"name":"admin","@id":"https:\/\/www.organisator.ch\/#\/schema\/person\/aa2bace6c5c5aad60102004a50c4eb1c"},"headline":"Frankreich verbietet Plastikbecher","datePublished":"2016-09-19T14:12:18+00:00","mainEntityOfPage":{"@id":"https:\/\/www.organisator.ch\/en\/general\/2016-09-19\/frankreich-verbietet-plastikbecher\/"},"wordCount":246,"commentCount":0,"publisher":{"@id":"https:\/\/www.organisator.ch\/#organization"},"image":{"@id":"https:\/\/www.organisator.ch\/en\/general\/2016-09-19\/frankreich-verbietet-plastikbecher\/#primaryimage"},"thumbnailUrl":"https:\/\/www.organisator.ch\/wp-content\/uploads\/2016\/12\/Frankreich-verbietet-Plastikbecher-umweltperspektiven.jpg","keywords":["Frankreich","Plastikbecher","Plastikgeschirr","Verbot"],"articleSection":["Allgemein"],"inLanguage":"fr-FR"},{"@type":"WebPage","@id":"https:\/\/www.organisator.ch\/en\/general\/2016-09-19\/frankreich-verbietet-plastikbecher\/","url":"https:\/\/www.organisator.ch\/en\/general\/2016-09-19\/frankreich-verbietet-plastikbecher\/","name":"La France interdit les gobelets en plastique - Organisateur","isPartOf":{"@id":"https:\/\/www.organisator.ch\/#website"},"primaryImageOfPage":{"@id":"https:\/\/www.organisator.ch\/en\/general\/2016-09-19\/frankreich-verbietet-plastikbecher\/#primaryimage"},"image":{"@id":"https:\/\/www.organisator.ch\/en\/general\/2016-09-19\/frankreich-verbietet-plastikbecher\/#primaryimage"},"thumbnailUrl":"https:\/\/www.organisator.ch\/wp-content\/uploads\/2016\/12\/Frankreich-verbietet-Plastikbecher-umweltperspektiven.jpg","datePublished":"2016-09-19T14:12:18+00:00","description":"A partir de 2020, il sera interdit en France de mettre \u00e0 disposition de la vaisselle jetable en plastique. La vaisselle en plastique compostable et biosourc\u00e9 ne sera pas concern\u00e9e.","breadcrumb":{"@id":"https:\/\/www.organisator.ch\/en\/general\/2016-09-19\/frankreich-verbietet-plastikbecher\/#breadcrumb"},"inLanguage":"fr-FR","potentialAction":[{"@type":"ReadAction","target":["https:\/\/www.organisator.ch\/en\/general\/2016-09-19\/frankreich-verbietet-plastikbecher\/"]}]},{"@type":"ImageObject","inLanguage":"fr-FR","@id":"https:\/\/www.organisator.ch\/en\/general\/2016-09-19\/frankreich-verbietet-plastikbecher\/#primaryimage","url":"https:\/\/www.organisator.ch\/wp-content\/uploads\/2016\/12\/Frankreich-verbietet-Plastikbecher-umweltperspektiven.jpg","contentUrl":"https:\/\/www.organisator.ch\/wp-content\/uploads\/2016\/12\/Frankreich-verbietet-Plastikbecher-umweltperspektiven.jpg","width":1000,"height":673,"caption":"Wegwerfgeschirr aus Kunststoff ist in Frankreich bald verboten"},{"@type":"BreadcrumbList","@id":"https:\/\/www.organisator.ch\/en\/general\/2016-09-19\/frankreich-verbietet-plastikbecher\/#breadcrumb","itemListElement":[{"@type":"ListItem","position":1,"name":"Home","item":"https:\/\/www.organisator.ch\/"},{"@type":"ListItem","position":2,"name":"Frankreich verbietet Plastikbecher"}]},{"@type":"WebSite","@id":"https:\/\/www.organisator.ch\/#website","url":"https:\/\/www.organisator.ch\/","name":"Organisateur","description":"Comp\u00e9tence et comp\u00e9tence. Proches de la pratique. L'ORGANISATEUR pr\u00e9pare 10 num\u00e9ros par an sur les th\u00e8mes essentiels pour les dirigeants de PME.","publisher":{"@id":"https:\/\/www.organisator.ch\/#organization"},"potentialAction":[{"@type":"SearchAction","target":{"@type":"EntryPoint","urlTemplate":"https:\/\/www.organisator.ch\/?s={search_term_string}"},"query-input":{"@type":"PropertyValueSpecification","valueRequired":true,"valueName":"search_term_string"}}],"inLanguage":"fr-FR"},{"@type":"Organization","@id":"https:\/\/www.organisator.ch\/#organization","name":"Organisateur","url":"https:\/\/www.organisator.ch\/","logo":{"@type":"ImageObject","inLanguage":"fr-FR","@id":"https:\/\/www.organisator.ch\/#\/schema\/logo\/image\/","url":"https:\/\/www.organisator.ch\/wp-content\/uploads\/2022\/01\/Logo_Organisator_Website.png","contentUrl":"https:\/\/www.organisator.ch\/wp-content\/uploads\/2022\/01\/Logo_Organisator_Website.png","width":800,"height":77,"caption":"Organisator"},"image":{"@id":"https:\/\/www.organisator.ch\/#\/schema\/logo\/image\/"},"sameAs":["https:\/\/www.facebook.com\/OrganisatorFachmagazin","https:\/\/www.linkedin.com\/showcase\/organisator-das-magazin-fr-kmu","https:\/\/www.xing.com\/news\/pages\/organisator-ch-695","https:\/\/www.youtube.com\/channel\/UCGP2Sq0iWaZwT3BdIAQFYpw"]},{"@type":"Person","@id":"https:\/\/www.organisator.ch\/#\/schema\/person\/aa2bace6c5c5aad60102004a50c4eb1c","name":"admin","image":{"@type":"ImageObject","inLanguage":"fr-FR","@id":"https:\/\/secure.gravatar.com\/avatar\/ae2f4d718e6c49043e314ce431e7e645d646302a24a5ef5a8bc8e3f5a032e319?s=96&d=mm&r=g","url":"https:\/\/secure.gravatar.com\/avatar\/ae2f4d718e6c49043e314ce431e7e645d646302a24a5ef5a8bc8e3f5a032e319?s=96&d=mm&r=g","contentUrl":"https:\/\/secure.gravatar.com\/avatar\/ae2f4d718e6c49043e314ce431e7e645d646302a24a5ef5a8bc8e3f5a032e319?s=96&d=mm&r=g","caption":"admin"},"sameAs":["https:\/\/www.organisator.ch"],"url":"https:\/\/www.organisator.ch\/fr\/author\/admin\/"}]}},"_links":{"self":[{"href":"https:\/\/www.organisator.ch\/fr\/wp-json\/wp\/v2\/posts\/9964","targetHints":{"allow":["GET"]}}],"collection":[{"href":"https:\/\/www.organisator.ch\/fr\/wp-json\/wp\/v2\/posts"}],"about":[{"href":"https:\/\/www.organisator.ch\/fr\/wp-json\/wp\/v2\/types\/post"}],"author":[{"embeddable":true,"href":"https:\/\/www.organisator.ch\/fr\/wp-json\/wp\/v2\/users\/1"}],"replies":[{"embeddable":true,"href":"https:\/\/www.organisator.ch\/fr\/wp-json\/wp\/v2\/comments?post=9964"}],"version-history":[{"count":0,"href":"https:\/\/www.organisator.ch\/fr\/wp-json\/wp\/v2\/posts\/9964\/revisions"}],"wp:featuredmedia":[{"embeddable":true,"href":"https:\/\/www.organisator.ch\/fr\/wp-json\/wp\/v2\/media\/9417"}],"wp:attachment":[{"href":"https:\/\/www.organisator.ch\/fr\/wp-json\/wp\/v2\/media?parent=9964"}],"wp:term":[{"taxonomy":"category","embeddable":true,"href":"https:\/\/www.organisator.ch\/fr\/wp-json\/wp\/v2\/categories?post=9964"},{"taxonomy":"post_tag","embeddable":true,"href":"https:\/\/www.organisator.ch\/fr\/wp-json\/wp\/v2\/tags?post=9964"}],"curies":[{"name":"wp","href":"https:\/\/api.w.org\/{rel}","templated":true}]}}