{"id":9965,"date":"2016-09-20T16:14:28","date_gmt":"2016-09-20T14:14:28","guid":{"rendered":"https:\/\/dev.umweltperspektiven.ch\/?p=523"},"modified":"2016-09-20T16:14:28","modified_gmt":"2016-09-20T14:14:28","slug":"lidl-schafft-plastiktaschen-ab","status":"publish","type":"post","link":"https:\/\/www.organisator.ch\/fr\/allgemein\/2016-09-20\/lidl-schafft-plastiktaschen-ab\/","title":{"rendered":"Lidl supprime les sacs en plastique"},"content":{"rendered":"<figure id=\"attachment_524\" aria-describedby=\"caption-attachment-524\" style=\"width: 680px\" class=\"wp-caption alignnone\"><a href=\"\/\/dev.umweltperspektiven.ch\/wp-content\/uploads\/2016\/12\/Lidl-schafft-Plastiktaschen-ab-umweltperspektiven.jpg\"><img loading=\"lazy\" decoding=\"async\" class=\"size-medium wp-image-524\" src=\"\/\/dev.umweltperspektiven.ch\/wp-content\/uploads\/2016\/12\/Lidl-schafft-Plastiktaschen-ab-umweltperspektiven.jpg\" alt=\"Lidl supprime les sacs en plastique-perspectives environnementales\" width=\"680\" height=\"913\" \/><\/a><figcaption id=\"caption-attachment-524\" class=\"wp-caption-text\">Lidl supprime les sacs en plastique-perspectives environnementales<\/figcaption><\/figure>\n<p>Lidl Suisse supprime le sac plastique standard payant \u00e0 la caisse. Il est remplac\u00e9 par un sac r\u00e9utilisable en papier non blanchi. Celui-ci est certifi\u00e9 par le \"Forest Stewardship Council\" (FSC) et est recyclable. Ainsi, tous les sacs en papier de Lidl proviennent \u00e0 100 % de mati\u00e8res premi\u00e8res renouvelables et recyclables. Gr\u00e2ce \u00e0 cette mesure, Lidl Suisse \u00e9conomise chaque ann\u00e9e plus de 70 tonnes de plastique. Depuis son entr\u00e9e sur le march\u00e9, Lidl renonce d\u00e9j\u00e0 aux sacs en plastique gratuits largement r\u00e9pandus \u00e0 la caisse.<\/p>\n<p><strong>Compl\u00e9ter l'engagement en faveur du d\u00e9veloppement durable<\/strong><br \/>\nEn passant exclusivement aux sacs en papier et aux sacs permanents, Lidl Suisse souhaite encourager l'utilisation multiple des sacs lors des achats et ainsi pr\u00e9server les ressources. Cette mesure s'inscrit dans l'engagement global de Lidl Suisse en faveur du d\u00e9veloppement durable, comme par exemple le recyclage complet, les produits certifi\u00e9s, la neutralit\u00e9 CO2 et la pr\u00e9vention du gaspillage alimentaire. Les organisations nationales de Lidl en Allemagne et en Autriche renonceront \u00e9galement \u00e0 l'avenir \u00e0 la vente de sacs en plastique aux caisses.<\/p>\n<p><em>Source : Lidl Suisse<\/em><\/p>","protected":false},"excerpt":{"rendered":"<p>Lidl Schweiz schafft die kostenpflichtige Standard-Plastiktragetasche an der Kasse ab. Ersetzt wird sie durch eine Mehrweg-Tragetasche aus ungebleichtem Papier. Diese ist durch den \u00abForest Stewardship Council\u00bb (FSC) zertifiziert und recycelbar. Damit stammen alle Lidl-Papiertragetaschen zu 100 % aus nachwachsenden und wiederverwertbaren Rohstoffen. Mit dieser Massnahme spart Lidl Schweiz jedes Jahr \u00fcber 70 Tonnen Plastik. Auf [&hellip;]<\/p>\n","protected":false},"author":1,"featured_media":9419,"comment_status":"open","ping_status":"open","sticky":false,"template":"","format":"standard","meta":{"_acf_changed":false,"_yoast_wpseo_focuskw":"Plastiktaschen","_yoast_wpseo_metadesc":"Lidl Schweiz ersetzt ab Fr\u00fchling 2017 die kostenpflichtigen Plastiktaschen aus recyceltem Plastik durch eine mehrfach verwendbare Papiertragetasche.","articlekey":"","footnotes":""},"categories":[1],"tags":[],"class_list":["post-9965","post","type-post","status-publish","format-standard","has-post-thumbnail","hentry","category-allgemein"],"acf":[],"yoast_head":"<!-- This site is optimized with the Yoast SEO plugin v27.5 - https:\/\/yoast.com\/product\/yoast-seo-wordpress\/ -->\n<title>Lidl schafft Plastiktaschen ab - Organisator<\/title>\n<meta name=\"description\" content=\"Lidl Schweiz ersetzt ab Fr\u00fchling 2017 die kostenpflichtigen Plastiktaschen aus recyceltem Plastik durch eine mehrfach verwendbare Papiertragetasche.\" \/>\n<meta name=\"robots\" content=\"index, follow, max-snippet:-1, max-image-preview:large, max-video-preview:-1\" \/>\n<link rel=\"canonical\" href=\"https:\/\/www.organisator.ch\/fr\/general\/2016-09-20\/lidl-schafft-plastiktaschen-ab\/\" \/>\n<meta property=\"og:locale\" content=\"fr_FR\" \/>\n<meta property=\"og:type\" content=\"article\" \/>\n<meta property=\"og:title\" content=\"Lidl schafft Plastiktaschen ab - Organisator\" \/>\n<meta property=\"og:description\" content=\"Lidl Schweiz ersetzt ab Fr\u00fchling 2017 die kostenpflichtigen Plastiktaschen aus recyceltem Plastik durch eine mehrfach verwendbare Papiertragetasche.\" \/>\n<meta property=\"og:url\" content=\"https:\/\/www.organisator.ch\/fr\/general\/2016-09-20\/lidl-schafft-plastiktaschen-ab\/\" \/>\n<meta property=\"og:site_name\" content=\"Organisator\" \/>\n<meta property=\"article:publisher\" content=\"https:\/\/www.facebook.com\/OrganisatorFachmagazin\" \/>\n<meta property=\"article:published_time\" content=\"2016-09-20T14:14:28+00:00\" \/>\n<meta property=\"og:image\" content=\"https:\/\/www.organisator.ch\/wp-content\/uploads\/2016\/12\/Lidl-schafft-Plastiktaschen-ab-umweltperspektiven-scaled.jpg\" \/>\n\t<meta property=\"og:image:width\" content=\"1907\" \/>\n\t<meta property=\"og:image:height\" content=\"2560\" \/>\n\t<meta property=\"og:image:type\" content=\"image\/jpeg\" \/>\n<meta name=\"author\" content=\"admin\" \/>\n<meta name=\"twitter:card\" content=\"summary_large_image\" \/>\n<script type=\"application\/ld+json\" class=\"yoast-schema-graph\">{\"@context\":\"https:\\\/\\\/schema.org\",\"@graph\":[{\"@type\":\"Article\",\"@id\":\"https:\\\/\\\/www.organisator.ch\\\/en\\\/general\\\/2016-09-20\\\/lidl-schafft-plastiktaschen-ab\\\/#article\",\"isPartOf\":{\"@id\":\"https:\\\/\\\/www.organisator.ch\\\/en\\\/general\\\/2016-09-20\\\/lidl-schafft-plastiktaschen-ab\\\/\"},\"author\":{\"name\":\"admin\",\"@id\":\"https:\\\/\\\/www.organisator.ch\\\/#\\\/schema\\\/person\\\/aa2bace6c5c5aad60102004a50c4eb1c\"},\"headline\":\"Lidl schafft Plastiktaschen ab\",\"datePublished\":\"2016-09-20T14:14:28+00:00\",\"mainEntityOfPage\":{\"@id\":\"https:\\\/\\\/www.organisator.ch\\\/en\\\/general\\\/2016-09-20\\\/lidl-schafft-plastiktaschen-ab\\\/\"},\"wordCount\":162,\"commentCount\":0,\"publisher\":{\"@id\":\"https:\\\/\\\/www.organisator.ch\\\/#organization\"},\"image\":{\"@id\":\"https:\\\/\\\/www.organisator.ch\\\/en\\\/general\\\/2016-09-20\\\/lidl-schafft-plastiktaschen-ab\\\/#primaryimage\"},\"thumbnailUrl\":\"https:\\\/\\\/www.organisator.ch\\\/wp-content\\\/uploads\\\/2016\\\/12\\\/Lidl-schafft-Plastiktaschen-ab-umweltperspektiven-scaled.jpg\",\"articleSection\":[\"Allgemein\"],\"inLanguage\":\"fr-FR\"},{\"@type\":\"WebPage\",\"@id\":\"https:\\\/\\\/www.organisator.ch\\\/en\\\/general\\\/2016-09-20\\\/lidl-schafft-plastiktaschen-ab\\\/\",\"url\":\"https:\\\/\\\/www.organisator.ch\\\/en\\\/general\\\/2016-09-20\\\/lidl-schafft-plastiktaschen-ab\\\/\",\"name\":\"Lidl schafft Plastiktaschen ab - Organisator\",\"isPartOf\":{\"@id\":\"https:\\\/\\\/www.organisator.ch\\\/#website\"},\"primaryImageOfPage\":{\"@id\":\"https:\\\/\\\/www.organisator.ch\\\/en\\\/general\\\/2016-09-20\\\/lidl-schafft-plastiktaschen-ab\\\/#primaryimage\"},\"image\":{\"@id\":\"https:\\\/\\\/www.organisator.ch\\\/en\\\/general\\\/2016-09-20\\\/lidl-schafft-plastiktaschen-ab\\\/#primaryimage\"},\"thumbnailUrl\":\"https:\\\/\\\/www.organisator.ch\\\/wp-content\\\/uploads\\\/2016\\\/12\\\/Lidl-schafft-Plastiktaschen-ab-umweltperspektiven-scaled.jpg\",\"datePublished\":\"2016-09-20T14:14:28+00:00\",\"description\":\"Lidl Schweiz ersetzt ab Fr\u00fchling 2017 die kostenpflichtigen Plastiktaschen aus recyceltem Plastik durch eine mehrfach verwendbare Papiertragetasche.\",\"breadcrumb\":{\"@id\":\"https:\\\/\\\/www.organisator.ch\\\/en\\\/general\\\/2016-09-20\\\/lidl-schafft-plastiktaschen-ab\\\/#breadcrumb\"},\"inLanguage\":\"fr-FR\",\"potentialAction\":[{\"@type\":\"ReadAction\",\"target\":[\"https:\\\/\\\/www.organisator.ch\\\/en\\\/general\\\/2016-09-20\\\/lidl-schafft-plastiktaschen-ab\\\/\"]}]},{\"@type\":\"ImageObject\",\"inLanguage\":\"fr-FR\",\"@id\":\"https:\\\/\\\/www.organisator.ch\\\/en\\\/general\\\/2016-09-20\\\/lidl-schafft-plastiktaschen-ab\\\/#primaryimage\",\"url\":\"https:\\\/\\\/www.organisator.ch\\\/wp-content\\\/uploads\\\/2016\\\/12\\\/Lidl-schafft-Plastiktaschen-ab-umweltperspektiven-scaled.jpg\",\"contentUrl\":\"https:\\\/\\\/www.organisator.ch\\\/wp-content\\\/uploads\\\/2016\\\/12\\\/Lidl-schafft-Plastiktaschen-ab-umweltperspektiven-scaled.jpg\",\"width\":1907,\"height\":2560,\"caption\":\"Lidl schafft Plastiktaschen ab-umweltperspektiven\"},{\"@type\":\"BreadcrumbList\",\"@id\":\"https:\\\/\\\/www.organisator.ch\\\/en\\\/general\\\/2016-09-20\\\/lidl-schafft-plastiktaschen-ab\\\/#breadcrumb\",\"itemListElement\":[{\"@type\":\"ListItem\",\"position\":1,\"name\":\"Home\",\"item\":\"https:\\\/\\\/www.organisator.ch\\\/\"},{\"@type\":\"ListItem\",\"position\":2,\"name\":\"Lidl schafft Plastiktaschen ab\"}]},{\"@type\":\"WebSite\",\"@id\":\"https:\\\/\\\/www.organisator.ch\\\/#website\",\"url\":\"https:\\\/\\\/www.organisator.ch\\\/\",\"name\":\"Organisator\",\"description\":\"Kompetent. Praxisnah. Der ORGANISATOR bereitet in 10 Ausgaben pro Jahr die wesentlichen Themen f\u00fcr F\u00fchrungskr\u00e4fte von KMU auf.\",\"publisher\":{\"@id\":\"https:\\\/\\\/www.organisator.ch\\\/#organization\"},\"potentialAction\":[{\"@type\":\"SearchAction\",\"target\":{\"@type\":\"EntryPoint\",\"urlTemplate\":\"https:\\\/\\\/www.organisator.ch\\\/?s={search_term_string}\"},\"query-input\":{\"@type\":\"PropertyValueSpecification\",\"valueRequired\":true,\"valueName\":\"search_term_string\"}}],\"inLanguage\":\"fr-FR\"},{\"@type\":\"Organization\",\"@id\":\"https:\\\/\\\/www.organisator.ch\\\/#organization\",\"name\":\"Organisator\",\"url\":\"https:\\\/\\\/www.organisator.ch\\\/\",\"logo\":{\"@type\":\"ImageObject\",\"inLanguage\":\"fr-FR\",\"@id\":\"https:\\\/\\\/www.organisator.ch\\\/#\\\/schema\\\/logo\\\/image\\\/\",\"url\":\"https:\\\/\\\/www.organisator.ch\\\/wp-content\\\/uploads\\\/2022\\\/01\\\/Logo_Organisator_Website.png\",\"contentUrl\":\"https:\\\/\\\/www.organisator.ch\\\/wp-content\\\/uploads\\\/2022\\\/01\\\/Logo_Organisator_Website.png\",\"width\":800,\"height\":77,\"caption\":\"Organisator\"},\"image\":{\"@id\":\"https:\\\/\\\/www.organisator.ch\\\/#\\\/schema\\\/logo\\\/image\\\/\"},\"sameAs\":[\"https:\\\/\\\/www.facebook.com\\\/OrganisatorFachmagazin\",\"https:\\\/\\\/www.linkedin.com\\\/showcase\\\/organisator-das-magazin-fr-kmu\",\"https:\\\/\\\/www.xing.com\\\/news\\\/pages\\\/organisator-ch-695\",\"https:\\\/\\\/www.youtube.com\\\/channel\\\/UCGP2Sq0iWaZwT3BdIAQFYpw\"]},{\"@type\":\"Person\",\"@id\":\"https:\\\/\\\/www.organisator.ch\\\/#\\\/schema\\\/person\\\/aa2bace6c5c5aad60102004a50c4eb1c\",\"name\":\"admin\",\"image\":{\"@type\":\"ImageObject\",\"inLanguage\":\"fr-FR\",\"@id\":\"https:\\\/\\\/secure.gravatar.com\\\/avatar\\\/ae2f4d718e6c49043e314ce431e7e645d646302a24a5ef5a8bc8e3f5a032e319?s=96&d=mm&r=g\",\"url\":\"https:\\\/\\\/secure.gravatar.com\\\/avatar\\\/ae2f4d718e6c49043e314ce431e7e645d646302a24a5ef5a8bc8e3f5a032e319?s=96&d=mm&r=g\",\"contentUrl\":\"https:\\\/\\\/secure.gravatar.com\\\/avatar\\\/ae2f4d718e6c49043e314ce431e7e645d646302a24a5ef5a8bc8e3f5a032e319?s=96&d=mm&r=g\",\"caption\":\"admin\"},\"sameAs\":[\"https:\\\/\\\/www.organisator.ch\"],\"url\":\"https:\\\/\\\/www.organisator.ch\\\/fr\\\/author\\\/admin\\\/\"}]}<\/script>\n<!-- \/ Yoast SEO plugin. -->","yoast_head_json":{"title":"Lidl supprime les sacs en plastique - Organisateur","description":"A partir du printemps 2017, Lidl Suisse remplacera ses sacs en plastique recycl\u00e9 payants par un sac en papier r\u00e9utilisable.","robots":{"index":"index","follow":"follow","max-snippet":"max-snippet:-1","max-image-preview":"max-image-preview:large","max-video-preview":"max-video-preview:-1"},"canonical":"https:\/\/www.organisator.ch\/fr\/general\/2016-09-20\/lidl-schafft-plastiktaschen-ab\/","og_locale":"fr_FR","og_type":"article","og_title":"Lidl schafft Plastiktaschen ab - Organisator","og_description":"Lidl Schweiz ersetzt ab Fr\u00fchling 2017 die kostenpflichtigen Plastiktaschen aus recyceltem Plastik durch eine mehrfach verwendbare Papiertragetasche.","og_url":"https:\/\/www.organisator.ch\/fr\/general\/2016-09-20\/lidl-schafft-plastiktaschen-ab\/","og_site_name":"Organisator","article_publisher":"https:\/\/www.facebook.com\/OrganisatorFachmagazin","article_published_time":"2016-09-20T14:14:28+00:00","og_image":[{"width":1907,"height":2560,"url":"https:\/\/www.organisator.ch\/wp-content\/uploads\/2016\/12\/Lidl-schafft-Plastiktaschen-ab-umweltperspektiven-scaled.jpg","type":"image\/jpeg"}],"author":"admin","twitter_card":"summary_large_image","schema":{"@context":"https:\/\/schema.org","@graph":[{"@type":"Article","@id":"https:\/\/www.organisator.ch\/en\/general\/2016-09-20\/lidl-schafft-plastiktaschen-ab\/#article","isPartOf":{"@id":"https:\/\/www.organisator.ch\/en\/general\/2016-09-20\/lidl-schafft-plastiktaschen-ab\/"},"author":{"name":"admin","@id":"https:\/\/www.organisator.ch\/#\/schema\/person\/aa2bace6c5c5aad60102004a50c4eb1c"},"headline":"Lidl schafft Plastiktaschen ab","datePublished":"2016-09-20T14:14:28+00:00","mainEntityOfPage":{"@id":"https:\/\/www.organisator.ch\/en\/general\/2016-09-20\/lidl-schafft-plastiktaschen-ab\/"},"wordCount":162,"commentCount":0,"publisher":{"@id":"https:\/\/www.organisator.ch\/#organization"},"image":{"@id":"https:\/\/www.organisator.ch\/en\/general\/2016-09-20\/lidl-schafft-plastiktaschen-ab\/#primaryimage"},"thumbnailUrl":"https:\/\/www.organisator.ch\/wp-content\/uploads\/2016\/12\/Lidl-schafft-Plastiktaschen-ab-umweltperspektiven-scaled.jpg","articleSection":["Allgemein"],"inLanguage":"fr-FR"},{"@type":"WebPage","@id":"https:\/\/www.organisator.ch\/en\/general\/2016-09-20\/lidl-schafft-plastiktaschen-ab\/","url":"https:\/\/www.organisator.ch\/en\/general\/2016-09-20\/lidl-schafft-plastiktaschen-ab\/","name":"Lidl supprime les sacs en plastique - Organisateur","isPartOf":{"@id":"https:\/\/www.organisator.ch\/#website"},"primaryImageOfPage":{"@id":"https:\/\/www.organisator.ch\/en\/general\/2016-09-20\/lidl-schafft-plastiktaschen-ab\/#primaryimage"},"image":{"@id":"https:\/\/www.organisator.ch\/en\/general\/2016-09-20\/lidl-schafft-plastiktaschen-ab\/#primaryimage"},"thumbnailUrl":"https:\/\/www.organisator.ch\/wp-content\/uploads\/2016\/12\/Lidl-schafft-Plastiktaschen-ab-umweltperspektiven-scaled.jpg","datePublished":"2016-09-20T14:14:28+00:00","description":"A partir du printemps 2017, Lidl Suisse remplacera ses sacs en plastique recycl\u00e9 payants par un sac en papier r\u00e9utilisable.","breadcrumb":{"@id":"https:\/\/www.organisator.ch\/en\/general\/2016-09-20\/lidl-schafft-plastiktaschen-ab\/#breadcrumb"},"inLanguage":"fr-FR","potentialAction":[{"@type":"ReadAction","target":["https:\/\/www.organisator.ch\/en\/general\/2016-09-20\/lidl-schafft-plastiktaschen-ab\/"]}]},{"@type":"ImageObject","inLanguage":"fr-FR","@id":"https:\/\/www.organisator.ch\/en\/general\/2016-09-20\/lidl-schafft-plastiktaschen-ab\/#primaryimage","url":"https:\/\/www.organisator.ch\/wp-content\/uploads\/2016\/12\/Lidl-schafft-Plastiktaschen-ab-umweltperspektiven-scaled.jpg","contentUrl":"https:\/\/www.organisator.ch\/wp-content\/uploads\/2016\/12\/Lidl-schafft-Plastiktaschen-ab-umweltperspektiven-scaled.jpg","width":1907,"height":2560,"caption":"Lidl schafft Plastiktaschen ab-umweltperspektiven"},{"@type":"BreadcrumbList","@id":"https:\/\/www.organisator.ch\/en\/general\/2016-09-20\/lidl-schafft-plastiktaschen-ab\/#breadcrumb","itemListElement":[{"@type":"ListItem","position":1,"name":"Home","item":"https:\/\/www.organisator.ch\/"},{"@type":"ListItem","position":2,"name":"Lidl schafft Plastiktaschen ab"}]},{"@type":"WebSite","@id":"https:\/\/www.organisator.ch\/#website","url":"https:\/\/www.organisator.ch\/","name":"Organisateur","description":"Comp\u00e9tence et comp\u00e9tence. Proches de la pratique. L'ORGANISATEUR pr\u00e9pare 10 num\u00e9ros par an sur les th\u00e8mes essentiels pour les dirigeants de PME.","publisher":{"@id":"https:\/\/www.organisator.ch\/#organization"},"potentialAction":[{"@type":"SearchAction","target":{"@type":"EntryPoint","urlTemplate":"https:\/\/www.organisator.ch\/?s={search_term_string}"},"query-input":{"@type":"PropertyValueSpecification","valueRequired":true,"valueName":"search_term_string"}}],"inLanguage":"fr-FR"},{"@type":"Organization","@id":"https:\/\/www.organisator.ch\/#organization","name":"Organisateur","url":"https:\/\/www.organisator.ch\/","logo":{"@type":"ImageObject","inLanguage":"fr-FR","@id":"https:\/\/www.organisator.ch\/#\/schema\/logo\/image\/","url":"https:\/\/www.organisator.ch\/wp-content\/uploads\/2022\/01\/Logo_Organisator_Website.png","contentUrl":"https:\/\/www.organisator.ch\/wp-content\/uploads\/2022\/01\/Logo_Organisator_Website.png","width":800,"height":77,"caption":"Organisator"},"image":{"@id":"https:\/\/www.organisator.ch\/#\/schema\/logo\/image\/"},"sameAs":["https:\/\/www.facebook.com\/OrganisatorFachmagazin","https:\/\/www.linkedin.com\/showcase\/organisator-das-magazin-fr-kmu","https:\/\/www.xing.com\/news\/pages\/organisator-ch-695","https:\/\/www.youtube.com\/channel\/UCGP2Sq0iWaZwT3BdIAQFYpw"]},{"@type":"Person","@id":"https:\/\/www.organisator.ch\/#\/schema\/person\/aa2bace6c5c5aad60102004a50c4eb1c","name":"admin","image":{"@type":"ImageObject","inLanguage":"fr-FR","@id":"https:\/\/secure.gravatar.com\/avatar\/ae2f4d718e6c49043e314ce431e7e645d646302a24a5ef5a8bc8e3f5a032e319?s=96&d=mm&r=g","url":"https:\/\/secure.gravatar.com\/avatar\/ae2f4d718e6c49043e314ce431e7e645d646302a24a5ef5a8bc8e3f5a032e319?s=96&d=mm&r=g","contentUrl":"https:\/\/secure.gravatar.com\/avatar\/ae2f4d718e6c49043e314ce431e7e645d646302a24a5ef5a8bc8e3f5a032e319?s=96&d=mm&r=g","caption":"admin"},"sameAs":["https:\/\/www.organisator.ch"],"url":"https:\/\/www.organisator.ch\/fr\/author\/admin\/"}]}},"_links":{"self":[{"href":"https:\/\/www.organisator.ch\/fr\/wp-json\/wp\/v2\/posts\/9965","targetHints":{"allow":["GET"]}}],"collection":[{"href":"https:\/\/www.organisator.ch\/fr\/wp-json\/wp\/v2\/posts"}],"about":[{"href":"https:\/\/www.organisator.ch\/fr\/wp-json\/wp\/v2\/types\/post"}],"author":[{"embeddable":true,"href":"https:\/\/www.organisator.ch\/fr\/wp-json\/wp\/v2\/users\/1"}],"replies":[{"embeddable":true,"href":"https:\/\/www.organisator.ch\/fr\/wp-json\/wp\/v2\/comments?post=9965"}],"version-history":[{"count":0,"href":"https:\/\/www.organisator.ch\/fr\/wp-json\/wp\/v2\/posts\/9965\/revisions"}],"wp:featuredmedia":[{"embeddable":true,"href":"https:\/\/www.organisator.ch\/fr\/wp-json\/wp\/v2\/media\/9419"}],"wp:attachment":[{"href":"https:\/\/www.organisator.ch\/fr\/wp-json\/wp\/v2\/media?parent=9965"}],"wp:term":[{"taxonomy":"category","embeddable":true,"href":"https:\/\/www.organisator.ch\/fr\/wp-json\/wp\/v2\/categories?post=9965"},{"taxonomy":"post_tag","embeddable":true,"href":"https:\/\/www.organisator.ch\/fr\/wp-json\/wp\/v2\/tags?post=9965"}],"curies":[{"name":"wp","href":"https:\/\/api.w.org\/{rel}","templated":true}]}}