{"id":9966,"date":"2016-09-22T16:18:24","date_gmt":"2016-09-22T14:18:24","guid":{"rendered":"https:\/\/dev.umweltperspektiven.ch\/?p=532"},"modified":"2016-09-22T16:18:24","modified_gmt":"2016-09-22T14:18:24","slug":"schweizer-bevoelkerung-vertraut-der-wissenschaft","status":"publish","type":"post","link":"https:\/\/www.organisator.ch\/fr\/allgemein\/2016-09-22\/schweizer-bevoelkerung-vertraut-der-wissenschaft\/","title":{"rendered":"La population suisse fait confiance \u00e0 la science"},"content":{"rendered":"<figure id=\"attachment_535\" aria-describedby=\"caption-attachment-535\" style=\"width: 680px\" class=\"wp-caption alignnone\"><a href=\"\/\/dev.umweltperspektiven.ch\/wp-content\/uploads\/2016\/12\/Schweizer-Bev\u00f6lkerung-vertraut-der-Wissenschaft-umweltperspektiven.jpg\"><img loading=\"lazy\" decoding=\"async\" class=\"size-medium wp-image-535\" src=\"\/\/dev.umweltperspektiven.ch\/wp-content\/uploads\/2016\/12\/Schweizer-Bev\u00f6lkerung-vertraut-der-Wissenschaft-umweltperspektiven.jpg\" alt=\"La science jouit d&#039;un grand prestige en Suisse.\" width=\"680\" height=\"457\" \/><\/a><figcaption id=\"caption-attachment-535\" class=\"wp-caption-text\">La science jouit d'un grand prestige en Suisse.<\/figcaption><\/figure>\n<p>Le savoir scientifique est important dans de nombreux domaines de la vie. Elles influencent les d\u00e9cisions individuelles - par exemple en mati\u00e8re de sant\u00e9, d'alimentation ou d'\u00e9ducation des enfants - ainsi que les d\u00e9cisions politiques et \u00e9conomiques. C'est particuli\u00e8rement vrai pour la Suisse - une soci\u00e9t\u00e9 du savoir qui consacre des sommes importantes \u00e0 la science et \u00e0 la recherche et qui compte parmi les pays les plus innovants du monde.<\/p>\n<p>\"La population suisse est consciente de cette importance de la science et est globalement positive \u00e0 son \u00e9gard\", explique Mike S. Sch\u00e4fer, professeur \u00e0 l'Universit\u00e9 de Zurich. Il a r\u00e9alis\u00e9 avec Julia Metag, professeur \u00e0 l'Universit\u00e9 de Fribourg, le premier \"<a href=\"http:\/\/www.wissenschaftsbarometer.ch\/\" target=\"_blank\" rel=\"noreferrer noopener\" data-cke-saved-href=\"\/\/www.wissenschaftsbarometer.ch\/\">Barom\u00e8tre suisse de la science<\/a>\" a \u00e9t\u00e9 relev\u00e9.<\/p>\n<p><strong>Un soutien important pour la recherche<\/strong><br \/>\n\"Trois quarts de la population suisse estiment que la recherche scientifique est n\u00e9cessaire, m\u00eame si elle n'a pas d'utilit\u00e9 imm\u00e9diate\", explique Mike S. Sch\u00e4fer. Un nombre tout aussi important de personnes interrog\u00e9es est d'avis que la science et la recherche devraient \u00eatre soutenues par l'Etat.<\/p>\n<p>Cela se refl\u00e8te \u00e9galement dans leurs attitudes : l'int\u00e9r\u00eat de la population suisse pour la science et la recherche est grand. Plus de la moiti\u00e9 d'entre eux s'int\u00e9ressent fortement ou tr\u00e8s fortement \u00e0 ces sujets, plus qu'\u00e0 l'\u00e9conomie et aux finances ou au sport. Seule la politique int\u00e9resse davantage de personnes interrog\u00e9es.<\/p>\n<p>La confiance de la population dans la science est \u00e9galement marqu\u00e9e. Pour 57 pour cent de la population, la confiance est forte \u00e0 tr\u00e8s forte. Pour seulement 5 pour cent, elle est faible ou tr\u00e8s faible. Les scientifiques des universit\u00e9s jouissent d'une confiance particuli\u00e8re. Les personnes interrog\u00e9es pensent majoritairement que la science et la recherche am\u00e9liorent leur vie, m\u00eame si elles estiment qu'il devrait y avoir des limites \u00e0 la recherche. Peu d'entre eux sont toutefois int\u00e9ress\u00e9s \u00e0 participer eux-m\u00eames \u00e0 des projets scientifiques.<\/p>\n<p><strong>Information via les journaux et Internet<\/strong><br \/>\nLe Barom\u00e8tre suisse de la science montre en outre o\u00f9 la population suisse s'informe sur la science et la recherche : En premier lieu, par les m\u00e9dias de masse traditionnels tels que les quotidiens, les hebdomadaires et les magazines hebdomadaires. Internet est d\u00e9sormais la deuxi\u00e8me source d'information la plus importante.<\/p>\n<p>En ligne, ce sont Wikipedia et les sites web des institutions publiques qui sont le plus souvent utilis\u00e9s pour s'informer sur des sujets scientifiques. La science et la recherche sont \u00e9galement un sujet de discussion interpersonnelle : plus d'un tiers des personnes interrog\u00e9es parlent souvent avec des amis et des connaissances des d\u00e9couvertes scientifiques et des r\u00e9sultats de la recherche.<\/p>\n<p><strong>Contexte du projet<\/strong><br \/>\nLe projet \u00e0 long terme \"Barom\u00e8tre suisse de la science\" recense ce que la population suisse pense des th\u00e8mes scientifiques et comment diff\u00e9rentes sources d'information, des m\u00e9dias de masse \u00e0 la famille et au cercle d'amis, en passant par Facebook et Twitter, influencent la perception de la science.<br \/>\ninfluencer les th\u00e8mes scientifiques.<br \/>\nUne enqu\u00eate t\u00e9l\u00e9phonique repr\u00e9sentative men\u00e9e tous les trois ans aupr\u00e8s de la population suisse permet de suivre les processus de transformation actuels de la communication scientifique et de son public. Les relations entre la communication scientifique,<br \/>\nde leur utilisation et des r\u00e9actions du public. Ces donn\u00e9es permettent d'\u00e9tablir des comparaisons internationales avec des enqu\u00eates similaires sur la communication scientifique men\u00e9es dans d'autres pays. 1051 personnes - 651 en Suisse al\u00e9manique, 200 en Suisse romande et 200 au Tessin - ont \u00e9t\u00e9 interrog\u00e9es par l'institut DemosCope d'Adligenswil.<\/p>\n<p>La premi\u00e8re enqu\u00eate a eu lieu en juin 2016. Les prochains sondages auront lieu en 2019 et 2022. Le projet est financ\u00e9 par la Gebert R\u00fcf Stiftung, la Fondation Mercator Suisse et l'Institut f\u00fcr Publizistikwissenschaft und Medienforschung (IPMZ) de l'Universit\u00e9 de Zurich.<br \/>\nIl est men\u00e9 par le professeur Mike S. Sch\u00e4fer et son d\u00e9partement \"Communication scientifique\" de l'IPMZ et par le professeur Julia Metag de l'Universit\u00e9 de Fribourg.<\/p>\n<p><em>Source : Universit\u00e9 de Zurich<\/em><\/p>","protected":false},"excerpt":{"rendered":"<p>Wissenschaftliches Wissen ist in vielen Lebensbereichen bedeutsam. Es beeinflusst Entscheidungen\u00a0Einzelner \u2013 etwa zu Gesundheit, Ern\u00e4hrung oder Kindererziehung \u2013 ebenso wie politische und wirtschaftliche\u00a0Entscheidungen. Dies gilt insbesondere f\u00fcr die Schweiz \u2013 eine Wissensgesellschaft mit\u00a0hohen Ausgaben f\u00fcr Wissenschaft und Forschung, die zu den innovativsten L\u00e4ndern der Welt geh\u00f6rt. \u00abDie Schweizer Bev\u00f6lkerung ist sich dieser Bedeutung der Wissenschaft [&hellip;]<\/p>\n","protected":false},"author":1,"featured_media":9421,"comment_status":"open","ping_status":"open","sticky":false,"template":"","format":"standard","meta":{"_acf_changed":false,"_yoast_wpseo_focuskw":"Wissenschaft","_yoast_wpseo_metadesc":"Die Schweizer Bev\u00f6lkerung steht Wissenschaft und Forschung positiv gegen\u00fcber: Sie vertraut den Aussagen von Wissenschaftlerinnen und Wissenschaftlern in hohem Masse und interessiert sich sehr f\u00fcr wissenschaftliche Themen","articlekey":"","footnotes":""},"categories":[1],"tags":[805,487,2407,533],"class_list":["post-9966","post","type-post","status-publish","format-standard","has-post-thumbnail","hentry","category-allgemein","tag-bevoelkerung","tag-umfrage","tag-universitaet-zuerich","tag-wissenschaft"],"acf":[],"yoast_head":"<!-- This site is optimized with the Yoast SEO plugin v27.5 - https:\/\/yoast.com\/product\/yoast-seo-wordpress\/ -->\n<title>Schweizer Bev\u00f6lkerung vertraut der Wissenschaft - Organisator<\/title>\n<meta name=\"description\" content=\"Die Schweizer Bev\u00f6lkerung steht Wissenschaft und Forschung positiv gegen\u00fcber: Sie vertraut den Aussagen von Wissenschaftlerinnen und Wissenschaftlern in hohem Masse und interessiert sich sehr f\u00fcr wissenschaftliche Themen\" \/>\n<meta name=\"robots\" content=\"index, follow, max-snippet:-1, max-image-preview:large, max-video-preview:-1\" \/>\n<link rel=\"canonical\" href=\"https:\/\/www.organisator.ch\/fr\/general\/2016-09-22\/schweizer-bevoelkerung-vertraut-der-wissenschaft\/\" \/>\n<meta property=\"og:locale\" content=\"fr_FR\" \/>\n<meta property=\"og:type\" content=\"article\" \/>\n<meta property=\"og:title\" content=\"Schweizer Bev\u00f6lkerung vertraut der Wissenschaft - Organisator\" \/>\n<meta property=\"og:description\" content=\"Die Schweizer Bev\u00f6lkerung steht Wissenschaft und Forschung positiv gegen\u00fcber: Sie vertraut den Aussagen von Wissenschaftlerinnen und Wissenschaftlern in hohem Masse und interessiert sich sehr f\u00fcr wissenschaftliche Themen\" \/>\n<meta property=\"og:url\" content=\"https:\/\/www.organisator.ch\/fr\/general\/2016-09-22\/schweizer-bevoelkerung-vertraut-der-wissenschaft\/\" \/>\n<meta property=\"og:site_name\" content=\"Organisator\" \/>\n<meta property=\"article:publisher\" content=\"https:\/\/www.facebook.com\/OrganisatorFachmagazin\" \/>\n<meta property=\"article:published_time\" content=\"2016-09-22T14:18:24+00:00\" \/>\n<meta property=\"og:image\" content=\"https:\/\/www.organisator.ch\/wp-content\/uploads\/2016\/12\/Schweizer-Bevoelkerung-vertraut-der-Wissenschaft-umweltperspektiven.jpg\" \/>\n\t<meta property=\"og:image:width\" content=\"999\" \/>\n\t<meta property=\"og:image:height\" content=\"671\" \/>\n\t<meta property=\"og:image:type\" content=\"image\/jpeg\" \/>\n<meta name=\"author\" content=\"admin\" \/>\n<meta name=\"twitter:card\" content=\"summary_large_image\" \/>\n<script type=\"application\/ld+json\" class=\"yoast-schema-graph\">{\"@context\":\"https:\\\/\\\/schema.org\",\"@graph\":[{\"@type\":\"Article\",\"@id\":\"https:\\\/\\\/www.organisator.ch\\\/en\\\/general\\\/2016-09-22\\\/schweizer-bevoelkerung-vertraut-der-wissenschaft\\\/#article\",\"isPartOf\":{\"@id\":\"https:\\\/\\\/www.organisator.ch\\\/en\\\/general\\\/2016-09-22\\\/schweizer-bevoelkerung-vertraut-der-wissenschaft\\\/\"},\"author\":{\"name\":\"admin\",\"@id\":\"https:\\\/\\\/www.organisator.ch\\\/#\\\/schema\\\/person\\\/aa2bace6c5c5aad60102004a50c4eb1c\"},\"headline\":\"Schweizer Bev\u00f6lkerung vertraut der Wissenschaft\",\"datePublished\":\"2016-09-22T14:18:24+00:00\",\"mainEntityOfPage\":{\"@id\":\"https:\\\/\\\/www.organisator.ch\\\/en\\\/general\\\/2016-09-22\\\/schweizer-bevoelkerung-vertraut-der-wissenschaft\\\/\"},\"wordCount\":578,\"commentCount\":0,\"publisher\":{\"@id\":\"https:\\\/\\\/www.organisator.ch\\\/#organization\"},\"image\":{\"@id\":\"https:\\\/\\\/www.organisator.ch\\\/en\\\/general\\\/2016-09-22\\\/schweizer-bevoelkerung-vertraut-der-wissenschaft\\\/#primaryimage\"},\"thumbnailUrl\":\"https:\\\/\\\/www.organisator.ch\\\/wp-content\\\/uploads\\\/2016\\\/12\\\/Schweizer-Bevoelkerung-vertraut-der-Wissenschaft-umweltperspektiven.jpg\",\"keywords\":[\"Bev\u00f6lkerung\",\"Umfrage\",\"Universit\u00e4t Z\u00fcrich\",\"Wissenschaft\"],\"articleSection\":[\"Allgemein\"],\"inLanguage\":\"fr-FR\"},{\"@type\":\"WebPage\",\"@id\":\"https:\\\/\\\/www.organisator.ch\\\/en\\\/general\\\/2016-09-22\\\/schweizer-bevoelkerung-vertraut-der-wissenschaft\\\/\",\"url\":\"https:\\\/\\\/www.organisator.ch\\\/en\\\/general\\\/2016-09-22\\\/schweizer-bevoelkerung-vertraut-der-wissenschaft\\\/\",\"name\":\"Schweizer Bev\u00f6lkerung vertraut der Wissenschaft - Organisator\",\"isPartOf\":{\"@id\":\"https:\\\/\\\/www.organisator.ch\\\/#website\"},\"primaryImageOfPage\":{\"@id\":\"https:\\\/\\\/www.organisator.ch\\\/en\\\/general\\\/2016-09-22\\\/schweizer-bevoelkerung-vertraut-der-wissenschaft\\\/#primaryimage\"},\"image\":{\"@id\":\"https:\\\/\\\/www.organisator.ch\\\/en\\\/general\\\/2016-09-22\\\/schweizer-bevoelkerung-vertraut-der-wissenschaft\\\/#primaryimage\"},\"thumbnailUrl\":\"https:\\\/\\\/www.organisator.ch\\\/wp-content\\\/uploads\\\/2016\\\/12\\\/Schweizer-Bevoelkerung-vertraut-der-Wissenschaft-umweltperspektiven.jpg\",\"datePublished\":\"2016-09-22T14:18:24+00:00\",\"description\":\"Die Schweizer Bev\u00f6lkerung steht Wissenschaft und Forschung positiv gegen\u00fcber: Sie vertraut den Aussagen von Wissenschaftlerinnen und Wissenschaftlern in hohem Masse und interessiert sich sehr f\u00fcr wissenschaftliche Themen\",\"breadcrumb\":{\"@id\":\"https:\\\/\\\/www.organisator.ch\\\/en\\\/general\\\/2016-09-22\\\/schweizer-bevoelkerung-vertraut-der-wissenschaft\\\/#breadcrumb\"},\"inLanguage\":\"fr-FR\",\"potentialAction\":[{\"@type\":\"ReadAction\",\"target\":[\"https:\\\/\\\/www.organisator.ch\\\/en\\\/general\\\/2016-09-22\\\/schweizer-bevoelkerung-vertraut-der-wissenschaft\\\/\"]}]},{\"@type\":\"ImageObject\",\"inLanguage\":\"fr-FR\",\"@id\":\"https:\\\/\\\/www.organisator.ch\\\/en\\\/general\\\/2016-09-22\\\/schweizer-bevoelkerung-vertraut-der-wissenschaft\\\/#primaryimage\",\"url\":\"https:\\\/\\\/www.organisator.ch\\\/wp-content\\\/uploads\\\/2016\\\/12\\\/Schweizer-Bevoelkerung-vertraut-der-Wissenschaft-umweltperspektiven.jpg\",\"contentUrl\":\"https:\\\/\\\/www.organisator.ch\\\/wp-content\\\/uploads\\\/2016\\\/12\\\/Schweizer-Bevoelkerung-vertraut-der-Wissenschaft-umweltperspektiven.jpg\",\"width\":999,\"height\":671,\"caption\":\"Die Wissenschaft geniesst in der Schweiz ein hohes Ansehen.\"},{\"@type\":\"BreadcrumbList\",\"@id\":\"https:\\\/\\\/www.organisator.ch\\\/en\\\/general\\\/2016-09-22\\\/schweizer-bevoelkerung-vertraut-der-wissenschaft\\\/#breadcrumb\",\"itemListElement\":[{\"@type\":\"ListItem\",\"position\":1,\"name\":\"Home\",\"item\":\"https:\\\/\\\/www.organisator.ch\\\/\"},{\"@type\":\"ListItem\",\"position\":2,\"name\":\"Schweizer Bev\u00f6lkerung vertraut der Wissenschaft\"}]},{\"@type\":\"WebSite\",\"@id\":\"https:\\\/\\\/www.organisator.ch\\\/#website\",\"url\":\"https:\\\/\\\/www.organisator.ch\\\/\",\"name\":\"Organisator\",\"description\":\"Kompetent. Praxisnah. Der ORGANISATOR bereitet in 10 Ausgaben pro Jahr die wesentlichen Themen f\u00fcr F\u00fchrungskr\u00e4fte von KMU auf.\",\"publisher\":{\"@id\":\"https:\\\/\\\/www.organisator.ch\\\/#organization\"},\"potentialAction\":[{\"@type\":\"SearchAction\",\"target\":{\"@type\":\"EntryPoint\",\"urlTemplate\":\"https:\\\/\\\/www.organisator.ch\\\/?s={search_term_string}\"},\"query-input\":{\"@type\":\"PropertyValueSpecification\",\"valueRequired\":true,\"valueName\":\"search_term_string\"}}],\"inLanguage\":\"fr-FR\"},{\"@type\":\"Organization\",\"@id\":\"https:\\\/\\\/www.organisator.ch\\\/#organization\",\"name\":\"Organisator\",\"url\":\"https:\\\/\\\/www.organisator.ch\\\/\",\"logo\":{\"@type\":\"ImageObject\",\"inLanguage\":\"fr-FR\",\"@id\":\"https:\\\/\\\/www.organisator.ch\\\/#\\\/schema\\\/logo\\\/image\\\/\",\"url\":\"https:\\\/\\\/www.organisator.ch\\\/wp-content\\\/uploads\\\/2022\\\/01\\\/Logo_Organisator_Website.png\",\"contentUrl\":\"https:\\\/\\\/www.organisator.ch\\\/wp-content\\\/uploads\\\/2022\\\/01\\\/Logo_Organisator_Website.png\",\"width\":800,\"height\":77,\"caption\":\"Organisator\"},\"image\":{\"@id\":\"https:\\\/\\\/www.organisator.ch\\\/#\\\/schema\\\/logo\\\/image\\\/\"},\"sameAs\":[\"https:\\\/\\\/www.facebook.com\\\/OrganisatorFachmagazin\",\"https:\\\/\\\/www.linkedin.com\\\/showcase\\\/organisator-das-magazin-fr-kmu\",\"https:\\\/\\\/www.xing.com\\\/news\\\/pages\\\/organisator-ch-695\",\"https:\\\/\\\/www.youtube.com\\\/channel\\\/UCGP2Sq0iWaZwT3BdIAQFYpw\"]},{\"@type\":\"Person\",\"@id\":\"https:\\\/\\\/www.organisator.ch\\\/#\\\/schema\\\/person\\\/aa2bace6c5c5aad60102004a50c4eb1c\",\"name\":\"admin\",\"image\":{\"@type\":\"ImageObject\",\"inLanguage\":\"fr-FR\",\"@id\":\"https:\\\/\\\/secure.gravatar.com\\\/avatar\\\/ae2f4d718e6c49043e314ce431e7e645d646302a24a5ef5a8bc8e3f5a032e319?s=96&d=mm&r=g\",\"url\":\"https:\\\/\\\/secure.gravatar.com\\\/avatar\\\/ae2f4d718e6c49043e314ce431e7e645d646302a24a5ef5a8bc8e3f5a032e319?s=96&d=mm&r=g\",\"contentUrl\":\"https:\\\/\\\/secure.gravatar.com\\\/avatar\\\/ae2f4d718e6c49043e314ce431e7e645d646302a24a5ef5a8bc8e3f5a032e319?s=96&d=mm&r=g\",\"caption\":\"admin\"},\"sameAs\":[\"https:\\\/\\\/www.organisator.ch\"],\"url\":\"https:\\\/\\\/www.organisator.ch\\\/fr\\\/author\\\/admin\\\/\"}]}<\/script>\n<!-- \/ Yoast SEO plugin. -->","yoast_head_json":{"title":"La population suisse fait confiance \u00e0 la science - Organisateur","description":"La population suisse a une attitude positive envers la science et la recherche : Elle fait largement confiance aux d\u00e9clarations des scientifiques et s'int\u00e9resse beaucoup aux th\u00e8mes scientifiques.","robots":{"index":"index","follow":"follow","max-snippet":"max-snippet:-1","max-image-preview":"max-image-preview:large","max-video-preview":"max-video-preview:-1"},"canonical":"https:\/\/www.organisator.ch\/fr\/general\/2016-09-22\/schweizer-bevoelkerung-vertraut-der-wissenschaft\/","og_locale":"fr_FR","og_type":"article","og_title":"Schweizer Bev\u00f6lkerung vertraut der Wissenschaft - Organisator","og_description":"Die Schweizer Bev\u00f6lkerung steht Wissenschaft und Forschung positiv gegen\u00fcber: Sie vertraut den Aussagen von Wissenschaftlerinnen und Wissenschaftlern in hohem Masse und interessiert sich sehr f\u00fcr wissenschaftliche Themen","og_url":"https:\/\/www.organisator.ch\/fr\/general\/2016-09-22\/schweizer-bevoelkerung-vertraut-der-wissenschaft\/","og_site_name":"Organisator","article_publisher":"https:\/\/www.facebook.com\/OrganisatorFachmagazin","article_published_time":"2016-09-22T14:18:24+00:00","og_image":[{"width":999,"height":671,"url":"https:\/\/www.organisator.ch\/wp-content\/uploads\/2016\/12\/Schweizer-Bevoelkerung-vertraut-der-Wissenschaft-umweltperspektiven.jpg","type":"image\/jpeg"}],"author":"admin","twitter_card":"summary_large_image","schema":{"@context":"https:\/\/schema.org","@graph":[{"@type":"Article","@id":"https:\/\/www.organisator.ch\/en\/general\/2016-09-22\/schweizer-bevoelkerung-vertraut-der-wissenschaft\/#article","isPartOf":{"@id":"https:\/\/www.organisator.ch\/en\/general\/2016-09-22\/schweizer-bevoelkerung-vertraut-der-wissenschaft\/"},"author":{"name":"admin","@id":"https:\/\/www.organisator.ch\/#\/schema\/person\/aa2bace6c5c5aad60102004a50c4eb1c"},"headline":"Schweizer Bev\u00f6lkerung vertraut der Wissenschaft","datePublished":"2016-09-22T14:18:24+00:00","mainEntityOfPage":{"@id":"https:\/\/www.organisator.ch\/en\/general\/2016-09-22\/schweizer-bevoelkerung-vertraut-der-wissenschaft\/"},"wordCount":578,"commentCount":0,"publisher":{"@id":"https:\/\/www.organisator.ch\/#organization"},"image":{"@id":"https:\/\/www.organisator.ch\/en\/general\/2016-09-22\/schweizer-bevoelkerung-vertraut-der-wissenschaft\/#primaryimage"},"thumbnailUrl":"https:\/\/www.organisator.ch\/wp-content\/uploads\/2016\/12\/Schweizer-Bevoelkerung-vertraut-der-Wissenschaft-umweltperspektiven.jpg","keywords":["Bev\u00f6lkerung","Umfrage","Universit\u00e4t Z\u00fcrich","Wissenschaft"],"articleSection":["Allgemein"],"inLanguage":"fr-FR"},{"@type":"WebPage","@id":"https:\/\/www.organisator.ch\/en\/general\/2016-09-22\/schweizer-bevoelkerung-vertraut-der-wissenschaft\/","url":"https:\/\/www.organisator.ch\/en\/general\/2016-09-22\/schweizer-bevoelkerung-vertraut-der-wissenschaft\/","name":"La population suisse fait confiance \u00e0 la science - Organisateur","isPartOf":{"@id":"https:\/\/www.organisator.ch\/#website"},"primaryImageOfPage":{"@id":"https:\/\/www.organisator.ch\/en\/general\/2016-09-22\/schweizer-bevoelkerung-vertraut-der-wissenschaft\/#primaryimage"},"image":{"@id":"https:\/\/www.organisator.ch\/en\/general\/2016-09-22\/schweizer-bevoelkerung-vertraut-der-wissenschaft\/#primaryimage"},"thumbnailUrl":"https:\/\/www.organisator.ch\/wp-content\/uploads\/2016\/12\/Schweizer-Bevoelkerung-vertraut-der-Wissenschaft-umweltperspektiven.jpg","datePublished":"2016-09-22T14:18:24+00:00","description":"La population suisse a une attitude positive envers la science et la recherche : Elle fait largement confiance aux d\u00e9clarations des scientifiques et s'int\u00e9resse beaucoup aux th\u00e8mes scientifiques.","breadcrumb":{"@id":"https:\/\/www.organisator.ch\/en\/general\/2016-09-22\/schweizer-bevoelkerung-vertraut-der-wissenschaft\/#breadcrumb"},"inLanguage":"fr-FR","potentialAction":[{"@type":"ReadAction","target":["https:\/\/www.organisator.ch\/en\/general\/2016-09-22\/schweizer-bevoelkerung-vertraut-der-wissenschaft\/"]}]},{"@type":"ImageObject","inLanguage":"fr-FR","@id":"https:\/\/www.organisator.ch\/en\/general\/2016-09-22\/schweizer-bevoelkerung-vertraut-der-wissenschaft\/#primaryimage","url":"https:\/\/www.organisator.ch\/wp-content\/uploads\/2016\/12\/Schweizer-Bevoelkerung-vertraut-der-Wissenschaft-umweltperspektiven.jpg","contentUrl":"https:\/\/www.organisator.ch\/wp-content\/uploads\/2016\/12\/Schweizer-Bevoelkerung-vertraut-der-Wissenschaft-umweltperspektiven.jpg","width":999,"height":671,"caption":"Die Wissenschaft geniesst in der Schweiz ein hohes Ansehen."},{"@type":"BreadcrumbList","@id":"https:\/\/www.organisator.ch\/en\/general\/2016-09-22\/schweizer-bevoelkerung-vertraut-der-wissenschaft\/#breadcrumb","itemListElement":[{"@type":"ListItem","position":1,"name":"Home","item":"https:\/\/www.organisator.ch\/"},{"@type":"ListItem","position":2,"name":"Schweizer Bev\u00f6lkerung vertraut der Wissenschaft"}]},{"@type":"WebSite","@id":"https:\/\/www.organisator.ch\/#website","url":"https:\/\/www.organisator.ch\/","name":"Organisateur","description":"Comp\u00e9tence et comp\u00e9tence. Proches de la pratique. L'ORGANISATEUR pr\u00e9pare 10 num\u00e9ros par an sur les th\u00e8mes essentiels pour les dirigeants de PME.","publisher":{"@id":"https:\/\/www.organisator.ch\/#organization"},"potentialAction":[{"@type":"SearchAction","target":{"@type":"EntryPoint","urlTemplate":"https:\/\/www.organisator.ch\/?s={search_term_string}"},"query-input":{"@type":"PropertyValueSpecification","valueRequired":true,"valueName":"search_term_string"}}],"inLanguage":"fr-FR"},{"@type":"Organization","@id":"https:\/\/www.organisator.ch\/#organization","name":"Organisateur","url":"https:\/\/www.organisator.ch\/","logo":{"@type":"ImageObject","inLanguage":"fr-FR","@id":"https:\/\/www.organisator.ch\/#\/schema\/logo\/image\/","url":"https:\/\/www.organisator.ch\/wp-content\/uploads\/2022\/01\/Logo_Organisator_Website.png","contentUrl":"https:\/\/www.organisator.ch\/wp-content\/uploads\/2022\/01\/Logo_Organisator_Website.png","width":800,"height":77,"caption":"Organisator"},"image":{"@id":"https:\/\/www.organisator.ch\/#\/schema\/logo\/image\/"},"sameAs":["https:\/\/www.facebook.com\/OrganisatorFachmagazin","https:\/\/www.linkedin.com\/showcase\/organisator-das-magazin-fr-kmu","https:\/\/www.xing.com\/news\/pages\/organisator-ch-695","https:\/\/www.youtube.com\/channel\/UCGP2Sq0iWaZwT3BdIAQFYpw"]},{"@type":"Person","@id":"https:\/\/www.organisator.ch\/#\/schema\/person\/aa2bace6c5c5aad60102004a50c4eb1c","name":"admin","image":{"@type":"ImageObject","inLanguage":"fr-FR","@id":"https:\/\/secure.gravatar.com\/avatar\/ae2f4d718e6c49043e314ce431e7e645d646302a24a5ef5a8bc8e3f5a032e319?s=96&d=mm&r=g","url":"https:\/\/secure.gravatar.com\/avatar\/ae2f4d718e6c49043e314ce431e7e645d646302a24a5ef5a8bc8e3f5a032e319?s=96&d=mm&r=g","contentUrl":"https:\/\/secure.gravatar.com\/avatar\/ae2f4d718e6c49043e314ce431e7e645d646302a24a5ef5a8bc8e3f5a032e319?s=96&d=mm&r=g","caption":"admin"},"sameAs":["https:\/\/www.organisator.ch"],"url":"https:\/\/www.organisator.ch\/fr\/author\/admin\/"}]}},"_links":{"self":[{"href":"https:\/\/www.organisator.ch\/fr\/wp-json\/wp\/v2\/posts\/9966","targetHints":{"allow":["GET"]}}],"collection":[{"href":"https:\/\/www.organisator.ch\/fr\/wp-json\/wp\/v2\/posts"}],"about":[{"href":"https:\/\/www.organisator.ch\/fr\/wp-json\/wp\/v2\/types\/post"}],"author":[{"embeddable":true,"href":"https:\/\/www.organisator.ch\/fr\/wp-json\/wp\/v2\/users\/1"}],"replies":[{"embeddable":true,"href":"https:\/\/www.organisator.ch\/fr\/wp-json\/wp\/v2\/comments?post=9966"}],"version-history":[{"count":0,"href":"https:\/\/www.organisator.ch\/fr\/wp-json\/wp\/v2\/posts\/9966\/revisions"}],"wp:featuredmedia":[{"embeddable":true,"href":"https:\/\/www.organisator.ch\/fr\/wp-json\/wp\/v2\/media\/9421"}],"wp:attachment":[{"href":"https:\/\/www.organisator.ch\/fr\/wp-json\/wp\/v2\/media?parent=9966"}],"wp:term":[{"taxonomy":"category","embeddable":true,"href":"https:\/\/www.organisator.ch\/fr\/wp-json\/wp\/v2\/categories?post=9966"},{"taxonomy":"post_tag","embeddable":true,"href":"https:\/\/www.organisator.ch\/fr\/wp-json\/wp\/v2\/tags?post=9966"}],"curies":[{"name":"wp","href":"https:\/\/api.w.org\/{rel}","templated":true}]}}