{"id":9971,"date":"2016-10-06T16:25:27","date_gmt":"2016-10-06T14:25:27","guid":{"rendered":"https:\/\/dev.umweltperspektiven.ch\/?p=555"},"modified":"2022-02-09T11:06:57","modified_gmt":"2022-02-09T10:06:57","slug":"pariser-klimaabkommen-tritt-definitiv-in-kraft","status":"publish","type":"post","link":"https:\/\/www.organisator.ch\/fr\/sustainability\/2016-10-06\/pariser-klimaabkommen-tritt-definitiv-in-kraft\/","title":{"rendered":"L'accord de Paris sur le climat entre d\u00e9finitivement en vigueur"},"content":{"rendered":"<figure id=\"attachment_556\" aria-describedby=\"caption-attachment-556\" style=\"width: 680px\" class=\"wp-caption alignnone\"><a href=\"\/\/dev.umweltperspektiven.ch\/wp-content\/uploads\/2016\/12\/Pariser-Klimaabkommen-tritt-definitiv-in-Kraft-umweltperspektiven.jpg\"><img loading=\"lazy\" decoding=\"async\" class=\"wp-image-556 size-medium\" src=\"\/\/www.umweltperspektiven.ch\/wp-content\/uploads\/2016\/12\/Pariser-Klimaabkommen-tritt-definitiv-in-Kraft-umweltperspektiven.jpg\" alt=\"Un moment historique : le premier accord mondial sur le climat entre en vigueur.\" width=\"680\" height=\"455\" srcset=\"https:\/\/www.organisator.ch\/wp-content\/uploads\/2016\/12\/Pariser-Klimaabkommen-tritt-definitiv-in-Kraft-umweltperspektiven.jpg 999w, https:\/\/www.organisator.ch\/wp-content\/uploads\/2016\/12\/Pariser-Klimaabkommen-tritt-definitiv-in-Kraft-umweltperspektiven-680x455.jpg 680w, https:\/\/www.organisator.ch\/wp-content\/uploads\/2016\/12\/Pariser-Klimaabkommen-tritt-definitiv-in-Kraft-umweltperspektiven-768x514.jpg 768w, https:\/\/www.organisator.ch\/wp-content\/uploads\/2016\/12\/Pariser-Klimaabkommen-tritt-definitiv-in-Kraft-umweltperspektiven-18x12.jpg 18w, https:\/\/www.organisator.ch\/wp-content\/uploads\/2016\/12\/Pariser-Klimaabkommen-tritt-definitiv-in-Kraft-umweltperspektiven-261x175.jpg 261w, https:\/\/www.organisator.ch\/wp-content\/uploads\/2016\/12\/Pariser-Klimaabkommen-tritt-definitiv-in-Kraft-umweltperspektiven-523x350.jpg 523w, https:\/\/www.organisator.ch\/wp-content\/uploads\/2016\/12\/Pariser-Klimaabkommen-tritt-definitiv-in-Kraft-umweltperspektiven-920x616.jpg 920w, https:\/\/www.organisator.ch\/wp-content\/uploads\/2016\/12\/Pariser-Klimaabkommen-tritt-definitiv-in-Kraft-umweltperspektiven-300x201.jpg 300w\" sizes=\"auto, (max-width: 680px) 100vw, 680px\" \/><\/a><figcaption id=\"caption-attachment-556\" class=\"wp-caption-text\">Un moment historique : le premier accord mondial sur le climat entre en vigueur.<\/figcaption><\/figure>\n<p>Un moment historique pour la protection du climat : l'accord de Paris sur le climat entrera d\u00e9finitivement en vigueur le 5 novembre 2016.<\/p>\n<p>Ceci apr\u00e8s que l'UE et dix pays aient ratifi\u00e9 l'accord le 5 octobre. Le seuil d\u00e9fini de 55 pays \u00e9mettant un total de 55% est ainsi d\u00e9pass\u00e9 ; 30 jours plus tard, l'accord entre officiellement en vigueur. Il ne sera toutefois contraignant qu'\u00e0 partir de 2020.<\/p>\n<p>Les nouveaux pays sont l'Allemagne, l'Autriche, le Canada, la France, la Hongrie, la Bolivie, Malte, le N\u00e9pal, le Portugal et la Slovaquie. Au total, 74 pays sont d\u00e9sormais concern\u00e9s, dont les deux plus gros pollueurs climatiques, les Etats-Unis et la Chine.<\/p>\n<p>Les pays s'engagent ainsi d\u00e9sormais \u00e0 stopper la hausse des temp\u00e9ratures mondiales.<\/p>\n<p><strong>Suisse : ratification au plus t\u00f4t en \u00e9t\u00e9 2017<\/strong><\/p>\n<p>Le Conseil f\u00e9d\u00e9ral suisse a certes approuv\u00e9 l'accord et l'a sign\u00e9 le 22 avril 2016. Il appartient d\u00e9sormais au Parlement de le ratifier - mais cela ne devrait pas \u00eatre le cas avant la session d'\u00e9t\u00e9 2017.<\/p>\n<p>La Suisse ne pourra donc probablement pas participer aux n\u00e9gociations sur les mises en \u0153uvre qui auront lieu lors de la conf\u00e9rence des Nations Unies sur le climat \u00e0 Marrakech en novembre de cette ann\u00e9e.<\/p>","protected":false},"excerpt":{"rendered":"<p>Ein historischer Moment f\u00fcr den Klimaschutz:\u00a0Das Pariser Klimaabkommen tritt per 5. Novemeber 2016 definitiv in Kraft. Dies, nachdem die EU und zehn L\u00e4nder am 5. Oktober das Abkommen ratifiziert haben. Damit ist nun die definierte Schwelle von 55 L\u00e4ndern, die insgesamt 55% der Emissionen ausstossen \u00fcberschritten; 30 Tage sp\u00e4ter tritt das Abkommen offiziell in Kraft. [&hellip;]<\/p>\n","protected":false},"author":1,"featured_media":556,"comment_status":"open","ping_status":"open","sticky":false,"template":"","format":"standard","meta":{"_acf_changed":false,"_yoast_wpseo_focuskw":"Pariser Klimaabkommen","_yoast_wpseo_metadesc":"Die vereinbarte Schwelle ist erreicht, das Pariser Klimaabkommen tritt definitiv in Kraft.","articlekey":"","footnotes":""},"categories":[580],"tags":[596,1885,1979],"class_list":["post-9971","post","type-post","status-publish","format-standard","has-post-thumbnail","hentry","category-sustainability","tag-klima","tag-pariser-klimaabkommen","tag-ratifizierung"],"acf":[],"yoast_head":"<!-- This site is optimized with the Yoast SEO plugin v27.4 - https:\/\/yoast.com\/product\/yoast-seo-wordpress\/ -->\n<title>Pariser Klimaabkommen tritt definitiv in Kraft - Organisator<\/title>\n<meta name=\"description\" content=\"Die vereinbarte Schwelle ist erreicht, das Pariser Klimaabkommen tritt definitiv in Kraft.\" \/>\n<meta name=\"robots\" content=\"index, follow, max-snippet:-1, max-image-preview:large, max-video-preview:-1\" \/>\n<link rel=\"canonical\" href=\"https:\/\/www.organisator.ch\/fr\/sustainability\/2016-10-06\/pariser-klimaabkommen-tritt-definitiv-in-kraft\/\" \/>\n<meta property=\"og:locale\" content=\"fr_FR\" \/>\n<meta property=\"og:type\" content=\"article\" \/>\n<meta property=\"og:title\" content=\"Pariser Klimaabkommen tritt definitiv in Kraft - Organisator\" \/>\n<meta property=\"og:description\" content=\"Die vereinbarte Schwelle ist erreicht, das Pariser Klimaabkommen tritt definitiv in Kraft.\" \/>\n<meta property=\"og:url\" content=\"https:\/\/www.organisator.ch\/fr\/sustainability\/2016-10-06\/pariser-klimaabkommen-tritt-definitiv-in-kraft\/\" \/>\n<meta property=\"og:site_name\" content=\"Organisator\" \/>\n<meta property=\"article:publisher\" content=\"https:\/\/www.facebook.com\/OrganisatorFachmagazin\" \/>\n<meta property=\"article:published_time\" content=\"2016-10-06T14:25:27+00:00\" \/>\n<meta property=\"article:modified_time\" content=\"2022-02-09T10:06:57+00:00\" \/>\n<meta property=\"og:image\" content=\"https:\/\/www.organisator.ch\/wp-content\/uploads\/2016\/12\/Pariser-Klimaabkommen-tritt-definitiv-in-Kraft-umweltperspektiven.jpg\" \/>\n\t<meta property=\"og:image:width\" content=\"999\" \/>\n\t<meta property=\"og:image:height\" content=\"669\" \/>\n\t<meta property=\"og:image:type\" content=\"image\/jpeg\" \/>\n<meta name=\"author\" content=\"admin\" \/>\n<meta name=\"twitter:card\" content=\"summary_large_image\" \/>\n<script type=\"application\/ld+json\" class=\"yoast-schema-graph\">{\"@context\":\"https:\\\/\\\/schema.org\",\"@graph\":[{\"@type\":\"Article\",\"@id\":\"https:\\\/\\\/www.organisator.ch\\\/sustainability\\\/2016-10-06\\\/pariser-klimaabkommen-tritt-definitiv-in-kraft\\\/#article\",\"isPartOf\":{\"@id\":\"https:\\\/\\\/www.organisator.ch\\\/sustainability\\\/2016-10-06\\\/pariser-klimaabkommen-tritt-definitiv-in-kraft\\\/\"},\"author\":{\"name\":\"admin\",\"@id\":\"https:\\\/\\\/www.organisator.ch\\\/#\\\/schema\\\/person\\\/aa2bace6c5c5aad60102004a50c4eb1c\"},\"headline\":\"Pariser Klimaabkommen tritt definitiv in Kraft\",\"datePublished\":\"2016-10-06T14:25:27+00:00\",\"dateModified\":\"2022-02-09T10:06:57+00:00\",\"mainEntityOfPage\":{\"@id\":\"https:\\\/\\\/www.organisator.ch\\\/sustainability\\\/2016-10-06\\\/pariser-klimaabkommen-tritt-definitiv-in-kraft\\\/\"},\"wordCount\":196,\"commentCount\":0,\"publisher\":{\"@id\":\"https:\\\/\\\/www.organisator.ch\\\/#organization\"},\"image\":{\"@id\":\"https:\\\/\\\/www.organisator.ch\\\/sustainability\\\/2016-10-06\\\/pariser-klimaabkommen-tritt-definitiv-in-kraft\\\/#primaryimage\"},\"thumbnailUrl\":\"https:\\\/\\\/www.organisator.ch\\\/wp-content\\\/uploads\\\/2016\\\/12\\\/Pariser-Klimaabkommen-tritt-definitiv-in-Kraft-umweltperspektiven.jpg\",\"keywords\":[\"KLIMA\",\"Pariser Klimaabkommen\",\"Ratifizierung\"],\"articleSection\":[\"SUSTAINABILITY\"],\"inLanguage\":\"fr-FR\"},{\"@type\":\"WebPage\",\"@id\":\"https:\\\/\\\/www.organisator.ch\\\/sustainability\\\/2016-10-06\\\/pariser-klimaabkommen-tritt-definitiv-in-kraft\\\/\",\"url\":\"https:\\\/\\\/www.organisator.ch\\\/sustainability\\\/2016-10-06\\\/pariser-klimaabkommen-tritt-definitiv-in-kraft\\\/\",\"name\":\"Pariser Klimaabkommen tritt definitiv in Kraft - Organisator\",\"isPartOf\":{\"@id\":\"https:\\\/\\\/www.organisator.ch\\\/#website\"},\"primaryImageOfPage\":{\"@id\":\"https:\\\/\\\/www.organisator.ch\\\/sustainability\\\/2016-10-06\\\/pariser-klimaabkommen-tritt-definitiv-in-kraft\\\/#primaryimage\"},\"image\":{\"@id\":\"https:\\\/\\\/www.organisator.ch\\\/sustainability\\\/2016-10-06\\\/pariser-klimaabkommen-tritt-definitiv-in-kraft\\\/#primaryimage\"},\"thumbnailUrl\":\"https:\\\/\\\/www.organisator.ch\\\/wp-content\\\/uploads\\\/2016\\\/12\\\/Pariser-Klimaabkommen-tritt-definitiv-in-Kraft-umweltperspektiven.jpg\",\"datePublished\":\"2016-10-06T14:25:27+00:00\",\"dateModified\":\"2022-02-09T10:06:57+00:00\",\"description\":\"Die vereinbarte Schwelle ist erreicht, das Pariser Klimaabkommen tritt definitiv in Kraft.\",\"breadcrumb\":{\"@id\":\"https:\\\/\\\/www.organisator.ch\\\/sustainability\\\/2016-10-06\\\/pariser-klimaabkommen-tritt-definitiv-in-kraft\\\/#breadcrumb\"},\"inLanguage\":\"fr-FR\",\"potentialAction\":[{\"@type\":\"ReadAction\",\"target\":[\"https:\\\/\\\/www.organisator.ch\\\/sustainability\\\/2016-10-06\\\/pariser-klimaabkommen-tritt-definitiv-in-kraft\\\/\"]}]},{\"@type\":\"ImageObject\",\"inLanguage\":\"fr-FR\",\"@id\":\"https:\\\/\\\/www.organisator.ch\\\/sustainability\\\/2016-10-06\\\/pariser-klimaabkommen-tritt-definitiv-in-kraft\\\/#primaryimage\",\"url\":\"https:\\\/\\\/www.organisator.ch\\\/wp-content\\\/uploads\\\/2016\\\/12\\\/Pariser-Klimaabkommen-tritt-definitiv-in-Kraft-umweltperspektiven.jpg\",\"contentUrl\":\"https:\\\/\\\/www.organisator.ch\\\/wp-content\\\/uploads\\\/2016\\\/12\\\/Pariser-Klimaabkommen-tritt-definitiv-in-Kraft-umweltperspektiven.jpg\",\"width\":999,\"height\":669,\"caption\":\"Ein historischer Moment: Das erste globale Klimaabkommen tritt in Kraft.\"},{\"@type\":\"BreadcrumbList\",\"@id\":\"https:\\\/\\\/www.organisator.ch\\\/sustainability\\\/2016-10-06\\\/pariser-klimaabkommen-tritt-definitiv-in-kraft\\\/#breadcrumb\",\"itemListElement\":[{\"@type\":\"ListItem\",\"position\":1,\"name\":\"Home\",\"item\":\"https:\\\/\\\/www.organisator.ch\\\/\"},{\"@type\":\"ListItem\",\"position\":2,\"name\":\"Pariser Klimaabkommen tritt definitiv in Kraft\"}]},{\"@type\":\"WebSite\",\"@id\":\"https:\\\/\\\/www.organisator.ch\\\/#website\",\"url\":\"https:\\\/\\\/www.organisator.ch\\\/\",\"name\":\"Organisator\",\"description\":\"Kompetent. Praxisnah. Der ORGANISATOR bereitet in 10 Ausgaben pro Jahr die wesentlichen Themen f\u00fcr F\u00fchrungskr\u00e4fte von KMU auf.\",\"publisher\":{\"@id\":\"https:\\\/\\\/www.organisator.ch\\\/#organization\"},\"potentialAction\":[{\"@type\":\"SearchAction\",\"target\":{\"@type\":\"EntryPoint\",\"urlTemplate\":\"https:\\\/\\\/www.organisator.ch\\\/?s={search_term_string}\"},\"query-input\":{\"@type\":\"PropertyValueSpecification\",\"valueRequired\":true,\"valueName\":\"search_term_string\"}}],\"inLanguage\":\"fr-FR\"},{\"@type\":\"Organization\",\"@id\":\"https:\\\/\\\/www.organisator.ch\\\/#organization\",\"name\":\"Organisator\",\"url\":\"https:\\\/\\\/www.organisator.ch\\\/\",\"logo\":{\"@type\":\"ImageObject\",\"inLanguage\":\"fr-FR\",\"@id\":\"https:\\\/\\\/www.organisator.ch\\\/#\\\/schema\\\/logo\\\/image\\\/\",\"url\":\"https:\\\/\\\/www.organisator.ch\\\/wp-content\\\/uploads\\\/2022\\\/01\\\/Logo_Organisator_Website.png\",\"contentUrl\":\"https:\\\/\\\/www.organisator.ch\\\/wp-content\\\/uploads\\\/2022\\\/01\\\/Logo_Organisator_Website.png\",\"width\":800,\"height\":77,\"caption\":\"Organisator\"},\"image\":{\"@id\":\"https:\\\/\\\/www.organisator.ch\\\/#\\\/schema\\\/logo\\\/image\\\/\"},\"sameAs\":[\"https:\\\/\\\/www.facebook.com\\\/OrganisatorFachmagazin\",\"https:\\\/\\\/www.linkedin.com\\\/showcase\\\/organisator-das-magazin-fr-kmu\",\"https:\\\/\\\/www.xing.com\\\/news\\\/pages\\\/organisator-ch-695\",\"https:\\\/\\\/www.youtube.com\\\/channel\\\/UCGP2Sq0iWaZwT3BdIAQFYpw\"]},{\"@type\":\"Person\",\"@id\":\"https:\\\/\\\/www.organisator.ch\\\/#\\\/schema\\\/person\\\/aa2bace6c5c5aad60102004a50c4eb1c\",\"name\":\"admin\",\"image\":{\"@type\":\"ImageObject\",\"inLanguage\":\"fr-FR\",\"@id\":\"https:\\\/\\\/secure.gravatar.com\\\/avatar\\\/ae2f4d718e6c49043e314ce431e7e645d646302a24a5ef5a8bc8e3f5a032e319?s=96&d=mm&r=g\",\"url\":\"https:\\\/\\\/secure.gravatar.com\\\/avatar\\\/ae2f4d718e6c49043e314ce431e7e645d646302a24a5ef5a8bc8e3f5a032e319?s=96&d=mm&r=g\",\"contentUrl\":\"https:\\\/\\\/secure.gravatar.com\\\/avatar\\\/ae2f4d718e6c49043e314ce431e7e645d646302a24a5ef5a8bc8e3f5a032e319?s=96&d=mm&r=g\",\"caption\":\"admin\"},\"sameAs\":[\"https:\\\/\\\/www.organisator.ch\"],\"url\":\"https:\\\/\\\/www.organisator.ch\\\/fr\\\/author\\\/admin\\\/\"}]}<\/script>\n<!-- \/ Yoast SEO plugin. -->","yoast_head_json":{"title":"L'accord de Paris sur le climat entre d\u00e9finitivement en vigueur - Organisateur","description":"Le seuil convenu est atteint, l'accord de Paris sur le climat entre d\u00e9finitivement en vigueur.","robots":{"index":"index","follow":"follow","max-snippet":"max-snippet:-1","max-image-preview":"max-image-preview:large","max-video-preview":"max-video-preview:-1"},"canonical":"https:\/\/www.organisator.ch\/fr\/sustainability\/2016-10-06\/pariser-klimaabkommen-tritt-definitiv-in-kraft\/","og_locale":"fr_FR","og_type":"article","og_title":"Pariser Klimaabkommen tritt definitiv in Kraft - Organisator","og_description":"Die vereinbarte Schwelle ist erreicht, das Pariser Klimaabkommen tritt definitiv in Kraft.","og_url":"https:\/\/www.organisator.ch\/fr\/sustainability\/2016-10-06\/pariser-klimaabkommen-tritt-definitiv-in-kraft\/","og_site_name":"Organisator","article_publisher":"https:\/\/www.facebook.com\/OrganisatorFachmagazin","article_published_time":"2016-10-06T14:25:27+00:00","article_modified_time":"2022-02-09T10:06:57+00:00","og_image":[{"width":999,"height":669,"url":"https:\/\/www.organisator.ch\/wp-content\/uploads\/2016\/12\/Pariser-Klimaabkommen-tritt-definitiv-in-Kraft-umweltperspektiven.jpg","type":"image\/jpeg"}],"author":"admin","twitter_card":"summary_large_image","schema":{"@context":"https:\/\/schema.org","@graph":[{"@type":"Article","@id":"https:\/\/www.organisator.ch\/sustainability\/2016-10-06\/pariser-klimaabkommen-tritt-definitiv-in-kraft\/#article","isPartOf":{"@id":"https:\/\/www.organisator.ch\/sustainability\/2016-10-06\/pariser-klimaabkommen-tritt-definitiv-in-kraft\/"},"author":{"name":"admin","@id":"https:\/\/www.organisator.ch\/#\/schema\/person\/aa2bace6c5c5aad60102004a50c4eb1c"},"headline":"Pariser Klimaabkommen tritt definitiv in Kraft","datePublished":"2016-10-06T14:25:27+00:00","dateModified":"2022-02-09T10:06:57+00:00","mainEntityOfPage":{"@id":"https:\/\/www.organisator.ch\/sustainability\/2016-10-06\/pariser-klimaabkommen-tritt-definitiv-in-kraft\/"},"wordCount":196,"commentCount":0,"publisher":{"@id":"https:\/\/www.organisator.ch\/#organization"},"image":{"@id":"https:\/\/www.organisator.ch\/sustainability\/2016-10-06\/pariser-klimaabkommen-tritt-definitiv-in-kraft\/#primaryimage"},"thumbnailUrl":"https:\/\/www.organisator.ch\/wp-content\/uploads\/2016\/12\/Pariser-Klimaabkommen-tritt-definitiv-in-Kraft-umweltperspektiven.jpg","keywords":["KLIMA","Pariser Klimaabkommen","Ratifizierung"],"articleSection":["SUSTAINABILITY"],"inLanguage":"fr-FR"},{"@type":"WebPage","@id":"https:\/\/www.organisator.ch\/sustainability\/2016-10-06\/pariser-klimaabkommen-tritt-definitiv-in-kraft\/","url":"https:\/\/www.organisator.ch\/sustainability\/2016-10-06\/pariser-klimaabkommen-tritt-definitiv-in-kraft\/","name":"L'accord de Paris sur le climat entre d\u00e9finitivement en vigueur - Organisateur","isPartOf":{"@id":"https:\/\/www.organisator.ch\/#website"},"primaryImageOfPage":{"@id":"https:\/\/www.organisator.ch\/sustainability\/2016-10-06\/pariser-klimaabkommen-tritt-definitiv-in-kraft\/#primaryimage"},"image":{"@id":"https:\/\/www.organisator.ch\/sustainability\/2016-10-06\/pariser-klimaabkommen-tritt-definitiv-in-kraft\/#primaryimage"},"thumbnailUrl":"https:\/\/www.organisator.ch\/wp-content\/uploads\/2016\/12\/Pariser-Klimaabkommen-tritt-definitiv-in-Kraft-umweltperspektiven.jpg","datePublished":"2016-10-06T14:25:27+00:00","dateModified":"2022-02-09T10:06:57+00:00","description":"Le seuil convenu est atteint, l'accord de Paris sur le climat entre d\u00e9finitivement en vigueur.","breadcrumb":{"@id":"https:\/\/www.organisator.ch\/sustainability\/2016-10-06\/pariser-klimaabkommen-tritt-definitiv-in-kraft\/#breadcrumb"},"inLanguage":"fr-FR","potentialAction":[{"@type":"ReadAction","target":["https:\/\/www.organisator.ch\/sustainability\/2016-10-06\/pariser-klimaabkommen-tritt-definitiv-in-kraft\/"]}]},{"@type":"ImageObject","inLanguage":"fr-FR","@id":"https:\/\/www.organisator.ch\/sustainability\/2016-10-06\/pariser-klimaabkommen-tritt-definitiv-in-kraft\/#primaryimage","url":"https:\/\/www.organisator.ch\/wp-content\/uploads\/2016\/12\/Pariser-Klimaabkommen-tritt-definitiv-in-Kraft-umweltperspektiven.jpg","contentUrl":"https:\/\/www.organisator.ch\/wp-content\/uploads\/2016\/12\/Pariser-Klimaabkommen-tritt-definitiv-in-Kraft-umweltperspektiven.jpg","width":999,"height":669,"caption":"Ein historischer Moment: Das erste globale Klimaabkommen tritt in Kraft."},{"@type":"BreadcrumbList","@id":"https:\/\/www.organisator.ch\/sustainability\/2016-10-06\/pariser-klimaabkommen-tritt-definitiv-in-kraft\/#breadcrumb","itemListElement":[{"@type":"ListItem","position":1,"name":"Home","item":"https:\/\/www.organisator.ch\/"},{"@type":"ListItem","position":2,"name":"Pariser Klimaabkommen tritt definitiv in Kraft"}]},{"@type":"WebSite","@id":"https:\/\/www.organisator.ch\/#website","url":"https:\/\/www.organisator.ch\/","name":"Organisateur","description":"Comp\u00e9tence et comp\u00e9tence. Proches de la pratique. L'ORGANISATEUR pr\u00e9pare 10 num\u00e9ros par an sur les th\u00e8mes essentiels pour les dirigeants de PME.","publisher":{"@id":"https:\/\/www.organisator.ch\/#organization"},"potentialAction":[{"@type":"SearchAction","target":{"@type":"EntryPoint","urlTemplate":"https:\/\/www.organisator.ch\/?s={search_term_string}"},"query-input":{"@type":"PropertyValueSpecification","valueRequired":true,"valueName":"search_term_string"}}],"inLanguage":"fr-FR"},{"@type":"Organization","@id":"https:\/\/www.organisator.ch\/#organization","name":"Organisateur","url":"https:\/\/www.organisator.ch\/","logo":{"@type":"ImageObject","inLanguage":"fr-FR","@id":"https:\/\/www.organisator.ch\/#\/schema\/logo\/image\/","url":"https:\/\/www.organisator.ch\/wp-content\/uploads\/2022\/01\/Logo_Organisator_Website.png","contentUrl":"https:\/\/www.organisator.ch\/wp-content\/uploads\/2022\/01\/Logo_Organisator_Website.png","width":800,"height":77,"caption":"Organisator"},"image":{"@id":"https:\/\/www.organisator.ch\/#\/schema\/logo\/image\/"},"sameAs":["https:\/\/www.facebook.com\/OrganisatorFachmagazin","https:\/\/www.linkedin.com\/showcase\/organisator-das-magazin-fr-kmu","https:\/\/www.xing.com\/news\/pages\/organisator-ch-695","https:\/\/www.youtube.com\/channel\/UCGP2Sq0iWaZwT3BdIAQFYpw"]},{"@type":"Person","@id":"https:\/\/www.organisator.ch\/#\/schema\/person\/aa2bace6c5c5aad60102004a50c4eb1c","name":"admin","image":{"@type":"ImageObject","inLanguage":"fr-FR","@id":"https:\/\/secure.gravatar.com\/avatar\/ae2f4d718e6c49043e314ce431e7e645d646302a24a5ef5a8bc8e3f5a032e319?s=96&d=mm&r=g","url":"https:\/\/secure.gravatar.com\/avatar\/ae2f4d718e6c49043e314ce431e7e645d646302a24a5ef5a8bc8e3f5a032e319?s=96&d=mm&r=g","contentUrl":"https:\/\/secure.gravatar.com\/avatar\/ae2f4d718e6c49043e314ce431e7e645d646302a24a5ef5a8bc8e3f5a032e319?s=96&d=mm&r=g","caption":"admin"},"sameAs":["https:\/\/www.organisator.ch"],"url":"https:\/\/www.organisator.ch\/fr\/author\/admin\/"}]}},"_links":{"self":[{"href":"https:\/\/www.organisator.ch\/fr\/wp-json\/wp\/v2\/posts\/9971","targetHints":{"allow":["GET"]}}],"collection":[{"href":"https:\/\/www.organisator.ch\/fr\/wp-json\/wp\/v2\/posts"}],"about":[{"href":"https:\/\/www.organisator.ch\/fr\/wp-json\/wp\/v2\/types\/post"}],"author":[{"embeddable":true,"href":"https:\/\/www.organisator.ch\/fr\/wp-json\/wp\/v2\/users\/1"}],"replies":[{"embeddable":true,"href":"https:\/\/www.organisator.ch\/fr\/wp-json\/wp\/v2\/comments?post=9971"}],"version-history":[{"count":1,"href":"https:\/\/www.organisator.ch\/fr\/wp-json\/wp\/v2\/posts\/9971\/revisions"}],"predecessor-version":[{"id":10745,"href":"https:\/\/www.organisator.ch\/fr\/wp-json\/wp\/v2\/posts\/9971\/revisions\/10745"}],"wp:featuredmedia":[{"embeddable":true,"href":"https:\/\/www.organisator.ch\/fr\/wp-json\/wp\/v2\/media\/556"}],"wp:attachment":[{"href":"https:\/\/www.organisator.ch\/fr\/wp-json\/wp\/v2\/media?parent=9971"}],"wp:term":[{"taxonomy":"category","embeddable":true,"href":"https:\/\/www.organisator.ch\/fr\/wp-json\/wp\/v2\/categories?post=9971"},{"taxonomy":"post_tag","embeddable":true,"href":"https:\/\/www.organisator.ch\/fr\/wp-json\/wp\/v2\/tags?post=9971"}],"curies":[{"name":"wp","href":"https:\/\/api.w.org\/{rel}","templated":true}]}}