{"id":9973,"date":"2016-11-10T16:31:47","date_gmt":"2016-11-10T15:31:47","guid":{"rendered":"https:\/\/dev.umweltperspektiven.ch\/?p=567"},"modified":"2022-02-09T11:06:22","modified_gmt":"2022-02-09T10:06:22","slug":"globi-holt-den-zurich-klimapreis-2016","status":"publish","type":"post","link":"https:\/\/www.organisator.ch\/fr\/sustainability\/2016-11-10\/globi-holt-den-zurich-klimapreis-2016\/","title":{"rendered":"Globi remporte le Prix climatique Zurich 2016"},"content":{"rendered":"<figure id=\"attachment_568\" aria-describedby=\"caption-attachment-568\" style=\"width: 680px\" class=\"wp-caption alignnone\"><a href=\"\/\/dev.umweltperspektiven.ch\/wp-content\/uploads\/2016\/12\/Globi-holt-den-Zurich-Klimapreis-2016-umweltperspektiven.jpg\"><img loading=\"lazy\" decoding=\"async\" class=\"size-medium wp-image-568\" src=\"\/\/dev.umweltperspektiven.ch\/wp-content\/uploads\/2016\/12\/Globi-holt-den-Zurich-Klimapreis-2016-umweltperspektiven.jpg\" alt=\"Les grands gagnants du Prix climatique Zurich\" width=\"680\" height=\"453\" srcset=\"https:\/\/www.organisator.ch\/wp-content\/uploads\/2016\/12\/Globi-holt-den-Zurich-Klimapreis-2016-umweltperspektiven.jpg 900w, https:\/\/www.organisator.ch\/wp-content\/uploads\/2016\/12\/Globi-holt-den-Zurich-Klimapreis-2016-umweltperspektiven-680x453.jpg 680w, https:\/\/www.organisator.ch\/wp-content\/uploads\/2016\/12\/Globi-holt-den-Zurich-Klimapreis-2016-umweltperspektiven-768x512.jpg 768w, https:\/\/www.organisator.ch\/wp-content\/uploads\/2016\/12\/Globi-holt-den-Zurich-Klimapreis-2016-umweltperspektiven-18x12.jpg 18w, https:\/\/www.organisator.ch\/wp-content\/uploads\/2016\/12\/Globi-holt-den-Zurich-Klimapreis-2016-umweltperspektiven-263x175.jpg 263w, https:\/\/www.organisator.ch\/wp-content\/uploads\/2016\/12\/Globi-holt-den-Zurich-Klimapreis-2016-umweltperspektiven-525x350.jpg 525w, https:\/\/www.organisator.ch\/wp-content\/uploads\/2016\/12\/Globi-holt-den-Zurich-Klimapreis-2016-umweltperspektiven-300x200.jpg 300w\" sizes=\"auto, (max-width: 680px) 100vw, 680px\" \/><\/a><figcaption id=\"caption-attachment-568\" class=\"wp-caption-text\">Les grands gagnants du Prix climatique Zurich<\/figcaption><\/figure>\n<p>L'Energietal Toggenburg et ses 12 communes ont de grands projets : d'ici 2034, l'\u00e9nergie consomm\u00e9e dans la vall\u00e9e sera produite \u00e0 partir de sources renouvelables. L'association de promotion Energietal Toggenburg travaille d\u00e9j\u00e0 activement dans ce sens. Avec le projet \"Nach-haltige Energiebildung\" (NEB), elle a introduit dans les \u00e9coles de Wattwil Krinau et Mosnang une formation \u00e9nerg\u00e9tique pratique pour la prochaine g\u00e9n\u00e9ration.<\/p>\n<p>Dans son dernier livre \"Globi et l'\u00e9nergie\", Globi apprend aux enfants pourquoi le climat change et ce qu'ils peuvent faire pour y rem\u00e9dier. L'id\u00e9e du livre de Globi vient de l'association de soutien elle-m\u00eame, qui a \u00e9galement particip\u00e9 \u00e0 la mise en \u0153uvre du contenu. La deuxi\u00e8me pierre angulaire du projet NEB est la visite des lieux dits \"\u00e9nerg\u00e9tiques\". Les enfants apprennent tout sur l'\u00e9nergie durable \u00e0 la cascade de Steintal ou \u00e0 la centrale fluviale de Dreien pr\u00e8s de Mosnang. \"Nous cr\u00e9ons ainsi chez les enfants et les adolescents la base d'une action responsable et donc de la r\u00e9alisation de notre vision d'une vall\u00e9e autosuffisante en \u00e9nergie\", explique Thomas Grob, pr\u00e9sident de l'association de promotion. Gr\u00e2ce \u00e0 ce projet, Energietal Toggenburg a bien m\u00e9rit\u00e9 la somme de 50 000 CHF qui lui a \u00e9t\u00e9 attribu\u00e9e pour le prix principal du Prix climatique Zurich 2016.<\/p>\n<p>Joachim Masur, CEO de Zurich Suisse : \"C'est un exemple de la mani\u00e8re sympathique dont Globi permet d'ancrer le savoir et de le relier dans la pratique \u00e0 des exemples tir\u00e9s de la nature. Nous f\u00e9licitons chaleureusement l'association de promotion du Toggenburg et la commune scolaire de Wattwil Krinau pour cette performance\".<\/p>\n<p><strong>Prix sp\u00e9cial start-up : plus c'est coud\u00e9, mieux c'est<\/strong><br \/>\nLa start-up \"Zum guten Heinrich\" utilise ce que l'on ne trouve pas sur les tables des supermarch\u00e9s : des fruits et des l\u00e9gumes tordus. Les jeunes entrepreneurs s'en servent pour cr\u00e9er des menus de restauration v\u00e9g\u00e9tariens et v\u00e9g\u00e9taliens pour des \u00e9v\u00e9nements d'entreprise ou priv\u00e9s dans la r\u00e9gion de Zurich. \"Nous contribuons ainsi \u00e0 la r\u00e9duction du gaspillage des ressources et montrons aux gens que les aliments non conformes sont irr\u00e9prochables et savoureux\", explique Lukas B\u00fchler, cofondateur de la start-up. Avec son id\u00e9e \"No Waste\", le jury a r\u00e9compens\u00e9 \"Zum guten Heinrich\" en lui attribuant le prix sp\u00e9cial pour les start-ups, dot\u00e9 de 25 000 CHF.<\/p>","protected":false},"excerpt":{"rendered":"<p>Das Energietal Toggenburg und seine 12 Gemeinden planen Grosses: Bis 2034 wird die im Tal verbrauchte Energie selber aus erneuerbaren Quellen produziert. Bereits heute ar-beitet der F\u00f6rderverein Energietal Toggenburg aktiv darauf hin. Mit dem Projekt \u00abNach-haltige Energiebildung\u00bb (NEB) hat er in den Schulen in Wattwil Krinau und Mosnang eine praxisnahe Energiebildung f\u00fcr die n\u00e4chste Generation [&hellip;]<\/p>\n","protected":false},"author":1,"featured_media":568,"comment_status":"open","ping_status":"open","sticky":false,"template":"","format":"standard","meta":{"_acf_changed":false,"_yoast_wpseo_focuskw":"Globi","_yoast_wpseo_metadesc":"\u00abGlobi und die Energie\u00bb will Kindern eine nachhaltige Energiebildung erm\u00f6glichen. Daf\u00fcr wurde es mit dem Zurich Klimapreis 2016 ausgezeichnet.","articlekey":"","footnotes":""},"categories":[580],"tags":[743,584,1302,596,2616],"class_list":["post-9973","post","type-post","status-publish","format-standard","has-post-thumbnail","hentry","category-sustainability","tag-auszeichnung","tag-energie","tag-globi","tag-klima","tag-zurich-klimapreis"],"acf":[],"yoast_head":"<!-- This site is optimized with the Yoast SEO plugin v27.4 - https:\/\/yoast.com\/product\/yoast-seo-wordpress\/ -->\n<title>Globi holt den Zurich Klimapreis 2016 - Organisator<\/title>\n<meta name=\"description\" content=\"\u00abGlobi und die Energie\u00bb will Kindern eine nachhaltige Energiebildung erm\u00f6glichen. Daf\u00fcr wurde es mit dem Zurich Klimapreis 2016 ausgezeichnet.\" \/>\n<meta name=\"robots\" content=\"index, follow, max-snippet:-1, max-image-preview:large, max-video-preview:-1\" \/>\n<link rel=\"canonical\" href=\"https:\/\/www.organisator.ch\/fr\/sustainability\/2016-11-10\/globi-holt-den-zurich-klimapreis-2016\/\" \/>\n<meta property=\"og:locale\" content=\"fr_FR\" \/>\n<meta property=\"og:type\" content=\"article\" \/>\n<meta property=\"og:title\" content=\"Globi holt den Zurich Klimapreis 2016 - Organisator\" \/>\n<meta property=\"og:description\" content=\"\u00abGlobi und die Energie\u00bb will Kindern eine nachhaltige Energiebildung erm\u00f6glichen. Daf\u00fcr wurde es mit dem Zurich Klimapreis 2016 ausgezeichnet.\" \/>\n<meta property=\"og:url\" content=\"https:\/\/www.organisator.ch\/fr\/sustainability\/2016-11-10\/globi-holt-den-zurich-klimapreis-2016\/\" \/>\n<meta property=\"og:site_name\" content=\"Organisator\" \/>\n<meta property=\"article:publisher\" content=\"https:\/\/www.facebook.com\/OrganisatorFachmagazin\" \/>\n<meta property=\"article:published_time\" content=\"2016-11-10T15:31:47+00:00\" \/>\n<meta property=\"article:modified_time\" content=\"2022-02-09T10:06:22+00:00\" \/>\n<meta property=\"og:image\" content=\"https:\/\/www.organisator.ch\/wp-content\/uploads\/2016\/12\/Globi-holt-den-Zurich-Klimapreis-2016-umweltperspektiven.jpg\" \/>\n\t<meta property=\"og:image:width\" content=\"900\" \/>\n\t<meta property=\"og:image:height\" content=\"600\" \/>\n\t<meta property=\"og:image:type\" content=\"image\/jpeg\" \/>\n<meta name=\"author\" content=\"admin\" \/>\n<meta name=\"twitter:card\" content=\"summary_large_image\" \/>\n<script type=\"application\/ld+json\" class=\"yoast-schema-graph\">{\"@context\":\"https:\\\/\\\/schema.org\",\"@graph\":[{\"@type\":\"Article\",\"@id\":\"https:\\\/\\\/www.organisator.ch\\\/sustainability\\\/2016-11-10\\\/globi-holt-den-zurich-klimapreis-2016\\\/#article\",\"isPartOf\":{\"@id\":\"https:\\\/\\\/www.organisator.ch\\\/sustainability\\\/2016-11-10\\\/globi-holt-den-zurich-klimapreis-2016\\\/\"},\"author\":{\"name\":\"admin\",\"@id\":\"https:\\\/\\\/www.organisator.ch\\\/#\\\/schema\\\/person\\\/aa2bace6c5c5aad60102004a50c4eb1c\"},\"headline\":\"Globi holt den Zurich Klimapreis 2016\",\"datePublished\":\"2016-11-10T15:31:47+00:00\",\"dateModified\":\"2022-02-09T10:06:22+00:00\",\"mainEntityOfPage\":{\"@id\":\"https:\\\/\\\/www.organisator.ch\\\/sustainability\\\/2016-11-10\\\/globi-holt-den-zurich-klimapreis-2016\\\/\"},\"wordCount\":344,\"commentCount\":0,\"publisher\":{\"@id\":\"https:\\\/\\\/www.organisator.ch\\\/#organization\"},\"image\":{\"@id\":\"https:\\\/\\\/www.organisator.ch\\\/sustainability\\\/2016-11-10\\\/globi-holt-den-zurich-klimapreis-2016\\\/#primaryimage\"},\"thumbnailUrl\":\"https:\\\/\\\/www.organisator.ch\\\/wp-content\\\/uploads\\\/2016\\\/12\\\/Globi-holt-den-Zurich-Klimapreis-2016-umweltperspektiven.jpg\",\"keywords\":[\"Auszeichnung\",\"ENERGIE\",\"Globi\",\"KLIMA\",\"Zurich Klimapreis\"],\"articleSection\":[\"SUSTAINABILITY\"],\"inLanguage\":\"fr-FR\"},{\"@type\":\"WebPage\",\"@id\":\"https:\\\/\\\/www.organisator.ch\\\/sustainability\\\/2016-11-10\\\/globi-holt-den-zurich-klimapreis-2016\\\/\",\"url\":\"https:\\\/\\\/www.organisator.ch\\\/sustainability\\\/2016-11-10\\\/globi-holt-den-zurich-klimapreis-2016\\\/\",\"name\":\"Globi holt den Zurich Klimapreis 2016 - Organisator\",\"isPartOf\":{\"@id\":\"https:\\\/\\\/www.organisator.ch\\\/#website\"},\"primaryImageOfPage\":{\"@id\":\"https:\\\/\\\/www.organisator.ch\\\/sustainability\\\/2016-11-10\\\/globi-holt-den-zurich-klimapreis-2016\\\/#primaryimage\"},\"image\":{\"@id\":\"https:\\\/\\\/www.organisator.ch\\\/sustainability\\\/2016-11-10\\\/globi-holt-den-zurich-klimapreis-2016\\\/#primaryimage\"},\"thumbnailUrl\":\"https:\\\/\\\/www.organisator.ch\\\/wp-content\\\/uploads\\\/2016\\\/12\\\/Globi-holt-den-Zurich-Klimapreis-2016-umweltperspektiven.jpg\",\"datePublished\":\"2016-11-10T15:31:47+00:00\",\"dateModified\":\"2022-02-09T10:06:22+00:00\",\"description\":\"\u00abGlobi und die Energie\u00bb will Kindern eine nachhaltige Energiebildung erm\u00f6glichen. Daf\u00fcr wurde es mit dem Zurich Klimapreis 2016 ausgezeichnet.\",\"breadcrumb\":{\"@id\":\"https:\\\/\\\/www.organisator.ch\\\/sustainability\\\/2016-11-10\\\/globi-holt-den-zurich-klimapreis-2016\\\/#breadcrumb\"},\"inLanguage\":\"fr-FR\",\"potentialAction\":[{\"@type\":\"ReadAction\",\"target\":[\"https:\\\/\\\/www.organisator.ch\\\/sustainability\\\/2016-11-10\\\/globi-holt-den-zurich-klimapreis-2016\\\/\"]}]},{\"@type\":\"ImageObject\",\"inLanguage\":\"fr-FR\",\"@id\":\"https:\\\/\\\/www.organisator.ch\\\/sustainability\\\/2016-11-10\\\/globi-holt-den-zurich-klimapreis-2016\\\/#primaryimage\",\"url\":\"https:\\\/\\\/www.organisator.ch\\\/wp-content\\\/uploads\\\/2016\\\/12\\\/Globi-holt-den-Zurich-Klimapreis-2016-umweltperspektiven.jpg\",\"contentUrl\":\"https:\\\/\\\/www.organisator.ch\\\/wp-content\\\/uploads\\\/2016\\\/12\\\/Globi-holt-den-Zurich-Klimapreis-2016-umweltperspektiven.jpg\",\"width\":900,\"height\":600,\"caption\":\"Die Hauptgewinner des Zurich Klimapreis\"},{\"@type\":\"BreadcrumbList\",\"@id\":\"https:\\\/\\\/www.organisator.ch\\\/sustainability\\\/2016-11-10\\\/globi-holt-den-zurich-klimapreis-2016\\\/#breadcrumb\",\"itemListElement\":[{\"@type\":\"ListItem\",\"position\":1,\"name\":\"Home\",\"item\":\"https:\\\/\\\/www.organisator.ch\\\/\"},{\"@type\":\"ListItem\",\"position\":2,\"name\":\"Globi holt den Zurich Klimapreis 2016\"}]},{\"@type\":\"WebSite\",\"@id\":\"https:\\\/\\\/www.organisator.ch\\\/#website\",\"url\":\"https:\\\/\\\/www.organisator.ch\\\/\",\"name\":\"Organisator\",\"description\":\"Kompetent. Praxisnah. Der ORGANISATOR bereitet in 10 Ausgaben pro Jahr die wesentlichen Themen f\u00fcr F\u00fchrungskr\u00e4fte von KMU auf.\",\"publisher\":{\"@id\":\"https:\\\/\\\/www.organisator.ch\\\/#organization\"},\"potentialAction\":[{\"@type\":\"SearchAction\",\"target\":{\"@type\":\"EntryPoint\",\"urlTemplate\":\"https:\\\/\\\/www.organisator.ch\\\/?s={search_term_string}\"},\"query-input\":{\"@type\":\"PropertyValueSpecification\",\"valueRequired\":true,\"valueName\":\"search_term_string\"}}],\"inLanguage\":\"fr-FR\"},{\"@type\":\"Organization\",\"@id\":\"https:\\\/\\\/www.organisator.ch\\\/#organization\",\"name\":\"Organisator\",\"url\":\"https:\\\/\\\/www.organisator.ch\\\/\",\"logo\":{\"@type\":\"ImageObject\",\"inLanguage\":\"fr-FR\",\"@id\":\"https:\\\/\\\/www.organisator.ch\\\/#\\\/schema\\\/logo\\\/image\\\/\",\"url\":\"https:\\\/\\\/www.organisator.ch\\\/wp-content\\\/uploads\\\/2022\\\/01\\\/Logo_Organisator_Website.png\",\"contentUrl\":\"https:\\\/\\\/www.organisator.ch\\\/wp-content\\\/uploads\\\/2022\\\/01\\\/Logo_Organisator_Website.png\",\"width\":800,\"height\":77,\"caption\":\"Organisator\"},\"image\":{\"@id\":\"https:\\\/\\\/www.organisator.ch\\\/#\\\/schema\\\/logo\\\/image\\\/\"},\"sameAs\":[\"https:\\\/\\\/www.facebook.com\\\/OrganisatorFachmagazin\",\"https:\\\/\\\/www.linkedin.com\\\/showcase\\\/organisator-das-magazin-fr-kmu\",\"https:\\\/\\\/www.xing.com\\\/news\\\/pages\\\/organisator-ch-695\",\"https:\\\/\\\/www.youtube.com\\\/channel\\\/UCGP2Sq0iWaZwT3BdIAQFYpw\"]},{\"@type\":\"Person\",\"@id\":\"https:\\\/\\\/www.organisator.ch\\\/#\\\/schema\\\/person\\\/aa2bace6c5c5aad60102004a50c4eb1c\",\"name\":\"admin\",\"image\":{\"@type\":\"ImageObject\",\"inLanguage\":\"fr-FR\",\"@id\":\"https:\\\/\\\/secure.gravatar.com\\\/avatar\\\/ae2f4d718e6c49043e314ce431e7e645d646302a24a5ef5a8bc8e3f5a032e319?s=96&d=mm&r=g\",\"url\":\"https:\\\/\\\/secure.gravatar.com\\\/avatar\\\/ae2f4d718e6c49043e314ce431e7e645d646302a24a5ef5a8bc8e3f5a032e319?s=96&d=mm&r=g\",\"contentUrl\":\"https:\\\/\\\/secure.gravatar.com\\\/avatar\\\/ae2f4d718e6c49043e314ce431e7e645d646302a24a5ef5a8bc8e3f5a032e319?s=96&d=mm&r=g\",\"caption\":\"admin\"},\"sameAs\":[\"https:\\\/\\\/www.organisator.ch\"],\"url\":\"https:\\\/\\\/www.organisator.ch\\\/fr\\\/author\\\/admin\\\/\"}]}<\/script>\n<!-- \/ Yoast SEO plugin. -->","yoast_head_json":{"title":"Globi remporte le Prix climatique Zurich 2016 - Organisateur","description":"\"Globi et l'\u00e9nergie\" veut permettre aux enfants d'acqu\u00e9rir une \u00e9ducation \u00e9nerg\u00e9tique durable. C'est pour cela qu'il a \u00e9t\u00e9 r\u00e9compens\u00e9 par le Prix climatique Zurich 2016.","robots":{"index":"index","follow":"follow","max-snippet":"max-snippet:-1","max-image-preview":"max-image-preview:large","max-video-preview":"max-video-preview:-1"},"canonical":"https:\/\/www.organisator.ch\/fr\/sustainability\/2016-11-10\/globi-holt-den-zurich-klimapreis-2016\/","og_locale":"fr_FR","og_type":"article","og_title":"Globi holt den Zurich Klimapreis 2016 - Organisator","og_description":"\u00abGlobi und die Energie\u00bb will Kindern eine nachhaltige Energiebildung erm\u00f6glichen. Daf\u00fcr wurde es mit dem Zurich Klimapreis 2016 ausgezeichnet.","og_url":"https:\/\/www.organisator.ch\/fr\/sustainability\/2016-11-10\/globi-holt-den-zurich-klimapreis-2016\/","og_site_name":"Organisator","article_publisher":"https:\/\/www.facebook.com\/OrganisatorFachmagazin","article_published_time":"2016-11-10T15:31:47+00:00","article_modified_time":"2022-02-09T10:06:22+00:00","og_image":[{"width":900,"height":600,"url":"https:\/\/www.organisator.ch\/wp-content\/uploads\/2016\/12\/Globi-holt-den-Zurich-Klimapreis-2016-umweltperspektiven.jpg","type":"image\/jpeg"}],"author":"admin","twitter_card":"summary_large_image","schema":{"@context":"https:\/\/schema.org","@graph":[{"@type":"Article","@id":"https:\/\/www.organisator.ch\/sustainability\/2016-11-10\/globi-holt-den-zurich-klimapreis-2016\/#article","isPartOf":{"@id":"https:\/\/www.organisator.ch\/sustainability\/2016-11-10\/globi-holt-den-zurich-klimapreis-2016\/"},"author":{"name":"admin","@id":"https:\/\/www.organisator.ch\/#\/schema\/person\/aa2bace6c5c5aad60102004a50c4eb1c"},"headline":"Globi holt den Zurich Klimapreis 2016","datePublished":"2016-11-10T15:31:47+00:00","dateModified":"2022-02-09T10:06:22+00:00","mainEntityOfPage":{"@id":"https:\/\/www.organisator.ch\/sustainability\/2016-11-10\/globi-holt-den-zurich-klimapreis-2016\/"},"wordCount":344,"commentCount":0,"publisher":{"@id":"https:\/\/www.organisator.ch\/#organization"},"image":{"@id":"https:\/\/www.organisator.ch\/sustainability\/2016-11-10\/globi-holt-den-zurich-klimapreis-2016\/#primaryimage"},"thumbnailUrl":"https:\/\/www.organisator.ch\/wp-content\/uploads\/2016\/12\/Globi-holt-den-Zurich-Klimapreis-2016-umweltperspektiven.jpg","keywords":["Auszeichnung","ENERGIE","Globi","KLIMA","Zurich Klimapreis"],"articleSection":["SUSTAINABILITY"],"inLanguage":"fr-FR"},{"@type":"WebPage","@id":"https:\/\/www.organisator.ch\/sustainability\/2016-11-10\/globi-holt-den-zurich-klimapreis-2016\/","url":"https:\/\/www.organisator.ch\/sustainability\/2016-11-10\/globi-holt-den-zurich-klimapreis-2016\/","name":"Globi remporte le Prix climatique Zurich 2016 - Organisateur","isPartOf":{"@id":"https:\/\/www.organisator.ch\/#website"},"primaryImageOfPage":{"@id":"https:\/\/www.organisator.ch\/sustainability\/2016-11-10\/globi-holt-den-zurich-klimapreis-2016\/#primaryimage"},"image":{"@id":"https:\/\/www.organisator.ch\/sustainability\/2016-11-10\/globi-holt-den-zurich-klimapreis-2016\/#primaryimage"},"thumbnailUrl":"https:\/\/www.organisator.ch\/wp-content\/uploads\/2016\/12\/Globi-holt-den-Zurich-Klimapreis-2016-umweltperspektiven.jpg","datePublished":"2016-11-10T15:31:47+00:00","dateModified":"2022-02-09T10:06:22+00:00","description":"\"Globi et l'\u00e9nergie\" veut permettre aux enfants d'acqu\u00e9rir une \u00e9ducation \u00e9nerg\u00e9tique durable. C'est pour cela qu'il a \u00e9t\u00e9 r\u00e9compens\u00e9 par le Prix climatique Zurich 2016.","breadcrumb":{"@id":"https:\/\/www.organisator.ch\/sustainability\/2016-11-10\/globi-holt-den-zurich-klimapreis-2016\/#breadcrumb"},"inLanguage":"fr-FR","potentialAction":[{"@type":"ReadAction","target":["https:\/\/www.organisator.ch\/sustainability\/2016-11-10\/globi-holt-den-zurich-klimapreis-2016\/"]}]},{"@type":"ImageObject","inLanguage":"fr-FR","@id":"https:\/\/www.organisator.ch\/sustainability\/2016-11-10\/globi-holt-den-zurich-klimapreis-2016\/#primaryimage","url":"https:\/\/www.organisator.ch\/wp-content\/uploads\/2016\/12\/Globi-holt-den-Zurich-Klimapreis-2016-umweltperspektiven.jpg","contentUrl":"https:\/\/www.organisator.ch\/wp-content\/uploads\/2016\/12\/Globi-holt-den-Zurich-Klimapreis-2016-umweltperspektiven.jpg","width":900,"height":600,"caption":"Die Hauptgewinner des Zurich Klimapreis"},{"@type":"BreadcrumbList","@id":"https:\/\/www.organisator.ch\/sustainability\/2016-11-10\/globi-holt-den-zurich-klimapreis-2016\/#breadcrumb","itemListElement":[{"@type":"ListItem","position":1,"name":"Home","item":"https:\/\/www.organisator.ch\/"},{"@type":"ListItem","position":2,"name":"Globi holt den Zurich Klimapreis 2016"}]},{"@type":"WebSite","@id":"https:\/\/www.organisator.ch\/#website","url":"https:\/\/www.organisator.ch\/","name":"Organisateur","description":"Comp\u00e9tence et comp\u00e9tence. Proches de la pratique. L'ORGANISATEUR pr\u00e9pare 10 num\u00e9ros par an sur les th\u00e8mes essentiels pour les dirigeants de PME.","publisher":{"@id":"https:\/\/www.organisator.ch\/#organization"},"potentialAction":[{"@type":"SearchAction","target":{"@type":"EntryPoint","urlTemplate":"https:\/\/www.organisator.ch\/?s={search_term_string}"},"query-input":{"@type":"PropertyValueSpecification","valueRequired":true,"valueName":"search_term_string"}}],"inLanguage":"fr-FR"},{"@type":"Organization","@id":"https:\/\/www.organisator.ch\/#organization","name":"Organisateur","url":"https:\/\/www.organisator.ch\/","logo":{"@type":"ImageObject","inLanguage":"fr-FR","@id":"https:\/\/www.organisator.ch\/#\/schema\/logo\/image\/","url":"https:\/\/www.organisator.ch\/wp-content\/uploads\/2022\/01\/Logo_Organisator_Website.png","contentUrl":"https:\/\/www.organisator.ch\/wp-content\/uploads\/2022\/01\/Logo_Organisator_Website.png","width":800,"height":77,"caption":"Organisator"},"image":{"@id":"https:\/\/www.organisator.ch\/#\/schema\/logo\/image\/"},"sameAs":["https:\/\/www.facebook.com\/OrganisatorFachmagazin","https:\/\/www.linkedin.com\/showcase\/organisator-das-magazin-fr-kmu","https:\/\/www.xing.com\/news\/pages\/organisator-ch-695","https:\/\/www.youtube.com\/channel\/UCGP2Sq0iWaZwT3BdIAQFYpw"]},{"@type":"Person","@id":"https:\/\/www.organisator.ch\/#\/schema\/person\/aa2bace6c5c5aad60102004a50c4eb1c","name":"admin","image":{"@type":"ImageObject","inLanguage":"fr-FR","@id":"https:\/\/secure.gravatar.com\/avatar\/ae2f4d718e6c49043e314ce431e7e645d646302a24a5ef5a8bc8e3f5a032e319?s=96&d=mm&r=g","url":"https:\/\/secure.gravatar.com\/avatar\/ae2f4d718e6c49043e314ce431e7e645d646302a24a5ef5a8bc8e3f5a032e319?s=96&d=mm&r=g","contentUrl":"https:\/\/secure.gravatar.com\/avatar\/ae2f4d718e6c49043e314ce431e7e645d646302a24a5ef5a8bc8e3f5a032e319?s=96&d=mm&r=g","caption":"admin"},"sameAs":["https:\/\/www.organisator.ch"],"url":"https:\/\/www.organisator.ch\/fr\/author\/admin\/"}]}},"_links":{"self":[{"href":"https:\/\/www.organisator.ch\/fr\/wp-json\/wp\/v2\/posts\/9973","targetHints":{"allow":["GET"]}}],"collection":[{"href":"https:\/\/www.organisator.ch\/fr\/wp-json\/wp\/v2\/posts"}],"about":[{"href":"https:\/\/www.organisator.ch\/fr\/wp-json\/wp\/v2\/types\/post"}],"author":[{"embeddable":true,"href":"https:\/\/www.organisator.ch\/fr\/wp-json\/wp\/v2\/users\/1"}],"replies":[{"embeddable":true,"href":"https:\/\/www.organisator.ch\/fr\/wp-json\/wp\/v2\/comments?post=9973"}],"version-history":[{"count":1,"href":"https:\/\/www.organisator.ch\/fr\/wp-json\/wp\/v2\/posts\/9973\/revisions"}],"predecessor-version":[{"id":10604,"href":"https:\/\/www.organisator.ch\/fr\/wp-json\/wp\/v2\/posts\/9973\/revisions\/10604"}],"wp:featuredmedia":[{"embeddable":true,"href":"https:\/\/www.organisator.ch\/fr\/wp-json\/wp\/v2\/media\/568"}],"wp:attachment":[{"href":"https:\/\/www.organisator.ch\/fr\/wp-json\/wp\/v2\/media?parent=9973"}],"wp:term":[{"taxonomy":"category","embeddable":true,"href":"https:\/\/www.organisator.ch\/fr\/wp-json\/wp\/v2\/categories?post=9973"},{"taxonomy":"post_tag","embeddable":true,"href":"https:\/\/www.organisator.ch\/fr\/wp-json\/wp\/v2\/tags?post=9973"}],"curies":[{"name":"wp","href":"https:\/\/api.w.org\/{rel}","templated":true}]}}