{"id":9975,"date":"2016-11-17T16:38:27","date_gmt":"2016-11-17T15:38:27","guid":{"rendered":"https:\/\/dev.umweltperspektiven.ch\/?p=580"},"modified":"2022-02-09T11:10:13","modified_gmt":"2022-02-09T10:10:13","slug":"elektromobilitaet-auf-lange-sicht-kostenguenstiger","status":"publish","type":"post","link":"https:\/\/www.organisator.ch\/fr\/sustainability\/2016-11-17\/elektromobilitaet-auf-lange-sicht-kostenguenstiger\/","title":{"rendered":"L'\u00e9lectromobilit\u00e9 plus rentable \u00e0 long terme"},"content":{"rendered":"<figure id=\"attachment_581\" aria-describedby=\"caption-attachment-581\" style=\"width: 680px\" class=\"wp-caption alignnone\"><a href=\"\/\/dev.umweltperspektiven.ch\/wp-content\/uploads\/2016\/12\/Elektromobilit\u00e4t-auf-lange-Sicht-kosteng\u00fcnstiger-umweltperspektiven.jpg\"><img loading=\"lazy\" decoding=\"async\" class=\"size-medium wp-image-581\" src=\"\/\/dev.umweltperspektiven.ch\/wp-content\/uploads\/2016\/12\/Elektromobilit\u00e4t-auf-lange-Sicht-kosteng\u00fcnstiger-umweltperspektiven.jpg\" alt=\"L&#039;\u00e9lectromobilit\u00e9 plus rentable \u00e0 long terme-perspectives environnementales\" width=\"680\" height=\"454\" \/><\/a><figcaption id=\"caption-attachment-581\" class=\"wp-caption-text\">L'\u00e9lectromobilit\u00e9 plus rentable \u00e0 long terme-perspectives environnementales<\/figcaption><\/figure>\n<p>Si l'on veut que les transports soient neutres en termes d'\u00e9missions de gaz \u00e0 effet de serre en 2050, il faudra \u00e0 l'avenir utiliser des v\u00e9hicules \u00e0 propulsion alternative et de nouveaux carburants qui ne produisent pas d'\u00e9missions nocives pour le climat.<\/p>\n<p>Une <a href=\"https:\/\/www.umweltbundesamt.de\/publikationen\/erarbeitung-einer-fachlichen-strategie-zur\" target=\"_blank\" rel=\"noreferrer noopener\" data-cke-saved-href=\"\/\/www.umweltbundesamt.de\/publikationen\/erarbeitung-einer-fachlichen-strategie-zur\">\u00e9tude r\u00e9cente de l'institut allemand \u00d6ko-Institut<\/a> r\u00e9alis\u00e9e en collaboration avec le centre de recherche DVWG \u00e0 l'EBI et INFRAS pour le compte de l'Agence f\u00e9d\u00e9rale allemande pour l'environnement montre d\u00e9sormais que, du point de vue des co\u00fbts \u00e9conomiques, le passage \u00e0 l'\u00e9lectromobilit\u00e9 est le mieux plac\u00e9 en comparaison directe avec d'autres options de propulsion et de carburant neutres en termes d'\u00e9missions de gaz \u00e0 effet de serre.<\/p>\n<p>Globalement, les co\u00fbts suppl\u00e9mentaires li\u00e9s au passage aux v\u00e9hicules \u00e9lectriques sont donc un peu plus d'un quart moins chers pour les voitures et environ la moiti\u00e9 moins chers pour les camions longue distance que pour les v\u00e9hicules fonctionnant avec des carburants bas\u00e9s sur l'\u00e9lectricit\u00e9, \u00e0 savoir le m\u00e9thane, l'hydrog\u00e8ne ou l'essence synth\u00e9tique et le diesel import\u00e9s. Dans leurs sc\u00e9narios, les experts ont int\u00e9gr\u00e9 les co\u00fbts \u00e9conomiques li\u00e9s \u00e0 l'achat des v\u00e9hicules, \u00e0 la mise en place des infrastructures de ravitaillement et de recharge ainsi qu'\u00e0 la mise \u00e0 disposition de l'\u00e9nergie entre 2010 et 2050.<\/p>\n<p><strong>La mise \u00e0 disposition d'\u00e9nergie fait la diff\u00e9rence<\/strong><\/p>\n<p>Selon l'\u00d6ko-Institut, l'\u00e9l\u00e9ment le plus important du calcul des co\u00fbts est ici la mise \u00e0 disposition de l'\u00e9nergie, c'est-\u00e0-dire les co\u00fbts engendr\u00e9s par la production, le transport et l'utilisation des carburants. Jusqu'au ravitaillement, la production et la distribution des carburants \u00e0 base d'\u00e9nergie renouvelable n\u00e9cessitent, selon la technologie, jusqu'\u00e0 50 % d'\u00e9lectricit\u00e9 en plus que la mobilit\u00e9 \u00e9lectrique. De plus, les v\u00e9hicules \u00e9lectriques sont deux fois plus efficaces en termes de consommation d'\u00e9nergie que les v\u00e9hicules \u00e0 moteur \u00e0 combustion. Ces deux facteurs se combinent pour faire augmenter les co\u00fbts de l'approvisionnement en \u00e9nergie des carburants \u00e0 base d'\u00e9lectricit\u00e9.<\/p>\n<p>\"L'utilisation directe de l'\u00e9lectricit\u00e9, tant pour le transport de personnes que de marchandises, est la variante la plus rentable pour un transport neutre \u00e0 long terme en termes d'\u00e9missions de gaz \u00e0 effet de serre\", explique Peter Kasten, expert en mobilit\u00e9 et chef de projet de l'\u00e9tude \u00e0 l'\u00d6ko-Institut. \"Certes, l'\u00e9lectromobilit\u00e9 est encore ch\u00e8re aujourd'hui, surtout en raison du co\u00fbt \u00e9lev\u00e9 des batteries. Mais si les co\u00fbts des v\u00e9hicules \u00e9lectriques s'alignent \u00e0 moyen ou long terme sur ceux des autres types de v\u00e9hicules, le bilan sera nettement positif pour les \u00e9lectriques\".<\/p>\n<p><strong>Co\u00fbts raisonnables pour la transformation de l'infrastructure<\/strong><\/p>\n<p>Cela vaut \u00e9galement pour les co\u00fbts suppl\u00e9mentaires li\u00e9s \u00e0 la mise en place de l'infrastructure des stations-service et de recharge. Or, selon Kasten, ceux-ci sont justement beaucoup plus g\u00e9rables qu'on ne le pense g\u00e9n\u00e9ralement pour le d\u00e9veloppement de l'\u00e9lectromobilit\u00e9 : \"Les co\u00fbts du changement d'infrastructure \u00e9nerg\u00e9tique sont nettement inf\u00e9rieurs \u00e0 ceux d'un changement de syst\u00e8me dans la mise \u00e0 disposition de l'\u00e9nergie et dans la propulsion des v\u00e9hicules\". Et : \"C'est l\u00e0 que la politique et l'\u00e9conomie doivent poser les jalons pour l'avenir. Car ce n'est qu'avec une infrastructure de recharge suffisamment disponible et fiable que les v\u00e9hicules \u00e9lectriques pourront s'imposer sur le march\u00e9 et faire valoir leurs avantages en termes de co\u00fbts \u00e9nerg\u00e9tiques\".<\/p>\n<p>Cette analyse s'applique aussi bien au transport de personnes qu'au transport routier de marchandises. Ainsi, selon l'\u00e9quipe de recherche, les co\u00fbts \u00e9conomiques suppl\u00e9mentaires entre 2010 et 2050 pour les camions \u00e9lectriques hybrides \u00e0 cat\u00e9naire seraient deux fois moins \u00e9lev\u00e9s que pour les autres options neutres en termes d'\u00e9missions de gaz \u00e0 effet de serre, malgr\u00e9 les investissements dans l'infrastructure de cat\u00e9naire sur les autoroutes. En raison du kilom\u00e9trage \u00e9lev\u00e9 des camions, les avantages en termes de co\u00fbts de la fourniture d'\u00e9nergie se font particuli\u00e8rement sentir pour les camions. Dans le transport a\u00e9rien et maritime, l'utilisation directe de l'\u00e9lectricit\u00e9 n'est pas disponible et les carburants \u00e0 base d'\u00e9lectricit\u00e9 repr\u00e9sentent une option importante pour la protection du climat dans ces applications.<\/p>\n<p><em>Source : \u00d6ko-Institut e.V., Berlin<\/em><\/p>","protected":false},"excerpt":{"rendered":"<p>Soll im Jahr 2050 der Verkehr treibhausgasneutral sein, m\u00fcssen zuk\u00fcnftig Fahrzeuge mit alternativen Antrieben und neue Kraftstoffen zum Einsatz kommen, die keine klimasch\u00e4dlichen Emissionen verursachen. Eine aktuelle Studie des Deutschen \u00d6ko-Instituts in Zusammenarbeit mit der DVWG-Forschungsstelle am EBI und INFRAS im Auftrag des Umweltbundesamtes zeigt nun, dass der Umstieg auf Elektromobilit\u00e4t aus volkswirtschaftlichen Kostengesichtspunkten im [&hellip;]<\/p>\n","protected":false},"author":1,"featured_media":9431,"comment_status":"open","ping_status":"open","sticky":false,"template":"","format":"standard","meta":{"_acf_changed":false,"_yoast_wpseo_focuskw":"Elektromobilit\u00e4t","_yoast_wpseo_metadesc":"Eine neue Studie zeigt, dass der Umstieg auf Elektromobilit\u00e4t auf lange Sicht volkswirtschaftlich g\u00fcnstiger ist als andere treibhausgasneutrale Verkehrskonzepte.","articlekey":"","footnotes":""},"categories":[580],"tags":[1039,1775,459,460],"class_list":["post-9975","post","type-post","status-publish","format-standard","has-post-thumbnail","hentry","category-sustainability","tag-elektromobillitaet","tag-nachhaltiger-verkehr","tag-studie","tag-studien"],"acf":[],"yoast_head":"<!-- This site is optimized with the Yoast SEO plugin v27.5 - https:\/\/yoast.com\/product\/yoast-seo-wordpress\/ -->\n<title>Elektromobilit\u00e4t auf lange Sicht kosteng\u00fcnstiger - Organisator<\/title>\n<meta name=\"description\" content=\"Eine neue Studie zeigt, dass der Umstieg auf Elektromobilit\u00e4t auf lange Sicht volkswirtschaftlich g\u00fcnstiger ist als andere treibhausgasneutrale Verkehrskonzepte.\" \/>\n<meta name=\"robots\" content=\"index, follow, max-snippet:-1, max-image-preview:large, max-video-preview:-1\" \/>\n<link rel=\"canonical\" href=\"https:\/\/www.organisator.ch\/fr\/sustainability\/2016-11-17\/elektromobilitaet-auf-lange-sicht-kostenguenstiger\/\" \/>\n<meta property=\"og:locale\" content=\"fr_FR\" \/>\n<meta property=\"og:type\" content=\"article\" \/>\n<meta property=\"og:title\" content=\"Elektromobilit\u00e4t auf lange Sicht kosteng\u00fcnstiger - Organisator\" \/>\n<meta property=\"og:description\" content=\"Eine neue Studie zeigt, dass der Umstieg auf Elektromobilit\u00e4t auf lange Sicht volkswirtschaftlich g\u00fcnstiger ist als andere treibhausgasneutrale Verkehrskonzepte.\" \/>\n<meta property=\"og:url\" content=\"https:\/\/www.organisator.ch\/fr\/sustainability\/2016-11-17\/elektromobilitaet-auf-lange-sicht-kostenguenstiger\/\" \/>\n<meta property=\"og:site_name\" content=\"Organisator\" \/>\n<meta property=\"article:publisher\" content=\"https:\/\/www.facebook.com\/OrganisatorFachmagazin\" \/>\n<meta property=\"article:published_time\" content=\"2016-11-17T15:38:27+00:00\" \/>\n<meta property=\"article:modified_time\" content=\"2022-02-09T10:10:13+00:00\" \/>\n<meta property=\"og:image\" content=\"https:\/\/www.organisator.ch\/wp-content\/uploads\/2016\/12\/Elektromobilitaet-auf-lange-Sicht-kostenguenstiger-umweltperspektiven.jpg\" \/>\n\t<meta property=\"og:image:width\" content=\"1000\" \/>\n\t<meta property=\"og:image:height\" content=\"667\" \/>\n\t<meta property=\"og:image:type\" content=\"image\/jpeg\" \/>\n<meta name=\"author\" content=\"admin\" \/>\n<meta name=\"twitter:card\" content=\"summary_large_image\" \/>\n<script type=\"application\/ld+json\" class=\"yoast-schema-graph\">{\"@context\":\"https:\\\/\\\/schema.org\",\"@graph\":[{\"@type\":\"Article\",\"@id\":\"https:\\\/\\\/www.organisator.ch\\\/sustainability\\\/2016-11-17\\\/elektromobilitaet-auf-lange-sicht-kostenguenstiger\\\/#article\",\"isPartOf\":{\"@id\":\"https:\\\/\\\/www.organisator.ch\\\/sustainability\\\/2016-11-17\\\/elektromobilitaet-auf-lange-sicht-kostenguenstiger\\\/\"},\"author\":{\"name\":\"admin\",\"@id\":\"https:\\\/\\\/www.organisator.ch\\\/#\\\/schema\\\/person\\\/aa2bace6c5c5aad60102004a50c4eb1c\"},\"headline\":\"Elektromobilit\u00e4t auf lange Sicht kosteng\u00fcnstiger\",\"datePublished\":\"2016-11-17T15:38:27+00:00\",\"dateModified\":\"2022-02-09T10:10:13+00:00\",\"mainEntityOfPage\":{\"@id\":\"https:\\\/\\\/www.organisator.ch\\\/sustainability\\\/2016-11-17\\\/elektromobilitaet-auf-lange-sicht-kostenguenstiger\\\/\"},\"wordCount\":543,\"commentCount\":0,\"publisher\":{\"@id\":\"https:\\\/\\\/www.organisator.ch\\\/#organization\"},\"image\":{\"@id\":\"https:\\\/\\\/www.organisator.ch\\\/sustainability\\\/2016-11-17\\\/elektromobilitaet-auf-lange-sicht-kostenguenstiger\\\/#primaryimage\"},\"thumbnailUrl\":\"https:\\\/\\\/www.organisator.ch\\\/wp-content\\\/uploads\\\/2016\\\/12\\\/Elektromobilitaet-auf-lange-Sicht-kostenguenstiger-umweltperspektiven.jpg\",\"keywords\":[\"Elektromobillit\u00e4t\",\"Nachhaltiger Verkehr\",\"Studie\",\"Studien\"],\"articleSection\":[\"SUSTAINABILITY\"],\"inLanguage\":\"fr-FR\"},{\"@type\":\"WebPage\",\"@id\":\"https:\\\/\\\/www.organisator.ch\\\/sustainability\\\/2016-11-17\\\/elektromobilitaet-auf-lange-sicht-kostenguenstiger\\\/\",\"url\":\"https:\\\/\\\/www.organisator.ch\\\/sustainability\\\/2016-11-17\\\/elektromobilitaet-auf-lange-sicht-kostenguenstiger\\\/\",\"name\":\"Elektromobilit\u00e4t auf lange Sicht kosteng\u00fcnstiger - Organisator\",\"isPartOf\":{\"@id\":\"https:\\\/\\\/www.organisator.ch\\\/#website\"},\"primaryImageOfPage\":{\"@id\":\"https:\\\/\\\/www.organisator.ch\\\/sustainability\\\/2016-11-17\\\/elektromobilitaet-auf-lange-sicht-kostenguenstiger\\\/#primaryimage\"},\"image\":{\"@id\":\"https:\\\/\\\/www.organisator.ch\\\/sustainability\\\/2016-11-17\\\/elektromobilitaet-auf-lange-sicht-kostenguenstiger\\\/#primaryimage\"},\"thumbnailUrl\":\"https:\\\/\\\/www.organisator.ch\\\/wp-content\\\/uploads\\\/2016\\\/12\\\/Elektromobilitaet-auf-lange-Sicht-kostenguenstiger-umweltperspektiven.jpg\",\"datePublished\":\"2016-11-17T15:38:27+00:00\",\"dateModified\":\"2022-02-09T10:10:13+00:00\",\"description\":\"Eine neue Studie zeigt, dass der Umstieg auf Elektromobilit\u00e4t auf lange Sicht volkswirtschaftlich g\u00fcnstiger ist als andere treibhausgasneutrale Verkehrskonzepte.\",\"breadcrumb\":{\"@id\":\"https:\\\/\\\/www.organisator.ch\\\/sustainability\\\/2016-11-17\\\/elektromobilitaet-auf-lange-sicht-kostenguenstiger\\\/#breadcrumb\"},\"inLanguage\":\"fr-FR\",\"potentialAction\":[{\"@type\":\"ReadAction\",\"target\":[\"https:\\\/\\\/www.organisator.ch\\\/sustainability\\\/2016-11-17\\\/elektromobilitaet-auf-lange-sicht-kostenguenstiger\\\/\"]}]},{\"@type\":\"ImageObject\",\"inLanguage\":\"fr-FR\",\"@id\":\"https:\\\/\\\/www.organisator.ch\\\/sustainability\\\/2016-11-17\\\/elektromobilitaet-auf-lange-sicht-kostenguenstiger\\\/#primaryimage\",\"url\":\"https:\\\/\\\/www.organisator.ch\\\/wp-content\\\/uploads\\\/2016\\\/12\\\/Elektromobilitaet-auf-lange-Sicht-kostenguenstiger-umweltperspektiven.jpg\",\"contentUrl\":\"https:\\\/\\\/www.organisator.ch\\\/wp-content\\\/uploads\\\/2016\\\/12\\\/Elektromobilitaet-auf-lange-Sicht-kostenguenstiger-umweltperspektiven.jpg\",\"width\":1000,\"height\":667,\"caption\":\"Elektromobilit\u00e4t auf lange Sicht kosteng\u00fcnstiger-umweltperspektiven\"},{\"@type\":\"BreadcrumbList\",\"@id\":\"https:\\\/\\\/www.organisator.ch\\\/sustainability\\\/2016-11-17\\\/elektromobilitaet-auf-lange-sicht-kostenguenstiger\\\/#breadcrumb\",\"itemListElement\":[{\"@type\":\"ListItem\",\"position\":1,\"name\":\"Home\",\"item\":\"https:\\\/\\\/www.organisator.ch\\\/\"},{\"@type\":\"ListItem\",\"position\":2,\"name\":\"Elektromobilit\u00e4t auf lange Sicht kosteng\u00fcnstiger\"}]},{\"@type\":\"WebSite\",\"@id\":\"https:\\\/\\\/www.organisator.ch\\\/#website\",\"url\":\"https:\\\/\\\/www.organisator.ch\\\/\",\"name\":\"Organisator\",\"description\":\"Kompetent. Praxisnah. Der ORGANISATOR bereitet in 10 Ausgaben pro Jahr die wesentlichen Themen f\u00fcr F\u00fchrungskr\u00e4fte von KMU auf.\",\"publisher\":{\"@id\":\"https:\\\/\\\/www.organisator.ch\\\/#organization\"},\"potentialAction\":[{\"@type\":\"SearchAction\",\"target\":{\"@type\":\"EntryPoint\",\"urlTemplate\":\"https:\\\/\\\/www.organisator.ch\\\/?s={search_term_string}\"},\"query-input\":{\"@type\":\"PropertyValueSpecification\",\"valueRequired\":true,\"valueName\":\"search_term_string\"}}],\"inLanguage\":\"fr-FR\"},{\"@type\":\"Organization\",\"@id\":\"https:\\\/\\\/www.organisator.ch\\\/#organization\",\"name\":\"Organisator\",\"url\":\"https:\\\/\\\/www.organisator.ch\\\/\",\"logo\":{\"@type\":\"ImageObject\",\"inLanguage\":\"fr-FR\",\"@id\":\"https:\\\/\\\/www.organisator.ch\\\/#\\\/schema\\\/logo\\\/image\\\/\",\"url\":\"https:\\\/\\\/www.organisator.ch\\\/wp-content\\\/uploads\\\/2022\\\/01\\\/Logo_Organisator_Website.png\",\"contentUrl\":\"https:\\\/\\\/www.organisator.ch\\\/wp-content\\\/uploads\\\/2022\\\/01\\\/Logo_Organisator_Website.png\",\"width\":800,\"height\":77,\"caption\":\"Organisator\"},\"image\":{\"@id\":\"https:\\\/\\\/www.organisator.ch\\\/#\\\/schema\\\/logo\\\/image\\\/\"},\"sameAs\":[\"https:\\\/\\\/www.facebook.com\\\/OrganisatorFachmagazin\",\"https:\\\/\\\/www.linkedin.com\\\/showcase\\\/organisator-das-magazin-fr-kmu\",\"https:\\\/\\\/www.xing.com\\\/news\\\/pages\\\/organisator-ch-695\",\"https:\\\/\\\/www.youtube.com\\\/channel\\\/UCGP2Sq0iWaZwT3BdIAQFYpw\"]},{\"@type\":\"Person\",\"@id\":\"https:\\\/\\\/www.organisator.ch\\\/#\\\/schema\\\/person\\\/aa2bace6c5c5aad60102004a50c4eb1c\",\"name\":\"admin\",\"image\":{\"@type\":\"ImageObject\",\"inLanguage\":\"fr-FR\",\"@id\":\"https:\\\/\\\/secure.gravatar.com\\\/avatar\\\/ae2f4d718e6c49043e314ce431e7e645d646302a24a5ef5a8bc8e3f5a032e319?s=96&d=mm&r=g\",\"url\":\"https:\\\/\\\/secure.gravatar.com\\\/avatar\\\/ae2f4d718e6c49043e314ce431e7e645d646302a24a5ef5a8bc8e3f5a032e319?s=96&d=mm&r=g\",\"contentUrl\":\"https:\\\/\\\/secure.gravatar.com\\\/avatar\\\/ae2f4d718e6c49043e314ce431e7e645d646302a24a5ef5a8bc8e3f5a032e319?s=96&d=mm&r=g\",\"caption\":\"admin\"},\"sameAs\":[\"https:\\\/\\\/www.organisator.ch\"],\"url\":\"https:\\\/\\\/www.organisator.ch\\\/fr\\\/author\\\/admin\\\/\"}]}<\/script>\n<!-- \/ Yoast SEO plugin. -->","yoast_head_json":{"title":"L'\u00e9lectromobilit\u00e9 plus rentable \u00e0 long terme - Organisateur","description":"Une nouvelle \u00e9tude montre qu'\u00e0 long terme, le passage \u00e0 la mobilit\u00e9 \u00e9lectrique est plus avantageux sur le plan \u00e9conomique que d'autres concepts de transport neutres en termes d'\u00e9missions de gaz \u00e0 effet de serre.","robots":{"index":"index","follow":"follow","max-snippet":"max-snippet:-1","max-image-preview":"max-image-preview:large","max-video-preview":"max-video-preview:-1"},"canonical":"https:\/\/www.organisator.ch\/fr\/sustainability\/2016-11-17\/elektromobilitaet-auf-lange-sicht-kostenguenstiger\/","og_locale":"fr_FR","og_type":"article","og_title":"Elektromobilit\u00e4t auf lange Sicht kosteng\u00fcnstiger - Organisator","og_description":"Eine neue Studie zeigt, dass der Umstieg auf Elektromobilit\u00e4t auf lange Sicht volkswirtschaftlich g\u00fcnstiger ist als andere treibhausgasneutrale Verkehrskonzepte.","og_url":"https:\/\/www.organisator.ch\/fr\/sustainability\/2016-11-17\/elektromobilitaet-auf-lange-sicht-kostenguenstiger\/","og_site_name":"Organisator","article_publisher":"https:\/\/www.facebook.com\/OrganisatorFachmagazin","article_published_time":"2016-11-17T15:38:27+00:00","article_modified_time":"2022-02-09T10:10:13+00:00","og_image":[{"width":1000,"height":667,"url":"https:\/\/www.organisator.ch\/wp-content\/uploads\/2016\/12\/Elektromobilitaet-auf-lange-Sicht-kostenguenstiger-umweltperspektiven.jpg","type":"image\/jpeg"}],"author":"admin","twitter_card":"summary_large_image","schema":{"@context":"https:\/\/schema.org","@graph":[{"@type":"Article","@id":"https:\/\/www.organisator.ch\/sustainability\/2016-11-17\/elektromobilitaet-auf-lange-sicht-kostenguenstiger\/#article","isPartOf":{"@id":"https:\/\/www.organisator.ch\/sustainability\/2016-11-17\/elektromobilitaet-auf-lange-sicht-kostenguenstiger\/"},"author":{"name":"admin","@id":"https:\/\/www.organisator.ch\/#\/schema\/person\/aa2bace6c5c5aad60102004a50c4eb1c"},"headline":"Elektromobilit\u00e4t auf lange Sicht kosteng\u00fcnstiger","datePublished":"2016-11-17T15:38:27+00:00","dateModified":"2022-02-09T10:10:13+00:00","mainEntityOfPage":{"@id":"https:\/\/www.organisator.ch\/sustainability\/2016-11-17\/elektromobilitaet-auf-lange-sicht-kostenguenstiger\/"},"wordCount":543,"commentCount":0,"publisher":{"@id":"https:\/\/www.organisator.ch\/#organization"},"image":{"@id":"https:\/\/www.organisator.ch\/sustainability\/2016-11-17\/elektromobilitaet-auf-lange-sicht-kostenguenstiger\/#primaryimage"},"thumbnailUrl":"https:\/\/www.organisator.ch\/wp-content\/uploads\/2016\/12\/Elektromobilitaet-auf-lange-Sicht-kostenguenstiger-umweltperspektiven.jpg","keywords":["Elektromobillit\u00e4t","Nachhaltiger Verkehr","Studie","Studien"],"articleSection":["SUSTAINABILITY"],"inLanguage":"fr-FR"},{"@type":"WebPage","@id":"https:\/\/www.organisator.ch\/sustainability\/2016-11-17\/elektromobilitaet-auf-lange-sicht-kostenguenstiger\/","url":"https:\/\/www.organisator.ch\/sustainability\/2016-11-17\/elektromobilitaet-auf-lange-sicht-kostenguenstiger\/","name":"L'\u00e9lectromobilit\u00e9 plus rentable \u00e0 long terme - Organisateur","isPartOf":{"@id":"https:\/\/www.organisator.ch\/#website"},"primaryImageOfPage":{"@id":"https:\/\/www.organisator.ch\/sustainability\/2016-11-17\/elektromobilitaet-auf-lange-sicht-kostenguenstiger\/#primaryimage"},"image":{"@id":"https:\/\/www.organisator.ch\/sustainability\/2016-11-17\/elektromobilitaet-auf-lange-sicht-kostenguenstiger\/#primaryimage"},"thumbnailUrl":"https:\/\/www.organisator.ch\/wp-content\/uploads\/2016\/12\/Elektromobilitaet-auf-lange-Sicht-kostenguenstiger-umweltperspektiven.jpg","datePublished":"2016-11-17T15:38:27+00:00","dateModified":"2022-02-09T10:10:13+00:00","description":"Une nouvelle \u00e9tude montre qu'\u00e0 long terme, le passage \u00e0 la mobilit\u00e9 \u00e9lectrique est plus avantageux sur le plan \u00e9conomique que d'autres concepts de transport neutres en termes d'\u00e9missions de gaz \u00e0 effet de serre.","breadcrumb":{"@id":"https:\/\/www.organisator.ch\/sustainability\/2016-11-17\/elektromobilitaet-auf-lange-sicht-kostenguenstiger\/#breadcrumb"},"inLanguage":"fr-FR","potentialAction":[{"@type":"ReadAction","target":["https:\/\/www.organisator.ch\/sustainability\/2016-11-17\/elektromobilitaet-auf-lange-sicht-kostenguenstiger\/"]}]},{"@type":"ImageObject","inLanguage":"fr-FR","@id":"https:\/\/www.organisator.ch\/sustainability\/2016-11-17\/elektromobilitaet-auf-lange-sicht-kostenguenstiger\/#primaryimage","url":"https:\/\/www.organisator.ch\/wp-content\/uploads\/2016\/12\/Elektromobilitaet-auf-lange-Sicht-kostenguenstiger-umweltperspektiven.jpg","contentUrl":"https:\/\/www.organisator.ch\/wp-content\/uploads\/2016\/12\/Elektromobilitaet-auf-lange-Sicht-kostenguenstiger-umweltperspektiven.jpg","width":1000,"height":667,"caption":"Elektromobilit\u00e4t auf lange Sicht kosteng\u00fcnstiger-umweltperspektiven"},{"@type":"BreadcrumbList","@id":"https:\/\/www.organisator.ch\/sustainability\/2016-11-17\/elektromobilitaet-auf-lange-sicht-kostenguenstiger\/#breadcrumb","itemListElement":[{"@type":"ListItem","position":1,"name":"Home","item":"https:\/\/www.organisator.ch\/"},{"@type":"ListItem","position":2,"name":"Elektromobilit\u00e4t auf lange Sicht kosteng\u00fcnstiger"}]},{"@type":"WebSite","@id":"https:\/\/www.organisator.ch\/#website","url":"https:\/\/www.organisator.ch\/","name":"Organisateur","description":"Comp\u00e9tence et comp\u00e9tence. Proches de la pratique. L'ORGANISATEUR pr\u00e9pare 10 num\u00e9ros par an sur les th\u00e8mes essentiels pour les dirigeants de PME.","publisher":{"@id":"https:\/\/www.organisator.ch\/#organization"},"potentialAction":[{"@type":"SearchAction","target":{"@type":"EntryPoint","urlTemplate":"https:\/\/www.organisator.ch\/?s={search_term_string}"},"query-input":{"@type":"PropertyValueSpecification","valueRequired":true,"valueName":"search_term_string"}}],"inLanguage":"fr-FR"},{"@type":"Organization","@id":"https:\/\/www.organisator.ch\/#organization","name":"Organisateur","url":"https:\/\/www.organisator.ch\/","logo":{"@type":"ImageObject","inLanguage":"fr-FR","@id":"https:\/\/www.organisator.ch\/#\/schema\/logo\/image\/","url":"https:\/\/www.organisator.ch\/wp-content\/uploads\/2022\/01\/Logo_Organisator_Website.png","contentUrl":"https:\/\/www.organisator.ch\/wp-content\/uploads\/2022\/01\/Logo_Organisator_Website.png","width":800,"height":77,"caption":"Organisator"},"image":{"@id":"https:\/\/www.organisator.ch\/#\/schema\/logo\/image\/"},"sameAs":["https:\/\/www.facebook.com\/OrganisatorFachmagazin","https:\/\/www.linkedin.com\/showcase\/organisator-das-magazin-fr-kmu","https:\/\/www.xing.com\/news\/pages\/organisator-ch-695","https:\/\/www.youtube.com\/channel\/UCGP2Sq0iWaZwT3BdIAQFYpw"]},{"@type":"Person","@id":"https:\/\/www.organisator.ch\/#\/schema\/person\/aa2bace6c5c5aad60102004a50c4eb1c","name":"admin","image":{"@type":"ImageObject","inLanguage":"fr-FR","@id":"https:\/\/secure.gravatar.com\/avatar\/ae2f4d718e6c49043e314ce431e7e645d646302a24a5ef5a8bc8e3f5a032e319?s=96&d=mm&r=g","url":"https:\/\/secure.gravatar.com\/avatar\/ae2f4d718e6c49043e314ce431e7e645d646302a24a5ef5a8bc8e3f5a032e319?s=96&d=mm&r=g","contentUrl":"https:\/\/secure.gravatar.com\/avatar\/ae2f4d718e6c49043e314ce431e7e645d646302a24a5ef5a8bc8e3f5a032e319?s=96&d=mm&r=g","caption":"admin"},"sameAs":["https:\/\/www.organisator.ch"],"url":"https:\/\/www.organisator.ch\/fr\/author\/admin\/"}]}},"_links":{"self":[{"href":"https:\/\/www.organisator.ch\/fr\/wp-json\/wp\/v2\/posts\/9975","targetHints":{"allow":["GET"]}}],"collection":[{"href":"https:\/\/www.organisator.ch\/fr\/wp-json\/wp\/v2\/posts"}],"about":[{"href":"https:\/\/www.organisator.ch\/fr\/wp-json\/wp\/v2\/types\/post"}],"author":[{"embeddable":true,"href":"https:\/\/www.organisator.ch\/fr\/wp-json\/wp\/v2\/users\/1"}],"replies":[{"embeddable":true,"href":"https:\/\/www.organisator.ch\/fr\/wp-json\/wp\/v2\/comments?post=9975"}],"version-history":[{"count":1,"href":"https:\/\/www.organisator.ch\/fr\/wp-json\/wp\/v2\/posts\/9975\/revisions"}],"predecessor-version":[{"id":10958,"href":"https:\/\/www.organisator.ch\/fr\/wp-json\/wp\/v2\/posts\/9975\/revisions\/10958"}],"wp:featuredmedia":[{"embeddable":true,"href":"https:\/\/www.organisator.ch\/fr\/wp-json\/wp\/v2\/media\/9431"}],"wp:attachment":[{"href":"https:\/\/www.organisator.ch\/fr\/wp-json\/wp\/v2\/media?parent=9975"}],"wp:term":[{"taxonomy":"category","embeddable":true,"href":"https:\/\/www.organisator.ch\/fr\/wp-json\/wp\/v2\/categories?post=9975"},{"taxonomy":"post_tag","embeddable":true,"href":"https:\/\/www.organisator.ch\/fr\/wp-json\/wp\/v2\/tags?post=9975"}],"curies":[{"name":"wp","href":"https:\/\/api.w.org\/{rel}","templated":true}]}}