{"id":9978,"date":"2016-11-23T16:44:12","date_gmt":"2016-11-23T15:44:12","guid":{"rendered":"https:\/\/dev.umweltperspektiven.ch\/?p=592"},"modified":"2022-02-09T11:05:39","modified_gmt":"2022-02-09T10:05:39","slug":"aldi-fuehrt-getraenkekartonrecycling-ein","status":"publish","type":"post","link":"https:\/\/www.organisator.ch\/fr\/sustainability\/2016-11-23\/aldi-fuehrt-getraenkekartonrecycling-ein\/","title":{"rendered":"Aldi introduit le recyclage des briques \u00e0 boisson"},"content":{"rendered":"<figure id=\"attachment_593\" aria-describedby=\"caption-attachment-593\" style=\"width: 680px\" class=\"wp-caption alignnone\"><a href=\"\/\/dev.umweltperspektiven.ch\/wp-content\/uploads\/2016\/12\/Aldi-f\u00fchrt-Getr\u00e4nkekartonrecycling-ein-umweltperspektiven.jpg\"><img loading=\"lazy\" decoding=\"async\" class=\"wp-image-593 size-medium\" src=\"\/\/www.umweltperspektiven.ch\/wp-content\/uploads\/2016\/12\/Aldi-f\u00fchrt-Getr\u00e4nkekartonrecycling-ein-umweltperspektiven.jpg\" alt=\"Aldi introduit le recyclage des cartons \u00e0 boissons-perspectives environnementales\" width=\"680\" height=\"453\" \/><\/a><figcaption id=\"caption-attachment-593\" class=\"wp-caption-text\">Aldi introduit le recyclage des cartons \u00e0 boissons-perspectives environnementales<\/figcaption><\/figure>\n<p>Depuis la mise en service de la nouvelle installation de tri par M\u00fcller Recycling AG \u00e0 Frauenfeld au d\u00e9but de l'ann\u00e9e, il est possible de s\u00e9parer proprement les cartons \u00e0 boissons et les bouteilles en plastique. Les cartons \u00e0 boissons et les bouteilles en plastique peuvent ainsi \u00eatre collect\u00e9s ensemble.<\/p>\n<p>Aldi Suisse est d\u00e9sormais le premier d\u00e9taillant \u00e0 avoir mis en place cette nouvelle collecte : depuis ao\u00fbt 2016, ALDI SUISSE collecte - dans un premier temps dans les 65 filiales de la succursale de Schwarzenbach - les briques \u00e0 boisson en m\u00eame temps que les bouteilles en plastique. L'introduction \u00e0 l'\u00e9chelle nationale de la collecte des cartons \u00e0 boissons et des bouteilles en plastique doit \u00eatre achev\u00e9e d'ici fin 2017.<\/p>\n<p><strong>La collecte commune simplifie le processus d'\u00e9limination des d\u00e9chets<\/strong><\/p>\n<p>Les cartons de boissons vides de lait, de th\u00e9 glac\u00e9 et de jus de fruits et les bouteilles en plastique vides de produits laitiers, de produits de douche, de lessive et de nettoyage sont collect\u00e9s ensemble dans un conteneur de collecte et ramen\u00e9s au centre logistique par les camions qui approvisionnent le magasin en marchandises. Ainsi, il n'y a pas de trajets suppl\u00e9mentaires. Au centre logistique, elles sont compress\u00e9es et achemin\u00e9es vers l'installation de tri \u00e0 Frauenfeld.<\/p>\n<p>Apr\u00e8s le tri, les bouteilles en plastique collect\u00e9es sont transform\u00e9es sur place en regranulat. Celui-ci est utilis\u00e9 pour fabriquer de nouvelles bouteilles en plastique ou d'autres produits en plastique. Les cartons \u00e0 boisson sont compress\u00e9s en balles et transport\u00e9s \u00e0 l'usine de papier Model AG. Les fibres de carton obtenues via le syst\u00e8me de recyclage peuvent \u00eatre utilis\u00e9es six \u00e0 sept fois dans la production de carton. Avec les pr\u00e9cieuses fibres de carton, Model AG produit du carton ondul\u00e9 pour de nouveaux emballages.<\/p>","protected":false},"excerpt":{"rendered":"<p>Seit der Inbetriebnahme der neuen Sortieranlage durch die M\u00fcller Recycling AG in Frauenfeld Anfang Jahr\u00a0ist es m\u00f6glich, Getr\u00e4nkekartons und Plastikflaschen sauber voneinander zu trennen. Dies hat dazu gef\u00fchrt, dass Getr\u00e4nkekartons und Plastikflaschen gemeinsam gesammelt werden k\u00f6nnen. Aldi Suisse\u00a0hat nun als erster Detailh\u00e4ndler die\u00a0neue Sammlung\u00a0etabliert: Seit August 2016 sammelt ALDI SUISSE \u2013 vorerst in den 65 [&hellip;]<\/p>\n","protected":false},"author":1,"featured_media":9434,"comment_status":"open","ping_status":"open","sticky":false,"template":"","format":"standard","meta":{"_acf_changed":false,"_yoast_wpseo_focuskw":"Aldi","_yoast_wpseo_metadesc":"Aldi: Eine neue Sortieranlage erm\u00f6glicht es, Getr\u00e4nkekartons und Plastikflaschen sauber zu trennen. Damit k\u00f6nnen diese gemeinsam gesammelt werden.","articlekey":"","footnotes":""},"categories":[580],"tags":[692,1285,1742,1987],"class_list":["post-9978","post","type-post","status-publish","format-standard","has-post-thumbnail","hentry","category-sustainability","tag-aldi","tag-getraenkekarton","tag-mueller-recycling","tag-recycling"],"acf":[],"yoast_head":"<!-- This site is optimized with the Yoast SEO plugin v27.5 - https:\/\/yoast.com\/product\/yoast-seo-wordpress\/ -->\n<title>Aldi f\u00fchrt Getr\u00e4nkekartonrecycling ein - Organisator<\/title>\n<meta name=\"description\" content=\"Aldi: Eine neue Sortieranlage erm\u00f6glicht es, Getr\u00e4nkekartons und Plastikflaschen sauber zu trennen. Damit k\u00f6nnen diese gemeinsam gesammelt werden.\" \/>\n<meta name=\"robots\" content=\"index, follow, max-snippet:-1, max-image-preview:large, max-video-preview:-1\" \/>\n<link rel=\"canonical\" href=\"https:\/\/www.organisator.ch\/fr\/sustainability\/2016-11-23\/aldi-fuehrt-getraenkekartonrecycling-ein\/\" \/>\n<meta property=\"og:locale\" content=\"fr_FR\" \/>\n<meta property=\"og:type\" content=\"article\" \/>\n<meta property=\"og:title\" content=\"Aldi f\u00fchrt Getr\u00e4nkekartonrecycling ein - Organisator\" \/>\n<meta property=\"og:description\" content=\"Aldi: Eine neue Sortieranlage erm\u00f6glicht es, Getr\u00e4nkekartons und Plastikflaschen sauber zu trennen. Damit k\u00f6nnen diese gemeinsam gesammelt werden.\" \/>\n<meta property=\"og:url\" content=\"https:\/\/www.organisator.ch\/fr\/sustainability\/2016-11-23\/aldi-fuehrt-getraenkekartonrecycling-ein\/\" \/>\n<meta property=\"og:site_name\" content=\"Organisator\" \/>\n<meta property=\"article:publisher\" content=\"https:\/\/www.facebook.com\/OrganisatorFachmagazin\" \/>\n<meta property=\"article:published_time\" content=\"2016-11-23T15:44:12+00:00\" \/>\n<meta property=\"article:modified_time\" content=\"2022-02-09T10:05:39+00:00\" \/>\n<meta property=\"og:image\" content=\"https:\/\/www.organisator.ch\/wp-content\/uploads\/2016\/12\/Aldi-fuehrt-Getraenkekartonrecycling-ein-umweltperspektiven.jpg\" \/>\n\t<meta property=\"og:image:width\" content=\"2048\" \/>\n\t<meta property=\"og:image:height\" content=\"1365\" \/>\n\t<meta property=\"og:image:type\" content=\"image\/jpeg\" \/>\n<meta name=\"author\" content=\"admin\" \/>\n<meta name=\"twitter:card\" content=\"summary_large_image\" \/>\n<script type=\"application\/ld+json\" class=\"yoast-schema-graph\">{\"@context\":\"https:\\\/\\\/schema.org\",\"@graph\":[{\"@type\":\"Article\",\"@id\":\"https:\\\/\\\/www.organisator.ch\\\/sustainability\\\/2016-11-23\\\/aldi-fuehrt-getraenkekartonrecycling-ein\\\/#article\",\"isPartOf\":{\"@id\":\"https:\\\/\\\/www.organisator.ch\\\/sustainability\\\/2016-11-23\\\/aldi-fuehrt-getraenkekartonrecycling-ein\\\/\"},\"author\":{\"name\":\"admin\",\"@id\":\"https:\\\/\\\/www.organisator.ch\\\/#\\\/schema\\\/person\\\/aa2bace6c5c5aad60102004a50c4eb1c\"},\"headline\":\"Aldi f\u00fchrt Getr\u00e4nkekartonrecycling ein\",\"datePublished\":\"2016-11-23T15:44:12+00:00\",\"dateModified\":\"2022-02-09T10:05:39+00:00\",\"mainEntityOfPage\":{\"@id\":\"https:\\\/\\\/www.organisator.ch\\\/sustainability\\\/2016-11-23\\\/aldi-fuehrt-getraenkekartonrecycling-ein\\\/\"},\"wordCount\":238,\"commentCount\":0,\"publisher\":{\"@id\":\"https:\\\/\\\/www.organisator.ch\\\/#organization\"},\"image\":{\"@id\":\"https:\\\/\\\/www.organisator.ch\\\/sustainability\\\/2016-11-23\\\/aldi-fuehrt-getraenkekartonrecycling-ein\\\/#primaryimage\"},\"thumbnailUrl\":\"https:\\\/\\\/www.organisator.ch\\\/wp-content\\\/uploads\\\/2016\\\/12\\\/Aldi-fuehrt-Getraenkekartonrecycling-ein-umweltperspektiven.jpg\",\"keywords\":[\"Aldi\",\"Getr\u00e4nkekarton\",\"M\u00fcller Recycling\",\"Recycling\"],\"articleSection\":[\"SUSTAINABILITY\"],\"inLanguage\":\"fr-FR\"},{\"@type\":\"WebPage\",\"@id\":\"https:\\\/\\\/www.organisator.ch\\\/sustainability\\\/2016-11-23\\\/aldi-fuehrt-getraenkekartonrecycling-ein\\\/\",\"url\":\"https:\\\/\\\/www.organisator.ch\\\/sustainability\\\/2016-11-23\\\/aldi-fuehrt-getraenkekartonrecycling-ein\\\/\",\"name\":\"Aldi f\u00fchrt Getr\u00e4nkekartonrecycling ein - Organisator\",\"isPartOf\":{\"@id\":\"https:\\\/\\\/www.organisator.ch\\\/#website\"},\"primaryImageOfPage\":{\"@id\":\"https:\\\/\\\/www.organisator.ch\\\/sustainability\\\/2016-11-23\\\/aldi-fuehrt-getraenkekartonrecycling-ein\\\/#primaryimage\"},\"image\":{\"@id\":\"https:\\\/\\\/www.organisator.ch\\\/sustainability\\\/2016-11-23\\\/aldi-fuehrt-getraenkekartonrecycling-ein\\\/#primaryimage\"},\"thumbnailUrl\":\"https:\\\/\\\/www.organisator.ch\\\/wp-content\\\/uploads\\\/2016\\\/12\\\/Aldi-fuehrt-Getraenkekartonrecycling-ein-umweltperspektiven.jpg\",\"datePublished\":\"2016-11-23T15:44:12+00:00\",\"dateModified\":\"2022-02-09T10:05:39+00:00\",\"description\":\"Aldi: Eine neue Sortieranlage erm\u00f6glicht es, Getr\u00e4nkekartons und Plastikflaschen sauber zu trennen. Damit k\u00f6nnen diese gemeinsam gesammelt werden.\",\"breadcrumb\":{\"@id\":\"https:\\\/\\\/www.organisator.ch\\\/sustainability\\\/2016-11-23\\\/aldi-fuehrt-getraenkekartonrecycling-ein\\\/#breadcrumb\"},\"inLanguage\":\"fr-FR\",\"potentialAction\":[{\"@type\":\"ReadAction\",\"target\":[\"https:\\\/\\\/www.organisator.ch\\\/sustainability\\\/2016-11-23\\\/aldi-fuehrt-getraenkekartonrecycling-ein\\\/\"]}]},{\"@type\":\"ImageObject\",\"inLanguage\":\"fr-FR\",\"@id\":\"https:\\\/\\\/www.organisator.ch\\\/sustainability\\\/2016-11-23\\\/aldi-fuehrt-getraenkekartonrecycling-ein\\\/#primaryimage\",\"url\":\"https:\\\/\\\/www.organisator.ch\\\/wp-content\\\/uploads\\\/2016\\\/12\\\/Aldi-fuehrt-Getraenkekartonrecycling-ein-umweltperspektiven.jpg\",\"contentUrl\":\"https:\\\/\\\/www.organisator.ch\\\/wp-content\\\/uploads\\\/2016\\\/12\\\/Aldi-fuehrt-Getraenkekartonrecycling-ein-umweltperspektiven.jpg\",\"width\":2048,\"height\":1365,\"caption\":\"Aldi f\u00fchrt Getr\u00e4nkekartonrecycling ein-umweltperspektiven\"},{\"@type\":\"BreadcrumbList\",\"@id\":\"https:\\\/\\\/www.organisator.ch\\\/sustainability\\\/2016-11-23\\\/aldi-fuehrt-getraenkekartonrecycling-ein\\\/#breadcrumb\",\"itemListElement\":[{\"@type\":\"ListItem\",\"position\":1,\"name\":\"Home\",\"item\":\"https:\\\/\\\/www.organisator.ch\\\/\"},{\"@type\":\"ListItem\",\"position\":2,\"name\":\"Aldi f\u00fchrt Getr\u00e4nkekartonrecycling ein\"}]},{\"@type\":\"WebSite\",\"@id\":\"https:\\\/\\\/www.organisator.ch\\\/#website\",\"url\":\"https:\\\/\\\/www.organisator.ch\\\/\",\"name\":\"Organisator\",\"description\":\"Kompetent. Praxisnah. Der ORGANISATOR bereitet in 10 Ausgaben pro Jahr die wesentlichen Themen f\u00fcr F\u00fchrungskr\u00e4fte von KMU auf.\",\"publisher\":{\"@id\":\"https:\\\/\\\/www.organisator.ch\\\/#organization\"},\"potentialAction\":[{\"@type\":\"SearchAction\",\"target\":{\"@type\":\"EntryPoint\",\"urlTemplate\":\"https:\\\/\\\/www.organisator.ch\\\/?s={search_term_string}\"},\"query-input\":{\"@type\":\"PropertyValueSpecification\",\"valueRequired\":true,\"valueName\":\"search_term_string\"}}],\"inLanguage\":\"fr-FR\"},{\"@type\":\"Organization\",\"@id\":\"https:\\\/\\\/www.organisator.ch\\\/#organization\",\"name\":\"Organisator\",\"url\":\"https:\\\/\\\/www.organisator.ch\\\/\",\"logo\":{\"@type\":\"ImageObject\",\"inLanguage\":\"fr-FR\",\"@id\":\"https:\\\/\\\/www.organisator.ch\\\/#\\\/schema\\\/logo\\\/image\\\/\",\"url\":\"https:\\\/\\\/www.organisator.ch\\\/wp-content\\\/uploads\\\/2022\\\/01\\\/Logo_Organisator_Website.png\",\"contentUrl\":\"https:\\\/\\\/www.organisator.ch\\\/wp-content\\\/uploads\\\/2022\\\/01\\\/Logo_Organisator_Website.png\",\"width\":800,\"height\":77,\"caption\":\"Organisator\"},\"image\":{\"@id\":\"https:\\\/\\\/www.organisator.ch\\\/#\\\/schema\\\/logo\\\/image\\\/\"},\"sameAs\":[\"https:\\\/\\\/www.facebook.com\\\/OrganisatorFachmagazin\",\"https:\\\/\\\/www.linkedin.com\\\/showcase\\\/organisator-das-magazin-fr-kmu\",\"https:\\\/\\\/www.xing.com\\\/news\\\/pages\\\/organisator-ch-695\",\"https:\\\/\\\/www.youtube.com\\\/channel\\\/UCGP2Sq0iWaZwT3BdIAQFYpw\"]},{\"@type\":\"Person\",\"@id\":\"https:\\\/\\\/www.organisator.ch\\\/#\\\/schema\\\/person\\\/aa2bace6c5c5aad60102004a50c4eb1c\",\"name\":\"admin\",\"image\":{\"@type\":\"ImageObject\",\"inLanguage\":\"fr-FR\",\"@id\":\"https:\\\/\\\/secure.gravatar.com\\\/avatar\\\/ae2f4d718e6c49043e314ce431e7e645d646302a24a5ef5a8bc8e3f5a032e319?s=96&d=mm&r=g\",\"url\":\"https:\\\/\\\/secure.gravatar.com\\\/avatar\\\/ae2f4d718e6c49043e314ce431e7e645d646302a24a5ef5a8bc8e3f5a032e319?s=96&d=mm&r=g\",\"contentUrl\":\"https:\\\/\\\/secure.gravatar.com\\\/avatar\\\/ae2f4d718e6c49043e314ce431e7e645d646302a24a5ef5a8bc8e3f5a032e319?s=96&d=mm&r=g\",\"caption\":\"admin\"},\"sameAs\":[\"https:\\\/\\\/www.organisator.ch\"],\"url\":\"https:\\\/\\\/www.organisator.ch\\\/fr\\\/author\\\/admin\\\/\"}]}<\/script>\n<!-- \/ Yoast SEO plugin. -->","yoast_head_json":{"title":"Aldi introduit le recyclage des briques \u00e0 boisson - Organisateur","description":"Aldi : une nouvelle installation de tri permet de s\u00e9parer proprement les briques \u00e0 boisson et les bouteilles en plastique. Ces derni\u00e8res peuvent ainsi \u00eatre collect\u00e9es ensemble.","robots":{"index":"index","follow":"follow","max-snippet":"max-snippet:-1","max-image-preview":"max-image-preview:large","max-video-preview":"max-video-preview:-1"},"canonical":"https:\/\/www.organisator.ch\/fr\/sustainability\/2016-11-23\/aldi-fuehrt-getraenkekartonrecycling-ein\/","og_locale":"fr_FR","og_type":"article","og_title":"Aldi f\u00fchrt Getr\u00e4nkekartonrecycling ein - Organisator","og_description":"Aldi: Eine neue Sortieranlage erm\u00f6glicht es, Getr\u00e4nkekartons und Plastikflaschen sauber zu trennen. Damit k\u00f6nnen diese gemeinsam gesammelt werden.","og_url":"https:\/\/www.organisator.ch\/fr\/sustainability\/2016-11-23\/aldi-fuehrt-getraenkekartonrecycling-ein\/","og_site_name":"Organisator","article_publisher":"https:\/\/www.facebook.com\/OrganisatorFachmagazin","article_published_time":"2016-11-23T15:44:12+00:00","article_modified_time":"2022-02-09T10:05:39+00:00","og_image":[{"width":2048,"height":1365,"url":"https:\/\/www.organisator.ch\/wp-content\/uploads\/2016\/12\/Aldi-fuehrt-Getraenkekartonrecycling-ein-umweltperspektiven.jpg","type":"image\/jpeg"}],"author":"admin","twitter_card":"summary_large_image","schema":{"@context":"https:\/\/schema.org","@graph":[{"@type":"Article","@id":"https:\/\/www.organisator.ch\/sustainability\/2016-11-23\/aldi-fuehrt-getraenkekartonrecycling-ein\/#article","isPartOf":{"@id":"https:\/\/www.organisator.ch\/sustainability\/2016-11-23\/aldi-fuehrt-getraenkekartonrecycling-ein\/"},"author":{"name":"admin","@id":"https:\/\/www.organisator.ch\/#\/schema\/person\/aa2bace6c5c5aad60102004a50c4eb1c"},"headline":"Aldi f\u00fchrt Getr\u00e4nkekartonrecycling ein","datePublished":"2016-11-23T15:44:12+00:00","dateModified":"2022-02-09T10:05:39+00:00","mainEntityOfPage":{"@id":"https:\/\/www.organisator.ch\/sustainability\/2016-11-23\/aldi-fuehrt-getraenkekartonrecycling-ein\/"},"wordCount":238,"commentCount":0,"publisher":{"@id":"https:\/\/www.organisator.ch\/#organization"},"image":{"@id":"https:\/\/www.organisator.ch\/sustainability\/2016-11-23\/aldi-fuehrt-getraenkekartonrecycling-ein\/#primaryimage"},"thumbnailUrl":"https:\/\/www.organisator.ch\/wp-content\/uploads\/2016\/12\/Aldi-fuehrt-Getraenkekartonrecycling-ein-umweltperspektiven.jpg","keywords":["Aldi","Getr\u00e4nkekarton","M\u00fcller Recycling","Recycling"],"articleSection":["SUSTAINABILITY"],"inLanguage":"fr-FR"},{"@type":"WebPage","@id":"https:\/\/www.organisator.ch\/sustainability\/2016-11-23\/aldi-fuehrt-getraenkekartonrecycling-ein\/","url":"https:\/\/www.organisator.ch\/sustainability\/2016-11-23\/aldi-fuehrt-getraenkekartonrecycling-ein\/","name":"Aldi introduit le recyclage des briques \u00e0 boisson - Organisateur","isPartOf":{"@id":"https:\/\/www.organisator.ch\/#website"},"primaryImageOfPage":{"@id":"https:\/\/www.organisator.ch\/sustainability\/2016-11-23\/aldi-fuehrt-getraenkekartonrecycling-ein\/#primaryimage"},"image":{"@id":"https:\/\/www.organisator.ch\/sustainability\/2016-11-23\/aldi-fuehrt-getraenkekartonrecycling-ein\/#primaryimage"},"thumbnailUrl":"https:\/\/www.organisator.ch\/wp-content\/uploads\/2016\/12\/Aldi-fuehrt-Getraenkekartonrecycling-ein-umweltperspektiven.jpg","datePublished":"2016-11-23T15:44:12+00:00","dateModified":"2022-02-09T10:05:39+00:00","description":"Aldi : une nouvelle installation de tri permet de s\u00e9parer proprement les briques \u00e0 boisson et les bouteilles en plastique. Ces derni\u00e8res peuvent ainsi \u00eatre collect\u00e9es ensemble.","breadcrumb":{"@id":"https:\/\/www.organisator.ch\/sustainability\/2016-11-23\/aldi-fuehrt-getraenkekartonrecycling-ein\/#breadcrumb"},"inLanguage":"fr-FR","potentialAction":[{"@type":"ReadAction","target":["https:\/\/www.organisator.ch\/sustainability\/2016-11-23\/aldi-fuehrt-getraenkekartonrecycling-ein\/"]}]},{"@type":"ImageObject","inLanguage":"fr-FR","@id":"https:\/\/www.organisator.ch\/sustainability\/2016-11-23\/aldi-fuehrt-getraenkekartonrecycling-ein\/#primaryimage","url":"https:\/\/www.organisator.ch\/wp-content\/uploads\/2016\/12\/Aldi-fuehrt-Getraenkekartonrecycling-ein-umweltperspektiven.jpg","contentUrl":"https:\/\/www.organisator.ch\/wp-content\/uploads\/2016\/12\/Aldi-fuehrt-Getraenkekartonrecycling-ein-umweltperspektiven.jpg","width":2048,"height":1365,"caption":"Aldi f\u00fchrt Getr\u00e4nkekartonrecycling ein-umweltperspektiven"},{"@type":"BreadcrumbList","@id":"https:\/\/www.organisator.ch\/sustainability\/2016-11-23\/aldi-fuehrt-getraenkekartonrecycling-ein\/#breadcrumb","itemListElement":[{"@type":"ListItem","position":1,"name":"Home","item":"https:\/\/www.organisator.ch\/"},{"@type":"ListItem","position":2,"name":"Aldi f\u00fchrt Getr\u00e4nkekartonrecycling ein"}]},{"@type":"WebSite","@id":"https:\/\/www.organisator.ch\/#website","url":"https:\/\/www.organisator.ch\/","name":"Organisateur","description":"Comp\u00e9tence et comp\u00e9tence. Proches de la pratique. L'ORGANISATEUR pr\u00e9pare 10 num\u00e9ros par an sur les th\u00e8mes essentiels pour les dirigeants de PME.","publisher":{"@id":"https:\/\/www.organisator.ch\/#organization"},"potentialAction":[{"@type":"SearchAction","target":{"@type":"EntryPoint","urlTemplate":"https:\/\/www.organisator.ch\/?s={search_term_string}"},"query-input":{"@type":"PropertyValueSpecification","valueRequired":true,"valueName":"search_term_string"}}],"inLanguage":"fr-FR"},{"@type":"Organization","@id":"https:\/\/www.organisator.ch\/#organization","name":"Organisateur","url":"https:\/\/www.organisator.ch\/","logo":{"@type":"ImageObject","inLanguage":"fr-FR","@id":"https:\/\/www.organisator.ch\/#\/schema\/logo\/image\/","url":"https:\/\/www.organisator.ch\/wp-content\/uploads\/2022\/01\/Logo_Organisator_Website.png","contentUrl":"https:\/\/www.organisator.ch\/wp-content\/uploads\/2022\/01\/Logo_Organisator_Website.png","width":800,"height":77,"caption":"Organisator"},"image":{"@id":"https:\/\/www.organisator.ch\/#\/schema\/logo\/image\/"},"sameAs":["https:\/\/www.facebook.com\/OrganisatorFachmagazin","https:\/\/www.linkedin.com\/showcase\/organisator-das-magazin-fr-kmu","https:\/\/www.xing.com\/news\/pages\/organisator-ch-695","https:\/\/www.youtube.com\/channel\/UCGP2Sq0iWaZwT3BdIAQFYpw"]},{"@type":"Person","@id":"https:\/\/www.organisator.ch\/#\/schema\/person\/aa2bace6c5c5aad60102004a50c4eb1c","name":"admin","image":{"@type":"ImageObject","inLanguage":"fr-FR","@id":"https:\/\/secure.gravatar.com\/avatar\/ae2f4d718e6c49043e314ce431e7e645d646302a24a5ef5a8bc8e3f5a032e319?s=96&d=mm&r=g","url":"https:\/\/secure.gravatar.com\/avatar\/ae2f4d718e6c49043e314ce431e7e645d646302a24a5ef5a8bc8e3f5a032e319?s=96&d=mm&r=g","contentUrl":"https:\/\/secure.gravatar.com\/avatar\/ae2f4d718e6c49043e314ce431e7e645d646302a24a5ef5a8bc8e3f5a032e319?s=96&d=mm&r=g","caption":"admin"},"sameAs":["https:\/\/www.organisator.ch"],"url":"https:\/\/www.organisator.ch\/fr\/author\/admin\/"}]}},"_links":{"self":[{"href":"https:\/\/www.organisator.ch\/fr\/wp-json\/wp\/v2\/posts\/9978","targetHints":{"allow":["GET"]}}],"collection":[{"href":"https:\/\/www.organisator.ch\/fr\/wp-json\/wp\/v2\/posts"}],"about":[{"href":"https:\/\/www.organisator.ch\/fr\/wp-json\/wp\/v2\/types\/post"}],"author":[{"embeddable":true,"href":"https:\/\/www.organisator.ch\/fr\/wp-json\/wp\/v2\/users\/1"}],"replies":[{"embeddable":true,"href":"https:\/\/www.organisator.ch\/fr\/wp-json\/wp\/v2\/comments?post=9978"}],"version-history":[{"count":1,"href":"https:\/\/www.organisator.ch\/fr\/wp-json\/wp\/v2\/posts\/9978\/revisions"}],"predecessor-version":[{"id":10434,"href":"https:\/\/www.organisator.ch\/fr\/wp-json\/wp\/v2\/posts\/9978\/revisions\/10434"}],"wp:featuredmedia":[{"embeddable":true,"href":"https:\/\/www.organisator.ch\/fr\/wp-json\/wp\/v2\/media\/9434"}],"wp:attachment":[{"href":"https:\/\/www.organisator.ch\/fr\/wp-json\/wp\/v2\/media?parent=9978"}],"wp:term":[{"taxonomy":"category","embeddable":true,"href":"https:\/\/www.organisator.ch\/fr\/wp-json\/wp\/v2\/categories?post=9978"},{"taxonomy":"post_tag","embeddable":true,"href":"https:\/\/www.organisator.ch\/fr\/wp-json\/wp\/v2\/tags?post=9978"}],"curies":[{"name":"wp","href":"https:\/\/api.w.org\/{rel}","templated":true}]}}