{"id":9979,"date":"2016-11-30T16:45:35","date_gmt":"2016-11-30T15:45:35","guid":{"rendered":"https:\/\/dev.umweltperspektiven.ch\/?p=595"},"modified":"2016-11-30T16:45:35","modified_gmt":"2016-11-30T15:45:35","slug":"studie-ueber-umweltziele-der-schweizer-unternehmen","status":"publish","type":"post","link":"https:\/\/www.organisator.ch\/fr\/allgemein\/2016-11-30\/studie-ueber-umweltziele-der-schweizer-unternehmen\/","title":{"rendered":"Etude sur les objectifs environnementaux des entreprises suisses"},"content":{"rendered":"<figure id=\"attachment_596\" aria-describedby=\"caption-attachment-596\" style=\"width: 680px\" class=\"wp-caption alignnone\"><a href=\"\/\/dev.umweltperspektiven.ch\/wp-content\/uploads\/2016\/12\/Studie-\u00fcber-Umweltziele-der-Schweizer-Unternehmen-umweltperspektiven.jpg\"><img loading=\"lazy\" decoding=\"async\" class=\"size-medium wp-image-596\" src=\"\/\/dev.umweltperspektiven.ch\/wp-content\/uploads\/2016\/12\/Studie-\u00fcber-Umweltziele-der-Schweizer-Unternehmen-umweltperspektiven.jpg\" alt=\"L&#039;\u00e9nergie, les \u00e9missions et les d\u00e9chets figurent en t\u00eate des objectifs environnementaux\" width=\"680\" height=\"451\" \/><\/a><figcaption id=\"caption-attachment-596\" class=\"wp-caption-text\">L'\u00e9nergie, les \u00e9missions et les d\u00e9chets figurent en t\u00eate des objectifs environnementaux<\/figcaption><\/figure>\n<p>Les entreprises jouent un r\u00f4le d\u00e9cisif dans la mise en \u0153uvre des Objectifs de d\u00e9veloppement durable (ODD) fix\u00e9s en 2015. D'une part, elles fournissent les biens et les services dont la consommation laisse une \"empreinte\" qui risque de d\u00e9passer les limites de la charge plan\u00e9taire. D'autre part, elles disposent de nombreuses ressources et possibilit\u00e9s d'influence qui leur permettent d'apporter une contribution essentielle au d\u00e9veloppement durable.<\/p>\n<p><strong>La pertinence des objectifs concrets<\/strong><\/p>\n<p>La mesure dans laquelle elles sont conscientes de leur responsabilit\u00e9 sociale (Corporate Responsibility) peut \u00eatre mesur\u00e9e, entre autres, par le fait qu'elles ont reconnu la th\u00e9matique de l'environnement comme un facteur de r\u00e9ussite strat\u00e9gique et qu'elles l'ont syst\u00e9matiquement ancr\u00e9e dans leur management.<\/p>\n<p>L'existence ou l'absence d'objectifs concrets est un indicateur pertinent et probant \u00e0 cet \u00e9gard. En effet, selon une vieille \"sagesse du management\", on ne peut pas et on ne pourra pas g\u00e9rer ce que l'on ne peut pas mesurer. Et dans le contexte de la gestion d'entreprise, on ne peut mesurer que quelque chose pour lequel on a pr\u00e9alablement formul\u00e9 un objectif avec les indicateurs correspondants.<\/p>\n<p>C'est sur ce point qu'est parti le projet \"Objectifs environnementaux des entreprises en Suisse\", \u00e9labor\u00e9 au cours de l'\u00e9t\u00e9 2016, sur mandat de l'OFEV, par un consortium de recherche dirig\u00e9 par le professeur Claus-Heinrich Daub, directeur adjoint de l'Institut pour la gestion d'entreprise \u00e0 la Haute \u00e9cole d'\u00e9conomie FHNW, en collaboration avec Herbert Winist\u00f6rfer, directeur du Center for Corporate Responsibility \u00e0 la ZHAW School of Management and Law.<\/p>\n<p>Le but de l'\u00e9tude \u00e9tait de d\u00e9terminer quels objectifs environnementaux les entreprises suisses publient (dimension quantitative), quels th\u00e8mes ou champs d'action environnementaux sont abord\u00e9s et comment les objectifs sont formul\u00e9s (dimension qualitative). Il s'agissait \u00e9galement d'identifier les facteurs d'entrave et les facteurs potentiellement favorables.<\/p>\n<p>Pour ce faire, l'\u00e9quipe de recherche s'est int\u00e9ress\u00e9e aux 500 plus grandes entreprises suisses. Celles qui disposent d'un rapport public et publient au moins un objectif environnemental ont \u00e9t\u00e9 \u00e9tudi\u00e9es en d\u00e9tail. Cet \u00e9chantillon de base \u00e9tait compos\u00e9 de 88 entreprises.<\/p>\n<p>En outre, huit petites et moyennes entreprises (PME) pionni\u00e8res en mati\u00e8re de reporting sur le d\u00e9veloppement durable et huit multinationales consid\u00e9r\u00e9es comme des \"meilleures pratiques\" en mati\u00e8re d'objectifs environnementaux ont \u00e9t\u00e9 analys\u00e9es en tant qu'\u00e9chantillon de comparaison.<\/p>\n<p>Comme l'analyse des rapports ne peut pas fournir d'informations sur les motivations et le contexte de la fixation d'objectifs, des entretiens individuels et de groupe ont \u00e9t\u00e9 men\u00e9s. Les entretiens ont port\u00e9 sur des directeurs ou des CEO ainsi que sur des responsables du d\u00e9veloppement durable ou de l'environnement de quelques entreprises s\u00e9lectionn\u00e9es.<\/p>\n<p><strong>Des diff\u00e9rences importantes entre les branches<\/strong><\/p>\n<p>La proportion d'entreprises ayant des objectifs environnementaux varie consid\u00e9rablement d'un secteur \u00e0 l'autre : Alors que dans l'industrie du papier et du carton, dans les banques et dans l'industrie cosm\u00e9tique, le pourcentage est de 50% ou plus, il est de 5% dans le secteur informatique.<\/p>\n<p>Pour la plupart des entreprises qui formulent des objectifs, l'accent est mis sur l'\u00e9nergie, les \u00e9missions, les eaux us\u00e9es et les d\u00e9chets et mat\u00e9riaux. La biodiversit\u00e9, les produits, le transport et les certificats de fournisseurs sont moins pris en compte. La plupart se limitent \u00e0 des domaines trait\u00e9s en interne - les \u00e9tapes pr\u00e9c\u00e9dentes ou suivantes de la cha\u00eene de cr\u00e9ation de valeur ne sont que rarement prises en compte.<\/p>\n<p>L'\u00e9tude compl\u00e8te ainsi qu'un r\u00e9sum\u00e9 se trouvent sur le site <a href=\"http:\/\/www.bafu.admin.ch\/wirtschaft\/10365\/15875\/index.html?lang=de\" target=\"_blank\" rel=\"noreferrer noopener\" data-cke-saved-href=\"\/\/www.bafu.admin.ch\/wirtschaft\/10365\/15875\/index.html?lang=de\">Site web de l'OFEV.\u00a0<\/a><\/p>","protected":false},"excerpt":{"rendered":"<p>Bei der Umsetzung der im Jahr 2015 festgelegten, globalen Sustainable Development Goals (SDG) spielen Unternehmen eine entscheidende Rolle. Sie stellen einerseits jene Waren und Dienstleistungen bereit, deren Konsum einen \u201eFussabdruck\u201c hinterl\u00e4sst, der die planetaren Belastungsgrenzen zu sprengen droht. Sie verf\u00fcgen andererseits \u00fcber zahlreiche Ressourcen und Einflussm\u00f6glichkeiten, die es ihnen erm\u00f6glichen, wesentliche Beitr\u00e4ge zu einer nachhaltigen [&hellip;]<\/p>\n","protected":false},"author":1,"featured_media":9435,"comment_status":"open","ping_status":"open","sticky":false,"template":"","format":"standard","meta":{"_acf_changed":false,"_yoast_wpseo_focuskw":"Umweltziele","_yoast_wpseo_metadesc":"Eine Studie im Auftrag des BAFU hat untersucht, welche Umweltziele Schweizer Unternehmen verfolgen.","articlekey":"","footnotes":""},"categories":[1],"tags":[762,1168,459,460,2393],"class_list":["post-9979","post","type-post","status-publish","format-standard","has-post-thumbnail","hentry","category-allgemein","tag-bafu","tag-fhnw","tag-studie","tag-studien","tag-umweltziele"],"acf":[],"yoast_head":"<!-- This site is optimized with the Yoast SEO plugin v27.4 - https:\/\/yoast.com\/product\/yoast-seo-wordpress\/ -->\n<title>Studie \u00fcber Umweltziele der Schweizer Unternehmen - Organisator<\/title>\n<meta name=\"description\" content=\"Eine Studie im Auftrag des BAFU hat untersucht, welche Umweltziele Schweizer Unternehmen verfolgen.\" \/>\n<meta name=\"robots\" content=\"index, follow, max-snippet:-1, max-image-preview:large, max-video-preview:-1\" \/>\n<link rel=\"canonical\" href=\"https:\/\/www.organisator.ch\/fr\/general\/2016-11-30\/studie-ueber-umweltziele-der-schweizer-unternehmen\/\" \/>\n<meta property=\"og:locale\" content=\"fr_FR\" \/>\n<meta property=\"og:type\" content=\"article\" \/>\n<meta property=\"og:title\" content=\"Studie \u00fcber Umweltziele der Schweizer Unternehmen - Organisator\" \/>\n<meta property=\"og:description\" content=\"Eine Studie im Auftrag des BAFU hat untersucht, welche Umweltziele Schweizer Unternehmen verfolgen.\" \/>\n<meta property=\"og:url\" content=\"https:\/\/www.organisator.ch\/fr\/general\/2016-11-30\/studie-ueber-umweltziele-der-schweizer-unternehmen\/\" \/>\n<meta property=\"og:site_name\" content=\"Organisator\" \/>\n<meta property=\"article:publisher\" content=\"https:\/\/www.facebook.com\/OrganisatorFachmagazin\" \/>\n<meta property=\"article:published_time\" content=\"2016-11-30T15:45:35+00:00\" \/>\n<meta property=\"og:image\" content=\"https:\/\/www.organisator.ch\/wp-content\/uploads\/2016\/12\/Studie-ueber-Umweltziele-der-Schweizer-Unternehmen-umweltperspektiven.jpg\" \/>\n\t<meta property=\"og:image:width\" content=\"1000\" \/>\n\t<meta property=\"og:image:height\" content=\"663\" \/>\n\t<meta property=\"og:image:type\" content=\"image\/jpeg\" \/>\n<meta name=\"author\" content=\"admin\" \/>\n<meta name=\"twitter:card\" content=\"summary_large_image\" \/>\n<script type=\"application\/ld+json\" class=\"yoast-schema-graph\">{\"@context\":\"https:\\\/\\\/schema.org\",\"@graph\":[{\"@type\":\"Article\",\"@id\":\"https:\\\/\\\/www.organisator.ch\\\/it\\\/generale\\\/2016-11-30\\\/studie-ueber-umweltziele-der-schweizer-unternehmen\\\/#article\",\"isPartOf\":{\"@id\":\"https:\\\/\\\/www.organisator.ch\\\/it\\\/generale\\\/2016-11-30\\\/studie-ueber-umweltziele-der-schweizer-unternehmen\\\/\"},\"author\":{\"name\":\"admin\",\"@id\":\"https:\\\/\\\/www.organisator.ch\\\/#\\\/schema\\\/person\\\/aa2bace6c5c5aad60102004a50c4eb1c\"},\"headline\":\"Studie \u00fcber Umweltziele der Schweizer Unternehmen\",\"datePublished\":\"2016-11-30T15:45:35+00:00\",\"mainEntityOfPage\":{\"@id\":\"https:\\\/\\\/www.organisator.ch\\\/it\\\/generale\\\/2016-11-30\\\/studie-ueber-umweltziele-der-schweizer-unternehmen\\\/\"},\"wordCount\":507,\"commentCount\":0,\"publisher\":{\"@id\":\"https:\\\/\\\/www.organisator.ch\\\/#organization\"},\"image\":{\"@id\":\"https:\\\/\\\/www.organisator.ch\\\/it\\\/generale\\\/2016-11-30\\\/studie-ueber-umweltziele-der-schweizer-unternehmen\\\/#primaryimage\"},\"thumbnailUrl\":\"https:\\\/\\\/www.organisator.ch\\\/wp-content\\\/uploads\\\/2016\\\/12\\\/Studie-ueber-Umweltziele-der-Schweizer-Unternehmen-umweltperspektiven.jpg\",\"keywords\":[\"BAFU\",\"FHNW\",\"Studie\",\"Studien\",\"Umweltziele\"],\"articleSection\":[\"Allgemein\"],\"inLanguage\":\"fr-FR\"},{\"@type\":\"WebPage\",\"@id\":\"https:\\\/\\\/www.organisator.ch\\\/it\\\/generale\\\/2016-11-30\\\/studie-ueber-umweltziele-der-schweizer-unternehmen\\\/\",\"url\":\"https:\\\/\\\/www.organisator.ch\\\/it\\\/generale\\\/2016-11-30\\\/studie-ueber-umweltziele-der-schweizer-unternehmen\\\/\",\"name\":\"Studie \u00fcber Umweltziele der Schweizer Unternehmen - Organisator\",\"isPartOf\":{\"@id\":\"https:\\\/\\\/www.organisator.ch\\\/#website\"},\"primaryImageOfPage\":{\"@id\":\"https:\\\/\\\/www.organisator.ch\\\/it\\\/generale\\\/2016-11-30\\\/studie-ueber-umweltziele-der-schweizer-unternehmen\\\/#primaryimage\"},\"image\":{\"@id\":\"https:\\\/\\\/www.organisator.ch\\\/it\\\/generale\\\/2016-11-30\\\/studie-ueber-umweltziele-der-schweizer-unternehmen\\\/#primaryimage\"},\"thumbnailUrl\":\"https:\\\/\\\/www.organisator.ch\\\/wp-content\\\/uploads\\\/2016\\\/12\\\/Studie-ueber-Umweltziele-der-Schweizer-Unternehmen-umweltperspektiven.jpg\",\"datePublished\":\"2016-11-30T15:45:35+00:00\",\"description\":\"Eine Studie im Auftrag des BAFU hat untersucht, welche Umweltziele Schweizer Unternehmen verfolgen.\",\"breadcrumb\":{\"@id\":\"https:\\\/\\\/www.organisator.ch\\\/it\\\/generale\\\/2016-11-30\\\/studie-ueber-umweltziele-der-schweizer-unternehmen\\\/#breadcrumb\"},\"inLanguage\":\"fr-FR\",\"potentialAction\":[{\"@type\":\"ReadAction\",\"target\":[\"https:\\\/\\\/www.organisator.ch\\\/it\\\/generale\\\/2016-11-30\\\/studie-ueber-umweltziele-der-schweizer-unternehmen\\\/\"]}]},{\"@type\":\"ImageObject\",\"inLanguage\":\"fr-FR\",\"@id\":\"https:\\\/\\\/www.organisator.ch\\\/it\\\/generale\\\/2016-11-30\\\/studie-ueber-umweltziele-der-schweizer-unternehmen\\\/#primaryimage\",\"url\":\"https:\\\/\\\/www.organisator.ch\\\/wp-content\\\/uploads\\\/2016\\\/12\\\/Studie-ueber-Umweltziele-der-Schweizer-Unternehmen-umweltperspektiven.jpg\",\"contentUrl\":\"https:\\\/\\\/www.organisator.ch\\\/wp-content\\\/uploads\\\/2016\\\/12\\\/Studie-ueber-Umweltziele-der-Schweizer-Unternehmen-umweltperspektiven.jpg\",\"width\":1000,\"height\":663,\"caption\":\"Energie, Emissionen und Abfall stehen an den ersten Stellen bei den Umweltzielen\"},{\"@type\":\"BreadcrumbList\",\"@id\":\"https:\\\/\\\/www.organisator.ch\\\/it\\\/generale\\\/2016-11-30\\\/studie-ueber-umweltziele-der-schweizer-unternehmen\\\/#breadcrumb\",\"itemListElement\":[{\"@type\":\"ListItem\",\"position\":1,\"name\":\"Home\",\"item\":\"https:\\\/\\\/www.organisator.ch\\\/\"},{\"@type\":\"ListItem\",\"position\":2,\"name\":\"Studie \u00fcber Umweltziele der Schweizer Unternehmen\"}]},{\"@type\":\"WebSite\",\"@id\":\"https:\\\/\\\/www.organisator.ch\\\/#website\",\"url\":\"https:\\\/\\\/www.organisator.ch\\\/\",\"name\":\"Organisator\",\"description\":\"Kompetent. Praxisnah. Der ORGANISATOR bereitet in 10 Ausgaben pro Jahr die wesentlichen Themen f\u00fcr F\u00fchrungskr\u00e4fte von KMU auf.\",\"publisher\":{\"@id\":\"https:\\\/\\\/www.organisator.ch\\\/#organization\"},\"potentialAction\":[{\"@type\":\"SearchAction\",\"target\":{\"@type\":\"EntryPoint\",\"urlTemplate\":\"https:\\\/\\\/www.organisator.ch\\\/?s={search_term_string}\"},\"query-input\":{\"@type\":\"PropertyValueSpecification\",\"valueRequired\":true,\"valueName\":\"search_term_string\"}}],\"inLanguage\":\"fr-FR\"},{\"@type\":\"Organization\",\"@id\":\"https:\\\/\\\/www.organisator.ch\\\/#organization\",\"name\":\"Organisator\",\"url\":\"https:\\\/\\\/www.organisator.ch\\\/\",\"logo\":{\"@type\":\"ImageObject\",\"inLanguage\":\"fr-FR\",\"@id\":\"https:\\\/\\\/www.organisator.ch\\\/#\\\/schema\\\/logo\\\/image\\\/\",\"url\":\"https:\\\/\\\/www.organisator.ch\\\/wp-content\\\/uploads\\\/2022\\\/01\\\/Logo_Organisator_Website.png\",\"contentUrl\":\"https:\\\/\\\/www.organisator.ch\\\/wp-content\\\/uploads\\\/2022\\\/01\\\/Logo_Organisator_Website.png\",\"width\":800,\"height\":77,\"caption\":\"Organisator\"},\"image\":{\"@id\":\"https:\\\/\\\/www.organisator.ch\\\/#\\\/schema\\\/logo\\\/image\\\/\"},\"sameAs\":[\"https:\\\/\\\/www.facebook.com\\\/OrganisatorFachmagazin\",\"https:\\\/\\\/www.linkedin.com\\\/showcase\\\/organisator-das-magazin-fr-kmu\",\"https:\\\/\\\/www.xing.com\\\/news\\\/pages\\\/organisator-ch-695\",\"https:\\\/\\\/www.youtube.com\\\/channel\\\/UCGP2Sq0iWaZwT3BdIAQFYpw\"]},{\"@type\":\"Person\",\"@id\":\"https:\\\/\\\/www.organisator.ch\\\/#\\\/schema\\\/person\\\/aa2bace6c5c5aad60102004a50c4eb1c\",\"name\":\"admin\",\"image\":{\"@type\":\"ImageObject\",\"inLanguage\":\"fr-FR\",\"@id\":\"https:\\\/\\\/secure.gravatar.com\\\/avatar\\\/ae2f4d718e6c49043e314ce431e7e645d646302a24a5ef5a8bc8e3f5a032e319?s=96&d=mm&r=g\",\"url\":\"https:\\\/\\\/secure.gravatar.com\\\/avatar\\\/ae2f4d718e6c49043e314ce431e7e645d646302a24a5ef5a8bc8e3f5a032e319?s=96&d=mm&r=g\",\"contentUrl\":\"https:\\\/\\\/secure.gravatar.com\\\/avatar\\\/ae2f4d718e6c49043e314ce431e7e645d646302a24a5ef5a8bc8e3f5a032e319?s=96&d=mm&r=g\",\"caption\":\"admin\"},\"sameAs\":[\"https:\\\/\\\/www.organisator.ch\"],\"url\":\"https:\\\/\\\/www.organisator.ch\\\/fr\\\/author\\\/admin\\\/\"}]}<\/script>\n<!-- \/ Yoast SEO plugin. -->","yoast_head_json":{"title":"Etude sur les objectifs environnementaux des entreprises suisses - Organisateur","description":"Une \u00e9tude command\u00e9e par l'OFEV a analys\u00e9 les objectifs environnementaux des entreprises suisses.","robots":{"index":"index","follow":"follow","max-snippet":"max-snippet:-1","max-image-preview":"max-image-preview:large","max-video-preview":"max-video-preview:-1"},"canonical":"https:\/\/www.organisator.ch\/fr\/general\/2016-11-30\/studie-ueber-umweltziele-der-schweizer-unternehmen\/","og_locale":"fr_FR","og_type":"article","og_title":"Studie \u00fcber Umweltziele der Schweizer Unternehmen - Organisator","og_description":"Eine Studie im Auftrag des BAFU hat untersucht, welche Umweltziele Schweizer Unternehmen verfolgen.","og_url":"https:\/\/www.organisator.ch\/fr\/general\/2016-11-30\/studie-ueber-umweltziele-der-schweizer-unternehmen\/","og_site_name":"Organisator","article_publisher":"https:\/\/www.facebook.com\/OrganisatorFachmagazin","article_published_time":"2016-11-30T15:45:35+00:00","og_image":[{"width":1000,"height":663,"url":"https:\/\/www.organisator.ch\/wp-content\/uploads\/2016\/12\/Studie-ueber-Umweltziele-der-Schweizer-Unternehmen-umweltperspektiven.jpg","type":"image\/jpeg"}],"author":"admin","twitter_card":"summary_large_image","schema":{"@context":"https:\/\/schema.org","@graph":[{"@type":"Article","@id":"https:\/\/www.organisator.ch\/it\/generale\/2016-11-30\/studie-ueber-umweltziele-der-schweizer-unternehmen\/#article","isPartOf":{"@id":"https:\/\/www.organisator.ch\/it\/generale\/2016-11-30\/studie-ueber-umweltziele-der-schweizer-unternehmen\/"},"author":{"name":"admin","@id":"https:\/\/www.organisator.ch\/#\/schema\/person\/aa2bace6c5c5aad60102004a50c4eb1c"},"headline":"Studie \u00fcber Umweltziele der Schweizer Unternehmen","datePublished":"2016-11-30T15:45:35+00:00","mainEntityOfPage":{"@id":"https:\/\/www.organisator.ch\/it\/generale\/2016-11-30\/studie-ueber-umweltziele-der-schweizer-unternehmen\/"},"wordCount":507,"commentCount":0,"publisher":{"@id":"https:\/\/www.organisator.ch\/#organization"},"image":{"@id":"https:\/\/www.organisator.ch\/it\/generale\/2016-11-30\/studie-ueber-umweltziele-der-schweizer-unternehmen\/#primaryimage"},"thumbnailUrl":"https:\/\/www.organisator.ch\/wp-content\/uploads\/2016\/12\/Studie-ueber-Umweltziele-der-Schweizer-Unternehmen-umweltperspektiven.jpg","keywords":["BAFU","FHNW","Studie","Studien","Umweltziele"],"articleSection":["Allgemein"],"inLanguage":"fr-FR"},{"@type":"WebPage","@id":"https:\/\/www.organisator.ch\/it\/generale\/2016-11-30\/studie-ueber-umweltziele-der-schweizer-unternehmen\/","url":"https:\/\/www.organisator.ch\/it\/generale\/2016-11-30\/studie-ueber-umweltziele-der-schweizer-unternehmen\/","name":"Etude sur les objectifs environnementaux des entreprises suisses - Organisateur","isPartOf":{"@id":"https:\/\/www.organisator.ch\/#website"},"primaryImageOfPage":{"@id":"https:\/\/www.organisator.ch\/it\/generale\/2016-11-30\/studie-ueber-umweltziele-der-schweizer-unternehmen\/#primaryimage"},"image":{"@id":"https:\/\/www.organisator.ch\/it\/generale\/2016-11-30\/studie-ueber-umweltziele-der-schweizer-unternehmen\/#primaryimage"},"thumbnailUrl":"https:\/\/www.organisator.ch\/wp-content\/uploads\/2016\/12\/Studie-ueber-Umweltziele-der-Schweizer-Unternehmen-umweltperspektiven.jpg","datePublished":"2016-11-30T15:45:35+00:00","description":"Une \u00e9tude command\u00e9e par l'OFEV a analys\u00e9 les objectifs environnementaux des entreprises suisses.","breadcrumb":{"@id":"https:\/\/www.organisator.ch\/it\/generale\/2016-11-30\/studie-ueber-umweltziele-der-schweizer-unternehmen\/#breadcrumb"},"inLanguage":"fr-FR","potentialAction":[{"@type":"ReadAction","target":["https:\/\/www.organisator.ch\/it\/generale\/2016-11-30\/studie-ueber-umweltziele-der-schweizer-unternehmen\/"]}]},{"@type":"ImageObject","inLanguage":"fr-FR","@id":"https:\/\/www.organisator.ch\/it\/generale\/2016-11-30\/studie-ueber-umweltziele-der-schweizer-unternehmen\/#primaryimage","url":"https:\/\/www.organisator.ch\/wp-content\/uploads\/2016\/12\/Studie-ueber-Umweltziele-der-Schweizer-Unternehmen-umweltperspektiven.jpg","contentUrl":"https:\/\/www.organisator.ch\/wp-content\/uploads\/2016\/12\/Studie-ueber-Umweltziele-der-Schweizer-Unternehmen-umweltperspektiven.jpg","width":1000,"height":663,"caption":"Energie, Emissionen und Abfall stehen an den ersten Stellen bei den Umweltzielen"},{"@type":"BreadcrumbList","@id":"https:\/\/www.organisator.ch\/it\/generale\/2016-11-30\/studie-ueber-umweltziele-der-schweizer-unternehmen\/#breadcrumb","itemListElement":[{"@type":"ListItem","position":1,"name":"Home","item":"https:\/\/www.organisator.ch\/"},{"@type":"ListItem","position":2,"name":"Studie \u00fcber Umweltziele der Schweizer Unternehmen"}]},{"@type":"WebSite","@id":"https:\/\/www.organisator.ch\/#website","url":"https:\/\/www.organisator.ch\/","name":"Organisateur","description":"Comp\u00e9tence et comp\u00e9tence. Proches de la pratique. L'ORGANISATEUR pr\u00e9pare 10 num\u00e9ros par an sur les th\u00e8mes essentiels pour les dirigeants de PME.","publisher":{"@id":"https:\/\/www.organisator.ch\/#organization"},"potentialAction":[{"@type":"SearchAction","target":{"@type":"EntryPoint","urlTemplate":"https:\/\/www.organisator.ch\/?s={search_term_string}"},"query-input":{"@type":"PropertyValueSpecification","valueRequired":true,"valueName":"search_term_string"}}],"inLanguage":"fr-FR"},{"@type":"Organization","@id":"https:\/\/www.organisator.ch\/#organization","name":"Organisateur","url":"https:\/\/www.organisator.ch\/","logo":{"@type":"ImageObject","inLanguage":"fr-FR","@id":"https:\/\/www.organisator.ch\/#\/schema\/logo\/image\/","url":"https:\/\/www.organisator.ch\/wp-content\/uploads\/2022\/01\/Logo_Organisator_Website.png","contentUrl":"https:\/\/www.organisator.ch\/wp-content\/uploads\/2022\/01\/Logo_Organisator_Website.png","width":800,"height":77,"caption":"Organisator"},"image":{"@id":"https:\/\/www.organisator.ch\/#\/schema\/logo\/image\/"},"sameAs":["https:\/\/www.facebook.com\/OrganisatorFachmagazin","https:\/\/www.linkedin.com\/showcase\/organisator-das-magazin-fr-kmu","https:\/\/www.xing.com\/news\/pages\/organisator-ch-695","https:\/\/www.youtube.com\/channel\/UCGP2Sq0iWaZwT3BdIAQFYpw"]},{"@type":"Person","@id":"https:\/\/www.organisator.ch\/#\/schema\/person\/aa2bace6c5c5aad60102004a50c4eb1c","name":"admin","image":{"@type":"ImageObject","inLanguage":"fr-FR","@id":"https:\/\/secure.gravatar.com\/avatar\/ae2f4d718e6c49043e314ce431e7e645d646302a24a5ef5a8bc8e3f5a032e319?s=96&d=mm&r=g","url":"https:\/\/secure.gravatar.com\/avatar\/ae2f4d718e6c49043e314ce431e7e645d646302a24a5ef5a8bc8e3f5a032e319?s=96&d=mm&r=g","contentUrl":"https:\/\/secure.gravatar.com\/avatar\/ae2f4d718e6c49043e314ce431e7e645d646302a24a5ef5a8bc8e3f5a032e319?s=96&d=mm&r=g","caption":"admin"},"sameAs":["https:\/\/www.organisator.ch"],"url":"https:\/\/www.organisator.ch\/fr\/author\/admin\/"}]}},"_links":{"self":[{"href":"https:\/\/www.organisator.ch\/fr\/wp-json\/wp\/v2\/posts\/9979","targetHints":{"allow":["GET"]}}],"collection":[{"href":"https:\/\/www.organisator.ch\/fr\/wp-json\/wp\/v2\/posts"}],"about":[{"href":"https:\/\/www.organisator.ch\/fr\/wp-json\/wp\/v2\/types\/post"}],"author":[{"embeddable":true,"href":"https:\/\/www.organisator.ch\/fr\/wp-json\/wp\/v2\/users\/1"}],"replies":[{"embeddable":true,"href":"https:\/\/www.organisator.ch\/fr\/wp-json\/wp\/v2\/comments?post=9979"}],"version-history":[{"count":0,"href":"https:\/\/www.organisator.ch\/fr\/wp-json\/wp\/v2\/posts\/9979\/revisions"}],"wp:featuredmedia":[{"embeddable":true,"href":"https:\/\/www.organisator.ch\/fr\/wp-json\/wp\/v2\/media\/9435"}],"wp:attachment":[{"href":"https:\/\/www.organisator.ch\/fr\/wp-json\/wp\/v2\/media?parent=9979"}],"wp:term":[{"taxonomy":"category","embeddable":true,"href":"https:\/\/www.organisator.ch\/fr\/wp-json\/wp\/v2\/categories?post=9979"},{"taxonomy":"post_tag","embeddable":true,"href":"https:\/\/www.organisator.ch\/fr\/wp-json\/wp\/v2\/tags?post=9979"}],"curies":[{"name":"wp","href":"https:\/\/api.w.org\/{rel}","templated":true}]}}