{"id":9981,"date":"2016-12-03T16:49:31","date_gmt":"2016-12-03T15:49:31","guid":{"rendered":"https:\/\/dev.umweltperspektiven.ch\/?p=604"},"modified":"2016-12-03T16:49:31","modified_gmt":"2016-12-03T15:49:31","slug":"erffiziente-led-strassenbeleuchtung-effestrada-wird-verlaengert","status":"publish","type":"post","link":"https:\/\/www.organisator.ch\/fr\/allgemein\/2016-12-03\/erffiziente-led-strassenbeleuchtung-effestrada-wird-verlaengert\/","title":{"rendered":"Un \u00e9clairage public \u00e0 LED efficace : effeSTRADA+ est prolong\u00e9"},"content":{"rendered":"<figure id=\"attachment_605\" aria-describedby=\"caption-attachment-605\" style=\"width: 680px\" class=\"wp-caption alignnone\"><a href=\"\/\/dev.umweltperspektiven.ch\/wp-content\/uploads\/2016\/12\/Erffiziente-LED-Strassenbeleuchtung-effeSTRADA-wird-verl\u00e4ngert-umweltperspektiven.jpg\"><img loading=\"lazy\" decoding=\"async\" class=\"size-medium wp-image-605\" src=\"\/\/dev.umweltperspektiven.ch\/wp-content\/uploads\/2016\/12\/Erffiziente-LED-Strassenbeleuchtung-effeSTRADA-wird-verl\u00e4ngert-umweltperspektiven.jpg\" alt=\"effeSTRADA veut promouvoir des \u00e9clairages efficaces sur le plan \u00e9nerg\u00e9tique dans les espaces publics.\" width=\"680\" height=\"474\" \/><\/a><figcaption id=\"caption-attachment-605\" class=\"wp-caption-text\">effeSTRADA veut promouvoir des \u00e9clairages efficaces sur le plan \u00e9nerg\u00e9tique dans les espaces publics.<\/figcaption><\/figure>\n<p>effeSTRADA est le programme national de promotion de l'Association professionnelle de l'industrie de l'\u00e9clairage (fvb) visant \u00e0 soutenir les communes dans l'adaptation de leur \u00e9clairage public \u00e0 une solution LED intelligente. effeSTRADA est soutenu par ProKilowatt et coordonn\u00e9 par l'Association professionnelle de l'industrie de l'\u00e9clairage (fvb). L'Agence suisse pour l'efficacit\u00e9 \u00e9nerg\u00e9tique (S.A.F.E.) se charge du d\u00e9roulement op\u00e9rationnel du programme. Des experts neutres sont l\u00e0 pour conseiller et surveiller le monitoring.<\/p>\n<p><strong>Objectifs d\u00e9pass\u00e9s<\/strong><\/p>\n<p>L'objectif d'effeSTRADA est clair : promouvoir un \u00e9clairage public efficace sur le plan \u00e9nerg\u00e9tique. En Suisse, l'\u00e9clairage public repr\u00e9sente environ 1,5 % de la consommation totale d'\u00e9lectricit\u00e9. Des LED modernes combin\u00e9es \u00e0 une commande intelligente permettraient d'\u00e9conomiser 70 pour cent de l'\u00e9nergie.<\/p>\n<p>Avec la somme de promotion de 1 million de francs, effeSTRADA poursuivait de 2014 \u00e0 16 l'objectif de d\u00e9clencher des investissements de 5 millions de francs et d'\u00e9conomiser 1,7 million de kWh d'\u00e9lectricit\u00e9 par an. Selon Daniel Cathomen (fvb), les objectifs de la premi\u00e8re phase d'effeSTRADA ont \u00e9t\u00e9 atteints plus rapidement que pr\u00e9vu et ont en outre \u00e9t\u00e9 largement d\u00e9pass\u00e9s : au lieu des 5000 points lumineux LED vis\u00e9s, 5500 ont \u00e9t\u00e9 subventionn\u00e9s. Mais beaucoup plus de projets ont \u00e9t\u00e9 d\u00e9pos\u00e9s. Plusieurs projets ont d\u00fb \u00eatre rejet\u00e9s parce que les \u00e9conomies r\u00e9alis\u00e9es \u00e9taient trop faibles ou parce que les crit\u00e8res n'\u00e9taient pas remplis. Au final, des projets ont \u00e9t\u00e9 rejet\u00e9s et le budget a \u00e9t\u00e9 \u00e9puis\u00e9.<\/p>\n<p>En outre, 390 kWh\/a ont \u00e9t\u00e9 \u00e9conomis\u00e9s par point lumineux et par an au lieu de 345 kWh\/a. Sur 20 ans, l'\u00e9conomie d'\u00e9nergie a atteint 124%, soit 42,7 GWh au lieu de 34,5 GWh. Au total, 48 communes ont \u00e9t\u00e9 soutenues. effeSTRADA a vers\u00e9 100 francs par point lumineux.<\/p>\n<p><strong>Seuil d'\u00e9ligibilit\u00e9 abaiss\u00e9<\/strong><\/p>\n<p>Pour effeSTRADA+, le projet qui lui succ\u00e8de et qui d\u00e9butera le 16 janvier 2017, le bonus de 100 francs par point lumineux reste inchang\u00e9. En revanche, les demandes \u00e0 partir de 25 points lumineux LED (contre 50 auparavant) sont encourag\u00e9es si le luminaire est \u00e9quip\u00e9 d'un d\u00e9tecteur de mouvement. Chaque point lumineux doit permettre d'\u00e9conomiser au moins 225 kWh\/a (contre 200 kWh\/a auparavant) ; en r\u00e8gle g\u00e9n\u00e9rale, les anciennes lampes \u00e0 vapeur de sodium sont remplac\u00e9es. La dur\u00e9e du programme d'encouragement est \u00e0 nouveau de trois ans, ou jusqu'\u00e0 ce que les fonds d'encouragement de 1,2 million de francs soient \u00e9puis\u00e9s. Les projets soutenus doivent \u00eatre achev\u00e9s au plus tard 18 mois apr\u00e8s leur d\u00e9p\u00f4t.<\/p>\n<p>Inscription au programme de soutien \u00e0 l'adresse : <a href=\"http:\/\/www.effestrada.ch\" target=\"_blank\" rel=\"noreferrer noopener\" data-cke-saved-href=\"\/\/www.effestrada.ch\">www.effestrada.ch<\/a><\/p>\n<p>Auteur : Stefan Harmann, <a href=\"http:\/\/www.presseladen.ch\/\" target=\"_blank\" rel=\"noreferrer noopener\" data-cke-saved-href=\"\/\/www.presseladen.ch\/\">Magasin de presse<\/a><\/p>","protected":false},"excerpt":{"rendered":"<p>effeSTRADA ist das nationale F\u00f6rderprogramm des Fachverbandes der Beleuchtungsindustrie (fvb), um Gemeinden bei der Umr\u00fcstung ihrer Strassenbeleuchtung auf eine intelligente LED-L\u00f6sung zu unterst\u00fctzen. Gef\u00f6rdert wird effeSTRADA von ProKilowatt und koordiniert vom Fachverband der Beleuchtungsindustrie (fvb). Die operative Abwicklung des Programms \u00fcbernimmt die Schweizerische Agentur f\u00fcr Energieeffizienz (S.A.F.E.). Neutrale Experten stehen beratend zur Seite und \u00fcberwachen [&hellip;]<\/p>\n","protected":false},"author":1,"featured_media":9436,"comment_status":"open","ping_status":"open","sticky":false,"template":"","format":"standard","meta":{"_acf_changed":false,"_yoast_wpseo_focuskw":"LED","_yoast_wpseo_metadesc":"Nach der erfolgreichen ersten Phase wird das F\u00f6rderprogramm f\u00fcr nachhaltige Beleuchtung effeSTRADA+ ab 16. Januar 2017 fortgesetzt.","articlekey":"","footnotes":""},"categories":[1],"tags":[797,1020,1203],"class_list":["post-9981","post","type-post","status-publish","format-standard","has-post-thumbnail","hentry","category-allgemein","tag-beleuchtung","tag-effestrada","tag-foederprogramm"],"acf":[],"yoast_head":"<!-- This site is optimized with the Yoast SEO plugin v27.5 - https:\/\/yoast.com\/product\/yoast-seo-wordpress\/ -->\n<title>Erffiziente LED-Strassenbeleuchtung: effeSTRADA+ wird verl\u00e4ngert - Organisator<\/title>\n<meta name=\"description\" content=\"Nach der erfolgreichen ersten Phase wird das F\u00f6rderprogramm f\u00fcr nachhaltige Beleuchtung effeSTRADA+ ab 16. Januar 2017 fortgesetzt.\" \/>\n<meta name=\"robots\" content=\"index, follow, max-snippet:-1, max-image-preview:large, max-video-preview:-1\" \/>\n<link rel=\"canonical\" href=\"https:\/\/www.organisator.ch\/fr\/general\/2016-12-03\/erffiziente-led-strassenbeleuchtung-effestrada-wird-verlaengert\/\" \/>\n<meta property=\"og:locale\" content=\"fr_FR\" \/>\n<meta property=\"og:type\" content=\"article\" \/>\n<meta property=\"og:title\" content=\"Erffiziente LED-Strassenbeleuchtung: effeSTRADA+ wird verl\u00e4ngert - Organisator\" \/>\n<meta property=\"og:description\" content=\"Nach der erfolgreichen ersten Phase wird das F\u00f6rderprogramm f\u00fcr nachhaltige Beleuchtung effeSTRADA+ ab 16. Januar 2017 fortgesetzt.\" \/>\n<meta property=\"og:url\" content=\"https:\/\/www.organisator.ch\/fr\/general\/2016-12-03\/erffiziente-led-strassenbeleuchtung-effestrada-wird-verlaengert\/\" \/>\n<meta property=\"og:site_name\" content=\"Organisator\" \/>\n<meta property=\"article:publisher\" content=\"https:\/\/www.facebook.com\/OrganisatorFachmagazin\" \/>\n<meta property=\"article:published_time\" content=\"2016-12-03T15:49:31+00:00\" \/>\n<meta property=\"og:image\" content=\"https:\/\/www.organisator.ch\/wp-content\/uploads\/2016\/12\/Erffiziente-LED-Strassenbeleuchtung-effeSTRADA-wird-verlaengert-umweltperspektiven-scaled.jpg\" \/>\n\t<meta property=\"og:image:width\" content=\"2560\" \/>\n\t<meta property=\"og:image:height\" content=\"1784\" \/>\n\t<meta property=\"og:image:type\" content=\"image\/jpeg\" \/>\n<meta name=\"author\" content=\"admin\" \/>\n<meta name=\"twitter:card\" content=\"summary_large_image\" \/>\n<script type=\"application\/ld+json\" class=\"yoast-schema-graph\">{\"@context\":\"https:\\\/\\\/schema.org\",\"@graph\":[{\"@type\":\"Article\",\"@id\":\"https:\\\/\\\/www.organisator.ch\\\/de\\\/allgemein\\\/2016-12-03\\\/erffiziente-led-strassenbeleuchtung-effestrada-wird-verlaengert\\\/#article\",\"isPartOf\":{\"@id\":\"https:\\\/\\\/www.organisator.ch\\\/de\\\/allgemein\\\/2016-12-03\\\/erffiziente-led-strassenbeleuchtung-effestrada-wird-verlaengert\\\/\"},\"author\":{\"name\":\"admin\",\"@id\":\"https:\\\/\\\/www.organisator.ch\\\/#\\\/schema\\\/person\\\/aa2bace6c5c5aad60102004a50c4eb1c\"},\"headline\":\"Erffiziente LED-Strassenbeleuchtung: effeSTRADA+ wird verl\u00e4ngert\",\"datePublished\":\"2016-12-03T15:49:31+00:00\",\"mainEntityOfPage\":{\"@id\":\"https:\\\/\\\/www.organisator.ch\\\/de\\\/allgemein\\\/2016-12-03\\\/erffiziente-led-strassenbeleuchtung-effestrada-wird-verlaengert\\\/\"},\"wordCount\":364,\"commentCount\":0,\"publisher\":{\"@id\":\"https:\\\/\\\/www.organisator.ch\\\/#organization\"},\"image\":{\"@id\":\"https:\\\/\\\/www.organisator.ch\\\/de\\\/allgemein\\\/2016-12-03\\\/erffiziente-led-strassenbeleuchtung-effestrada-wird-verlaengert\\\/#primaryimage\"},\"thumbnailUrl\":\"https:\\\/\\\/www.organisator.ch\\\/wp-content\\\/uploads\\\/2016\\\/12\\\/Erffiziente-LED-Strassenbeleuchtung-effeSTRADA-wird-verlaengert-umweltperspektiven-scaled.jpg\",\"keywords\":[\"Beleuchtung\",\"effestrada+\",\"F\u00f6derprogramm\"],\"articleSection\":[\"Allgemein\"],\"inLanguage\":\"fr-FR\"},{\"@type\":\"WebPage\",\"@id\":\"https:\\\/\\\/www.organisator.ch\\\/de\\\/allgemein\\\/2016-12-03\\\/erffiziente-led-strassenbeleuchtung-effestrada-wird-verlaengert\\\/\",\"url\":\"https:\\\/\\\/www.organisator.ch\\\/de\\\/allgemein\\\/2016-12-03\\\/erffiziente-led-strassenbeleuchtung-effestrada-wird-verlaengert\\\/\",\"name\":\"Erffiziente LED-Strassenbeleuchtung: effeSTRADA+ wird verl\u00e4ngert - Organisator\",\"isPartOf\":{\"@id\":\"https:\\\/\\\/www.organisator.ch\\\/#website\"},\"primaryImageOfPage\":{\"@id\":\"https:\\\/\\\/www.organisator.ch\\\/de\\\/allgemein\\\/2016-12-03\\\/erffiziente-led-strassenbeleuchtung-effestrada-wird-verlaengert\\\/#primaryimage\"},\"image\":{\"@id\":\"https:\\\/\\\/www.organisator.ch\\\/de\\\/allgemein\\\/2016-12-03\\\/erffiziente-led-strassenbeleuchtung-effestrada-wird-verlaengert\\\/#primaryimage\"},\"thumbnailUrl\":\"https:\\\/\\\/www.organisator.ch\\\/wp-content\\\/uploads\\\/2016\\\/12\\\/Erffiziente-LED-Strassenbeleuchtung-effeSTRADA-wird-verlaengert-umweltperspektiven-scaled.jpg\",\"datePublished\":\"2016-12-03T15:49:31+00:00\",\"description\":\"Nach der erfolgreichen ersten Phase wird das F\u00f6rderprogramm f\u00fcr nachhaltige Beleuchtung effeSTRADA+ ab 16. Januar 2017 fortgesetzt.\",\"breadcrumb\":{\"@id\":\"https:\\\/\\\/www.organisator.ch\\\/de\\\/allgemein\\\/2016-12-03\\\/erffiziente-led-strassenbeleuchtung-effestrada-wird-verlaengert\\\/#breadcrumb\"},\"inLanguage\":\"fr-FR\",\"potentialAction\":[{\"@type\":\"ReadAction\",\"target\":[\"https:\\\/\\\/www.organisator.ch\\\/de\\\/allgemein\\\/2016-12-03\\\/erffiziente-led-strassenbeleuchtung-effestrada-wird-verlaengert\\\/\"]}]},{\"@type\":\"ImageObject\",\"inLanguage\":\"fr-FR\",\"@id\":\"https:\\\/\\\/www.organisator.ch\\\/de\\\/allgemein\\\/2016-12-03\\\/erffiziente-led-strassenbeleuchtung-effestrada-wird-verlaengert\\\/#primaryimage\",\"url\":\"https:\\\/\\\/www.organisator.ch\\\/wp-content\\\/uploads\\\/2016\\\/12\\\/Erffiziente-LED-Strassenbeleuchtung-effeSTRADA-wird-verlaengert-umweltperspektiven-scaled.jpg\",\"contentUrl\":\"https:\\\/\\\/www.organisator.ch\\\/wp-content\\\/uploads\\\/2016\\\/12\\\/Erffiziente-LED-Strassenbeleuchtung-effeSTRADA-wird-verlaengert-umweltperspektiven-scaled.jpg\",\"width\":2560,\"height\":1784,\"caption\":\"effeSTRADA will energieeffiziente Beleuchtungen im \u00f6ffentlichen Raum f\u00f6rdern.\"},{\"@type\":\"BreadcrumbList\",\"@id\":\"https:\\\/\\\/www.organisator.ch\\\/de\\\/allgemein\\\/2016-12-03\\\/erffiziente-led-strassenbeleuchtung-effestrada-wird-verlaengert\\\/#breadcrumb\",\"itemListElement\":[{\"@type\":\"ListItem\",\"position\":1,\"name\":\"Home\",\"item\":\"https:\\\/\\\/www.organisator.ch\\\/\"},{\"@type\":\"ListItem\",\"position\":2,\"name\":\"Erffiziente LED-Strassenbeleuchtung: effeSTRADA+ wird verl\u00e4ngert\"}]},{\"@type\":\"WebSite\",\"@id\":\"https:\\\/\\\/www.organisator.ch\\\/#website\",\"url\":\"https:\\\/\\\/www.organisator.ch\\\/\",\"name\":\"Organisator\",\"description\":\"Kompetent. Praxisnah. Der ORGANISATOR bereitet in 10 Ausgaben pro Jahr die wesentlichen Themen f\u00fcr F\u00fchrungskr\u00e4fte von KMU auf.\",\"publisher\":{\"@id\":\"https:\\\/\\\/www.organisator.ch\\\/#organization\"},\"potentialAction\":[{\"@type\":\"SearchAction\",\"target\":{\"@type\":\"EntryPoint\",\"urlTemplate\":\"https:\\\/\\\/www.organisator.ch\\\/?s={search_term_string}\"},\"query-input\":{\"@type\":\"PropertyValueSpecification\",\"valueRequired\":true,\"valueName\":\"search_term_string\"}}],\"inLanguage\":\"fr-FR\"},{\"@type\":\"Organization\",\"@id\":\"https:\\\/\\\/www.organisator.ch\\\/#organization\",\"name\":\"Organisator\",\"url\":\"https:\\\/\\\/www.organisator.ch\\\/\",\"logo\":{\"@type\":\"ImageObject\",\"inLanguage\":\"fr-FR\",\"@id\":\"https:\\\/\\\/www.organisator.ch\\\/#\\\/schema\\\/logo\\\/image\\\/\",\"url\":\"https:\\\/\\\/www.organisator.ch\\\/wp-content\\\/uploads\\\/2022\\\/01\\\/Logo_Organisator_Website.png\",\"contentUrl\":\"https:\\\/\\\/www.organisator.ch\\\/wp-content\\\/uploads\\\/2022\\\/01\\\/Logo_Organisator_Website.png\",\"width\":800,\"height\":77,\"caption\":\"Organisator\"},\"image\":{\"@id\":\"https:\\\/\\\/www.organisator.ch\\\/#\\\/schema\\\/logo\\\/image\\\/\"},\"sameAs\":[\"https:\\\/\\\/www.facebook.com\\\/OrganisatorFachmagazin\",\"https:\\\/\\\/www.linkedin.com\\\/showcase\\\/organisator-das-magazin-fr-kmu\",\"https:\\\/\\\/www.xing.com\\\/news\\\/pages\\\/organisator-ch-695\",\"https:\\\/\\\/www.youtube.com\\\/channel\\\/UCGP2Sq0iWaZwT3BdIAQFYpw\"]},{\"@type\":\"Person\",\"@id\":\"https:\\\/\\\/www.organisator.ch\\\/#\\\/schema\\\/person\\\/aa2bace6c5c5aad60102004a50c4eb1c\",\"name\":\"admin\",\"image\":{\"@type\":\"ImageObject\",\"inLanguage\":\"fr-FR\",\"@id\":\"https:\\\/\\\/secure.gravatar.com\\\/avatar\\\/ae2f4d718e6c49043e314ce431e7e645d646302a24a5ef5a8bc8e3f5a032e319?s=96&d=mm&r=g\",\"url\":\"https:\\\/\\\/secure.gravatar.com\\\/avatar\\\/ae2f4d718e6c49043e314ce431e7e645d646302a24a5ef5a8bc8e3f5a032e319?s=96&d=mm&r=g\",\"contentUrl\":\"https:\\\/\\\/secure.gravatar.com\\\/avatar\\\/ae2f4d718e6c49043e314ce431e7e645d646302a24a5ef5a8bc8e3f5a032e319?s=96&d=mm&r=g\",\"caption\":\"admin\"},\"sameAs\":[\"https:\\\/\\\/www.organisator.ch\"],\"url\":\"https:\\\/\\\/www.organisator.ch\\\/fr\\\/author\\\/admin\\\/\"}]}<\/script>\n<!-- \/ Yoast SEO plugin. -->","yoast_head_json":{"title":"Eclairage public \u00e0 LED efficace : effeSTRADA+ est prolong\u00e9 - Organisateur","description":"Apr\u00e8s le succ\u00e8s de la premi\u00e8re phase, le programme de promotion de l'\u00e9clairage durable effeSTRADA+ sera reconduit \u00e0 partir du 16 janvier 2017.","robots":{"index":"index","follow":"follow","max-snippet":"max-snippet:-1","max-image-preview":"max-image-preview:large","max-video-preview":"max-video-preview:-1"},"canonical":"https:\/\/www.organisator.ch\/fr\/general\/2016-12-03\/erffiziente-led-strassenbeleuchtung-effestrada-wird-verlaengert\/","og_locale":"fr_FR","og_type":"article","og_title":"Erffiziente LED-Strassenbeleuchtung: effeSTRADA+ wird verl\u00e4ngert - Organisator","og_description":"Nach der erfolgreichen ersten Phase wird das F\u00f6rderprogramm f\u00fcr nachhaltige Beleuchtung effeSTRADA+ ab 16. Januar 2017 fortgesetzt.","og_url":"https:\/\/www.organisator.ch\/fr\/general\/2016-12-03\/erffiziente-led-strassenbeleuchtung-effestrada-wird-verlaengert\/","og_site_name":"Organisator","article_publisher":"https:\/\/www.facebook.com\/OrganisatorFachmagazin","article_published_time":"2016-12-03T15:49:31+00:00","og_image":[{"width":2560,"height":1784,"url":"https:\/\/www.organisator.ch\/wp-content\/uploads\/2016\/12\/Erffiziente-LED-Strassenbeleuchtung-effeSTRADA-wird-verlaengert-umweltperspektiven-scaled.jpg","type":"image\/jpeg"}],"author":"admin","twitter_card":"summary_large_image","schema":{"@context":"https:\/\/schema.org","@graph":[{"@type":"Article","@id":"https:\/\/www.organisator.ch\/de\/allgemein\/2016-12-03\/erffiziente-led-strassenbeleuchtung-effestrada-wird-verlaengert\/#article","isPartOf":{"@id":"https:\/\/www.organisator.ch\/de\/allgemein\/2016-12-03\/erffiziente-led-strassenbeleuchtung-effestrada-wird-verlaengert\/"},"author":{"name":"admin","@id":"https:\/\/www.organisator.ch\/#\/schema\/person\/aa2bace6c5c5aad60102004a50c4eb1c"},"headline":"Erffiziente LED-Strassenbeleuchtung: effeSTRADA+ wird verl\u00e4ngert","datePublished":"2016-12-03T15:49:31+00:00","mainEntityOfPage":{"@id":"https:\/\/www.organisator.ch\/de\/allgemein\/2016-12-03\/erffiziente-led-strassenbeleuchtung-effestrada-wird-verlaengert\/"},"wordCount":364,"commentCount":0,"publisher":{"@id":"https:\/\/www.organisator.ch\/#organization"},"image":{"@id":"https:\/\/www.organisator.ch\/de\/allgemein\/2016-12-03\/erffiziente-led-strassenbeleuchtung-effestrada-wird-verlaengert\/#primaryimage"},"thumbnailUrl":"https:\/\/www.organisator.ch\/wp-content\/uploads\/2016\/12\/Erffiziente-LED-Strassenbeleuchtung-effeSTRADA-wird-verlaengert-umweltperspektiven-scaled.jpg","keywords":["Beleuchtung","effestrada+","F\u00f6derprogramm"],"articleSection":["Allgemein"],"inLanguage":"fr-FR"},{"@type":"WebPage","@id":"https:\/\/www.organisator.ch\/de\/allgemein\/2016-12-03\/erffiziente-led-strassenbeleuchtung-effestrada-wird-verlaengert\/","url":"https:\/\/www.organisator.ch\/de\/allgemein\/2016-12-03\/erffiziente-led-strassenbeleuchtung-effestrada-wird-verlaengert\/","name":"Eclairage public \u00e0 LED efficace : effeSTRADA+ est prolong\u00e9 - Organisateur","isPartOf":{"@id":"https:\/\/www.organisator.ch\/#website"},"primaryImageOfPage":{"@id":"https:\/\/www.organisator.ch\/de\/allgemein\/2016-12-03\/erffiziente-led-strassenbeleuchtung-effestrada-wird-verlaengert\/#primaryimage"},"image":{"@id":"https:\/\/www.organisator.ch\/de\/allgemein\/2016-12-03\/erffiziente-led-strassenbeleuchtung-effestrada-wird-verlaengert\/#primaryimage"},"thumbnailUrl":"https:\/\/www.organisator.ch\/wp-content\/uploads\/2016\/12\/Erffiziente-LED-Strassenbeleuchtung-effeSTRADA-wird-verlaengert-umweltperspektiven-scaled.jpg","datePublished":"2016-12-03T15:49:31+00:00","description":"Apr\u00e8s le succ\u00e8s de la premi\u00e8re phase, le programme de promotion de l'\u00e9clairage durable effeSTRADA+ sera reconduit \u00e0 partir du 16 janvier 2017.","breadcrumb":{"@id":"https:\/\/www.organisator.ch\/de\/allgemein\/2016-12-03\/erffiziente-led-strassenbeleuchtung-effestrada-wird-verlaengert\/#breadcrumb"},"inLanguage":"fr-FR","potentialAction":[{"@type":"ReadAction","target":["https:\/\/www.organisator.ch\/de\/allgemein\/2016-12-03\/erffiziente-led-strassenbeleuchtung-effestrada-wird-verlaengert\/"]}]},{"@type":"ImageObject","inLanguage":"fr-FR","@id":"https:\/\/www.organisator.ch\/de\/allgemein\/2016-12-03\/erffiziente-led-strassenbeleuchtung-effestrada-wird-verlaengert\/#primaryimage","url":"https:\/\/www.organisator.ch\/wp-content\/uploads\/2016\/12\/Erffiziente-LED-Strassenbeleuchtung-effeSTRADA-wird-verlaengert-umweltperspektiven-scaled.jpg","contentUrl":"https:\/\/www.organisator.ch\/wp-content\/uploads\/2016\/12\/Erffiziente-LED-Strassenbeleuchtung-effeSTRADA-wird-verlaengert-umweltperspektiven-scaled.jpg","width":2560,"height":1784,"caption":"effeSTRADA will energieeffiziente Beleuchtungen im \u00f6ffentlichen Raum f\u00f6rdern."},{"@type":"BreadcrumbList","@id":"https:\/\/www.organisator.ch\/de\/allgemein\/2016-12-03\/erffiziente-led-strassenbeleuchtung-effestrada-wird-verlaengert\/#breadcrumb","itemListElement":[{"@type":"ListItem","position":1,"name":"Home","item":"https:\/\/www.organisator.ch\/"},{"@type":"ListItem","position":2,"name":"Erffiziente LED-Strassenbeleuchtung: effeSTRADA+ wird verl\u00e4ngert"}]},{"@type":"WebSite","@id":"https:\/\/www.organisator.ch\/#website","url":"https:\/\/www.organisator.ch\/","name":"Organisateur","description":"Comp\u00e9tence et comp\u00e9tence. Proches de la pratique. L'ORGANISATEUR pr\u00e9pare 10 num\u00e9ros par an sur les th\u00e8mes essentiels pour les dirigeants de PME.","publisher":{"@id":"https:\/\/www.organisator.ch\/#organization"},"potentialAction":[{"@type":"SearchAction","target":{"@type":"EntryPoint","urlTemplate":"https:\/\/www.organisator.ch\/?s={search_term_string}"},"query-input":{"@type":"PropertyValueSpecification","valueRequired":true,"valueName":"search_term_string"}}],"inLanguage":"fr-FR"},{"@type":"Organization","@id":"https:\/\/www.organisator.ch\/#organization","name":"Organisateur","url":"https:\/\/www.organisator.ch\/","logo":{"@type":"ImageObject","inLanguage":"fr-FR","@id":"https:\/\/www.organisator.ch\/#\/schema\/logo\/image\/","url":"https:\/\/www.organisator.ch\/wp-content\/uploads\/2022\/01\/Logo_Organisator_Website.png","contentUrl":"https:\/\/www.organisator.ch\/wp-content\/uploads\/2022\/01\/Logo_Organisator_Website.png","width":800,"height":77,"caption":"Organisator"},"image":{"@id":"https:\/\/www.organisator.ch\/#\/schema\/logo\/image\/"},"sameAs":["https:\/\/www.facebook.com\/OrganisatorFachmagazin","https:\/\/www.linkedin.com\/showcase\/organisator-das-magazin-fr-kmu","https:\/\/www.xing.com\/news\/pages\/organisator-ch-695","https:\/\/www.youtube.com\/channel\/UCGP2Sq0iWaZwT3BdIAQFYpw"]},{"@type":"Person","@id":"https:\/\/www.organisator.ch\/#\/schema\/person\/aa2bace6c5c5aad60102004a50c4eb1c","name":"admin","image":{"@type":"ImageObject","inLanguage":"fr-FR","@id":"https:\/\/secure.gravatar.com\/avatar\/ae2f4d718e6c49043e314ce431e7e645d646302a24a5ef5a8bc8e3f5a032e319?s=96&d=mm&r=g","url":"https:\/\/secure.gravatar.com\/avatar\/ae2f4d718e6c49043e314ce431e7e645d646302a24a5ef5a8bc8e3f5a032e319?s=96&d=mm&r=g","contentUrl":"https:\/\/secure.gravatar.com\/avatar\/ae2f4d718e6c49043e314ce431e7e645d646302a24a5ef5a8bc8e3f5a032e319?s=96&d=mm&r=g","caption":"admin"},"sameAs":["https:\/\/www.organisator.ch"],"url":"https:\/\/www.organisator.ch\/fr\/author\/admin\/"}]}},"_links":{"self":[{"href":"https:\/\/www.organisator.ch\/fr\/wp-json\/wp\/v2\/posts\/9981","targetHints":{"allow":["GET"]}}],"collection":[{"href":"https:\/\/www.organisator.ch\/fr\/wp-json\/wp\/v2\/posts"}],"about":[{"href":"https:\/\/www.organisator.ch\/fr\/wp-json\/wp\/v2\/types\/post"}],"author":[{"embeddable":true,"href":"https:\/\/www.organisator.ch\/fr\/wp-json\/wp\/v2\/users\/1"}],"replies":[{"embeddable":true,"href":"https:\/\/www.organisator.ch\/fr\/wp-json\/wp\/v2\/comments?post=9981"}],"version-history":[{"count":0,"href":"https:\/\/www.organisator.ch\/fr\/wp-json\/wp\/v2\/posts\/9981\/revisions"}],"wp:featuredmedia":[{"embeddable":true,"href":"https:\/\/www.organisator.ch\/fr\/wp-json\/wp\/v2\/media\/9436"}],"wp:attachment":[{"href":"https:\/\/www.organisator.ch\/fr\/wp-json\/wp\/v2\/media?parent=9981"}],"wp:term":[{"taxonomy":"category","embeddable":true,"href":"https:\/\/www.organisator.ch\/fr\/wp-json\/wp\/v2\/categories?post=9981"},{"taxonomy":"post_tag","embeddable":true,"href":"https:\/\/www.organisator.ch\/fr\/wp-json\/wp\/v2\/tags?post=9981"}],"curies":[{"name":"wp","href":"https:\/\/api.w.org\/{rel}","templated":true}]}}